{"id":4286,"date":"2023-11-21T08:07:23","date_gmt":"2023-11-21T11:07:23","guid":{"rendered":"https:\/\/ismaelcolosi.com.br\/index.php\/2023\/11\/21\/prefeitura-de-aldeias-ma-tem-concurso-publico-com-salarios-de-ate-r-5-mil\/"},"modified":"2023-11-21T08:07:23","modified_gmt":"2023-11-21T11:07:23","slug":"prefeitura-de-aldeias-ma-tem-concurso-publico-com-salarios-de-ate-r-5-mil","status":"publish","type":"post","link":"https:\/\/ismaelcolosi.com.br\/index.php\/2023\/11\/21\/prefeitura-de-aldeias-ma-tem-concurso-publico-com-salarios-de-ate-r-5-mil\/","title":{"rendered":"Prefeitura de Aldeias (MA) tem concurso p\u00fablico com sal\u00e1rios de at\u00e9 R$ 5 mil"},"content":{"rendered":"<p> <br \/>\n<\/p>\n<div>\n<div id=\"attachment_2311867\" class=\"wp-caption alignnone\">\n<div class=\"d-flex justify-content-center\" data-attachment-id=\"2311867\">\n<div class=\"position-relative d-inline-block\"><img data-recalc-dims=\"1\" data-portal-copyright=\"IStock\" decoding=\"async\" fetchpriority=\"high\" class=\"size-medium wp-image-2311867\" src=\"https:\/\/i0.wp.com\/catracalivre.com.br\/wp-content\/uploads\/2023\/11\/istock-1397018507-450x300.jpg?resize=450%2C300&#038;ssl=1\" alt=\"Concurso P\u00fablico Prefeitura de Aldeias\" width=\"450\" height=\"300\" srcset=\"https:\/\/catracalivre.com.br\/wp-content\/uploads\/2023\/11\/istock-1397018507-450x300.jpg 450w, https:\/\/catracalivre.com.br\/wp-content\/uploads\/2023\/11\/istock-1397018507-910x607.jpg 910w, https:\/\/catracalivre.com.br\/wp-content\/uploads\/2023\/11\/istock-1397018507-768x512.jpg 768w, https:\/\/catracalivre.com.br\/wp-content\/uploads\/2023\/11\/istock-1397018507.jpg 1254w\" sizes=\"(max-width: 450px) 100vw, 450px\"\/><\/p>\n<p>Cr\u00e9ditos: IStock<\/p>\n<\/div>\n<\/div>\n<p><span class=\"post-imagem__legenda\">Concurso P\u00fablico Prefeitura de Aldeias<\/span><\/p>\n<\/div>\n<p>A Prefeitura de Aldeias Altas, no estado do\u00a0Maranh\u00e3o, anuncia edital de n\u00ba 01\/2023 para <a href=\"https:\/\/catracalivre.com.br\/carreira\/concursos-publicos-com-inscricoes-abertas-em-5-estados\/\">concurso<\/a> p\u00fablico, que visa o preenchimento de\u00a0139 vagas\u00a0imediatas, que incluem oportunidades reservadas a candidatos portadores de defici\u00eancia e afrodescendentes.<\/p>\n<p>Os cargos oferecidos em <a href=\"https:\/\/catracalivre.com.br\/cidadania\/governo-federal-anuncia-primeiros-concursos-publicos-do-ano\/\">concurso<\/a> p\u00fablico s\u00e3o destinados a profissionais de n\u00edveis fundamental, superior, m\u00e9dio e m\u00e9dio\/t\u00e9cnico. Al\u00e9m das vagas imediatas, haver\u00e1 forma\u00e7\u00e3o de cadastro reserva.<\/p>\n<p>Aqueles que forem contratados ter\u00e3o remunera\u00e7\u00e3o que varia de\u00a0R$ 1.320,00 a R$ 5.000,00\u00a0para trabalhar em jornadas de at\u00e9 40 horas por semana.<\/p>\n<h2>As oportunidades s\u00e3o distribu\u00eddas entre os seguintes cargos:<\/h2>\n<p>Assistente Social:\u00a0n\u00edvel superior;<\/p>\n<p>Bibliotec\u00e1rio:\u00a0n\u00edvel superior;<\/p>\n<p>Cirurgi\u00e3o-dentista:\u00a0n\u00edvel superior;<\/p>\n<p>Coordenador Pedag\u00f3gico:\u00a0n\u00edvel superior;<\/p>\n<p>Cuidador Especial:\u00a0n\u00edvel m\u00e9dio;<\/p>\n<p>Educador F\u00edsico:\u00a0n\u00edvel superior;<\/p>\n<p>Enfermeiro:\u00a0n\u00edvel superior;<\/p>\n<p>Farmac\u00eautico:\u00a0n\u00edvel superior;<\/p>\n<p>Fisioterapeuta:\u00a0n\u00edvel superior;<\/p>\n<p>Fonoaudi\u00f3logo:\u00a0n\u00edvel superior;<\/p>\n<p>Int\u00e9rprete de Libras \u2013 L\u00edngua Brasileira de Sinais:\u00a0n\u00edvel superior;<\/p>\n<p>Motorista Categoria D:\u00a0n\u00edvel fundamental;<\/p>\n<p>Neuropsicopedagogo:\u00a0n\u00edvel superior;<\/p>\n<p>Nutricionista:\u00a0n\u00edvel superior;<\/p>\n<p>Professor de AEE \u2013 Atendimento Educacional Especializado:\u00a0n\u00edvel superior;<\/p>\n<p>Professor de Braille:\u00a0n\u00edvel superior;<\/p>\n<p>Professor de Libras:\u00a0n\u00edvel superior;<\/p>\n<p>Professor Ensino Fundamental \u2013 Anos Finais \u2013 Ingl\u00eas:\u00a0n\u00edvel superior;<\/p>\n<p>Professor Ensino Fundamental \u2013 Educa\u00e7\u00e3o F\u00edsica:\u00a0n\u00edvel superior;<\/p>\n<p>Professor Pedagogo (Polivalente) \u2013 Anos Iniciais:\u00a0n\u00edvel superior;<\/p>\n<p>Professor Pedagogo (Polivalente) \u2013 Educa\u00e7\u00e3o Infantil:\u00a0n\u00edvel superior;<\/p>\n<p>Professor Ensino Fundamental \u2013 Anos Finais Ci\u00eancias:\u00a0n\u00edvel superior;<\/p>\n<p>Professor Ensino Fundamental \u2013 Anos Finais Geografia:\u00a0n\u00edvel superior;<\/p>\n<p>Professor Ensino Fundamental \u2013 Anos Finais Hist\u00f3ria:\u00a0n\u00edvel superior;<\/p>\n<p>Professor Ensino Fundamental \u2013 Anos Finais L\u00edngua Portuguesa:\u00a0n\u00edvel superior;<\/p>\n<p>Professor Ensino Fundamental \u2013 Anos Finais Matem\u00e1tica:\u00a0n\u00edvel superior;<\/p>\n<p>Psic\u00f3logo:\u00a0n\u00edvel superior;<\/p>\n<p>Psicopedagogo:\u00a0n\u00edvel superior;<\/p>\n<p>T\u00e9cnico em Enfermagem:\u00a0n\u00edvel m\u00e9dio\/t\u00e9cnico;<\/p>\n<p>T\u00e9cnico de Radiologia:\u00a0n\u00edvel m\u00e9dio\/t\u00e9cnico;<\/p>\n<p>Guarda Civil: n\u00edvel m\u00e9dio.<\/p>\n<p>As inscri\u00e7\u00f5es devem ser realizadas atrav\u00e9s do <a href=\"https:\/\/concursando.idib.org.br\/informacoes\/10\/\">site<\/a> oficial at\u00e9 dia 27 de novembro de 2023. A taxa tem o valor de: R$ 80,00\u00a0para disputar uma ocupa\u00e7\u00e3o de n\u00edvel fundamental; R$ 110,00\u00a0para disputar uma ocupa\u00e7\u00e3o de n\u00edvel m\u00e9dio; R$ 115,00\u00a0para disputar uma ocupa\u00e7\u00e3o de n\u00edvel m\u00e9dio\/t\u00e9cnico; R$ 150,00\u00a0para disputar uma ocupa\u00e7\u00e3o de n\u00edvel superior.<\/p>\n<div class=\"partner d-flex rounded shadow-sm p-2 mb-3 align-items-center\" id=\"partner\" data-print=\"ignore\">\n<div class=\"image mr-2\">\n<img data-recalc-dims=\"1\" src=\"https:\/\/i0.wp.com\/robohash.org\/b730afd4cf5c5d237c7f93163ed023b6.png?resize=110%2C110&#038;ssl=1\" width=\"110\" height=\"110\" title=\"Thatyana Costa\" loading=\"lazy\" decoding=\"async\" class=\"rounded-circle\"\/>\n<\/div>\n<\/div>\n<\/div>\n<p><script>\n\t\t! function(f, b, e, v, n, t, s) {\n\t\t\tif (f.fbq) return;\n\t\t\tn = f.fbq = function() {\n\t\t\t\tn.callMethod ?\n\t\t\t\t\tn.callMethod.apply(n, arguments) : n.queue.push(arguments)\n\t\t\t};\n\t\t\tif (!f._fbq) f._fbq = n;\n\t\t\tn.push = n;\n\t\t\tn.loaded = !0;\n\t\t\tn.version = '2.0';\n\t\t\tn.queue = [];\n\t\t\tt = b.createElement(e);\n\t\t\tt.async = !0;\n\t\t\tt.src = v;\n\t\t\ts = b.getElementsByTagName(e)[0];\n\t\t\ts.parentNode.insertBefore(t, s)\n\t\t}(window, document, 'script',\n\t\t\t'https:\/\/connect.facebook.net\/en_US\/fbevents.js');\n\t\tfbq('init', '338315473262380');\n\t\tfbq('track', 'PageView');\n\t<\/script><br \/>\n<br \/><br \/>\n<br \/><a href=\"https:\/\/catracalivre.com.br\/educacao\/prefeitura-de-aldeias-tem-concurso-publico-com-salarios-de-ate-r-5-mil\/\">Source link <\/a><\/p>\n<div class='code-block code-block-4' style='margin: 8px auto 8px 0; text-align: left; display: block; clear: both;'>\n\ud83d\udce2 Aviso Legal\n\nO site ismaelcolosi.com.br atua apenas como um canal de divulga\u00e7\u00e3o de oportunidades de emprego e n\u00e3o se responsabiliza pelo processo seletivo, contrata\u00e7\u00e3o ou qualquer outra etapa relacionada \u00e0s vagas publicadas. Todas as informa\u00e7\u00f5es s\u00e3o de responsabilidade dos anunciantes.\n\n\u26a0\ufe0f Aten\u00e7\u00e3o! Nunca pague por promessas de emprego nem compre cursos que garantam contrata\u00e7\u00e3o. Desconfie de qualquer cobran\u00e7a para participar de sele\u00e7\u00f5es.\n\n\n\n<\/div>\n<!-- CONTENT END 1 -->\n","protected":false},"excerpt":{"rendered":"<p>Cr\u00e9ditos: IStock Concurso P\u00fablico Prefeitura de Aldeias A Prefeitura de Aldeias Altas, no estado do\u00a0Maranh\u00e3o, anuncia edital de n\u00ba 01\/2023 para concurso p\u00fablico, que visa&#8230;<\/p>\n","protected":false},"author":1,"featured_media":4287,"comment_status":"open","ping_status":"open","sticky":false,"template":"","format":"standard","meta":{"_uag_custom_page_level_css":"","advanced_seo_description":"","jetpack_seo_html_title":"","jetpack_seo_noindex":false,"jetpack_post_was_ever_published":false,"_jetpack_newsletter_access":"","_jetpack_dont_email_post_to_subs":false,"_jetpack_newsletter_tier_id":0,"_jetpack_memberships_contains_paywalled_content":false,"_jetpack_memberships_contains_paid_content":false,"footnotes":"","jetpack_publicize_message":"","jetpack_publicize_feature_enabled":true,"jetpack_social_post_already_shared":true,"jetpack_social_options":{"image_generator_settings":{"template":"highway","default_image_id":0,"font":"","enabled":false},"version":2}},"categories":[19],"tags":[],"class_list":["post-4286","post","type-post","status-publish","format-standard","has-post-thumbnail","hentry","category-variedades"],"jetpack_publicize_connections":[],"jetpack_featured_media_url":"https:\/\/i0.wp.com\/ismaelcolosi.com.br\/wp-content\/uploads\/2023\/11\/istock-1397018507.jpg?fit=1200%2C638&ssl=1","uagb_featured_image_src":{"full":["https:\/\/i0.wp.com\/ismaelcolosi.com.br\/wp-content\/uploads\/2023\/11\/istock-1397018507.jpg?fit=1200%2C638&ssl=1",1200,638,false],"thumbnail":["https:\/\/i0.wp.com\/ismaelcolosi.com.br\/wp-content\/uploads\/2023\/11\/istock-1397018507.jpg?resize=150%2C150&ssl=1",150,150,true],"medium":["https:\/\/i0.wp.com\/ismaelcolosi.com.br\/wp-content\/uploads\/2023\/11\/istock-1397018507.jpg?fit=300%2C160&ssl=1",300,160,true],"medium_large":["https:\/\/i0.wp.com\/ismaelcolosi.com.br\/wp-content\/uploads\/2023\/11\/istock-1397018507.jpg?fit=768%2C408&ssl=1",768,408,true],"large":["https:\/\/i0.wp.com\/ismaelcolosi.com.br\/wp-content\/uploads\/2023\/11\/istock-1397018507.jpg?fit=1024%2C544&ssl=1",1024,544,true],"1536x1536":["https:\/\/i0.wp.com\/ismaelcolosi.com.br\/wp-content\/uploads\/2023\/11\/istock-1397018507.jpg?fit=1200%2C638&ssl=1",1200,638,true],"2048x2048":["https:\/\/i0.wp.com\/ismaelcolosi.com.br\/wp-content\/uploads\/2023\/11\/istock-1397018507.jpg?fit=1200%2C638&ssl=1",1200,638,true],"really-simple-thumb":["https:\/\/i0.wp.com\/ismaelcolosi.com.br\/wp-content\/uploads\/2023\/11\/istock-1397018507.jpg?resize=370%2C247&ssl=1",370,247,true]},"uagb_author_info":{"display_name":"ismaelcolosi.com.br","author_link":"https:\/\/ismaelcolosi.com.br\/index.php\/author\/vidareal-online\/"},"uagb_comment_info":0,"uagb_excerpt":"Cr\u00e9ditos: IStock Concurso P\u00fablico Prefeitura de Aldeias A Prefeitura de Aldeias Altas, no estado do\u00a0Maranh\u00e3o, anuncia edital de n\u00ba 01\/2023 para concurso p\u00fablico, que visa...","jetpack-related-posts":[{"id":47299,"url":"https:\/\/ismaelcolosi.com.br\/index.php\/2024\/04\/25\/ribeirao-preto-tem-show-de-viola-caipira-gratuito-confira-a-programacao-do-sesi\/","url_meta":{"origin":4286,"position":0},"title":"Ribeir\u00e3o Preto tem show de viola caipira gratuito; Confira a programa\u00e7\u00e3o do Sesi","author":"ismaelcolosi.com.br","date":"25 de April de 2024","format":false,"excerpt":"Nesta sexta-feira (24), o Sesi Ribeir\u00e3o Preto recebe o show de viola caipira gratuito com o m\u00fasico Cl\u00e1udio Lacerda. Al\u00e9m disso, a programa\u00e7\u00e3o do Sesi no final de semana conta com exposi\u00e7\u00e3o de fotografias e feira para troca de livros. Show Olhos d\u2019\u00e1gua Cl\u00e1udio Lacerda se apresenta \u00e0s 20h com\u2026","rel":"","context":"In &quot;Not\u00edcias de Ribeir\u00e3o Preto-SP e Regi\u00e3o&quot;","block_context":{"text":"Not\u00edcias de Ribeir\u00e3o Preto-SP e Regi\u00e3o","link":"https:\/\/ismaelcolosi.com.br\/index.php\/category\/noticias-de-ribeirao-preto-sp-e-regiao-ismael-colosi\/"},"img":{"alt_text":"","src":"https:\/\/i0.wp.com\/ismaelcolosi.com.br\/wp-content\/uploads\/2024\/04\/Cl-udio-Lacerda-por-Aline-Grego_2024-04-24_13-20-57_jpg-scaled.webp.webp?fit=1200%2C803&ssl=1&resize=350%2C200","width":350,"height":200,"srcset":"https:\/\/i0.wp.com\/ismaelcolosi.com.br\/wp-content\/uploads\/2024\/04\/Cl-udio-Lacerda-por-Aline-Grego_2024-04-24_13-20-57_jpg-scaled.webp.webp?fit=1200%2C803&ssl=1&resize=350%2C200 1x, https:\/\/i0.wp.com\/ismaelcolosi.com.br\/wp-content\/uploads\/2024\/04\/Cl-udio-Lacerda-por-Aline-Grego_2024-04-24_13-20-57_jpg-scaled.webp.webp?fit=1200%2C803&ssl=1&resize=525%2C300 1.5x, https:\/\/i0.wp.com\/ismaelcolosi.com.br\/wp-content\/uploads\/2024\/04\/Cl-udio-Lacerda-por-Aline-Grego_2024-04-24_13-20-57_jpg-scaled.webp.webp?fit=1200%2C803&ssl=1&resize=700%2C400 2x, https:\/\/i0.wp.com\/ismaelcolosi.com.br\/wp-content\/uploads\/2024\/04\/Cl-udio-Lacerda-por-Aline-Grego_2024-04-24_13-20-57_jpg-scaled.webp.webp?fit=1200%2C803&ssl=1&resize=1050%2C600 3x"},"classes":[]},{"id":20855,"url":"https:\/\/ismaelcolosi.com.br\/index.php\/2023\/12\/26\/prefeitura-de-ribeirao-preto-abre-concurso-publico-veja-detalhes\/","url_meta":{"origin":4286,"position":1},"title":"Prefeitura de Ribeir\u00e3o Preto abre concurso p\u00fablico; Veja detalhes","author":"ismaelcolosi.com.br","date":"26 de December de 2023","format":false,"excerpt":"A Prefeitura de Ribeir\u00e3o Preto publicou edital abrindo concurso p\u00fablico para 12 vagas. Para ver o edital na \u00edntegra, clique aqui. As fun\u00e7\u00f5es em disputa s\u00e3o: motorista, radio-telefonista, auxiliar de sa\u00fade bucal, educador social e t\u00e9cnico em sa\u00fade bucal. Os sal\u00e1rios variam entre R$ 2.549,65 e R$ 3.555,42. Inscri\u00e7\u00f5es As\u2026","rel":"","context":"In &quot;Not\u00edcias de Ribeir\u00e3o Preto-SP e Regi\u00e3o&quot;","block_context":{"text":"Not\u00edcias de Ribeir\u00e3o Preto-SP e Regi\u00e3o","link":"https:\/\/ismaelcolosi.com.br\/index.php\/category\/noticias-de-ribeirao-preto-sp-e-regiao-ismael-colosi\/"},"img":{"alt_text":"","src":"https:\/\/i0.wp.com\/ismaelcolosi.com.br\/wp-content\/uploads\/2023\/12\/predio_novo_-_foto_guilherme_sircili_2.jpg?fit=1200%2C799&ssl=1&resize=350%2C200","width":350,"height":200,"srcset":"https:\/\/i0.wp.com\/ismaelcolosi.com.br\/wp-content\/uploads\/2023\/12\/predio_novo_-_foto_guilherme_sircili_2.jpg?fit=1200%2C799&ssl=1&resize=350%2C200 1x, https:\/\/i0.wp.com\/ismaelcolosi.com.br\/wp-content\/uploads\/2023\/12\/predio_novo_-_foto_guilherme_sircili_2.jpg?fit=1200%2C799&ssl=1&resize=525%2C300 1.5x, https:\/\/i0.wp.com\/ismaelcolosi.com.br\/wp-content\/uploads\/2023\/12\/predio_novo_-_foto_guilherme_sircili_2.jpg?fit=1200%2C799&ssl=1&resize=700%2C400 2x, https:\/\/i0.wp.com\/ismaelcolosi.com.br\/wp-content\/uploads\/2023\/12\/predio_novo_-_foto_guilherme_sircili_2.jpg?fit=1200%2C799&ssl=1&resize=1050%2C600 3x"},"classes":[]},{"id":4081,"url":"https:\/\/ismaelcolosi.com.br\/index.php\/2023\/11\/20\/prefeitura-de-juazeiro-do-norte-ce-oferece-260-vagas-em-concurso-publico\/","url_meta":{"origin":4286,"position":2},"title":"Prefeitura de Juazeiro do Norte (CE) oferece 260 vagas em concurso p\u00fablico","author":"ismaelcolosi.com.br","date":"20 de November de 2023","format":false,"excerpt":"Cr\u00e9ditos: IStockConcurso P\u00fablico Prefeitura de Juazeiro do Norte A Prefeitura de Juazeiro do Norte, estado do\u00a0Cear\u00e1, anuncia edital de concurso p\u00fablico, visando a reposi\u00e7\u00e3o de vagas no \u00e2mbito do Instituto de Dignidade e Desenvolvimento Social \u2013 (IDDS). Dessa vez, o processo seletivo tem um total de 260 vagas, com sal\u00e1rio\u2026","rel":"","context":"In &quot;Variedades&quot;","block_context":{"text":"Variedades","link":"https:\/\/ismaelcolosi.com.br\/index.php\/category\/variedades\/"},"img":{"alt_text":"","src":"https:\/\/i0.wp.com\/ismaelcolosi.com.br\/wp-content\/uploads\/2023\/11\/istock-1423281288.jpg?fit=1200%2C638&ssl=1&resize=350%2C200","width":350,"height":200,"srcset":"https:\/\/i0.wp.com\/ismaelcolosi.com.br\/wp-content\/uploads\/2023\/11\/istock-1423281288.jpg?fit=1200%2C638&ssl=1&resize=350%2C200 1x, https:\/\/i0.wp.com\/ismaelcolosi.com.br\/wp-content\/uploads\/2023\/11\/istock-1423281288.jpg?fit=1200%2C638&ssl=1&resize=525%2C300 1.5x, https:\/\/i0.wp.com\/ismaelcolosi.com.br\/wp-content\/uploads\/2023\/11\/istock-1423281288.jpg?fit=1200%2C638&ssl=1&resize=700%2C400 2x, https:\/\/i0.wp.com\/ismaelcolosi.com.br\/wp-content\/uploads\/2023\/11\/istock-1423281288.jpg?fit=1200%2C638&ssl=1&resize=1050%2C600 3x"},"classes":[]},{"id":10276,"url":"https:\/\/ismaelcolosi.com.br\/index.php\/2023\/12\/04\/concurso-publico-da-prefeitura-de-brasileira-pi-oferece-mais-de-90-vagas\/","url_meta":{"origin":4286,"position":3},"title":"Concurso p\u00fablico da Prefeitura de Brasileira (PI) oferece mais de 90 vagas","author":"ismaelcolosi.com.br","date":"4 de December de 2023","format":false,"excerpt":"Cr\u00e9ditos: IStockConcurso P\u00fablico da Prefeitura de Brasileira A Prefeitura de Brasileira, no estado do Piau\u00ed, anuncia edital de n\u00ba 001\/2023 para concurso p\u00fablico, que oferta 92 vagas para preenchimento. Sendo que 34 s\u00e3o vagas imediatas e 58 s\u00e3o cadastros de reserva. A remunera\u00e7\u00e3o inicial oferecida em concurso p\u00fablico est\u00e1 entre\u2026","rel":"","context":"In &quot;Variedades&quot;","block_context":{"text":"Variedades","link":"https:\/\/ismaelcolosi.com.br\/index.php\/category\/variedades\/"},"img":{"alt_text":"","src":"https:\/\/i0.wp.com\/ismaelcolosi.com.br\/wp-content\/uploads\/2023\/12\/istock-1278978402.jpg?fit=1200%2C638&ssl=1&resize=350%2C200","width":350,"height":200,"srcset":"https:\/\/i0.wp.com\/ismaelcolosi.com.br\/wp-content\/uploads\/2023\/12\/istock-1278978402.jpg?fit=1200%2C638&ssl=1&resize=350%2C200 1x, https:\/\/i0.wp.com\/ismaelcolosi.com.br\/wp-content\/uploads\/2023\/12\/istock-1278978402.jpg?fit=1200%2C638&ssl=1&resize=525%2C300 1.5x, https:\/\/i0.wp.com\/ismaelcolosi.com.br\/wp-content\/uploads\/2023\/12\/istock-1278978402.jpg?fit=1200%2C638&ssl=1&resize=700%2C400 2x, https:\/\/i0.wp.com\/ismaelcolosi.com.br\/wp-content\/uploads\/2023\/12\/istock-1278978402.jpg?fit=1200%2C638&ssl=1&resize=1050%2C600 3x"},"classes":[]},{"id":63536,"url":"https:\/\/ismaelcolosi.com.br\/index.php\/2024\/09\/02\/prefeitura-de-ribeirao-preto-abre-concurso-publico-com-salarios-de-r-7-mil\/","url_meta":{"origin":4286,"position":4},"title":"Prefeitura de Ribeir\u00e3o Preto abre concurso p\u00fablico com sal\u00e1rios de R$ 7 mil","author":"ismaelcolosi.com.br","date":"2 de September de 2024","format":false,"excerpt":"A Prefeitura de Ribeir\u00e3o Preto publicou edital de concurso p\u00fablico para o cargo de m\u00e9dico psiquiatra infantil. O concurso p\u00fablico tem uma vaga de ampla concorr\u00eancia e o sal\u00e1rio para o cargo \u00e9 de R$ 7.264,12, para 20 horas semanais. As inscri\u00e7\u00f5es devem ser realizadas no per\u00edodo entre 5 de\u2026","rel":"","context":"In &quot;Not\u00edcias de Ribeir\u00e3o Preto-SP e Regi\u00e3o&quot;","block_context":{"text":"Not\u00edcias de Ribeir\u00e3o Preto-SP e Regi\u00e3o","link":"https:\/\/ismaelcolosi.com.br\/index.php\/category\/noticias-de-ribeirao-preto-sp-e-regiao-ismael-colosi\/"},"img":{"alt_text":"","src":"https:\/\/i0.wp.com\/ismaelcolosi.com.br\/wp-content\/uploads\/2024\/09\/prova-concurso-publico-3.jpg?fit=1200%2C800&ssl=1&resize=350%2C200","width":350,"height":200,"srcset":"https:\/\/i0.wp.com\/ismaelcolosi.com.br\/wp-content\/uploads\/2024\/09\/prova-concurso-publico-3.jpg?fit=1200%2C800&ssl=1&resize=350%2C200 1x, https:\/\/i0.wp.com\/ismaelcolosi.com.br\/wp-content\/uploads\/2024\/09\/prova-concurso-publico-3.jpg?fit=1200%2C800&ssl=1&resize=525%2C300 1.5x, https:\/\/i0.wp.com\/ismaelcolosi.com.br\/wp-content\/uploads\/2024\/09\/prova-concurso-publico-3.jpg?fit=1200%2C800&ssl=1&resize=700%2C400 2x, https:\/\/i0.wp.com\/ismaelcolosi.com.br\/wp-content\/uploads\/2024\/09\/prova-concurso-publico-3.jpg?fit=1200%2C800&ssl=1&resize=1050%2C600 3x"},"classes":[]},{"id":25513,"url":"https:\/\/ismaelcolosi.com.br\/index.php\/2024\/01\/07\/prefeitura-de-ribeirao-preto-abre-inscricoes-para-concurso-publico-nesta-segunda\/","url_meta":{"origin":4286,"position":5},"title":"Prefeitura de Ribeir\u00e3o Preto abre inscri\u00e7\u00f5es para concurso p\u00fablico nesta segunda","author":"ismaelcolosi.com.br","date":"7 de January de 2024","format":false,"excerpt":"A Prefeitura de Ribeir\u00e3o Preto abre nesta segunda-feira (8) as inscri\u00e7\u00f5es do concurso p\u00fablico com vagas na Secretaria Municipal de \u00c1gua e Esgoto (Saerp). S\u00e3o 16 vagas abertas com cargos para n\u00edveis fundamental, m\u00e9dio, t\u00e9cnico e superior, com sal\u00e1rios iniciais variando entre R$ 2.250 e R$ 5.645. O edital foi\u2026","rel":"","context":"In &quot;Not\u00edcias de Ribeir\u00e3o Preto-SP e Regi\u00e3o&quot;","block_context":{"text":"Not\u00edcias de Ribeir\u00e3o Preto-SP e Regi\u00e3o","link":"https:\/\/ismaelcolosi.com.br\/index.php\/category\/noticias-de-ribeirao-preto-sp-e-regiao-ismael-colosi\/"},"img":{"alt_text":"","src":"https:\/\/i0.wp.com\/ismaelcolosi.com.br\/wp-content\/uploads\/2024\/01\/man-5710164_1280.jpg?fit=1200%2C800&ssl=1&resize=350%2C200","width":350,"height":200,"srcset":"https:\/\/i0.wp.com\/ismaelcolosi.com.br\/wp-content\/uploads\/2024\/01\/man-5710164_1280.jpg?fit=1200%2C800&ssl=1&resize=350%2C200 1x, https:\/\/i0.wp.com\/ismaelcolosi.com.br\/wp-content\/uploads\/2024\/01\/man-5710164_1280.jpg?fit=1200%2C800&ssl=1&resize=525%2C300 1.5x, https:\/\/i0.wp.com\/ismaelcolosi.com.br\/wp-content\/uploads\/2024\/01\/man-5710164_1280.jpg?fit=1200%2C800&ssl=1&resize=700%2C400 2x, https:\/\/i0.wp.com\/ismaelcolosi.com.br\/wp-content\/uploads\/2024\/01\/man-5710164_1280.jpg?fit=1200%2C800&ssl=1&resize=1050%2C600 3x"},"classes":[]}],"jetpack_sharing_enabled":true,"jetpack_shortlink":"https:\/\/wp.me\/pfMlyK-178","_links":{"self":[{"href":"https:\/\/ismaelcolosi.com.br\/index.php\/wp-json\/wp\/v2\/posts\/4286","targetHints":{"allow":["GET"]}}],"collection":[{"href":"https:\/\/ismaelcolosi.com.br\/index.php\/wp-json\/wp\/v2\/posts"}],"about":[{"href":"https:\/\/ismaelcolosi.com.br\/index.php\/wp-json\/wp\/v2\/types\/post"}],"author":[{"embeddable":true,"href":"https:\/\/ismaelcolosi.com.br\/index.php\/wp-json\/wp\/v2\/users\/1"}],"replies":[{"embeddable":true,"href":"https:\/\/ismaelcolosi.com.br\/index.php\/wp-json\/wp\/v2\/comments?post=4286"}],"version-history":[{"count":0,"href":"https:\/\/ismaelcolosi.com.br\/index.php\/wp-json\/wp\/v2\/posts\/4286\/revisions"}],"wp:featuredmedia":[{"embeddable":true,"href":"https:\/\/ismaelcolosi.com.br\/index.php\/wp-json\/wp\/v2\/media\/4287"}],"wp:attachment":[{"href":"https:\/\/ismaelcolosi.com.br\/index.php\/wp-json\/wp\/v2\/media?parent=4286"}],"wp:term":[{"taxonomy":"category","embeddable":true,"href":"https:\/\/ismaelcolosi.com.br\/index.php\/wp-json\/wp\/v2\/categories?post=4286"},{"taxonomy":"post_tag","embeddable":true,"href":"https:\/\/ismaelcolosi.com.br\/index.php\/wp-json\/wp\/v2\/tags?post=4286"}],"curies":[{"name":"wp","href":"https:\/\/api.w.org\/{rel}","templated":true}]}}