{"id":42853,"date":"2024-03-17T16:30:59","date_gmt":"2024-03-17T19:30:59","guid":{"rendered":"https:\/\/ismaelcolosi.com.br\/index.php\/2024\/03\/17\/veja-quando-o-mirage-circus-estreia-em-ribeirao-preto-ingressos-ja-estao-a-venda\/"},"modified":"2024-03-17T16:30:59","modified_gmt":"2024-03-17T19:30:59","slug":"veja-quando-o-mirage-circus-estreia-em-ribeirao-preto-ingressos-ja-estao-a-venda","status":"publish","type":"post","link":"https:\/\/ismaelcolosi.com.br\/index.php\/2024\/03\/17\/veja-quando-o-mirage-circus-estreia-em-ribeirao-preto-ingressos-ja-estao-a-venda\/","title":{"rendered":"Veja quando o Mirage Circus estreia em Ribeir\u00e3o Preto; Ingressos j\u00e1 est\u00e3o \u00e0 venda"},"content":{"rendered":"<p> <br \/>\n<\/p>\n<div>\n<p>Inspirado nos shows dos <strong>cassinos de Las Vegas<\/strong>, o <strong>Mirage Circus<\/strong> chega a <strong>Ribeir\u00e3o Preto no dia 5 de abril<\/strong>, com apresenta\u00e7\u00e3o a partir das <strong>20h30<\/strong>. A estrutura ser\u00e1 montada na rodovia Anhanguera, pr\u00f3ximo ao Novo Shopping Center, na zona Leste da cidade.<\/p>\n<p>Os ingressos para a atra\u00e7\u00e3o que pertence ao <strong>ator Marcos Frota<\/strong>, conhecido pelos seus pap\u00e9is em novelas como <strong>Mulheres de Areia (1993)<\/strong>, <strong>O Clone (2001)<\/strong> e <strong>Am\u00e9rica (2005)<\/strong>, <mark style=\"background-color:#fcb900\" class=\"has-inline-color\">j\u00e1 <strong>est\u00e3o dispon\u00edveis <\/strong>e podem ser adquiridos de <strong>forma on-line <\/strong>(<a href=\"https:\/\/www.guicheweb.com.br\/pesquisa\/mirageribeiraopreto\" target=\"_blank\" rel=\"noreferrer noopener\">clique aqui<\/a>).<\/mark><\/p>\n<p>Entre as atra\u00e7\u00f5es do <strong>Mirage Circus<\/strong> est\u00e3o <strong>artistas nacionais <\/strong>e <strong>internacionais<\/strong> nos espet\u00e1culos de malabarismo, trap\u00e9zio, m\u00e1gica e motocross Freestyle.<\/p>\n<p>De acordo com a organiza\u00e7\u00e3o, este \u00e9 considerado <strong>o maior circo da Am\u00e9rica Latina<\/strong>, com mais de 800 toneladas de equipamentos, som, luz e painel de LED. Al\u00e9m da estrutura circense, o local contar\u00e1 com duas pra\u00e7as de alimenta\u00e7\u00e3o.<\/p>\n<p><strong>Ingressos e setores<\/strong><\/p>\n<ul>\n<li>Lateral prata \u2013 R$ 25 (meia-entrada) | R$ 50 (inteira)<\/li>\n<\/ul>\n<ul>\n<li>Lateral ouro \u2013 R$ 40 (meia-entrada) | R$ 80 (inteira)<\/li>\n<\/ul>\n<ul>\n<li>Central prata \u2013 R$ R$ 60 (meia-entrada) | R$ 120 (inteira)<\/li>\n<\/ul>\n<ul>\n<li>Central ouro \u2013 R$ 90 (meia-entrada) | R$ 180 (inteira)<\/li>\n<\/ul>\n<ul>\n<li>Vip ouro \u2013 R$ R$ 100 (meia-entrada) | R$ 200 (inteira)<\/li>\n<\/ul>\n<ul>\n<li>Vip Premium \u2013 R$ 130 (meia-entrada) | R$ 260 (inteira)<\/li>\n<\/ul>\n<ul>\n<li>Camarote fam\u00edlia (at\u00e9 cinco pessoas) \u2013 R$ 890<\/li>\n<\/ul>\n<ul>\n<li>Setor cadeirante com um acompanhante \u2013 R$ 50<\/li>\n<\/ul>\n<h4 class=\"wp-block-heading\"><strong>Servi\u00e7o<\/strong><\/h4>\n<p><em>Mirage Circus em Ribeir\u00e3o Preto<\/em><\/p>\n<p>Quando: a partir de 5 de abril<\/p>\n<p>Local: Rodovia Anhanguera \u2013 Pr\u00f3ximo ao Novo Shopping Center de Ribeir\u00e3o Preto<\/p>\n<p>Ingressos: a partir de R$ 25 \u2013 <a href=\"https:\/\/www.guicheweb.com.br\/pesquisa\/mirageribeiraopreto\" target=\"_blank\" rel=\"noreferrer noopener\">clique aqui para adquirir<\/a><\/p>\n<p>Para mais informa\u00e7\u00f5es, acesse o <a href=\"https:\/\/www.miragecircus.com.br\/\" target=\"_blank\" rel=\"noreferrer noopener\">site oficial do Mirage Circus<\/a><\/p>\n<hr class=\"wp-block-separator has-alpha-channel-opacity\"\/>\n<p>SAIBA MAIS<\/p>\n<p>Renato Albani anuncia nova data de apresenta\u00e7\u00e3o em Ribeir\u00e3o; Veja quando<\/p>\n<h4 class=\"wp-block-heading\"><strong><mark style=\"background-color:#fcb900\" class=\"has-inline-color\">FIQUE ON<\/mark><\/strong><\/h4>\n<p>Fique ligado em tudo que acontece em Ribeir\u00e3o Preto e regi\u00e3o. Siga os perfis do\u00a0<strong>acidade on\u00a0<\/strong>no\u00a0<a href=\"https:\/\/www.instagram.com\/acidadeonribeirao\" target=\"_blank\" rel=\"noreferrer noopener\">Instagram<\/a>\u00a0e no\u00a0<a href=\"https:\/\/www.facebook.com\/acidadeonribeirao\" target=\"_blank\" rel=\"noreferrer noopener\">Facebook<\/a>.<\/p>\n<p>Receba not\u00edcias do acidade on no WhatsApp. Para entrar no grupo, basta\u00a0<a href=\"https:\/\/chat.whatsapp.com\/GFH9HUMUTHNFJdnyEd0xxq\" target=\"_blank\" rel=\"noreferrer noopener\">clicar aqui<\/a>.<\/p>\n<p>Fa\u00e7a uma den\u00fancia ou sugira uma reportagem sobre Ribeir\u00e3o Preto e regi\u00e3o pelo WhatsApp: 16 99117 7802.<\/p>\n<p>VEJA TAMB\u00c9M<\/p>\n<p>Quem Giovanna vai mandar para o Pared\u00e3o no BBB 24?<\/p>\n<p><!-- AI CONTENT END 1 -->\n<\/div>\n<p><script async src=\"\/\/www.instagram.com\/embed.js\"><\/script><br \/>\n<br \/><br \/>\n<br \/><a href=\"https:\/\/www.acidadeon.com\/ribeiraopreto\/lazer-e-cultura\/veja-quando-o-mirage-circus-estreia-em-ribeirao-preto-ingressos-ja-estao-a-venda\/\">Source link <\/a><\/p>\n<div class='code-block code-block-4' style='margin: 8px auto 8px 0; text-align: left; display: block; clear: both;'>\n\ud83d\udce2 Aviso Legal\n\nO site ismaelcolosi.com.br atua apenas como um canal de divulga\u00e7\u00e3o de oportunidades de emprego e n\u00e3o se responsabiliza pelo processo seletivo, contrata\u00e7\u00e3o ou qualquer outra etapa relacionada \u00e0s vagas publicadas. Todas as informa\u00e7\u00f5es s\u00e3o de responsabilidade dos anunciantes.\n\n\u26a0\ufe0f Aten\u00e7\u00e3o! Nunca pague por promessas de emprego nem compre cursos que garantam contrata\u00e7\u00e3o. Desconfie de qualquer cobran\u00e7a para participar de sele\u00e7\u00f5es.\n\n\n\n<\/div>\n<!-- CONTENT END 1 -->\n","protected":false},"excerpt":{"rendered":"<p>Inspirado nos shows dos cassinos de Las Vegas, o Mirage Circus chega a Ribeir\u00e3o Preto no dia 5 de abril, com apresenta\u00e7\u00e3o a partir das&#8230;<\/p>\n","protected":false},"author":1,"featured_media":42854,"comment_status":"open","ping_status":"open","sticky":false,"template":"","format":"standard","meta":{"_uag_custom_page_level_css":"","advanced_seo_description":"","jetpack_seo_html_title":"","jetpack_seo_noindex":false,"jetpack_post_was_ever_published":false,"_jetpack_newsletter_access":"","_jetpack_dont_email_post_to_subs":false,"_jetpack_newsletter_tier_id":0,"_jetpack_memberships_contains_paywalled_content":false,"_jetpack_memberships_contains_paid_content":false,"footnotes":"","jetpack_publicize_message":"","jetpack_publicize_feature_enabled":true,"jetpack_social_post_already_shared":true,"jetpack_social_options":{"image_generator_settings":{"template":"highway","default_image_id":0,"font":"","enabled":false},"version":2}},"categories":[11],"tags":[],"class_list":["post-42853","post","type-post","status-publish","format-standard","has-post-thumbnail","hentry","category-noticias-de-ribeirao-preto-sp-e-regiao-ismael-colosi"],"jetpack_publicize_connections":[],"jetpack_featured_media_url":"https:\/\/i0.wp.com\/ismaelcolosi.com.br\/wp-content\/uploads\/2024\/03\/AnyConv.com__dd940c175d667b6d3d811b7e234990e8.webp.webp?fit=1200%2C675&ssl=1","uagb_featured_image_src":{"full":["https:\/\/i0.wp.com\/ismaelcolosi.com.br\/wp-content\/uploads\/2024\/03\/AnyConv.com__dd940c175d667b6d3d811b7e234990e8.webp.webp?fit=1200%2C675&ssl=1",1200,675,false],"thumbnail":["https:\/\/i0.wp.com\/ismaelcolosi.com.br\/wp-content\/uploads\/2024\/03\/AnyConv.com__dd940c175d667b6d3d811b7e234990e8.webp.webp?resize=150%2C150&ssl=1",150,150,true],"medium":["https:\/\/i0.wp.com\/ismaelcolosi.com.br\/wp-content\/uploads\/2024\/03\/AnyConv.com__dd940c175d667b6d3d811b7e234990e8.webp.webp?fit=300%2C169&ssl=1",300,169,true],"medium_large":["https:\/\/i0.wp.com\/ismaelcolosi.com.br\/wp-content\/uploads\/2024\/03\/AnyConv.com__dd940c175d667b6d3d811b7e234990e8.webp.webp?fit=768%2C432&ssl=1",768,432,true],"large":["https:\/\/i0.wp.com\/ismaelcolosi.com.br\/wp-content\/uploads\/2024\/03\/AnyConv.com__dd940c175d667b6d3d811b7e234990e8.webp.webp?fit=1024%2C576&ssl=1",1024,576,true],"1536x1536":["https:\/\/i0.wp.com\/ismaelcolosi.com.br\/wp-content\/uploads\/2024\/03\/AnyConv.com__dd940c175d667b6d3d811b7e234990e8.webp.webp?fit=1200%2C675&ssl=1",1200,675,true],"2048x2048":["https:\/\/i0.wp.com\/ismaelcolosi.com.br\/wp-content\/uploads\/2024\/03\/AnyConv.com__dd940c175d667b6d3d811b7e234990e8.webp.webp?fit=1200%2C675&ssl=1",1200,675,true],"really-simple-thumb":["https:\/\/i0.wp.com\/ismaelcolosi.com.br\/wp-content\/uploads\/2024\/03\/AnyConv.com__dd940c175d667b6d3d811b7e234990e8.webp.webp?resize=370%2C247&ssl=1",370,247,true]},"uagb_author_info":{"display_name":"ismaelcolosi.com.br","author_link":"https:\/\/ismaelcolosi.com.br\/index.php\/author\/vidareal-online\/"},"uagb_comment_info":0,"uagb_excerpt":"Inspirado nos shows dos cassinos de Las Vegas, o Mirage Circus chega a Ribeir\u00e3o Preto no dia 5 de abril, com apresenta\u00e7\u00e3o a partir das...","jetpack-related-posts":[{"id":44834,"url":"https:\/\/ismaelcolosi.com.br\/index.php\/2024\/03\/31\/veja-como-comprar-ingressos-para-o-mirage-circus-em-ribeirao-preto\/","url_meta":{"origin":42853,"position":0},"title":"Veja como comprar ingressos para o Mirage Circus em Ribeir\u00e3o Preto","author":"ismaelcolosi.com.br","date":"31 de March de 2024","format":false,"excerpt":"O Mirage Circus, instalado na via Dr. Jeremias de Paula Martins, em frente a um shopping da zona Leste de Ribeir\u00e3o Preto, estreia nesta sexta-feira (5). Os ingressos est\u00e3o dispon\u00edveis e podem ser adquiridos de forma on-line \u2013 veja abaixo. Agentes de tr\u00e2nsito montaram um esquema para receber o comboio\u2026","rel":"","context":"In &quot;Not\u00edcias de Ribeir\u00e3o Preto-SP e Regi\u00e3o&quot;","block_context":{"text":"Not\u00edcias de Ribeir\u00e3o Preto-SP e Regi\u00e3o","link":"https:\/\/ismaelcolosi.com.br\/index.php\/category\/noticias-de-ribeirao-preto-sp-e-regiao-ismael-colosi\/"},"img":{"alt_text":"","src":"https:\/\/i0.wp.com\/ismaelcolosi.com.br\/wp-content\/uploads\/2024\/03\/3b600f435879e2d866b38d9d9a0a0e87.jpg?fit=1200%2C800&ssl=1&resize=350%2C200","width":350,"height":200,"srcset":"https:\/\/i0.wp.com\/ismaelcolosi.com.br\/wp-content\/uploads\/2024\/03\/3b600f435879e2d866b38d9d9a0a0e87.jpg?fit=1200%2C800&ssl=1&resize=350%2C200 1x, https:\/\/i0.wp.com\/ismaelcolosi.com.br\/wp-content\/uploads\/2024\/03\/3b600f435879e2d866b38d9d9a0a0e87.jpg?fit=1200%2C800&ssl=1&resize=525%2C300 1.5x, https:\/\/i0.wp.com\/ismaelcolosi.com.br\/wp-content\/uploads\/2024\/03\/3b600f435879e2d866b38d9d9a0a0e87.jpg?fit=1200%2C800&ssl=1&resize=700%2C400 2x, https:\/\/i0.wp.com\/ismaelcolosi.com.br\/wp-content\/uploads\/2024\/03\/3b600f435879e2d866b38d9d9a0a0e87.jpg?fit=1200%2C800&ssl=1&resize=1050%2C600 3x"},"classes":[]},{"id":41510,"url":"https:\/\/ismaelcolosi.com.br\/index.php\/2024\/03\/08\/inspirado-nos-cassinos-de-las-vegas-marcos-frota-traz-mirage-circus-a-ribeirao-preto\/","url_meta":{"origin":42853,"position":1},"title":"Inspirado nos cassinos de Las Vegas, Marcos Frota traz Mirage Circus a Ribeir\u00e3o Preto","author":"ismaelcolosi.com.br","date":"8 de March de 2024","format":false,"excerpt":"8 de mar\u00e7o de 2024 | 16:01 0Uma estrutura gigantesca que conta com mais de 800 toneladas de equipamentos, promete impressionar o p\u00fablico. Mirage Circus \u00e9 considerado o maior da Am\u00e9rica LatinaA cidade de Ribeir\u00e3o Preto recebe a partir do dia 29 de mar\u00e7o, na Rodovia Rodovia Prefeito Ant\u00f4nio Duarte\u2026","rel":"","context":"In &quot;Not\u00edcias de Ribeir\u00e3o Preto-SP e Regi\u00e3o&quot;","block_context":{"text":"Not\u00edcias de Ribeir\u00e3o Preto-SP e Regi\u00e3o","link":"https:\/\/ismaelcolosi.com.br\/index.php\/category\/noticias-de-ribeirao-preto-sp-e-regiao-ismael-colosi\/"},"img":{"alt_text":"","src":"https:\/\/i0.wp.com\/ismaelcolosi.com.br\/wp-content\/uploads\/2024\/03\/Marcos-Frota-Mirage01-scaled.jpeg?fit=968%2C645&ssl=1&resize=350%2C200","width":350,"height":200,"srcset":"https:\/\/i0.wp.com\/ismaelcolosi.com.br\/wp-content\/uploads\/2024\/03\/Marcos-Frota-Mirage01-scaled.jpeg?fit=968%2C645&ssl=1&resize=350%2C200 1x, https:\/\/i0.wp.com\/ismaelcolosi.com.br\/wp-content\/uploads\/2024\/03\/Marcos-Frota-Mirage01-scaled.jpeg?fit=968%2C645&ssl=1&resize=525%2C300 1.5x, https:\/\/i0.wp.com\/ismaelcolosi.com.br\/wp-content\/uploads\/2024\/03\/Marcos-Frota-Mirage01-scaled.jpeg?fit=968%2C645&ssl=1&resize=700%2C400 2x"},"classes":[]},{"id":44259,"url":"https:\/\/ismaelcolosi.com.br\/index.php\/2024\/03\/26\/mirage-circus-estrutura-com-mais-de-800-toneladas-de-equipamentos-chega-a-ribeirao\/","url_meta":{"origin":42853,"position":2},"title":"Mirage Circus: Estrutura com mais de 800 toneladas de equipamentos chega a Ribeir\u00e3o","author":"ismaelcolosi.com.br","date":"26 de March de 2024","format":false,"excerpt":"A estrutura do Mirage Circus, inspirado nos casinos de Las Vegas, com mais de 800 toneladas de equipamentos chega a Ribeir\u00e3o Preto na tarde de quinta-feira (28). Ao todo, 20 caminh\u00f5es puxando aproximadamente 32 carretas seguir\u00e3o em comboio at\u00e9 o local onde o circo ser\u00e1 montado, na rodovia Ant\u00f4nio Duarte\u2026","rel":"","context":"In &quot;Not\u00edcias de Ribeir\u00e3o Preto-SP e Regi\u00e3o&quot;","block_context":{"text":"Not\u00edcias de Ribeir\u00e3o Preto-SP e Regi\u00e3o","link":"https:\/\/ismaelcolosi.com.br\/index.php\/category\/noticias-de-ribeirao-preto-sp-e-regiao-ismael-colosi\/"},"img":{"alt_text":"","src":"https:\/\/i0.wp.com\/ismaelcolosi.com.br\/wp-content\/uploads\/2024\/03\/Copia-de-Copia-de-TAMANHO-EXATO-PARA-FOTOS-NO-SISTEMA-NOVO-86.jpg?fit=1200%2C675&ssl=1&resize=350%2C200","width":350,"height":200,"srcset":"https:\/\/i0.wp.com\/ismaelcolosi.com.br\/wp-content\/uploads\/2024\/03\/Copia-de-Copia-de-TAMANHO-EXATO-PARA-FOTOS-NO-SISTEMA-NOVO-86.jpg?fit=1200%2C675&ssl=1&resize=350%2C200 1x, https:\/\/i0.wp.com\/ismaelcolosi.com.br\/wp-content\/uploads\/2024\/03\/Copia-de-Copia-de-TAMANHO-EXATO-PARA-FOTOS-NO-SISTEMA-NOVO-86.jpg?fit=1200%2C675&ssl=1&resize=525%2C300 1.5x, https:\/\/i0.wp.com\/ismaelcolosi.com.br\/wp-content\/uploads\/2024\/03\/Copia-de-Copia-de-TAMANHO-EXATO-PARA-FOTOS-NO-SISTEMA-NOVO-86.jpg?fit=1200%2C675&ssl=1&resize=700%2C400 2x, https:\/\/i0.wp.com\/ismaelcolosi.com.br\/wp-content\/uploads\/2024\/03\/Copia-de-Copia-de-TAMANHO-EXATO-PARA-FOTOS-NO-SISTEMA-NOVO-86.jpg?fit=1200%2C675&ssl=1&resize=1050%2C600 3x"},"classes":[]},{"id":41268,"url":"https:\/\/ismaelcolosi.com.br\/index.php\/2024\/03\/07\/marcos-frota-traz-mirage-circus-a-ribeirao-preto\/","url_meta":{"origin":42853,"position":3},"title":"Marcos Frota traz Mirage Circus a Ribeir\u00e3o Preto","author":"ismaelcolosi.com.br","date":"7 de March de 2024","format":false,"excerpt":"Uma estrutura gigantesca que conta com mais de 800 toneladas de equipamentos, promete impressionar o p\u00fablico. Mirage Circus \u00e9 considerado o maior da Am\u00e9rica Latina A cidade de Ribeir\u00e3o Preto recebe a partir do dia 29 de mar\u00e7o, na Rodovia Anhanguera, em frente ao Novo Shopping , o Mirage Circus,\u2026","rel":"","context":"In &quot;Not\u00edcias de Ribeir\u00e3o Preto-SP e Regi\u00e3o&quot;","block_context":{"text":"Not\u00edcias de Ribeir\u00e3o Preto-SP e Regi\u00e3o","link":"https:\/\/ismaelcolosi.com.br\/index.php\/category\/noticias-de-ribeirao-preto-sp-e-regiao-ismael-colosi\/"},"img":{"alt_text":"","src":"https:\/\/i0.wp.com\/ismaelcolosi.com.br\/wp-content\/uploads\/2024\/03\/INFORME-ON-NOVO-28.png?fit=1200%2C800&ssl=1&resize=350%2C200","width":350,"height":200,"srcset":"https:\/\/i0.wp.com\/ismaelcolosi.com.br\/wp-content\/uploads\/2024\/03\/INFORME-ON-NOVO-28.png?fit=1200%2C800&ssl=1&resize=350%2C200 1x, https:\/\/i0.wp.com\/ismaelcolosi.com.br\/wp-content\/uploads\/2024\/03\/INFORME-ON-NOVO-28.png?fit=1200%2C800&ssl=1&resize=525%2C300 1.5x, https:\/\/i0.wp.com\/ismaelcolosi.com.br\/wp-content\/uploads\/2024\/03\/INFORME-ON-NOVO-28.png?fit=1200%2C800&ssl=1&resize=700%2C400 2x, https:\/\/i0.wp.com\/ismaelcolosi.com.br\/wp-content\/uploads\/2024\/03\/INFORME-ON-NOVO-28.png?fit=1200%2C800&ssl=1&resize=1050%2C600 3x"},"classes":[]},{"id":51476,"url":"https:\/\/ismaelcolosi.com.br\/index.php\/2024\/05\/28\/ultima-semana-do-mirage-circus-em-ribeirao-preto-confira-os-novos-horarios\/","url_meta":{"origin":42853,"position":4},"title":"\u00daltima semana do Mirage Circus em Ribeir\u00e3o Preto; Confira os novos hor\u00e1rios","author":"ismaelcolosi.com.br","date":"28 de May de 2024","format":false,"excerpt":"O Mirage Circus, do ator Marcos Frota, inspirado nos cassinos de Las Vegas, ficar\u00e1 em Ribeir\u00e3o Preto at\u00e9 o pr\u00f3ximo domingo (2). A informa\u00e7\u00e3o foi confirmada ao acidade on, nesta ter\u00e7a-feira (28). Segundo a assessoria, os \u00faltimos espet\u00e1culos, com dura\u00e7\u00e3o m\u00e9dia de 1h45, ter\u00e3o a participa\u00e7\u00e3o confirmada do ator. A\u2026","rel":"","context":"In &quot;Not\u00edcias de Ribeir\u00e3o Preto-SP e Regi\u00e3o&quot;","block_context":{"text":"Not\u00edcias de Ribeir\u00e3o Preto-SP e Regi\u00e3o","link":"https:\/\/ismaelcolosi.com.br\/index.php\/category\/noticias-de-ribeirao-preto-sp-e-regiao-ismael-colosi\/"},"img":{"alt_text":"","src":"https:\/\/i0.wp.com\/ismaelcolosi.com.br\/wp-content\/uploads\/2024\/05\/WhatsApp-Image-2024-05-10-at-10.52.21_2024-05-14_12-37-47_jpeg_2024-05-14_12-37-47.webp.webp?fit=1200%2C799&ssl=1&resize=350%2C200","width":350,"height":200,"srcset":"https:\/\/i0.wp.com\/ismaelcolosi.com.br\/wp-content\/uploads\/2024\/05\/WhatsApp-Image-2024-05-10-at-10.52.21_2024-05-14_12-37-47_jpeg_2024-05-14_12-37-47.webp.webp?fit=1200%2C799&ssl=1&resize=350%2C200 1x, https:\/\/i0.wp.com\/ismaelcolosi.com.br\/wp-content\/uploads\/2024\/05\/WhatsApp-Image-2024-05-10-at-10.52.21_2024-05-14_12-37-47_jpeg_2024-05-14_12-37-47.webp.webp?fit=1200%2C799&ssl=1&resize=525%2C300 1.5x, https:\/\/i0.wp.com\/ismaelcolosi.com.br\/wp-content\/uploads\/2024\/05\/WhatsApp-Image-2024-05-10-at-10.52.21_2024-05-14_12-37-47_jpeg_2024-05-14_12-37-47.webp.webp?fit=1200%2C799&ssl=1&resize=700%2C400 2x, https:\/\/i0.wp.com\/ismaelcolosi.com.br\/wp-content\/uploads\/2024\/05\/WhatsApp-Image-2024-05-10-at-10.52.21_2024-05-14_12-37-47_jpeg_2024-05-14_12-37-47.webp.webp?fit=1200%2C799&ssl=1&resize=1050%2C600 3x"},"classes":[]},{"id":43255,"url":"https:\/\/ismaelcolosi.com.br\/index.php\/2024\/03\/20\/marcos-frota-trara-mirage-circus-a-rp\/","url_meta":{"origin":42853,"position":5},"title":"Marcos Frota trar\u00e1 Mirage Circus a RP\u00a0","author":"ismaelcolosi.com.br","date":"20 de March de 2024","format":false,"excerpt":"20 de mar\u00e7o de 2024 | 10:0020 de mar\u00e7o de 2024 | 6:31 0Ribeir\u00e3o Preto receber\u00e1, a partir de 5 de abril, primeira sexta-feira do m\u00eas, na Rodovia Prefeito Ant\u00f4nio Duarte Nogueira (SP-322, o Anel Vi\u00e1rio Sul), em frente ao Novo Shopping, o Mirage Circus, que tem como anfitri\u00e3o o\u2026","rel":"","context":"In &quot;Not\u00edcias de Ribeir\u00e3o Preto-SP e Regi\u00e3o&quot;","block_context":{"text":"Not\u00edcias de Ribeir\u00e3o Preto-SP e Regi\u00e3o","link":"https:\/\/ismaelcolosi.com.br\/index.php\/category\/noticias-de-ribeirao-preto-sp-e-regiao-ismael-colosi\/"},"img":{"alt_text":"","src":"https:\/\/i0.wp.com\/ismaelcolosi.com.br\/wp-content\/uploads\/2024\/03\/Mirage-Divulgacao.jpg?fit=800%2C533&ssl=1&resize=350%2C200","width":350,"height":200,"srcset":"https:\/\/i0.wp.com\/ismaelcolosi.com.br\/wp-content\/uploads\/2024\/03\/Mirage-Divulgacao.jpg?fit=800%2C533&ssl=1&resize=350%2C200 1x, https:\/\/i0.wp.com\/ismaelcolosi.com.br\/wp-content\/uploads\/2024\/03\/Mirage-Divulgacao.jpg?fit=800%2C533&ssl=1&resize=525%2C300 1.5x, https:\/\/i0.wp.com\/ismaelcolosi.com.br\/wp-content\/uploads\/2024\/03\/Mirage-Divulgacao.jpg?fit=800%2C533&ssl=1&resize=700%2C400 2x"},"classes":[]}],"jetpack_sharing_enabled":true,"jetpack_shortlink":"https:\/\/wp.me\/pfMlyK-b9b","_links":{"self":[{"href":"https:\/\/ismaelcolosi.com.br\/index.php\/wp-json\/wp\/v2\/posts\/42853","targetHints":{"allow":["GET"]}}],"collection":[{"href":"https:\/\/ismaelcolosi.com.br\/index.php\/wp-json\/wp\/v2\/posts"}],"about":[{"href":"https:\/\/ismaelcolosi.com.br\/index.php\/wp-json\/wp\/v2\/types\/post"}],"author":[{"embeddable":true,"href":"https:\/\/ismaelcolosi.com.br\/index.php\/wp-json\/wp\/v2\/users\/1"}],"replies":[{"embeddable":true,"href":"https:\/\/ismaelcolosi.com.br\/index.php\/wp-json\/wp\/v2\/comments?post=42853"}],"version-history":[{"count":0,"href":"https:\/\/ismaelcolosi.com.br\/index.php\/wp-json\/wp\/v2\/posts\/42853\/revisions"}],"wp:featuredmedia":[{"embeddable":true,"href":"https:\/\/ismaelcolosi.com.br\/index.php\/wp-json\/wp\/v2\/media\/42854"}],"wp:attachment":[{"href":"https:\/\/ismaelcolosi.com.br\/index.php\/wp-json\/wp\/v2\/media?parent=42853"}],"wp:term":[{"taxonomy":"category","embeddable":true,"href":"https:\/\/ismaelcolosi.com.br\/index.php\/wp-json\/wp\/v2\/categories?post=42853"},{"taxonomy":"post_tag","embeddable":true,"href":"https:\/\/ismaelcolosi.com.br\/index.php\/wp-json\/wp\/v2\/tags?post=42853"}],"curies":[{"name":"wp","href":"https:\/\/api.w.org\/{rel}","templated":true}]}}