{"id":42847,"date":"2024-03-17T15:14:51","date_gmt":"2024-03-17T18:14:51","guid":{"rendered":"https:\/\/ismaelcolosi.com.br\/index.php\/2024\/03\/17\/pm-prende-50-detentos-que-estavam-em-saidinha-na-regiao-de-ribeirao-preto\/"},"modified":"2024-03-17T15:14:51","modified_gmt":"2024-03-17T18:14:51","slug":"pm-prende-50-detentos-que-estavam-em-saidinha-na-regiao-de-ribeirao-preto","status":"publish","type":"post","link":"https:\/\/ismaelcolosi.com.br\/index.php\/2024\/03\/17\/pm-prende-50-detentos-que-estavam-em-saidinha-na-regiao-de-ribeirao-preto\/","title":{"rendered":"PM prende 50 detentos que estavam em \u2018saidinha\u2019 na regi\u00e3o de Ribeir\u00e3o Preto"},"content":{"rendered":"<p> <br \/>\n<\/p>\n<div data-td-block-uid=\"tdi_101\">\n<div class=\"tdb-block-inner td-fix-index\">\n<p>Dados da<strong> Pol\u00edcia Militar<\/strong> do <strong>Estado de S\u00e3o Paulo<\/strong> mostram que <strong>50 detentos beneficiados com a sa\u00edda tempor\u00e1ria<\/strong>, foram <strong>presos <\/strong>descumprindo as medidas judiciais, como estar fora de casa em hor\u00e1rio n\u00e3o permitido ou fora do domic\u00edlio informado, <strong>na regi\u00e3o de Ribeir\u00e3o Preto<\/strong>.<\/p>\n<p>Mais de mil detentos foram beneficiados com sa\u00edda tempor\u00e1ria no entorno de Ribeir\u00e3o Preto.<\/p>\n<p>As pris\u00f5es aconteceram entre<strong> ter\u00e7a-feira (12) e \u00e0s 8h deste domingo (17)<\/strong>. No total do Estado, 417 detentos foram presos. <strong><mark style=\"background-color:#fcb900\" class=\"has-inline-color\">A primeira sa\u00edda tempor\u00e1ria do ano termina nesta segunda-feira (18).<\/mark><\/strong><\/p>\n<h4 class=\"wp-block-heading\"><strong>Detentos presos por cidade<\/strong><\/h4>\n<p>De acordo com o levantamento do <strong>Centro de Opera\u00e7\u00f5es da PM (Copom)<\/strong>, 153 detentos foram presos na capital paulista e na Grande S\u00e3o Paulo.<\/p>\n<p>Al\u00e9m de <strong>Ribeir\u00e3o Preto<\/strong>, os demais foram detidos no entorno de <strong>Sorocaba (41)<\/strong>, <strong>Campinas (30)<\/strong> e outras regi\u00f5es do estado.<\/p>\n<h4 class=\"wp-block-heading\"><strong>O que acontece ap\u00f3s a pris\u00e3o?<\/strong><\/h4>\n<p>Todo detento flagrado infringindo as regras do Poder Judici\u00e1rio deve ser <strong>reconduzido ao estabelecimento prisional<\/strong>, conforme prev\u00ea uma portaria da <strong>Secretaria da Seguran\u00e7a P\u00fablica (SSP)<\/strong>.<\/p>\n<p>Al\u00e9m disso, uma resolu\u00e7\u00e3o publicada nos \u00faltimos dias no Di\u00e1rio Oficial do Estado estabeleceu que os sentenciados identificados em descumprimento das condi\u00e7\u00f5es impostas \u201cdever\u00e3o ser conduzidos a uma unidade do Instituto M\u00e9dico Legal da Capital para realiza\u00e7\u00e3o do exame de corpo de delito\u201d.<\/p>\n<p>Ap\u00f3s o exame pericial, o policial respons\u00e1vel pela condu\u00e7\u00e3o dever\u00e1 levar os sentenciados aos Centros de Deten\u00e7\u00e3o Provis\u00f3ria ou para a Penitenci\u00e1ria Feminina da capital.<\/p>\n<hr class=\"wp-block-separator has-alpha-channel-opacity\"\/>\n<p>SAIBA MAIS<\/p>\n<p>Inc\u00eandio destr\u00f3i carro na zona Sul de Ribeir\u00e3o Preto; Veja o v\u00eddeo<\/p>\n<h4 class=\"wp-block-heading\"><strong><mark style=\"background-color:#fcb900\" class=\"has-inline-color\">FIQUE ON<\/mark><\/strong><\/h4>\n<p>Fique ligado em tudo que acontece em Ribeir\u00e3o Preto e regi\u00e3o. Siga os perfis do\u00a0<strong>acidade on\u00a0<\/strong>no<a href=\"https:\/\/www.instagram.com\/acidadeonribeirao\" target=\"_blank\" rel=\"noreferrer noopener\">\u00a0Instagram\u00a0<\/a>e no\u00a0<a href=\"https:\/\/www.facebook.com\/acidadeonribeirao\" target=\"_blank\" rel=\"noreferrer noopener\">Facebook<\/a>.<\/p>\n<p>Receba not\u00edcias do\u00a0<strong>acidade on<\/strong>\u00a0no WhatsApp.\u00a0<a href=\"https:\/\/chat.whatsapp.com\/GFH9HUMUTHNFJdnyEd0xxq\" target=\"_blank\" rel=\"noreferrer noopener\">Para entrar no grupo, basta clicar aqui.<\/a><\/p>\n<p>Fa\u00e7a uma den\u00fancia ou sugira uma reportagem sobre Ribeir\u00e3o Preto e regi\u00e3o pelo WhatsApp: 16 99117 7802.<\/p>\n<p>VEJA TAMB\u00c9M<\/p>\n<p>BBB 24: Calor extremo muda regra do Monstro<\/p>\n<p><!-- AI CONTENT END 1 -->\n<\/div>\n<\/div>\n<p><script async src=\"\/\/www.instagram.com\/embed.js\"><\/script><br \/>\n<br \/><br \/>\n<br \/><a href=\"https:\/\/www.acidadeon.com\/ribeiraopreto\/cotidiano\/pm-prende-50-detentos-que-estavam-em-saidinha-na-regiao-de-ribeirao-preto\/\">Source link <\/a><\/p>\n<div class='code-block code-block-4' style='margin: 8px auto 8px 0; text-align: left; display: block; clear: both;'>\n\ud83d\udce2 Aviso Legal\n\nO site ismaelcolosi.com.br atua apenas como um canal de divulga\u00e7\u00e3o de oportunidades de emprego e n\u00e3o se responsabiliza pelo processo seletivo, contrata\u00e7\u00e3o ou qualquer outra etapa relacionada \u00e0s vagas publicadas. Todas as informa\u00e7\u00f5es s\u00e3o de responsabilidade dos anunciantes.\n\n\u26a0\ufe0f Aten\u00e7\u00e3o! Nunca pague por promessas de emprego nem compre cursos que garantam contrata\u00e7\u00e3o. Desconfie de qualquer cobran\u00e7a para participar de sele\u00e7\u00f5es.\n\n\n\n<\/div>\n<!-- CONTENT END 1 -->\n","protected":false},"excerpt":{"rendered":"<p>Dados da Pol\u00edcia Militar do Estado de S\u00e3o Paulo mostram que 50 detentos beneficiados com a sa\u00edda tempor\u00e1ria, foram presos descumprindo as medidas judiciais, como&#8230;<\/p>\n","protected":false},"author":1,"featured_media":42848,"comment_status":"open","ping_status":"open","sticky":false,"template":"","format":"standard","meta":{"_uag_custom_page_level_css":"","advanced_seo_description":"","jetpack_seo_html_title":"","jetpack_seo_noindex":false,"jetpack_post_was_ever_published":false,"_jetpack_newsletter_access":"","_jetpack_dont_email_post_to_subs":false,"_jetpack_newsletter_tier_id":0,"_jetpack_memberships_contains_paywalled_content":false,"_jetpack_memberships_contains_paid_content":false,"footnotes":"","jetpack_publicize_message":"","jetpack_publicize_feature_enabled":true,"jetpack_social_post_already_shared":true,"jetpack_social_options":{"image_generator_settings":{"template":"highway","default_image_id":0,"font":"","enabled":false},"version":2}},"categories":[11],"tags":[],"class_list":["post-42847","post","type-post","status-publish","format-standard","has-post-thumbnail","hentry","category-noticias-de-ribeirao-preto-sp-e-regiao-ismael-colosi"],"jetpack_publicize_connections":[],"jetpack_featured_media_url":"https:\/\/i0.wp.com\/ismaelcolosi.com.br\/wp-content\/uploads\/2024\/03\/1710699292_WhatsApp-Image-2023-12-09-at-13.55.44.jpeg?fit=1024%2C576&ssl=1","uagb_featured_image_src":{"full":["https:\/\/i0.wp.com\/ismaelcolosi.com.br\/wp-content\/uploads\/2024\/03\/1710699292_WhatsApp-Image-2023-12-09-at-13.55.44.jpeg?fit=1024%2C576&ssl=1",1024,576,false],"thumbnail":["https:\/\/i0.wp.com\/ismaelcolosi.com.br\/wp-content\/uploads\/2024\/03\/1710699292_WhatsApp-Image-2023-12-09-at-13.55.44.jpeg?resize=150%2C150&ssl=1",150,150,true],"medium":["https:\/\/i0.wp.com\/ismaelcolosi.com.br\/wp-content\/uploads\/2024\/03\/1710699292_WhatsApp-Image-2023-12-09-at-13.55.44.jpeg?fit=300%2C169&ssl=1",300,169,true],"medium_large":["https:\/\/i0.wp.com\/ismaelcolosi.com.br\/wp-content\/uploads\/2024\/03\/1710699292_WhatsApp-Image-2023-12-09-at-13.55.44.jpeg?fit=768%2C432&ssl=1",768,432,true],"large":["https:\/\/i0.wp.com\/ismaelcolosi.com.br\/wp-content\/uploads\/2024\/03\/1710699292_WhatsApp-Image-2023-12-09-at-13.55.44.jpeg?fit=1024%2C576&ssl=1",1024,576,true],"1536x1536":["https:\/\/i0.wp.com\/ismaelcolosi.com.br\/wp-content\/uploads\/2024\/03\/1710699292_WhatsApp-Image-2023-12-09-at-13.55.44.jpeg?fit=1024%2C576&ssl=1",1024,576,true],"2048x2048":["https:\/\/i0.wp.com\/ismaelcolosi.com.br\/wp-content\/uploads\/2024\/03\/1710699292_WhatsApp-Image-2023-12-09-at-13.55.44.jpeg?fit=1024%2C576&ssl=1",1024,576,true],"really-simple-thumb":["https:\/\/i0.wp.com\/ismaelcolosi.com.br\/wp-content\/uploads\/2024\/03\/1710699292_WhatsApp-Image-2023-12-09-at-13.55.44.jpeg?resize=370%2C247&ssl=1",370,247,true]},"uagb_author_info":{"display_name":"ismaelcolosi.com.br","author_link":"https:\/\/ismaelcolosi.com.br\/index.php\/author\/vidareal-online\/"},"uagb_comment_info":0,"uagb_excerpt":"Dados da Pol\u00edcia Militar do Estado de S\u00e3o Paulo mostram que 50 detentos beneficiados com a sa\u00edda tempor\u00e1ria, foram presos descumprindo as medidas judiciais, como...","jetpack-related-posts":[{"id":24462,"url":"https:\/\/ismaelcolosi.com.br\/index.php\/2024\/01\/04\/saidinha-acabou-mais-cedo-para-700-detentos\/","url_meta":{"origin":42847,"position":0},"title":"Saidinha acabou mais cedo para 700 detentos","author":"ismaelcolosi.com.br","date":"4 de January de 2024","format":false,"excerpt":"Segundo SSP, infratores descumpriram regras impostas pela Justi\u00e7a para usufruir do benef\u00edcio 4 de janeiro de 2024 | 12:33 0Por: Adalberto LuqueA Secretaria da Seguran\u00e7a P\u00fablica (SSP) informou que mais de 700 detentos beneficiados pela sa\u00edda tempor\u00e1ria de final de ano foram presos por descumprir as regras e at\u00e9 por\u2026","rel":"","context":"In &quot;Not\u00edcias de Ribeir\u00e3o Preto-SP e Regi\u00e3o&quot;","block_context":{"text":"Not\u00edcias de Ribeir\u00e3o Preto-SP e Regi\u00e3o","link":"https:\/\/ismaelcolosi.com.br\/index.php\/category\/noticias-de-ribeirao-preto-sp-e-regiao-ismael-colosi\/"},"img":{"alt_text":"","src":"https:\/\/i0.wp.com\/ismaelcolosi.com.br\/wp-content\/uploads\/2024\/01\/00-29-dez-2023-saidinha-temporaria-foto-antonio-cruz-agencia-brazil-scaled.jpg?fit=1000%2C598&ssl=1&resize=350%2C200","width":350,"height":200,"srcset":"https:\/\/i0.wp.com\/ismaelcolosi.com.br\/wp-content\/uploads\/2024\/01\/00-29-dez-2023-saidinha-temporaria-foto-antonio-cruz-agencia-brazil-scaled.jpg?fit=1000%2C598&ssl=1&resize=350%2C200 1x, https:\/\/i0.wp.com\/ismaelcolosi.com.br\/wp-content\/uploads\/2024\/01\/00-29-dez-2023-saidinha-temporaria-foto-antonio-cruz-agencia-brazil-scaled.jpg?fit=1000%2C598&ssl=1&resize=525%2C300 1.5x, https:\/\/i0.wp.com\/ismaelcolosi.com.br\/wp-content\/uploads\/2024\/01\/00-29-dez-2023-saidinha-temporaria-foto-antonio-cruz-agencia-brazil-scaled.jpg?fit=1000%2C598&ssl=1&resize=700%2C400 2x"},"classes":[]},{"id":41964,"url":"https:\/\/ismaelcolosi.com.br\/index.php\/2024\/03\/12\/detentos-sao-beneficiados-por-primeira-saida-temporaria-de-2024\/","url_meta":{"origin":42847,"position":1},"title":"Detentos s\u00e3o beneficiados por primeira sa\u00edda tempor\u00e1ria de 2024","author":"ismaelcolosi.com.br","date":"12 de March de 2024","format":false,"excerpt":"Milhares de presos do regime semiaberto receberam o benef\u00edcio que vai de 12 a 18 de mar\u00e7o e pode ser um dos \u00faltimos se projeto para acabar com a saidinha for aprovado pelo Congresso 12 de mar\u00e7o de 2024 | 11:18 2Por: Adalberto LuqueV\u00e1rios presos da regi\u00e3o e milhares em\u2026","rel":"","context":"In &quot;Not\u00edcias de Ribeir\u00e3o Preto-SP e Regi\u00e3o&quot;","block_context":{"text":"Not\u00edcias de Ribeir\u00e3o Preto-SP e Regi\u00e3o","link":"https:\/\/ismaelcolosi.com.br\/index.php\/category\/noticias-de-ribeirao-preto-sp-e-regiao-ismael-colosi\/"},"img":{"alt_text":"","src":"https:\/\/i0.wp.com\/ismaelcolosi.com.br\/wp-content\/uploads\/2024\/03\/00-12-mar-2024-saidinha-temporafia-foto-antonio-cruz-agencia-brasil.jpg?fit=1000%2C598&ssl=1&resize=350%2C200","width":350,"height":200,"srcset":"https:\/\/i0.wp.com\/ismaelcolosi.com.br\/wp-content\/uploads\/2024\/03\/00-12-mar-2024-saidinha-temporafia-foto-antonio-cruz-agencia-brasil.jpg?fit=1000%2C598&ssl=1&resize=350%2C200 1x, https:\/\/i0.wp.com\/ismaelcolosi.com.br\/wp-content\/uploads\/2024\/03\/00-12-mar-2024-saidinha-temporafia-foto-antonio-cruz-agencia-brasil.jpg?fit=1000%2C598&ssl=1&resize=525%2C300 1.5x, https:\/\/i0.wp.com\/ismaelcolosi.com.br\/wp-content\/uploads\/2024\/03\/00-12-mar-2024-saidinha-temporafia-foto-antonio-cruz-agencia-brasil.jpg?fit=1000%2C598&ssl=1&resize=700%2C400 2x"},"classes":[]},{"id":22179,"url":"https:\/\/ismaelcolosi.com.br\/index.php\/2023\/12\/29\/saidinha-de-fim-de-ano-mais-de-200-detentos-sao-presos-pela-policia-em-sao-paulo\/","url_meta":{"origin":42847,"position":2},"title":"&#8216;Saidinha de fim de ano&#8217;: mais de 200 detentos s\u00e3o presos pela pol\u00edcia em S\u00e3o Paulo","author":"ismaelcolosi.com.br","date":"29 de December de 2023","format":false,"excerpt":"Suspeitos violaram as normas impostas pela Justi\u00e7a e foram reconduzidos \u00e0s penitenci\u00e1rias 29 de dezembro de 2023 | 10:25 2A Pol\u00edcia Militar j\u00e1 efetuou a pris\u00e3o de 201 detentos que foram beneficiados recentemente com a sa\u00edda tempor\u00e1ria de fim de ano, mas que foram flagrados descumprindo as medidas impostas pelo\u2026","rel":"","context":"In &quot;Not\u00edcias de Ribeir\u00e3o Preto-SP e Regi\u00e3o&quot;","block_context":{"text":"Not\u00edcias de Ribeir\u00e3o Preto-SP e Regi\u00e3o","link":"https:\/\/ismaelcolosi.com.br\/index.php\/category\/noticias-de-ribeirao-preto-sp-e-regiao-ismael-colosi\/"},"img":{"alt_text":"","src":"https:\/\/i0.wp.com\/ismaelcolosi.com.br\/wp-content\/uploads\/2023\/12\/00-29-dez-2023-saidinha-temporaria-foto-antonio-cruz-agencia-brazil-scaled.jpg?fit=1000%2C598&ssl=1&resize=350%2C200","width":350,"height":200,"srcset":"https:\/\/i0.wp.com\/ismaelcolosi.com.br\/wp-content\/uploads\/2023\/12\/00-29-dez-2023-saidinha-temporaria-foto-antonio-cruz-agencia-brazil-scaled.jpg?fit=1000%2C598&ssl=1&resize=350%2C200 1x, https:\/\/i0.wp.com\/ismaelcolosi.com.br\/wp-content\/uploads\/2023\/12\/00-29-dez-2023-saidinha-temporaria-foto-antonio-cruz-agencia-brazil-scaled.jpg?fit=1000%2C598&ssl=1&resize=525%2C300 1.5x, https:\/\/i0.wp.com\/ismaelcolosi.com.br\/wp-content\/uploads\/2023\/12\/00-29-dez-2023-saidinha-temporaria-foto-antonio-cruz-agencia-brazil-scaled.jpg?fit=1000%2C598&ssl=1&resize=700%2C400 2x"},"classes":[]},{"id":66664,"url":"https:\/\/ismaelcolosi.com.br\/index.php\/2024\/09\/18\/saidinha-temporaria-beneficia-mais-de-mil-detentos-na-regiao-de-ribeirao-preto\/","url_meta":{"origin":42847,"position":3},"title":"&#8216;Saidinha&#8217; tempor\u00e1ria beneficia mais de mil detentos na regi\u00e3o de Ribeir\u00e3o Preto","author":"ismaelcolosi.com.br","date":"18 de September de 2024","format":false,"excerpt":"A Secretaria da Administra\u00e7\u00e3o Penitenci\u00e1ria de S\u00e3o Paulo (SAP-SP) informou que 1.026 mil presos em regime semiaberto receberam o benef\u00edcio da sa\u00edda tempor\u00e1ria em Ribeir\u00e3o Preto e regi\u00e3o. Os detentos deixaram a cadeia na ter\u00e7a-feira (17) e devem retornar aos pres\u00eddios na segunda-feira (23). Essa \u00e9 a terceira \u2018saidinha\u2019 tempor\u00e1ria\u2026","rel":"","context":"In &quot;Not\u00edcias de Ribeir\u00e3o Preto-SP e Regi\u00e3o&quot;","block_context":{"text":"Not\u00edcias de Ribeir\u00e3o Preto-SP e Regi\u00e3o","link":"https:\/\/ismaelcolosi.com.br\/index.php\/category\/noticias-de-ribeirao-preto-sp-e-regiao-ismael-colosi\/"},"img":{"alt_text":"","src":"https:\/\/i0.wp.com\/ismaelcolosi.com.br\/wp-content\/uploads\/2024\/09\/saidao_1_2024-09-18_20-07-12.webp.webp?fit=1170%2C700&ssl=1&resize=350%2C200","width":350,"height":200,"srcset":"https:\/\/i0.wp.com\/ismaelcolosi.com.br\/wp-content\/uploads\/2024\/09\/saidao_1_2024-09-18_20-07-12.webp.webp?fit=1170%2C700&ssl=1&resize=350%2C200 1x, https:\/\/i0.wp.com\/ismaelcolosi.com.br\/wp-content\/uploads\/2024\/09\/saidao_1_2024-09-18_20-07-12.webp.webp?fit=1170%2C700&ssl=1&resize=525%2C300 1.5x, https:\/\/i0.wp.com\/ismaelcolosi.com.br\/wp-content\/uploads\/2024\/09\/saidao_1_2024-09-18_20-07-12.webp.webp?fit=1170%2C700&ssl=1&resize=700%2C400 2x, https:\/\/i0.wp.com\/ismaelcolosi.com.br\/wp-content\/uploads\/2024\/09\/saidao_1_2024-09-18_20-07-12.webp.webp?fit=1170%2C700&ssl=1&resize=1050%2C600 3x"},"classes":[]},{"id":54122,"url":"https:\/\/ismaelcolosi.com.br\/index.php\/2024\/06\/21\/mais-de-25-presos-nao-retornaram-aos-presidios-de-ribeirao-e-regiao-apos-saidinha\/","url_meta":{"origin":42847,"position":4},"title":"Mais de 25 presos n\u00e3o retornaram aos pres\u00eddios de Ribeir\u00e3o e regi\u00e3o ap\u00f3s &#8216;saidinha&#8217;","author":"ismaelcolosi.com.br","date":"21 de June de 2024","format":false,"excerpt":"A Secretaria da Administra\u00e7\u00e3o Penitenci\u00e1ria (SAP) informou, a pedido do portal acidade on, que 28 presos da regi\u00e3o de Ribeir\u00e3o Preto, n\u00e3o retornaram ao sistema carcer\u00e1rio ap\u00f3s o beneficio da \u201cSaidinha de Santo Ant\u00f4nio\u201d. Na regi\u00e3o, mais de 900 detentos receberam o benef\u00edcio da sa\u00edda tempor\u00e1ria, concedida no per\u00edodo de\u2026","rel":"","context":"In &quot;Not\u00edcias de Ribeir\u00e3o Preto-SP e Regi\u00e3o&quot;","block_context":{"text":"Not\u00edcias de Ribeir\u00e3o Preto-SP e Regi\u00e3o","link":"https:\/\/ismaelcolosi.com.br\/index.php\/category\/noticias-de-ribeirao-preto-sp-e-regiao-ismael-colosi\/"},"img":{"alt_text":"","src":"https:\/\/i0.wp.com\/ismaelcolosi.com.br\/wp-content\/uploads\/2024\/02\/penitenciaria.webp.webp?fit=1170%2C700&ssl=1&resize=350%2C200","width":350,"height":200,"srcset":"https:\/\/i0.wp.com\/ismaelcolosi.com.br\/wp-content\/uploads\/2024\/02\/penitenciaria.webp.webp?fit=1170%2C700&ssl=1&resize=350%2C200 1x, https:\/\/i0.wp.com\/ismaelcolosi.com.br\/wp-content\/uploads\/2024\/02\/penitenciaria.webp.webp?fit=1170%2C700&ssl=1&resize=525%2C300 1.5x, https:\/\/i0.wp.com\/ismaelcolosi.com.br\/wp-content\/uploads\/2024\/02\/penitenciaria.webp.webp?fit=1170%2C700&ssl=1&resize=700%2C400 2x, https:\/\/i0.wp.com\/ismaelcolosi.com.br\/wp-content\/uploads\/2024\/02\/penitenciaria.webp.webp?fit=1170%2C700&ssl=1&resize=1050%2C600 3x"},"classes":[]},{"id":42560,"url":"https:\/\/ismaelcolosi.com.br\/index.php\/2024\/03\/15\/142-voltam-para-casa-apos-dois-dias-de-saidinha\/","url_meta":{"origin":42847,"position":5},"title":"142 voltam para \u201ccasa\u201d ap\u00f3s dois dias de saidinha","author":"ismaelcolosi.com.br","date":"15 de March de 2024","format":false,"excerpt":"Detentos que desfrutavam a primeira sa\u00edda tempor\u00e1ria do ano foram presos e encaminhados aos pres\u00eddios por descumprir normas do benef\u00edcio 15 de mar\u00e7o de 2024 | 11:23 0Por: Adalberto LuqueA Secretaria da Seguran\u00e7a P\u00fablica (SSP) informou, no final da tarde desta quinta-feira (14), que em apenas dois dias de sa\u00edda\u2026","rel":"","context":"In &quot;Not\u00edcias de Ribeir\u00e3o Preto-SP e Regi\u00e3o&quot;","block_context":{"text":"Not\u00edcias de Ribeir\u00e3o Preto-SP e Regi\u00e3o","link":"https:\/\/ismaelcolosi.com.br\/index.php\/category\/noticias-de-ribeirao-preto-sp-e-regiao-ismael-colosi\/"},"img":{"alt_text":"","src":"https:\/\/i0.wp.com\/ismaelcolosi.com.br\/wp-content\/uploads\/2024\/03\/00-15-mar-2024-saidinha-presos-foto-max-gallao-mesquita-1-scaled.jpg?fit=1000%2C637&ssl=1&resize=350%2C200","width":350,"height":200,"srcset":"https:\/\/i0.wp.com\/ismaelcolosi.com.br\/wp-content\/uploads\/2024\/03\/00-15-mar-2024-saidinha-presos-foto-max-gallao-mesquita-1-scaled.jpg?fit=1000%2C637&ssl=1&resize=350%2C200 1x, https:\/\/i0.wp.com\/ismaelcolosi.com.br\/wp-content\/uploads\/2024\/03\/00-15-mar-2024-saidinha-presos-foto-max-gallao-mesquita-1-scaled.jpg?fit=1000%2C637&ssl=1&resize=525%2C300 1.5x, https:\/\/i0.wp.com\/ismaelcolosi.com.br\/wp-content\/uploads\/2024\/03\/00-15-mar-2024-saidinha-presos-foto-max-gallao-mesquita-1-scaled.jpg?fit=1000%2C637&ssl=1&resize=700%2C400 2x"},"classes":[]}],"jetpack_sharing_enabled":true,"jetpack_shortlink":"https:\/\/wp.me\/pfMlyK-b95","_links":{"self":[{"href":"https:\/\/ismaelcolosi.com.br\/index.php\/wp-json\/wp\/v2\/posts\/42847","targetHints":{"allow":["GET"]}}],"collection":[{"href":"https:\/\/ismaelcolosi.com.br\/index.php\/wp-json\/wp\/v2\/posts"}],"about":[{"href":"https:\/\/ismaelcolosi.com.br\/index.php\/wp-json\/wp\/v2\/types\/post"}],"author":[{"embeddable":true,"href":"https:\/\/ismaelcolosi.com.br\/index.php\/wp-json\/wp\/v2\/users\/1"}],"replies":[{"embeddable":true,"href":"https:\/\/ismaelcolosi.com.br\/index.php\/wp-json\/wp\/v2\/comments?post=42847"}],"version-history":[{"count":0,"href":"https:\/\/ismaelcolosi.com.br\/index.php\/wp-json\/wp\/v2\/posts\/42847\/revisions"}],"wp:featuredmedia":[{"embeddable":true,"href":"https:\/\/ismaelcolosi.com.br\/index.php\/wp-json\/wp\/v2\/media\/42848"}],"wp:attachment":[{"href":"https:\/\/ismaelcolosi.com.br\/index.php\/wp-json\/wp\/v2\/media?parent=42847"}],"wp:term":[{"taxonomy":"category","embeddable":true,"href":"https:\/\/ismaelcolosi.com.br\/index.php\/wp-json\/wp\/v2\/categories?post=42847"},{"taxonomy":"post_tag","embeddable":true,"href":"https:\/\/ismaelcolosi.com.br\/index.php\/wp-json\/wp\/v2\/tags?post=42847"}],"curies":[{"name":"wp","href":"https:\/\/api.w.org\/{rel}","templated":true}]}}