{"id":4284,"date":"2023-11-21T07:55:15","date_gmt":"2023-11-21T10:55:15","guid":{"rendered":"https:\/\/ismaelcolosi.com.br\/index.php\/2023\/11\/21\/9-frutas-que-devem-ser-evitadas-pelos-diabeticos\/"},"modified":"2023-11-21T07:55:15","modified_gmt":"2023-11-21T10:55:15","slug":"9-frutas-que-devem-ser-evitadas-pelos-diabeticos","status":"publish","type":"post","link":"https:\/\/ismaelcolosi.com.br\/index.php\/2023\/11\/21\/9-frutas-que-devem-ser-evitadas-pelos-diabeticos\/","title":{"rendered":"9 frutas que devem ser evitadas pelos diab\u00e9ticos"},"content":{"rendered":"<p> <br \/>\n<\/p>\n<div>\n<div id=\"attachment_2287767\" class=\"wp-caption alignnone\">\n<div class=\"d-flex justify-content-center\" data-attachment-id=\"2287767\">\n<div class=\"position-relative d-inline-block\"><img data-recalc-dims=\"1\" data-portal-copyright=\"iStock\/Hazal Ak\" decoding=\"async\" fetchpriority=\"high\" class=\"wp-image-2287767 size-full\" src=\"https:\/\/i0.wp.com\/catracalivre.com.br\/wp-content\/uploads\/2023\/08\/istock-1187668811-scaled.jpg?resize=2560%2C1707&#038;ssl=1\" alt=\"Dieta de diab\u00e9ticos exige\u00a0cuidado redobrado com a alimenta\u00e7\u00e3o, especialmente com carboidratos e frutas que possuem alto \u00edndice glic\u00eamico \u2013 iStock\/Getty Images\" width=\"2560\" height=\"1707\" srcset=\"https:\/\/catracalivre.com.br\/wp-content\/uploads\/2023\/08\/istock-1187668811-scaled.jpg 2560w, https:\/\/catracalivre.com.br\/wp-content\/uploads\/2023\/08\/istock-1187668811-450x300.jpg 450w, https:\/\/catracalivre.com.br\/wp-content\/uploads\/2023\/08\/istock-1187668811-768x512.jpg 768w\" sizes=\"(max-width: 2560px) 100vw, 2560px\"\/><\/p>\n<p>Cr\u00e9ditos: iStock\/Hazal Ak<\/p>\n<\/div>\n<\/div>\n<p><span class=\"post-imagem__legenda\">Dieta de diab\u00e9ticos exige\u00a0cuidado redobrado com a alimenta\u00e7\u00e3o, especialmente com carboidratos e frutas que possuem alto \u00edndice glic\u00eamico \u2013 iStock\/Getty Images<\/span><\/p>\n<\/div>\n<p>De acordo com a Sociedade Brasileira de Diabetes, existem atualmente, no Brasil, mais de 13 milh\u00f5es de pessoas vivendo com a doen\u00e7a, o que representa 6,9% da popula\u00e7\u00e3o nacional. O Brasil \u00e9 o 5\u00ba pa\u00eds em incid\u00eancia de diabetes no mundo, perdendo apenas para China, \u00cdndia, Estados Unidos e Paquist\u00e3o.<\/p>\n<p>Pacientes diagnosticados com diabetes precisam ter cuidado redobrado com a alimenta\u00e7\u00e3o, especialmente com carboidratos e frutas que possuem alto \u00edndice glic\u00eamico, que podem elevar rapidamente os n\u00edveis de glicose no sangue.<\/p>\n<h2>Confira algumas frutas que possuem maior quantidade de carboidratos e devem ser evitadas por diab\u00e9ticos:<\/h2>\n<p>Uvas<br \/>Melancia<br \/>Manga<br \/>Abacaxi<br \/>Ameixa preta<br \/>Banana<br \/>Cereja<br \/>Lichia<br \/>Caqui<\/p>\n<p>Muitas vezes, n\u00e3o \u00e9 preciso deixar de comer essas frutas, basta consumi-las de maneira adequada e com modera\u00e7\u00e3o. Combin\u00e1-las com outras fontes de prote\u00ednas, fibras e gorduras saud\u00e1veis ajuda a reduzir o impacto no aumento dos n\u00edveis de glicose.<\/p>\n<h2>Frutas que s\u00e3o indicadas para os diab\u00e9ticos<\/h2>\n<p>Por outro lado, as frutas com baixo \u00edndice glic\u00eamico e menor teor de carboidratos podem ser consumidas com mais frequ\u00eancia. Essas frutas t\u00eam um efeito menor no aumento dos n\u00edveis de glicose no sangue e podem incluir:<\/p>\n<p>Morango<br \/>Mirtilo<br \/>Amora<br \/>P\u00eassego<br \/>Kiwi<br \/>Cereja<br \/>Ma\u00e7\u00e3 (com casca)<br \/>Pera<br \/>P\u00eassego<\/p>\n<p>Al\u00e9m disso, frutas ricas em fibras, como ma\u00e7\u00e3s e peras, s\u00e3o boas op\u00e7\u00f5es para diab\u00e9ticos, pois a fibra retarda a absor\u00e7\u00e3o de a\u00e7\u00facar no sangue e ajuda a manter os n\u00edveis de glicose mais est\u00e1veis.<\/p>\n<p>Contudo, \u00e9 preciso lembrar que as necessidades diet\u00e9ticas podem variar de pessoa para pessoa, e \u00e9 essencial consultar um profissional de sa\u00fade, como um nutricionista ou endocrinologista, para obter orienta\u00e7\u00e3o personalizada sobre a dieta ideal para o controle da diabetes.<\/p>\n<h2>4 dicas para consumo de frutas<\/h2>\n<ul>\n<li>Fique de olho no seu n\u00edvel de a\u00e7\u00facar no sangue e observe sua rea\u00e7\u00e3o individual a diferentes tipos de frutas.<\/li>\n<li>Escolha frutas frescas ou congeladas sem aditivos.<\/li>\n<li>Preste aten\u00e7\u00e3o ao \u00edndice glic\u00eamico (IG). Se houver alto \u00edndice glic\u00eamico, \u00e9 bom evitar essa fruta e consumi-la mais raramente.<\/li>\n<li>Cuidado com as frutas secas: aqui, a fruta \u00e9 desidratada durante o processo de secagem, de modo que o teor relativo de a\u00e7\u00facar aumenta.<\/li>\n<\/ul>\n<\/div>\n<p><script>\n\t\t! function(f, b, e, v, n, t, s) {\n\t\t\tif (f.fbq) return;\n\t\t\tn = f.fbq = function() {\n\t\t\t\tn.callMethod ?\n\t\t\t\t\tn.callMethod.apply(n, arguments) : n.queue.push(arguments)\n\t\t\t};\n\t\t\tif (!f._fbq) f._fbq = n;\n\t\t\tn.push = n;\n\t\t\tn.loaded = !0;\n\t\t\tn.version = '2.0';\n\t\t\tn.queue = [];\n\t\t\tt = b.createElement(e);\n\t\t\tt.async = !0;\n\t\t\tt.src = v;\n\t\t\ts = b.getElementsByTagName(e)[0];\n\t\t\ts.parentNode.insertBefore(t, s)\n\t\t}(window, document, 'script',\n\t\t\t'https:\/\/connect.facebook.net\/en_US\/fbevents.js');\n\t\tfbq('init', '338315473262380');\n\t\tfbq('track', 'PageView');\n\t<\/script><br \/>\n<br \/><br \/>\n<br \/><a href=\"https:\/\/catracalivre.com.br\/saude-bem-estar\/9-frutas-que-devem-ser-evitadas-pelos-diabeticos\/\">Source link <\/a><\/p>\n<div class='code-block code-block-4' style='margin: 8px auto 8px 0; text-align: left; display: block; clear: both;'>\n\ud83d\udce2 Aviso Legal\n\nO site ismaelcolosi.com.br atua apenas como um canal de divulga\u00e7\u00e3o de oportunidades de emprego e n\u00e3o se responsabiliza pelo processo seletivo, contrata\u00e7\u00e3o ou qualquer outra etapa relacionada \u00e0s vagas publicadas. Todas as informa\u00e7\u00f5es s\u00e3o de responsabilidade dos anunciantes.\n\n\u26a0\ufe0f Aten\u00e7\u00e3o! Nunca pague por promessas de emprego nem compre cursos que garantam contrata\u00e7\u00e3o. Desconfie de qualquer cobran\u00e7a para participar de sele\u00e7\u00f5es.\n\n\n\n<\/div>\n<!-- CONTENT END 1 -->\n","protected":false},"excerpt":{"rendered":"<p>Cr\u00e9ditos: iStock\/Hazal Ak Dieta de diab\u00e9ticos exige\u00a0cuidado redobrado com a alimenta\u00e7\u00e3o, especialmente com carboidratos e frutas que possuem alto \u00edndice glic\u00eamico \u2013 iStock\/Getty Images De&#8230;<\/p>\n","protected":false},"author":1,"featured_media":4285,"comment_status":"open","ping_status":"open","sticky":false,"template":"","format":"standard","meta":{"_uag_custom_page_level_css":"","advanced_seo_description":"","jetpack_seo_html_title":"","jetpack_seo_noindex":false,"jetpack_post_was_ever_published":false,"_jetpack_newsletter_access":"","_jetpack_dont_email_post_to_subs":false,"_jetpack_newsletter_tier_id":0,"_jetpack_memberships_contains_paywalled_content":false,"_jetpack_memberships_contains_paid_content":false,"footnotes":"","jetpack_publicize_message":"","jetpack_publicize_feature_enabled":true,"jetpack_social_post_already_shared":true,"jetpack_social_options":{"image_generator_settings":{"template":"highway","default_image_id":0,"font":"","enabled":false},"version":2}},"categories":[19],"tags":[],"class_list":["post-4284","post","type-post","status-publish","format-standard","has-post-thumbnail","hentry","category-variedades"],"jetpack_publicize_connections":[],"jetpack_featured_media_url":"https:\/\/i0.wp.com\/ismaelcolosi.com.br\/wp-content\/uploads\/2023\/11\/istock-1187668811-scaled.jpg?fit=1200%2C638&ssl=1","uagb_featured_image_src":{"full":["https:\/\/i0.wp.com\/ismaelcolosi.com.br\/wp-content\/uploads\/2023\/11\/istock-1187668811-scaled.jpg?fit=1200%2C638&ssl=1",1200,638,false],"thumbnail":["https:\/\/i0.wp.com\/ismaelcolosi.com.br\/wp-content\/uploads\/2023\/11\/istock-1187668811-scaled.jpg?resize=150%2C150&ssl=1",150,150,true],"medium":["https:\/\/i0.wp.com\/ismaelcolosi.com.br\/wp-content\/uploads\/2023\/11\/istock-1187668811-scaled.jpg?fit=300%2C160&ssl=1",300,160,true],"medium_large":["https:\/\/i0.wp.com\/ismaelcolosi.com.br\/wp-content\/uploads\/2023\/11\/istock-1187668811-scaled.jpg?fit=768%2C408&ssl=1",768,408,true],"large":["https:\/\/i0.wp.com\/ismaelcolosi.com.br\/wp-content\/uploads\/2023\/11\/istock-1187668811-scaled.jpg?fit=1024%2C544&ssl=1",1024,544,true],"1536x1536":["https:\/\/i0.wp.com\/ismaelcolosi.com.br\/wp-content\/uploads\/2023\/11\/istock-1187668811-scaled.jpg?fit=1200%2C638&ssl=1",1200,638,true],"2048x2048":["https:\/\/i0.wp.com\/ismaelcolosi.com.br\/wp-content\/uploads\/2023\/11\/istock-1187668811-scaled.jpg?fit=1200%2C638&ssl=1",1200,638,true],"really-simple-thumb":["https:\/\/i0.wp.com\/ismaelcolosi.com.br\/wp-content\/uploads\/2023\/11\/istock-1187668811-scaled.jpg?resize=370%2C247&ssl=1",370,247,true]},"uagb_author_info":{"display_name":"ismaelcolosi.com.br","author_link":"https:\/\/ismaelcolosi.com.br\/index.php\/author\/vidareal-online\/"},"uagb_comment_info":0,"uagb_excerpt":"Cr\u00e9ditos: iStock\/Hazal Ak Dieta de diab\u00e9ticos exige\u00a0cuidado redobrado com a alimenta\u00e7\u00e3o, especialmente com carboidratos e frutas que possuem alto \u00edndice glic\u00eamico \u2013 iStock\/Getty Images De...","jetpack-related-posts":[{"id":12194,"url":"https:\/\/ismaelcolosi.com.br\/index.php\/2023\/12\/07\/vetada-assistencia-a-alunos-diabeticos-em-rp\/","url_meta":{"origin":4284,"position":0},"title":"Vetada assist\u00eancia a alunos diab\u00e9ticos em RP","author":"ismaelcolosi.com.br","date":"7 de December de 2023","format":false,"excerpt":"7 de dezembro de 2023 | 16:007 de dezembro de 2023 | 11:09 0O prefeito Duarte Nogueira (PSDB) vetou integralmente o projeto de lei, aprovado na C\u00e2mara de Vereadores, que institui a Pol\u00edtica Municipal de Assist\u00eancia \u00e0 Sa\u00fade de Alunos com Diabetes nas escolas da rede municipal de ensino de\u2026","rel":"","context":"In &quot;Not\u00edcias de Ribeir\u00e3o Preto-SP e Regi\u00e3o&quot;","block_context":{"text":"Not\u00edcias de Ribeir\u00e3o Preto-SP e Regi\u00e3o","link":"https:\/\/ismaelcolosi.com.br\/index.php\/category\/noticias-de-ribeirao-preto-sp-e-regiao-ismael-colosi\/"},"img":{"alt_text":"","src":"https:\/\/i0.wp.com\/ismaelcolosi.com.br\/wp-content\/uploads\/2023\/12\/diabetes-scaled.jpg?fit=1000%2C598&ssl=1&resize=350%2C200","width":350,"height":200,"srcset":"https:\/\/i0.wp.com\/ismaelcolosi.com.br\/wp-content\/uploads\/2023\/12\/diabetes-scaled.jpg?fit=1000%2C598&ssl=1&resize=350%2C200 1x, https:\/\/i0.wp.com\/ismaelcolosi.com.br\/wp-content\/uploads\/2023\/12\/diabetes-scaled.jpg?fit=1000%2C598&ssl=1&resize=525%2C300 1.5x, https:\/\/i0.wp.com\/ismaelcolosi.com.br\/wp-content\/uploads\/2023\/12\/diabetes-scaled.jpg?fit=1000%2C598&ssl=1&resize=700%2C400 2x"},"classes":[]},{"id":28789,"url":"https:\/\/ismaelcolosi.com.br\/index.php\/2024\/01\/16\/conheca-a-planta-da-imortalidade-forte-aliada-em-emagrecimento-e-controle-da-pressao\/","url_meta":{"origin":4284,"position":1},"title":"Conhe\u00e7a a &#8221;Planta da imortalidade&#8221; forte aliada em emagrecimento e controle da press\u00e3o","author":"ismaelcolosi.com.br","date":"16 de January de 2024","format":false,"excerpt":"Que tal dar fim as dietas milagrosas e receitas enigm\u00e1ticas para conseguir controlar a press\u00e3o arterial? Especialista fala da planta que pode ser a chave para a melhora da sa\u00fade.A Gynostemma pentaphyllum, tamb\u00e9m batizada como planta da imortalidade, auxilia na preven\u00e7\u00e3o de doen\u00e7as cardiovasculares e fortalece o sistema imunol\u00f3gico.\u201cNa realidade,\u2026","rel":"","context":"In &quot;Blog&quot;","block_context":{"text":"Blog","link":"https:\/\/ismaelcolosi.com.br\/index.php\/category\/blog\/"},"img":{"alt_text":"","src":"https:\/\/i0.wp.com\/ismaelcolosi.com.br\/wp-content\/uploads\/2024\/01\/postimg-65a6e3a74bb9a2957.jpg?fit=1200%2C628&ssl=1&resize=350%2C200","width":350,"height":200,"srcset":"https:\/\/i0.wp.com\/ismaelcolosi.com.br\/wp-content\/uploads\/2024\/01\/postimg-65a6e3a74bb9a2957.jpg?fit=1200%2C628&ssl=1&resize=350%2C200 1x, https:\/\/i0.wp.com\/ismaelcolosi.com.br\/wp-content\/uploads\/2024\/01\/postimg-65a6e3a74bb9a2957.jpg?fit=1200%2C628&ssl=1&resize=525%2C300 1.5x, https:\/\/i0.wp.com\/ismaelcolosi.com.br\/wp-content\/uploads\/2024\/01\/postimg-65a6e3a74bb9a2957.jpg?fit=1200%2C628&ssl=1&resize=700%2C400 2x, https:\/\/i0.wp.com\/ismaelcolosi.com.br\/wp-content\/uploads\/2024\/01\/postimg-65a6e3a74bb9a2957.jpg?fit=1200%2C628&ssl=1&resize=1050%2C600 3x"},"classes":[]},{"id":48765,"url":"https:\/\/ismaelcolosi.com.br\/index.php\/2024\/05\/06\/entenda-o-que-e-erisipela-doenca-que-motivou-internacao-de-bolsonaro\/","url_meta":{"origin":4284,"position":2},"title":"Entenda o que \u00e9 erisipela, doen\u00e7a que motivou interna\u00e7\u00e3o de Bolsonaro","author":"ismaelcolosi.com.br","date":"6 de May de 2024","format":false,"excerpt":"O ex-presidente Jair Bolsonaro (PL) foi internado no \u00faltimo s\u00e1bado (4) com um quadro de erisipela. A erisipela \u00e9 uma infec\u00e7\u00e3o na pele, causada por uma bact\u00e9ria que se propaga pelos vasos linf\u00e1ticos, de acordo com o Minist\u00e9rio da Sa\u00fade. O minist\u00e9rio afirma que a doen\u00e7a pode ocorrer em pessoas\u2026","rel":"","context":"In &quot;Not\u00edcias de Ribeir\u00e3o Preto-SP e Regi\u00e3o&quot;","block_context":{"text":"Not\u00edcias de Ribeir\u00e3o Preto-SP e Regi\u00e3o","link":"https:\/\/ismaelcolosi.com.br\/index.php\/category\/noticias-de-ribeirao-preto-sp-e-regiao-ismael-colosi\/"},"img":{"alt_text":"","src":"https:\/\/i0.wp.com\/ismaelcolosi.com.br\/wp-content\/uploads\/2024\/05\/bolsonaro.jpg?fit=1200%2C798&ssl=1&resize=350%2C200","width":350,"height":200,"srcset":"https:\/\/i0.wp.com\/ismaelcolosi.com.br\/wp-content\/uploads\/2024\/05\/bolsonaro.jpg?fit=1200%2C798&ssl=1&resize=350%2C200 1x, https:\/\/i0.wp.com\/ismaelcolosi.com.br\/wp-content\/uploads\/2024\/05\/bolsonaro.jpg?fit=1200%2C798&ssl=1&resize=525%2C300 1.5x, https:\/\/i0.wp.com\/ismaelcolosi.com.br\/wp-content\/uploads\/2024\/05\/bolsonaro.jpg?fit=1200%2C798&ssl=1&resize=700%2C400 2x, https:\/\/i0.wp.com\/ismaelcolosi.com.br\/wp-content\/uploads\/2024\/05\/bolsonaro.jpg?fit=1200%2C798&ssl=1&resize=1050%2C600 3x"},"classes":[]},{"id":16775,"url":"https:\/\/ismaelcolosi.com.br\/index.php\/2023\/12\/16\/ufscar-abre-vagas-em-curso-gratuito-de-especializacao\/","url_meta":{"origin":4284,"position":3},"title":"UFSCar abre vagas em curso gratuito de especializa\u00e7\u00e3o","author":"ismaelcolosi.com.br","date":"16 de December de 2023","format":false,"excerpt":"A Universidade Federal de S\u00e3o Carlos (UFSCar), no interior de S\u00e3o Paulo, est\u00e1 com inscri\u00e7\u00f5es abertas para a turma de 2024 do curso gratuito de especializa\u00e7\u00e3o em Ci\u00eancia do Treinamento da For\u00e7a. O curso conta com um corpo docente formado por professores e especialistas da pr\u00f3pria UFSCar, al\u00e9m de convidados\u2026","rel":"","context":"In &quot;Variedades&quot;","block_context":{"text":"Variedades","link":"https:\/\/ismaelcolosi.com.br\/index.php\/category\/variedades\/"},"img":{"alt_text":"","src":"https:\/\/i0.wp.com\/ismaelcolosi.com.br\/wp-content\/uploads\/2023\/12\/ufscar-1.jpg?fit=1200%2C638&ssl=1&resize=350%2C200","width":350,"height":200,"srcset":"https:\/\/i0.wp.com\/ismaelcolosi.com.br\/wp-content\/uploads\/2023\/12\/ufscar-1.jpg?fit=1200%2C638&ssl=1&resize=350%2C200 1x, https:\/\/i0.wp.com\/ismaelcolosi.com.br\/wp-content\/uploads\/2023\/12\/ufscar-1.jpg?fit=1200%2C638&ssl=1&resize=525%2C300 1.5x, https:\/\/i0.wp.com\/ismaelcolosi.com.br\/wp-content\/uploads\/2023\/12\/ufscar-1.jpg?fit=1200%2C638&ssl=1&resize=700%2C400 2x, https:\/\/i0.wp.com\/ismaelcolosi.com.br\/wp-content\/uploads\/2023\/12\/ufscar-1.jpg?fit=1200%2C638&ssl=1&resize=1050%2C600 3x"},"classes":[]},{"id":9691,"url":"https:\/\/ismaelcolosi.com.br\/index.php\/2023\/12\/02\/opcoes-saudaveis-para-comer-no-lugar-do-arroz-branco\/","url_meta":{"origin":4284,"position":4},"title":"Op\u00e7\u00f5es saud\u00e1veis para comer no lugar do arroz branco","author":"ismaelcolosi.com.br","date":"2 de December de 2023","format":false,"excerpt":"Um recente estudo realizado pela Universidade de Harvard traz importantes orienta\u00e7\u00f5es para pessoas com diabetes e a rela\u00e7\u00e3o com o consumo do arroz branco. De acordo com a pesquisa, esse tipo de alimento provoca eleva\u00e7\u00e3o r\u00e1pida dos n\u00edveis de a\u00e7\u00facar na circula\u00e7\u00e3o sangu\u00ednea, o que pode representar um risco para\u2026","rel":"","context":"In &quot;Variedades&quot;","block_context":{"text":"Variedades","link":"https:\/\/ismaelcolosi.com.br\/index.php\/category\/variedades\/"},"img":{"alt_text":"","src":"https:\/\/i0.wp.com\/ismaelcolosi.com.br\/wp-content\/uploads\/2023\/12\/arroz-branco.jpg?fit=1200%2C638&ssl=1&resize=350%2C200","width":350,"height":200,"srcset":"https:\/\/i0.wp.com\/ismaelcolosi.com.br\/wp-content\/uploads\/2023\/12\/arroz-branco.jpg?fit=1200%2C638&ssl=1&resize=350%2C200 1x, https:\/\/i0.wp.com\/ismaelcolosi.com.br\/wp-content\/uploads\/2023\/12\/arroz-branco.jpg?fit=1200%2C638&ssl=1&resize=525%2C300 1.5x, https:\/\/i0.wp.com\/ismaelcolosi.com.br\/wp-content\/uploads\/2023\/12\/arroz-branco.jpg?fit=1200%2C638&ssl=1&resize=700%2C400 2x, https:\/\/i0.wp.com\/ismaelcolosi.com.br\/wp-content\/uploads\/2023\/12\/arroz-branco.jpg?fit=1200%2C638&ssl=1&resize=1050%2C600 3x"},"classes":[]},{"id":15608,"url":"https:\/\/ismaelcolosi.com.br\/index.php\/2023\/12\/13\/o-vegetal-que-pode-prevenir-tumores-e-proteger-o-coracao\/","url_meta":{"origin":4284,"position":5},"title":"O vegetal que pode prevenir tumores e proteger o cora\u00e7\u00e3o","author":"ismaelcolosi.com.br","date":"13 de December de 2023","format":false,"excerpt":"Entre os vegetais que est\u00e3o abundantemente dispon\u00edveis nas feiras e mercados est\u00e1 a couve-flor. Ela pertence \u00e0 fam\u00edlia dos cruc\u00edferos, que inclui tamb\u00e9m outros vegetais, como br\u00f3colis,\u00a0 couve-de-bruxelas, mostarda e rabanete. O vegetal \u00e9 famoso por ser rico em nutrientes, e v\u00e1rios estudos j\u00e1 demonstraram que seu consumo ajudaria a\u2026","rel":"","context":"In &quot;Variedades&quot;","block_context":{"text":"Variedades","link":"https:\/\/ismaelcolosi.com.br\/index.php\/category\/variedades\/"},"img":{"alt_text":"","src":"https:\/\/i0.wp.com\/ismaelcolosi.com.br\/wp-content\/uploads\/2023\/12\/istock-1647976306.jpg?fit=1200%2C638&ssl=1&resize=350%2C200","width":350,"height":200,"srcset":"https:\/\/i0.wp.com\/ismaelcolosi.com.br\/wp-content\/uploads\/2023\/12\/istock-1647976306.jpg?fit=1200%2C638&ssl=1&resize=350%2C200 1x, https:\/\/i0.wp.com\/ismaelcolosi.com.br\/wp-content\/uploads\/2023\/12\/istock-1647976306.jpg?fit=1200%2C638&ssl=1&resize=525%2C300 1.5x, https:\/\/i0.wp.com\/ismaelcolosi.com.br\/wp-content\/uploads\/2023\/12\/istock-1647976306.jpg?fit=1200%2C638&ssl=1&resize=700%2C400 2x, https:\/\/i0.wp.com\/ismaelcolosi.com.br\/wp-content\/uploads\/2023\/12\/istock-1647976306.jpg?fit=1200%2C638&ssl=1&resize=1050%2C600 3x"},"classes":[]}],"jetpack_sharing_enabled":true,"jetpack_shortlink":"https:\/\/wp.me\/pfMlyK-176","_links":{"self":[{"href":"https:\/\/ismaelcolosi.com.br\/index.php\/wp-json\/wp\/v2\/posts\/4284","targetHints":{"allow":["GET"]}}],"collection":[{"href":"https:\/\/ismaelcolosi.com.br\/index.php\/wp-json\/wp\/v2\/posts"}],"about":[{"href":"https:\/\/ismaelcolosi.com.br\/index.php\/wp-json\/wp\/v2\/types\/post"}],"author":[{"embeddable":true,"href":"https:\/\/ismaelcolosi.com.br\/index.php\/wp-json\/wp\/v2\/users\/1"}],"replies":[{"embeddable":true,"href":"https:\/\/ismaelcolosi.com.br\/index.php\/wp-json\/wp\/v2\/comments?post=4284"}],"version-history":[{"count":0,"href":"https:\/\/ismaelcolosi.com.br\/index.php\/wp-json\/wp\/v2\/posts\/4284\/revisions"}],"wp:featuredmedia":[{"embeddable":true,"href":"https:\/\/ismaelcolosi.com.br\/index.php\/wp-json\/wp\/v2\/media\/4285"}],"wp:attachment":[{"href":"https:\/\/ismaelcolosi.com.br\/index.php\/wp-json\/wp\/v2\/media?parent=4284"}],"wp:term":[{"taxonomy":"category","embeddable":true,"href":"https:\/\/ismaelcolosi.com.br\/index.php\/wp-json\/wp\/v2\/categories?post=4284"},{"taxonomy":"post_tag","embeddable":true,"href":"https:\/\/ismaelcolosi.com.br\/index.php\/wp-json\/wp\/v2\/tags?post=4284"}],"curies":[{"name":"wp","href":"https:\/\/api.w.org\/{rel}","templated":true}]}}