{"id":42837,"date":"2024-03-17T13:39:10","date_gmt":"2024-03-17T16:39:10","guid":{"rendered":"https:\/\/ismaelcolosi.com.br\/index.php\/2024\/03\/17\/paulistao-medio-copa-do-brasil-e-projecao-para-serie-b\/"},"modified":"2024-03-17T13:39:10","modified_gmt":"2024-03-17T16:39:10","slug":"paulistao-medio-copa-do-brasil-e-projecao-para-serie-b","status":"publish","type":"post","link":"https:\/\/ismaelcolosi.com.br\/index.php\/2024\/03\/17\/paulistao-medio-copa-do-brasil-e-projecao-para-serie-b\/","title":{"rendered":"Paulist\u00e3o m\u00e9dio, Copa do Brasil e proje\u00e7\u00e3o para S\u00e9rie B\u00a0"},"content":{"rendered":"<p> <br \/>\n<\/p>\n<div>\n<p><span data-contrast=\"auto\">O Botafogo venceu o An\u00e1polis, faturou mais R$ 2,2 milh\u00f5es na Copa do Brasil e agora tem um per\u00edodo de pouco mais de um m\u00eas para preparar o in\u00edcio do Campeonato Brasileiro da S\u00e9rie B. Por isso, preparamos um material para avaliar a primeira parte da temporada Tricolor.\u00a0<\/span><span data-ccp-props=\"{&quot;201341983&quot;:0,&quot;335559739&quot;:0,&quot;335559740&quot;:240}\">\u00a0<\/span><\/p>\n<p><b><span data-contrast=\"auto\">Paulist\u00e3o\u00a0<\/span><\/b><span data-ccp-props=\"{&quot;201341983&quot;:0,&quot;335559739&quot;:0,&quot;335559740&quot;:240}\">\u00a0<\/span><\/p><div class='code-block code-block-8' style='margin: 8px auto; text-align: center; display: block; clear: both;'>\n<script>\n  atOptions = {\n    'key' : '66e2e2111ca34da796271819fc334058',\n    'format' : 'iframe',\n    'height' : 250,\n    'width' : 300,\n    'params' : {}\n  };\n<\/script>\n<script src=\"https:\/\/www.highperformanceformat.com\/66e2e2111ca34da796271819fc334058\/invoke.js\"><\/script>\n<\/div>\n\n<p><span data-contrast=\"auto\">A campanha no Paulist\u00e3o deixou a desejar. Com o elenco montado, que possui folha salarial na faixa de R$ 2 milh\u00f5es por m\u00eas, esperava-se que o time brigasse pela classifica\u00e7\u00e3o para as quartas de final.\u00a0<\/span><span data-ccp-props=\"{&quot;201341983&quot;:0,&quot;335559739&quot;:0,&quot;335559740&quot;:240}\">\u00a0<\/span><\/p>\n<p><span data-contrast=\"auto\">Entretanto, em 12 partidas disputadas, o Botafogo conquistou tr\u00eas vit\u00f3rias, tr\u00eas empates e seis derrotas. \u00c9 bem verdade que o time de Paulo Gomes n\u00e3o correu riscos reais de queda. O bom come\u00e7o na competi\u00e7\u00e3o compensou a irregularidade ao longo do Paulist\u00e3o. Ao todo foram 12 pontos, com somente oito gols marcados e outros 16 sofridos.\u00a0<\/span><span data-ccp-props=\"{&quot;201341983&quot;:0,&quot;335559739&quot;:0,&quot;335559740&quot;:240}\">\u00a0<\/span><\/p>\n<p><b><span data-contrast=\"auto\">Instabilidade na defesa\u00a0<\/span><\/b><span data-ccp-props=\"{&quot;201341983&quot;:0,&quot;335559739&quot;:0,&quot;335559740&quot;:240}\">\u00a0<\/span><\/p>\n<p><span data-contrast=\"auto\">Nas primeiras cinco rodadas foram oito pontos conquistados. Depois o Pantera embalou quatro derrotas consecutivas, que foram pautadas em diversos erros individuais do sistema defensivo.\u00a0<\/span><span data-ccp-props=\"{&quot;201341983&quot;:0,&quot;335559739&quot;:0,&quot;335559740&quot;:240}\">\u00a0<\/span><\/p>\n<p><span data-contrast=\"auto\">Os goleiros Jo\u00e3o Carlos e Michael Fracaro cometeram falhas importantes e trouxeram muitas d\u00favidas para a posi\u00e7\u00e3o. Jo\u00e3o errou contra a Ponte e Inter de Limeira, em lances capitais, que culminaram em gols.\u00a0<\/span><span data-ccp-props=\"{&quot;201341983&quot;:0,&quot;335559739&quot;:0,&quot;335559740&quot;:240}\">\u00a0<\/span><\/p>\n<p><span data-contrast=\"auto\">Contra o Corinthians foi a vez de Lucas Dias e Wallison cometerem falhas graves e mais uma vez o Botafogo sofrer uma derrota acachapante na competi\u00e7\u00e3o.\u00a0<\/span><span data-ccp-props=\"{&quot;201341983&quot;:0,&quot;335559739&quot;:0,&quot;335559740&quot;:240}\">\u00a0<\/span><\/p>\n<p><b><span data-contrast=\"auto\">Ataque improdutivo\u00a0<\/span><\/b><span data-ccp-props=\"{&quot;201341983&quot;:0,&quot;335559739&quot;:0,&quot;335559740&quot;:240}\">\u00a0<\/span><\/p>\n<p><span data-contrast=\"auto\">Apesar dos in\u00fameros erros defensivos, o ataque inspirou mais preocupa\u00e7\u00e3o. Os oito gols marcados nos 12 jogos \u00e9 o pior desempenho do Pantera desde o retorno a elite do futebol paulista, em 2009.\u00a0<\/span><span data-ccp-props=\"{&quot;201341983&quot;:0,&quot;335559739&quot;:0,&quot;335559740&quot;:240}\">\u00a0<\/span><\/p>\n<p><span data-contrast=\"auto\">\u00c9 bem verdade que a les\u00e3o de Leandro Pereira dificultou o desenvolvimento do setor e ele acabou ficando nove jogos fora de combate. Alex Sandro e Negueba tiveram bons desempenhos, mas os outros performaram mal. Tor\u00f3, Douglas Baggio e Tiago Alves tiveram desempenho abaixo. O portugu\u00eas, inclusive, j\u00e1 acertou sua sa\u00edda do Botafogo.\u00a0<\/span><span data-ccp-props=\"{&quot;201341983&quot;:0,&quot;335559739&quot;:0,&quot;335559740&quot;:240}\">\u00a0<\/span><\/p>\n<p><span data-contrast=\"auto\">Essa ser\u00e1 a grande miss\u00e3o de Paulo Gomes na intertemporada: melhorar o desempenho ofensivo do time.\u00a0<\/span><span data-ccp-props=\"{&quot;201341983&quot;:0,&quot;335559739&quot;:0,&quot;335559740&quot;:240}\">\u00a0<\/span><\/p>\n<p><span data-contrast=\"auto\">Apesar da falta de acertos no ataque, o principal destaque do time \u00e9 da posi\u00e7\u00e3o. Alex Sandro, que chegou como aposta da Tombense, at\u00e9 aqui \u00e9 o artilheiro do Fog\u00e3o na Copa do Brasil e j\u00e1 soma 6 gols em 14 jogos no ano.\u00a0<\/span><span data-ccp-props=\"{&quot;201341983&quot;:0,&quot;335559739&quot;:0,&quot;335559740&quot;:240}\">\u00a0<\/span><\/p>\n<p><b><span data-contrast=\"auto\">Leandro Maciel\u00a0<\/span><\/b><span data-ccp-props=\"{&quot;201341983&quot;:0,&quot;335559739&quot;:0,&quot;335559740&quot;:240}\">\u00a0<\/span><\/p>\n<p><span data-contrast=\"auto\">Principal contrata\u00e7\u00e3o para a temporada, Leandro Maciel rapidamente de destacou e virou o grande nome do time. Por\u00e9m, diante do Guarani, o meia argentino sofreu uma grave les\u00e3o e est\u00e1 fora da temporada.\u00a0<\/span><span data-ccp-props=\"{&quot;201341983&quot;:0,&quot;335559739&quot;:0,&quot;335559740&quot;:240}\">\u00a0<\/span><\/p>\n<p><b><span data-contrast=\"auto\">Copa do Brasil\u00a0<\/span><\/b><span data-ccp-props=\"{&quot;201341983&quot;:0,&quot;335559739&quot;:0,&quot;335559740&quot;:240}\">\u00a0<\/span><\/p>\n<p><span data-contrast=\"auto\">Se no Paulist\u00e3o as coisas n\u00e3o andaram t\u00e3o bem, o mesmo n\u00e3o pode ser dito da Copa do Brasil. Classificado para a terceira fase da competi\u00e7\u00e3o pela segunda vez na hist\u00f3ria, o Tricolor eliminou Nova Ven\u00e9cia e An\u00e1polis e segue vivo na maior competi\u00e7\u00e3o do futebol brasileiro.\u00a0<\/span><span data-ccp-props=\"{&quot;201341983&quot;:0,&quot;335559739&quot;:0,&quot;335559740&quot;:240}\">\u00a0<\/span><\/p>\n<p><span data-contrast=\"auto\">\u00c9 bem verdade que as classifica\u00e7\u00f5es vieram com alta dose de emo\u00e7\u00e3o. Ambas as vit\u00f3rias foram de virada. Diante do time goiano, o Botafogo ainda contou com o goleiro Michael Fracaro pegando p\u00eanalti no \u00faltimo minuto de jogo. O Pantera aguarda o sorteio para saber quem ser\u00e1 seu pr\u00f3ximo advers\u00e1rio.\u00a0<\/span><span data-ccp-props=\"{&quot;201341983&quot;:0,&quot;335559739&quot;:0,&quot;335559740&quot;:240}\">\u00a0<\/span><\/p>\n<p><b><span data-contrast=\"auto\">Mister Paulo Gomes\u00a0<\/span><\/b><span data-ccp-props=\"{&quot;201341983&quot;:0,&quot;335559739&quot;:0,&quot;335559740&quot;:240}\">\u00a0<\/span><\/p>\n<p><span data-contrast=\"auto\">Em sua primeira experi\u00eancia no Brasil, Paulo Gomes chegou cheio de desconfian\u00e7a ao Pantera. De cara, o time apresentou ideias novas, bom posicionamento e jogos consistentes. As primeiras quatro partidas deixaram o torcedor empolgado.\u00a0<\/span><span data-ccp-props=\"{&quot;201341983&quot;:0,&quot;335559739&quot;:0,&quot;335559740&quot;:240}\">\u00a0<\/span><\/p>\n<p><span data-contrast=\"auto\">Por\u00e9m, com a sequ\u00eancia de quatro derrotas, os problemas da equipe ficaram mais expostos. Como j\u00e1 citado acima, a falta de gols dificultou a campanha botafoguense no Paulist\u00e3o. Entretanto, nem tudo foi culpa do treinador.\u00a0<\/span><span data-ccp-props=\"{&quot;201341983&quot;:0,&quot;335559739&quot;:0,&quot;335559740&quot;:240}\">\u00a0<\/span><\/p>\n<p><span data-contrast=\"auto\">Ao longo dos jogos o Botafogo criava chances, mas desperdi\u00e7ava e se colocava em situa\u00e7\u00f5es dif\u00edceis dentro das partidas.\u00a0<\/span><span data-ccp-props=\"{&quot;201341983&quot;:0,&quot;335559739&quot;:0,&quot;335559740&quot;:240}\">\u00a0<\/span><\/p>\n<p><span data-contrast=\"auto\">As mexidas do treinador tamb\u00e9m foram alvo de cr\u00edticas. Sempre nas segundas partes dos jogos o Pantera caia de produ\u00e7\u00e3o. Isso tamb\u00e9m \u00e9 um ponto importante para observa\u00e7\u00e3o.\u00a0<\/span><span data-ccp-props=\"{&quot;201341983&quot;:0,&quot;335559739&quot;:0,&quot;335559740&quot;:240}\">\u00a0<\/span><\/p>\n<p><b><span data-contrast=\"auto\">Janela de transfer\u00eancias\u00a0<\/span><\/b><span data-ccp-props=\"{&quot;201341983&quot;:0,&quot;335559739&quot;:0,&quot;335559740&quot;:240}\">\u00a0<\/span><\/p>\n<p><span data-contrast=\"auto\">A transi\u00e7\u00e3o do Paulist\u00e3o para a S\u00e9rie B ter\u00e1 um pouco mais de um m\u00eas. Neste per\u00edodo o Pantera deve ir ao mercado para se refor\u00e7ar. Por\u00e9m, o investimento n\u00e3o ser\u00e1 em volume de atletas e sim em chegadas pontuais.\u00a0<\/span><span data-ccp-props=\"{&quot;201341983&quot;:0,&quot;335559739&quot;:0,&quot;335559740&quot;:240}\">\u00a0<\/span><\/p>\n<p><span data-contrast=\"auto\">Segundo apura\u00e7\u00e3o feita pelo <\/span><b><span data-contrast=\"auto\">Tribuna Ribeir\u00e3o<\/span><\/b><span data-contrast=\"auto\">, a tend\u00eancia \u00e9 que o Botafogo busque quatro jogadores no mercado. Um volante, um meia e dois atacantes s\u00e3o as prioridades. O Departamento de Futebol j\u00e1 tem um mapeamento de mercado e muito breve os novos atletas devem ser anunciados.\u00a0<\/span><span data-ccp-props=\"{&quot;201341983&quot;:0,&quot;335559739&quot;:0,&quot;335559740&quot;:240}\">\u00a0<\/span><\/p>\n<p><span data-contrast=\"auto\">O Botafogo estreia na S\u00e9rie B diante do Am\u00e9rica-MG. A tend\u00eancia \u00e9 de que o campeonato comece em data perto do dia 20 de abril.\u00a0<\/span><span data-ccp-props=\"{&quot;201341983&quot;:0,&quot;335559739&quot;:0,&quot;335559740&quot;:240}\">\u00a0<\/span><\/p>\n<p><span data-ccp-props=\"{&quot;201341983&quot;:0,&quot;335559739&quot;:0,&quot;335559740&quot;:240}\">\u00a0<\/span><\/p>\n<p>\u00a0<\/p>\n<p><span data-ccp-props=\"{&quot;201341983&quot;:0,&quot;335559739&quot;:0,&quot;335559740&quot;:240}\">\u00a0<\/span><\/p>\n<p><span data-ccp-props=\"{&quot;201341983&quot;:0,&quot;335559739&quot;:0,&quot;335559740&quot;:240}\">\u00a0<\/span><\/p>\n<\/div>\n<p><br \/>\n<br \/><a href=\"https:\/\/www.tribunaribeirao.com.br\/site\/paulistao-medio-copa-do-brasil-e-projecao-para-serie-b\/\">Source link <\/a><\/p>\n<div class='code-block code-block-4' style='margin: 8px auto 8px 0; text-align: left; display: block; clear: both;'>\n\ud83d\udce2 Aviso Legal\n\nO site ismaelcolosi.com.br atua apenas como um canal de divulga\u00e7\u00e3o de oportunidades de emprego e n\u00e3o se responsabiliza pelo processo seletivo, contrata\u00e7\u00e3o ou qualquer outra etapa relacionada \u00e0s vagas publicadas. Todas as informa\u00e7\u00f5es s\u00e3o de responsabilidade dos anunciantes.\n\n\u26a0\ufe0f Aten\u00e7\u00e3o! Nunca pague por promessas de emprego nem compre cursos que garantam contrata\u00e7\u00e3o. Desconfie de qualquer cobran\u00e7a para participar de sele\u00e7\u00f5es.\n\n\n<div data-type=\"_mgwidget\" data-widget-id=\"2000896\">\n<\/div>\n<script>(function(w,q){w[q]=w[q]||[];w[q].push([\"_mgc.load\"])})(window,\"_mgq\");\n<\/script>\n<\/div>\n<!-- CONTENT END 1 -->\n","protected":false},"excerpt":{"rendered":"<p>O Botafogo venceu o An\u00e1polis, faturou mais R$ 2,2 milh\u00f5es na Copa do Brasil e agora tem um per\u00edodo de pouco mais de um m\u00eas&#8230;<\/p>\n","protected":false},"author":1,"featured_media":42838,"comment_status":"open","ping_status":"open","sticky":false,"template":"","format":"standard","meta":{"om_disable_all_campaigns":false,"_uag_custom_page_level_css":"","jetpack_post_was_ever_published":false,"_jetpack_newsletter_access":"","_jetpack_dont_email_post_to_subs":false,"_jetpack_newsletter_tier_id":0,"_jetpack_memberships_contains_paywalled_content":false,"_jetpack_memberships_contains_paid_content":false,"_joinchat":[],"footnotes":"","jetpack_publicize_message":"","jetpack_publicize_feature_enabled":true,"jetpack_social_post_already_shared":true,"jetpack_social_options":{"image_generator_settings":{"template":"highway","default_image_id":0,"font":"","enabled":false},"version":2}},"categories":[11],"tags":[137,707,102,71,47,1961,314],"class_list":["post-42837","post","type-post","status-publish","format-standard","has-post-thumbnail","hentry","category-noticias-de-ribeirao-preto-sp-e-regiao-ismael-colosi","tag-brasil","tag-copa","tag-medio","tag-para","tag-paulistao","tag-projecao","tag-serie"],"aioseo_notices":[],"jetpack_publicize_connections":[],"jetpack_featured_media_url":"https:\/\/i0.wp.com\/ismaelcolosi.com.br\/wp-content\/uploads\/2024\/03\/Domingo-1-scaled.jpg?fit=967%2C645&ssl=1","uagb_featured_image_src":{"full":["https:\/\/i0.wp.com\/ismaelcolosi.com.br\/wp-content\/uploads\/2024\/03\/Domingo-1-scaled.jpg?fit=967%2C645&ssl=1",967,645,false],"thumbnail":["https:\/\/i0.wp.com\/ismaelcolosi.com.br\/wp-content\/uploads\/2024\/03\/Domingo-1-scaled.jpg?resize=150%2C150&ssl=1",150,150,true],"medium":["https:\/\/i0.wp.com\/ismaelcolosi.com.br\/wp-content\/uploads\/2024\/03\/Domingo-1-scaled.jpg?fit=300%2C200&ssl=1",300,200,true],"medium_large":["https:\/\/i0.wp.com\/ismaelcolosi.com.br\/wp-content\/uploads\/2024\/03\/Domingo-1-scaled.jpg?fit=768%2C512&ssl=1",768,512,true],"large":["https:\/\/i0.wp.com\/ismaelcolosi.com.br\/wp-content\/uploads\/2024\/03\/Domingo-1-scaled.jpg?fit=967%2C645&ssl=1",967,645,true],"1536x1536":["https:\/\/i0.wp.com\/ismaelcolosi.com.br\/wp-content\/uploads\/2024\/03\/Domingo-1-scaled.jpg?fit=967%2C645&ssl=1",967,645,true],"2048x2048":["https:\/\/i0.wp.com\/ismaelcolosi.com.br\/wp-content\/uploads\/2024\/03\/Domingo-1-scaled.jpg?fit=967%2C645&ssl=1",967,645,true],"really-simple-thumb":["https:\/\/i0.wp.com\/ismaelcolosi.com.br\/wp-content\/uploads\/2024\/03\/Domingo-1-scaled.jpg?resize=370%2C247&ssl=1",370,247,true]},"uagb_author_info":{"display_name":"ismaelcolosi.com.br","author_link":"https:\/\/ismaelcolosi.com.br\/index.php\/author\/vidareal-online\/"},"uagb_comment_info":0,"uagb_excerpt":"O Botafogo venceu o An\u00e1polis, faturou mais R$ 2,2 milh\u00f5es na Copa do Brasil e agora tem um per\u00edodo de pouco mais de um m\u00eas...","jetpack-related-posts":[{"id":25544,"url":"https:\/\/ismaelcolosi.com.br\/index.php\/2024\/01\/07\/com-reforcos-gringos-bota-se-prepara-para-temporada\/","url_meta":{"origin":42837,"position":0},"title":"Com refor\u00e7os gringos, Bota se prepara para temporada\u00a0\u00a0","author":"ismaelcolosi.com.br","date":"7 de January de 2024","format":false,"excerpt":"Ano novo, vida nova e tudo come\u00e7a outra vez. Assim \u00e9 a vida e assim \u00e9 para os clubes de futebol. No Botafogo n\u00e3o \u00e9 diferente e a prepara\u00e7\u00e3o para a temporada de 2024 est\u00e1 a todo vapor. O clube vai participar do Paulist\u00e3o, Copa do Brasil e S\u00e9rie B.\u2026","rel":"","context":"In &quot;Not\u00edcias de Ribeir\u00e3o Preto-SP e Regi\u00e3o&quot;","block_context":{"text":"Not\u00edcias de Ribeir\u00e3o Preto-SP e Regi\u00e3o","link":"https:\/\/ismaelcolosi.com.br\/index.php\/category\/noticias-de-ribeirao-preto-sp-e-regiao-ismael-colosi\/"},"img":{"alt_text":"","src":"https:\/\/i0.wp.com\/ismaelcolosi.com.br\/wp-content\/uploads\/2024\/01\/Botafogo-Leandro-Maciel-1-scaled.jpg?fit=967%2C645&ssl=1&resize=350%2C200","width":350,"height":200,"srcset":"https:\/\/i0.wp.com\/ismaelcolosi.com.br\/wp-content\/uploads\/2024\/01\/Botafogo-Leandro-Maciel-1-scaled.jpg?fit=967%2C645&ssl=1&resize=350%2C200 1x, https:\/\/i0.wp.com\/ismaelcolosi.com.br\/wp-content\/uploads\/2024\/01\/Botafogo-Leandro-Maciel-1-scaled.jpg?fit=967%2C645&ssl=1&resize=525%2C300 1.5x, https:\/\/i0.wp.com\/ismaelcolosi.com.br\/wp-content\/uploads\/2024\/01\/Botafogo-Leandro-Maciel-1-scaled.jpg?fit=967%2C645&ssl=1&resize=700%2C400 2x"},"classes":[]},{"id":2803,"url":"https:\/\/ismaelcolosi.com.br\/index.php\/2023\/11\/16\/botafogo-vai-ficar-com-a-vaga-do-santos-na-copa-do-brasil-entenda\/","url_meta":{"origin":42837,"position":1},"title":"Botafogo vai ficar com a vaga do Santos na Copa do Brasil? Entenda","author":"ismaelcolosi.com.br","date":"16 de November de 2023","format":false,"excerpt":"O Santos, um dos clubes mais tradicionais do futebol mundial, tem poucas chances de conseguir uma vaga na Copa do Brasil de 2024. J\u00e1 o Botafogo de Ribeir\u00e3o Preto torce para o Red Bull Bragantino sacramentar a vaga na Copa Libertadores de 2024, para conquistar uma das 92 vagas na\u2026","rel":"","context":"In &quot;Not\u00edcias de Ribeir\u00e3o Preto-SP e Regi\u00e3o&quot;","block_context":{"text":"Not\u00edcias de Ribeir\u00e3o Preto-SP e Regi\u00e3o","link":"https:\/\/ismaelcolosi.com.br\/index.php\/category\/noticias-de-ribeirao-preto-sp-e-regiao-ismael-colosi\/"},"img":{"alt_text":"","src":"https:\/\/i0.wp.com\/ismaelcolosi.com.br\/wp-content\/uploads\/2023\/11\/SANTOS.jpeg?fit=1200%2C960&ssl=1&resize=350%2C200","width":350,"height":200,"srcset":"https:\/\/i0.wp.com\/ismaelcolosi.com.br\/wp-content\/uploads\/2023\/11\/SANTOS.jpeg?fit=1200%2C960&ssl=1&resize=350%2C200 1x, https:\/\/i0.wp.com\/ismaelcolosi.com.br\/wp-content\/uploads\/2023\/11\/SANTOS.jpeg?fit=1200%2C960&ssl=1&resize=525%2C300 1.5x, https:\/\/i0.wp.com\/ismaelcolosi.com.br\/wp-content\/uploads\/2023\/11\/SANTOS.jpeg?fit=1200%2C960&ssl=1&resize=700%2C400 2x, https:\/\/i0.wp.com\/ismaelcolosi.com.br\/wp-content\/uploads\/2023\/11\/SANTOS.jpeg?fit=1200%2C960&ssl=1&resize=1050%2C600 3x"},"classes":[]},{"id":22668,"url":"https:\/\/ismaelcolosi.com.br\/index.php\/2023\/12\/30\/o-ano-da-dupla-come-fogo-manutencoes-campanha-historica-e-fim-de-uma-era\/","url_meta":{"origin":42837,"position":2},"title":"O ano da dupla Come-Fogo: Manuten\u00e7\u00f5es, campanha hist\u00f3rica e fim de uma era\u00a0\u00a0","author":"ismaelcolosi.com.br","date":"30 de December de 2023","format":false,"excerpt":"O ano chegou ao fim e a dupla Come-Fogo encerra mais uma temporada. Esta, com bons n\u00fameros para ambos os times. Em 2023, diferente de 2022, n\u00e3o teve acesso, por\u00e9m, as equipes deram orgulho para seus torcedores.\u00a0\u00a0Por isso, o Tribuna preparou uma retrospectiva para relembrar os pontos altos e baixos\u2026","rel":"","context":"In &quot;Not\u00edcias de Ribeir\u00e3o Preto-SP e Regi\u00e3o&quot;","block_context":{"text":"Not\u00edcias de Ribeir\u00e3o Preto-SP e Regi\u00e3o","link":"https:\/\/ismaelcolosi.com.br\/index.php\/category\/noticias-de-ribeirao-preto-sp-e-regiao-ismael-colosi\/"},"img":{"alt_text":"","src":"https:\/\/i0.wp.com\/ismaelcolosi.com.br\/wp-content\/uploads\/2023\/12\/9926bd76-bc87-4b44-b325-cbc7092645c6.jpg?fit=590%2C332&ssl=1&resize=350%2C200","width":350,"height":200,"srcset":"https:\/\/i0.wp.com\/ismaelcolosi.com.br\/wp-content\/uploads\/2023\/12\/9926bd76-bc87-4b44-b325-cbc7092645c6.jpg?fit=590%2C332&ssl=1&resize=350%2C200 1x, https:\/\/i0.wp.com\/ismaelcolosi.com.br\/wp-content\/uploads\/2023\/12\/9926bd76-bc87-4b44-b325-cbc7092645c6.jpg?fit=590%2C332&ssl=1&resize=525%2C300 1.5x"},"classes":[]},{"id":2855,"url":"https:\/\/ismaelcolosi.com.br\/index.php\/2023\/11\/16\/fpf-define-grupos-do-paulistao-2024-veja-quais-sao-os-adversarios-do-botafogo\/","url_meta":{"origin":42837,"position":3},"title":"FPF define grupos do Paulist\u00e3o 2024; Veja quais s\u00e3o os advers\u00e1rios do Botafogo","author":"ismaelcolosi.com.br","date":"16 de November de 2023","format":false,"excerpt":"O Botafogo de Ribeir\u00e3o Preto conheceu, nesta quinta-feira (16), os advers\u00e1rios de seu grupo no Paulist\u00e3o 2024, que v\u00e3o brigar por duas vagas nas quartas de final. A competi\u00e7\u00e3o estreia no dia 21 de janeiro e a final est\u00e1 prevista para acontecer no dia 7 de abril.\u00a0 Ao todo 16\u2026","rel":"","context":"In &quot;Not\u00edcias de Ribeir\u00e3o Preto-SP e Regi\u00e3o&quot;","block_context":{"text":"Not\u00edcias de Ribeir\u00e3o Preto-SP e Regi\u00e3o","link":"https:\/\/ismaelcolosi.com.br\/index.php\/category\/noticias-de-ribeirao-preto-sp-e-regiao-ismael-colosi\/"},"img":{"alt_text":"","src":"https:\/\/i0.wp.com\/ismaelcolosi.com.br\/wp-content\/uploads\/2023\/11\/botafogo_estadio_1024x576_11082020083303.jpg?fit=1024%2C575&ssl=1&resize=350%2C200","width":350,"height":200,"srcset":"https:\/\/i0.wp.com\/ismaelcolosi.com.br\/wp-content\/uploads\/2023\/11\/botafogo_estadio_1024x576_11082020083303.jpg?fit=1024%2C575&ssl=1&resize=350%2C200 1x, https:\/\/i0.wp.com\/ismaelcolosi.com.br\/wp-content\/uploads\/2023\/11\/botafogo_estadio_1024x576_11082020083303.jpg?fit=1024%2C575&ssl=1&resize=525%2C300 1.5x, https:\/\/i0.wp.com\/ismaelcolosi.com.br\/wp-content\/uploads\/2023\/11\/botafogo_estadio_1024x576_11082020083303.jpg?fit=1024%2C575&ssl=1&resize=700%2C400 2x"},"classes":[]},{"id":38650,"url":"https:\/\/ismaelcolosi.com.br\/index.php\/2024\/02\/20\/faz-o-pix-botafogo-vira-sobre-o-nova-venecia-e-avanca-na-copa-do-brasil\/","url_meta":{"origin":42837,"position":4},"title":"Faz o Pix: Botafogo vira sobre o Nova Ven\u00e9cia e avan\u00e7a na Copa do Brasil","author":"ismaelcolosi.com.br","date":"20 de February de 2024","format":false,"excerpt":"O Botafogo venceu o Nova Ven\u00e9cia por 2 a 1, de virada, na noite desta ter\u00e7a-feira (20), em jogo realizado no est\u00e1dio Jos\u00e9 Ol\u00edmpio da Rocha em \u00c1guia Branca, no Esp\u00edrito Santo, pela primeira fase da Copa do Brasil. O time advers\u00e1rio saiu na frente com gol de Diego Fernandes\u2026","rel":"","context":"In &quot;Not\u00edcias de Ribeir\u00e3o Preto-SP e Regi\u00e3o&quot;","block_context":{"text":"Not\u00edcias de Ribeir\u00e3o Preto-SP e Regi\u00e3o","link":"https:\/\/ismaelcolosi.com.br\/index.php\/category\/noticias-de-ribeirao-preto-sp-e-regiao-ismael-colosi\/"},"img":{"alt_text":"","src":"https:\/\/i0.wp.com\/ismaelcolosi.com.br\/wp-content\/uploads\/2024\/02\/Copia-de-Copia-de-TAMANHO-EXATO-PARA-FOTOS-NO-SISTEMA-NOVO-43.png?fit=1200%2C675&ssl=1&resize=350%2C200","width":350,"height":200,"srcset":"https:\/\/i0.wp.com\/ismaelcolosi.com.br\/wp-content\/uploads\/2024\/02\/Copia-de-Copia-de-TAMANHO-EXATO-PARA-FOTOS-NO-SISTEMA-NOVO-43.png?fit=1200%2C675&ssl=1&resize=350%2C200 1x, https:\/\/i0.wp.com\/ismaelcolosi.com.br\/wp-content\/uploads\/2024\/02\/Copia-de-Copia-de-TAMANHO-EXATO-PARA-FOTOS-NO-SISTEMA-NOVO-43.png?fit=1200%2C675&ssl=1&resize=525%2C300 1.5x, https:\/\/i0.wp.com\/ismaelcolosi.com.br\/wp-content\/uploads\/2024\/02\/Copia-de-Copia-de-TAMANHO-EXATO-PARA-FOTOS-NO-SISTEMA-NOVO-43.png?fit=1200%2C675&ssl=1&resize=700%2C400 2x, https:\/\/i0.wp.com\/ismaelcolosi.com.br\/wp-content\/uploads\/2024\/02\/Copia-de-Copia-de-TAMANHO-EXATO-PARA-FOTOS-NO-SISTEMA-NOVO-43.png?fit=1200%2C675&ssl=1&resize=1050%2C600 3x"},"classes":[]},{"id":37111,"url":"https:\/\/ismaelcolosi.com.br\/index.php\/2024\/02\/14\/botafogo-encara-o-corinthians-no-santa-cruz-2\/","url_meta":{"origin":42837,"position":5},"title":"Botafogo encara o Corinthians no Santa Cruz","author":"ismaelcolosi.com.br","date":"14 de February de 2024","format":false,"excerpt":"14 de fevereiro de 2024 | 12:4014 de fevereiro de 2024 | 12:42 0O Botafogo volta a jogar pelo Paulist\u00e3o nesta quarta-feira. O advers\u00e1rio ser\u00e1 o Corinthians. A expectativa \u00e9 de grande p\u00fablico no Est\u00e1dio Santa Cruz. O jogo, v\u00e1lido pela oitava rodada, acontece \u00e0s 21h35.Patroc\u00ednio \u2013 O Pantera estreia\u2026","rel":"","context":"In &quot;Not\u00edcias de Ribeir\u00e3o Preto-SP e Regi\u00e3o&quot;","block_context":{"text":"Not\u00edcias de Ribeir\u00e3o Preto-SP e Regi\u00e3o","link":"https:\/\/ismaelcolosi.com.br\/index.php\/category\/noticias-de-ribeirao-preto-sp-e-regiao-ismael-colosi\/"},"img":{"alt_text":"","src":"https:\/\/i0.wp.com\/ismaelcolosi.com.br\/wp-content\/uploads\/2024\/02\/53525014463_c0ae8452ca_o-scaled.jpg?fit=967%2C645&ssl=1&resize=350%2C200","width":350,"height":200,"srcset":"https:\/\/i0.wp.com\/ismaelcolosi.com.br\/wp-content\/uploads\/2024\/02\/53525014463_c0ae8452ca_o-scaled.jpg?fit=967%2C645&ssl=1&resize=350%2C200 1x, https:\/\/i0.wp.com\/ismaelcolosi.com.br\/wp-content\/uploads\/2024\/02\/53525014463_c0ae8452ca_o-scaled.jpg?fit=967%2C645&ssl=1&resize=525%2C300 1.5x, https:\/\/i0.wp.com\/ismaelcolosi.com.br\/wp-content\/uploads\/2024\/02\/53525014463_c0ae8452ca_o-scaled.jpg?fit=967%2C645&ssl=1&resize=700%2C400 2x"},"classes":[]}],"jetpack_sharing_enabled":true,"jetpack_shortlink":"https:\/\/wp.me\/pfMlyK-b8V","_links":{"self":[{"href":"https:\/\/ismaelcolosi.com.br\/index.php\/wp-json\/wp\/v2\/posts\/42837","targetHints":{"allow":["GET"]}}],"collection":[{"href":"https:\/\/ismaelcolosi.com.br\/index.php\/wp-json\/wp\/v2\/posts"}],"about":[{"href":"https:\/\/ismaelcolosi.com.br\/index.php\/wp-json\/wp\/v2\/types\/post"}],"author":[{"embeddable":true,"href":"https:\/\/ismaelcolosi.com.br\/index.php\/wp-json\/wp\/v2\/users\/1"}],"replies":[{"embeddable":true,"href":"https:\/\/ismaelcolosi.com.br\/index.php\/wp-json\/wp\/v2\/comments?post=42837"}],"version-history":[{"count":0,"href":"https:\/\/ismaelcolosi.com.br\/index.php\/wp-json\/wp\/v2\/posts\/42837\/revisions"}],"wp:featuredmedia":[{"embeddable":true,"href":"https:\/\/ismaelcolosi.com.br\/index.php\/wp-json\/wp\/v2\/media\/42838"}],"wp:attachment":[{"href":"https:\/\/ismaelcolosi.com.br\/index.php\/wp-json\/wp\/v2\/media?parent=42837"}],"wp:term":[{"taxonomy":"category","embeddable":true,"href":"https:\/\/ismaelcolosi.com.br\/index.php\/wp-json\/wp\/v2\/categories?post=42837"},{"taxonomy":"post_tag","embeddable":true,"href":"https:\/\/ismaelcolosi.com.br\/index.php\/wp-json\/wp\/v2\/tags?post=42837"}],"curies":[{"name":"wp","href":"https:\/\/api.w.org\/{rel}","templated":true}]}}