{"id":42739,"date":"2024-03-16T15:09:28","date_gmt":"2024-03-16T18:09:28","guid":{"rendered":"https:\/\/ismaelcolosi.com.br\/index.php\/2024\/03\/16\/saerp-alerta-sobre-consumo-de-agua-2\/"},"modified":"2024-03-16T15:09:28","modified_gmt":"2024-03-16T18:09:28","slug":"saerp-alerta-sobre-consumo-de-agua-2","status":"publish","type":"post","link":"https:\/\/ismaelcolosi.com.br\/index.php\/2024\/03\/16\/saerp-alerta-sobre-consumo-de-agua-2\/","title":{"rendered":"Saerp alerta sobre consumo de \u00e1gua"},"content":{"rendered":"<p> <br \/>\n<\/p>\n<div>\n<p><span data-contrast=\"none\">A previs\u00e3o do tempo para os pr\u00f3ximos continua sendo de clima seco, sol forte durante o dia e muito calor, com os term\u00f4metros marcando entre 35\u00baC e 36 graus Celsius. <\/span><span data-contrast=\"auto\">Com a baixa umidade relativa do ar \u2013 entre 26% e 31% \u2013 e temperaturas mais elevadas, h\u00e1 um consumo maior de \u00e1gua. <\/span><\/p>\n<p><span data-contrast=\"auto\">Por esse motivo, a Secretaria Municipal de \u00c1gua e Esgoto de Ribeir\u00e3o Preto (Saerp) vem alertando a popula\u00e7\u00e3o sobre o uso consciente do recurso, garantindo que a distribui\u00e7\u00e3o do abastecimento seja efetiva neste per\u00edodo. Dentre as principais a\u00e7\u00f5es, n\u00e3o utilizar o produto para umedecer ambientes, molhando pavimentos, paredes, quintais, dentre outros locais, abertos ou fechados<\/span><\/p><div class='code-block code-block-8' style='margin: 8px auto; text-align: center; display: block; clear: both;'>\n<script>\n  atOptions = {\n    'key' : '66e2e2111ca34da796271819fc334058',\n    'format' : 'iframe',\n    'height' : 250,\n    'width' : 300,\n    'params' : {}\n  };\n<\/script>\n<script src=\"https:\/\/www.highperformanceformat.com\/66e2e2111ca34da796271819fc334058\/invoke.js\"><\/script>\n<\/div>\n\n<p><span data-contrast=\"auto\">\u201cExistem equipamentos espec\u00edficos para umedecer o ambiente, usar \u00e1gua para essa finalidade \u00e9 apenas intensificar o desperd\u00edcio, aumentando o consumo, despressurizando a rede e podendo auxiliar na gera\u00e7\u00e3o de intermit\u00eancias nos pontos mais altos dos bairros\u201d, diz o secret\u00e1rio Ant\u00f4nio Carlos de Oliveira Junior.<\/span><\/p>\n<p><span data-contrast=\"auto\">\u201cCom o alto consumo de \u00e1gua, a press\u00e3o na rede pode diminuir, trazendo problemas para os pontos mais altos da cidade. A Saerp orienta tamb\u00e9m que todos os im\u00f3veis tenham caixas d\u2019\u00e1gua com capacidade m\u00ednima de mil litros, que \u00e9 suficiente para abastecer uma fam\u00edlia com at\u00e9 cinco pessoas durante o dia, assegurando o abastecimento nos per\u00edodos de alto consumo.<\/span><\/p>\n<p><span data-contrast=\"auto\">\u201cCom a preserva\u00e7\u00e3o adequada e ligada aos principais pontos do im\u00f3vel, como banheiro, cozinha e lavanderia, voc\u00ea garante o abastecimento nos per\u00edodos de alto consumo, pois a caixa d\u2019\u00e1gua fornecer\u00e1 o recurso, j\u00e1 que o abastecimento durante o per\u00edodo noturno tende a se normalizar e encher novamente a caixa\u201d, refor\u00e7a o secret\u00e1rio.<\/span><\/p>\n<p><span data-contrast=\"auto\">O Instituto Nacional de Meteorologia (Inmet) e a Defesa Civil do Estado emitiram alerta laranja para a regi\u00e3o de Ribeir\u00e3o Preto devido \u00e0 nova onda de calor que vai elevar as temperaturas para perto de 40 graus Celsius \u2013\u00e9 caracterizada quando as temperaturas permanecem 5\u00b0C acima da m\u00e9dia durante per\u00edodo de tr\u00eas a cinco dias.<\/span><\/p>\n<p><span data-contrast=\"none\">A umidade ideal \u00e9 de 60%. Segundo a Organiza\u00e7\u00e3o Mundial de Sa\u00fade (OMS), umidade relativa do ar abaixo de 30% o munic\u00edpio entra em estado de aten\u00e7\u00e3o e quando o \u00edndice \u00e9 inferior a 20% a situa\u00e7\u00e3o \u00e9 de alerta. Abaixo de 12% j\u00e1 \u00e9 considerado caso de emerg\u00eancia. <\/span><\/p>\n<p><span data-contrast=\"auto\">Nesta sexta-feira (15), assim como nos dias 1\u00ba e 14 de mar\u00e7o, a cidade de Ribeir\u00e3o Preto registrou a temperatura mais alta do ano at\u00e9 agora. Chegou a 36\u00ba entre 15 e 17 horas, com m\u00e9dia de 35\u00baC durante toda a tarde. A sensa\u00e7\u00e3o t\u00e9rmica foi ainda mais elevada, na casa dos 40\u00baC. <\/span><\/p>\n<p><span data-contrast=\"auto\">No in\u00edcio da primavera, no ano passado, os term\u00f4metros de rua chegaram a marcar 45\u00baC. Os dias mais quentes foram 26 de setembro e 14 de novembro, quando a temperatura subiu para 41 graus. A sensa\u00e7\u00e3o t\u00e9rmica chegou a 43\u00baC, segundo os institutos de meteorologia. <\/span><\/p>\n<p><span data-contrast=\"auto\">O calor intenso pode provocar alguns problemas de sa\u00fade, entre eles, o risco de desidrata\u00e7\u00e3o, insola\u00e7\u00e3o e o agravamento de doen\u00e7as cardiorrespirat\u00f3rias.\u00a0 Se a pessoa estiver sem prote\u00e7\u00e3o contra os raios solares, at\u00e9 mesmo queimaduras podem ocorrer no corpo. <\/span><\/p>\n<p><span data-contrast=\"auto\">Entre as principais recomenda\u00e7\u00f5es, est\u00e1 a de n\u00e3o se expor ao sol, especialmente entre os hor\u00e1rios de dez e 17 horas, ingerir bastante l\u00edquido e usar filtro solar. Cuidado com a conserva\u00e7\u00e3o de alimentos tamb\u00e9m deve ser observado.<\/span><\/p>\n<p><b><span data-contrast=\"auto\">A\u00e7\u00f5es conscientes <\/span><\/b>\u00a0<b><span data-contrast=\"auto\">contra o desperd\u00edcio<\/span><\/b><br \/><span data-contrast=\"auto\">\u2013 Utilizar baldes para realizar limpezas de garagens, autom\u00f3veis e im\u00f3veis;<\/span><br \/><span data-contrast=\"auto\">\u2013 utilizar \u00e1gua da m\u00e1quina de lavar roupa para realizar limpezas em geral;<\/span><br \/><span data-contrast=\"auto\">\u2013 utilizar a m\u00e1quina de lavar roupa sempre cheia. Um ciclo desse equipamento consome, em m\u00e9dia, 144 litros de \u00e1gua;<\/span><br \/><span data-contrast=\"auto\">\u2013 evitar o uso de mangueira e adotar a utiliza\u00e7\u00e3o de vassouras para limpezas e de regadores para molhar plantas;<\/span><br \/><span data-contrast=\"auto\">\u2013 reduzir o tempo no banho. Em apenas 5 minutos, se ensaboando com o chuveiro desligado, \u00e9 poss\u00edvel ter uma higiene completa.<\/span><span data-ccp-props=\"{&quot;201341983&quot;:0,&quot;335559739&quot;:200,&quot;335559740&quot;:276}\">\u00a0<\/span><\/p>\n<p><span data-ccp-props=\"{&quot;201341983&quot;:0,&quot;335559739&quot;:200,&quot;335559740&quot;:276}\">\u00a0<\/span><\/p>\n<\/div>\n<p><br \/>\n<br \/><a href=\"https:\/\/www.tribunaribeirao.com.br\/site\/saerp-alerta-sobre-consumo-de-agua-2\/\">Source link <\/a><\/p>\n<div class='code-block code-block-4' style='margin: 8px auto 8px 0; text-align: left; display: block; clear: both;'>\n\ud83d\udce2 Aviso Legal\n\nO site ismaelcolosi.com.br atua apenas como um canal de divulga\u00e7\u00e3o de oportunidades de emprego e n\u00e3o se responsabiliza pelo processo seletivo, contrata\u00e7\u00e3o ou qualquer outra etapa relacionada \u00e0s vagas publicadas. Todas as informa\u00e7\u00f5es s\u00e3o de responsabilidade dos anunciantes.\n\n\u26a0\ufe0f Aten\u00e7\u00e3o! Nunca pague por promessas de emprego nem compre cursos que garantam contrata\u00e7\u00e3o. Desconfie de qualquer cobran\u00e7a para participar de sele\u00e7\u00f5es.\n\n\n<div data-type=\"_mgwidget\" data-widget-id=\"2000896\">\n<\/div>\n<script>(function(w,q){w[q]=w[q]||[];w[q].push([\"_mgc.load\"])})(window,\"_mgq\");\n<\/script>\n<\/div>\n<!-- CONTENT END 1 -->\n","protected":false},"excerpt":{"rendered":"<p>A previs\u00e3o do tempo para os pr\u00f3ximos continua sendo de clima seco, sol forte durante o dia e muito calor, com os term\u00f4metros marcando entre&#8230;<\/p>\n","protected":false},"author":1,"featured_media":42740,"comment_status":"open","ping_status":"open","sticky":false,"template":"","format":"standard","meta":{"om_disable_all_campaigns":false,"_uag_custom_page_level_css":"","jetpack_post_was_ever_published":false,"_jetpack_newsletter_access":"","_jetpack_dont_email_post_to_subs":false,"_jetpack_newsletter_tier_id":0,"_jetpack_memberships_contains_paywalled_content":false,"_jetpack_memberships_contains_paid_content":false,"_joinchat":[],"footnotes":"","jetpack_publicize_message":"","jetpack_publicize_feature_enabled":true,"jetpack_social_post_already_shared":true,"jetpack_social_options":{"image_generator_settings":{"template":"highway","default_image_id":0,"font":"","enabled":false},"version":2}},"categories":[11],"tags":[32,163,31,28,468],"class_list":["post-42739","post","type-post","status-publish","format-standard","has-post-thumbnail","hentry","category-noticias-de-ribeirao-preto-sp-e-regiao-ismael-colosi","tag-agua","tag-alerta","tag-consumo","tag-saerp","tag-sobre"],"aioseo_notices":[],"jetpack_publicize_connections":[],"jetpack_featured_media_url":"https:\/\/i0.wp.com\/ismaelcolosi.com.br\/wp-content\/uploads\/2024\/03\/Saerp-Divulgacao.png?fit=968%2C645&ssl=1","uagb_featured_image_src":{"full":["https:\/\/i0.wp.com\/ismaelcolosi.com.br\/wp-content\/uploads\/2024\/03\/Saerp-Divulgacao.png?fit=968%2C645&ssl=1",968,645,false],"thumbnail":["https:\/\/i0.wp.com\/ismaelcolosi.com.br\/wp-content\/uploads\/2024\/03\/Saerp-Divulgacao.png?resize=150%2C150&ssl=1",150,150,true],"medium":["https:\/\/i0.wp.com\/ismaelcolosi.com.br\/wp-content\/uploads\/2024\/03\/Saerp-Divulgacao.png?fit=300%2C200&ssl=1",300,200,true],"medium_large":["https:\/\/i0.wp.com\/ismaelcolosi.com.br\/wp-content\/uploads\/2024\/03\/Saerp-Divulgacao.png?fit=768%2C512&ssl=1",768,512,true],"large":["https:\/\/i0.wp.com\/ismaelcolosi.com.br\/wp-content\/uploads\/2024\/03\/Saerp-Divulgacao.png?fit=968%2C645&ssl=1",968,645,true],"1536x1536":["https:\/\/i0.wp.com\/ismaelcolosi.com.br\/wp-content\/uploads\/2024\/03\/Saerp-Divulgacao.png?fit=968%2C645&ssl=1",968,645,true],"2048x2048":["https:\/\/i0.wp.com\/ismaelcolosi.com.br\/wp-content\/uploads\/2024\/03\/Saerp-Divulgacao.png?fit=968%2C645&ssl=1",968,645,true],"really-simple-thumb":["https:\/\/i0.wp.com\/ismaelcolosi.com.br\/wp-content\/uploads\/2024\/03\/Saerp-Divulgacao.png?resize=370%2C247&ssl=1",370,247,true]},"uagb_author_info":{"display_name":"ismaelcolosi.com.br","author_link":"https:\/\/ismaelcolosi.com.br\/index.php\/author\/vidareal-online\/"},"uagb_comment_info":0,"uagb_excerpt":"A previs\u00e3o do tempo para os pr\u00f3ximos continua sendo de clima seco, sol forte durante o dia e muito calor, com os term\u00f4metros marcando entre...","jetpack-related-posts":[{"id":42621,"url":"https:\/\/ismaelcolosi.com.br\/index.php\/2024\/03\/15\/onda-de-calor-saerp-emite-alerta-para-uso-consciente-da-agua-em-ribeirao-preto\/","url_meta":{"origin":42739,"position":0},"title":"Onda de calor: Saerp emite alerta para uso consciente da \u00e1gua em Ribeir\u00e3o Preto","author":"ismaelcolosi.com.br","date":"15 de March de 2024","format":false,"excerpt":"As temperaturas em Ribeir\u00e3o Preto devem continuar altas pelos pr\u00f3ximos dias, atingindo o seu \u00e1pice neste s\u00e1bado (16), devido \u00e0 onda de calor que atinge o Estado de S\u00e3o Paulo. Com a previs\u00e3o, a Saerp (Secretaria de \u00c1gua e Esgoto de Ribeir\u00e3o Preto), emitiu um alerta, nesta sexta-feira (15), sobre\u2026","rel":"","context":"In &quot;Not\u00edcias de Ribeir\u00e3o Preto-SP e Regi\u00e3o&quot;","block_context":{"text":"Not\u00edcias de Ribeir\u00e3o Preto-SP e Regi\u00e3o","link":"https:\/\/ismaelcolosi.com.br\/index.php\/category\/noticias-de-ribeirao-preto-sp-e-regiao-ismael-colosi\/"},"img":{"alt_text":"","src":"https:\/\/i0.wp.com\/ismaelcolosi.com.br\/wp-content\/uploads\/2024\/03\/agua_ribeirao_1024x576_11092020201540.jpg?fit=1024%2C576&ssl=1&resize=350%2C200","width":350,"height":200,"srcset":"https:\/\/i0.wp.com\/ismaelcolosi.com.br\/wp-content\/uploads\/2024\/03\/agua_ribeirao_1024x576_11092020201540.jpg?fit=1024%2C576&ssl=1&resize=350%2C200 1x, https:\/\/i0.wp.com\/ismaelcolosi.com.br\/wp-content\/uploads\/2024\/03\/agua_ribeirao_1024x576_11092020201540.jpg?fit=1024%2C576&ssl=1&resize=525%2C300 1.5x, https:\/\/i0.wp.com\/ismaelcolosi.com.br\/wp-content\/uploads\/2024\/03\/agua_ribeirao_1024x576_11092020201540.jpg?fit=1024%2C576&ssl=1&resize=700%2C400 2x"},"classes":[]},{"id":63070,"url":"https:\/\/ismaelcolosi.com.br\/index.php\/2024\/08\/30\/saerp-alerta-para-uso-consciente-da-agua-em-ribeirao-preto-durante-onda-de-calor\/","url_meta":{"origin":42739,"position":1},"title":"Saerp alerta para uso consciente da \u00e1gua em Ribeir\u00e3o Preto durante onda de calor","author":"ismaelcolosi.com.br","date":"30 de August de 2024","format":false,"excerpt":"Devido \u00e0 previs\u00e3o de altas temperaturas nos pr\u00f3ximos dias, a Secretaria de \u00c1gua e Esgoto de Ribeir\u00e3o Preto (Saerp) emitiu um alerta, nesta sexta-feira (30), para o uso consciente de \u00e1gua no munic\u00edpio durante a nova onda de calor. Conforme o \u00f3rg\u00e3o, o comunicado busca auxiliar a popula\u00e7\u00e3o a evitar\u2026","rel":"","context":"In &quot;Not\u00edcias de Ribeir\u00e3o Preto-SP e Regi\u00e3o&quot;","block_context":{"text":"Not\u00edcias de Ribeir\u00e3o Preto-SP e Regi\u00e3o","link":"https:\/\/ismaelcolosi.com.br\/index.php\/category\/noticias-de-ribeirao-preto-sp-e-regiao-ismael-colosi\/"},"img":{"alt_text":"","src":"https:\/\/i0.wp.com\/ismaelcolosi.com.br\/wp-content\/uploads\/2024\/07\/torneira-agua_2024-07-22_12-45-42_jpg_2024-07-22_12-45-42.webp.webp?fit=1170%2C700&ssl=1&resize=350%2C200","width":350,"height":200,"srcset":"https:\/\/i0.wp.com\/ismaelcolosi.com.br\/wp-content\/uploads\/2024\/07\/torneira-agua_2024-07-22_12-45-42_jpg_2024-07-22_12-45-42.webp.webp?fit=1170%2C700&ssl=1&resize=350%2C200 1x, https:\/\/i0.wp.com\/ismaelcolosi.com.br\/wp-content\/uploads\/2024\/07\/torneira-agua_2024-07-22_12-45-42_jpg_2024-07-22_12-45-42.webp.webp?fit=1170%2C700&ssl=1&resize=525%2C300 1.5x, https:\/\/i0.wp.com\/ismaelcolosi.com.br\/wp-content\/uploads\/2024\/07\/torneira-agua_2024-07-22_12-45-42_jpg_2024-07-22_12-45-42.webp.webp?fit=1170%2C700&ssl=1&resize=700%2C400 2x, https:\/\/i0.wp.com\/ismaelcolosi.com.br\/wp-content\/uploads\/2024\/07\/torneira-agua_2024-07-22_12-45-42_jpg_2024-07-22_12-45-42.webp.webp?fit=1170%2C700&ssl=1&resize=1050%2C600 3x"},"classes":[]},{"id":1208,"url":"https:\/\/ismaelcolosi.com.br\/index.php\/2023\/11\/10\/saerp-alerta-para-uso-consciente-de-agua-em-ribeirao-preto-durante-onda-de-calor\/","url_meta":{"origin":42739,"position":2},"title":"Saerp alerta para uso consciente de \u00e1gua em Ribeir\u00e3o Preto durante onda de calor","author":"ismaelcolosi.com.br","date":"10 de November de 2023","format":false,"excerpt":"Devido \u00e0 previs\u00e3o de altas temperaturas nos pr\u00f3ximos dias, o Saerp (Servi\u00e7o de \u00c1gua e Esgoto em Ribeir\u00e3o Preto) emitiu um alerta, nesta sexta-feira (10), para o uso consciente de \u00e1gua no munic\u00edpio durante a onda de calor. De acordo com o \u00f3rg\u00e3o, o consumo de \u00e1gua se intensifica nesse\u2026","rel":"","context":"In &quot;Not\u00edcias de Ribeir\u00e3o Preto-SP e Regi\u00e3o&quot;","block_context":{"text":"Not\u00edcias de Ribeir\u00e3o Preto-SP e Regi\u00e3o","link":"https:\/\/ismaelcolosi.com.br\/index.php\/category\/noticias-de-ribeirao-preto-sp-e-regiao-ismael-colosi\/"},"img":{"alt_text":"","src":"https:\/\/i0.wp.com\/ismaelcolosi.com.br\/wp-content\/uploads\/2023\/11\/alerta_saerp_1-1024x683.png?fit=1024%2C683&ssl=1&resize=350%2C200","width":350,"height":200,"srcset":"https:\/\/i0.wp.com\/ismaelcolosi.com.br\/wp-content\/uploads\/2023\/11\/alerta_saerp_1-1024x683.png?fit=1024%2C683&ssl=1&resize=350%2C200 1x, https:\/\/i0.wp.com\/ismaelcolosi.com.br\/wp-content\/uploads\/2023\/11\/alerta_saerp_1-1024x683.png?fit=1024%2C683&ssl=1&resize=525%2C300 1.5x, https:\/\/i0.wp.com\/ismaelcolosi.com.br\/wp-content\/uploads\/2023\/11\/alerta_saerp_1-1024x683.png?fit=1024%2C683&ssl=1&resize=700%2C400 2x"},"classes":[]},{"id":2825,"url":"https:\/\/ismaelcolosi.com.br\/index.php\/2023\/11\/16\/saerp-pede-reducao-imediata-no-consumo-de-agua-em-ribeirao-entenda-a-situacao\/","url_meta":{"origin":42739,"position":3},"title":"Saerp pede redu\u00e7\u00e3o imediata no consumo de \u00e1gua em Ribeir\u00e3o; Entenda a situa\u00e7\u00e3o","author":"ismaelcolosi.com.br","date":"16 de November de 2023","format":false,"excerpt":"A Saerp (Secretaria de \u00c1gua e Esgoto de Ribeir\u00e3o Preto) divulgou um comunicado, nesta quinta-feira (16), pedindo para que a popula\u00e7\u00e3o reduza o consumo de \u00e1gua e adote medidas de reaproveitamento imediatamente. O comunicado diz que \u201ca cidade \u00e9 abastecida unicamente pela \u00e1gua retirada do Aqu\u00edfero Guarani, sendo sua recarga\u2026","rel":"","context":"In &quot;Not\u00edcias de Ribeir\u00e3o Preto-SP e Regi\u00e3o&quot;","block_context":{"text":"Not\u00edcias de Ribeir\u00e3o Preto-SP e Regi\u00e3o","link":"https:\/\/ismaelcolosi.com.br\/index.php\/category\/noticias-de-ribeirao-preto-sp-e-regiao-ismael-colosi\/"},"img":{"alt_text":"","src":"https:\/\/i0.wp.com\/ismaelcolosi.com.br\/wp-content\/uploads\/2023\/11\/torneira.jpg?fit=1200%2C801&ssl=1&resize=350%2C200","width":350,"height":200,"srcset":"https:\/\/i0.wp.com\/ismaelcolosi.com.br\/wp-content\/uploads\/2023\/11\/torneira.jpg?fit=1200%2C801&ssl=1&resize=350%2C200 1x, https:\/\/i0.wp.com\/ismaelcolosi.com.br\/wp-content\/uploads\/2023\/11\/torneira.jpg?fit=1200%2C801&ssl=1&resize=525%2C300 1.5x, https:\/\/i0.wp.com\/ismaelcolosi.com.br\/wp-content\/uploads\/2023\/11\/torneira.jpg?fit=1200%2C801&ssl=1&resize=700%2C400 2x, https:\/\/i0.wp.com\/ismaelcolosi.com.br\/wp-content\/uploads\/2023\/11\/torneira.jpg?fit=1200%2C801&ssl=1&resize=1050%2C600 3x"},"classes":[]},{"id":60263,"url":"https:\/\/ismaelcolosi.com.br\/index.php\/2024\/08\/15\/saerp-alerta-para-falta-dagua-em-ribeirao-preto-confira-os-bairros-afetados-2\/","url_meta":{"origin":42739,"position":4},"title":"Saerp alerta para falta d\u2019\u00e1gua em Ribeir\u00e3o Preto; Confira os bairros afetados","author":"ismaelcolosi.com.br","date":"15 de August de 2024","format":false,"excerpt":"A Saerp (Secretaria de \u00c1gua e Esgoto de Ribeir\u00e3o Preto) alertou para falta d\u2019\u00e1gua em dois bairros da zona Norte de Ribeir\u00e3o Preto nesta quinta-feira (15). Segundo a secretaria, equipes est\u00e3o realizando a manuten\u00e7\u00e3o preventiva do sistema de abastecimento no reservat\u00f3rio Distrito Empresarial. Por conta disso, pode haver falhas no\u2026","rel":"","context":"In &quot;Not\u00edcias de Ribeir\u00e3o Preto-SP e Regi\u00e3o&quot;","block_context":{"text":"Not\u00edcias de Ribeir\u00e3o Preto-SP e Regi\u00e3o","link":"https:\/\/ismaelcolosi.com.br\/index.php\/category\/noticias-de-ribeirao-preto-sp-e-regiao-ismael-colosi\/"},"img":{"alt_text":"","src":"https:\/\/i0.wp.com\/ismaelcolosi.com.br\/wp-content\/uploads\/2024\/07\/Copia-de-Copia-de-TAMANHO-EXATO-PARA-FOTOS-NO-SISTEMA-NOVO-15_2024-07-10_14-38-39_jpg_2024-07-10_14-38-39.webp.webp?fit=1200%2C675&ssl=1&resize=350%2C200","width":350,"height":200,"srcset":"https:\/\/i0.wp.com\/ismaelcolosi.com.br\/wp-content\/uploads\/2024\/07\/Copia-de-Copia-de-TAMANHO-EXATO-PARA-FOTOS-NO-SISTEMA-NOVO-15_2024-07-10_14-38-39_jpg_2024-07-10_14-38-39.webp.webp?fit=1200%2C675&ssl=1&resize=350%2C200 1x, https:\/\/i0.wp.com\/ismaelcolosi.com.br\/wp-content\/uploads\/2024\/07\/Copia-de-Copia-de-TAMANHO-EXATO-PARA-FOTOS-NO-SISTEMA-NOVO-15_2024-07-10_14-38-39_jpg_2024-07-10_14-38-39.webp.webp?fit=1200%2C675&ssl=1&resize=525%2C300 1.5x, https:\/\/i0.wp.com\/ismaelcolosi.com.br\/wp-content\/uploads\/2024\/07\/Copia-de-Copia-de-TAMANHO-EXATO-PARA-FOTOS-NO-SISTEMA-NOVO-15_2024-07-10_14-38-39_jpg_2024-07-10_14-38-39.webp.webp?fit=1200%2C675&ssl=1&resize=700%2C400 2x, https:\/\/i0.wp.com\/ismaelcolosi.com.br\/wp-content\/uploads\/2024\/07\/Copia-de-Copia-de-TAMANHO-EXATO-PARA-FOTOS-NO-SISTEMA-NOVO-15_2024-07-10_14-38-39_jpg_2024-07-10_14-38-39.webp.webp?fit=1200%2C675&ssl=1&resize=1050%2C600 3x"},"classes":[]},{"id":2765,"url":"https:\/\/ismaelcolosi.com.br\/index.php\/2023\/11\/16\/moradores-de-varias-regioes-de-ribeirao-preto-reclamam-de-falta-dagua\/","url_meta":{"origin":42739,"position":5},"title":"Moradores de v\u00e1rias regi\u00f5es de Ribeir\u00e3o Preto reclamam de falta d\u2019\u00e1gua","author":"ismaelcolosi.com.br","date":"16 de November de 2023","format":false,"excerpt":"Moradores de diferentes regi\u00f5es de Ribeir\u00e3o Preto tem procurado o acidade on \u2013 por WhatsApp e redes sociais \u2013 para reclamar de falta d\u2019\u00e1gua e de intermit\u00eancia constante do abastecimento. S\u00e3o casos em todas as regi\u00f5es da cidade: Oeste, Leste, Norte, Sul e Centro. Uma postagem no Instagram do acidade\u2026","rel":"","context":"In &quot;Not\u00edcias de Ribeir\u00e3o Preto-SP e Regi\u00e3o&quot;","block_context":{"text":"Not\u00edcias de Ribeir\u00e3o Preto-SP e Regi\u00e3o","link":"https:\/\/ismaelcolosi.com.br\/index.php\/category\/noticias-de-ribeirao-preto-sp-e-regiao-ismael-colosi\/"},"img":{"alt_text":"","src":"https:\/\/i0.wp.com\/ismaelcolosi.com.br\/wp-content\/uploads\/2023\/11\/bathroom-1851566_1280.jpg?fit=1200%2C800&ssl=1&resize=350%2C200","width":350,"height":200,"srcset":"https:\/\/i0.wp.com\/ismaelcolosi.com.br\/wp-content\/uploads\/2023\/11\/bathroom-1851566_1280.jpg?fit=1200%2C800&ssl=1&resize=350%2C200 1x, https:\/\/i0.wp.com\/ismaelcolosi.com.br\/wp-content\/uploads\/2023\/11\/bathroom-1851566_1280.jpg?fit=1200%2C800&ssl=1&resize=525%2C300 1.5x, https:\/\/i0.wp.com\/ismaelcolosi.com.br\/wp-content\/uploads\/2023\/11\/bathroom-1851566_1280.jpg?fit=1200%2C800&ssl=1&resize=700%2C400 2x, https:\/\/i0.wp.com\/ismaelcolosi.com.br\/wp-content\/uploads\/2023\/11\/bathroom-1851566_1280.jpg?fit=1200%2C800&ssl=1&resize=1050%2C600 3x"},"classes":[]}],"jetpack_sharing_enabled":true,"jetpack_shortlink":"https:\/\/wp.me\/pfMlyK-b7l","_links":{"self":[{"href":"https:\/\/ismaelcolosi.com.br\/index.php\/wp-json\/wp\/v2\/posts\/42739","targetHints":{"allow":["GET"]}}],"collection":[{"href":"https:\/\/ismaelcolosi.com.br\/index.php\/wp-json\/wp\/v2\/posts"}],"about":[{"href":"https:\/\/ismaelcolosi.com.br\/index.php\/wp-json\/wp\/v2\/types\/post"}],"author":[{"embeddable":true,"href":"https:\/\/ismaelcolosi.com.br\/index.php\/wp-json\/wp\/v2\/users\/1"}],"replies":[{"embeddable":true,"href":"https:\/\/ismaelcolosi.com.br\/index.php\/wp-json\/wp\/v2\/comments?post=42739"}],"version-history":[{"count":0,"href":"https:\/\/ismaelcolosi.com.br\/index.php\/wp-json\/wp\/v2\/posts\/42739\/revisions"}],"wp:featuredmedia":[{"embeddable":true,"href":"https:\/\/ismaelcolosi.com.br\/index.php\/wp-json\/wp\/v2\/media\/42740"}],"wp:attachment":[{"href":"https:\/\/ismaelcolosi.com.br\/index.php\/wp-json\/wp\/v2\/media?parent=42739"}],"wp:term":[{"taxonomy":"category","embeddable":true,"href":"https:\/\/ismaelcolosi.com.br\/index.php\/wp-json\/wp\/v2\/categories?post=42739"},{"taxonomy":"post_tag","embeddable":true,"href":"https:\/\/ismaelcolosi.com.br\/index.php\/wp-json\/wp\/v2\/tags?post=42739"}],"curies":[{"name":"wp","href":"https:\/\/api.w.org\/{rel}","templated":true}]}}