{"id":42711,"date":"2024-03-16T11:20:05","date_gmt":"2024-03-16T14:20:05","guid":{"rendered":"https:\/\/ismaelcolosi.com.br\/index.php\/2024\/03\/16\/fundacao-do-livro-e-leitura-tem-programacao-gratuita-saiba-mais\/"},"modified":"2024-03-16T11:20:05","modified_gmt":"2024-03-16T14:20:05","slug":"fundacao-do-livro-e-leitura-tem-programacao-gratuita-saiba-mais","status":"publish","type":"post","link":"https:\/\/ismaelcolosi.com.br\/index.php\/2024\/03\/16\/fundacao-do-livro-e-leitura-tem-programacao-gratuita-saiba-mais\/","title":{"rendered":"Funda\u00e7\u00e3o do Livro e Leitura tem programa\u00e7\u00e3o gratuita; Saiba mais"},"content":{"rendered":"<p> <br \/>\n<\/p>\n<div>\n<p>A <strong>Funda\u00e7\u00e3o do Livro e Leitura <\/strong>conta com uma<strong> programa\u00e7\u00e3o <\/strong>especial neste m\u00eas de<strong> mar\u00e7o com op\u00e7\u00f5es de<\/strong> <strong>cultura<\/strong>, <strong>lazer<\/strong> e <strong>di\u00e1logo<\/strong> para a popula\u00e7\u00e3o de\u00a0Ribeir\u00e3o Preto e regi\u00e3o. <mark style=\"background-color:rgba(0, 0, 0, 0)\" class=\"has-inline-color has-luminous-vivid-amber-color\">Confira:<\/mark><\/p>\n<h4 class=\"wp-block-heading\"><strong>S\u00c1BADO, DIA 16<\/strong><\/h4>\n<p>Neste <strong>s\u00e1bado (16)<\/strong>, <strong>\u00e0s 15h<\/strong>, a quadrinista ribeir\u00e3o-pretana <strong>Luana Cristini<\/strong> realiza um bate-papo sobre \u201cOs desafios da produ\u00e7\u00e3o de quadrinhos\u201d. O encontro acontece na sede da <strong>Funda\u00e7\u00e3o<\/strong>, localizada na <strong>rua Professor Mariano Siqueira, 81, no Jardim Am\u00e9rica<\/strong>.<\/p>\n<p><strong>Luana<\/strong> tamb\u00e9m lan\u00e7ar\u00e1 seu livro \u201c<strong>Aqueles Dias<\/strong>\u201c, com desenhos de <strong>Gil Gomes<\/strong>.\u00a0A obra aborda a <strong>hist\u00f3ria<\/strong> da estudante Ana nos anos 2000, enfrentando desafios escolares, bullying, relacionamentos complicados com os pais e a experi\u00eancia da\u00a0primeira\u00a0menstrua\u00e7\u00e3o.<\/p>\n<p>Como rota de fuga ela acaba entrando em f\u00f3runs da internet e tem sua personalidade alterada por conta da radicaliza\u00e7\u00e3o do conte\u00fado que consome.<\/p>\n<h4 class=\"wp-block-heading\"><strong>S\u00c1BADO, DIA 23<\/strong><\/h4>\n<p>O <strong>Clube do Livro<\/strong>, sob a orienta\u00e7\u00e3o da bibliotec\u00e1ria <strong>Gabriela Pedr\u00e3o<\/strong>, acontece no<strong> <\/strong>pr\u00f3ximo<strong> s\u00e1bado (23)<\/strong>. O evento discutir\u00e1 a obra da escritora nigeriana <strong>Chimamanda Ngozi Adichie<\/strong>, \u201c<strong>Hibisco Roxo<\/strong>\u201c, <strong>\u00e0s 16h<\/strong>, por meio da plataforma <strong>Zoom<\/strong> (<a href=\"https:\/\/us02web.zoom.us\/j\/82249191930\" target=\"_blank\" rel=\"noreferrer noopener\">clique aqui<\/a>).<\/p>\n<p>Mais tarde, no mesmo dia, \u00e0s 18h, acontece o \u201c<strong>Cinema na Funda\u00e7\u00e3o\u201d<\/strong> na sede da <strong>Funda\u00e7\u00e3o<\/strong>. O Cine F\u00f3rum, organizado e mediado pelos <strong>G\u00eameos do Cinema<\/strong>, <strong>Andr\u00e9<\/strong> e <strong>Marcos de Castro<\/strong>, exibir\u00e1 o filme \u201c<strong>Cartas de Amor<\/strong>\u201c, promovendo um <strong>debate p\u00f3s-filme<\/strong> sobre diversos aspectos, como roteiro, dire\u00e7\u00e3o e atua\u00e7\u00f5es.\u00a0<\/p>\n<h4 class=\"wp-block-heading\"><strong>S\u00c1BADO, DIA 30<\/strong><\/h4>\n<p>No \u00faltimo <strong>s\u00e1bado <\/strong>de mar\u00e7o (30), acontece o<strong> Sarau Odilon<\/strong> que ter\u00e1 como tema \u201c<strong>Na minha pele \u2013 livros sobre viv\u00eancia preta<\/strong>\u201c, no <strong>Centro Cultural Quintino Facci II<\/strong>,<strong> \u00e0s 19h<\/strong>, com a participa\u00e7\u00e3o especial de <strong>Silvia Helena Seixas<\/strong> e <strong>Dayo Poetise<\/strong>.<\/p>\n<p>O objetivo do sarau \u00e9 realizar <strong>rodas de poema<\/strong> e de <strong>conversa<\/strong>, com <strong>apresenta\u00e7\u00f5es art\u00edsticas<\/strong>, <strong>exposi\u00e7\u00f5es<\/strong>, de forma a ser um tributo a <strong>Odilon Ramos de Oliveira<\/strong>, que viveu em <strong>Ribeir\u00e3o Preto<\/strong> pouco tempo ap\u00f3s o fim da escravid\u00e3o no Brasil.<\/p>\n<p>Contrariando os paradigmas da \u00e9poca, <strong>Odilon<\/strong> foi dentista e professor universit\u00e1rio, deixando um legado de resist\u00eancia para a fam\u00edlia, que encontrou na arte uma forma de homenage\u00e1-lo.<\/p>\n<h4 class=\"wp-block-heading\"><strong>Atividades exclusivas<\/strong><\/h4>\n<p>Al\u00e9m dessas atividades abertas ao p\u00fablico, a <strong>Funda\u00e7\u00e3o<\/strong> <strong>do Livro e Leitura<\/strong> <strong>de Ribeir\u00e3o Preto <\/strong>tamb\u00e9m promover\u00e1 tr\u00eas eventos exclusivos para estudantes de<strong> Guar\u00e1<\/strong> e <strong>S\u00e3o Joaquim da Barra<\/strong>, como parte do projeto \u201c<strong>Educando para o futuro<\/strong>\u201c.<\/p>\n<p>O <strong>projeto<\/strong> visitar\u00e1 a escola <strong>Adelaide Garnica<\/strong>, em <strong>Guar\u00e1<\/strong>, <strong>\u00e0s 10h<\/strong>, no dia <strong>20 de mar\u00e7o (quarta-feira)<\/strong>. No dia <strong>27 de mar\u00e7o<\/strong>, a escola <strong>Creso A. Filetti<\/strong>, em <strong>S\u00e3o Joaquim da Barra<\/strong>, recebe duas apresenta\u00e7\u00f5es: <strong>\u00e0s 10h <\/strong>e \u00e0s<strong> 13h30<\/strong>. No dia seguinte e na mesma cidade, o <strong>Grupo Gorki<\/strong> se apresenta na escola <strong>Sylvio Torquato Junqueira, \u00e0s 9h30<\/strong>.<\/p>\n<p>SAIBA MAIS<br \/>\u00daltimo fim de semana do ver\u00e3o com calor excessivo no interior de SP; Confira<\/p>\n<h4 class=\"wp-block-heading\"><strong>FIQUE ON<\/strong><\/h4>\n<p>Fique ligado em tudo que acontece em Ribeir\u00e3o Preto e regi\u00e3o. Siga os perfis do <strong>acidade on <\/strong>no <a href=\"https:\/\/www.instagram.com\/acidadeonribeirao\" target=\"_blank\" rel=\"noreferrer noopener\">Instagram<\/a> e no <a href=\"https:\/\/www.facebook.com\/acidadeonribeirao\" target=\"_blank\" rel=\"noreferrer noopener\">Facebook<\/a>.<\/p>\n<p>Receba not\u00edcias do acidade on no WhatsApp. Para entrar no grupo, basta <a href=\"https:\/\/chat.whatsapp.com\/GFH9HUMUTHNFJdnyEd0xxq\" target=\"_blank\" rel=\"noreferrer noopener\">clicar aqui<\/a>.<\/p>\n<p>Fa\u00e7a uma den\u00fancia ou sugira uma reportagem sobre Ribeir\u00e3o Preto e regi\u00e3o pelo WhatsApp: 16 99117 7802.<\/p>\n<p>VEJA TAMB\u00c9M<br \/>Bin Laden imagina show de Lu\u00edsa Sonza no BBB 24 e declara\u00e7\u00e3o da cantora<\/p>\n<p><!-- AI CONTENT END 1 -->\n<\/div>\n<p><script async src=\"\/\/www.instagram.com\/embed.js\"><\/script><br \/>\n<br \/><br \/>\n<br \/><a href=\"https:\/\/www.acidadeon.com\/ribeiraopreto\/lazer-e-cultura\/fundacao-do-livro-e-leitura-tem-programacao-gratuita-saiba-mais\/\">Source link <\/a><\/p>\n<div class='code-block code-block-4' style='margin: 8px auto 8px 0; text-align: left; display: block; clear: both;'>\n\ud83d\udce2 Aviso Legal\n\nO site ismaelcolosi.com.br atua apenas como um canal de divulga\u00e7\u00e3o de oportunidades de emprego e n\u00e3o se responsabiliza pelo processo seletivo, contrata\u00e7\u00e3o ou qualquer outra etapa relacionada \u00e0s vagas publicadas. Todas as informa\u00e7\u00f5es s\u00e3o de responsabilidade dos anunciantes.\n\n\u26a0\ufe0f Aten\u00e7\u00e3o! Nunca pague por promessas de emprego nem compre cursos que garantam contrata\u00e7\u00e3o. Desconfie de qualquer cobran\u00e7a para participar de sele\u00e7\u00f5es.\n\n\n\n<\/div>\n<!-- CONTENT END 1 -->\n","protected":false},"excerpt":{"rendered":"<p>A Funda\u00e7\u00e3o do Livro e Leitura conta com uma programa\u00e7\u00e3o especial neste m\u00eas de mar\u00e7o com op\u00e7\u00f5es de cultura, lazer e di\u00e1logo para a popula\u00e7\u00e3o&#8230;<\/p>\n","protected":false},"author":1,"featured_media":42712,"comment_status":"open","ping_status":"open","sticky":false,"template":"","format":"standard","meta":{"_uag_custom_page_level_css":"","advanced_seo_description":"","jetpack_seo_html_title":"","jetpack_seo_noindex":false,"jetpack_post_was_ever_published":false,"_jetpack_newsletter_access":"","_jetpack_dont_email_post_to_subs":false,"_jetpack_newsletter_tier_id":0,"_jetpack_memberships_contains_paywalled_content":false,"_jetpack_memberships_contains_paid_content":false,"footnotes":"","jetpack_publicize_message":"","jetpack_publicize_feature_enabled":true,"jetpack_social_post_already_shared":true,"jetpack_social_options":{"image_generator_settings":{"template":"highway","default_image_id":0,"font":"","enabled":false},"version":2}},"categories":[11],"tags":[],"class_list":["post-42711","post","type-post","status-publish","format-standard","has-post-thumbnail","hentry","category-noticias-de-ribeirao-preto-sp-e-regiao-ismael-colosi"],"jetpack_publicize_connections":[],"jetpack_featured_media_url":"https:\/\/i0.wp.com\/ismaelcolosi.com.br\/wp-content\/uploads\/2024\/03\/WhatsApp-Image-2024-03-16-at-10.57.42.jpeg?fit=1200%2C675&ssl=1","uagb_featured_image_src":{"full":["https:\/\/i0.wp.com\/ismaelcolosi.com.br\/wp-content\/uploads\/2024\/03\/WhatsApp-Image-2024-03-16-at-10.57.42.jpeg?fit=1200%2C675&ssl=1",1200,675,false],"thumbnail":["https:\/\/i0.wp.com\/ismaelcolosi.com.br\/wp-content\/uploads\/2024\/03\/WhatsApp-Image-2024-03-16-at-10.57.42.jpeg?resize=150%2C150&ssl=1",150,150,true],"medium":["https:\/\/i0.wp.com\/ismaelcolosi.com.br\/wp-content\/uploads\/2024\/03\/WhatsApp-Image-2024-03-16-at-10.57.42.jpeg?fit=300%2C169&ssl=1",300,169,true],"medium_large":["https:\/\/i0.wp.com\/ismaelcolosi.com.br\/wp-content\/uploads\/2024\/03\/WhatsApp-Image-2024-03-16-at-10.57.42.jpeg?fit=768%2C432&ssl=1",768,432,true],"large":["https:\/\/i0.wp.com\/ismaelcolosi.com.br\/wp-content\/uploads\/2024\/03\/WhatsApp-Image-2024-03-16-at-10.57.42.jpeg?fit=1024%2C576&ssl=1",1024,576,true],"1536x1536":["https:\/\/i0.wp.com\/ismaelcolosi.com.br\/wp-content\/uploads\/2024\/03\/WhatsApp-Image-2024-03-16-at-10.57.42.jpeg?fit=1200%2C675&ssl=1",1200,675,true],"2048x2048":["https:\/\/i0.wp.com\/ismaelcolosi.com.br\/wp-content\/uploads\/2024\/03\/WhatsApp-Image-2024-03-16-at-10.57.42.jpeg?fit=1200%2C675&ssl=1",1200,675,true],"really-simple-thumb":["https:\/\/i0.wp.com\/ismaelcolosi.com.br\/wp-content\/uploads\/2024\/03\/WhatsApp-Image-2024-03-16-at-10.57.42.jpeg?resize=370%2C247&ssl=1",370,247,true]},"uagb_author_info":{"display_name":"ismaelcolosi.com.br","author_link":"https:\/\/ismaelcolosi.com.br\/index.php\/author\/vidareal-online\/"},"uagb_comment_info":0,"uagb_excerpt":"A Funda\u00e7\u00e3o do Livro e Leitura conta com uma programa\u00e7\u00e3o especial neste m\u00eas de mar\u00e7o com op\u00e7\u00f5es de cultura, lazer e di\u00e1logo para a popula\u00e7\u00e3o...","jetpack-related-posts":[{"id":42541,"url":"https:\/\/ismaelcolosi.com.br\/index.php\/2024\/03\/15\/chorinho-menos-e-mais-e-outros-agitam-fim-de-semana-em-ribeirao-preto-e-regiao-confira\/","url_meta":{"origin":42711,"position":0},"title":"Chorinho, Menos \u00e9 Mais e outros agitam fim de semana em Ribeir\u00e3o Preto e regi\u00e3o; Confira","author":"ismaelcolosi.com.br","date":"15 de March de 2024","format":false,"excerpt":"O fim de semana chegou e Ribeir\u00e3o Preto oferece uma programa\u00e7\u00e3o diversificada para toda fam\u00edlia e para curtir com os amigos. Entre as op\u00e7\u00f5es tem o Churrasquinho do Menos \u00e9 Mais, Chorinho na 7, Feira de Colecionadores e mais. Confira: Encontro Filat\u00e9lico Numism\u00e1tico 2024 O tradicional encontro de colecionadores em\u2026","rel":"","context":"In &quot;Not\u00edcias de Ribeir\u00e3o Preto-SP e Regi\u00e3o&quot;","block_context":{"text":"Not\u00edcias de Ribeir\u00e3o Preto-SP e Regi\u00e3o","link":"https:\/\/ismaelcolosi.com.br\/index.php\/category\/noticias-de-ribeirao-preto-sp-e-regiao-ismael-colosi\/"},"img":{"alt_text":"","src":"https:\/\/i0.wp.com\/ismaelcolosi.com.br\/wp-content\/uploads\/2024\/03\/1710505988_Copia-de-Copia-de-TAMANHO-EXATO-PARA-FOTOS-NO-SISTEMA-NOVO-34.jpg?fit=1200%2C675&ssl=1&resize=350%2C200","width":350,"height":200,"srcset":"https:\/\/i0.wp.com\/ismaelcolosi.com.br\/wp-content\/uploads\/2024\/03\/1710505988_Copia-de-Copia-de-TAMANHO-EXATO-PARA-FOTOS-NO-SISTEMA-NOVO-34.jpg?fit=1200%2C675&ssl=1&resize=350%2C200 1x, https:\/\/i0.wp.com\/ismaelcolosi.com.br\/wp-content\/uploads\/2024\/03\/1710505988_Copia-de-Copia-de-TAMANHO-EXATO-PARA-FOTOS-NO-SISTEMA-NOVO-34.jpg?fit=1200%2C675&ssl=1&resize=525%2C300 1.5x, https:\/\/i0.wp.com\/ismaelcolosi.com.br\/wp-content\/uploads\/2024\/03\/1710505988_Copia-de-Copia-de-TAMANHO-EXATO-PARA-FOTOS-NO-SISTEMA-NOVO-34.jpg?fit=1200%2C675&ssl=1&resize=700%2C400 2x, https:\/\/i0.wp.com\/ismaelcolosi.com.br\/wp-content\/uploads\/2024\/03\/1710505988_Copia-de-Copia-de-TAMANHO-EXATO-PARA-FOTOS-NO-SISTEMA-NOVO-34.jpg?fit=1200%2C675&ssl=1&resize=1050%2C600 3x"},"classes":[]},{"id":70159,"url":"https:\/\/ismaelcolosi.com.br\/index.php\/2024\/10\/09\/dia-das-criancas-onibus-livro-vivo-estreia-em-ribeirao-preto\/","url_meta":{"origin":42711,"position":1},"title":"Dia das Crian\u00e7as: \u00d4nibus Livro Vivo estreia em Ribeir\u00e3o Preto","author":"ismaelcolosi.com.br","date":"9 de October de 2024","format":false,"excerpt":"O Ribeir\u00e3o Shopping, na zona Sul de Ribeir\u00e3o Preto, recebe neste s\u00e1bado (12), marcado pelo Dia das Crian\u00e7as, o \u00d4nibus Livro Vivo, um ve\u00edculo itinerante que levar\u00e1 literatura a diversas pessoas. O projeto, que foi lan\u00e7ado durante a 23\u00aa edi\u00e7\u00e3o da Feira Internacional do Livro de Ribeir\u00e3o Preto, ficar\u00e1 dispon\u00edvel\u2026","rel":"","context":"In &quot;Not\u00edcias de Ribeir\u00e3o Preto-SP e Regi\u00e3o&quot;","block_context":{"text":"Not\u00edcias de Ribeir\u00e3o Preto-SP e Regi\u00e3o","link":"https:\/\/ismaelcolosi.com.br\/index.php\/category\/noticias-de-ribeirao-preto-sp-e-regiao-ismael-colosi\/"},"img":{"alt_text":"","src":"https:\/\/i0.wp.com\/ismaelcolosi.com.br\/wp-content\/uploads\/2024\/10\/Onibus-Livro-Vivo-1_2024-10-09_12-30-29_jpeg_2024-10-09_12-30-30-scaled.webp.webp?fit=1200%2C805&ssl=1&resize=350%2C200","width":350,"height":200,"srcset":"https:\/\/i0.wp.com\/ismaelcolosi.com.br\/wp-content\/uploads\/2024\/10\/Onibus-Livro-Vivo-1_2024-10-09_12-30-29_jpeg_2024-10-09_12-30-30-scaled.webp.webp?fit=1200%2C805&ssl=1&resize=350%2C200 1x, https:\/\/i0.wp.com\/ismaelcolosi.com.br\/wp-content\/uploads\/2024\/10\/Onibus-Livro-Vivo-1_2024-10-09_12-30-29_jpeg_2024-10-09_12-30-30-scaled.webp.webp?fit=1200%2C805&ssl=1&resize=525%2C300 1.5x, https:\/\/i0.wp.com\/ismaelcolosi.com.br\/wp-content\/uploads\/2024\/10\/Onibus-Livro-Vivo-1_2024-10-09_12-30-29_jpeg_2024-10-09_12-30-30-scaled.webp.webp?fit=1200%2C805&ssl=1&resize=700%2C400 2x, https:\/\/i0.wp.com\/ismaelcolosi.com.br\/wp-content\/uploads\/2024\/10\/Onibus-Livro-Vivo-1_2024-10-09_12-30-29_jpeg_2024-10-09_12-30-30-scaled.webp.webp?fit=1200%2C805&ssl=1&resize=1050%2C600 3x"},"classes":[]},{"id":26485,"url":"https:\/\/ismaelcolosi.com.br\/index.php\/2024\/01\/10\/editais-2024-da-fundacao-instituto-do-livro-e-programacao-do-1o-semestre-do-marp-sao-lancados-em-rp\/","url_meta":{"origin":42711,"position":2},"title":"Editais 2024 da Funda\u00e7\u00e3o Instituto do Livro e Programa\u00e7\u00e3o do 1\u00ba Semestre do Marp s\u00e3o lan\u00e7ados em RP \u2013 Folha de Ribeir\u00e3o","author":"ismaelcolosi.com.br","date":"10 de January de 2024","format":false,"excerpt":"Durante evento realizado na \u00faltima segunda-feira, dia 08 de janeiro, a Prefeitura Municipal lan\u00e7ou os Editais 2024 da Funda\u00e7\u00e3o Instituto do Livro e divulgou a programa\u00e7\u00e3o do Marp para o primeiro semestre do ano. A cerim\u00f4nia contou com a presen\u00e7a do Prefeito Municipal, Duarte Nogueira, do secret\u00e1rio da Cultura e\u2026","rel":"","context":"In &quot;Not\u00edcias de Ribeir\u00e3o Preto-SP e Regi\u00e3o&quot;","block_context":{"text":"Not\u00edcias de Ribeir\u00e3o Preto-SP e Regi\u00e3o","link":"https:\/\/ismaelcolosi.com.br\/index.php\/category\/noticias-de-ribeirao-preto-sp-e-regiao-ismael-colosi\/"},"img":{"alt_text":"","src":"https:\/\/i0.wp.com\/ismaelcolosi.com.br\/wp-content\/uploads\/2024\/01\/editais_fundacao_do_livro_-_foto_fernando_gonzaga_3.jpg?fit=1200%2C800&ssl=1&resize=350%2C200","width":350,"height":200,"srcset":"https:\/\/i0.wp.com\/ismaelcolosi.com.br\/wp-content\/uploads\/2024\/01\/editais_fundacao_do_livro_-_foto_fernando_gonzaga_3.jpg?fit=1200%2C800&ssl=1&resize=350%2C200 1x, https:\/\/i0.wp.com\/ismaelcolosi.com.br\/wp-content\/uploads\/2024\/01\/editais_fundacao_do_livro_-_foto_fernando_gonzaga_3.jpg?fit=1200%2C800&ssl=1&resize=525%2C300 1.5x, https:\/\/i0.wp.com\/ismaelcolosi.com.br\/wp-content\/uploads\/2024\/01\/editais_fundacao_do_livro_-_foto_fernando_gonzaga_3.jpg?fit=1200%2C800&ssl=1&resize=700%2C400 2x, https:\/\/i0.wp.com\/ismaelcolosi.com.br\/wp-content\/uploads\/2024\/01\/editais_fundacao_do_livro_-_foto_fernando_gonzaga_3.jpg?fit=1200%2C800&ssl=1&resize=1050%2C600 3x"},"classes":[]},{"id":42296,"url":"https:\/\/ismaelcolosi.com.br\/index.php\/2024\/03\/13\/artistas-podem-se-cadastrar-para-a-23a-feira-internacional-do-livro\/","url_meta":{"origin":42711,"position":3},"title":"Artistas podem se cadastrar para a 23\u00aa Feira Internacional do Livro","author":"ismaelcolosi.com.br","date":"13 de March de 2024","format":false,"excerpt":"13 de mar\u00e7o de 2024 | 16:37 0A Funda\u00e7\u00e3o do Livro e Leitura, em parceria com a Secretaria da Cultura e Turismo de Ribeir\u00e3o Preto, ir\u00e1 selecionar artistas que tenham interesse em participar da programa\u00e7\u00e3o da 23\u00aa edi\u00e7\u00e3o da FIL \u2013 Feira Internacional do Livro de Ribeir\u00e3o Preto, que acontece\u2026","rel":"","context":"In &quot;Not\u00edcias de Ribeir\u00e3o Preto-SP e Regi\u00e3o&quot;","block_context":{"text":"Not\u00edcias de Ribeir\u00e3o Preto-SP e Regi\u00e3o","link":"https:\/\/ismaelcolosi.com.br\/index.php\/category\/noticias-de-ribeirao-preto-sp-e-regiao-ismael-colosi\/"},"img":{"alt_text":"","src":"https:\/\/i0.wp.com\/ismaelcolosi.com.br\/wp-content\/uploads\/2024\/03\/artistas_se_apresentam_durante_a_22_edicao_da_fil_em_2023_2-scaled.jpg?fit=967%2C645&ssl=1&resize=350%2C200","width":350,"height":200,"srcset":"https:\/\/i0.wp.com\/ismaelcolosi.com.br\/wp-content\/uploads\/2024\/03\/artistas_se_apresentam_durante_a_22_edicao_da_fil_em_2023_2-scaled.jpg?fit=967%2C645&ssl=1&resize=350%2C200 1x, https:\/\/i0.wp.com\/ismaelcolosi.com.br\/wp-content\/uploads\/2024\/03\/artistas_se_apresentam_durante_a_22_edicao_da_fil_em_2023_2-scaled.jpg?fit=967%2C645&ssl=1&resize=525%2C300 1.5x, https:\/\/i0.wp.com\/ismaelcolosi.com.br\/wp-content\/uploads\/2024\/03\/artistas_se_apresentam_durante_a_22_edicao_da_fil_em_2023_2-scaled.jpg?fit=967%2C645&ssl=1&resize=700%2C400 2x"},"classes":[]},{"id":51092,"url":"https:\/\/ismaelcolosi.com.br\/index.php\/2024\/05\/23\/feira-do-livro-na-regiao-de-ribeirao-tem-oficinas-e-shows-veja-a-programacao\/","url_meta":{"origin":42711,"position":4},"title":"Feira do Livro na regi\u00e3o de Ribeir\u00e3o tem oficinas e shows; Veja a programa\u00e7\u00e3o","author":"ismaelcolosi.com.br","date":"23 de May de 2024","format":false,"excerpt":"A 5\u00aa Feira do Livro de Ipu\u00e3 (Fecodi), cidade a aproximadamente 100 quil\u00f4metros de Ribeir\u00e3o Preto, inicia nesta quinta-feira (23) e segue at\u00e9 s\u00e1bado (25). A edi\u00e7\u00e3o homenageia o cartunista Mauricio de Sousa. Confira a programa\u00e7\u00e3o completa abaixo. O evento ter\u00e1 atividades di\u00e1rias no Parque de Exposi\u00e7\u00f5es Oswaldo Ribeiro de\u2026","rel":"","context":"In &quot;Not\u00edcias de Ribeir\u00e3o Preto-SP e Regi\u00e3o&quot;","block_context":{"text":"Not\u00edcias de Ribeir\u00e3o Preto-SP e Regi\u00e3o","link":"https:\/\/ismaelcolosi.com.br\/index.php\/category\/noticias-de-ribeirao-preto-sp-e-regiao-ismael-colosi\/"},"img":{"alt_text":"","src":"https:\/\/i0.wp.com\/ismaelcolosi.com.br\/wp-content\/uploads\/2024\/05\/Copia-de-Copia-de-TAMANHO-EXATO-PARA-FOTOS-NO-SISTEMA-NOVO_2024-05-23_11-35-28_jpg_2024-05-23_11-35-28.webp.webp?fit=1200%2C675&ssl=1&resize=350%2C200","width":350,"height":200,"srcset":"https:\/\/i0.wp.com\/ismaelcolosi.com.br\/wp-content\/uploads\/2024\/05\/Copia-de-Copia-de-TAMANHO-EXATO-PARA-FOTOS-NO-SISTEMA-NOVO_2024-05-23_11-35-28_jpg_2024-05-23_11-35-28.webp.webp?fit=1200%2C675&ssl=1&resize=350%2C200 1x, https:\/\/i0.wp.com\/ismaelcolosi.com.br\/wp-content\/uploads\/2024\/05\/Copia-de-Copia-de-TAMANHO-EXATO-PARA-FOTOS-NO-SISTEMA-NOVO_2024-05-23_11-35-28_jpg_2024-05-23_11-35-28.webp.webp?fit=1200%2C675&ssl=1&resize=525%2C300 1.5x, https:\/\/i0.wp.com\/ismaelcolosi.com.br\/wp-content\/uploads\/2024\/05\/Copia-de-Copia-de-TAMANHO-EXATO-PARA-FOTOS-NO-SISTEMA-NOVO_2024-05-23_11-35-28_jpg_2024-05-23_11-35-28.webp.webp?fit=1200%2C675&ssl=1&resize=700%2C400 2x, https:\/\/i0.wp.com\/ismaelcolosi.com.br\/wp-content\/uploads\/2024\/05\/Copia-de-Copia-de-TAMANHO-EXATO-PARA-FOTOS-NO-SISTEMA-NOVO_2024-05-23_11-35-28_jpg_2024-05-23_11-35-28.webp.webp?fit=1200%2C675&ssl=1&resize=1050%2C600 3x"},"classes":[]},{"id":57545,"url":"https:\/\/ismaelcolosi.com.br\/index.php\/2024\/07\/22\/feira-internacional-do-livro-de-ribeirao-preto-comeca-na-proxima-semana-veja-programacao\/","url_meta":{"origin":42711,"position":5},"title":"Feira Internacional do Livro de Ribeir\u00e3o Preto come\u00e7a na pr\u00f3xima semana; Veja programa\u00e7\u00e3o","author":"ismaelcolosi.com.br","date":"22 de July de 2024","format":false,"excerpt":"Faltando uma semana para a 23\u00aa FIL (Feira Internacional do Livro), que acontece de 1\u00ba a 11 de agosto, a programa\u00e7\u00e3o, deste ano, conta com mais de 400 atividades distribu\u00eddas em 20 locais distintos espalhados por Ribeir\u00e3o Preto. Entre as atra\u00e7\u00f5es da FIL est\u00e3o: sal\u00f5es de ideias confer\u00eancias sess\u00f5es de\u2026","rel":"","context":"In &quot;Not\u00edcias de Ribeir\u00e3o Preto-SP e Regi\u00e3o&quot;","block_context":{"text":"Not\u00edcias de Ribeir\u00e3o Preto-SP e Regi\u00e3o","link":"https:\/\/ismaelcolosi.com.br\/index.php\/category\/noticias-de-ribeirao-preto-sp-e-regiao-ismael-colosi\/"},"img":{"alt_text":"","src":"https:\/\/i0.wp.com\/ismaelcolosi.com.br\/wp-content\/uploads\/2024\/07\/Copia-de-Copia-de-TAMANHO-EXATO-PARA-FOTOS-NO-SISTEMA-NOVO_2024-07-22_19-02-25_png_2024-07-22_19-02-26.webp.webp?fit=1200%2C675&ssl=1&resize=350%2C200","width":350,"height":200,"srcset":"https:\/\/i0.wp.com\/ismaelcolosi.com.br\/wp-content\/uploads\/2024\/07\/Copia-de-Copia-de-TAMANHO-EXATO-PARA-FOTOS-NO-SISTEMA-NOVO_2024-07-22_19-02-25_png_2024-07-22_19-02-26.webp.webp?fit=1200%2C675&ssl=1&resize=350%2C200 1x, https:\/\/i0.wp.com\/ismaelcolosi.com.br\/wp-content\/uploads\/2024\/07\/Copia-de-Copia-de-TAMANHO-EXATO-PARA-FOTOS-NO-SISTEMA-NOVO_2024-07-22_19-02-25_png_2024-07-22_19-02-26.webp.webp?fit=1200%2C675&ssl=1&resize=525%2C300 1.5x, https:\/\/i0.wp.com\/ismaelcolosi.com.br\/wp-content\/uploads\/2024\/07\/Copia-de-Copia-de-TAMANHO-EXATO-PARA-FOTOS-NO-SISTEMA-NOVO_2024-07-22_19-02-25_png_2024-07-22_19-02-26.webp.webp?fit=1200%2C675&ssl=1&resize=700%2C400 2x, https:\/\/i0.wp.com\/ismaelcolosi.com.br\/wp-content\/uploads\/2024\/07\/Copia-de-Copia-de-TAMANHO-EXATO-PARA-FOTOS-NO-SISTEMA-NOVO_2024-07-22_19-02-25_png_2024-07-22_19-02-26.webp.webp?fit=1200%2C675&ssl=1&resize=1050%2C600 3x"},"classes":[]}],"jetpack_sharing_enabled":true,"jetpack_shortlink":"https:\/\/wp.me\/pfMlyK-b6T","_links":{"self":[{"href":"https:\/\/ismaelcolosi.com.br\/index.php\/wp-json\/wp\/v2\/posts\/42711","targetHints":{"allow":["GET"]}}],"collection":[{"href":"https:\/\/ismaelcolosi.com.br\/index.php\/wp-json\/wp\/v2\/posts"}],"about":[{"href":"https:\/\/ismaelcolosi.com.br\/index.php\/wp-json\/wp\/v2\/types\/post"}],"author":[{"embeddable":true,"href":"https:\/\/ismaelcolosi.com.br\/index.php\/wp-json\/wp\/v2\/users\/1"}],"replies":[{"embeddable":true,"href":"https:\/\/ismaelcolosi.com.br\/index.php\/wp-json\/wp\/v2\/comments?post=42711"}],"version-history":[{"count":0,"href":"https:\/\/ismaelcolosi.com.br\/index.php\/wp-json\/wp\/v2\/posts\/42711\/revisions"}],"wp:featuredmedia":[{"embeddable":true,"href":"https:\/\/ismaelcolosi.com.br\/index.php\/wp-json\/wp\/v2\/media\/42712"}],"wp:attachment":[{"href":"https:\/\/ismaelcolosi.com.br\/index.php\/wp-json\/wp\/v2\/media?parent=42711"}],"wp:term":[{"taxonomy":"category","embeddable":true,"href":"https:\/\/ismaelcolosi.com.br\/index.php\/wp-json\/wp\/v2\/categories?post=42711"},{"taxonomy":"post_tag","embeddable":true,"href":"https:\/\/ismaelcolosi.com.br\/index.php\/wp-json\/wp\/v2\/tags?post=42711"}],"curies":[{"name":"wp","href":"https:\/\/api.w.org\/{rel}","templated":true}]}}