{"id":42707,"date":"2024-03-16T10:49:24","date_gmt":"2024-03-16T13:49:24","guid":{"rendered":"https:\/\/ismaelcolosi.com.br\/index.php\/2024\/03\/16\/covid-19-ribeirao-preto-registra-16-mortes-em-menos-de-tres-meses\/"},"modified":"2024-03-16T10:49:24","modified_gmt":"2024-03-16T13:49:24","slug":"covid-19-ribeirao-preto-registra-16-mortes-em-menos-de-tres-meses","status":"publish","type":"post","link":"https:\/\/ismaelcolosi.com.br\/index.php\/2024\/03\/16\/covid-19-ribeirao-preto-registra-16-mortes-em-menos-de-tres-meses\/","title":{"rendered":"Covid-19: Ribeir\u00e3o Preto registra 16 mortes em menos de tr\u00eas meses"},"content":{"rendered":"<p> <br \/>\n<\/p>\n<p>Dados da Secretaria Municipal da Sa\u00fade de <strong>Ribeir\u00e3o Preto<\/strong> confirmam que <span style=\"background-color:#f7cc62\" class=\"td_text_highlight_marker\"><mark class=\"has-inline-color has-black-color\"><strong>16 pessoas<\/strong> <strong>morreram este ano <\/strong>em decorr\u00eancia da <strong>covid-19<\/strong> em menos de tr\u00eas meses.<\/mark><\/span><\/p>\n<p>O <span style=\"background-color:#f7cc62\" class=\"td_text_highlight_marker\"><mark class=\"has-inline-color has-black-color\">m\u00eas com maior registro de mortes foi fevereiro com 10 v\u00edtimas.<\/mark><\/span> Em<strong> janeiro<\/strong>, foram <strong>cinco \u00f3bitos<\/strong> e at\u00e9 o \u00faltimo <strong>dia 12 deste m\u00eas, uma<\/strong> v\u00edtima fatal.<\/p>\n<p>Os n\u00fameros de <strong>casos confirmados<\/strong> tamb\u00e9m foram atualizados e at\u00e9 o <strong>dia 13<\/strong>, <mark class=\"has-inline-color has-black-color\"><strong>2.225<\/strong> pessoas foram <strong>infectadas<\/strong> pelo v\u00edrus, outras <strong>5.236<\/strong> est\u00e3o sob <strong>investiga\u00e7\u00e3o<\/strong>.<\/mark><\/p>\n<h4 class=\"wp-block-heading\"><strong>Pesquisa sobre impacto da covid-19<\/strong><\/h4>\n<p><strong>Ribeir\u00e3o Preto<\/strong>&nbsp;est\u00e1 entre as<strong>&nbsp;11 cidades do estado de S\u00e3o Paulo<\/strong>&nbsp;que participa da&nbsp;<strong>segunda etapa<\/strong>&nbsp;da&nbsp;<strong>Epicovid 2.0<\/strong>, uma&nbsp;pesquisa nacional&nbsp;sobre as&nbsp;sequelas da covid-19. A&nbsp;<strong>coleta de dados<\/strong>&nbsp;teve in\u00edcio no&nbsp;<strong>dia 11<\/strong>&nbsp;e segue durante todo o m\u00eas.<\/p>\n<p>Ao todo, ser\u00e3o realizadas&nbsp;<strong>visitas domiciliares<\/strong>&nbsp;a 33.250 pessoas que tiveram covid em&nbsp;<strong>133 munic\u00edpios brasileiros<\/strong>.<\/p>\n<h4 class=\"wp-block-heading\"><strong>Volta do uso de m\u00e1scaras<\/strong><\/h4>\n<p>A<strong>&nbsp;Secretaria Municipal da Sa\u00fade<\/strong>&nbsp;de&nbsp;<strong>Ribeir\u00e3o Preto<\/strong>&nbsp;divulgou um alerta em 19 de fevereiro para a volta do uso de m\u00e1scara em servi\u00e7os de sa\u00fade p\u00fablicos e privados. Al\u00e9m da orienta\u00e7\u00e3o valer para ambientes fechados, com baixa ventila\u00e7\u00e3o e com aglomera\u00e7\u00e3o de pessoas para evitar o aumento de casos.<\/p>\n<p>SAIBA MAIS <\/p>\n<p>\u00daltimo fim de semana do ver\u00e3o com calor excessivo no interior de SP; Confira<\/p>\n<h4 class=\"wp-block-heading\"><strong>FIQUE ON<\/strong><\/h4>\n<p>Fique ligado em tudo que acontece em Ribeir\u00e3o Preto e regi\u00e3o. Siga os perfis do&nbsp;<strong>acidade on&nbsp;<\/strong>no Instagram e no Facebook.<\/p>\n<p>Receba not\u00edcias do&nbsp;<strong>acidade on&nbsp;<\/strong>no WhatsApp.&nbsp;<a href=\"https:\/\/chat.whatsapp.com\/GFH9HUMUTHNFJdnyEd0xxq\" target=\"_blank\" rel=\"noreferrer noopener\">Para entrar no grupo, basta clicar aqui.<\/a><\/p>\n<p>Fa\u00e7a uma den\u00fancia ou sugira uma reportagem sobre Ribeir\u00e3o Preto e regi\u00e3o pelo WhatsApp: 16 99117 7802.<\/p>\n<p>VEJA TAMB\u00c9M<\/p>\n<p>Bin Laden imagina show de Lu\u00edsa Sonza no BBB 24 e declara\u00e7\u00e3o da cantora<\/p>\n<p>O post Covid-19: Ribeir\u00e3o Preto registra 16 mortes em menos de tr\u00eas meses apareceu primeiro em ACidade ON Ribeir\u00e3o Preto.<\/p>\n<p><br \/>\n<br \/><a href=\"https:\/\/www.acidadeon.com\/ribeiraopreto\/cotidiano\/covid-19-ribeirao-preto-registra-16-mortes-em-menos-de-tres-meses\/\">Source link <\/a><\/p>\n<div class='code-block code-block-4' style='margin: 8px auto 8px 0; text-align: left; display: block; clear: both;'>\n\ud83d\udce2 Aviso Legal\n\nO site ismaelcolosi.com.br atua apenas como um canal de divulga\u00e7\u00e3o de oportunidades de emprego e n\u00e3o se responsabiliza pelo processo seletivo, contrata\u00e7\u00e3o ou qualquer outra etapa relacionada \u00e0s vagas publicadas. Todas as informa\u00e7\u00f5es s\u00e3o de responsabilidade dos anunciantes.\n\n\u26a0\ufe0f Aten\u00e7\u00e3o! Nunca pague por promessas de emprego nem compre cursos que garantam contrata\u00e7\u00e3o. Desconfie de qualquer cobran\u00e7a para participar de sele\u00e7\u00f5es.\n\n\n\n<\/div>\n<!-- CONTENT END 1 -->\n","protected":false},"excerpt":{"rendered":"<p>Dados da Secretaria Municipal da Sa\u00fade de Ribeir\u00e3o Preto confirmam que 16 pessoas morreram este ano em decorr\u00eancia da covid-19 em menos de tr\u00eas meses&#8230;.<\/p>\n","protected":false},"author":1,"featured_media":42708,"comment_status":"open","ping_status":"open","sticky":false,"template":"","format":"standard","meta":{"_uag_custom_page_level_css":"","advanced_seo_description":"","jetpack_seo_html_title":"","jetpack_seo_noindex":false,"jetpack_post_was_ever_published":false,"_jetpack_newsletter_access":"","_jetpack_dont_email_post_to_subs":false,"_jetpack_newsletter_tier_id":0,"_jetpack_memberships_contains_paywalled_content":false,"_jetpack_memberships_contains_paid_content":false,"footnotes":"","jetpack_publicize_message":"","jetpack_publicize_feature_enabled":true,"jetpack_social_post_already_shared":true,"jetpack_social_options":{"image_generator_settings":{"template":"highway","default_image_id":0,"font":"","enabled":false},"version":2}},"categories":[11],"tags":[],"class_list":["post-42707","post","type-post","status-publish","format-standard","has-post-thumbnail","hentry","category-noticias-de-ribeirao-preto-sp-e-regiao-ismael-colosi"],"jetpack_publicize_connections":[],"jetpack_featured_media_url":"https:\/\/i0.wp.com\/ismaelcolosi.com.br\/wp-content\/uploads\/2024\/03\/Copia-de-Copia-de-TAMANHO-EXATO-PARA-FOTOS-NO-SISTEMA-NOVO-58.jpg?fit=1200%2C675&ssl=1","uagb_featured_image_src":{"full":["https:\/\/i0.wp.com\/ismaelcolosi.com.br\/wp-content\/uploads\/2024\/03\/Copia-de-Copia-de-TAMANHO-EXATO-PARA-FOTOS-NO-SISTEMA-NOVO-58.jpg?fit=1200%2C675&ssl=1",1200,675,false],"thumbnail":["https:\/\/i0.wp.com\/ismaelcolosi.com.br\/wp-content\/uploads\/2024\/03\/Copia-de-Copia-de-TAMANHO-EXATO-PARA-FOTOS-NO-SISTEMA-NOVO-58.jpg?resize=150%2C150&ssl=1",150,150,true],"medium":["https:\/\/i0.wp.com\/ismaelcolosi.com.br\/wp-content\/uploads\/2024\/03\/Copia-de-Copia-de-TAMANHO-EXATO-PARA-FOTOS-NO-SISTEMA-NOVO-58.jpg?fit=300%2C169&ssl=1",300,169,true],"medium_large":["https:\/\/i0.wp.com\/ismaelcolosi.com.br\/wp-content\/uploads\/2024\/03\/Copia-de-Copia-de-TAMANHO-EXATO-PARA-FOTOS-NO-SISTEMA-NOVO-58.jpg?fit=768%2C432&ssl=1",768,432,true],"large":["https:\/\/i0.wp.com\/ismaelcolosi.com.br\/wp-content\/uploads\/2024\/03\/Copia-de-Copia-de-TAMANHO-EXATO-PARA-FOTOS-NO-SISTEMA-NOVO-58.jpg?fit=1024%2C576&ssl=1",1024,576,true],"1536x1536":["https:\/\/i0.wp.com\/ismaelcolosi.com.br\/wp-content\/uploads\/2024\/03\/Copia-de-Copia-de-TAMANHO-EXATO-PARA-FOTOS-NO-SISTEMA-NOVO-58.jpg?fit=1200%2C675&ssl=1",1200,675,true],"2048x2048":["https:\/\/i0.wp.com\/ismaelcolosi.com.br\/wp-content\/uploads\/2024\/03\/Copia-de-Copia-de-TAMANHO-EXATO-PARA-FOTOS-NO-SISTEMA-NOVO-58.jpg?fit=1200%2C675&ssl=1",1200,675,true],"really-simple-thumb":["https:\/\/i0.wp.com\/ismaelcolosi.com.br\/wp-content\/uploads\/2024\/03\/Copia-de-Copia-de-TAMANHO-EXATO-PARA-FOTOS-NO-SISTEMA-NOVO-58.jpg?resize=370%2C247&ssl=1",370,247,true]},"uagb_author_info":{"display_name":"ismaelcolosi.com.br","author_link":"https:\/\/ismaelcolosi.com.br\/index.php\/author\/vidareal-online\/"},"uagb_comment_info":0,"uagb_excerpt":"Dados da Secretaria Municipal da Sa\u00fade de Ribeir\u00e3o Preto confirmam que 16 pessoas morreram este ano em decorr\u00eancia da covid-19 em menos de tr\u00eas meses....","jetpack-related-posts":[{"id":37494,"url":"https:\/\/ismaelcolosi.com.br\/index.php\/2024\/02\/16\/covid-19-volta-a-preocupar-rp\/","url_meta":{"origin":42707,"position":0},"title":"Covid-19 volta a preocupar RP\u00a0","author":"ismaelcolosi.com.br","date":"16 de February de 2024","format":false,"excerpt":"16 de fevereiro de 2024 | 15:0016 de fevereiro de 2024 | 8:26 0Segundo o painel da Secretaria Municipal da Sa\u00fade, Ribeir\u00e3o Preto registrou mais tr\u00eas mortes por covid-19 em cerca de um m\u00eas, na passagem de dezembro para janeiro. A plataforma contabiliza dados at\u00e9 o m\u00eas anterior ao vigente.\u2026","rel":"","context":"In &quot;Not\u00edcias de Ribeir\u00e3o Preto-SP e Regi\u00e3o&quot;","block_context":{"text":"Not\u00edcias de Ribeir\u00e3o Preto-SP e Regi\u00e3o","link":"https:\/\/ismaelcolosi.com.br\/index.php\/category\/noticias-de-ribeirao-preto-sp-e-regiao-ismael-colosi\/"},"img":{"alt_text":"","src":"https:\/\/i0.wp.com\/ismaelcolosi.com.br\/wp-content\/uploads\/2024\/02\/ChinaVIR-Mor-Alfredo-Risk-scaled.jpg?fit=1000%2C563&ssl=1&resize=350%2C200","width":350,"height":200,"srcset":"https:\/\/i0.wp.com\/ismaelcolosi.com.br\/wp-content\/uploads\/2024\/02\/ChinaVIR-Mor-Alfredo-Risk-scaled.jpg?fit=1000%2C563&ssl=1&resize=350%2C200 1x, https:\/\/i0.wp.com\/ismaelcolosi.com.br\/wp-content\/uploads\/2024\/02\/ChinaVIR-Mor-Alfredo-Risk-scaled.jpg?fit=1000%2C563&ssl=1&resize=525%2C300 1.5x, https:\/\/i0.wp.com\/ismaelcolosi.com.br\/wp-content\/uploads\/2024\/02\/ChinaVIR-Mor-Alfredo-Risk-scaled.jpg?fit=1000%2C563&ssl=1&resize=700%2C400 2x"},"classes":[]},{"id":13293,"url":"https:\/\/ismaelcolosi.com.br\/index.php\/2023\/12\/09\/transito-faz-mais-14-vitimas-em-rp\/","url_meta":{"origin":42707,"position":1},"title":"Tr\u00e2nsito faz mais 14 v\u00edtimas em RP","author":"ismaelcolosi.com.br","date":"9 de December de 2023","format":false,"excerpt":"Balan\u00e7o divulgado pelo Movimento Paulista de Seguran\u00e7a no Tr\u00e2nsito (Infosiga-SP), mostra queda no total de mortes registradas em Ribeir\u00e3o Preto em dez meses deste ano, em compara\u00e7\u00e3o com o mesmo per\u00edodo de 2022. Em outubro, por\u00e9m, as ocorr\u00eancias com v\u00edtimas fatais dispararam em rela\u00e7\u00e3o ao mesmo per\u00edodo do ano passado\u2026","rel":"","context":"In &quot;Not\u00edcias de Ribeir\u00e3o Preto-SP e Regi\u00e3o&quot;","block_context":{"text":"Not\u00edcias de Ribeir\u00e3o Preto-SP e Regi\u00e3o","link":"https:\/\/ismaelcolosi.com.br\/index.php\/category\/noticias-de-ribeirao-preto-sp-e-regiao-ismael-colosi\/"},"img":{"alt_text":"","src":"https:\/\/i0.wp.com\/ismaelcolosi.com.br\/wp-content\/uploads\/2023\/12\/transito-scaled.jpg?fit=967%2C645&ssl=1&resize=350%2C200","width":350,"height":200,"srcset":"https:\/\/i0.wp.com\/ismaelcolosi.com.br\/wp-content\/uploads\/2023\/12\/transito-scaled.jpg?fit=967%2C645&ssl=1&resize=350%2C200 1x, https:\/\/i0.wp.com\/ismaelcolosi.com.br\/wp-content\/uploads\/2023\/12\/transito-scaled.jpg?fit=967%2C645&ssl=1&resize=525%2C300 1.5x, https:\/\/i0.wp.com\/ismaelcolosi.com.br\/wp-content\/uploads\/2023\/12\/transito-scaled.jpg?fit=967%2C645&ssl=1&resize=700%2C400 2x"},"classes":[]},{"id":41875,"url":"https:\/\/ismaelcolosi.com.br\/index.php\/2024\/03\/11\/covid-19-apos-4-anos-veja-como-esta-a-situacao-em-ribeirao-preto\/","url_meta":{"origin":42707,"position":2},"title":"Covid-19: Ap\u00f3s 4 anos veja como est\u00e1 a situa\u00e7\u00e3o em Ribeir\u00e3o Preto","author":"ismaelcolosi.com.br","date":"11 de March de 2024","format":false,"excerpt":"Quatro anos ap\u00f3s o in\u00edcio oficial da pandemia da covid-19 decretado pela OMS (Organiza\u00e7\u00e3o Mundial da Sa\u00fade) em 11 de mar\u00e7o de 2020, o portal acidade on Ribeir\u00e3o mostra como est\u00e1 \u00e0 situa\u00e7\u00e3o da doen\u00e7a em Ribeir\u00e3o Preto. Segundo dados da Secretaria Municipal da Sa\u00fade, 12 pessoas morreram em consequ\u00eancia\u2026","rel":"","context":"In &quot;Not\u00edcias de Ribeir\u00e3o Preto-SP e Regi\u00e3o&quot;","block_context":{"text":"Not\u00edcias de Ribeir\u00e3o Preto-SP e Regi\u00e3o","link":"https:\/\/ismaelcolosi.com.br\/index.php\/category\/noticias-de-ribeirao-preto-sp-e-regiao-ismael-colosi\/"},"img":{"alt_text":"","src":"https:\/\/i0.wp.com\/ismaelcolosi.com.br\/wp-content\/uploads\/2024\/03\/3-7.jpg?fit=1200%2C675&ssl=1&resize=350%2C200","width":350,"height":200,"srcset":"https:\/\/i0.wp.com\/ismaelcolosi.com.br\/wp-content\/uploads\/2024\/03\/3-7.jpg?fit=1200%2C675&ssl=1&resize=350%2C200 1x, https:\/\/i0.wp.com\/ismaelcolosi.com.br\/wp-content\/uploads\/2024\/03\/3-7.jpg?fit=1200%2C675&ssl=1&resize=525%2C300 1.5x, https:\/\/i0.wp.com\/ismaelcolosi.com.br\/wp-content\/uploads\/2024\/03\/3-7.jpg?fit=1200%2C675&ssl=1&resize=700%2C400 2x, https:\/\/i0.wp.com\/ismaelcolosi.com.br\/wp-content\/uploads\/2024\/03\/3-7.jpg?fit=1200%2C675&ssl=1&resize=1050%2C600 3x"},"classes":[]},{"id":39290,"url":"https:\/\/ismaelcolosi.com.br\/index.php\/2024\/02\/24\/ano-comeca-com-mortes-no-transito\/","url_meta":{"origin":42707,"position":3},"title":"Tr\u00e2nsito causa seis mortes em 2024","author":"ismaelcolosi.com.br","date":"24 de February de 2024","format":false,"excerpt":"Balan\u00e7o divulgado pelo Movimento Paulista de Seguran\u00e7a no Tr\u00e2nsito (Infosiga-SP) indica que o tr\u00e2nsito de Ribeir\u00e3o Preto come\u00e7ou 2024 com uma morte a cada cinco dias. S\u00e3o seis \u00f3bitos em janeiro, mesmo n\u00famero de dezembro e um a menos que os sete do primeiro m\u00eas do ano passado, queda de\u2026","rel":"","context":"In &quot;Not\u00edcias de Ribeir\u00e3o Preto-SP e Regi\u00e3o&quot;","block_context":{"text":"Not\u00edcias de Ribeir\u00e3o Preto-SP e Regi\u00e3o","link":"https:\/\/ismaelcolosi.com.br\/index.php\/category\/noticias-de-ribeirao-preto-sp-e-regiao-ismael-colosi\/"},"img":{"alt_text":"","src":"https:\/\/i0.wp.com\/ismaelcolosi.com.br\/wp-content\/uploads\/2024\/02\/TransitoRP-Max-Gallao-Mesquita-02.jpg?fit=1000%2C629&ssl=1&resize=350%2C200","width":350,"height":200,"srcset":"https:\/\/i0.wp.com\/ismaelcolosi.com.br\/wp-content\/uploads\/2024\/02\/TransitoRP-Max-Gallao-Mesquita-02.jpg?fit=1000%2C629&ssl=1&resize=350%2C200 1x, https:\/\/i0.wp.com\/ismaelcolosi.com.br\/wp-content\/uploads\/2024\/02\/TransitoRP-Max-Gallao-Mesquita-02.jpg?fit=1000%2C629&ssl=1&resize=525%2C300 1.5x, https:\/\/i0.wp.com\/ismaelcolosi.com.br\/wp-content\/uploads\/2024\/02\/TransitoRP-Max-Gallao-Mesquita-02.jpg?fit=1000%2C629&ssl=1&resize=700%2C400 2x"},"classes":[]},{"id":29503,"url":"https:\/\/ismaelcolosi.com.br\/index.php\/2024\/01\/18\/mortes-no-transito-recuam-em-2023\/","url_meta":{"origin":42707,"position":4},"title":"Mortes no tr\u00e2nsito recuam em 2023 \u00a0","author":"ismaelcolosi.com.br","date":"18 de January de 2024","format":false,"excerpt":"Balan\u00e7o divulgado pelo Movimento Paulista de Seguran\u00e7a no Tr\u00e2nsito (Infosiga-SP), mostra queda no total de mortes registradas em Ribeir\u00e3o Preto no ano passado, em compara\u00e7\u00e3o com 2022. Em dezembro, por\u00e9m, as ocorr\u00eancias com v\u00edtimas fatais cresceram em rela\u00e7\u00e3o ao mesmo per\u00edodo do ano passado e em rela\u00e7\u00e3o a novembro. \u00a0.\u00a0Foram\u2026","rel":"","context":"In &quot;Not\u00edcias de Ribeir\u00e3o Preto-SP e Regi\u00e3o&quot;","block_context":{"text":"Not\u00edcias de Ribeir\u00e3o Preto-SP e Regi\u00e3o","link":"https:\/\/ismaelcolosi.com.br\/index.php\/category\/noticias-de-ribeirao-preto-sp-e-regiao-ismael-colosi\/"},"img":{"alt_text":"","src":"https:\/\/i0.wp.com\/ismaelcolosi.com.br\/wp-content\/uploads\/2024\/01\/TransitoRP-Max-Gallao-Mesquita-Arquivo-scaled.jpg?fit=1000%2C646&ssl=1&resize=350%2C200","width":350,"height":200,"srcset":"https:\/\/i0.wp.com\/ismaelcolosi.com.br\/wp-content\/uploads\/2024\/01\/TransitoRP-Max-Gallao-Mesquita-Arquivo-scaled.jpg?fit=1000%2C646&ssl=1&resize=350%2C200 1x, https:\/\/i0.wp.com\/ismaelcolosi.com.br\/wp-content\/uploads\/2024\/01\/TransitoRP-Max-Gallao-Mesquita-Arquivo-scaled.jpg?fit=1000%2C646&ssl=1&resize=525%2C300 1.5x, https:\/\/i0.wp.com\/ismaelcolosi.com.br\/wp-content\/uploads\/2024\/01\/TransitoRP-Max-Gallao-Mesquita-Arquivo-scaled.jpg?fit=1000%2C646&ssl=1&resize=700%2C400 2x"},"classes":[]},{"id":44769,"url":"https:\/\/ismaelcolosi.com.br\/index.php\/2024\/03\/30\/transito-ja-soma-15-mortes-no-ano\/","url_meta":{"origin":42707,"position":5},"title":"Tr\u00e2nsito j\u00e1 soma 15 mortes no ano \u00a0","author":"ismaelcolosi.com.br","date":"30 de March de 2024","format":false,"excerpt":"Balan\u00e7o divulgado pelo Movimento Paulista de Seguran\u00e7a no Tr\u00e2nsito (Infosiga-SP) indica que o tr\u00e2nsito de Ribeir\u00e3o Preto come\u00e7ou 2024 com uma morte a cada quatro dias. Ap\u00f3s registrar seis \u00f3bitos em janeiro, o n\u00famero de v\u00edtimas fatais avan\u00e7ou para nove em fevereiro, tr\u00eas a meia e alta de 50%. \u00a0\u00a0Recuou\u2026","rel":"","context":"In &quot;Not\u00edcias de Ribeir\u00e3o Preto-SP e Regi\u00e3o&quot;","block_context":{"text":"Not\u00edcias de Ribeir\u00e3o Preto-SP e Regi\u00e3o","link":"https:\/\/ismaelcolosi.com.br\/index.php\/category\/noticias-de-ribeirao-preto-sp-e-regiao-ismael-colosi\/"},"img":{"alt_text":"","src":"https:\/\/i0.wp.com\/ismaelcolosi.com.br\/wp-content\/uploads\/2024\/03\/TransitoRP-Max-Gallao-Mesquita-Arquivo-1-1024x695.jpg?fit=1024%2C695&ssl=1&resize=350%2C200","width":350,"height":200,"srcset":"https:\/\/i0.wp.com\/ismaelcolosi.com.br\/wp-content\/uploads\/2024\/03\/TransitoRP-Max-Gallao-Mesquita-Arquivo-1-1024x695.jpg?fit=1024%2C695&ssl=1&resize=350%2C200 1x, https:\/\/i0.wp.com\/ismaelcolosi.com.br\/wp-content\/uploads\/2024\/03\/TransitoRP-Max-Gallao-Mesquita-Arquivo-1-1024x695.jpg?fit=1024%2C695&ssl=1&resize=525%2C300 1.5x, https:\/\/i0.wp.com\/ismaelcolosi.com.br\/wp-content\/uploads\/2024\/03\/TransitoRP-Max-Gallao-Mesquita-Arquivo-1-1024x695.jpg?fit=1024%2C695&ssl=1&resize=700%2C400 2x"},"classes":[]}],"jetpack_sharing_enabled":true,"jetpack_shortlink":"https:\/\/wp.me\/pfMlyK-b6P","_links":{"self":[{"href":"https:\/\/ismaelcolosi.com.br\/index.php\/wp-json\/wp\/v2\/posts\/42707","targetHints":{"allow":["GET"]}}],"collection":[{"href":"https:\/\/ismaelcolosi.com.br\/index.php\/wp-json\/wp\/v2\/posts"}],"about":[{"href":"https:\/\/ismaelcolosi.com.br\/index.php\/wp-json\/wp\/v2\/types\/post"}],"author":[{"embeddable":true,"href":"https:\/\/ismaelcolosi.com.br\/index.php\/wp-json\/wp\/v2\/users\/1"}],"replies":[{"embeddable":true,"href":"https:\/\/ismaelcolosi.com.br\/index.php\/wp-json\/wp\/v2\/comments?post=42707"}],"version-history":[{"count":0,"href":"https:\/\/ismaelcolosi.com.br\/index.php\/wp-json\/wp\/v2\/posts\/42707\/revisions"}],"wp:featuredmedia":[{"embeddable":true,"href":"https:\/\/ismaelcolosi.com.br\/index.php\/wp-json\/wp\/v2\/media\/42708"}],"wp:attachment":[{"href":"https:\/\/ismaelcolosi.com.br\/index.php\/wp-json\/wp\/v2\/media?parent=42707"}],"wp:term":[{"taxonomy":"category","embeddable":true,"href":"https:\/\/ismaelcolosi.com.br\/index.php\/wp-json\/wp\/v2\/categories?post=42707"},{"taxonomy":"post_tag","embeddable":true,"href":"https:\/\/ismaelcolosi.com.br\/index.php\/wp-json\/wp\/v2\/tags?post=42707"}],"curies":[{"name":"wp","href":"https:\/\/api.w.org\/{rel}","templated":true}]}}