{"id":42705,"date":"2024-03-16T10:43:09","date_gmt":"2024-03-16T13:43:09","guid":{"rendered":"https:\/\/ismaelcolosi.com.br\/index.php\/2024\/03\/16\/o-compromisso-do-governo-lula-com-o-futuro-das-cidades\/"},"modified":"2024-03-16T10:43:09","modified_gmt":"2024-03-16T13:43:09","slug":"o-compromisso-do-governo-lula-com-o-futuro-das-cidades","status":"publish","type":"post","link":"https:\/\/ismaelcolosi.com.br\/index.php\/2024\/03\/16\/o-compromisso-do-governo-lula-com-o-futuro-das-cidades\/","title":{"rendered":"O compromisso do governo Lula com o futuro das cidades \u00a0"},"content":{"rendered":"<p> <br \/>\n<\/p>\n<div id=\"\">\n<p> <span class=\"entry-meta-item penci-posted-on\"><i class=\"fa fa-clock-o\"\/><time class=\"entry-date published\" datetime=\"2024-03-16T08:20:24-03:00\">16 de mar\u00e7o de 2024 | 8:20<\/time><time class=\"updated\" datetime=\"2024-03-15T20:00:43-03:00\">15 de mar\u00e7o de 2024 | 20:00<\/time><\/span><\/p>\n<p> <span class=\"penci-social-buttons penci-social-share-footer\"><a href=\"#\" class=\"penci-post-like penci_post-meta_item  single-like-button penci-social-item like\" data-post_id=\"377541\" title=\"Like\" data-like=\"Like\" data-unlike=\"Unlike\"><i class=\"fa fa-thumbs-o-up\"\/><span class=\"penci-share-number\">0<\/span><\/a><i class=\"fa fa-facebook\"\/><a class=\"penci-social-item twitter\" target=\"_blank\" rel=\"noopener\" title=\"\" href=\"https:\/\/twitter.com\/intent\/tweet?text=O%20compromisso%20do%20governo%20Lula%20com%20o%20futuro%20das%20cidades%20\u00a0%20-%20https:\/\/www.tribunaribeirao.com.br\/site\/o-compromisso-do-governo-lula-com-o-futuro-das-cidades\/\"><i class=\"fa fa-twitter\"\/><\/a><i class=\"fa fa-whatsapp\"\/><\/span><\/div>\n<div>\n<p><span class=\"TextRun SCXW164150540 BCX0\" lang=\"PT-BR\" xml:lang=\"PT-BR\" data-contrast=\"none\"><span class=\"NormalTextRun SCXW164150540 BCX0\">Alexandre Padilha *<\/span><\/span><span class=\"LineBreakBlob BlobObject DragDrop SCXW164150540 BCX0\"><span class=\"SCXW164150540 BCX0\">\u00a0<\/span><br class=\"SCXW164150540 BCX0\"\/><\/span><span class=\"LineBreakBlob BlobObject DragDrop SCXW164150540 BCX0\"><span class=\"SCXW164150540 BCX0\">\u00a0<\/span><br class=\"SCXW164150540 BCX0\"\/><\/span><span class=\"TextRun SCXW164150540 BCX0\" lang=\"PT-BR\" xml:lang=\"PT-BR\" data-contrast=\"auto\"><span class=\"NormalTextRun SCXW164150540 BCX0\">Os governos do presidente Luiz In\u00e1cio Lula da Silva <\/span><span class=\"NormalTextRun SCXW164150540 BCX0\">sempre tiveram como marca <\/span><span class=\"NormalTextRun SCXW164150540 BCX0\">o compromisso de melhorar a vida das pessoas que mais precisam, e <\/span><span class=\"NormalTextRun SCXW164150540 BCX0\">a rela\u00e7\u00e3o respeitosa e cordial com todos os <\/span><span class=\"NormalTextRun SCXW164150540 BCX0\">outros governantes, mesmo que diante de diferen\u00e7as pol\u00edticas e partid\u00e1rias.<\/span><\/span><span class=\"LineBreakBlob BlobObject DragDrop SCXW164150540 BCX0\"><span class=\"SCXW164150540 BCX0\">\u00a0<\/span><br class=\"SCXW164150540 BCX0\"\/><\/span><span class=\"LineBreakBlob BlobObject DragDrop SCXW164150540 BCX0\"><span class=\"SCXW164150540 BCX0\">\u00a0<\/span><br class=\"SCXW164150540 BCX0\"\/><\/span><span class=\"TextRun SCXW164150540 BCX0\" lang=\"PT-BR\" xml:lang=\"PT-BR\" data-contrast=\"auto\"><span class=\"NormalTextRun SCXW164150540 BCX0\">Agora, no terceiro mandato do presidente Lula, nos deparamos <\/span><span class=\"NormalTextRun SCXW164150540 BCX0\">com estados e munic\u00edpios em dificuldades, <\/span><span class=\"NormalTextRun SCXW164150540 BCX0\">causadas pela rela\u00e7\u00e3o t\u00f3xica que o governo anterior tinha com todos aqueles que n\u00e3o lhe entregavam absoluta e irrestrita concord\u00e2ncia. Para reverter esse quadro, estamos trabalhando pela restaura\u00e7\u00e3o plena d<\/span><span class=\"NormalTextRun SCXW164150540 BCX0\">o pacto <\/span><span class=\"NormalTextRun SpellingErrorV2Themed SCXW164150540 BCX0\">federativo<\/span><span class=\"NormalTextRun SpellingErrorV2Themed SCXW164150540 BCX0\">,<\/span><span class=\"NormalTextRun SpellingErrorV2Themed SCXW164150540 BCX0\">pel<\/span><span class=\"NormalTextRun SpellingErrorV2Themed SCXW164150540 BCX0\">a<\/span><span class=\"NormalTextRun SCXW164150540 BCX0\"> sa\u00fade das contas p\u00fablicas<\/span><span class=\"NormalTextRun SCXW164150540 BCX0\">, e <\/span><span class=\"NormalTextRun SCXW164150540 BCX0\">pel<\/span><span class=\"NormalTextRun SCXW164150540 BCX0\">o atendimento <\/span><span class=\"NormalTextRun SCXW164150540 BCX0\">\u00e0<\/span><span class=\"NormalTextRun SCXW164150540 BCX0\">s principais demandas<\/span><span class=\"NormalTextRun SCXW164150540 BCX0\"> de estados e munic\u00edpios.<\/span><\/span><span class=\"LineBreakBlob BlobObject DragDrop SCXW164150540 BCX0\"><span class=\"SCXW164150540 BCX0\">\u00a0<\/span><br class=\"SCXW164150540 BCX0\"\/><\/span><span class=\"LineBreakBlob BlobObject DragDrop SCXW164150540 BCX0\"><span class=\"SCXW164150540 BCX0\">\u00a0<\/span><br class=\"SCXW164150540 BCX0\"\/><\/span><span class=\"TextRun SCXW164150540 BCX0\" lang=\"PT-BR\" xml:lang=\"PT-BR\" data-contrast=\"auto\"><span class=\"NormalTextRun SCXW164150540 BCX0\">Em 2023, desarmamos uma bomba que estrangulava o futuro dos munic\u00edpios. Conseguimos destravar o repasse de recursos e mostramos, mais uma vez, o comprometimento do nosso governo com os munic\u00edpios.<\/span><\/span><span class=\"LineBreakBlob BlobObject DragDrop SCXW164150540 BCX0\"><span class=\"SCXW164150540 BCX0\">\u00a0<\/span><br class=\"SCXW164150540 BCX0\"\/><\/span><span class=\"LineBreakBlob BlobObject DragDrop SCXW164150540 BCX0\"><span class=\"SCXW164150540 BCX0\">\u00a0<\/span><br class=\"SCXW164150540 BCX0\"\/><\/span><span class=\"TextRun SCXW164150540 BCX0\" lang=\"PT-BR\" xml:lang=\"PT-BR\" data-contrast=\"auto\"><span class=\"NormalTextRun SCXW164150540 BCX0\">Uma das medidas mais importantes nesse sentido foi <\/span><span class=\"NormalTextRun SCXW164150540 BCX0\">a<\/span><span class=\"NormalTextRun SCXW164150540 BCX0\"> garantia, dada pelo governo do <\/span><span class=\"NormalTextRun SCXW164150540 BCX0\">presidente Lula<\/span><span class=\"NormalTextRun SCXW164150540 BCX0\">, de que <\/span><span class=\"NormalTextRun SCXW164150540 BCX0\">os recursos do <\/span><span class=\"NormalTextRun SCXW164150540 BCX0\">F<\/span><span class=\"NormalTextRun SCXW164150540 BCX0\">undo de Participa\u00e7\u00e3o dos Munic\u00edpios (F<\/span><span class=\"NormalTextRun SCXW164150540 BCX0\">PM<\/span><span class=\"NormalTextRun SCXW164150540 BCX0\">), em 2023, n\u00e3o seriam menores que os do ano anterior, assegurando estabilidade \u00e0 principal fonte de receita da maioria das prefeituras brasileiras. <\/span><span class=\"NormalTextRun SCXW164150540 BCX0\">Com a nova lei, conseguimos repassar aos <\/span><span class=\"NormalTextRun SCXW164150540 BCX0\">munic\u00edpios, ao longo de 2023, R$ 10,87 bilh\u00f5es a mais do F<\/span><span class=\"NormalTextRun SCXW164150540 BCX0\">PM, na <\/span><span class=\"NormalTextRun SCXW164150540 BCX0\">compara\u00e7\u00e3o com 2022<\/span><span class=\"NormalTextRun SCXW164150540 BCX0\">\u2013 com isso, tivemos uma alta de 7,02%<\/span><span class=\"NormalTextRun SCXW164150540 BCX0\">nessas transfer\u00eancias. <\/span><\/span><span class=\"LineBreakBlob BlobObject DragDrop SCXW164150540 BCX0\"><span class=\"SCXW164150540 BCX0\">\u00a0<\/span><br class=\"SCXW164150540 BCX0\"\/><\/span><span class=\"LineBreakBlob BlobObject DragDrop SCXW164150540 BCX0\"><span class=\"SCXW164150540 BCX0\">\u00a0<\/span><br class=\"SCXW164150540 BCX0\"\/><\/span><span class=\"TextRun SCXW164150540 BCX0\" lang=\"PT-BR\" xml:lang=\"PT-BR\" data-contrast=\"auto\"><span class=\"NormalTextRun SCXW164150540 BCX0\">E em 2024, o compromisso est\u00e1 mantido: somente entre janeiro e o in\u00edcio de mar\u00e7o, <\/span><span class=\"NormalTextRun SCXW164150540 BCX0\">transferimos<\/span><span class=\"NormalTextRun SCXW164150540 BCX0\"> mais de R$ 46 <\/span><span class=\"NormalTextRun SpellingErrorV2Themed SCXW164150540 BCX0\">bilh\u00f5es<\/span><span class=\"NormalTextRun SpellingErrorV2Themed SCXW164150540 BCX0\">,<\/span><span class=\"NormalTextRun SpellingErrorV2Themed SCXW164150540 BCX0\">o<\/span><span class=\"NormalTextRun SCXW164150540 BCX0\"> que representa 13% a mais na compara\u00e7\u00e3o <\/span><span class=\"NormalTextRun SCXW164150540 BCX0\">com o mesmo per\u00edodo do ano passado. <\/span><span class=\"NormalTextRun SCXW164150540 BCX0\">Se comparado ao mesmo per\u00edodo em 2022, o aumento no repasse d<\/span><span class=\"NormalTextRun SCXW164150540 BCX0\">e FPM representa quase o dobro, <\/span><span class=\"NormalTextRun SCXW164150540 BCX0\">22% a mais.<\/span><\/span><span class=\"LineBreakBlob BlobObject DragDrop SCXW164150540 BCX0\"><span class=\"SCXW164150540 BCX0\">\u00a0<\/span><br class=\"SCXW164150540 BCX0\"\/><\/span><span class=\"LineBreakBlob BlobObject DragDrop SCXW164150540 BCX0\"><span class=\"SCXW164150540 BCX0\">\u00a0<\/span><br class=\"SCXW164150540 BCX0\"\/><\/span><span class=\"TextRun SCXW164150540 BCX0\" lang=\"PT-BR\" xml:lang=\"PT-BR\" data-contrast=\"auto\"><span class=\"NormalTextRun SCXW164150540 BCX0\">Ao mesmo tempo em que restaura a capacidade financeira das prefeituras, o governo federal tamb\u00e9m est\u00e1 retomando a sua capacidade de investimentos em infraestrutura e em equipamentos sociais. Nosso carro-chefe para isso \u00e9 o Programa de Acelera\u00e7\u00e3o do Crescimento, que divulgou neste m\u00eas a primeira rodada de sele\u00e7\u00f5es de projetos. <\/span><\/span><span class=\"LineBreakBlob BlobObject DragDrop SCXW164150540 BCX0\"><span class=\"SCXW164150540 BCX0\">\u00a0<\/span><br class=\"SCXW164150540 BCX0\"\/><\/span><span class=\"LineBreakBlob BlobObject DragDrop SCXW164150540 BCX0\"><span class=\"SCXW164150540 BCX0\">\u00a0<\/span><br class=\"SCXW164150540 BCX0\"\/><\/span><span class=\"TextRun SCXW164150540 BCX0\" lang=\"PT-BR\" xml:lang=\"PT-BR\" data-contrast=\"auto\"><span class=\"NormalTextRun SCXW164150540 BCX0\">Com a\u00e7\u00f5es nos eixos Sa\u00fade, Educa\u00e7\u00e3o, Ci\u00eancia e Tecnologia e Infraestrutura Social e Inclusiva, o programa alcan\u00e7ar\u00e1 87% da popula\u00e7\u00e3o brasileira, ao realizar, com recursos federais, obras e equipamentos em 3.270 munic\u00edpios.<\/span><\/span><span class=\"LineBreakBlob BlobObject DragDrop SCXW164150540 BCX0\"><span class=\"SCXW164150540 BCX0\">\u00a0<\/span><br class=\"SCXW164150540 BCX0\"\/><\/span><span class=\"LineBreakBlob BlobObject DragDrop SCXW164150540 BCX0\"><span class=\"SCXW164150540 BCX0\">\u00a0<\/span><br class=\"SCXW164150540 BCX0\"\/><\/span><span class=\"TextRun SCXW164150540 BCX0\" lang=\"PT-BR\" xml:lang=\"PT-BR\" data-contrast=\"auto\"><span class=\"NormalTextRun SCXW164150540 BCX0\">Outra a\u00e7\u00e3o \u00e9 a constru\u00e7\u00e3o de <\/span><span class=\"NormalTextRun SCXW164150540 BCX0\">100 novos <\/span><span class=\"NormalTextRun SCXW164150540 BCX0\">I<\/span><span class=\"NormalTextRun SCXW164150540 BCX0\">nst<\/span><span class=\"NormalTextRun SCXW164150540 BCX0\">itutos <\/span><span class=\"NormalTextRun SCXW164150540 BCX0\">F<\/span><span class=\"NormalTextRun SCXW164150540 BCX0\">ederais <\/span><span class=\"NormalTextRun SCXW164150540 BCX0\">de ensino <\/span><span class=\"NormalTextRun SCXW164150540 BCX0\">por todo o pa\u00eds, criando 140 mil novas vagas<\/span><span class=\"NormalTextRun SCXW164150540 BCX0\">,<\/span><span class=\"NormalTextRun SCXW164150540 BCX0\"> com recursos <\/span><span class=\"NormalTextRun SCXW164150540 BCX0\">de R$ 3,9 bilh\u00f5es<\/span><span class=\"NormalTextRun SCXW164150540 BCX0\">, para formar nossos jovens e gerar cada vez mais oportunidades para o nosso povo. E<\/span><span class=\"NormalTextRun SCXW164150540 BCX0\">sse \u00e9 o nosso compromisso: Uni\u00e3o e Reconstru\u00e7\u00e3o para melhorar a vida das pessoas em cada cidade do Brasil. <\/span><\/span><span class=\"LineBreakBlob BlobObject DragDrop SCXW164150540 BCX0\"><span class=\"SCXW164150540 BCX0\">\u00a0<\/span><br class=\"SCXW164150540 BCX0\"\/><\/span><span class=\"LineBreakBlob BlobObject DragDrop SCXW164150540 BCX0\"><span class=\"SCXW164150540 BCX0\">\u00a0<\/span><br class=\"SCXW164150540 BCX0\"\/><\/span><span class=\"TextRun SCXW164150540 BCX0\" lang=\"PT-BR\" xml:lang=\"PT-BR\" data-contrast=\"none\"><span class=\"NormalTextRun SCXW164150540 BCX0\">*<\/span><span class=\"NormalTextRun SCXW164150540 BCX0\"> M\u00e9dico<\/span><span class=\"NormalTextRun SCXW164150540 BCX0\">, professor universit\u00e1rio, <\/span><span class=\"NormalTextRun SCXW164150540 BCX0\">m<\/span><span class=\"NormalTextRun SCXW164150540 BCX0\">inistro das Rela\u00e7\u00f5es Institucionais da Presid\u00eancia da Rep\u00fablica e deputado federal licenciado (PT\/SP)<\/span><\/span><span class=\"EOP SCXW164150540 BCX0\" data-ccp-props=\"{&quot;201341983&quot;:0,&quot;335559739&quot;:160,&quot;335559740&quot;:259}\">\u00a0<\/span><\/p><div class='code-block code-block-8' style='margin: 8px auto; text-align: center; display: block; clear: both;'>\n<script>\n  atOptions = {\n    'key' : '66e2e2111ca34da796271819fc334058',\n    'format' : 'iframe',\n    'height' : 250,\n    'width' : 300,\n    'params' : {}\n  };\n<\/script>\n<script src=\"https:\/\/www.highperformanceformat.com\/66e2e2111ca34da796271819fc334058\/invoke.js\"><\/script>\n<\/div>\n\n<\/div>\n<p><script async src=\"\/\/platform.twitter.com\/widgets.js\" charset=\"utf-8\"><\/script><br \/>\n<br \/><br \/>\n<br \/><a href=\"https:\/\/www.tribunaribeirao.com.br\/site\/o-compromisso-do-governo-lula-com-o-futuro-das-cidades\/\">Source link <\/a><\/p>\n<div class='code-block code-block-4' style='margin: 8px auto 8px 0; text-align: left; display: block; clear: both;'>\n\ud83d\udce2 Aviso Legal\n\nO site ismaelcolosi.com.br atua apenas como um canal de divulga\u00e7\u00e3o de oportunidades de emprego e n\u00e3o se responsabiliza pelo processo seletivo, contrata\u00e7\u00e3o ou qualquer outra etapa relacionada \u00e0s vagas publicadas. Todas as informa\u00e7\u00f5es s\u00e3o de responsabilidade dos anunciantes.\n\n\u26a0\ufe0f Aten\u00e7\u00e3o! Nunca pague por promessas de emprego nem compre cursos que garantam contrata\u00e7\u00e3o. Desconfie de qualquer cobran\u00e7a para participar de sele\u00e7\u00f5es.\n\n\n\n<\/div>\n<!-- CONTENT END 1 -->\n","protected":false},"excerpt":{"rendered":"<p>16 de mar\u00e7o de 2024 | 8:2015 de mar\u00e7o de 2024 | 20:00 0 Alexandre Padilha *\u00a0\u00a0Os governos do presidente Luiz In\u00e1cio Lula da Silva&#8230;<\/p>\n","protected":false},"author":1,"featured_media":42706,"comment_status":"open","ping_status":"open","sticky":false,"template":"","format":"standard","meta":{"_uag_custom_page_level_css":"","advanced_seo_description":"","jetpack_seo_html_title":"","jetpack_seo_noindex":false,"jetpack_post_was_ever_published":false,"_jetpack_newsletter_access":"","_jetpack_dont_email_post_to_subs":false,"_jetpack_newsletter_tier_id":0,"_jetpack_memberships_contains_paywalled_content":false,"_jetpack_memberships_contains_paid_content":false,"footnotes":"","jetpack_publicize_message":"","jetpack_publicize_feature_enabled":true,"jetpack_social_post_already_shared":true,"jetpack_social_options":{"image_generator_settings":{"template":"highway","default_image_id":0,"font":"","enabled":false},"version":2}},"categories":[11],"tags":[250,5066,429,1227,1271,750],"class_list":["post-42705","post","type-post","status-publish","format-standard","has-post-thumbnail","hentry","category-noticias-de-ribeirao-preto-sp-e-regiao-ismael-colosi","tag-cidades","tag-compromisso","tag-das","tag-futuro","tag-governo","tag-lula"],"jetpack_publicize_connections":[],"jetpack_featured_media_url":"https:\/\/i0.wp.com\/ismaelcolosi.com.br\/wp-content\/uploads\/2024\/03\/1710596592_alexandrepadilha.jpg?fit=700%2C450&ssl=1","uagb_featured_image_src":{"full":["https:\/\/i0.wp.com\/ismaelcolosi.com.br\/wp-content\/uploads\/2024\/03\/1710596592_alexandrepadilha.jpg?fit=700%2C450&ssl=1",700,450,false],"thumbnail":["https:\/\/i0.wp.com\/ismaelcolosi.com.br\/wp-content\/uploads\/2024\/03\/1710596592_alexandrepadilha.jpg?resize=150%2C150&ssl=1",150,150,true],"medium":["https:\/\/i0.wp.com\/ismaelcolosi.com.br\/wp-content\/uploads\/2024\/03\/1710596592_alexandrepadilha.jpg?fit=300%2C193&ssl=1",300,193,true],"medium_large":["https:\/\/i0.wp.com\/ismaelcolosi.com.br\/wp-content\/uploads\/2024\/03\/1710596592_alexandrepadilha.jpg?fit=700%2C450&ssl=1",700,450,true],"large":["https:\/\/i0.wp.com\/ismaelcolosi.com.br\/wp-content\/uploads\/2024\/03\/1710596592_alexandrepadilha.jpg?fit=700%2C450&ssl=1",700,450,true],"1536x1536":["https:\/\/i0.wp.com\/ismaelcolosi.com.br\/wp-content\/uploads\/2024\/03\/1710596592_alexandrepadilha.jpg?fit=700%2C450&ssl=1",700,450,true],"2048x2048":["https:\/\/i0.wp.com\/ismaelcolosi.com.br\/wp-content\/uploads\/2024\/03\/1710596592_alexandrepadilha.jpg?fit=700%2C450&ssl=1",700,450,true],"really-simple-thumb":["https:\/\/i0.wp.com\/ismaelcolosi.com.br\/wp-content\/uploads\/2024\/03\/1710596592_alexandrepadilha.jpg?resize=370%2C247&ssl=1",370,247,true]},"uagb_author_info":{"display_name":"ismaelcolosi.com.br","author_link":"https:\/\/ismaelcolosi.com.br\/index.php\/author\/vidareal-online\/"},"uagb_comment_info":0,"uagb_excerpt":"16 de mar\u00e7o de 2024 | 8:2015 de mar\u00e7o de 2024 | 20:00 0 Alexandre Padilha *\u00a0\u00a0Os governos do presidente Luiz In\u00e1cio Lula da Silva...","jetpack-related-posts":[{"id":40644,"url":"https:\/\/ismaelcolosi.com.br\/index.php\/2024\/03\/05\/governo-e-congresso-nacional\/","url_meta":{"origin":42705,"position":0},"title":"Governo e Congresso Nacional\u00a0 &#8211; Jornal Tribuna Ribeir\u00e3o","author":"ismaelcolosi.com.br","date":"5 de March de 2024","format":false,"excerpt":"5 de mar\u00e7o de 2024 | 8:205 de mar\u00e7o de 2024 | 9:07 0Agenda compartilhada para o bem do BrasilAlexandre Padilha *A Constitui\u00e7\u00e3o de 1988, em seu 2\u00ba artigo, estabelece que Legislativo, Executivo e Judici\u00e1rio s\u00e3o Poderes da Uni\u00e3o \u201cindependentes e harm\u00f4nicos entre si\u201d. A busca pelo que diz a\u2026","rel":"","context":"In &quot;Not\u00edcias de Ribeir\u00e3o Preto-SP e Regi\u00e3o&quot;","block_context":{"text":"Not\u00edcias de Ribeir\u00e3o Preto-SP e Regi\u00e3o","link":"https:\/\/ismaelcolosi.com.br\/index.php\/category\/noticias-de-ribeirao-preto-sp-e-regiao-ismael-colosi\/"},"img":{"alt_text":"","src":"https:\/\/i0.wp.com\/ismaelcolosi.com.br\/wp-content\/uploads\/2024\/03\/alexandrepadilha.jpg?fit=700%2C450&ssl=1&resize=350%2C200","width":350,"height":200,"srcset":"https:\/\/i0.wp.com\/ismaelcolosi.com.br\/wp-content\/uploads\/2024\/03\/alexandrepadilha.jpg?fit=700%2C450&ssl=1&resize=350%2C200 1x, https:\/\/i0.wp.com\/ismaelcolosi.com.br\/wp-content\/uploads\/2024\/03\/alexandrepadilha.jpg?fit=700%2C450&ssl=1&resize=525%2C300 1.5x, https:\/\/i0.wp.com\/ismaelcolosi.com.br\/wp-content\/uploads\/2024\/03\/alexandrepadilha.jpg?fit=700%2C450&ssl=1&resize=700%2C400 2x"},"classes":[]},{"id":42110,"url":"https:\/\/ismaelcolosi.com.br\/index.php\/2024\/03\/12\/lula-anuncia-estudo-federal-em-rp-ao-lado-de-alckmin-e-vereadora-duda-hidalgo\/","url_meta":{"origin":42705,"position":1},"title":"Lula anuncia estudo Federal em RP ao lado de Alckmin e vereadora Duda Hidalgo","author":"ismaelcolosi.com.br","date":"12 de March de 2024","format":false,"excerpt":"12 de mar\u00e7o de 2024 | 21:22 0Nesta ter\u00e7a-feira, 12 de mar\u00e7o, em meio a uma cerim\u00f4nia de an\u00fancio de mais de cem unidades novas de institutos federais, a cidade de Ribeir\u00e3o Preto foi contemplada de forma in\u00e9dita para ter o seu primeiro campi de instituto federal na cidade. Ap\u00f3s\u2026","rel":"","context":"In &quot;Not\u00edcias de Ribeir\u00e3o Preto-SP e Regi\u00e3o&quot;","block_context":{"text":"Not\u00edcias de Ribeir\u00e3o Preto-SP e Regi\u00e3o","link":"https:\/\/ismaelcolosi.com.br\/index.php\/category\/noticias-de-ribeirao-preto-sp-e-regiao-ismael-colosi\/"},"img":{"alt_text":"","src":"https:\/\/i0.wp.com\/ismaelcolosi.com.br\/wp-content\/uploads\/2024\/03\/085c9510-9625-468c-8f7b-096faf97b828-1-scaled.jpg?fit=968%2C645&ssl=1&resize=350%2C200","width":350,"height":200,"srcset":"https:\/\/i0.wp.com\/ismaelcolosi.com.br\/wp-content\/uploads\/2024\/03\/085c9510-9625-468c-8f7b-096faf97b828-1-scaled.jpg?fit=968%2C645&ssl=1&resize=350%2C200 1x, https:\/\/i0.wp.com\/ismaelcolosi.com.br\/wp-content\/uploads\/2024\/03\/085c9510-9625-468c-8f7b-096faf97b828-1-scaled.jpg?fit=968%2C645&ssl=1&resize=525%2C300 1.5x, https:\/\/i0.wp.com\/ismaelcolosi.com.br\/wp-content\/uploads\/2024\/03\/085c9510-9625-468c-8f7b-096faf97b828-1-scaled.jpg?fit=968%2C645&ssl=1&resize=700%2C400 2x"},"classes":[]},{"id":37312,"url":"https:\/\/ismaelcolosi.com.br\/index.php\/2024\/02\/15\/lula-chega-a-29-paises-visitados\/","url_meta":{"origin":42705,"position":2},"title":"Lula chega a 29\u00a0pa\u00edses visitados \u00a0","author":"ismaelcolosi.com.br","date":"15 de February de 2024","format":false,"excerpt":"O presidente Luiz In\u00e1cio Lula da Silva chegou na madrugada desta quarta-feira, 14 de fevereiro, no hor\u00e1rio de Bras\u00edlia, ao Cairo, capital do Egito. Sua agenda mostra um dia sem compromissos oficiais, que devem come\u00e7ar nesta quinta-feira (15). O perfil oficial de Lula no Instagram publicou imagens dele e da\u2026","rel":"","context":"In &quot;Not\u00edcias de Ribeir\u00e3o Preto-SP e Regi\u00e3o&quot;","block_context":{"text":"Not\u00edcias de Ribeir\u00e3o Preto-SP e Regi\u00e3o","link":"https:\/\/ismaelcolosi.com.br\/index.php\/category\/noticias-de-ribeirao-preto-sp-e-regiao-ismael-colosi\/"},"img":{"alt_text":"","src":"https:\/\/i0.wp.com\/ismaelcolosi.com.br\/wp-content\/uploads\/2024\/02\/Lula-Ricardo-Stuckert-PR-scaled.jpg?fit=1000%2C537&ssl=1&resize=350%2C200","width":350,"height":200,"srcset":"https:\/\/i0.wp.com\/ismaelcolosi.com.br\/wp-content\/uploads\/2024\/02\/Lula-Ricardo-Stuckert-PR-scaled.jpg?fit=1000%2C537&ssl=1&resize=350%2C200 1x, https:\/\/i0.wp.com\/ismaelcolosi.com.br\/wp-content\/uploads\/2024\/02\/Lula-Ricardo-Stuckert-PR-scaled.jpg?fit=1000%2C537&ssl=1&resize=525%2C300 1.5x, https:\/\/i0.wp.com\/ismaelcolosi.com.br\/wp-content\/uploads\/2024\/02\/Lula-Ricardo-Stuckert-PR-scaled.jpg?fit=1000%2C537&ssl=1&resize=700%2C400 2x"},"classes":[]},{"id":75532,"url":"https:\/\/ismaelcolosi.com.br\/index.php\/2024\/11\/06\/em-menos-de-24-horas-ricardo-silva-se-reune-com-tarcisio-e-lula\/","url_meta":{"origin":42705,"position":3},"title":"Em menos de 24 horas Ricardo Silva se re\u00fane com Tarc\u00edsio e Lula","author":"ismaelcolosi.com.br","date":"6 de November de 2024","format":false,"excerpt":"Em um intervalo de menos de 24 horas, o prefeito eleito de Ribeir\u00e3o Preto, Ricardo Silva (PSD), participou de duas reuni\u00f5es essenciais para o futuro da cidade. Ele esteve com o governador de S\u00e3o Paulo, Tarc\u00edsio de Freitas (Republicanos), no Pal\u00e1cio dos Bandeirantes em S\u00e3o Paulo, e com o presidente\u2026","rel":"","context":"In &quot;Not\u00edcias de Ribeir\u00e3o Preto-SP e Regi\u00e3o&quot;","block_context":{"text":"Not\u00edcias de Ribeir\u00e3o Preto-SP e Regi\u00e3o","link":"https:\/\/ismaelcolosi.com.br\/index.php\/category\/noticias-de-ribeirao-preto-sp-e-regiao-ismael-colosi\/"},"img":{"alt_text":"","src":"https:\/\/i0.wp.com\/ismaelcolosi.com.br\/wp-content\/uploads\/2024\/11\/ricardotarclulaok.jpg?fit=800%2C418&ssl=1&resize=350%2C200","width":350,"height":200,"srcset":"https:\/\/i0.wp.com\/ismaelcolosi.com.br\/wp-content\/uploads\/2024\/11\/ricardotarclulaok.jpg?fit=800%2C418&ssl=1&resize=350%2C200 1x, https:\/\/i0.wp.com\/ismaelcolosi.com.br\/wp-content\/uploads\/2024\/11\/ricardotarclulaok.jpg?fit=800%2C418&ssl=1&resize=525%2C300 1.5x, https:\/\/i0.wp.com\/ismaelcolosi.com.br\/wp-content\/uploads\/2024\/11\/ricardotarclulaok.jpg?fit=800%2C418&ssl=1&resize=700%2C400 2x"},"classes":[]},{"id":41423,"url":"https:\/\/ismaelcolosi.com.br\/index.php\/2024\/03\/08\/novo-pac-contempla-rp\/","url_meta":{"origin":42705,"position":4},"title":"Novo PAC contempla RP\u00a0 &#8211; Jornal Tribuna Ribeir\u00e3o","author":"ismaelcolosi.com.br","date":"8 de March de 2024","format":false,"excerpt":"8 de mar\u00e7o de 2024 | 9:007 de mar\u00e7o de 2024 | 20:15 0O presidente Luiz In\u00e1cio Lula da Silva apresentou, nesta quinta-feira, 7 de mar\u00e7o, em Bras\u00edlia, o resultado de 16 das 27 modalidades do Novo Programa de Acelera\u00e7\u00e3o do Crescimento (PAC) Sele\u00e7\u00f5es, voltado para atender\u00a0 projetos priorit\u00e1rios apresentados\u2026","rel":"","context":"In &quot;Not\u00edcias de Ribeir\u00e3o Preto-SP e Regi\u00e3o&quot;","block_context":{"text":"Not\u00edcias de Ribeir\u00e3o Preto-SP e Regi\u00e3o","link":"https:\/\/ismaelcolosi.com.br\/index.php\/category\/noticias-de-ribeirao-preto-sp-e-regiao-ismael-colosi\/"},"img":{"alt_text":"","src":"https:\/\/i0.wp.com\/ismaelcolosi.com.br\/wp-content\/uploads\/2024\/03\/NovoPAC-Antonio-Cruz-Ag.Br_-scaled.jpg?fit=1000%2C591&ssl=1&resize=350%2C200","width":350,"height":200,"srcset":"https:\/\/i0.wp.com\/ismaelcolosi.com.br\/wp-content\/uploads\/2024\/03\/NovoPAC-Antonio-Cruz-Ag.Br_-scaled.jpg?fit=1000%2C591&ssl=1&resize=350%2C200 1x, https:\/\/i0.wp.com\/ismaelcolosi.com.br\/wp-content\/uploads\/2024\/03\/NovoPAC-Antonio-Cruz-Ag.Br_-scaled.jpg?fit=1000%2C591&ssl=1&resize=525%2C300 1.5x, https:\/\/i0.wp.com\/ismaelcolosi.com.br\/wp-content\/uploads\/2024\/03\/NovoPAC-Antonio-Cruz-Ag.Br_-scaled.jpg?fit=1000%2C591&ssl=1&resize=700%2C400 2x"},"classes":[]},{"id":36546,"url":"https:\/\/ismaelcolosi.com.br\/index.php\/2024\/02\/10\/estrangeiros-deixam-us-69-bi-no-brasil\/","url_meta":{"origin":42705,"position":5},"title":"Estrangeiros deixam US$ 6,9 bi no Brasil\u00a0","author":"ismaelcolosi.com.br","date":"10 de February de 2024","format":false,"excerpt":"O volume de recursos deixados por turistas estrangeiros em 2023 no Brasil foi recorde \u2013 US$ 6,9 bilh\u00f5es, o equivalente a R$ 34,5 bilh\u00f5es \u2013 e levou o pa\u00eds a assumir a lideran\u00e7a sul-americana em termos de arrecada\u00e7\u00e3o no setor, conforme o ranking de 20 pa\u00edses divulgado nesta semana, pela\u2026","rel":"","context":"In &quot;Not\u00edcias de Ribeir\u00e3o Preto-SP e Regi\u00e3o&quot;","block_context":{"text":"Not\u00edcias de Ribeir\u00e3o Preto-SP e Regi\u00e3o","link":"https:\/\/ismaelcolosi.com.br\/index.php\/category\/noticias-de-ribeirao-preto-sp-e-regiao-ismael-colosi\/"},"img":{"alt_text":"","src":"https:\/\/i0.wp.com\/ismaelcolosi.com.br\/wp-content\/uploads\/2024\/02\/Mais-Corporativo_Turismo-de-lazer.jpg?fit=1000%2C594&ssl=1&resize=350%2C200","width":350,"height":200,"srcset":"https:\/\/i0.wp.com\/ismaelcolosi.com.br\/wp-content\/uploads\/2024\/02\/Mais-Corporativo_Turismo-de-lazer.jpg?fit=1000%2C594&ssl=1&resize=350%2C200 1x, https:\/\/i0.wp.com\/ismaelcolosi.com.br\/wp-content\/uploads\/2024\/02\/Mais-Corporativo_Turismo-de-lazer.jpg?fit=1000%2C594&ssl=1&resize=525%2C300 1.5x, https:\/\/i0.wp.com\/ismaelcolosi.com.br\/wp-content\/uploads\/2024\/02\/Mais-Corporativo_Turismo-de-lazer.jpg?fit=1000%2C594&ssl=1&resize=700%2C400 2x"},"classes":[]}],"jetpack_sharing_enabled":true,"jetpack_shortlink":"https:\/\/wp.me\/pfMlyK-b6N","_links":{"self":[{"href":"https:\/\/ismaelcolosi.com.br\/index.php\/wp-json\/wp\/v2\/posts\/42705","targetHints":{"allow":["GET"]}}],"collection":[{"href":"https:\/\/ismaelcolosi.com.br\/index.php\/wp-json\/wp\/v2\/posts"}],"about":[{"href":"https:\/\/ismaelcolosi.com.br\/index.php\/wp-json\/wp\/v2\/types\/post"}],"author":[{"embeddable":true,"href":"https:\/\/ismaelcolosi.com.br\/index.php\/wp-json\/wp\/v2\/users\/1"}],"replies":[{"embeddable":true,"href":"https:\/\/ismaelcolosi.com.br\/index.php\/wp-json\/wp\/v2\/comments?post=42705"}],"version-history":[{"count":0,"href":"https:\/\/ismaelcolosi.com.br\/index.php\/wp-json\/wp\/v2\/posts\/42705\/revisions"}],"wp:featuredmedia":[{"embeddable":true,"href":"https:\/\/ismaelcolosi.com.br\/index.php\/wp-json\/wp\/v2\/media\/42706"}],"wp:attachment":[{"href":"https:\/\/ismaelcolosi.com.br\/index.php\/wp-json\/wp\/v2\/media?parent=42705"}],"wp:term":[{"taxonomy":"category","embeddable":true,"href":"https:\/\/ismaelcolosi.com.br\/index.php\/wp-json\/wp\/v2\/categories?post=42705"},{"taxonomy":"post_tag","embeddable":true,"href":"https:\/\/ismaelcolosi.com.br\/index.php\/wp-json\/wp\/v2\/tags?post=42705"}],"curies":[{"name":"wp","href":"https:\/\/api.w.org\/{rel}","templated":true}]}}