{"id":42701,"date":"2024-03-16T10:04:48","date_gmt":"2024-03-16T13:04:48","guid":{"rendered":"https:\/\/ismaelcolosi.com.br\/index.php\/2024\/03\/16\/ultimo-fim-de-semana-do-verao-com-calor-excessivo-no-interior-de-sp-confira\/"},"modified":"2024-03-16T10:04:48","modified_gmt":"2024-03-16T13:04:48","slug":"ultimo-fim-de-semana-do-verao-com-calor-excessivo-no-interior-de-sp-confira","status":"publish","type":"post","link":"https:\/\/ismaelcolosi.com.br\/index.php\/2024\/03\/16\/ultimo-fim-de-semana-do-verao-com-calor-excessivo-no-interior-de-sp-confira\/","title":{"rendered":"\u00daltimo fim de semana do ver\u00e3o com calor excessivo no interior de SP; Confira"},"content":{"rendered":"<p> <br \/>\n<\/p>\n<div data-td-block-uid=\"tdi_101\">\n<div class=\"tdb-block-inner td-fix-index\">\n<p>O <strong>\u00faltimo fim de semana do ver\u00e3o<\/strong> \u2013 que termina \u00e0 0h06 do dia 20 de mar\u00e7o \u2013 deve ser de <strong>calor excessivo<\/strong> em todo <strong>Estado de S\u00e3o Paulo<\/strong>. <\/p>\n<p><strong>Ribeir\u00e3o Preto<\/strong> pode registrar neste <strong>s\u00e1bado <\/strong>(16) <strong>temperatura m\u00e1xima de 36 graus<\/strong>, <span style=\"background-color:#f7cc62\" class=\"td_text_highlight_marker\"><mark style=\"background-color:rgba(0, 0, 0, 0)\" class=\"has-inline-color has-black-color\">considerada acima da m\u00e9dia normal para mar\u00e7o, segundo meteorologistas<\/mark><\/span>, e m\u00ednima de 23 graus.<\/p>\n<p>Mesmo com muito calor e sol forte no fim de semana, <strong>h\u00e1 previs\u00e3o de pancadas isoladas de chuva \u00e0 tarde<\/strong> no s\u00e1bado e domingo (17).<\/p>\n<p>A temperatura m\u00e1xima no domingo deve ser de 35 graus e a m\u00ednima de 24 graus.<\/p>\n<h4 class=\"wp-block-heading\"><strong>Onda de calor<\/strong><\/h4>\n<p>O <strong>alerta <\/strong>emitido pelo <strong>Inmet<\/strong> para <strong>onda de calor <\/strong>com <span style=\"background-color:#f7cc62\" class=\"td_text_highlight_marker\"><mark style=\"background-color:rgba(0, 0, 0, 0)\" class=\"has-inline-color has-black-color\">grau de severidade vermelho<\/mark><\/span> se estende at\u00e9 \u00e0s <strong>18h deste s\u00e1bado.\u00a0<\/strong><\/p>\n<p>O<strong> aviso vermelho <\/strong>foi emitido para algumas cidade do pa\u00eds, que incluem no Estado de S\u00e3o Paulo: <strong>Ribeir\u00e3o Preto<\/strong>, <strong>Serrana<\/strong>, <strong>Araraquara<\/strong>, S\u00e3o Jos\u00e9 do Rio Preto, Bauru, Mar\u00edlia, <strong>Piracicaba<\/strong>, <strong>Campinas<\/strong>, Assis, Presidente Prudente e Ara\u00e7atuba.<\/p>\n<p>SAIBA MAIS <\/p>\n<p>Produtora anuncia mudan\u00e7a de local do show de Victor e L\u00e9o em Ribeir\u00e3o Preto<\/p>\n<h4 class=\"wp-block-heading\"><strong>FIQUE ON<\/strong><\/h4>\n<p>Fique ligado em tudo que acontece em Ribeir\u00e3o Preto e regi\u00e3o. Siga os perfis do\u00a0<strong>acidade on\u00a0<\/strong>no Instagram e no Facebook.<\/p>\n<p>Receba not\u00edcias do\u00a0<strong>acidade on\u00a0<\/strong>no WhatsApp.\u00a0<a href=\"https:\/\/chat.whatsapp.com\/GFH9HUMUTHNFJdnyEd0xxq\" target=\"_blank\" rel=\"noreferrer noopener\">Para entrar no grupo, basta clicar aqui.<\/a><\/p>\n<p>Fa\u00e7a uma den\u00fancia ou sugira uma reportagem sobre Ribeir\u00e3o Preto e regi\u00e3o pelo WhatsApp: 16 99117 7802.<\/p>\n<p>VEJA TAMB\u00c9M<\/p>\n<p>Bin Laden imagina show de Lu\u00edsa Sonza no BBB 24 e declara\u00e7\u00e3o da cantora<\/p>\n<p><!-- AI CONTENT END 1 -->\n<\/div>\n<\/div>\n<p><br \/>\n<br \/><a href=\"https:\/\/www.acidadeon.com\/ribeiraopreto\/cotidiano\/ultimo-fim-de-semana-do-verao-com-calor-excessivo-no-interior-de-sp-confira\/\">Source link <\/a><\/p>\n<div class='code-block code-block-4' style='margin: 8px auto 8px 0; text-align: left; display: block; clear: both;'>\n\ud83d\udce2 Aviso Legal\n\nO site ismaelcolosi.com.br atua apenas como um canal de divulga\u00e7\u00e3o de oportunidades de emprego e n\u00e3o se responsabiliza pelo processo seletivo, contrata\u00e7\u00e3o ou qualquer outra etapa relacionada \u00e0s vagas publicadas. Todas as informa\u00e7\u00f5es s\u00e3o de responsabilidade dos anunciantes.\n\n\u26a0\ufe0f Aten\u00e7\u00e3o! Nunca pague por promessas de emprego nem compre cursos que garantam contrata\u00e7\u00e3o. Desconfie de qualquer cobran\u00e7a para participar de sele\u00e7\u00f5es.\n\n\n\n<\/div>\n<!-- CONTENT END 1 -->\n","protected":false},"excerpt":{"rendered":"<p>O \u00faltimo fim de semana do ver\u00e3o \u2013 que termina \u00e0 0h06 do dia 20 de mar\u00e7o \u2013 deve ser de calor excessivo em todo&#8230;<\/p>\n","protected":false},"author":1,"featured_media":42702,"comment_status":"open","ping_status":"open","sticky":false,"template":"","format":"standard","meta":{"_uag_custom_page_level_css":"","advanced_seo_description":"","jetpack_seo_html_title":"","jetpack_seo_noindex":false,"jetpack_post_was_ever_published":false,"_jetpack_newsletter_access":"","_jetpack_dont_email_post_to_subs":false,"_jetpack_newsletter_tier_id":0,"_jetpack_memberships_contains_paywalled_content":false,"_jetpack_memberships_contains_paid_content":false,"footnotes":"","jetpack_publicize_message":"","jetpack_publicize_feature_enabled":true,"jetpack_social_post_already_shared":true,"jetpack_social_options":{"image_generator_settings":{"template":"highway","default_image_id":0,"font":"","enabled":false},"version":2}},"categories":[11],"tags":[],"class_list":["post-42701","post","type-post","status-publish","format-standard","has-post-thumbnail","hentry","category-noticias-de-ribeirao-preto-sp-e-regiao-ismael-colosi"],"jetpack_publicize_connections":[],"jetpack_featured_media_url":"https:\/\/i0.wp.com\/ismaelcolosi.com.br\/wp-content\/uploads\/2024\/03\/Copia-de-Copia-de-TAMANHO-EXATO-PARA-FOTOS-NO-SISTEMA-NOVO-57.jpg?fit=1200%2C675&ssl=1","uagb_featured_image_src":{"full":["https:\/\/i0.wp.com\/ismaelcolosi.com.br\/wp-content\/uploads\/2024\/03\/Copia-de-Copia-de-TAMANHO-EXATO-PARA-FOTOS-NO-SISTEMA-NOVO-57.jpg?fit=1200%2C675&ssl=1",1200,675,false],"thumbnail":["https:\/\/i0.wp.com\/ismaelcolosi.com.br\/wp-content\/uploads\/2024\/03\/Copia-de-Copia-de-TAMANHO-EXATO-PARA-FOTOS-NO-SISTEMA-NOVO-57.jpg?resize=150%2C150&ssl=1",150,150,true],"medium":["https:\/\/i0.wp.com\/ismaelcolosi.com.br\/wp-content\/uploads\/2024\/03\/Copia-de-Copia-de-TAMANHO-EXATO-PARA-FOTOS-NO-SISTEMA-NOVO-57.jpg?fit=300%2C169&ssl=1",300,169,true],"medium_large":["https:\/\/i0.wp.com\/ismaelcolosi.com.br\/wp-content\/uploads\/2024\/03\/Copia-de-Copia-de-TAMANHO-EXATO-PARA-FOTOS-NO-SISTEMA-NOVO-57.jpg?fit=768%2C432&ssl=1",768,432,true],"large":["https:\/\/i0.wp.com\/ismaelcolosi.com.br\/wp-content\/uploads\/2024\/03\/Copia-de-Copia-de-TAMANHO-EXATO-PARA-FOTOS-NO-SISTEMA-NOVO-57.jpg?fit=1024%2C576&ssl=1",1024,576,true],"1536x1536":["https:\/\/i0.wp.com\/ismaelcolosi.com.br\/wp-content\/uploads\/2024\/03\/Copia-de-Copia-de-TAMANHO-EXATO-PARA-FOTOS-NO-SISTEMA-NOVO-57.jpg?fit=1200%2C675&ssl=1",1200,675,true],"2048x2048":["https:\/\/i0.wp.com\/ismaelcolosi.com.br\/wp-content\/uploads\/2024\/03\/Copia-de-Copia-de-TAMANHO-EXATO-PARA-FOTOS-NO-SISTEMA-NOVO-57.jpg?fit=1200%2C675&ssl=1",1200,675,true],"really-simple-thumb":["https:\/\/i0.wp.com\/ismaelcolosi.com.br\/wp-content\/uploads\/2024\/03\/Copia-de-Copia-de-TAMANHO-EXATO-PARA-FOTOS-NO-SISTEMA-NOVO-57.jpg?resize=370%2C247&ssl=1",370,247,true]},"uagb_author_info":{"display_name":"ismaelcolosi.com.br","author_link":"https:\/\/ismaelcolosi.com.br\/index.php\/author\/vidareal-online\/"},"uagb_comment_info":0,"uagb_excerpt":"O \u00faltimo fim de semana do ver\u00e3o \u2013 que termina \u00e0 0h06 do dia 20 de mar\u00e7o \u2013 deve ser de calor excessivo em todo...","jetpack-related-posts":[{"id":39614,"url":"https:\/\/ismaelcolosi.com.br\/index.php\/2024\/02\/27\/semana-sera-quente-em-rp\/","url_meta":{"origin":42701,"position":0},"title":"Semana ser\u00e1 quente em RP\u00a0","author":"ismaelcolosi.com.br","date":"27 de February de 2024","format":false,"excerpt":"27 de fevereiro de 2024 | 11:0027 de fevereiro de 2024 | 9:36 0Ribeir\u00e3o Preto ainda pode ter pancadas de chuva no final das tardes, cen\u00e1rio t\u00edpico do ver\u00e3o, mas a previs\u00e3o do tempo para esta semana \u00e9 de muito calor, com a temperatura atingindo 37 graus Celsius \u2013 a\u2026","rel":"","context":"In &quot;Not\u00edcias de Ribeir\u00e3o Preto-SP e Regi\u00e3o&quot;","block_context":{"text":"Not\u00edcias de Ribeir\u00e3o Preto-SP e Regi\u00e3o","link":"https:\/\/ismaelcolosi.com.br\/index.php\/category\/noticias-de-ribeirao-preto-sp-e-regiao-ismael-colosi\/"},"img":{"alt_text":"","src":"https:\/\/i0.wp.com\/ismaelcolosi.com.br\/wp-content\/uploads\/2024\/02\/CALOR-1.jpg?fit=800%2C500&ssl=1&resize=350%2C200","width":350,"height":200,"srcset":"https:\/\/i0.wp.com\/ismaelcolosi.com.br\/wp-content\/uploads\/2024\/02\/CALOR-1.jpg?fit=800%2C500&ssl=1&resize=350%2C200 1x, https:\/\/i0.wp.com\/ismaelcolosi.com.br\/wp-content\/uploads\/2024\/02\/CALOR-1.jpg?fit=800%2C500&ssl=1&resize=525%2C300 1.5x, https:\/\/i0.wp.com\/ismaelcolosi.com.br\/wp-content\/uploads\/2024\/02\/CALOR-1.jpg?fit=800%2C500&ssl=1&resize=700%2C400 2x"},"classes":[]},{"id":40664,"url":"https:\/\/ismaelcolosi.com.br\/index.php\/2024\/03\/05\/temperatura-pode-cair-nesta-semana\/","url_meta":{"origin":42701,"position":1},"title":"Temperatura pode\u00a0cair nesta semana\u00a0 &#8211; Jornal Tribuna Ribeir\u00e3o","author":"ismaelcolosi.com.br","date":"5 de March de 2024","format":false,"excerpt":"5 de mar\u00e7o de 2024 | 11:004 de mar\u00e7o de 2024 | 21:35 0Ribeir\u00e3o Preto ainda vai sofrer com o calor\u00e3o neste in\u00edcio de semana, mas a tend\u00eancia \u00e9 de queda da temperatura no decorrer do per\u00edodo, com possibilidade de pancadas de chuva no final das tardes, segundo o Climatempo\u2026","rel":"","context":"In &quot;Not\u00edcias de Ribeir\u00e3o Preto-SP e Regi\u00e3o&quot;","block_context":{"text":"Not\u00edcias de Ribeir\u00e3o Preto-SP e Regi\u00e3o","link":"https:\/\/ismaelcolosi.com.br\/index.php\/category\/noticias-de-ribeirao-preto-sp-e-regiao-ismael-colosi\/"},"img":{"alt_text":"","src":"https:\/\/i0.wp.com\/ismaelcolosi.com.br\/wp-content\/uploads\/2024\/03\/ChuvaRP-Alfredo-Risk-2024-03-scaled.jpg?fit=1000%2C563&ssl=1&resize=350%2C200","width":350,"height":200,"srcset":"https:\/\/i0.wp.com\/ismaelcolosi.com.br\/wp-content\/uploads\/2024\/03\/ChuvaRP-Alfredo-Risk-2024-03-scaled.jpg?fit=1000%2C563&ssl=1&resize=350%2C200 1x, https:\/\/i0.wp.com\/ismaelcolosi.com.br\/wp-content\/uploads\/2024\/03\/ChuvaRP-Alfredo-Risk-2024-03-scaled.jpg?fit=1000%2C563&ssl=1&resize=525%2C300 1.5x, https:\/\/i0.wp.com\/ismaelcolosi.com.br\/wp-content\/uploads\/2024\/03\/ChuvaRP-Alfredo-Risk-2024-03-scaled.jpg?fit=1000%2C563&ssl=1&resize=700%2C400 2x"},"classes":[]},{"id":42504,"url":"https:\/\/ismaelcolosi.com.br\/index.php\/2024\/03\/14\/temperatura-vai-disparar-em-rp\/","url_meta":{"origin":42701,"position":2},"title":"Temperatura vai disparar em RP \u00a0","author":"ismaelcolosi.com.br","date":"14 de March de 2024","format":false,"excerpt":"Um aviso do Instituto Nacional de Meteorologia (Inmet), emitido na segunda-feira, 11 de mar\u00e7o, alerta para uma onda de calor com temperaturas pr\u00f3ximas de 40 graus Celsius em grande parte do Mato Grosso do Sul, centro-oeste do estado de S\u00e3o Paulo, e nos estados de Paran\u00e1, Santa Catarina e Rio\u2026","rel":"","context":"In &quot;Not\u00edcias de Ribeir\u00e3o Preto-SP e Regi\u00e3o&quot;","block_context":{"text":"Not\u00edcias de Ribeir\u00e3o Preto-SP e Regi\u00e3o","link":"https:\/\/ismaelcolosi.com.br\/index.php\/category\/noticias-de-ribeirao-preto-sp-e-regiao-ismael-colosi\/"},"img":{"alt_text":"","src":"https:\/\/i0.wp.com\/ismaelcolosi.com.br\/wp-content\/uploads\/2024\/03\/ChuvaRP-Alfredo-Risk-00.jpg?fit=369%2C645&ssl=1&resize=350%2C200","width":350,"height":200},"classes":[]},{"id":43141,"url":"https:\/\/ismaelcolosi.com.br\/index.php\/2024\/03\/19\/calor-dara-tregua-no-outono\/","url_meta":{"origin":42701,"position":3},"title":"Calor dar\u00e1 tr\u00e9gua\u00a0no outono &#8211; Jornal Tribuna Ribeir\u00e3o","author":"ismaelcolosi.com.br","date":"19 de March de 2024","format":false,"excerpt":"19 de mar\u00e7o de 2024 | 14:0019 de mar\u00e7o de 2024 | 9:42 0A onda de calor que elevou a temperatura em Ribeir\u00e3o Preto nos \u00faltimos dias deve dar uma tr\u00e9gua a partir de sexta-feira, 22 de mar\u00e7o, mas neste final de ver\u00e3o e in\u00edcio de outono \u2013 come\u00e7a nesta\u2026","rel":"","context":"In &quot;Not\u00edcias de Ribeir\u00e3o Preto-SP e Regi\u00e3o&quot;","block_context":{"text":"Not\u00edcias de Ribeir\u00e3o Preto-SP e Regi\u00e3o","link":"https:\/\/ismaelcolosi.com.br\/index.php\/category\/noticias-de-ribeirao-preto-sp-e-regiao-ismael-colosi\/"},"img":{"alt_text":"","src":"https:\/\/i0.wp.com\/ismaelcolosi.com.br\/wp-content\/uploads\/2024\/03\/ChuvaRP-Divulgacao-01-scaled.jpg?fit=967%2C645&ssl=1&resize=350%2C200","width":350,"height":200,"srcset":"https:\/\/i0.wp.com\/ismaelcolosi.com.br\/wp-content\/uploads\/2024\/03\/ChuvaRP-Divulgacao-01-scaled.jpg?fit=967%2C645&ssl=1&resize=350%2C200 1x, https:\/\/i0.wp.com\/ismaelcolosi.com.br\/wp-content\/uploads\/2024\/03\/ChuvaRP-Divulgacao-01-scaled.jpg?fit=967%2C645&ssl=1&resize=525%2C300 1.5x, https:\/\/i0.wp.com\/ismaelcolosi.com.br\/wp-content\/uploads\/2024\/03\/ChuvaRP-Divulgacao-01-scaled.jpg?fit=967%2C645&ssl=1&resize=700%2C400 2x"},"classes":[]},{"id":904,"url":"https:\/\/ismaelcolosi.com.br\/index.php\/2023\/11\/09\/2023-o-ano-mais-quente-entre-125-mil-anos\/","url_meta":{"origin":42701,"position":4},"title":"2023: o ano mais quente entre 125 mil anos","author":"ismaelcolosi.com.br","date":"9 de November de 2023","format":false,"excerpt":"Cientistas do observat\u00f3rio europeu Copernicus anunciaram nesta quarta-feira, 8 de novembro, que 2023 deve terminar como o ano mais quente em 125 mil anos.\u00a0 Os dados mostram que o \u00faltimo m\u00eas de outubro foi o mais quente do mundo nesse per\u00edodo.Bateu o recorde hist\u00f3rico, superando o de 2019, que tinha\u2026","rel":"","context":"In &quot;Not\u00edcias de Ribeir\u00e3o Preto-SP e Regi\u00e3o&quot;","block_context":{"text":"Not\u00edcias de Ribeir\u00e3o Preto-SP e Regi\u00e3o","link":"https:\/\/ismaelcolosi.com.br\/index.php\/category\/noticias-de-ribeirao-preto-sp-e-regiao-ismael-colosi\/"},"img":{"alt_text":"","src":"https:\/\/i0.wp.com\/ismaelcolosi.com.br\/wp-content\/uploads\/2023\/11\/Calor-Alfredo-Risk-Arquivo-scaled.jpg?fit=967%2C645&ssl=1&resize=350%2C200","width":350,"height":200,"srcset":"https:\/\/i0.wp.com\/ismaelcolosi.com.br\/wp-content\/uploads\/2023\/11\/Calor-Alfredo-Risk-Arquivo-scaled.jpg?fit=967%2C645&ssl=1&resize=350%2C200 1x, https:\/\/i0.wp.com\/ismaelcolosi.com.br\/wp-content\/uploads\/2023\/11\/Calor-Alfredo-Risk-Arquivo-scaled.jpg?fit=967%2C645&ssl=1&resize=525%2C300 1.5x, https:\/\/i0.wp.com\/ismaelcolosi.com.br\/wp-content\/uploads\/2023\/11\/Calor-Alfredo-Risk-Arquivo-scaled.jpg?fit=967%2C645&ssl=1&resize=700%2C400 2x"},"classes":[]},{"id":40384,"url":"https:\/\/ismaelcolosi.com.br\/index.php\/2024\/03\/03\/temperatura-em-ribeirao-preto-pode-chegar-aos-35-graus-neste-domingo\/","url_meta":{"origin":42701,"position":5},"title":"Temperatura em Ribeir\u00e3o Preto pode chegar aos 35 graus neste domingo","author":"ismaelcolosi.com.br","date":"3 de March de 2024","format":false,"excerpt":"A temperatura m\u00e1xima em Ribeir\u00e3o Preto neste domingo (3) pode chegar aos 35 graus, segundo a Climatempo. J\u00e1 a m\u00ednima prevista \u00e9 de 21 graus. Apesar de o dia ter amanhecido com c\u00e9u aberto e sol, a previs\u00e3o dos meteorologistas \u00e9 de que o sol permane\u00e7a durante o domingo, mas\u2026","rel":"","context":"In &quot;Not\u00edcias de Ribeir\u00e3o Preto-SP e Regi\u00e3o&quot;","block_context":{"text":"Not\u00edcias de Ribeir\u00e3o Preto-SP e Regi\u00e3o","link":"https:\/\/ismaelcolosi.com.br\/index.php\/category\/noticias-de-ribeirao-preto-sp-e-regiao-ismael-colosi\/"},"img":{"alt_text":"","src":"https:\/\/i0.wp.com\/ismaelcolosi.com.br\/wp-content\/uploads\/2024\/03\/3-2.jpg?fit=1200%2C675&ssl=1&resize=350%2C200","width":350,"height":200,"srcset":"https:\/\/i0.wp.com\/ismaelcolosi.com.br\/wp-content\/uploads\/2024\/03\/3-2.jpg?fit=1200%2C675&ssl=1&resize=350%2C200 1x, https:\/\/i0.wp.com\/ismaelcolosi.com.br\/wp-content\/uploads\/2024\/03\/3-2.jpg?fit=1200%2C675&ssl=1&resize=525%2C300 1.5x, https:\/\/i0.wp.com\/ismaelcolosi.com.br\/wp-content\/uploads\/2024\/03\/3-2.jpg?fit=1200%2C675&ssl=1&resize=700%2C400 2x, https:\/\/i0.wp.com\/ismaelcolosi.com.br\/wp-content\/uploads\/2024\/03\/3-2.jpg?fit=1200%2C675&ssl=1&resize=1050%2C600 3x"},"classes":[]}],"jetpack_sharing_enabled":true,"jetpack_shortlink":"https:\/\/wp.me\/pfMlyK-b6J","_links":{"self":[{"href":"https:\/\/ismaelcolosi.com.br\/index.php\/wp-json\/wp\/v2\/posts\/42701","targetHints":{"allow":["GET"]}}],"collection":[{"href":"https:\/\/ismaelcolosi.com.br\/index.php\/wp-json\/wp\/v2\/posts"}],"about":[{"href":"https:\/\/ismaelcolosi.com.br\/index.php\/wp-json\/wp\/v2\/types\/post"}],"author":[{"embeddable":true,"href":"https:\/\/ismaelcolosi.com.br\/index.php\/wp-json\/wp\/v2\/users\/1"}],"replies":[{"embeddable":true,"href":"https:\/\/ismaelcolosi.com.br\/index.php\/wp-json\/wp\/v2\/comments?post=42701"}],"version-history":[{"count":0,"href":"https:\/\/ismaelcolosi.com.br\/index.php\/wp-json\/wp\/v2\/posts\/42701\/revisions"}],"wp:featuredmedia":[{"embeddable":true,"href":"https:\/\/ismaelcolosi.com.br\/index.php\/wp-json\/wp\/v2\/media\/42702"}],"wp:attachment":[{"href":"https:\/\/ismaelcolosi.com.br\/index.php\/wp-json\/wp\/v2\/media?parent=42701"}],"wp:term":[{"taxonomy":"category","embeddable":true,"href":"https:\/\/ismaelcolosi.com.br\/index.php\/wp-json\/wp\/v2\/categories?post=42701"},{"taxonomy":"post_tag","embeddable":true,"href":"https:\/\/ismaelcolosi.com.br\/index.php\/wp-json\/wp\/v2\/tags?post=42701"}],"curies":[{"name":"wp","href":"https:\/\/api.w.org\/{rel}","templated":true}]}}