{"id":4258,"date":"2023-11-21T06:52:42","date_gmt":"2023-11-21T09:52:42","guid":{"rendered":"https:\/\/ismaelcolosi.com.br\/index.php\/2023\/11\/21\/estudo-indica-tipo-de-alimento-benefico-para-a-memoria\/"},"modified":"2023-11-21T06:52:42","modified_gmt":"2023-11-21T09:52:42","slug":"estudo-indica-tipo-de-alimento-benefico-para-a-memoria","status":"publish","type":"post","link":"https:\/\/ismaelcolosi.com.br\/index.php\/2023\/11\/21\/estudo-indica-tipo-de-alimento-benefico-para-a-memoria\/","title":{"rendered":"Estudo indica tipo de alimento ben\u00e9fico para a mem\u00f3ria"},"content":{"rendered":"<p> <br \/>\n<\/p>\n<div>\n<div id=\"attachment_2312592\" class=\"wp-caption alignnone\">\n<div class=\"d-flex justify-content-center\" data-attachment-id=\"2312592\">\n<div class=\"position-relative d-inline-block\"><img data-recalc-dims=\"1\" data-portal-copyright=\"Getty Images\" decoding=\"async\" fetchpriority=\"high\" class=\"wp-image-2312592 size-full\" src=\"https:\/\/i0.wp.com\/catracalivre.com.br\/wp-content\/uploads\/2023\/11\/istock-172471553.jpg?resize=1182%2C887&#038;ssl=1\" alt=\"Estudo indica que altera\u00e7\u00e3o do microbioma intestinal por meio de probi\u00f3ticos, dispon\u00edvel em alimentos como o kimchi, pode ser uma estrat\u00e9gia para melhorar a mem\u00f3ria \u2013 iStock\/Getty Images\" width=\"1182\" height=\"887\" srcset=\"https:\/\/catracalivre.com.br\/wp-content\/uploads\/2023\/11\/istock-172471553.jpg 1182w, https:\/\/catracalivre.com.br\/wp-content\/uploads\/2023\/11\/istock-172471553-450x338.jpg 450w, https:\/\/catracalivre.com.br\/wp-content\/uploads\/2023\/11\/istock-172471553-768x576.jpg 768w\" sizes=\"(max-width: 1182px) 100vw, 1182px\"\/><\/p>\n<p>Cr\u00e9ditos: Getty Images<\/p>\n<\/div>\n<\/div>\n<p><span class=\"post-imagem__legenda\">Estudo indica que altera\u00e7\u00e3o do microbioma intestinal por meio de probi\u00f3ticos, dispon\u00edvel em alimentos como o kimchi, pode ser uma estrat\u00e9gia para melhorar a mem\u00f3ria \u2013 iStock\/Getty Images<\/span><\/p>\n<\/div>\n<p>Proteger a cogni\u00e7\u00e3o atrav\u00e9s da alimenta\u00e7\u00e3o pode ser o futuro, indicam especialistas em nutri\u00e7\u00e3o e neuroci\u00eancia. Tamb\u00e9m \u00e9 o que mostra estudo realizado pela <strong><a href=\"https:\/\/www.unc.edu\/\" target=\"_blank\" rel=\"noopener\">Universidade da Carolina do Norte<\/a><\/strong>, nos Estados Unidos, ao revelar que o probi\u00f3tico Lactobacillus rhamnosus GG (LGG), presente em alimentos como parmes\u00e3o e iogurte, pode impulsionar a <strong><a href=\"https:\/\/catracalivre.com.br\/saude-bem-estar\/estudo-descobre-que-este-exercicio-melhora-a-saude-do-cerebro\/\" target=\"_blank\" rel=\"noopener\">sa\u00fade cognitiva<\/a><\/strong>.<\/p>\n<p>Segundo especialistas, o\u00a0probi\u00f3tico est\u00e1 amplamente dispon\u00edvel em suplementos e tamb\u00e9m ocorre em alimentos fermentados, como kimchi (prato t\u00edpico coreano feito com hortali\u00e7as condimentadas) e chucrute.<\/p>\n<p>Mas por que ocorre esse poss\u00edvel efeito ben\u00e9fico sobre a cogni\u00e7\u00e3o? A resposta, segundo a ci\u00eancia, reside no intestino e em sua rela\u00e7\u00e3o direta com o c\u00e9rebro.<\/p>\n<h2>O que diz o estudo?<\/h2>\n<p>Para entender os efeitos do probi\u00f3tico na fun\u00e7\u00e3o cognitiva, o estudo envolveu 169 participantes entre 52 e 75 anos, focando em pessoas com comprometimento leve e tamb\u00e9m naquelas com uma sa\u00fade cerebral normal.<\/p>\n<p>Durante tr\u00eas meses, os participantes receberam o probi\u00f3tico LGG ou um placebo, enquanto os cientistas utilizavam t\u00e9cnicas de sequenciamento de genes para estudar as bact\u00e9rias intestinais dos volunt\u00e1rios.<\/p>\n<p>Os resultados revelaram que aqueles com comprometimento cognitivo leve apresentavam n\u00edveis intestinais mais elevados de uma bact\u00e9ria chamada Prevotella em compara\u00e7\u00e3o com os participantes com fun\u00e7\u00e3o cognitiva normal. Por outro lado, aqueles que receberam o probi\u00f3tico LGG mostraram uma diminui\u00e7\u00e3o na quantidade de Prevotella e exibiram melhor capacidade cognitiva.<\/p>\n<h2>Ganhos para a sa\u00fade?<\/h2>\n<p>Ao identificar mudan\u00e7as espec\u00edficas no microbioma intestinal associadas ao comprometimento cognitivo leve, os pesquisadores est\u00e3o explorando uma nova dimens\u00e3o em estrat\u00e9gias preventivas na sa\u00fade cognitiva. O trabalho destaca a complexa rela\u00e7\u00e3o entre a alimenta\u00e7\u00e3o, nossas bact\u00e9rias intestinais e nossa sa\u00fade mental. Os probi\u00f3ticos, ao que tudo indica, podem ser aliados importantes nessa frente.<\/p>\n<p>Portanto, que tal considerar o acr\u00e9scimo de fontes naturais de probi\u00f3ticos, como o parmes\u00e3o e o iogurte, em sua dieta di\u00e1ria? Al\u00e9m de gostosos, eles podem trazer muitos benef\u00edcios para sua sa\u00fade cognitiva.<\/p>\n<\/div>\n<p><script>\n\t\t! function(f, b, e, v, n, t, s) {\n\t\t\tif (f.fbq) return;\n\t\t\tn = f.fbq = function() {\n\t\t\t\tn.callMethod ?\n\t\t\t\t\tn.callMethod.apply(n, arguments) : n.queue.push(arguments)\n\t\t\t};\n\t\t\tif (!f._fbq) f._fbq = n;\n\t\t\tn.push = n;\n\t\t\tn.loaded = !0;\n\t\t\tn.version = '2.0';\n\t\t\tn.queue = [];\n\t\t\tt = b.createElement(e);\n\t\t\tt.async = !0;\n\t\t\tt.src = v;\n\t\t\ts = b.getElementsByTagName(e)[0];\n\t\t\ts.parentNode.insertBefore(t, s)\n\t\t}(window, document, 'script',\n\t\t\t'https:\/\/connect.facebook.net\/en_US\/fbevents.js');\n\t\tfbq('init', '338315473262380');\n\t\tfbq('track', 'PageView');\n\t<\/script><br \/>\n<br \/><br \/>\n<br \/><a href=\"https:\/\/catracalivre.com.br\/saude-bem-estar\/estudo-indica-tipo-de-alimento-benefico-para-a-memoria\/\">Source link <\/a><\/p>\n<div class='code-block code-block-4' style='margin: 8px auto 8px 0; text-align: left; display: block; clear: both;'>\n\ud83d\udce2 Aviso Legal\n\nO site ismaelcolosi.com.br atua apenas como um canal de divulga\u00e7\u00e3o de oportunidades de emprego e n\u00e3o se responsabiliza pelo processo seletivo, contrata\u00e7\u00e3o ou qualquer outra etapa relacionada \u00e0s vagas publicadas. Todas as informa\u00e7\u00f5es s\u00e3o de responsabilidade dos anunciantes.\n\n\u26a0\ufe0f Aten\u00e7\u00e3o! Nunca pague por promessas de emprego nem compre cursos que garantam contrata\u00e7\u00e3o. Desconfie de qualquer cobran\u00e7a para participar de sele\u00e7\u00f5es.\n\n\n\n<\/div>\n<!-- CONTENT END 1 -->\n","protected":false},"excerpt":{"rendered":"<p>Cr\u00e9ditos: Getty Images Estudo indica que altera\u00e7\u00e3o do microbioma intestinal por meio de probi\u00f3ticos, dispon\u00edvel em alimentos como o kimchi, pode ser uma estrat\u00e9gia para&#8230;<\/p>\n","protected":false},"author":1,"featured_media":4259,"comment_status":"open","ping_status":"open","sticky":false,"template":"","format":"standard","meta":{"_uag_custom_page_level_css":"","advanced_seo_description":"","jetpack_seo_html_title":"","jetpack_seo_noindex":false,"jetpack_post_was_ever_published":false,"_jetpack_newsletter_access":"","_jetpack_dont_email_post_to_subs":false,"_jetpack_newsletter_tier_id":0,"_jetpack_memberships_contains_paywalled_content":false,"_jetpack_memberships_contains_paid_content":false,"footnotes":"","jetpack_publicize_message":"","jetpack_publicize_feature_enabled":true,"jetpack_social_post_already_shared":true,"jetpack_social_options":{"image_generator_settings":{"template":"highway","default_image_id":0,"font":"","enabled":false},"version":2}},"categories":[19],"tags":[],"class_list":["post-4258","post","type-post","status-publish","format-standard","has-post-thumbnail","hentry","category-variedades"],"jetpack_publicize_connections":[],"jetpack_featured_media_url":"https:\/\/i0.wp.com\/ismaelcolosi.com.br\/wp-content\/uploads\/2023\/11\/istock-172471553.jpg?fit=1200%2C638&ssl=1","uagb_featured_image_src":{"full":["https:\/\/i0.wp.com\/ismaelcolosi.com.br\/wp-content\/uploads\/2023\/11\/istock-172471553.jpg?fit=1200%2C638&ssl=1",1200,638,false],"thumbnail":["https:\/\/i0.wp.com\/ismaelcolosi.com.br\/wp-content\/uploads\/2023\/11\/istock-172471553.jpg?resize=150%2C150&ssl=1",150,150,true],"medium":["https:\/\/i0.wp.com\/ismaelcolosi.com.br\/wp-content\/uploads\/2023\/11\/istock-172471553.jpg?fit=300%2C160&ssl=1",300,160,true],"medium_large":["https:\/\/i0.wp.com\/ismaelcolosi.com.br\/wp-content\/uploads\/2023\/11\/istock-172471553.jpg?fit=768%2C408&ssl=1",768,408,true],"large":["https:\/\/i0.wp.com\/ismaelcolosi.com.br\/wp-content\/uploads\/2023\/11\/istock-172471553.jpg?fit=1024%2C544&ssl=1",1024,544,true],"1536x1536":["https:\/\/i0.wp.com\/ismaelcolosi.com.br\/wp-content\/uploads\/2023\/11\/istock-172471553.jpg?fit=1200%2C638&ssl=1",1200,638,true],"2048x2048":["https:\/\/i0.wp.com\/ismaelcolosi.com.br\/wp-content\/uploads\/2023\/11\/istock-172471553.jpg?fit=1200%2C638&ssl=1",1200,638,true],"really-simple-thumb":["https:\/\/i0.wp.com\/ismaelcolosi.com.br\/wp-content\/uploads\/2023\/11\/istock-172471553.jpg?resize=370%2C247&ssl=1",370,247,true]},"uagb_author_info":{"display_name":"ismaelcolosi.com.br","author_link":"https:\/\/ismaelcolosi.com.br\/index.php\/author\/vidareal-online\/"},"uagb_comment_info":0,"uagb_excerpt":"Cr\u00e9ditos: Getty Images Estudo indica que altera\u00e7\u00e3o do microbioma intestinal por meio de probi\u00f3ticos, dispon\u00edvel em alimentos como o kimchi, pode ser uma estrat\u00e9gia para...","jetpack-related-posts":[{"id":79047,"url":"https:\/\/ismaelcolosi.com.br\/index.php\/2024\/12\/12\/a-chuva-vai-voltar-previsao-indica-virada-no-tempo-no-interior-de-sp-veja-quando\/","url_meta":{"origin":4258,"position":0},"title":"A chuva vai voltar? Previs\u00e3o indica virada no tempo no interior de SP; Veja quando","author":"ismaelcolosi.com.br","date":"12 de December de 2024","format":false,"excerpt":"O sol aparece com mais intensidade entre esta quinta-feira (12) e sexta-feira (13), na regi\u00e3o de Ribeir\u00e3o Preto. Mas, tem previs\u00e3o de virada no tempo nos pr\u00f3ximos dias. Segundo a Climatempo, ainda h\u00e1 possibilidade de pancadas isoladas de chuva nesta quinta e sexta, especialmente no final da tarde, por causa\u2026","rel":"","context":"In &quot;Not\u00edcias de Ribeir\u00e3o Preto-SP e Regi\u00e3o&quot;","block_context":{"text":"Not\u00edcias de Ribeir\u00e3o Preto-SP e Regi\u00e3o","link":"https:\/\/ismaelcolosi.com.br\/index.php\/category\/noticias-de-ribeirao-preto-sp-e-regiao-ismael-colosi\/"},"img":{"alt_text":"","src":"https:\/\/i0.wp.com\/ismaelcolosi.com.br\/wp-content\/uploads\/2024\/12\/ribeirao_preto_1200x675_07122021064330.jpg?fit=1200%2C675&ssl=1&resize=350%2C200","width":350,"height":200,"srcset":"https:\/\/i0.wp.com\/ismaelcolosi.com.br\/wp-content\/uploads\/2024\/12\/ribeirao_preto_1200x675_07122021064330.jpg?fit=1200%2C675&ssl=1&resize=350%2C200 1x, https:\/\/i0.wp.com\/ismaelcolosi.com.br\/wp-content\/uploads\/2024\/12\/ribeirao_preto_1200x675_07122021064330.jpg?fit=1200%2C675&ssl=1&resize=525%2C300 1.5x, https:\/\/i0.wp.com\/ismaelcolosi.com.br\/wp-content\/uploads\/2024\/12\/ribeirao_preto_1200x675_07122021064330.jpg?fit=1200%2C675&ssl=1&resize=700%2C400 2x, https:\/\/i0.wp.com\/ismaelcolosi.com.br\/wp-content\/uploads\/2024\/12\/ribeirao_preto_1200x675_07122021064330.jpg?fit=1200%2C675&ssl=1&resize=1050%2C600 3x"},"classes":[]},{"id":10042,"url":"https:\/\/ismaelcolosi.com.br\/index.php\/2023\/12\/03\/defesa-civil-indica-avanco-na-movimentacao-do-solo-em-maceio\/","url_meta":{"origin":4258,"position":1},"title":"Defesa Civil indica avan\u00e7o na movimenta\u00e7\u00e3o do solo em Macei\u00f3","author":"ismaelcolosi.com.br","date":"3 de December de 2023","format":false,"excerpt":"3 de dezembro de 2023 | 12:26 0Registros da Defesa Civil de Macei\u00f3 indicam a diminui\u00e7\u00e3o do ritmo de afundamento da mina de extra\u00e7\u00e3o de sal-gema n\u00famero 18, da Braskem, no bairro Mutange, na capital alagoana. Apesar disso, os dados divulgados neste domingo (3) mostram que a movimenta\u00e7\u00e3o do solo\u2026","rel":"","context":"In &quot;Not\u00edcias de Ribeir\u00e3o Preto-SP e Regi\u00e3o&quot;","block_context":{"text":"Not\u00edcias de Ribeir\u00e3o Preto-SP e Regi\u00e3o","link":"https:\/\/ismaelcolosi.com.br\/index.php\/category\/noticias-de-ribeirao-preto-sp-e-regiao-ismael-colosi\/"},"img":{"alt_text":"","src":"https:\/\/i0.wp.com\/ismaelcolosi.com.br\/wp-content\/uploads\/2023\/12\/braskem-scaled.jpg?fit=1000%2C598&ssl=1&resize=350%2C200","width":350,"height":200,"srcset":"https:\/\/i0.wp.com\/ismaelcolosi.com.br\/wp-content\/uploads\/2023\/12\/braskem-scaled.jpg?fit=1000%2C598&ssl=1&resize=350%2C200 1x, https:\/\/i0.wp.com\/ismaelcolosi.com.br\/wp-content\/uploads\/2023\/12\/braskem-scaled.jpg?fit=1000%2C598&ssl=1&resize=525%2C300 1.5x, https:\/\/i0.wp.com\/ismaelcolosi.com.br\/wp-content\/uploads\/2023\/12\/braskem-scaled.jpg?fit=1000%2C598&ssl=1&resize=700%2C400 2x"},"classes":[]},{"id":57415,"url":"https:\/\/ismaelcolosi.com.br\/index.php\/2024\/07\/21\/inmet-aumenta-grau-de-perigo-no-interior-de-sp-veja-cidades-afetadas\/","url_meta":{"origin":4258,"position":2},"title":"Inmet aumenta grau de perigo no interior de SP; Veja cidades afetadas","author":"ismaelcolosi.com.br","date":"21 de July de 2024","format":false,"excerpt":"O Inmet (Instituto Nacional de Meteorologia) elevou o alerta para a baixa umidade do ar em parte do interior de S\u00e3o Paulo neste domingo (21). O aviso, que passa a ser de perigo e n\u00e3o perigo potencial, tem validade entre 12h e 17h e inclui parte da regi\u00e3o de Ribeir\u00e3o\u2026","rel":"","context":"In &quot;Not\u00edcias de Ribeir\u00e3o Preto-SP e Regi\u00e3o&quot;","block_context":{"text":"Not\u00edcias de Ribeir\u00e3o Preto-SP e Regi\u00e3o","link":"https:\/\/ismaelcolosi.com.br\/index.php\/category\/noticias-de-ribeirao-preto-sp-e-regiao-ismael-colosi\/"},"img":{"alt_text":"","src":"https:\/\/i0.wp.com\/ismaelcolosi.com.br\/wp-content\/uploads\/2024\/07\/ribeirao_preto_1024x576_16102020221204.jpg?fit=1024%2C576&ssl=1&resize=350%2C200","width":350,"height":200,"srcset":"https:\/\/i0.wp.com\/ismaelcolosi.com.br\/wp-content\/uploads\/2024\/07\/ribeirao_preto_1024x576_16102020221204.jpg?fit=1024%2C576&ssl=1&resize=350%2C200 1x, https:\/\/i0.wp.com\/ismaelcolosi.com.br\/wp-content\/uploads\/2024\/07\/ribeirao_preto_1024x576_16102020221204.jpg?fit=1024%2C576&ssl=1&resize=525%2C300 1.5x, https:\/\/i0.wp.com\/ismaelcolosi.com.br\/wp-content\/uploads\/2024\/07\/ribeirao_preto_1024x576_16102020221204.jpg?fit=1024%2C576&ssl=1&resize=700%2C400 2x"},"classes":[]},{"id":73719,"url":"https:\/\/ismaelcolosi.com.br\/index.php\/2024\/10\/28\/nogueira-indica-secretario-para-transicao-de-governo-de-ricardo-silva\/","url_meta":{"origin":4258,"position":3},"title":"Nogueira indica secret\u00e1rio para transi\u00e7\u00e3o de governo de Ricardo Silva","author":"ismaelcolosi.com.br","date":"28 de October de 2024","format":false,"excerpt":"O prefeito de Ribeir\u00e3o Preto, Duarte Nogueira (PSDB), indicou nesta segunda-feira (28) o secret\u00e1rio de Governo Antonio Daas Abboud para come\u00e7ar a transi\u00e7\u00e3o de gest\u00e3o junto com a equipe que ser\u00e1 indicada pelo prefeito eleito Ricardo Silva (PSD). A coluna apurou que o novo prefeito eleito ainda avalia quem indicar\u00e1\u2026","rel":"","context":"In &quot;Not\u00edcias de Ribeir\u00e3o Preto-SP e Regi\u00e3o&quot;","block_context":{"text":"Not\u00edcias de Ribeir\u00e3o Preto-SP e Regi\u00e3o","link":"https:\/\/ismaelcolosi.com.br\/index.php\/category\/noticias-de-ribeirao-preto-sp-e-regiao-ismael-colosi\/"},"img":{"alt_text":"","src":"https:\/\/i0.wp.com\/ismaelcolosi.com.br\/wp-content\/uploads\/2024\/10\/abboud_2024-10-28_16-41-10_jpeg_2024-10-28_16-41-10.webp.webp?fit=1200%2C674&ssl=1&resize=350%2C200","width":350,"height":200,"srcset":"https:\/\/i0.wp.com\/ismaelcolosi.com.br\/wp-content\/uploads\/2024\/10\/abboud_2024-10-28_16-41-10_jpeg_2024-10-28_16-41-10.webp.webp?fit=1200%2C674&ssl=1&resize=350%2C200 1x, https:\/\/i0.wp.com\/ismaelcolosi.com.br\/wp-content\/uploads\/2024\/10\/abboud_2024-10-28_16-41-10_jpeg_2024-10-28_16-41-10.webp.webp?fit=1200%2C674&ssl=1&resize=525%2C300 1.5x, https:\/\/i0.wp.com\/ismaelcolosi.com.br\/wp-content\/uploads\/2024\/10\/abboud_2024-10-28_16-41-10_jpeg_2024-10-28_16-41-10.webp.webp?fit=1200%2C674&ssl=1&resize=700%2C400 2x, https:\/\/i0.wp.com\/ismaelcolosi.com.br\/wp-content\/uploads\/2024\/10\/abboud_2024-10-28_16-41-10_jpeg_2024-10-28_16-41-10.webp.webp?fit=1200%2C674&ssl=1&resize=1050%2C600 3x"},"classes":[]},{"id":13672,"url":"https:\/\/ismaelcolosi.com.br\/index.php\/2023\/12\/10\/como-usar-o-google-flights-para-conseguir-passagem-aerea-barata\/","url_meta":{"origin":4258,"position":4},"title":"Como usar o Google Flights para conseguir passagem a\u00e9rea barata","author":"ismaelcolosi.com.br","date":"10 de December de 2023","format":false,"excerpt":"Procurando o melhor momento para comprar passagem a\u00e9rea mais barata, mas n\u00e3o tem tempo para ficar pesquisando na internet? O Google Flights lan\u00e7ou recentemente uma nova funcionalidade que indica o momento certo para comprar o bilhete a\u00e9reo. Al\u00e9m de indicar o indica o momento ideal para conseguir os melhores descontos,\u2026","rel":"","context":"In &quot;Variedades&quot;","block_context":{"text":"Variedades","link":"https:\/\/ismaelcolosi.com.br\/index.php\/category\/variedades\/"},"img":{"alt_text":"","src":"https:\/\/i0.wp.com\/ismaelcolosi.com.br\/wp-content\/uploads\/2023\/12\/aeroporto.jpg?fit=1200%2C638&ssl=1&resize=350%2C200","width":350,"height":200,"srcset":"https:\/\/i0.wp.com\/ismaelcolosi.com.br\/wp-content\/uploads\/2023\/12\/aeroporto.jpg?fit=1200%2C638&ssl=1&resize=350%2C200 1x, https:\/\/i0.wp.com\/ismaelcolosi.com.br\/wp-content\/uploads\/2023\/12\/aeroporto.jpg?fit=1200%2C638&ssl=1&resize=525%2C300 1.5x, https:\/\/i0.wp.com\/ismaelcolosi.com.br\/wp-content\/uploads\/2023\/12\/aeroporto.jpg?fit=1200%2C638&ssl=1&resize=700%2C400 2x, https:\/\/i0.wp.com\/ismaelcolosi.com.br\/wp-content\/uploads\/2023\/12\/aeroporto.jpg?fit=1200%2C638&ssl=1&resize=1050%2C600 3x"},"classes":[]},{"id":9507,"url":"https:\/\/ismaelcolosi.com.br\/index.php\/2023\/12\/02\/enxaqueca-indica-maior-chance-de-doenca-mortal-diz-estudo\/","url_meta":{"origin":4258,"position":5},"title":"Enxaqueca indica maior chance de doen\u00e7a mortal, diz estudo","author":"ismaelcolosi.com.br","date":"2 de December de 2023","format":false,"excerpt":"Cr\u00e9ditos: Getty Images\/iStockphotoEstudo publicado na PLOS Medicine se prop\u00f5e a investigar rela\u00e7\u00e3o entre enxaqueca e AVC, condi\u00e7\u00e3o potencialmente mortal \u2013 iStock\/Getty Images Quem sofre de enxaqueca tem maior probabilidade de sofrer um acidente vascular cerebral antes dos 60 anos, indica estudo conduzido por pesquisadores na Dinamarca. O AVC se define\u2026","rel":"","context":"In &quot;Variedades&quot;","block_context":{"text":"Variedades","link":"https:\/\/ismaelcolosi.com.br\/index.php\/category\/variedades\/"},"img":{"alt_text":"","src":"https:\/\/i0.wp.com\/ismaelcolosi.com.br\/wp-content\/uploads\/2023\/12\/istock-1406345288.jpg?fit=1200%2C638&ssl=1&resize=350%2C200","width":350,"height":200,"srcset":"https:\/\/i0.wp.com\/ismaelcolosi.com.br\/wp-content\/uploads\/2023\/12\/istock-1406345288.jpg?fit=1200%2C638&ssl=1&resize=350%2C200 1x, https:\/\/i0.wp.com\/ismaelcolosi.com.br\/wp-content\/uploads\/2023\/12\/istock-1406345288.jpg?fit=1200%2C638&ssl=1&resize=525%2C300 1.5x, https:\/\/i0.wp.com\/ismaelcolosi.com.br\/wp-content\/uploads\/2023\/12\/istock-1406345288.jpg?fit=1200%2C638&ssl=1&resize=700%2C400 2x, https:\/\/i0.wp.com\/ismaelcolosi.com.br\/wp-content\/uploads\/2023\/12\/istock-1406345288.jpg?fit=1200%2C638&ssl=1&resize=1050%2C600 3x"},"classes":[]}],"jetpack_sharing_enabled":true,"jetpack_shortlink":"https:\/\/wp.me\/pfMlyK-16G","_links":{"self":[{"href":"https:\/\/ismaelcolosi.com.br\/index.php\/wp-json\/wp\/v2\/posts\/4258","targetHints":{"allow":["GET"]}}],"collection":[{"href":"https:\/\/ismaelcolosi.com.br\/index.php\/wp-json\/wp\/v2\/posts"}],"about":[{"href":"https:\/\/ismaelcolosi.com.br\/index.php\/wp-json\/wp\/v2\/types\/post"}],"author":[{"embeddable":true,"href":"https:\/\/ismaelcolosi.com.br\/index.php\/wp-json\/wp\/v2\/users\/1"}],"replies":[{"embeddable":true,"href":"https:\/\/ismaelcolosi.com.br\/index.php\/wp-json\/wp\/v2\/comments?post=4258"}],"version-history":[{"count":0,"href":"https:\/\/ismaelcolosi.com.br\/index.php\/wp-json\/wp\/v2\/posts\/4258\/revisions"}],"wp:featuredmedia":[{"embeddable":true,"href":"https:\/\/ismaelcolosi.com.br\/index.php\/wp-json\/wp\/v2\/media\/4259"}],"wp:attachment":[{"href":"https:\/\/ismaelcolosi.com.br\/index.php\/wp-json\/wp\/v2\/media?parent=4258"}],"wp:term":[{"taxonomy":"category","embeddable":true,"href":"https:\/\/ismaelcolosi.com.br\/index.php\/wp-json\/wp\/v2\/categories?post=4258"},{"taxonomy":"post_tag","embeddable":true,"href":"https:\/\/ismaelcolosi.com.br\/index.php\/wp-json\/wp\/v2\/tags?post=4258"}],"curies":[{"name":"wp","href":"https:\/\/api.w.org\/{rel}","templated":true}]}}