{"id":4254,"date":"2023-11-21T06:27:51","date_gmt":"2023-11-21T09:27:51","guid":{"rendered":"https:\/\/ismaelcolosi.com.br\/index.php\/2023\/11\/21\/renegociacao-do-fies-oferece-descontos-de-ate-99\/"},"modified":"2023-11-21T06:27:51","modified_gmt":"2023-11-21T09:27:51","slug":"renegociacao-do-fies-oferece-descontos-de-ate-99","status":"publish","type":"post","link":"https:\/\/ismaelcolosi.com.br\/index.php\/2023\/11\/21\/renegociacao-do-fies-oferece-descontos-de-ate-99\/","title":{"rendered":"Renegocia\u00e7\u00e3o do FIES oferece descontos de at\u00e9 99%"},"content":{"rendered":"<p> <br \/>\n<\/p>\n<div id=\"attachment_2276804\">\n<div class=\"d-flex justify-content-center\" data-attachment-id=\"2276804\">\n<div class=\"position-relative d-inline-block\"><img data-recalc-dims=\"1\" data-portal-copyright=\"Istock\/Rmcarvalho\" decoding=\"async\" fetchpriority=\"high\" class=\"size-full wp-image-2276804\" src=\"https:\/\/i0.wp.com\/catracalivre.com.br\/wp-content\/uploads\/2023\/06\/istock-1224599274.jpg?resize=1254%2C836&#038;ssl=1\" alt=\"N\u00c3O PERCA! Caixa e BB come\u00e7am a negociar d\u00edvidas com Fies\" width=\"1254\" height=\"836\" srcset=\"https:\/\/catracalivre.com.br\/wp-content\/uploads\/2023\/06\/istock-1224599274.jpg 1254w, https:\/\/catracalivre.com.br\/wp-content\/uploads\/2023\/06\/istock-1224599274-450x300.jpg 450w, https:\/\/catracalivre.com.br\/wp-content\/uploads\/2023\/06\/istock-1224599274-768x512.jpg 768w\" sizes=\"(max-width: 1254px) 100vw, 1254px\"\/><\/p>\n<p>Cr\u00e9ditos: Istock\/Rmcarvalho<\/p>\n<\/div>\n<\/div>\n<p><span class=\"post-imagem__legenda\">N\u00c3O PERCA! Caixa e BB come\u00e7am a negociar d\u00edvidas com Fies<\/span><\/p>\n<\/div>\n<p>A renegocia\u00e7\u00e3o do<a href=\"https:\/\/catracalivre.com.br\/cidadania\/saiba-como-negociar-divida-com-o-fies-com-desconto-de-ate-99\/\"> FIES<\/a> apresenta uma oportunidade \u00fanica para os benefici\u00e1rios que buscam solu\u00e7\u00f5es para quitar suas d\u00edvidas educacionais. Iniciada recentemente, a campanha oferece descontos que chegam a impressionantes 99% sobre o valor total da d\u00edvida, proporcionando al\u00edvio financeiro aos estudantes que enfrentam dificuldades em manter seus compromissos.<\/p>\n<p>Para participar dessa iniciativa e esclarecer d\u00favidas, \u00e9 essencial conhecer os canais de atendimento dispon\u00edveis. O Minist\u00e9rio da Educa\u00e7\u00e3o (MEC) e o Fundo Nacional de Desenvolvimento da Educa\u00e7\u00e3o (FNDE) oferecem suporte atrav\u00e9s do portal do MEC, no Fale Conosco, e pelo telefone 0800. Al\u00e9m disso, a Caixa Econ\u00f4mica Federal e o Banco do Brasil disponibilizam diferentes canais, como aplicativos, WhatsApp e centrais de atendimento.<\/p>\n<p>Aplicativo da Caixa;<br \/>WhatsApp no n\u00famero 0800 104 0 104;<br \/>Central de atendimento 4004 0 104 (para capitais e regi\u00f5es metropolitanas) ou 0800 104 0 104 (para as demais regi\u00f5es do pa\u00eds).<\/p>\n<p>A renegocia\u00e7\u00e3o do FIES \u00e9 destinada a indiv\u00edduos que possuam contratos com o Fundo de Financiamento Estudantil firmados at\u00e9 2017 e estejam em situa\u00e7\u00e3o de inadimpl\u00eancia em 30 de junho de 2023. As condi\u00e7\u00f5es variam de acordo com o perfil do usu\u00e1rio do financiamento, considerando o tempo de atraso e outras especificidades.<\/p>\n<p>Contratos vencidos h\u00e1 mais de 360 dias (em 30\/06\/2023) para cadastrados no Cad\u00danico ou benefici\u00e1rios do Aux\u00edlio<\/p>\n<p><script>\n\t\t! function(f, b, e, v, n, t, s) {\n\t\t\tif (f.fbq) return;\n\t\t\tn = f.fbq = function() {\n\t\t\t\tn.callMethod ?\n\t\t\t\t\tn.callMethod.apply(n, arguments) : n.queue.push(arguments)\n\t\t\t};\n\t\t\tif (!f._fbq) f._fbq = n;\n\t\t\tn.push = n;\n\t\t\tn.loaded = !0;\n\t\t\tn.version = '2.0';\n\t\t\tn.queue = [];\n\t\t\tt = b.createElement(e);\n\t\t\tt.async = !0;\n\t\t\tt.src = v;\n\t\t\ts = b.getElementsByTagName(e)[0];\n\t\t\ts.parentNode.insertBefore(t, s)\n\t\t}(window, document, 'script',\n\t\t\t'https:\/\/connect.facebook.net\/en_US\/fbevents.js');\n\t\tfbq('init', '338315473262380');\n\t\tfbq('track', 'PageView');\n\t<\/script><br \/>\n<br \/><br \/>\n<br \/><a href=\"https:\/\/catracalivre.com.br\/cidadania\/renegociacao-do-fies-oferece-descontos-de-ate-99\/\">Source link <\/a><\/p>\n<div class='code-block code-block-4' style='margin: 8px auto 8px 0; text-align: left; display: block; clear: both;'>\n\ud83d\udce2 Aviso Legal\n\nO site ismaelcolosi.com.br atua apenas como um canal de divulga\u00e7\u00e3o de oportunidades de emprego e n\u00e3o se responsabiliza pelo processo seletivo, contrata\u00e7\u00e3o ou qualquer outra etapa relacionada \u00e0s vagas publicadas. Todas as informa\u00e7\u00f5es s\u00e3o de responsabilidade dos anunciantes.\n\n\u26a0\ufe0f Aten\u00e7\u00e3o! Nunca pague por promessas de emprego nem compre cursos que garantam contrata\u00e7\u00e3o. Desconfie de qualquer cobran\u00e7a para participar de sele\u00e7\u00f5es.\n\n\n\n<\/div>\n<!-- CONTENT END 1 -->\n","protected":false},"excerpt":{"rendered":"<p>Cr\u00e9ditos: Istock\/Rmcarvalho N\u00c3O PERCA! Caixa e BB come\u00e7am a negociar d\u00edvidas com Fies A renegocia\u00e7\u00e3o do FIES apresenta uma oportunidade \u00fanica para os benefici\u00e1rios que&#8230;<\/p>\n","protected":false},"author":1,"featured_media":4255,"comment_status":"open","ping_status":"open","sticky":false,"template":"","format":"standard","meta":{"_uag_custom_page_level_css":"","advanced_seo_description":"","jetpack_seo_html_title":"","jetpack_seo_noindex":false,"jetpack_post_was_ever_published":false,"_jetpack_newsletter_access":"","_jetpack_dont_email_post_to_subs":false,"_jetpack_newsletter_tier_id":0,"_jetpack_memberships_contains_paywalled_content":false,"_jetpack_memberships_contains_paid_content":false,"footnotes":"","jetpack_publicize_message":"","jetpack_publicize_feature_enabled":true,"jetpack_social_post_already_shared":true,"jetpack_social_options":{"image_generator_settings":{"template":"highway","default_image_id":0,"font":"","enabled":false},"version":2}},"categories":[19],"tags":[],"class_list":["post-4254","post","type-post","status-publish","format-standard","has-post-thumbnail","hentry","category-variedades"],"jetpack_publicize_connections":[],"jetpack_featured_media_url":"https:\/\/i0.wp.com\/ismaelcolosi.com.br\/wp-content\/uploads\/2023\/11\/atencao-reviravolta-impacta-a-volta-do-consignado-no-bpc-e-bolsa-familia.jpg?fit=1200%2C638&ssl=1","uagb_featured_image_src":{"full":["https:\/\/i0.wp.com\/ismaelcolosi.com.br\/wp-content\/uploads\/2023\/11\/atencao-reviravolta-impacta-a-volta-do-consignado-no-bpc-e-bolsa-familia.jpg?fit=1200%2C638&ssl=1",1200,638,false],"thumbnail":["https:\/\/i0.wp.com\/ismaelcolosi.com.br\/wp-content\/uploads\/2023\/11\/atencao-reviravolta-impacta-a-volta-do-consignado-no-bpc-e-bolsa-familia.jpg?resize=150%2C150&ssl=1",150,150,true],"medium":["https:\/\/i0.wp.com\/ismaelcolosi.com.br\/wp-content\/uploads\/2023\/11\/atencao-reviravolta-impacta-a-volta-do-consignado-no-bpc-e-bolsa-familia.jpg?fit=300%2C160&ssl=1",300,160,true],"medium_large":["https:\/\/i0.wp.com\/ismaelcolosi.com.br\/wp-content\/uploads\/2023\/11\/atencao-reviravolta-impacta-a-volta-do-consignado-no-bpc-e-bolsa-familia.jpg?fit=768%2C408&ssl=1",768,408,true],"large":["https:\/\/i0.wp.com\/ismaelcolosi.com.br\/wp-content\/uploads\/2023\/11\/atencao-reviravolta-impacta-a-volta-do-consignado-no-bpc-e-bolsa-familia.jpg?fit=1024%2C544&ssl=1",1024,544,true],"1536x1536":["https:\/\/i0.wp.com\/ismaelcolosi.com.br\/wp-content\/uploads\/2023\/11\/atencao-reviravolta-impacta-a-volta-do-consignado-no-bpc-e-bolsa-familia.jpg?fit=1200%2C638&ssl=1",1200,638,true],"2048x2048":["https:\/\/i0.wp.com\/ismaelcolosi.com.br\/wp-content\/uploads\/2023\/11\/atencao-reviravolta-impacta-a-volta-do-consignado-no-bpc-e-bolsa-familia.jpg?fit=1200%2C638&ssl=1",1200,638,true],"really-simple-thumb":["https:\/\/i0.wp.com\/ismaelcolosi.com.br\/wp-content\/uploads\/2023\/11\/atencao-reviravolta-impacta-a-volta-do-consignado-no-bpc-e-bolsa-familia.jpg?resize=370%2C247&ssl=1",370,247,true]},"uagb_author_info":{"display_name":"ismaelcolosi.com.br","author_link":"https:\/\/ismaelcolosi.com.br\/index.php\/author\/vidareal-online\/"},"uagb_comment_info":0,"uagb_excerpt":"Cr\u00e9ditos: Istock\/Rmcarvalho N\u00c3O PERCA! Caixa e BB come\u00e7am a negociar d\u00edvidas com Fies A renegocia\u00e7\u00e3o do FIES apresenta uma oportunidade \u00fanica para os benefici\u00e1rios que...","jetpack-related-posts":[{"id":6409,"url":"https:\/\/ismaelcolosi.com.br\/index.php\/2023\/11\/25\/renegociacao-do-fies-tem-descontos-exclusivos-para-adimplente\/","url_meta":{"origin":4254,"position":0},"title":"Renegocia\u00e7\u00e3o do FIES tem descontos exclusivos para adimplente","author":"ismaelcolosi.com.br","date":"25 de November de 2023","format":false,"excerpt":"Cr\u00e9ditos: Reprodu\u00e7\u00e3o\/MECConfira agora mesmo as novidades do FIES O Fundo de Financiamento Estudantil (FIES) trouxe uma excelente not\u00edcia para aqueles que buscam quitar ou acelerar o pagamento do financiamento. A renegocia\u00e7\u00e3o do FIES, agora dispon\u00edvel para quem est\u00e1 em dia com os pagamentos, proporciona vantagens exclusivas atrav\u00e9s do programa Desenrola\u2026","rel":"","context":"In &quot;Variedades&quot;","block_context":{"text":"Variedades","link":"https:\/\/ismaelcolosi.com.br\/index.php\/category\/variedades\/"},"img":{"alt_text":"","src":"https:\/\/i0.wp.com\/ismaelcolosi.com.br\/wp-content\/uploads\/2023\/11\/1700951067_atencao-reviravolta-impacta-a-volta-do-consignado-no-bpc-e-bolsa-familia.jpg?fit=1200%2C638&ssl=1&resize=350%2C200","width":350,"height":200,"srcset":"https:\/\/i0.wp.com\/ismaelcolosi.com.br\/wp-content\/uploads\/2023\/11\/1700951067_atencao-reviravolta-impacta-a-volta-do-consignado-no-bpc-e-bolsa-familia.jpg?fit=1200%2C638&ssl=1&resize=350%2C200 1x, https:\/\/i0.wp.com\/ismaelcolosi.com.br\/wp-content\/uploads\/2023\/11\/1700951067_atencao-reviravolta-impacta-a-volta-do-consignado-no-bpc-e-bolsa-familia.jpg?fit=1200%2C638&ssl=1&resize=525%2C300 1.5x, https:\/\/i0.wp.com\/ismaelcolosi.com.br\/wp-content\/uploads\/2023\/11\/1700951067_atencao-reviravolta-impacta-a-volta-do-consignado-no-bpc-e-bolsa-familia.jpg?fit=1200%2C638&ssl=1&resize=700%2C400 2x, https:\/\/i0.wp.com\/ismaelcolosi.com.br\/wp-content\/uploads\/2023\/11\/1700951067_atencao-reviravolta-impacta-a-volta-do-consignado-no-bpc-e-bolsa-familia.jpg?fit=1200%2C638&ssl=1&resize=1050%2C600 3x"},"classes":[]},{"id":32411,"url":"https:\/\/ismaelcolosi.com.br\/index.php\/2024\/01\/25\/banco-do-brasil-renegocia-r-2-bilhoes-em-dividas-do-fies\/","url_meta":{"origin":4254,"position":1},"title":"Banco do Brasil renegocia R$ 2 bilh\u00f5es em d\u00edvidas do Fies","author":"ismaelcolosi.com.br","date":"25 de January de 2024","format":false,"excerpt":"24 de janeiro de 2024 | 16:3024 de janeiro de 2024 | 11:12 0O Banco do Brasil (BB) renegociou R$ 2 bilh\u00f5es em d\u00edvidas do Fies, o programa de financiamento estudantil para o ensino superior do governo federal, desde o in\u00edcio das repactua\u00e7\u00f5es, em novembro do ano passado. Segundo o\u2026","rel":"","context":"In &quot;Not\u00edcias de Ribeir\u00e3o Preto-SP e Regi\u00e3o&quot;","block_context":{"text":"Not\u00edcias de Ribeir\u00e3o Preto-SP e Regi\u00e3o","link":"https:\/\/ismaelcolosi.com.br\/index.php\/category\/noticias-de-ribeirao-preto-sp-e-regiao-ismael-colosi\/"},"img":{"alt_text":"","src":"https:\/\/i0.wp.com\/ismaelcolosi.com.br\/wp-content\/uploads\/2024\/01\/07836b48-7a60-4701-af3c-efcca017bacf-scaled.jpg?fit=967%2C645&ssl=1&resize=350%2C200","width":350,"height":200,"srcset":"https:\/\/i0.wp.com\/ismaelcolosi.com.br\/wp-content\/uploads\/2024\/01\/07836b48-7a60-4701-af3c-efcca017bacf-scaled.jpg?fit=967%2C645&ssl=1&resize=350%2C200 1x, https:\/\/i0.wp.com\/ismaelcolosi.com.br\/wp-content\/uploads\/2024\/01\/07836b48-7a60-4701-af3c-efcca017bacf-scaled.jpg?fit=967%2C645&ssl=1&resize=525%2C300 1.5x, https:\/\/i0.wp.com\/ismaelcolosi.com.br\/wp-content\/uploads\/2024\/01\/07836b48-7a60-4701-af3c-efcca017bacf-scaled.jpg?fit=967%2C645&ssl=1&resize=700%2C400 2x"},"classes":[]},{"id":4549,"url":"https:\/\/ismaelcolosi.com.br\/index.php\/2023\/11\/21\/lula-faz-apelo-a-endividados-e-toma-medida-extraordinaria\/","url_meta":{"origin":4254,"position":2},"title":"Lula faz apelo a endividados e toma medida EXTRAORDIN\u00c1RIA","author":"ismaelcolosi.com.br","date":"21 de November de 2023","format":false,"excerpt":"O presidente Luiz In\u00e1cio Lula da Silva pediu, nesta ter\u00e7a-feira, 21, em Bras\u00edlia, que as pessoas endividadas procurem os bancos para renegociar os seus d\u00e9bitos no \u00e2mbito do Programa Desenrola Brasil. Cr\u00e9ditos: Canal GovDesenrola: Lula faz apelo a endividados e toma medida EXTRAORDIN\u00c1RIA Amanh\u00e3, 22, o governo federal promove o\u2026","rel":"","context":"In &quot;Variedades&quot;","block_context":{"text":"Variedades","link":"https:\/\/ismaelcolosi.com.br\/index.php\/category\/variedades\/"},"img":{"alt_text":"","src":"https:\/\/i0.wp.com\/ismaelcolosi.com.br\/wp-content\/uploads\/2023\/11\/lula-faz-apelo-a-endividados-e-toma-medida-extraordinaria.png?fit=1200%2C638&ssl=1&resize=350%2C200","width":350,"height":200,"srcset":"https:\/\/i0.wp.com\/ismaelcolosi.com.br\/wp-content\/uploads\/2023\/11\/lula-faz-apelo-a-endividados-e-toma-medida-extraordinaria.png?fit=1200%2C638&ssl=1&resize=350%2C200 1x, https:\/\/i0.wp.com\/ismaelcolosi.com.br\/wp-content\/uploads\/2023\/11\/lula-faz-apelo-a-endividados-e-toma-medida-extraordinaria.png?fit=1200%2C638&ssl=1&resize=525%2C300 1.5x, https:\/\/i0.wp.com\/ismaelcolosi.com.br\/wp-content\/uploads\/2023\/11\/lula-faz-apelo-a-endividados-e-toma-medida-extraordinaria.png?fit=1200%2C638&ssl=1&resize=700%2C400 2x, https:\/\/i0.wp.com\/ismaelcolosi.com.br\/wp-content\/uploads\/2023\/11\/lula-faz-apelo-a-endividados-e-toma-medida-extraordinaria.png?fit=1200%2C638&ssl=1&resize=1050%2C600 3x"},"classes":[]},{"id":4713,"url":"https:\/\/ismaelcolosi.com.br\/index.php\/2023\/11\/22\/apelo-de-lula-para-brasileiros-endividados-vai-te-surpreender\/","url_meta":{"origin":4254,"position":3},"title":"Apelo de Lula para brasileiros endividados vai te SURPREENDER","author":"ismaelcolosi.com.br","date":"22 de November de 2023","format":false,"excerpt":"O presidente Luiz In\u00e1cio Lula da Silva pediu, nesta ter\u00e7a-feira, 21, em Bras\u00edlia, que as pessoas endividadas procurem os bancos para renegociar os seus d\u00e9bitos no \u00e2mbito do Programa Desenrola Brasil. Cr\u00e9ditos: Ag\u00eancia Brasil\/Jos\u00e9 CruzApelo de Lula para brasileiros endividados vai te SURPREENDER Amanh\u00e3, 22, o governo federal promove o\u2026","rel":"","context":"In &quot;Variedades&quot;","block_context":{"text":"Variedades","link":"https:\/\/ismaelcolosi.com.br\/index.php\/category\/variedades\/"},"img":{"alt_text":"","src":"https:\/\/i0.wp.com\/ismaelcolosi.com.br\/wp-content\/uploads\/2023\/11\/lula-da-dica-de-educacao-financeira-para-brasileiros.jpg?fit=1200%2C638&ssl=1&resize=350%2C200","width":350,"height":200,"srcset":"https:\/\/i0.wp.com\/ismaelcolosi.com.br\/wp-content\/uploads\/2023\/11\/lula-da-dica-de-educacao-financeira-para-brasileiros.jpg?fit=1200%2C638&ssl=1&resize=350%2C200 1x, https:\/\/i0.wp.com\/ismaelcolosi.com.br\/wp-content\/uploads\/2023\/11\/lula-da-dica-de-educacao-financeira-para-brasileiros.jpg?fit=1200%2C638&ssl=1&resize=525%2C300 1.5x, https:\/\/i0.wp.com\/ismaelcolosi.com.br\/wp-content\/uploads\/2023\/11\/lula-da-dica-de-educacao-financeira-para-brasileiros.jpg?fit=1200%2C638&ssl=1&resize=700%2C400 2x, https:\/\/i0.wp.com\/ismaelcolosi.com.br\/wp-content\/uploads\/2023\/11\/lula-da-dica-de-educacao-financeira-para-brasileiros.jpg?fit=1200%2C638&ssl=1&resize=1050%2C600 3x"},"classes":[]},{"id":6741,"url":"https:\/\/ismaelcolosi.com.br\/index.php\/2023\/11\/26\/mec-prorroga-inscricoes-para-vagas-remanescentes-do-fies\/","url_meta":{"origin":4254,"position":4},"title":"MEC prorroga inscri\u00e7\u00f5es para vagas remanescentes do Fies","author":"ismaelcolosi.com.br","date":"26 de November de 2023","format":false,"excerpt":"O prazo de inscri\u00e7\u00e3o para as vagas remanescentes do Fundo de Financiamento Estudantil (Fies) foi estendido at\u00e9 30 de novembro pelo Minist\u00e9rio da Educa\u00e7\u00e3o (MEC). A inscri\u00e7\u00e3o \u00e9 gratuita e deve ser efetuada exclusivamente on-line, por meio do Portal de Acesso \u00danico ao Ensino Superior. Cr\u00e9ditos: Divulga\u00e7\u00e3o\/ MECInscri\u00e7\u00f5es para vagas\u2026","rel":"","context":"In &quot;Variedades&quot;","block_context":{"text":"Variedades","link":"https:\/\/ismaelcolosi.com.br\/index.php\/category\/variedades\/"},"img":{"alt_text":"","src":"https:\/\/i0.wp.com\/ismaelcolosi.com.br\/wp-content\/uploads\/2023\/11\/fies-2.jpg?fit=1200%2C638&ssl=1&resize=350%2C200","width":350,"height":200,"srcset":"https:\/\/i0.wp.com\/ismaelcolosi.com.br\/wp-content\/uploads\/2023\/11\/fies-2.jpg?fit=1200%2C638&ssl=1&resize=350%2C200 1x, https:\/\/i0.wp.com\/ismaelcolosi.com.br\/wp-content\/uploads\/2023\/11\/fies-2.jpg?fit=1200%2C638&ssl=1&resize=525%2C300 1.5x, https:\/\/i0.wp.com\/ismaelcolosi.com.br\/wp-content\/uploads\/2023\/11\/fies-2.jpg?fit=1200%2C638&ssl=1&resize=700%2C400 2x, https:\/\/i0.wp.com\/ismaelcolosi.com.br\/wp-content\/uploads\/2023\/11\/fies-2.jpg?fit=1200%2C638&ssl=1&resize=1050%2C600 3x"},"classes":[]},{"id":42476,"url":"https:\/\/ismaelcolosi.com.br\/index.php\/2024\/03\/14\/inscricoes-ao-fies-terminam-nesta-sexta15\/","url_meta":{"origin":4254,"position":5},"title":"Inscri\u00e7\u00f5es ao Fies terminam nesta sexta,15","author":"ismaelcolosi.com.br","date":"14 de March de 2024","format":false,"excerpt":"14 de mar\u00e7o de 2024 | 18:0014 de mar\u00e7o de 2024 | 9:14 0As inscri\u00e7\u00f5es para o Fundo de Financiamento Estudantil (Fies) terminam nesta sexta-feira, 15 de mar\u00e7o, prazo para que os interessados entreguem a documenta\u00e7\u00e3o. Para se inscrever, \u00e9 necess\u00e1rio que o estudante tenha participado do Exame Nacional do\u2026","rel":"","context":"In &quot;Not\u00edcias de Ribeir\u00e3o Preto-SP e Regi\u00e3o&quot;","block_context":{"text":"Not\u00edcias de Ribeir\u00e3o Preto-SP e Regi\u00e3o","link":"https:\/\/ismaelcolosi.com.br\/index.php\/category\/noticias-de-ribeirao-preto-sp-e-regiao-ismael-colosi\/"},"img":{"alt_text":"","src":"https:\/\/i0.wp.com\/ismaelcolosi.com.br\/wp-content\/uploads\/2024\/03\/Fies-Marcello-Casal-Jr.-Ag.Br_-scaled.jpg?fit=1000%2C598&ssl=1&resize=350%2C200","width":350,"height":200,"srcset":"https:\/\/i0.wp.com\/ismaelcolosi.com.br\/wp-content\/uploads\/2024\/03\/Fies-Marcello-Casal-Jr.-Ag.Br_-scaled.jpg?fit=1000%2C598&ssl=1&resize=350%2C200 1x, https:\/\/i0.wp.com\/ismaelcolosi.com.br\/wp-content\/uploads\/2024\/03\/Fies-Marcello-Casal-Jr.-Ag.Br_-scaled.jpg?fit=1000%2C598&ssl=1&resize=525%2C300 1.5x, https:\/\/i0.wp.com\/ismaelcolosi.com.br\/wp-content\/uploads\/2024\/03\/Fies-Marcello-Casal-Jr.-Ag.Br_-scaled.jpg?fit=1000%2C598&ssl=1&resize=700%2C400 2x"},"classes":[]}],"jetpack_sharing_enabled":true,"jetpack_shortlink":"https:\/\/wp.me\/pfMlyK-16C","_links":{"self":[{"href":"https:\/\/ismaelcolosi.com.br\/index.php\/wp-json\/wp\/v2\/posts\/4254","targetHints":{"allow":["GET"]}}],"collection":[{"href":"https:\/\/ismaelcolosi.com.br\/index.php\/wp-json\/wp\/v2\/posts"}],"about":[{"href":"https:\/\/ismaelcolosi.com.br\/index.php\/wp-json\/wp\/v2\/types\/post"}],"author":[{"embeddable":true,"href":"https:\/\/ismaelcolosi.com.br\/index.php\/wp-json\/wp\/v2\/users\/1"}],"replies":[{"embeddable":true,"href":"https:\/\/ismaelcolosi.com.br\/index.php\/wp-json\/wp\/v2\/comments?post=4254"}],"version-history":[{"count":0,"href":"https:\/\/ismaelcolosi.com.br\/index.php\/wp-json\/wp\/v2\/posts\/4254\/revisions"}],"wp:featuredmedia":[{"embeddable":true,"href":"https:\/\/ismaelcolosi.com.br\/index.php\/wp-json\/wp\/v2\/media\/4255"}],"wp:attachment":[{"href":"https:\/\/ismaelcolosi.com.br\/index.php\/wp-json\/wp\/v2\/media?parent=4254"}],"wp:term":[{"taxonomy":"category","embeddable":true,"href":"https:\/\/ismaelcolosi.com.br\/index.php\/wp-json\/wp\/v2\/categories?post=4254"},{"taxonomy":"post_tag","embeddable":true,"href":"https:\/\/ismaelcolosi.com.br\/index.php\/wp-json\/wp\/v2\/tags?post=4254"}],"curies":[{"name":"wp","href":"https:\/\/api.w.org\/{rel}","templated":true}]}}