{"id":42515,"date":"2024-03-15T00:15:59","date_gmt":"2024-03-15T03:15:59","guid":{"rendered":"https:\/\/ismaelcolosi.com.br\/index.php\/2024\/03\/15\/na-raca-botafogo-vence-e-se-classifica-na-copa-do-brasil\/"},"modified":"2024-03-15T00:15:59","modified_gmt":"2024-03-15T03:15:59","slug":"na-raca-botafogo-vence-e-se-classifica-na-copa-do-brasil","status":"publish","type":"post","link":"https:\/\/ismaelcolosi.com.br\/index.php\/2024\/03\/15\/na-raca-botafogo-vence-e-se-classifica-na-copa-do-brasil\/","title":{"rendered":"Na ra\u00e7a, Botafogo vence e se classifica na Copa do Brasil"},"content":{"rendered":"<p> <br \/>\n<\/p>\n<div>\n<p><span style=\"font-weight: 400\">O Botafogo avan\u00e7ou mais uma vez na Copa do Brasil. Em jogo acirrado no Santa Cruz, o Tricolor buscou a virada e segurou a press\u00e3o do time do An\u00e1polis, que contou tamb\u00e9m com grande defesa de Michael em penalidade no final do segundo tempo.<\/span><\/p>\n<p><span style=\"font-weight: 400\">Os gols da partida foram marcados por Matheus Lagoa, do lado goiano, e Alex Sandro e Matheus Costa, do lado do Pantera. Com o resultado, o Botafogo avan\u00e7ou para a terceira fase na competi\u00e7\u00e3o, e espera o sorteio para descobrir o pr\u00f3ximo advers\u00e1rio.<\/span><\/p><div class='code-block code-block-8' style='margin: 8px auto; text-align: center; display: block; clear: both;'>\n<script>\n  atOptions = {\n    'key' : '66e2e2111ca34da796271819fc334058',\n    'format' : 'iframe',\n    'height' : 250,\n    'width' : 300,\n    'params' : {}\n  };\n<\/script>\n<script src=\"https:\/\/www.highperformanceformat.com\/66e2e2111ca34da796271819fc334058\/invoke.js\"><\/script>\n<\/div>\n\n<p><strong>Classifica\u00e7\u00e3o e les\u00f5es<\/strong><\/p>\n<p><span style=\"font-weight: 400\">A terceira fase da competi\u00e7\u00e3o ser\u00e1 realizada no in\u00edcio de maio e os clubes da Libertadores entram no sorteio. O Botafogo agora se prepara para a S\u00e9rie B, com estreia marcada para o dia 4 de abril, contra o Am\u00e9rica Mineiro, em Ribeir\u00e3o Preto.<\/span><\/p>\n<p><span style=\"font-weight: 400\">O confronto contra o An\u00e1polis foi marcante tamb\u00e9m pelo n\u00famero de lesionados: Douglas Baggio, Emerson Negueba e Jean Victor sa\u00edram com dores do campo, o que pode gerar tr\u00eas aus\u00eancias importantes para o in\u00edcio da segunda divis\u00e3o nacional.\u00a0<\/span><\/p>\n<p><b>O jogo<\/b><\/p>\n<p><span style=\"font-weight: 400\">O Botafogo come\u00e7ou atacando o An\u00e1polis de forma consciente, controlando a partida, mas logo aos sete minutos Douglas Baggio sentiu a coxa esquerda e saiu para a entrada de Patrick Brey.<\/span><\/p>\n<p><span style=\"font-weight: 400\">Aos 22 minutos, o Pantera viu sua press\u00e3o resultar em gol, mas ele foi anulado por impedimento. Em belo lan\u00e7amento, Alex Sandro recebeu na banheira, driblou o goleiro e marcou o gol, que n\u00e3o valeu.<\/span><\/p>\n<p><span style=\"font-weight: 400\">Aos 33 minutos, o An\u00e1polis encontrou seu gol. O lan\u00e7amento em contra-ataque de L\u00e9o Azevedo encontrou Matheus Lagoa, que bateu sem deixar a bola tocar no ch\u00e3o e abriu o placar no Santa Cruz.<\/span><\/p>\n<p><span style=\"font-weight: 400\">O gol veio em um momento em que o Botafogo trabalhava em banho-maria, sem muita pressa, nem press\u00e3o. Mas, o resultado acendeu o Pantera, que foi em busca de uma melhor sorte na partida.<\/span><\/p>\n<p><span style=\"font-weight: 400\">E o Tricolor encontrou. A rea\u00e7\u00e3o come\u00e7ou aos 42 minutos: em escanteio cobrado por Jean Victor, e bate e rebate na \u00e1rea, a bola sobrou para Wallison, que cruzou para a \u00e1rea e encontrou Matheus Costa. O zagueiro tocou de cabe\u00e7a para o artilheiro Alex Sandro, que dominou, cortou para dentro e finalizou no canto esquerdo do goleiro Wellerson, abrindo o placar.<\/span><\/p>\n<p><span style=\"font-weight: 400\">Aos 46, a virada. Em boa cobran\u00e7a de escanteio de Jean Victor, a bola encontrou Matheus Costa, que cabeceou firme dentro da pequena \u00e1rea, virando o placar e trazendo al\u00edvio para o Pantera na partida.<\/span><\/p>\n<p><span style=\"font-weight: 400\">No segundo tempo, o Botafogo passou a administrar o placar, recuando os dois laterais e se defendendo mais, permitindo ataques sequenciais do time goiano.<\/span><\/p>\n<p><span style=\"font-weight: 400\">Aos 18 minutos, o An\u00e1polis exigiu boa defesa de Michael. L\u00e9o Azevedo recebeu pela direita, avan\u00e7ou e bateu firme, mas no rumo do goleiro do Pantera, que espalmou para fora da \u00e1rea. Na sequ\u00eancia, Jean Victor recebeu, ajeitou a bola e finalizou de longe, levando perigo ao gol do An\u00e1polis.<\/span><\/p>\n<p><span style=\"font-weight: 400\">No lance, o lateral-esquerdo do Tricolor sentiu uma les\u00e3o, mas tentou seguir na partida, sem \u00eaxito, porque alguns minutos depois Jean foi substitu\u00eddo. Na mesma troca saiu tamb\u00e9m Negueba, sentindo a perna, somando tr\u00eas machucados do Botafogo na partida.<\/span><\/p>\n<p><span style=\"font-weight: 400\">Ap\u00f3s as substitui\u00e7\u00f5es, os tr\u00eas novos jogadores do Botafogo quase ampliaram o placar. No primeiro lance, Leandro Pereira recebeu e saiu na cara do gol, exigindo boa defesa do goleiro, mas o atacante do Pantera estava impedido e a jogada foi anulada.<\/span><\/p>\n<p><span style=\"font-weight: 400\">Na sequ\u00eancia Tor\u00f3 encontrou Pedro Rodrigues em cruzamento rasteiro. O meia finalizou forte e rasteiro, mas no meio do gol. Um minuto depois, Tor\u00f3 recebeu e chutou para fora. Por sorte do atacante, ele estava impedido na grande oportunidade perdida.<\/span><\/p>\n<p><span style=\"font-weight: 400\">A partir dos 35 minutos, o time goiano passou a atacar buscando o empate com mais veem\u00eancia. Aos 42 minutos o An\u00e1polis quase encontrou o gol de empate, em cruzamento de Zotti, ex-Pantera, Adriano Klein entrou na pequena \u00e1rea, ap\u00f3s desvio na zaga, e cabeceou no travess\u00e3o.<\/span><\/p>\n<p><span style=\"font-weight: 400\">Aos 44 minutos, p\u00eanalti para o An\u00e1polis. Ap\u00f3s cruzamento na \u00e1rea, Fillipe Soutto se enganchou com Gonzalo, atacante do Galo, que caiu no ch\u00e3o. O juiz marcou falta e o pr\u00f3prio atacante se preparou para a cobran\u00e7a, mas parou nas m\u00e3os de Michael. O goleiro do Pantera defendeu a cobran\u00e7a com o joelho no canto esquerdo, em defesa que salvou o Tricolor das penalidades.<\/span><\/p>\n<p><span style=\"font-weight: 400\">Com seis minutos de acr\u00e9scimos, o An\u00e1polis partiu ainda mais desesperado em busca do gol de empate, mas em v\u00e3o.<\/span><\/p>\n<\/div>\n<p><br \/>\n<br \/><a href=\"https:\/\/www.tribunaribeirao.com.br\/site\/na-raca-botafogo-vence-e-se-classifica-na-copa-do-brasil\/\">Source link <\/a><\/p>\n<div class='code-block code-block-4' style='margin: 8px auto 8px 0; text-align: left; display: block; clear: both;'>\n\ud83d\udce2 Aviso Legal\n\nO site ismaelcolosi.com.br atua apenas como um canal de divulga\u00e7\u00e3o de oportunidades de emprego e n\u00e3o se responsabiliza pelo processo seletivo, contrata\u00e7\u00e3o ou qualquer outra etapa relacionada \u00e0s vagas publicadas. Todas as informa\u00e7\u00f5es s\u00e3o de responsabilidade dos anunciantes.\n\n\u26a0\ufe0f Aten\u00e7\u00e3o! Nunca pague por promessas de emprego nem compre cursos que garantam contrata\u00e7\u00e3o. Desconfie de qualquer cobran\u00e7a para participar de sele\u00e7\u00f5es.\n\n\n<div data-type=\"_mgwidget\" data-widget-id=\"2000896\">\n<\/div>\n<script>(function(w,q){w[q]=w[q]||[];w[q].push([\"_mgc.load\"])})(window,\"_mgq\");\n<\/script>\n<\/div>\n<!-- CONTENT END 1 -->\n","protected":false},"excerpt":{"rendered":"<p>O Botafogo avan\u00e7ou mais uma vez na Copa do Brasil. Em jogo acirrado no Santa Cruz, o Tricolor buscou a virada e segurou a press\u00e3o&#8230;<\/p>\n","protected":false},"author":1,"featured_media":42516,"comment_status":"open","ping_status":"open","sticky":false,"template":"","format":"standard","meta":{"om_disable_all_campaigns":false,"_uag_custom_page_level_css":"","jetpack_post_was_ever_published":false,"_jetpack_newsletter_access":"","_jetpack_dont_email_post_to_subs":false,"_jetpack_newsletter_tier_id":0,"_jetpack_memberships_contains_paywalled_content":false,"_jetpack_memberships_contains_paid_content":false,"_joinchat":[],"footnotes":"","jetpack_publicize_message":"","jetpack_publicize_feature_enabled":true,"jetpack_social_post_already_shared":true,"jetpack_social_options":{"image_generator_settings":{"template":"highway","default_image_id":0,"font":"","enabled":false},"version":2}},"categories":[11],"tags":[52,137,5035,707,5034,1612],"class_list":["post-42515","post","type-post","status-publish","format-standard","has-post-thumbnail","hentry","category-noticias-de-ribeirao-preto-sp-e-regiao-ismael-colosi","tag-botafogo","tag-brasil","tag-classifica","tag-copa","tag-raca","tag-vence"],"aioseo_notices":[],"jetpack_publicize_connections":[],"jetpack_featured_media_url":"https:\/\/i0.wp.com\/ismaelcolosi.com.br\/wp-content\/uploads\/2024\/03\/1710465782690-scaled.jpg?fit=967%2C645&ssl=1","uagb_featured_image_src":{"full":["https:\/\/i0.wp.com\/ismaelcolosi.com.br\/wp-content\/uploads\/2024\/03\/1710465782690-scaled.jpg?fit=967%2C645&ssl=1",967,645,false],"thumbnail":["https:\/\/i0.wp.com\/ismaelcolosi.com.br\/wp-content\/uploads\/2024\/03\/1710465782690-scaled.jpg?resize=150%2C150&ssl=1",150,150,true],"medium":["https:\/\/i0.wp.com\/ismaelcolosi.com.br\/wp-content\/uploads\/2024\/03\/1710465782690-scaled.jpg?fit=300%2C200&ssl=1",300,200,true],"medium_large":["https:\/\/i0.wp.com\/ismaelcolosi.com.br\/wp-content\/uploads\/2024\/03\/1710465782690-scaled.jpg?fit=768%2C512&ssl=1",768,512,true],"large":["https:\/\/i0.wp.com\/ismaelcolosi.com.br\/wp-content\/uploads\/2024\/03\/1710465782690-scaled.jpg?fit=967%2C645&ssl=1",967,645,true],"1536x1536":["https:\/\/i0.wp.com\/ismaelcolosi.com.br\/wp-content\/uploads\/2024\/03\/1710465782690-scaled.jpg?fit=967%2C645&ssl=1",967,645,true],"2048x2048":["https:\/\/i0.wp.com\/ismaelcolosi.com.br\/wp-content\/uploads\/2024\/03\/1710465782690-scaled.jpg?fit=967%2C645&ssl=1",967,645,true],"really-simple-thumb":["https:\/\/i0.wp.com\/ismaelcolosi.com.br\/wp-content\/uploads\/2024\/03\/1710465782690-scaled.jpg?resize=370%2C247&ssl=1",370,247,true]},"uagb_author_info":{"display_name":"ismaelcolosi.com.br","author_link":"https:\/\/ismaelcolosi.com.br\/index.php\/author\/vidareal-online\/"},"uagb_comment_info":0,"uagb_excerpt":"O Botafogo avan\u00e7ou mais uma vez na Copa do Brasil. Em jogo acirrado no Santa Cruz, o Tricolor buscou a virada e segurou a press\u00e3o...","jetpack-related-posts":[{"id":42517,"url":"https:\/\/ismaelcolosi.com.br\/index.php\/2024\/03\/15\/botafogo-vence-o-anapolis-e-fatura-mais-r-22-milhoes-na-copa-do-brasil\/","url_meta":{"origin":42515,"position":0},"title":"Botafogo vence o An\u00e1polis e fatura mais R$ 2,2 milh\u00f5es na Copa do Brasil","author":"ismaelcolosi.com.br","date":"15 de March de 2024","format":false,"excerpt":"O Botafogo venceu o An\u00e1polis-GO por 2 a 1, na noite desta quinta-feira (14), em jogo realizado no est\u00e1dio Santa Cruz Arena Nicnet, em Ribeir\u00e3o Preto, pela segunda fase da Copa do Brasil. O time visitante foi quem abriu o placar aos 33 minutos do primeiro tempo, com gol do\u2026","rel":"","context":"In &quot;Not\u00edcias de Ribeir\u00e3o Preto-SP e Regi\u00e3o&quot;","block_context":{"text":"Not\u00edcias de Ribeir\u00e3o Preto-SP e Regi\u00e3o","link":"https:\/\/ismaelcolosi.com.br\/index.php\/category\/noticias-de-ribeirao-preto-sp-e-regiao-ismael-colosi\/"},"img":{"alt_text":"","src":"https:\/\/i0.wp.com\/ismaelcolosi.com.br\/wp-content\/uploads\/2024\/03\/525ee8e4-2d3d-4223-862c-99e9f826bdb7.jpeg?fit=1200%2C800&ssl=1&resize=350%2C200","width":350,"height":200,"srcset":"https:\/\/i0.wp.com\/ismaelcolosi.com.br\/wp-content\/uploads\/2024\/03\/525ee8e4-2d3d-4223-862c-99e9f826bdb7.jpeg?fit=1200%2C800&ssl=1&resize=350%2C200 1x, https:\/\/i0.wp.com\/ismaelcolosi.com.br\/wp-content\/uploads\/2024\/03\/525ee8e4-2d3d-4223-862c-99e9f826bdb7.jpeg?fit=1200%2C800&ssl=1&resize=525%2C300 1.5x, https:\/\/i0.wp.com\/ismaelcolosi.com.br\/wp-content\/uploads\/2024\/03\/525ee8e4-2d3d-4223-862c-99e9f826bdb7.jpeg?fit=1200%2C800&ssl=1&resize=700%2C400 2x, https:\/\/i0.wp.com\/ismaelcolosi.com.br\/wp-content\/uploads\/2024\/03\/525ee8e4-2d3d-4223-862c-99e9f826bdb7.jpeg?fit=1200%2C800&ssl=1&resize=1050%2C600 3x"},"classes":[]},{"id":26691,"url":"https:\/\/ismaelcolosi.com.br\/index.php\/2024\/01\/10\/botafogo-vence-por-7-a-1-e-garante-a-classificacao-na-copa-sp\/","url_meta":{"origin":42515,"position":1},"title":"Botafogo vence por 7 a 1 e garante a classifica\u00e7\u00e3o na Copa SP","author":"ismaelcolosi.com.br","date":"10 de January de 2024","format":false,"excerpt":"O Botafogo venceu o Fast Clube por 7 a 1, nesta quarta-feira (10), no Est\u00e1dio Amadeu Mosca, em Salto, pela terceira rodada do Grupo 17 da Copa S\u00e3o Paulo de Futebol J\u00fanior. A equipe de Ribeir\u00e3o Preto garantiu a classifica\u00e7\u00e3o para a segunda fase da competi\u00e7\u00e3o. O Pantera chegou a\u2026","rel":"","context":"In &quot;Not\u00edcias de Ribeir\u00e3o Preto-SP e Regi\u00e3o&quot;","block_context":{"text":"Not\u00edcias de Ribeir\u00e3o Preto-SP e Regi\u00e3o","link":"https:\/\/ismaelcolosi.com.br\/index.php\/category\/noticias-de-ribeirao-preto-sp-e-regiao-ismael-colosi\/"},"img":{"alt_text":"","src":"https:\/\/i0.wp.com\/ismaelcolosi.com.br\/wp-content\/uploads\/2024\/01\/WhatsApp-Image-2024-01-10-at-13.53.29.jpeg?fit=1200%2C800&ssl=1&resize=350%2C200","width":350,"height":200,"srcset":"https:\/\/i0.wp.com\/ismaelcolosi.com.br\/wp-content\/uploads\/2024\/01\/WhatsApp-Image-2024-01-10-at-13.53.29.jpeg?fit=1200%2C800&ssl=1&resize=350%2C200 1x, https:\/\/i0.wp.com\/ismaelcolosi.com.br\/wp-content\/uploads\/2024\/01\/WhatsApp-Image-2024-01-10-at-13.53.29.jpeg?fit=1200%2C800&ssl=1&resize=525%2C300 1.5x, https:\/\/i0.wp.com\/ismaelcolosi.com.br\/wp-content\/uploads\/2024\/01\/WhatsApp-Image-2024-01-10-at-13.53.29.jpeg?fit=1200%2C800&ssl=1&resize=700%2C400 2x, https:\/\/i0.wp.com\/ismaelcolosi.com.br\/wp-content\/uploads\/2024\/01\/WhatsApp-Image-2024-01-10-at-13.53.29.jpeg?fit=1200%2C800&ssl=1&resize=1050%2C600 3x"},"classes":[]},{"id":38646,"url":"https:\/\/ismaelcolosi.com.br\/index.php\/2024\/02\/20\/botafogo-vence-no-sufoco-e-avanca-na-copa-do-brasil\/","url_meta":{"origin":42515,"position":2},"title":"Botafogo vence no sufoco e avan\u00e7a na Copa do Brasil","author":"ismaelcolosi.com.br","date":"20 de February de 2024","format":false,"excerpt":"O Botafogo conseguiu avan\u00e7ar para a segunda fase da Copa do Brasil 2024, mas n\u00e3o foi f\u00e1cil. Ap\u00f3s sair atr\u00e1s no placar na cidade de \u00c1guia Branca, o Pantera precisou se reinventar no segundo tempo para vencer o Nova Ven\u00e9cia, time do Esp\u00edrito Santo.Os gols foram feitos por Diego, artilheiro\u2026","rel":"","context":"In &quot;Not\u00edcias de Ribeir\u00e3o Preto-SP e Regi\u00e3o&quot;","block_context":{"text":"Not\u00edcias de Ribeir\u00e3o Preto-SP e Regi\u00e3o","link":"https:\/\/ismaelcolosi.com.br\/index.php\/category\/noticias-de-ribeirao-preto-sp-e-regiao-ismael-colosi\/"},"img":{"alt_text":"","src":"https:\/\/i0.wp.com\/ismaelcolosi.com.br\/wp-content\/uploads\/2024\/02\/BBF_8449-scaled.jpg?fit=1000%2C667&ssl=1&resize=350%2C200","width":350,"height":200,"srcset":"https:\/\/i0.wp.com\/ismaelcolosi.com.br\/wp-content\/uploads\/2024\/02\/BBF_8449-scaled.jpg?fit=1000%2C667&ssl=1&resize=350%2C200 1x, https:\/\/i0.wp.com\/ismaelcolosi.com.br\/wp-content\/uploads\/2024\/02\/BBF_8449-scaled.jpg?fit=1000%2C667&ssl=1&resize=525%2C300 1.5x, https:\/\/i0.wp.com\/ismaelcolosi.com.br\/wp-content\/uploads\/2024\/02\/BBF_8449-scaled.jpg?fit=1000%2C667&ssl=1&resize=700%2C400 2x"},"classes":[]},{"id":42418,"url":"https:\/\/ismaelcolosi.com.br\/index.php\/2024\/03\/14\/botafogo-recebe-o-anapolis-no-santao-pela-copa-do-brasil\/","url_meta":{"origin":42515,"position":3},"title":"Botafogo recebe o An\u00e1polis no Sant\u00e3o pela Copa do Brasil\u00a0\u00a0","author":"ismaelcolosi.com.br","date":"14 de March de 2024","format":false,"excerpt":"Chegou a hora. O Botafogo nesta quinta para avan\u00e7ar para a terceira fase da Copa do Brasil. O advers\u00e1rio da vez \u00e9 o An\u00e1polis, de Goi\u00e1s, que chega para encarar o Fog\u00e3o ap\u00f3s eliminar a Tombense. O Tricolor tirou o Nova Ven\u00e9cia na primeira partida. O duelo acontece as 21h30,\u2026","rel":"","context":"In &quot;Not\u00edcias de Ribeir\u00e3o Preto-SP e Regi\u00e3o&quot;","block_context":{"text":"Not\u00edcias de Ribeir\u00e3o Preto-SP e Regi\u00e3o","link":"https:\/\/ismaelcolosi.com.br\/index.php\/category\/noticias-de-ribeirao-preto-sp-e-regiao-ismael-colosi\/"},"img":{"alt_text":"","src":"https:\/\/i0.wp.com\/ismaelcolosi.com.br\/wp-content\/uploads\/2024\/03\/Botafogo-2-21-scaled.jpg?fit=967%2C645&ssl=1&resize=350%2C200","width":350,"height":200,"srcset":"https:\/\/i0.wp.com\/ismaelcolosi.com.br\/wp-content\/uploads\/2024\/03\/Botafogo-2-21-scaled.jpg?fit=967%2C645&ssl=1&resize=350%2C200 1x, https:\/\/i0.wp.com\/ismaelcolosi.com.br\/wp-content\/uploads\/2024\/03\/Botafogo-2-21-scaled.jpg?fit=967%2C645&ssl=1&resize=525%2C300 1.5x, https:\/\/i0.wp.com\/ismaelcolosi.com.br\/wp-content\/uploads\/2024\/03\/Botafogo-2-21-scaled.jpg?fit=967%2C645&ssl=1&resize=700%2C400 2x"},"classes":[]},{"id":34105,"url":"https:\/\/ismaelcolosi.com.br\/index.php\/2024\/02\/01\/botafogo-encara-o-nova-venecia-do-atacante-richarlison-na-copa-do-brasil\/","url_meta":{"origin":42515,"position":4},"title":"Botafogo encara o Nova Ven\u00e9cia, do atacante Richarlison, na Copa do Brasil\u00a0\u00a0","author":"ismaelcolosi.com.br","date":"1 de February de 2024","format":false,"excerpt":"31 de janeiro de 2024 | 17:0031 de janeiro de 2024 | 9:46 0O Botafogo enfrentar\u00e1 o Nova Ven\u00e9cia-ES, vice-campe\u00e3o do Campeonato Capixaba-2023, na primeira fase da Copa do Brasil. O advers\u00e1rio foi definido ap\u00f3s sorteio realizado nesta ter\u00e7a-feira (30), pela CBF (Confedera\u00e7\u00e3o Brasileira de Futebol).\u00a0O advers\u00e1rio tem como propriet\u00e1rio\u2026","rel":"","context":"In &quot;Not\u00edcias de Ribeir\u00e3o Preto-SP e Regi\u00e3o&quot;","block_context":{"text":"Not\u00edcias de Ribeir\u00e3o Preto-SP e Regi\u00e3o","link":"https:\/\/ismaelcolosi.com.br\/index.php\/category\/noticias-de-ribeirao-preto-sp-e-regiao-ismael-colosi\/"},"img":{"alt_text":"","src":"https:\/\/i0.wp.com\/ismaelcolosi.com.br\/wp-content\/uploads\/2024\/02\/Botafogo-2-2-1-scaled.jpeg?fit=968%2C645&ssl=1&resize=350%2C200","width":350,"height":200,"srcset":"https:\/\/i0.wp.com\/ismaelcolosi.com.br\/wp-content\/uploads\/2024\/02\/Botafogo-2-2-1-scaled.jpeg?fit=968%2C645&ssl=1&resize=350%2C200 1x, https:\/\/i0.wp.com\/ismaelcolosi.com.br\/wp-content\/uploads\/2024\/02\/Botafogo-2-2-1-scaled.jpeg?fit=968%2C645&ssl=1&resize=525%2C300 1.5x, https:\/\/i0.wp.com\/ismaelcolosi.com.br\/wp-content\/uploads\/2024\/02\/Botafogo-2-2-1-scaled.jpeg?fit=968%2C645&ssl=1&resize=700%2C400 2x"},"classes":[]},{"id":7074,"url":"https:\/\/ismaelcolosi.com.br\/index.php\/2023\/11\/27\/pelo-terceiro-ano-botafogo-garante-vaga-na-copa-do-brasil-de-2024\/","url_meta":{"origin":42515,"position":5},"title":"Pelo terceiro ano, Botafogo garante vaga na Copa do Brasil de 2024","author":"ismaelcolosi.com.br","date":"27 de November de 2023","format":false,"excerpt":"Pelo terceiro ano consecutivo, o Botafogo de Ribeir\u00e3o Preto vai participar da Copa do Brasil, competi\u00e7\u00e3o que paga as maiores premia\u00e7\u00f5es do futebol brasileiro. O pantera conseguiu a vaga ap\u00f3s Palmeiras e Red Bull Bragantino se classificaram para Libertadores de 2024. A equipe de Ribeir\u00e3o Preto ficou com a vaga\u2026","rel":"","context":"In &quot;Not\u00edcias de Ribeir\u00e3o Preto-SP e Regi\u00e3o&quot;","block_context":{"text":"Not\u00edcias de Ribeir\u00e3o Preto-SP e Regi\u00e3o","link":"https:\/\/ismaelcolosi.com.br\/index.php\/category\/noticias-de-ribeirao-preto-sp-e-regiao-ismael-colosi\/"},"img":{"alt_text":"","src":"https:\/\/i0.wp.com\/ismaelcolosi.com.br\/wp-content\/uploads\/2023\/11\/botafogo.jpeg?fit=1200%2C800&ssl=1&resize=350%2C200","width":350,"height":200,"srcset":"https:\/\/i0.wp.com\/ismaelcolosi.com.br\/wp-content\/uploads\/2023\/11\/botafogo.jpeg?fit=1200%2C800&ssl=1&resize=350%2C200 1x, https:\/\/i0.wp.com\/ismaelcolosi.com.br\/wp-content\/uploads\/2023\/11\/botafogo.jpeg?fit=1200%2C800&ssl=1&resize=525%2C300 1.5x, https:\/\/i0.wp.com\/ismaelcolosi.com.br\/wp-content\/uploads\/2023\/11\/botafogo.jpeg?fit=1200%2C800&ssl=1&resize=700%2C400 2x, https:\/\/i0.wp.com\/ismaelcolosi.com.br\/wp-content\/uploads\/2023\/11\/botafogo.jpeg?fit=1200%2C800&ssl=1&resize=1050%2C600 3x"},"classes":[]}],"jetpack_sharing_enabled":true,"jetpack_shortlink":"https:\/\/wp.me\/pfMlyK-b3J","_links":{"self":[{"href":"https:\/\/ismaelcolosi.com.br\/index.php\/wp-json\/wp\/v2\/posts\/42515","targetHints":{"allow":["GET"]}}],"collection":[{"href":"https:\/\/ismaelcolosi.com.br\/index.php\/wp-json\/wp\/v2\/posts"}],"about":[{"href":"https:\/\/ismaelcolosi.com.br\/index.php\/wp-json\/wp\/v2\/types\/post"}],"author":[{"embeddable":true,"href":"https:\/\/ismaelcolosi.com.br\/index.php\/wp-json\/wp\/v2\/users\/1"}],"replies":[{"embeddable":true,"href":"https:\/\/ismaelcolosi.com.br\/index.php\/wp-json\/wp\/v2\/comments?post=42515"}],"version-history":[{"count":0,"href":"https:\/\/ismaelcolosi.com.br\/index.php\/wp-json\/wp\/v2\/posts\/42515\/revisions"}],"wp:featuredmedia":[{"embeddable":true,"href":"https:\/\/ismaelcolosi.com.br\/index.php\/wp-json\/wp\/v2\/media\/42516"}],"wp:attachment":[{"href":"https:\/\/ismaelcolosi.com.br\/index.php\/wp-json\/wp\/v2\/media?parent=42515"}],"wp:term":[{"taxonomy":"category","embeddable":true,"href":"https:\/\/ismaelcolosi.com.br\/index.php\/wp-json\/wp\/v2\/categories?post=42515"},{"taxonomy":"post_tag","embeddable":true,"href":"https:\/\/ismaelcolosi.com.br\/index.php\/wp-json\/wp\/v2\/tags?post=42515"}],"curies":[{"name":"wp","href":"https:\/\/api.w.org\/{rel}","templated":true}]}}