{"id":4248,"date":"2023-11-21T06:05:10","date_gmt":"2023-11-21T09:05:10","guid":{"rendered":"https:\/\/ismaelcolosi.com.br\/index.php\/2023\/11\/21\/chega-noticia-sobre-o-cantor-anderson-leonardo-apos-diagnostico-de-cancer-na-virilha\/"},"modified":"2023-11-21T06:05:10","modified_gmt":"2023-11-21T09:05:10","slug":"chega-noticia-sobre-o-cantor-anderson-leonardo-apos-diagnostico-de-cancer-na-virilha","status":"publish","type":"post","link":"https:\/\/ismaelcolosi.com.br\/index.php\/2023\/11\/21\/chega-noticia-sobre-o-cantor-anderson-leonardo-apos-diagnostico-de-cancer-na-virilha\/","title":{"rendered":"Chega not\u00edcia sobre o cantor Anderson Leonardo ap\u00f3s diagn\u00f3stico de c\u00e2ncer na virilha"},"content":{"rendered":"<p> <br \/>\n<\/p>\n<div itemprop=\"text\">\n<p>O cantor Anderson Leonardo, vocalista do grupo de pagode Molejo, precisou ser hospitalizado na \u00faltima semana. Para que n\u00e3o sabe, o artista, que \u00e9 um dos mais queridos do Brasil, foi diagnosticado com c\u00e2ncer inguinal h\u00e1 alguns meses.<\/p>\n<p>As informa\u00e7\u00f5es sobre a nova interna\u00e7\u00e3o de Anderson foram divulgadas nesta semana pelo colunica Gabriel Perlina, no portal IG. Anderson, de 51 anos, est\u00e1 travando batalha contra o c\u00e2ncer desde outubro do ano passado.<\/p>\n<p>Gabriel informou que Anderson deu entrada no Hospital Copa Star na \u00faltima semana para tratar do c\u00e2ncer. O colunista informou que o vocalista agradeceu ao p\u00fablico pelo carinho e mostrou-se confiante com a cura.<\/p>\n<p><em>\u201cEu estou bem. Estou me recuperando bem, j\u00e1 estou na outra fase do tratamento. E estou muito feliz com o resultado\u201d<\/em>, afirmou Anderson. Vale destacar que, h\u00e1 apenas alguns meses, o vocalista do Molejo j\u00e1 havia sido hospitalizado por conta de uma embolia pulmonar.<\/p>\n<p>Na \u00e9poca, Anderson Leonardo teve que ficar hospitalizado por v\u00e1rios dias para conter o problema. Nas redes sociais, os f\u00e3s do artista t\u00eam demonstrado todo apoio a ele desde que ficaram sabendo do diagn\u00f3stico do c\u00e2ncer.<\/p>\n<p>O tumor inguinal \u00e9 o que se situa na regi\u00e3o inguinal, ou seja, na virilha. Anderson est\u00e1 fazendo tratamento contra a doen\u00e7a desde o diagn\u00f3stico. O cantor precisou se afastar temporariamente dos shows para prosseguir com os procedimentos para amenizar os efeitos da enfermidade. Ele ainda n\u00e3o se pronunciou sobre a \u00faltima interna\u00e7\u00e3o.<\/p>\n<\/div>\n<p><br \/>\n<br \/><a href=\"https:\/\/fnmais.com\/chega-noticia-sobre-cantor-anderson-leonardo-apos-diagnostico-cancer-na-virilha\/\">Source link <\/a><\/p>\n<div class='code-block code-block-4' style='margin: 8px auto 8px 0; text-align: left; display: block; clear: both;'>\n\ud83d\udce2 Aviso Legal\n\nO site ismaelcolosi.com.br atua apenas como um canal de divulga\u00e7\u00e3o de oportunidades de emprego e n\u00e3o se responsabiliza pelo processo seletivo, contrata\u00e7\u00e3o ou qualquer outra etapa relacionada \u00e0s vagas publicadas. Todas as informa\u00e7\u00f5es s\u00e3o de responsabilidade dos anunciantes.\n\n\u26a0\ufe0f Aten\u00e7\u00e3o! Nunca pague por promessas de emprego nem compre cursos que garantam contrata\u00e7\u00e3o. Desconfie de qualquer cobran\u00e7a para participar de sele\u00e7\u00f5es.\n\n\n\n<\/div>\n<!-- CONTENT END 1 -->\n","protected":false},"excerpt":{"rendered":"<p>O cantor Anderson Leonardo, vocalista do grupo de pagode Molejo, precisou ser hospitalizado na \u00faltima semana. Para que n\u00e3o sabe, o artista, que \u00e9 um&#8230;<\/p>\n","protected":false},"author":1,"featured_media":4249,"comment_status":"open","ping_status":"open","sticky":false,"template":"","format":"standard","meta":{"_uag_custom_page_level_css":"","advanced_seo_description":"","jetpack_seo_html_title":"","jetpack_seo_noindex":false,"jetpack_post_was_ever_published":false,"_jetpack_newsletter_access":"","_jetpack_dont_email_post_to_subs":false,"_jetpack_newsletter_tier_id":0,"_jetpack_memberships_contains_paywalled_content":false,"_jetpack_memberships_contains_paid_content":false,"footnotes":"","jetpack_publicize_message":"","jetpack_publicize_feature_enabled":true,"jetpack_social_post_already_shared":true,"jetpack_social_options":{"image_generator_settings":{"template":"highway","default_image_id":0,"font":"","enabled":false},"version":2}},"categories":[1],"tags":[],"class_list":["post-4248","post","type-post","status-publish","format-standard","has-post-thumbnail","hentry","category-blog"],"jetpack_publicize_connections":[],"jetpack_featured_media_url":"https:\/\/i0.wp.com\/ismaelcolosi.com.br\/wp-content\/uploads\/2023\/11\/postimg-655c5b7b647831263.jpg?fit=1200%2C628&ssl=1","uagb_featured_image_src":{"full":["https:\/\/i0.wp.com\/ismaelcolosi.com.br\/wp-content\/uploads\/2023\/11\/postimg-655c5b7b647831263.jpg?fit=1200%2C628&ssl=1",1200,628,false],"thumbnail":["https:\/\/i0.wp.com\/ismaelcolosi.com.br\/wp-content\/uploads\/2023\/11\/postimg-655c5b7b647831263.jpg?resize=150%2C150&ssl=1",150,150,true],"medium":["https:\/\/i0.wp.com\/ismaelcolosi.com.br\/wp-content\/uploads\/2023\/11\/postimg-655c5b7b647831263.jpg?fit=300%2C157&ssl=1",300,157,true],"medium_large":["https:\/\/i0.wp.com\/ismaelcolosi.com.br\/wp-content\/uploads\/2023\/11\/postimg-655c5b7b647831263.jpg?fit=768%2C402&ssl=1",768,402,true],"large":["https:\/\/i0.wp.com\/ismaelcolosi.com.br\/wp-content\/uploads\/2023\/11\/postimg-655c5b7b647831263.jpg?fit=1024%2C536&ssl=1",1024,536,true],"1536x1536":["https:\/\/i0.wp.com\/ismaelcolosi.com.br\/wp-content\/uploads\/2023\/11\/postimg-655c5b7b647831263.jpg?fit=1200%2C628&ssl=1",1200,628,true],"2048x2048":["https:\/\/i0.wp.com\/ismaelcolosi.com.br\/wp-content\/uploads\/2023\/11\/postimg-655c5b7b647831263.jpg?fit=1200%2C628&ssl=1",1200,628,true],"really-simple-thumb":["https:\/\/i0.wp.com\/ismaelcolosi.com.br\/wp-content\/uploads\/2023\/11\/postimg-655c5b7b647831263.jpg?resize=370%2C247&ssl=1",370,247,true]},"uagb_author_info":{"display_name":"ismaelcolosi.com.br","author_link":"https:\/\/ismaelcolosi.com.br\/index.php\/author\/vidareal-online\/"},"uagb_comment_info":0,"uagb_excerpt":"O cantor Anderson Leonardo, vocalista do grupo de pagode Molejo, precisou ser hospitalizado na \u00faltima semana. Para que n\u00e3o sabe, o artista, que \u00e9 um...","jetpack-related-posts":[{"id":4454,"url":"https:\/\/ismaelcolosi.com.br\/index.php\/2023\/11\/21\/enfrentando-um-cancer-raro-estado-de-anderson-do-molejo-e-atualizado\/","url_meta":{"origin":4248,"position":0},"title":"Enfrentando um c\u00e2ncer raro, estado de Anderson, do Molejo, \u00e9 atualizado","author":"ismaelcolosi.com.br","date":"21 de November de 2023","format":false,"excerpt":"Cr\u00e9ditos: reprodu\u00e7\u00e3o\/Instagram\/@cantorandersonleronardoAnderson Leonardo, do Molejo, segue em tratamento contra c\u00e2ncer Anderson Leonardo, do grupo Molejo, est\u00e1 enfrentando um c\u00e2ncer inguinal desde 2022. Nos \u00faltimos dias, boatos diziam que o cantor estava internado ap\u00f3s sofrer com efeitos colaterais do tratamento. A publica\u00e7\u00e3o dizia tamb\u00e9m que o cantor, de 51 anos, precisou\u2026","rel":"","context":"In &quot;Variedades&quot;","block_context":{"text":"Variedades","link":"https:\/\/ismaelcolosi.com.br\/index.php\/category\/variedades\/"},"img":{"alt_text":"","src":"https:\/\/i0.wp.com\/ismaelcolosi.com.br\/wp-content\/uploads\/2023\/11\/anderson-molejo-1.jpg?fit=1200%2C638&ssl=1&resize=350%2C200","width":350,"height":200,"srcset":"https:\/\/i0.wp.com\/ismaelcolosi.com.br\/wp-content\/uploads\/2023\/11\/anderson-molejo-1.jpg?fit=1200%2C638&ssl=1&resize=350%2C200 1x, https:\/\/i0.wp.com\/ismaelcolosi.com.br\/wp-content\/uploads\/2023\/11\/anderson-molejo-1.jpg?fit=1200%2C638&ssl=1&resize=525%2C300 1.5x, https:\/\/i0.wp.com\/ismaelcolosi.com.br\/wp-content\/uploads\/2023\/11\/anderson-molejo-1.jpg?fit=1200%2C638&ssl=1&resize=700%2C400 2x, https:\/\/i0.wp.com\/ismaelcolosi.com.br\/wp-content\/uploads\/2023\/11\/anderson-molejo-1.jpg?fit=1200%2C638&ssl=1&resize=1050%2C600 3x"},"classes":[]},{"id":46005,"url":"https:\/\/ismaelcolosi.com.br\/index.php\/2024\/04\/09\/anderson-do-molejo-e-internado-na-uti-apos-quadro-de-insuficiencia-renal\/","url_meta":{"origin":4248,"position":1},"title":"Anderson do Molejo \u00e9 internado na UTI ap\u00f3s quadro de insufici\u00eancia renal","author":"ismaelcolosi.com.br","date":"9 de April de 2024","format":false,"excerpt":"O cantor Anderson Leonardo, do grupo Molejo, foi internado na UTI (Unidade de Terapia Intensiva) do Hospital Unimed do Rio de Janeiro, na \u00faltima segunda-feira (8). Segundo um boletim m\u00e9dico assinado pelo diretor do hospital, o vocalista est\u00e1 com um quadro de insufici\u00eancia renal. A nota ressalta, por\u00e9m, que Anderson\u2026","rel":"","context":"In &quot;Not\u00edcias de Ribeir\u00e3o Preto-SP e Regi\u00e3o&quot;","block_context":{"text":"Not\u00edcias de Ribeir\u00e3o Preto-SP e Regi\u00e3o","link":"https:\/\/ismaelcolosi.com.br\/index.php\/category\/noticias-de-ribeirao-preto-sp-e-regiao-ismael-colosi\/"},"img":{"alt_text":"","src":"https:\/\/i0.wp.com\/ismaelcolosi.com.br\/wp-content\/uploads\/2024\/04\/AnyConv.com__anderson-do-molejo.webp.webp?fit=1200%2C656&ssl=1&resize=350%2C200","width":350,"height":200,"srcset":"https:\/\/i0.wp.com\/ismaelcolosi.com.br\/wp-content\/uploads\/2024\/04\/AnyConv.com__anderson-do-molejo.webp.webp?fit=1200%2C656&ssl=1&resize=350%2C200 1x, https:\/\/i0.wp.com\/ismaelcolosi.com.br\/wp-content\/uploads\/2024\/04\/AnyConv.com__anderson-do-molejo.webp.webp?fit=1200%2C656&ssl=1&resize=525%2C300 1.5x, https:\/\/i0.wp.com\/ismaelcolosi.com.br\/wp-content\/uploads\/2024\/04\/AnyConv.com__anderson-do-molejo.webp.webp?fit=1200%2C656&ssl=1&resize=700%2C400 2x, https:\/\/i0.wp.com\/ismaelcolosi.com.br\/wp-content\/uploads\/2024\/04\/AnyConv.com__anderson-do-molejo.webp.webp?fit=1200%2C656&ssl=1&resize=1050%2C600 3x"},"classes":[]},{"id":47610,"url":"https:\/\/ismaelcolosi.com.br\/index.php\/2024\/04\/26\/anderson-leonardo-vocalista-do-grupo-molejo-morre-aos-51-anos\/","url_meta":{"origin":4248,"position":2},"title":"Anderson Leonardo, vocalista do grupo Molejo, morre aos 51 anos","author":"ismaelcolosi.com.br","date":"26 de April de 2024","format":false,"excerpt":"O Grupo EP usa cookies e outras tecnologias semelhantes para melhorar a sua experi\u00eancia, analisar o tr\u00e1fego do site e personalizar o conte\u00fado. Conhe\u00e7a a nossa pol\u00edtica de privacidade e, ao continuar navegando, voc\u00ea concorda com estas condi\u00e7\u00f5es. Source link","rel":"","context":"In &quot;Not\u00edcias de Ribeir\u00e3o Preto-SP e Regi\u00e3o&quot;","block_context":{"text":"Not\u00edcias de Ribeir\u00e3o Preto-SP e Regi\u00e3o","link":"https:\/\/ismaelcolosi.com.br\/index.php\/category\/noticias-de-ribeirao-preto-sp-e-regiao-ismael-colosi\/"},"img":{"alt_text":"","src":"https:\/\/i0.wp.com\/ismaelcolosi.com.br\/wp-content\/uploads\/2024\/04\/AnyConv.com__anderson-do-molejo.webp.webp?fit=1200%2C656&ssl=1&resize=350%2C200","width":350,"height":200,"srcset":"https:\/\/i0.wp.com\/ismaelcolosi.com.br\/wp-content\/uploads\/2024\/04\/AnyConv.com__anderson-do-molejo.webp.webp?fit=1200%2C656&ssl=1&resize=350%2C200 1x, https:\/\/i0.wp.com\/ismaelcolosi.com.br\/wp-content\/uploads\/2024\/04\/AnyConv.com__anderson-do-molejo.webp.webp?fit=1200%2C656&ssl=1&resize=525%2C300 1.5x, https:\/\/i0.wp.com\/ismaelcolosi.com.br\/wp-content\/uploads\/2024\/04\/AnyConv.com__anderson-do-molejo.webp.webp?fit=1200%2C656&ssl=1&resize=700%2C400 2x, https:\/\/i0.wp.com\/ismaelcolosi.com.br\/wp-content\/uploads\/2024\/04\/AnyConv.com__anderson-do-molejo.webp.webp?fit=1200%2C656&ssl=1&resize=1050%2C600 3x"},"classes":[]},{"id":4977,"url":"https:\/\/ismaelcolosi.com.br\/index.php\/2023\/11\/22\/chega-triste-noticia-sobre-o-ator-carlos-villagran-que-fez-o-quico-no-seriado-chaves\/","url_meta":{"origin":4248,"position":3},"title":"Chega triste not\u00edcia sobre o ator Carlos Villagr\u00e1n, que fez o Quico no seriado Chaves","author":"ismaelcolosi.com.br","date":"22 de November de 2023","format":false,"excerpt":"O ator Carlos Villagr\u00e1n, um dos nomes mais conhecidos da TV no mundo inteiro, trouxe uma triste not\u00edcia aos f\u00e3s nesta semana. O artista, que \u00e9 famoso por seu papel de Quico no seriado mexicano Chaves, revelou que foi diagnosticado com um c\u00e2ncer de pr\u00f3stata.A not\u00edcia foi trazida a p\u00fablico\u2026","rel":"","context":"In &quot;Blog&quot;","block_context":{"text":"Blog","link":"https:\/\/ismaelcolosi.com.br\/index.php\/category\/blog\/"},"img":{"alt_text":"","src":"https:\/\/i0.wp.com\/ismaelcolosi.com.br\/wp-content\/uploads\/2023\/11\/postimg-655e3d21246144664.jpg?fit=1200%2C628&ssl=1&resize=350%2C200","width":350,"height":200,"srcset":"https:\/\/i0.wp.com\/ismaelcolosi.com.br\/wp-content\/uploads\/2023\/11\/postimg-655e3d21246144664.jpg?fit=1200%2C628&ssl=1&resize=350%2C200 1x, https:\/\/i0.wp.com\/ismaelcolosi.com.br\/wp-content\/uploads\/2023\/11\/postimg-655e3d21246144664.jpg?fit=1200%2C628&ssl=1&resize=525%2C300 1.5x, https:\/\/i0.wp.com\/ismaelcolosi.com.br\/wp-content\/uploads\/2023\/11\/postimg-655e3d21246144664.jpg?fit=1200%2C628&ssl=1&resize=700%2C400 2x, https:\/\/i0.wp.com\/ismaelcolosi.com.br\/wp-content\/uploads\/2023\/11\/postimg-655e3d21246144664.jpg?fit=1200%2C628&ssl=1&resize=1050%2C600 3x"},"classes":[]},{"id":5035,"url":"https:\/\/ismaelcolosi.com.br\/index.php\/2023\/11\/22\/carlos-villagran-o-quico-do-chaves-revela-diagnostico-de-cancer\/","url_meta":{"origin":4248,"position":4},"title":"Carlos Villagr\u00e1n, o Quico do &#8216;Chaves&#8217;, revela diagn\u00f3stico de c\u00e2ncer","author":"ismaelcolosi.com.br","date":"22 de November de 2023","format":false,"excerpt":"Cr\u00e9ditos: Reprodu\u00e7\u00e3o\/InstagramCarlos Villagr\u00e1n revela diagn\u00f3stico de c\u00e2ncer de pr\u00f3stata O amado ator Carlos Villagr\u00e1n, famoso por sua inesquec\u00edvel interpreta\u00e7\u00e3o do Quico no seriado \u201cChaves\u201d, revelou \u00e0 revista People que teve c\u00e2ncer de pr\u00f3stata. Segundo a publica\u00e7\u00e3o do portal no \u00faltimo domingo, 19, ele realizou os tratamentos dispon\u00edveis para combater a\u2026","rel":"","context":"In &quot;Variedades&quot;","block_context":{"text":"Variedades","link":"https:\/\/ismaelcolosi.com.br\/index.php\/category\/variedades\/"},"img":{"alt_text":"","src":"https:\/\/i0.wp.com\/ismaelcolosi.com.br\/wp-content\/uploads\/2023\/11\/tamanho-catraca-13.png?fit=1200%2C638&ssl=1&resize=350%2C200","width":350,"height":200,"srcset":"https:\/\/i0.wp.com\/ismaelcolosi.com.br\/wp-content\/uploads\/2023\/11\/tamanho-catraca-13.png?fit=1200%2C638&ssl=1&resize=350%2C200 1x, https:\/\/i0.wp.com\/ismaelcolosi.com.br\/wp-content\/uploads\/2023\/11\/tamanho-catraca-13.png?fit=1200%2C638&ssl=1&resize=525%2C300 1.5x, https:\/\/i0.wp.com\/ismaelcolosi.com.br\/wp-content\/uploads\/2023\/11\/tamanho-catraca-13.png?fit=1200%2C638&ssl=1&resize=700%2C400 2x, https:\/\/i0.wp.com\/ismaelcolosi.com.br\/wp-content\/uploads\/2023\/11\/tamanho-catraca-13.png?fit=1200%2C638&ssl=1&resize=1050%2C600 3x"},"classes":[]},{"id":23294,"url":"https:\/\/ismaelcolosi.com.br\/index.php\/2024\/01\/01\/chega-ao-fim-a-luta-de-compadre-washigton-apos-cirurgia-ele-venceu\/","url_meta":{"origin":4248,"position":5},"title":"Chega ao fim a luta de compadre Washigton ap\u00f3s cirurgia; ele venceu","author":"ismaelcolosi.com.br","date":"1 de January de 2024","format":false,"excerpt":"Neste \u00faltimo s\u00e1bado, dia 30 de dezembro, o cantor Compadre Washington, vocalista do grupo \u2018\u00c9 o Tchan\u2019, recebeu alta hospitalar ap\u00f3s ter passado por uma cirurgia de apendicectomia devido ao diagn\u00f3stico de uma apendicite aguda.O artista, de 61 anos de idade, havia sido hospitalizado durante o per\u00edodo da madrugada desta\u2026","rel":"","context":"In &quot;Blog&quot;","block_context":{"text":"Blog","link":"https:\/\/ismaelcolosi.com.br\/index.php\/category\/blog\/"},"img":{"alt_text":"","src":"https:\/\/i0.wp.com\/ismaelcolosi.com.br\/wp-content\/uploads\/2024\/01\/postimg-65934a0b954e42811.jpg?fit=1200%2C628&ssl=1&resize=350%2C200","width":350,"height":200,"srcset":"https:\/\/i0.wp.com\/ismaelcolosi.com.br\/wp-content\/uploads\/2024\/01\/postimg-65934a0b954e42811.jpg?fit=1200%2C628&ssl=1&resize=350%2C200 1x, https:\/\/i0.wp.com\/ismaelcolosi.com.br\/wp-content\/uploads\/2024\/01\/postimg-65934a0b954e42811.jpg?fit=1200%2C628&ssl=1&resize=525%2C300 1.5x, https:\/\/i0.wp.com\/ismaelcolosi.com.br\/wp-content\/uploads\/2024\/01\/postimg-65934a0b954e42811.jpg?fit=1200%2C628&ssl=1&resize=700%2C400 2x, https:\/\/i0.wp.com\/ismaelcolosi.com.br\/wp-content\/uploads\/2024\/01\/postimg-65934a0b954e42811.jpg?fit=1200%2C628&ssl=1&resize=1050%2C600 3x"},"classes":[]}],"jetpack_sharing_enabled":true,"jetpack_shortlink":"https:\/\/wp.me\/pfMlyK-16w","_links":{"self":[{"href":"https:\/\/ismaelcolosi.com.br\/index.php\/wp-json\/wp\/v2\/posts\/4248","targetHints":{"allow":["GET"]}}],"collection":[{"href":"https:\/\/ismaelcolosi.com.br\/index.php\/wp-json\/wp\/v2\/posts"}],"about":[{"href":"https:\/\/ismaelcolosi.com.br\/index.php\/wp-json\/wp\/v2\/types\/post"}],"author":[{"embeddable":true,"href":"https:\/\/ismaelcolosi.com.br\/index.php\/wp-json\/wp\/v2\/users\/1"}],"replies":[{"embeddable":true,"href":"https:\/\/ismaelcolosi.com.br\/index.php\/wp-json\/wp\/v2\/comments?post=4248"}],"version-history":[{"count":0,"href":"https:\/\/ismaelcolosi.com.br\/index.php\/wp-json\/wp\/v2\/posts\/4248\/revisions"}],"wp:featuredmedia":[{"embeddable":true,"href":"https:\/\/ismaelcolosi.com.br\/index.php\/wp-json\/wp\/v2\/media\/4249"}],"wp:attachment":[{"href":"https:\/\/ismaelcolosi.com.br\/index.php\/wp-json\/wp\/v2\/media?parent=4248"}],"wp:term":[{"taxonomy":"category","embeddable":true,"href":"https:\/\/ismaelcolosi.com.br\/index.php\/wp-json\/wp\/v2\/categories?post=4248"},{"taxonomy":"post_tag","embeddable":true,"href":"https:\/\/ismaelcolosi.com.br\/index.php\/wp-json\/wp\/v2\/tags?post=4248"}],"curies":[{"name":"wp","href":"https:\/\/api.w.org\/{rel}","templated":true}]}}