{"id":42466,"date":"2024-03-14T17:37:44","date_gmt":"2024-03-14T20:37:44","guid":{"rendered":"https:\/\/ismaelcolosi.com.br\/index.php\/2024\/03\/14\/leilao-do-hotel-brasil-em-ribeirao-preto-tem-nova-data-confira\/"},"modified":"2024-03-14T17:37:44","modified_gmt":"2024-03-14T20:37:44","slug":"leilao-do-hotel-brasil-em-ribeirao-preto-tem-nova-data-confira","status":"publish","type":"post","link":"https:\/\/ismaelcolosi.com.br\/index.php\/2024\/03\/14\/leilao-do-hotel-brasil-em-ribeirao-preto-tem-nova-data-confira\/","title":{"rendered":"Leil\u00e3o do Hotel Brasil em Ribeir\u00e3o Preto tem nova data; Confira"},"content":{"rendered":"<p> <br \/>\n<\/p>\n<div data-td-block-uid=\"tdi_101\">\n<div class=\"tdb-block-inner td-fix-index\">\n<p>A quarta tentativa do leil\u00e3o do <strong>Hotel Brasil<\/strong>, no Centro de <strong>Ribeir\u00e3o Preto<\/strong>, <mark style=\"background-color:#fcb900\" class=\"has-inline-color has-black-color\">est\u00e1 marcado para o dia 25 de abril de 2024<\/mark>, a partir das 13h. O pr\u00e9dio hist\u00f3rico est\u00e1 avaliado em R$ 9.461.068,37.<\/p>\n<p>A quarta tentativa de leil\u00e3o do Hotel Brasil chegou a ser marcada para o dia 21 de fevereiro, mas foi suspenso porque as partes envolvidas n\u00e3o haviam sido citadas.<\/p><div class='code-block code-block-8' style='margin: 8px auto; text-align: center; display: block; clear: both;'>\n<script>\n  atOptions = {\n    'key' : '66e2e2111ca34da796271819fc334058',\n    'format' : 'iframe',\n    'height' : 250,\n    'width' : 300,\n    'params' : {}\n  };\n<\/script>\n<script src=\"https:\/\/www.highperformanceformat.com\/66e2e2111ca34da796271819fc334058\/invoke.js\"><\/script>\n<\/div>\n\n<p>Segundo o site <strong><a href=\"https:\/\/www.sandrasantosleiloes.com.br\/lote\/1168\/imovel-situado-na-cidade-de-ribeirao-preto-sp\" target=\"_blank\" rel=\"noreferrer noopener nofollow\">Sandra Santos Leil\u00f5es<\/a><\/strong>, o im\u00f3vel foi penhorado pela<strong> 3\u00aa Vara do Trabalho de Ribeir\u00e3o Preto<\/strong>, pela<strong> Vara da Fazenda de Ribeir\u00e3o Preto<\/strong>, pela<strong> Justi\u00e7a de Minas Gerais <\/strong>e pela<strong> Justi\u00e7a de Goi\u00e1s<\/strong>.<\/p>\n<h4 class=\"wp-block-heading\"><strong>Patrim\u00f4nio<\/strong><\/h4>\n<p>O Hotel Brasil, que fica no cruzamento da avenida Jer\u00f4nimo Gon\u00e7alves com a rua General Os\u00f3rio, est\u00e1 em uma lista de im\u00f3veis tombados, que contam a hist\u00f3ria de Ribeir\u00e3o Preto. O projeto para constru\u00e7\u00e3o do pr\u00e9dio foi aprovado pela prefeitura em abril de 1921.<\/p>\n<p>Entre as d\u00e9cadas de 1930 e 1950 ficaram hospedados no hotel pol\u00edticos, membros de associa\u00e7\u00f5es internacionais, e clubes de futebol, como o Vasco, River Plate-ARG e Boca Juniors-ARG.<\/p>\n<p>SAIBA MAIS<br \/>Entenda como ser\u00e1 constru\u00eddo o t\u00fanel entre Santos e Guaruj\u00e1 por baixo do mar<\/p>\n<h4 class=\"wp-block-heading\"><strong>FIQUE ON<\/strong><\/h4>\n<p>Fique ligado em tudo que acontece em Ribeir\u00e3o Preto e regi\u00e3o. Siga os perfis do <strong>acidade on <\/strong>no<a href=\"https:\/\/www.instagram.com\/acidadeonribeirao\" target=\"_blank\" rel=\"noreferrer noopener nofollow\"> Instagram<\/a> e no <a href=\"https:\/\/www.facebook.com\/acidadeonribeirao\" target=\"_blank\" rel=\"noreferrer noopener nofollow\">Facebook<\/a>.<\/p>\n<p>Receba not\u00edcias do<strong> acidade on <\/strong>no WhatsApp.<a href=\"https:\/\/chat.whatsapp.com\/GFH9HUMUTHNFJdnyEd0xxq\" target=\"_blank\" rel=\"noreferrer noopener nofollow\"> Para entrar no grupo, basta clicar aqui.<\/a><\/p>\n<p>Fa\u00e7a uma den\u00fancia ou sugira uma reportagem sobre Ribeir\u00e3o Preto e regi\u00e3o pelo WhatsApp: 16 99117 7802.<\/p>\n<p>VEJA TAMB\u00c9M<br \/>Ana Hickmann se pronuncia sobre boatos de gravidez<\/p>\n<p><!-- AI CONTENT END 1 -->\n<\/div>\n<\/div>\n<p><script async src=\"\/\/www.instagram.com\/embed.js\"><\/script><br \/>\n<br \/><br \/>\n<br \/><a href=\"https:\/\/www.acidadeon.com\/ribeiraopreto\/cotidiano\/leilao-do-hotel-brasil-em-ribeirao-preto-tem-nova-data-confira\/\">Source link <\/a><\/p>\n<div class='code-block code-block-4' style='margin: 8px auto 8px 0; text-align: left; display: block; clear: both;'>\n\ud83d\udce2 Aviso Legal\n\nO site ismaelcolosi.com.br atua apenas como um canal de divulga\u00e7\u00e3o de oportunidades de emprego e n\u00e3o se responsabiliza pelo processo seletivo, contrata\u00e7\u00e3o ou qualquer outra etapa relacionada \u00e0s vagas publicadas. Todas as informa\u00e7\u00f5es s\u00e3o de responsabilidade dos anunciantes.\n\n\u26a0\ufe0f Aten\u00e7\u00e3o! Nunca pague por promessas de emprego nem compre cursos que garantam contrata\u00e7\u00e3o. Desconfie de qualquer cobran\u00e7a para participar de sele\u00e7\u00f5es.\n\n\n\n<\/div>\n<!-- CONTENT END 1 -->\n","protected":false},"excerpt":{"rendered":"<p>A quarta tentativa do leil\u00e3o do Hotel Brasil, no Centro de Ribeir\u00e3o Preto, est\u00e1 marcado para o dia 25 de abril de 2024, a partir&#8230;<\/p>\n","protected":false},"author":1,"featured_media":42467,"comment_status":"open","ping_status":"open","sticky":false,"template":"","format":"standard","meta":{"_uag_custom_page_level_css":"","advanced_seo_description":"","jetpack_seo_html_title":"","jetpack_seo_noindex":false,"jetpack_post_was_ever_published":false,"_jetpack_newsletter_access":"","_jetpack_dont_email_post_to_subs":false,"_jetpack_newsletter_tier_id":0,"_jetpack_memberships_contains_paywalled_content":false,"_jetpack_memberships_contains_paid_content":false,"footnotes":"","jetpack_publicize_message":"","jetpack_publicize_feature_enabled":true,"jetpack_social_post_already_shared":true,"jetpack_social_options":{"image_generator_settings":{"template":"highway","default_image_id":0,"font":"","enabled":false},"version":2}},"categories":[11],"tags":[],"class_list":["post-42466","post","type-post","status-publish","format-standard","has-post-thumbnail","hentry","category-noticias-de-ribeirao-preto-sp-e-regiao-ismael-colosi"],"jetpack_publicize_connections":[],"jetpack_featured_media_url":"https:\/\/i0.wp.com\/ismaelcolosi.com.br\/wp-content\/uploads\/2024\/03\/hotel-brasil.jpg?fit=650%2C515&ssl=1","uagb_featured_image_src":{"full":["https:\/\/i0.wp.com\/ismaelcolosi.com.br\/wp-content\/uploads\/2024\/03\/hotel-brasil.jpg?fit=650%2C515&ssl=1",650,515,false],"thumbnail":["https:\/\/i0.wp.com\/ismaelcolosi.com.br\/wp-content\/uploads\/2024\/03\/hotel-brasil.jpg?resize=150%2C150&ssl=1",150,150,true],"medium":["https:\/\/i0.wp.com\/ismaelcolosi.com.br\/wp-content\/uploads\/2024\/03\/hotel-brasil.jpg?fit=300%2C238&ssl=1",300,238,true],"medium_large":["https:\/\/i0.wp.com\/ismaelcolosi.com.br\/wp-content\/uploads\/2024\/03\/hotel-brasil.jpg?fit=650%2C515&ssl=1",650,515,true],"large":["https:\/\/i0.wp.com\/ismaelcolosi.com.br\/wp-content\/uploads\/2024\/03\/hotel-brasil.jpg?fit=650%2C515&ssl=1",650,515,true],"1536x1536":["https:\/\/i0.wp.com\/ismaelcolosi.com.br\/wp-content\/uploads\/2024\/03\/hotel-brasil.jpg?fit=650%2C515&ssl=1",650,515,true],"2048x2048":["https:\/\/i0.wp.com\/ismaelcolosi.com.br\/wp-content\/uploads\/2024\/03\/hotel-brasil.jpg?fit=650%2C515&ssl=1",650,515,true],"really-simple-thumb":["https:\/\/i0.wp.com\/ismaelcolosi.com.br\/wp-content\/uploads\/2024\/03\/hotel-brasil.jpg?resize=370%2C247&ssl=1",370,247,true]},"uagb_author_info":{"display_name":"ismaelcolosi.com.br","author_link":"https:\/\/ismaelcolosi.com.br\/index.php\/author\/vidareal-online\/"},"uagb_comment_info":0,"uagb_excerpt":"A quarta tentativa do leil\u00e3o do Hotel Brasil, no Centro de Ribeir\u00e3o Preto, est\u00e1 marcado para o dia 25 de abril de 2024, a partir...","jetpack-related-posts":[{"id":32090,"url":"https:\/\/ismaelcolosi.com.br\/index.php\/2024\/01\/24\/saiba-o-resultado-do-leilao-do-hotel-brasil-em-ribeirao-preto\/","url_meta":{"origin":42466,"position":0},"title":"Saiba o resultado do leil\u00e3o do Hotel Brasil em Ribeir\u00e3o Preto","author":"ismaelcolosi.com.br","date":"24 de January de 2024","format":false,"excerpt":"Aconteceu nesta ter\u00e7a-feira (23) a terceira tentativa de venda do Hotel Brasil, no Centro de Ribeir\u00e3o Preto, por meio de leil\u00e3o. Contudo, nenhum interessado apresentou lances para arrematar o im\u00f3vel, avaliado em R$ 9.461.068,37. De acordo com a leiloeira, a pr\u00f3xima tentativa de leil\u00e3o do Hotel Brasil est\u00e1 marcada para\u2026","rel":"","context":"In &quot;Not\u00edcias de Ribeir\u00e3o Preto-SP e Regi\u00e3o&quot;","block_context":{"text":"Not\u00edcias de Ribeir\u00e3o Preto-SP e Regi\u00e3o","link":"https:\/\/ismaelcolosi.com.br\/index.php\/category\/noticias-de-ribeirao-preto-sp-e-regiao-ismael-colosi\/"},"img":{"alt_text":"","src":"https:\/\/i0.wp.com\/ismaelcolosi.com.br\/wp-content\/uploads\/2024\/01\/hotel-brasil.jpg?fit=650%2C515&ssl=1&resize=350%2C200","width":350,"height":200,"srcset":"https:\/\/i0.wp.com\/ismaelcolosi.com.br\/wp-content\/uploads\/2024\/01\/hotel-brasil.jpg?fit=650%2C515&ssl=1&resize=350%2C200 1x, https:\/\/i0.wp.com\/ismaelcolosi.com.br\/wp-content\/uploads\/2024\/01\/hotel-brasil.jpg?fit=650%2C515&ssl=1&resize=525%2C300 1.5x"},"classes":[]},{"id":37325,"url":"https:\/\/ismaelcolosi.com.br\/index.php\/2024\/02\/15\/hotel-historico-em-ribeirao-preto-volta-a-ser-leiloado-na-proxima-semana\/","url_meta":{"origin":42466,"position":1},"title":"Hotel hist\u00f3rico em Ribeir\u00e3o Preto volta a ser leiloado na pr\u00f3xima semana","author":"ismaelcolosi.com.br","date":"15 de February de 2024","format":false,"excerpt":"O Hotel Brasil, na regi\u00e3o Central de Ribeir\u00e3o Preto, vai voltar a ser leiloado na pr\u00f3xima semana. O novo leil\u00e3o est\u00e1 marcado para a pr\u00f3xima quarta-feira (21), a partir das 13h \u2013 os interessados podem conferir o edital clicando aqui. Essa ser\u00e1 a quarta tentativa de leiloar o im\u00f3vel, que\u2026","rel":"","context":"In &quot;Not\u00edcias de Ribeir\u00e3o Preto-SP e Regi\u00e3o&quot;","block_context":{"text":"Not\u00edcias de Ribeir\u00e3o Preto-SP e Regi\u00e3o","link":"https:\/\/ismaelcolosi.com.br\/index.php\/category\/noticias-de-ribeirao-preto-sp-e-regiao-ismael-colosi\/"},"img":{"alt_text":"","src":"https:\/\/i0.wp.com\/ismaelcolosi.com.br\/wp-content\/uploads\/2024\/02\/hotel-brasil.jpg?fit=650%2C515&ssl=1&resize=350%2C200","width":350,"height":200,"srcset":"https:\/\/i0.wp.com\/ismaelcolosi.com.br\/wp-content\/uploads\/2024\/02\/hotel-brasil.jpg?fit=650%2C515&ssl=1&resize=350%2C200 1x, https:\/\/i0.wp.com\/ismaelcolosi.com.br\/wp-content\/uploads\/2024\/02\/hotel-brasil.jpg?fit=650%2C515&ssl=1&resize=525%2C300 1.5x"},"classes":[]},{"id":56785,"url":"https:\/\/ismaelcolosi.com.br\/index.php\/2024\/07\/15\/hotel-brasil-no-centro-de-ribeirao-preto-vai-a-leilao-novamente-veja-quando\/","url_meta":{"origin":42466,"position":2},"title":"Hotel Brasil no Centro de Ribeir\u00e3o Preto vai a leil\u00e3o novamente; Veja quando","author":"ismaelcolosi.com.br","date":"15 de July de 2024","format":false,"excerpt":"O pr\u00e9dio e o terreno do antigo Hotel Brasil, no Centro de Ribeir\u00e3o Preto, v\u00e3o a leil\u00e3o novamente, \u00e0s 13h, desta ter\u00e7a-feira (16). O lance m\u00ednimo \u00e9 de R$ 9.461.068,37 e deve ser feito de forma on-line. No caso, de n\u00e3o haver lances, neste primeiro leil\u00e3o, ocorrer\u00e1 um segundo leil\u00e3o,\u2026","rel":"","context":"In &quot;Not\u00edcias de Ribeir\u00e3o Preto-SP e Regi\u00e3o&quot;","block_context":{"text":"Not\u00edcias de Ribeir\u00e3o Preto-SP e Regi\u00e3o","link":"https:\/\/ismaelcolosi.com.br\/index.php\/category\/noticias-de-ribeirao-preto-sp-e-regiao-ismael-colosi\/"},"img":{"alt_text":"","src":"https:\/\/i0.wp.com\/ismaelcolosi.com.br\/wp-content\/uploads\/2024\/07\/Copia-de-Copia-de-TAMANHO-EXATO-PARA-FOTOS-NO-SISTEMA-NOVO-19_2024-07-15_15-27-28_jpg_2024-07-15_15-27-28.webp.webp?fit=1200%2C675&ssl=1&resize=350%2C200","width":350,"height":200,"srcset":"https:\/\/i0.wp.com\/ismaelcolosi.com.br\/wp-content\/uploads\/2024\/07\/Copia-de-Copia-de-TAMANHO-EXATO-PARA-FOTOS-NO-SISTEMA-NOVO-19_2024-07-15_15-27-28_jpg_2024-07-15_15-27-28.webp.webp?fit=1200%2C675&ssl=1&resize=350%2C200 1x, https:\/\/i0.wp.com\/ismaelcolosi.com.br\/wp-content\/uploads\/2024\/07\/Copia-de-Copia-de-TAMANHO-EXATO-PARA-FOTOS-NO-SISTEMA-NOVO-19_2024-07-15_15-27-28_jpg_2024-07-15_15-27-28.webp.webp?fit=1200%2C675&ssl=1&resize=525%2C300 1.5x, https:\/\/i0.wp.com\/ismaelcolosi.com.br\/wp-content\/uploads\/2024\/07\/Copia-de-Copia-de-TAMANHO-EXATO-PARA-FOTOS-NO-SISTEMA-NOVO-19_2024-07-15_15-27-28_jpg_2024-07-15_15-27-28.webp.webp?fit=1200%2C675&ssl=1&resize=700%2C400 2x, https:\/\/i0.wp.com\/ismaelcolosi.com.br\/wp-content\/uploads\/2024\/07\/Copia-de-Copia-de-TAMANHO-EXATO-PARA-FOTOS-NO-SISTEMA-NOVO-19_2024-07-15_15-27-28_jpg_2024-07-15_15-27-28.webp.webp?fit=1200%2C675&ssl=1&resize=1050%2C600 3x"},"classes":[]},{"id":12841,"url":"https:\/\/ismaelcolosi.com.br\/index.php\/2023\/12\/08\/justica-de-ribeirao-pede-que-brasileira-envolvida-em-escandalo-seja-procurada-pela-interpol\/","url_meta":{"origin":42466,"position":3},"title":"Justi\u00e7a de Ribeir\u00e3o pede que brasileira envolvida em esc\u00e2ndalo seja procurada pela Interpol","author":"ismaelcolosi.com.br","date":"8 de December de 2023","format":false,"excerpt":"O juiz Giovani Augusto Serra Azul Guimar\u00e3es, da 1\u00aa Vara do J\u00fari e das Execu\u00e7\u00f5es Criminais de Ribeir\u00e3o Preto, pediu que a brasileira Aline Fernanda de Siqueira Maschietto, seja inclu\u00edda na lista de procurados da Interpol. Aline \u00e9 investigada por uma tentativa de assassinato na cidade e se envolveu em\u2026","rel":"","context":"In &quot;Not\u00edcias de Ribeir\u00e3o Preto-SP e Regi\u00e3o&quot;","block_context":{"text":"Not\u00edcias de Ribeir\u00e3o Preto-SP e Regi\u00e3o","link":"https:\/\/ismaelcolosi.com.br\/index.php\/category\/noticias-de-ribeirao-preto-sp-e-regiao-ismael-colosi\/"},"img":{"alt_text":"","src":"https:\/\/i0.wp.com\/ismaelcolosi.com.br\/wp-content\/uploads\/2023\/12\/aline-maschietto-2.jpg?fit=1200%2C712&ssl=1&resize=350%2C200","width":350,"height":200,"srcset":"https:\/\/i0.wp.com\/ismaelcolosi.com.br\/wp-content\/uploads\/2023\/12\/aline-maschietto-2.jpg?fit=1200%2C712&ssl=1&resize=350%2C200 1x, https:\/\/i0.wp.com\/ismaelcolosi.com.br\/wp-content\/uploads\/2023\/12\/aline-maschietto-2.jpg?fit=1200%2C712&ssl=1&resize=525%2C300 1.5x, https:\/\/i0.wp.com\/ismaelcolosi.com.br\/wp-content\/uploads\/2023\/12\/aline-maschietto-2.jpg?fit=1200%2C712&ssl=1&resize=700%2C400 2x, https:\/\/i0.wp.com\/ismaelcolosi.com.br\/wp-content\/uploads\/2023\/12\/aline-maschietto-2.jpg?fit=1200%2C712&ssl=1&resize=1050%2C600 3x"},"classes":[]},{"id":12720,"url":"https:\/\/ismaelcolosi.com.br\/index.php\/2023\/12\/08\/veja-qual-foi-o-resultado-do-leilao-de-clube-tradicional-de-ribeirao-preto\/","url_meta":{"origin":42466,"position":4},"title":"Veja qual foi o resultado do leil\u00e3o de clube tradicional de Ribeir\u00e3o Preto","author":"ismaelcolosi.com.br","date":"8 de December de 2023","format":false,"excerpt":"A sede cidade da Sociedade Recreativa e de Esportes de Ribeir\u00e3o Preto, a Recra, foi novamente a leil\u00e3o na \u00faltima quinta-feira (7) e, de acordo com o leiloeiro JudHastas, o leil\u00e3o do im\u00f3vel n\u00e3o recebeu lances e, por isso, n\u00e3o foi vendido. O clube, que fica na avenida Nove de\u2026","rel":"","context":"In &quot;Not\u00edcias de Ribeir\u00e3o Preto-SP e Regi\u00e3o&quot;","block_context":{"text":"Not\u00edcias de Ribeir\u00e3o Preto-SP e Regi\u00e3o","link":"https:\/\/ismaelcolosi.com.br\/index.php\/category\/noticias-de-ribeirao-preto-sp-e-regiao-ismael-colosi\/"},"img":{"alt_text":"","src":"https:\/\/i0.wp.com\/ismaelcolosi.com.br\/wp-content\/uploads\/2023\/12\/recreativa.jpg?fit=767%2C480&ssl=1&resize=350%2C200","width":350,"height":200,"srcset":"https:\/\/i0.wp.com\/ismaelcolosi.com.br\/wp-content\/uploads\/2023\/12\/recreativa.jpg?fit=767%2C480&ssl=1&resize=350%2C200 1x, https:\/\/i0.wp.com\/ismaelcolosi.com.br\/wp-content\/uploads\/2023\/12\/recreativa.jpg?fit=767%2C480&ssl=1&resize=525%2C300 1.5x, https:\/\/i0.wp.com\/ismaelcolosi.com.br\/wp-content\/uploads\/2023\/12\/recreativa.jpg?fit=767%2C480&ssl=1&resize=700%2C400 2x"},"classes":[]},{"id":32009,"url":"https:\/\/ismaelcolosi.com.br\/index.php\/2024\/01\/23\/leilao-do-hotel-brasil-nao-teve-lances\/","url_meta":{"origin":42466,"position":5},"title":"Leil\u00e3o do Hotel Brasil n\u00e3o teve lances","author":"ismaelcolosi.com.br","date":"23 de January de 2024","format":false,"excerpt":"O pr\u00e9dio do antigo Hotel Brasil, localizado na esquina da avenida Jer\u00f4nimo Gon\u00e7alves com a rua General Os\u00f3rio, na regi\u00e3o da Baixada, Centro Velho de Ribeir\u00e3o Preto, foi a leil\u00e3o pela terceira vez nesta ter\u00e7a-feira, 23 de janeiro. Ningu\u00e9m deu lances. Foi a terceira tentativa de leiloar o im\u00f3vel. As\u2026","rel":"","context":"In &quot;Not\u00edcias de Ribeir\u00e3o Preto-SP e Regi\u00e3o&quot;","block_context":{"text":"Not\u00edcias de Ribeir\u00e3o Preto-SP e Regi\u00e3o","link":"https:\/\/ismaelcolosi.com.br\/index.php\/category\/noticias-de-ribeirao-preto-sp-e-regiao-ismael-colosi\/"},"img":{"alt_text":"","src":"https:\/\/i0.wp.com\/ismaelcolosi.com.br\/wp-content\/uploads\/2024\/01\/hbrasil.jpg?fit=960%2C640&ssl=1&resize=350%2C200","width":350,"height":200,"srcset":"https:\/\/i0.wp.com\/ismaelcolosi.com.br\/wp-content\/uploads\/2024\/01\/hbrasil.jpg?fit=960%2C640&ssl=1&resize=350%2C200 1x, https:\/\/i0.wp.com\/ismaelcolosi.com.br\/wp-content\/uploads\/2024\/01\/hbrasil.jpg?fit=960%2C640&ssl=1&resize=525%2C300 1.5x, https:\/\/i0.wp.com\/ismaelcolosi.com.br\/wp-content\/uploads\/2024\/01\/hbrasil.jpg?fit=960%2C640&ssl=1&resize=700%2C400 2x"},"classes":[]}],"jetpack_sharing_enabled":true,"jetpack_shortlink":"https:\/\/wp.me\/pfMlyK-b2W","_links":{"self":[{"href":"https:\/\/ismaelcolosi.com.br\/index.php\/wp-json\/wp\/v2\/posts\/42466","targetHints":{"allow":["GET"]}}],"collection":[{"href":"https:\/\/ismaelcolosi.com.br\/index.php\/wp-json\/wp\/v2\/posts"}],"about":[{"href":"https:\/\/ismaelcolosi.com.br\/index.php\/wp-json\/wp\/v2\/types\/post"}],"author":[{"embeddable":true,"href":"https:\/\/ismaelcolosi.com.br\/index.php\/wp-json\/wp\/v2\/users\/1"}],"replies":[{"embeddable":true,"href":"https:\/\/ismaelcolosi.com.br\/index.php\/wp-json\/wp\/v2\/comments?post=42466"}],"version-history":[{"count":0,"href":"https:\/\/ismaelcolosi.com.br\/index.php\/wp-json\/wp\/v2\/posts\/42466\/revisions"}],"wp:featuredmedia":[{"embeddable":true,"href":"https:\/\/ismaelcolosi.com.br\/index.php\/wp-json\/wp\/v2\/media\/42467"}],"wp:attachment":[{"href":"https:\/\/ismaelcolosi.com.br\/index.php\/wp-json\/wp\/v2\/media?parent=42466"}],"wp:term":[{"taxonomy":"category","embeddable":true,"href":"https:\/\/ismaelcolosi.com.br\/index.php\/wp-json\/wp\/v2\/categories?post=42466"},{"taxonomy":"post_tag","embeddable":true,"href":"https:\/\/ismaelcolosi.com.br\/index.php\/wp-json\/wp\/v2\/tags?post=42466"}],"curies":[{"name":"wp","href":"https:\/\/api.w.org\/{rel}","templated":true}]}}