{"id":42354,"date":"2024-03-14T09:33:55","date_gmt":"2024-03-14T12:33:55","guid":{"rendered":"https:\/\/ismaelcolosi.com.br\/index.php\/2024\/03\/14\/paulo-fiorilo-quer-psicologos-e-assistentes-sociais-nas-escolas-de-sp\/"},"modified":"2024-03-14T09:33:55","modified_gmt":"2024-03-14T12:33:55","slug":"paulo-fiorilo-quer-psicologos-e-assistentes-sociais-nas-escolas-de-sp","status":"publish","type":"post","link":"https:\/\/ismaelcolosi.com.br\/index.php\/2024\/03\/14\/paulo-fiorilo-quer-psicologos-e-assistentes-sociais-nas-escolas-de-sp\/","title":{"rendered":"Paulo Fiorilo quer psic\u00f3logos e assistentes sociais nas escolas de SP"},"content":{"rendered":"<p> <br \/>\n<\/p>\n<div id=\"\">\n<p> <span class=\"entry-meta-item penci-posted-on\"><i class=\"fa fa-clock-o\"\/><time class=\"entry-date published\" datetime=\"2024-03-14T09:30:42-03:00\">14 de mar\u00e7o de 2024 | 9:30<\/time><time class=\"updated\" datetime=\"2024-03-13T20:09:20-03:00\">13 de mar\u00e7o de 2024 | 20:09<\/time><\/span><\/p>\n<p> <span class=\"penci-social-buttons penci-social-share-footer\"><a href=\"#\" class=\"penci-post-like penci_post-meta_item  single-like-button penci-social-item like\" data-post_id=\"377300\" title=\"Like\" data-like=\"Like\" data-unlike=\"Unlike\"><i class=\"fa fa-thumbs-o-up\"\/><span class=\"penci-share-number\">0<\/span><\/a><i class=\"fa fa-facebook\"\/><a class=\"penci-social-item twitter\" target=\"_blank\" rel=\"noopener\" title=\"\" href=\"https:\/\/twitter.com\/intent\/tweet?text=Paulo%20Fiorilo%20quer%20psic\u00f3logos%20e%20assistentes%20sociais%20nas%20escolas%20de%20SP%20-%20https:\/\/www.tribunaribeirao.com.br\/site\/paulo-fiorilo-quer-psicologos-e-assistentes-sociais-nas-escolas-de-sp\/\"><i class=\"fa fa-twitter\"\/><\/a><i class=\"fa fa-whatsapp\"\/><\/span><\/div>\n<div>\n<p>O deputado Paulo Fiorilo (PT), estar\u00e1 em Ribeir\u00e3o Preto s\u00e1bado, dia 16, \u00e0s 20 horas, para participar de v\u00e1rias atividades e visitas a entidades, entre elas, debater com representantes da educa\u00e7\u00e3o seu projeto de lei, aprovado na Alesp-Assembleia Legislativa de S\u00e3o Paulo-, que autoriza a contrata\u00e7\u00e3o de psic\u00f3logos e assistentes sociais nas escolas, por meio de presta\u00e7\u00e3o de servi\u00e7o, bem como medidas preventivas e efetivas por parte das autoridades para que epis\u00f3dios de viol\u00eancia nas unidades paulistas n\u00e3o voltem a acontecer.<\/p><div class='code-block code-block-8' style='margin: 8px auto; text-align: center; display: block; clear: both;'>\n<script>\n  atOptions = {\n    'key' : '66e2e2111ca34da796271819fc334058',\n    'format' : 'iframe',\n    'height' : 250,\n    'width' : 300,\n    'params' : {}\n  };\n<\/script>\n<script src=\"https:\/\/www.highperformanceformat.com\/66e2e2111ca34da796271819fc334058\/invoke.js\"><\/script>\n<\/div>\n\n<p>Apesar de aprovado na Alesp, o projeto foi vetado pelo governador de S\u00e3o Paulo, Tarc\u00edsio de Freitas (Republicanos). Tarc\u00edsio justificou a decis\u00e3o, dizendo que sua gest\u00e3o j\u00e1 desenvolve um programa que emprega estes profissionais para atender unidades em todas as regi\u00f5es do estado. A contrata\u00e7\u00e3o de psic\u00f3logos para as escolas estaduais foi anunciada em mar\u00e7o do ano passado, ap\u00f3s a\u00a0<a href=\"https:\/\/cpp.org.br\/ataque-em-escola-deixa-vitima-fatal-em-sao-paulo\/\">morte da professora Elisabete Tenreiro<\/a>\u00a0durante um ataque \u00e0 Escola Estadual Thomazia Montoro, na Vila S\u00f4nia, zona oeste da capital.<\/p>\n<p>A mat\u00e9ria determina que a rede p\u00fablica de educa\u00e7\u00e3o b\u00e1sica do sistema de ensino da Secretaria de Educa\u00e7\u00e3o do Estado de S\u00e3o Paulo dispor\u00e1 de servi\u00e7os de Psicologia e de Servi\u00e7o Social.<\/p>\n<p><em>\u201cEles v\u00e3o assegurar o direito de acesso e de perman\u00eancia na escola, garantir condi\u00e7\u00f5es de pleno desenvolvimento do estudante, atuar em processos de ingresso, regresso, perman\u00eancia e conclus\u00e3o dos estudos do estudante, ampliar e fortalecer a participa\u00e7\u00e3o familiar e comunit\u00e1ria em projetos oferecidos pelo sistema de ensino, entre outros assuntos. Esses profissionais s\u00e3o muito necess\u00e1rios\u201d,<\/em> garantiu Fiorilo, que continua debatendo e defendendo essas contrata\u00e7\u00f5es.<\/p>\n<p><strong>Servi\u00e7o<\/strong>: Deputado Paulo Fiorilo (PT-SP)<\/p>\n<p>Dia 16\/03, \u00e0s 20 horas<\/p>\n<p>Local: Olivia Rodini Luiz, 153- Cidade Universit\u00e1ria<\/p>\n<p>17 horas- Visita o Instituto Plural de Educa\u00e7\u00e3o e Cidadania Vila Bela- Rua Cerqueira C\u00e9sar, 1094, centro<\/p>\n<p>\u00a0<\/p>\n<p>\u00a0<\/p>\n<\/div>\n<p><script async src=\"\/\/platform.twitter.com\/widgets.js\" charset=\"utf-8\"><\/script><br \/>\n<br \/><br \/>\n<br \/><a href=\"https:\/\/www.tribunaribeirao.com.br\/site\/paulo-fiorilo-quer-psicologos-e-assistentes-sociais-nas-escolas-de-sp\/\">Source link <\/a><\/p>\n<div class='code-block code-block-4' style='margin: 8px auto 8px 0; text-align: left; display: block; clear: both;'>\n\ud83d\udce2 Aviso Legal\n\nO site ismaelcolosi.com.br atua apenas como um canal de divulga\u00e7\u00e3o de oportunidades de emprego e n\u00e3o se responsabiliza pelo processo seletivo, contrata\u00e7\u00e3o ou qualquer outra etapa relacionada \u00e0s vagas publicadas. Todas as informa\u00e7\u00f5es s\u00e3o de responsabilidade dos anunciantes.\n\n\u26a0\ufe0f Aten\u00e7\u00e3o! Nunca pague por promessas de emprego nem compre cursos que garantam contrata\u00e7\u00e3o. Desconfie de qualquer cobran\u00e7a para participar de sele\u00e7\u00f5es.\n\n\n\n<\/div>\n<!-- CONTENT END 1 -->\n","protected":false},"excerpt":{"rendered":"<p>14 de mar\u00e7o de 2024 | 9:3013 de mar\u00e7o de 2024 | 20:09 0 O deputado Paulo Fiorilo (PT), estar\u00e1 em Ribeir\u00e3o Preto s\u00e1bado, dia&#8230;<\/p>\n","protected":false},"author":1,"featured_media":42355,"comment_status":"open","ping_status":"open","sticky":false,"template":"","format":"standard","meta":{"_uag_custom_page_level_css":"","advanced_seo_description":"","jetpack_seo_html_title":"","jetpack_seo_noindex":false,"jetpack_post_was_ever_published":false,"_jetpack_newsletter_access":"","_jetpack_dont_email_post_to_subs":false,"_jetpack_newsletter_tier_id":0,"_jetpack_memberships_contains_paywalled_content":false,"_jetpack_memberships_contains_paid_content":false,"footnotes":"","jetpack_publicize_message":"","jetpack_publicize_feature_enabled":true,"jetpack_social_post_already_shared":true,"jetpack_social_options":{"image_generator_settings":{"template":"highway","default_image_id":0,"font":"","enabled":false},"version":2}},"categories":[11],"tags":[5004,590,5002,104,161,5003,796,2956],"class_list":["post-42354","post","type-post","status-publish","format-standard","has-post-thumbnail","hentry","category-noticias-de-ribeirao-preto-sp-e-regiao-ismael-colosi","tag-assistentes","tag-escolas","tag-fiorilo","tag-nas","tag-paulo","tag-psicologos","tag-quer","tag-sociais"],"jetpack_publicize_connections":[],"jetpack_featured_media_url":"https:\/\/i0.wp.com\/ismaelcolosi.com.br\/wp-content\/uploads\/2024\/03\/aba98197-5f7d-499b-950d-8bf68b659c74-scaled.jpg?fit=1000%2C480&ssl=1","uagb_featured_image_src":{"full":["https:\/\/i0.wp.com\/ismaelcolosi.com.br\/wp-content\/uploads\/2024\/03\/aba98197-5f7d-499b-950d-8bf68b659c74-scaled.jpg?fit=1000%2C480&ssl=1",1000,480,false],"thumbnail":["https:\/\/i0.wp.com\/ismaelcolosi.com.br\/wp-content\/uploads\/2024\/03\/aba98197-5f7d-499b-950d-8bf68b659c74-scaled.jpg?resize=150%2C150&ssl=1",150,150,true],"medium":["https:\/\/i0.wp.com\/ismaelcolosi.com.br\/wp-content\/uploads\/2024\/03\/aba98197-5f7d-499b-950d-8bf68b659c74-scaled.jpg?fit=300%2C144&ssl=1",300,144,true],"medium_large":["https:\/\/i0.wp.com\/ismaelcolosi.com.br\/wp-content\/uploads\/2024\/03\/aba98197-5f7d-499b-950d-8bf68b659c74-scaled.jpg?fit=768%2C369&ssl=1",768,369,true],"large":["https:\/\/i0.wp.com\/ismaelcolosi.com.br\/wp-content\/uploads\/2024\/03\/aba98197-5f7d-499b-950d-8bf68b659c74-scaled.jpg?fit=1000%2C480&ssl=1",1000,480,true],"1536x1536":["https:\/\/i0.wp.com\/ismaelcolosi.com.br\/wp-content\/uploads\/2024\/03\/aba98197-5f7d-499b-950d-8bf68b659c74-scaled.jpg?fit=1000%2C480&ssl=1",1000,480,true],"2048x2048":["https:\/\/i0.wp.com\/ismaelcolosi.com.br\/wp-content\/uploads\/2024\/03\/aba98197-5f7d-499b-950d-8bf68b659c74-scaled.jpg?fit=1000%2C480&ssl=1",1000,480,true],"really-simple-thumb":["https:\/\/i0.wp.com\/ismaelcolosi.com.br\/wp-content\/uploads\/2024\/03\/aba98197-5f7d-499b-950d-8bf68b659c74-scaled.jpg?resize=370%2C247&ssl=1",370,247,true]},"uagb_author_info":{"display_name":"ismaelcolosi.com.br","author_link":"https:\/\/ismaelcolosi.com.br\/index.php\/author\/vidareal-online\/"},"uagb_comment_info":0,"uagb_excerpt":"14 de mar\u00e7o de 2024 | 9:3013 de mar\u00e7o de 2024 | 20:09 0 O deputado Paulo Fiorilo (PT), estar\u00e1 em Ribeir\u00e3o Preto s\u00e1bado, dia...","jetpack-related-posts":[{"id":41799,"url":"https:\/\/ismaelcolosi.com.br\/index.php\/2024\/03\/11\/inss-faz-mutirao-de-avaliacao-para-reabilitacao-profissional\/","url_meta":{"origin":42354,"position":0},"title":"INSS faz mutir\u00e3o de avalia\u00e7\u00e3o para reabilita\u00e7\u00e3o profissional","author":"ismaelcolosi.com.br","date":"11 de March de 2024","format":false,"excerpt":"11 de mar\u00e7o de 2024 | 13:0011 de mar\u00e7o de 2024 | 11:12 0O Instituto Nacional do Seguro Social (INSS) far\u00e1 uma semana de mutir\u00e3o de reabilita\u00e7\u00e3o profissional a partir desta segunda-feira (11). As equipes das superintend\u00eancias regionais do INSS far\u00e3o o contato com os segurados que est\u00e3o na fila\u2026","rel":"","context":"In &quot;Not\u00edcias de Ribeir\u00e3o Preto-SP e Regi\u00e3o&quot;","block_context":{"text":"Not\u00edcias de Ribeir\u00e3o Preto-SP e Regi\u00e3o","link":"https:\/\/ismaelcolosi.com.br\/index.php\/category\/noticias-de-ribeirao-preto-sp-e-regiao-ismael-colosi\/"},"img":{"alt_text":"","src":"https:\/\/i0.wp.com\/ismaelcolosi.com.br\/wp-content\/uploads\/2024\/03\/previdencia_socialsantos_fc2108200891inss-scaled.jpg?fit=1000%2C598&ssl=1&resize=350%2C200","width":350,"height":200,"srcset":"https:\/\/i0.wp.com\/ismaelcolosi.com.br\/wp-content\/uploads\/2024\/03\/previdencia_socialsantos_fc2108200891inss-scaled.jpg?fit=1000%2C598&ssl=1&resize=350%2C200 1x, https:\/\/i0.wp.com\/ismaelcolosi.com.br\/wp-content\/uploads\/2024\/03\/previdencia_socialsantos_fc2108200891inss-scaled.jpg?fit=1000%2C598&ssl=1&resize=525%2C300 1.5x, https:\/\/i0.wp.com\/ismaelcolosi.com.br\/wp-content\/uploads\/2024\/03\/previdencia_socialsantos_fc2108200891inss-scaled.jpg?fit=1000%2C598&ssl=1&resize=700%2C400 2x"},"classes":[]},{"id":41498,"url":"https:\/\/ismaelcolosi.com.br\/index.php\/2024\/03\/08\/sp-retoma-escola-civico-militar\/","url_meta":{"origin":42354,"position":1},"title":"SP retoma escola c\u00edvico-militar \u00a0","author":"ismaelcolosi.com.br","date":"8 de March de 2024","format":false,"excerpt":"8 de mar\u00e7o de 2024 | 15:007 de mar\u00e7o de 2024 | 20:45 0O governador Tarc\u00edsio de Freitas (Republicanos) enviou para a Assembleia Legislativa de S\u00e3o Paulo (Alesp), nesta quinta-feira, 7 de mar\u00e7o, o projeto de lei que prev\u00ea a cria\u00e7\u00e3o do Programa Escola C\u00edvico-Militar. Se aprovado, o programa ser\u00e1\u2026","rel":"","context":"In &quot;Not\u00edcias de Ribeir\u00e3o Preto-SP e Regi\u00e3o&quot;","block_context":{"text":"Not\u00edcias de Ribeir\u00e3o Preto-SP e Regi\u00e3o","link":"https:\/\/ismaelcolosi.com.br\/index.php\/category\/noticias-de-ribeirao-preto-sp-e-regiao-ismael-colosi\/"},"img":{"alt_text":"","src":"https:\/\/i0.wp.com\/ismaelcolosi.com.br\/wp-content\/uploads\/2024\/03\/Civico-Monica-Andrade-Governo-de-Sao-Paulo-scaled.jpg?fit=966%2C645&ssl=1&resize=350%2C200","width":350,"height":200,"srcset":"https:\/\/i0.wp.com\/ismaelcolosi.com.br\/wp-content\/uploads\/2024\/03\/Civico-Monica-Andrade-Governo-de-Sao-Paulo-scaled.jpg?fit=966%2C645&ssl=1&resize=350%2C200 1x, https:\/\/i0.wp.com\/ismaelcolosi.com.br\/wp-content\/uploads\/2024\/03\/Civico-Monica-Andrade-Governo-de-Sao-Paulo-scaled.jpg?fit=966%2C645&ssl=1&resize=525%2C300 1.5x, https:\/\/i0.wp.com\/ismaelcolosi.com.br\/wp-content\/uploads\/2024\/03\/Civico-Monica-Andrade-Governo-de-Sao-Paulo-scaled.jpg?fit=966%2C645&ssl=1&resize=700%2C400 2x"},"classes":[]},{"id":89891,"url":"https:\/\/ismaelcolosi.com.br\/index.php\/2026\/04\/17\/vaga-auxiliar-de-cuidador-social\/","url_meta":{"origin":42354,"position":2},"title":"Vaga: Auxiliar de Cuidador Social\u00a0","author":"ismaelcolosi.com.br","date":"17 de April de 2026","format":false,"excerpt":"Algumas das fun\u00e7\u00f5es do Auxiliar de Cuidador Social O Auxiliar de Cuidador Social desempenha um papel fundamental no apoio \u00e0s crian\u00e7as e adolescentes em servi\u00e7os de acolhimento. Aqui est\u00e3o algumas das principais responsabilidades dessa fun\u00e7\u00e3o: \u00a0 Principais Atividades: Apoio ao Cuidador Social: Auxiliar o cuidador social nas atividades di\u00e1rias de\u2026","rel":"","context":"In &quot;Blog&quot;","block_context":{"text":"Blog","link":"https:\/\/ismaelcolosi.com.br\/index.php\/category\/blog\/"},"img":{"alt_text":"A compassionate volunteer wearing a face mask interacts with a community member outdoors, symbolizing social good.","src":"https:\/\/i0.wp.com\/ismaelcolosi.com.br\/wp-content\/uploads\/2026\/04\/pexels-photo-6646978-6646978-scaled.jpg?fit=1200%2C800&ssl=1&resize=350%2C200","width":350,"height":200,"srcset":"https:\/\/i0.wp.com\/ismaelcolosi.com.br\/wp-content\/uploads\/2026\/04\/pexels-photo-6646978-6646978-scaled.jpg?fit=1200%2C800&ssl=1&resize=350%2C200 1x, https:\/\/i0.wp.com\/ismaelcolosi.com.br\/wp-content\/uploads\/2026\/04\/pexels-photo-6646978-6646978-scaled.jpg?fit=1200%2C800&ssl=1&resize=525%2C300 1.5x, https:\/\/i0.wp.com\/ismaelcolosi.com.br\/wp-content\/uploads\/2026\/04\/pexels-photo-6646978-6646978-scaled.jpg?fit=1200%2C800&ssl=1&resize=700%2C400 2x, https:\/\/i0.wp.com\/ismaelcolosi.com.br\/wp-content\/uploads\/2026\/04\/pexels-photo-6646978-6646978-scaled.jpg?fit=1200%2C800&ssl=1&resize=1050%2C600 3x"},"classes":[]},{"id":59611,"url":"https:\/\/ismaelcolosi.com.br\/index.php\/2024\/08\/09\/governo-de-sp-decreta-luto-de-tres-dias-por-causa-de-acidente-aereo-no-interior\/","url_meta":{"origin":42354,"position":3},"title":"Governo de SP decreta luto de tr\u00eas dias por causa de acidente a\u00e9reo no interior","author":"ismaelcolosi.com.br","date":"9 de August de 2024","format":false,"excerpt":"O governador do Estado de S\u00e3o Paulo, Tarc\u00edsio de Freitas, decretou luto de tr\u00eas dias em homenagem \u00e0s v\u00edtimas do acidente a\u00e9reo em Vinhedo, no interior de S\u00e3o Paulo, nesta sexta-feira (9). O avi\u00e3o era da Voepass, antiga Passaredo, empresa que tem sede em Ribeir\u00e3o Preto. Conforme anunciado anteriormente pelo\u2026","rel":"","context":"In &quot;Not\u00edcias de Ribeir\u00e3o Preto-SP e Regi\u00e3o&quot;","block_context":{"text":"Not\u00edcias de Ribeir\u00e3o Preto-SP e Regi\u00e3o","link":"https:\/\/ismaelcolosi.com.br\/index.php\/category\/noticias-de-ribeirao-preto-sp-e-regiao-ismael-colosi\/"},"img":{"alt_text":"","src":"https:\/\/i0.wp.com\/ismaelcolosi.com.br\/wp-content\/uploads\/2024\/08\/denny_cesare_codigo_19_272915_2024-08-09_21-14-55_jpg_2024-08-09_21-14-55-1068x712-1_2024-08-09_23-42-09.webp.webp?fit=1068%2C712&ssl=1&resize=350%2C200","width":350,"height":200,"srcset":"https:\/\/i0.wp.com\/ismaelcolosi.com.br\/wp-content\/uploads\/2024\/08\/denny_cesare_codigo_19_272915_2024-08-09_21-14-55_jpg_2024-08-09_21-14-55-1068x712-1_2024-08-09_23-42-09.webp.webp?fit=1068%2C712&ssl=1&resize=350%2C200 1x, https:\/\/i0.wp.com\/ismaelcolosi.com.br\/wp-content\/uploads\/2024\/08\/denny_cesare_codigo_19_272915_2024-08-09_21-14-55_jpg_2024-08-09_21-14-55-1068x712-1_2024-08-09_23-42-09.webp.webp?fit=1068%2C712&ssl=1&resize=525%2C300 1.5x, https:\/\/i0.wp.com\/ismaelcolosi.com.br\/wp-content\/uploads\/2024\/08\/denny_cesare_codigo_19_272915_2024-08-09_21-14-55_jpg_2024-08-09_21-14-55-1068x712-1_2024-08-09_23-42-09.webp.webp?fit=1068%2C712&ssl=1&resize=700%2C400 2x, https:\/\/i0.wp.com\/ismaelcolosi.com.br\/wp-content\/uploads\/2024\/08\/denny_cesare_codigo_19_272915_2024-08-09_21-14-55_jpg_2024-08-09_21-14-55-1068x712-1_2024-08-09_23-42-09.webp.webp?fit=1068%2C712&ssl=1&resize=1050%2C600 3x"},"classes":[]},{"id":59613,"url":"https:\/\/ismaelcolosi.com.br\/index.php\/2024\/08\/09\/governo-de-sp-decreta-luto-de-tres-dias-por-causa-de-acidente-aereo-no-interior-2\/","url_meta":{"origin":42354,"position":4},"title":"Governo de SP decreta luto de tr\u00eas dias por causa de acidente a\u00e9reo no interior","author":"ismaelcolosi.com.br","date":"9 de August de 2024","format":false,"excerpt":"O governador do Estado de S\u00e3o Paulo, Tarc\u00edsio de Freitas, decretou luto de tr\u00eas dias em homenagem \u00e0s v\u00edtimas do acidente a\u00e9reo em Vinhedo, no interior de S\u00e3o Paulo, nesta sexta-feira (9). O avi\u00e3o era da Voepass, antiga Passaredo, empresa que tem sede em Ribeir\u00e3o Preto. Conforme anunciado anteriormente pelo\u2026","rel":"","context":"In &quot;Not\u00edcias de Ribeir\u00e3o Preto-SP e Regi\u00e3o&quot;","block_context":{"text":"Not\u00edcias de Ribeir\u00e3o Preto-SP e Regi\u00e3o","link":"https:\/\/ismaelcolosi.com.br\/index.php\/category\/noticias-de-ribeirao-preto-sp-e-regiao-ismael-colosi\/"},"img":{"alt_text":"","src":"https:\/\/i0.wp.com\/ismaelcolosi.com.br\/wp-content\/uploads\/2024\/08\/denny_cesare_codigo_19_272915_2024-08-09_21-14-55_jpg_2024-08-09_21-14-55-1068x712-1_2024-08-09_23-42-09.webp.webp?fit=1068%2C712&ssl=1&resize=350%2C200","width":350,"height":200,"srcset":"https:\/\/i0.wp.com\/ismaelcolosi.com.br\/wp-content\/uploads\/2024\/08\/denny_cesare_codigo_19_272915_2024-08-09_21-14-55_jpg_2024-08-09_21-14-55-1068x712-1_2024-08-09_23-42-09.webp.webp?fit=1068%2C712&ssl=1&resize=350%2C200 1x, https:\/\/i0.wp.com\/ismaelcolosi.com.br\/wp-content\/uploads\/2024\/08\/denny_cesare_codigo_19_272915_2024-08-09_21-14-55_jpg_2024-08-09_21-14-55-1068x712-1_2024-08-09_23-42-09.webp.webp?fit=1068%2C712&ssl=1&resize=525%2C300 1.5x, https:\/\/i0.wp.com\/ismaelcolosi.com.br\/wp-content\/uploads\/2024\/08\/denny_cesare_codigo_19_272915_2024-08-09_21-14-55_jpg_2024-08-09_21-14-55-1068x712-1_2024-08-09_23-42-09.webp.webp?fit=1068%2C712&ssl=1&resize=700%2C400 2x, https:\/\/i0.wp.com\/ismaelcolosi.com.br\/wp-content\/uploads\/2024\/08\/denny_cesare_codigo_19_272915_2024-08-09_21-14-55_jpg_2024-08-09_21-14-55-1068x712-1_2024-08-09_23-42-09.webp.webp?fit=1068%2C712&ssl=1&resize=1050%2C600 3x"},"classes":[]},{"id":74164,"url":"https:\/\/ismaelcolosi.com.br\/index.php\/2024\/10\/30\/provao-paulista-comeca-hoje-no-estado\/","url_meta":{"origin":42354,"position":5},"title":"Prov\u00e3o Paulista come\u00e7a hoje no estado\u00a0","author":"ismaelcolosi.com.br","date":"30 de October de 2024","format":false,"excerpt":"Nesta quarta (30) e na quinta-feira, 31 de outubro, participam do Prov\u00e3o Paulista estudantes matriculados na terceira s\u00e9rie do Ensino M\u00e9dio e Integrado das Escolas Estaduais da Secretaria da Educa\u00e7\u00e3o (Seduc-SP), das Escolas T\u00e9cnicas Estaduais (Etecs) do Centro Paula Souza (CPS) e de outras redes p\u00fablicas de S\u00e3o Paulo e\u2026","rel":"","context":"In &quot;Not\u00edcias de Ribeir\u00e3o Preto-SP e Regi\u00e3o&quot;","block_context":{"text":"Not\u00edcias de Ribeir\u00e3o Preto-SP e Regi\u00e3o","link":"https:\/\/ismaelcolosi.com.br\/index.php\/category\/noticias-de-ribeirao-preto-sp-e-regiao-ismael-colosi\/"},"img":{"alt_text":"","src":"https:\/\/i0.wp.com\/ismaelcolosi.com.br\/wp-content\/uploads\/2024\/10\/ProvaoSP-Seduc-SP-Divulgacao-scaled.jpg?fit=750%2C500&ssl=1&resize=350%2C200","width":350,"height":200,"srcset":"https:\/\/i0.wp.com\/ismaelcolosi.com.br\/wp-content\/uploads\/2024\/10\/ProvaoSP-Seduc-SP-Divulgacao-scaled.jpg?fit=750%2C500&ssl=1&resize=350%2C200 1x, https:\/\/i0.wp.com\/ismaelcolosi.com.br\/wp-content\/uploads\/2024\/10\/ProvaoSP-Seduc-SP-Divulgacao-scaled.jpg?fit=750%2C500&ssl=1&resize=525%2C300 1.5x, https:\/\/i0.wp.com\/ismaelcolosi.com.br\/wp-content\/uploads\/2024\/10\/ProvaoSP-Seduc-SP-Divulgacao-scaled.jpg?fit=750%2C500&ssl=1&resize=700%2C400 2x"},"classes":[]}],"jetpack_sharing_enabled":true,"jetpack_shortlink":"https:\/\/wp.me\/pfMlyK-b18","_links":{"self":[{"href":"https:\/\/ismaelcolosi.com.br\/index.php\/wp-json\/wp\/v2\/posts\/42354","targetHints":{"allow":["GET"]}}],"collection":[{"href":"https:\/\/ismaelcolosi.com.br\/index.php\/wp-json\/wp\/v2\/posts"}],"about":[{"href":"https:\/\/ismaelcolosi.com.br\/index.php\/wp-json\/wp\/v2\/types\/post"}],"author":[{"embeddable":true,"href":"https:\/\/ismaelcolosi.com.br\/index.php\/wp-json\/wp\/v2\/users\/1"}],"replies":[{"embeddable":true,"href":"https:\/\/ismaelcolosi.com.br\/index.php\/wp-json\/wp\/v2\/comments?post=42354"}],"version-history":[{"count":0,"href":"https:\/\/ismaelcolosi.com.br\/index.php\/wp-json\/wp\/v2\/posts\/42354\/revisions"}],"wp:featuredmedia":[{"embeddable":true,"href":"https:\/\/ismaelcolosi.com.br\/index.php\/wp-json\/wp\/v2\/media\/42355"}],"wp:attachment":[{"href":"https:\/\/ismaelcolosi.com.br\/index.php\/wp-json\/wp\/v2\/media?parent=42354"}],"wp:term":[{"taxonomy":"category","embeddable":true,"href":"https:\/\/ismaelcolosi.com.br\/index.php\/wp-json\/wp\/v2\/categories?post=42354"},{"taxonomy":"post_tag","embeddable":true,"href":"https:\/\/ismaelcolosi.com.br\/index.php\/wp-json\/wp\/v2\/tags?post=42354"}],"curies":[{"name":"wp","href":"https:\/\/api.w.org\/{rel}","templated":true}]}}