{"id":42338,"date":"2024-03-14T01:13:09","date_gmt":"2024-03-14T04:13:09","guid":{"rendered":"https:\/\/ismaelcolosi.com.br\/index.php\/2024\/03\/14\/55-cursos-online-gratuitos-da-fgv-sem-processo-seletivo\/"},"modified":"2024-03-14T01:13:09","modified_gmt":"2024-03-14T04:13:09","slug":"55-cursos-online-gratuitos-da-fgv-sem-processo-seletivo","status":"publish","type":"post","link":"https:\/\/ismaelcolosi.com.br\/index.php\/2024\/03\/14\/55-cursos-online-gratuitos-da-fgv-sem-processo-seletivo\/","title":{"rendered":"55 cursos online gratuitos da FGV sem processo seletivo"},"content":{"rendered":"<p> <br \/>\n<\/p>\n<div>\n<h2>A FGV liberou 55 cursos online gratuitos e voc\u00ea pode fazer sem processo seletivo e sem sair de casa: conta com certificado<\/h2>\n<p>A FGV (Funda\u00e7\u00e3o Getulio Vargas), foi a primeira institui\u00e7\u00e3o brasileira a ser membro do\u00a0<strong>OEC \u2013\u00a0Open Education Consortium<\/strong>, um cons\u00f3rcio de institui\u00e7\u00f5es de ensino de diversos pa\u00edses que oferecem conte\u00fados e materiais did\u00e1ticos sem custo, pela internet.\u00a0Membro desde julho de 2008, o FGV Online venceu, em 2011, a primeira edi\u00e7\u00e3o do\u00a0<strong>OCW People\u2019s Choice Awards\u00a0<\/strong>\u2013 premia\u00e7\u00e3o para as melhores iniciativas dentro do cons\u00f3rcio \u2013, na categoria de programas mais inovadores e de vanguarda. A institui\u00e7\u00e3o tamb\u00e9m\u00a0\u00e9 uma das melhores faculdades do Brasil\u00a0e \u00e9 uma \u00f3tima oportunidade para voc\u00ea aprender durante o Coronavirus.<\/p>\n<p>E liberou 55\u00a0<strong><span style=\"color: #008080;\">cursos<\/span><\/strong>\u00a0totalmente gratuitos em sua plataforma de ensino online. Se voc\u00ea quer impulsionar sua carreira e carimbar mais conhecimentos no curr\u00edculo, aproveite esta oportunidade.<\/p>\n<p>Todos os cursos t\u00eam certifica\u00e7\u00e3o ao final, \u00e9 uma excelente forma de dar um UP no curr\u00edculo e ainda gerar horas complementares na faculdade. Ap\u00f3s ser aprovado, o pr\u00f3prio estudante emite o documento via web.<\/p>\n<p>Com a pandemia do Coronavirus no Brasil, a metodologia de ensino a dist\u00e2ncia se torna a \u00fanica forma segura de\u00a0continuar estudando, al\u00e9m de contar com toda a flexibilidade\u00a0em rela\u00e7\u00e3o ao tempo di\u00e1rio de estudo.<\/p>\n<p>Abaixo est\u00e3o listados os cursos, para acessar \u00e9 s\u00f3 clicar:<\/p>\n<h2>Cursos Online Gratuitos FGV<\/h2>\n<ol>\n<li><strong><span style=\"color: #008080;\"><a style=\"color: #008080;\" href=\"https:\/\/educacao-executiva.fgv.br\/cursos\/online\/curta-media-duracao-online\/analise-introdutoria-de-credito-e-risco-de-credito\" target=\"_blank\" rel=\"noopener noreferrer\">An\u00e1lise introdut\u00f3ria de cr\u00e9dito e risco de cr\u00e9dito<\/a><\/span><\/strong><\/li>\n<li><strong><span style=\"color: #008080;\"><a style=\"color: #008080;\" href=\"https:\/\/educacao-executiva.fgv.br\/cursos\/online\/curta-media-duracao-online\/apresentacao-do-sistema-tributario-nacional\" target=\"_blank\" rel=\"noopener noreferrer\">Apresenta\u00e7\u00e3o do sistema tribut\u00e1rio nacional<\/a><\/span><\/strong><\/li>\n<li><strong><span style=\"color: #008080;\"><a style=\"color: #008080;\" href=\"https:\/\/educacao-executiva.fgv.br\/cursos\/online\/curta-media-duracao-online\/aspectos-mercadologicos-na-gestao-de-precos-conceitos-fundamentais\" target=\"_blank\" rel=\"noopener noreferrer\">Aspectos mercadol\u00f3gicos na gest\u00e3o de Pre\u00e7os: conceitos fundamentais<\/a><\/span><\/strong><\/li>\n<li><strong><span style=\"color: #008080;\"><a style=\"color: #008080;\" href=\"https:\/\/educacao-executiva.fgv.br\/cursos\/online\/curta-media-duracao-online\/bases-conceituais-dos-modelos-de-gestao\" target=\"_blank\" rel=\"noopener noreferrer\">Bases conceituais dos modelos de gest\u00e3o<\/a><\/span><\/strong><\/li>\n<li><strong><span style=\"color: #008080;\"><a style=\"color: #008080;\" href=\"https:\/\/educacao-executiva.fgv.br\/cursos\/online\/curta-media-duracao-online\/bsc-introducao-criacao-e-execucao-da-estrategia\" target=\"_blank\" rel=\"noopener noreferrer\">BSC: introdu\u00e7\u00e3o \u00e0 cria\u00e7\u00e3o e execu\u00e7\u00e3o da estrat\u00e9gia<\/a><\/span><\/strong><\/li>\n<li><strong><span style=\"color: #008080;\"><a style=\"color: #008080;\" href=\"https:\/\/educacao-executiva.fgv.br\/cursos\/online\/curta-media-duracao-online\/calculo-financeiro-basico-para-administracao-financeira\" target=\"_blank\" rel=\"noopener noreferrer\">C\u00e1lculo financeiro b\u00e1sico para administra\u00e7\u00e3o financeira<\/a><\/span><\/strong><\/li>\n<li><strong><span style=\"color: #008080;\"><a style=\"color: #008080;\" href=\"https:\/\/educacao-executiva.fgv.br\/cursos\/online\/curta-media-duracao-online\/como-fazer-investimentos-1\" target=\"_blank\" rel=\"noopener noreferrer\">Como fazer investimentos 1<\/a><\/span><\/strong><\/li>\n<li><strong><span style=\"color: #008080;\"><a style=\"color: #008080;\" href=\"https:\/\/educacao-executiva.fgv.br\/cursos\/online\/curta-media-duracao-online\/como-fazer-investimentos-2\" target=\"_blank\" rel=\"noopener noreferrer\">Como fazer investimentos 2<\/a><\/span><\/strong><\/li>\n<li><strong><span style=\"color: #008080;\"><a style=\"color: #008080;\" href=\"https:\/\/educacao-executiva.fgv.br\/cursos\/online\/curta-media-duracao-online\/como-gastar-conscientemente\" target=\"_blank\" rel=\"noopener noreferrer\">Como Gastar Conscientemente<\/a><\/span><\/strong><\/li>\n<li><strong><span style=\"color: #008080;\"><a style=\"color: #008080;\" href=\"https:\/\/educacao-executiva.fgv.br\/cursos\/online\/curta-media-duracao-online\/como-organizar-o-orcamento-familiar\" target=\"_blank\" rel=\"noopener noreferrer\">Como organizar o or\u00e7amento familiar<\/a><\/span><\/strong><\/li>\n<li><strong><span style=\"color: #008080;\"><a style=\"color: #008080;\" href=\"https:\/\/educacao-executiva.fgv.br\/cursos\/online\/curta-media-duracao-online\/como-planejar-aposentadoria\" target=\"_blank\" rel=\"noopener noreferrer\">Como planejar a aposentadoria<\/a><\/span><\/strong><\/li>\n<li><strong><span style=\"color: #008080;\"><a style=\"color: #008080;\" href=\"https:\/\/educacao-executiva.fgv.br\/cursos\/online\/curta-media-duracao-online\/conceitos-basicos-de-matematica-financeira\" target=\"_blank\" rel=\"noopener noreferrer\">Conceitos b\u00e1sicos de matem\u00e1tica financeira<\/a><\/span><\/strong><\/li>\n<li><strong><span style=\"color: #008080;\"><a style=\"color: #008080;\" href=\"https:\/\/educacao-executiva.fgv.br\/cursos\/online\/curta-media-duracao-online\/contexto-e-importancia-dos-recursos-humanos\" target=\"_blank\" rel=\"noopener noreferrer\">Contexto e Import\u00e2ncia dos Recursos Humanos<\/a><\/span><\/strong><\/li>\n<li><strong><span style=\"color: #008080;\"><a style=\"color: #008080;\" href=\"https:\/\/educacao-executiva.fgv.br\/cursos\/online\/curta-media-duracao-online\/contratos-negociacoes-preliminares\" target=\"_blank\" rel=\"noopener noreferrer\">Contratos: negocia\u00e7\u00f5es preliminares<\/a><\/span><\/strong><\/li>\n<li><strong><span style=\"color: #008080;\"><a style=\"color: #008080;\" href=\"https:\/\/educacao-executiva.fgv.br\/cursos\/online\/curta-media-duracao-online\/definicoes-e-objetivos-da-gestao-de-projetos\" target=\"_blank\" rel=\"noopener noreferrer\">Defini\u00e7\u00f5es e objetivos da gest\u00e3o de projetos<\/a><\/span><\/strong><\/li>\n<li><strong><span style=\"color: #008080;\"><a style=\"color: #008080;\" href=\"https:\/\/educacao-executiva.fgv.br\/cursos\/online\/curta-media-duracao-online\/direito-de-familia\" target=\"_blank\" rel=\"noopener noreferrer\">Direito de Fam\u00edlia<\/a><\/span><\/strong><\/li>\n<li><strong><span style=\"color: #008080;\"><a style=\"color: #008080;\" href=\"https:\/\/educacao-executiva.fgv.br\/cursos\/online\/curta-media-duracao-online\/direito-e-esporte\" target=\"_blank\" rel=\"noopener noreferrer\">Direito e Esporte<\/a><\/span><\/strong><\/li>\n<li><strong><span style=\"color: #008080;\"><a style=\"color: #008080;\" href=\"https:\/\/educacao-executiva.fgv.br\/cursos\/online\/curta-media-duracao-online\/etica-empresarial\" target=\"_blank\" rel=\"noopener noreferrer\">\u00c9tica Empresarial<\/a><\/span><\/strong><\/li>\n<li><strong><span style=\"color: #008080;\"><a style=\"color: #008080;\" href=\"https:\/\/educacao-executiva.fgv.br\/cursos\/online\/curta-media-duracao-online\/etica-empresarial-1\" target=\"_blank\" rel=\"noopener noreferrer\">\u00c9tica Empresarial (espanhol)<\/a><\/span><\/strong><\/li>\n<li><strong><span style=\"color: #008080;\"><a style=\"color: #008080;\" href=\"https:\/\/educacao-executiva.fgv.br\/cursos\/online\/curta-media-duracao-online\/formacao-docente-para-professores-de-direito\" target=\"_blank\" rel=\"noopener noreferrer\">Forma\u00e7\u00e3o Docente para Professores de Direito<\/a><\/span><\/strong><\/li>\n<li><strong><span style=\"color: #008080;\"><a style=\"color: #008080;\" href=\"https:\/\/educacao-executiva.fgv.br\/cursos\/online\/curta-media-duracao-online\/fundamentos-da-gestao-de-custos\" target=\"_blank\" rel=\"noopener noreferrer\">Fundamentos da Gest\u00e3o de Custos<\/a><\/span><\/strong><\/li>\n<li><strong><span style=\"color: #008080;\"><a style=\"color: #008080;\" href=\"https:\/\/educacao-executiva.fgv.br\/cursos\/online\/curta-media-duracao-online\/fundamentos-da-gestao-de-ti-1\" target=\"_blank\" rel=\"noopener noreferrer\">Fundamentos da Gest\u00e3o de TI<\/a><\/span><\/strong><\/li>\n<li><strong><span style=\"color: #008080;\"><a style=\"color: #008080;\" href=\"https:\/\/educacao-executiva.fgv.br\/cursos\/online\/curta-media-duracao-online\/fundamentos-das-relacoes-internacionais\" target=\"_blank\" rel=\"noopener noreferrer\">Fundamentos das Rela\u00e7\u00f5es Internacionais<\/a><\/span><\/strong><\/li>\n<li><strong><span style=\"color: #008080;\"><a style=\"color: #008080;\" href=\"https:\/\/educacao-executiva.fgv.br\/cursos\/online\/curta-media-duracao-online\/fundamentos-de-administracao-financeira\" target=\"_blank\" rel=\"noopener noreferrer\">Fundamentos de Administra\u00e7\u00e3o Financeira<\/a><\/span><\/strong><\/li>\n<li><strong><span style=\"color: #008080;\"><a style=\"color: #008080;\" href=\"https:\/\/educacao-executiva.fgv.br\/cursos\/online\/curta-media-duracao-online\/fundamentos-de-financas\" target=\"_blank\" rel=\"noopener noreferrer\">Fundamentos de Finan\u00e7as<\/a><\/span><\/strong><\/li>\n<li><strong><span style=\"color: #008080;\"><a style=\"color: #008080;\" href=\"https:\/\/educacao-executiva.fgv.br\/cursos\/online\/curta-media-duracao-online\/fundamentos-de-marketing\" target=\"_blank\" rel=\"noopener noreferrer\">Fundamentos de Marketing<\/a><\/span><\/strong><\/li>\n<li><strong><span style=\"color: #008080;\"><a style=\"color: #008080;\" href=\"https:\/\/educacao-executiva.fgv.br\/cursos\/online\/curta-media-duracao-online\/gestao-de-vendas-nocoes-basicas-de-criacao-de-estrategia\" target=\"_blank\" rel=\"noopener noreferrer\">Gest\u00e3o de vendas: no\u00e7\u00f5es b\u00e1sica de cria\u00e7\u00e3o de estrat\u00e9gia<\/a><\/span><\/strong><\/li>\n<li><strong><span style=\"color: #008080;\"><a style=\"color: #008080;\" href=\"https:\/\/educacao-executiva.fgv.br\/cursos\/online\/curta-media-duracao-online\/gestao-e-lideranca-conceitos-basicos-da-funcao-gerencial\" target=\"_blank\" rel=\"noopener noreferrer\">Gest\u00e3o e lideran\u00e7a: conceitos b\u00e1sicos da fun\u00e7\u00e3o gerencial<\/a><\/span><\/strong><\/li>\n<li><strong><span style=\"color: #008080;\"><a style=\"color: #008080;\" href=\"https:\/\/educacao-executiva.fgv.br\/cursos\/online\/curta-media-duracao-online\/imagem-e-direitos-na-web\" target=\"_blank\" rel=\"noopener noreferrer\">Imagem e Direitos na Web<\/a><\/span><\/strong><\/li>\n<li><strong><span style=\"color: #008080;\"><a style=\"color: #008080;\" href=\"https:\/\/educacao-executiva.fgv.br\/cursos\/online\/curta-media-duracao-online\/impacto-da-ti-nos-negocios\" target=\"_blank\" rel=\"noopener noreferrer\">Impacto da TI nos neg\u00f3cios<\/a><\/span><\/strong><\/li>\n<li><strong><span style=\"color: #008080;\"><a style=\"color: #008080;\" href=\"https:\/\/educacao-executiva.fgv.br\/cursos\/online\/curta-media-duracao-online\/introducao-administracao-estrategica\" target=\"_blank\" rel=\"noopener noreferrer\">Introdu\u00e7\u00e3o \u00e0 Administra\u00e7\u00e3o Estrat\u00e9gica<\/a><\/span><\/strong><\/li>\n<li><strong><span style=\"color: #008080;\"><a style=\"color: #008080;\" href=\"https:\/\/educacao-executiva.fgv.br\/cursos\/online\/curta-media-duracao-online\/introducao-comunicacao-institucional\" target=\"_blank\" rel=\"noopener noreferrer\">Introdu\u00e7\u00e3o \u00e0 comunica\u00e7\u00e3o institucional<\/a><\/span><\/strong><\/li>\n<li><strong><span style=\"color: #008080;\"><a style=\"color: #008080;\" href=\"https:\/\/educacao-executiva.fgv.br\/cursos\/online\/curta-media-duracao-online\/introducao-comunicacao-na-era-digital\" target=\"_blank\" rel=\"noopener noreferrer\">Introdu\u00e7\u00e3o \u00e0 comunica\u00e7\u00e3o na era digital<\/a><\/span><\/strong><\/li>\n<li><strong><span style=\"color: #008080;\"><a style=\"color: #008080;\" href=\"https:\/\/educacao-executiva.fgv.br\/cursos\/online\/curta-media-duracao-online\/introducao-controladoria\" target=\"_blank\" rel=\"noopener noreferrer\">Introdu\u00e7\u00e3o \u00e0 controladoria<\/a><\/span><\/strong><\/li>\n<li><strong><span style=\"color: #008080;\"><a style=\"color: #008080;\" href=\"https:\/\/educacao-executiva.fgv.br\/cursos\/online\/curta-media-duracao-online\/introducao-financas-sistema-financeiro-e-geracao-de-valor\" target=\"_blank\" rel=\"noopener noreferrer\">Introdu\u00e7\u00e3o a finan\u00e7as: sistema financeiro e gera\u00e7\u00e3o de valor<\/a><\/span><\/strong><\/li>\n<li><strong><span style=\"color: #008080;\"><a style=\"color: #008080;\" href=\"https:\/\/educacao-executiva.fgv.br\/cursos\/online\/curta-media-duracao-online\/introducao-gestao-de-recursos-humanos\" target=\"_blank\" rel=\"noopener noreferrer\">Introdu\u00e7\u00e3o \u00e0 gest\u00e3o de recursos humanos<\/a><\/span><\/strong><\/li>\n<li><strong><span style=\"color: #008080;\"><a style=\"color: #008080;\" href=\"https:\/\/educacao-executiva.fgv.br\/cursos\/online\/curta-media-duracao-online\/introducao-gestao-de-servicos-com-foco-no-envelhecimento\" target=\"_blank\" rel=\"noopener noreferrer\">Introdu\u00e7\u00e3o \u00e0 Gest\u00e3o de Servi\u00e7os com Foco no Envelhecimento<\/a><\/span><\/strong><\/li>\n<li><strong><span style=\"color: #008080;\"><a style=\"color: #008080;\" href=\"https:\/\/educacao-executiva.fgv.br\/cursos\/online\/curta-media-duracao-online\/introducao-gestao-financeira-internacional\" target=\"_blank\" rel=\"noopener noreferrer\">Introdu\u00e7\u00e3o \u00e0 Gest\u00e3o Financeira Internacional\u00a0<\/a><\/span><\/strong><\/li>\n<li><strong><span style=\"color: #008080;\"><a style=\"color: #008080;\" href=\"https:\/\/educacao-executiva.fgv.br\/cursos\/online\/curta-media-duracao-online\/introducao-negociacao\" target=\"_blank\" rel=\"noopener noreferrer\">Introdu\u00e7\u00e3o \u00e0 negocia\u00e7\u00e3o<\/a><\/span><\/strong><\/li>\n<li><strong><span style=\"color: #008080;\"><a style=\"color: #008080;\" href=\"https:\/\/educacao-executiva.fgv.br\/cursos\/online\/curta-media-duracao-online\/introducao-precificacao-e-comportamento-da-demanda\" target=\"_blank\" rel=\"noopener noreferrer\">Introdu\u00e7\u00e3o a Precifica\u00e7\u00e3o e Comportamento da Demanda\u00a0<\/a><\/span><\/strong><\/li>\n<li><strong><span style=\"color: #008080;\"><a style=\"color: #008080;\" href=\"https:\/\/educacao-executiva.fgv.br\/cursos\/online\/curta-media-duracao-online\/introducao-ao-direito-imobiliario-1\" target=\"_blank\" rel=\"noopener noreferrer\">Introdu\u00e7\u00e3o ao Direito Imobili\u00e1rio<\/a><\/span><\/strong><\/li>\n<li><strong><span style=\"color: #008080;\"><a style=\"color: #008080;\" href=\"https:\/\/educacao-executiva.fgv.br\/cursos\/online\/curta-media-duracao-online\/introducao-ao-estudo-de-mercado-e-produtos\" target=\"_blank\" rel=\"noopener noreferrer\">Introdu\u00e7\u00e3o ao estudo de mercado e produtos<\/a><\/span><\/strong><\/li>\n<li><strong><span style=\"color: #008080;\"><a style=\"color: #008080;\" href=\"https:\/\/educacao-executiva.fgv.br\/cursos\/online\/curta-media-duracao-online\/introducao-ao-tema-da-lideranca\" target=\"_blank\" rel=\"noopener noreferrer\">Introdu\u00e7\u00e3o ao tema da lideran\u00e7a<\/a><\/span><\/strong><\/li>\n<li><strong><span style=\"color: #008080;\"><a style=\"color: #008080;\" href=\"https:\/\/educacao-executiva.fgv.br\/cursos\/online\/curta-media-duracao-online\/introducao-aos-sistemas-de-informacao-em-marketing\" target=\"_blank\" rel=\"noopener noreferrer\">Introdu\u00e7\u00e3o aos sistemas de informa\u00e7\u00e3o em marketing<\/a><\/span><\/strong><\/li>\n<li><strong><span style=\"color: #008080;\"><a style=\"color: #008080;\" href=\"https:\/\/educacao-executiva.fgv.br\/cursos\/online\/curta-media-duracao-online\/introducao-relacoes-de-consumo-e-aos-direitos-basicos\" target=\"_blank\" rel=\"noopener noreferrer\">Introdu\u00e7\u00e3o \u00e0s rela\u00e7\u00f5es de consumo e aos direitos b\u00e1sicos<\/a><\/span><\/strong><\/li>\n<li><strong><span style=\"color: #008080;\"><a style=\"color: #008080;\" href=\"https:\/\/educacao-executiva.fgv.br\/cursos\/online\/curta-media-duracao-online\/introduccion-la-administracion-estrategica\" target=\"_blank\" rel=\"noopener noreferrer\">Introducci\u00f3n a la Administraci\u00f3n Estrat\u00e9gica (espanhol)<\/a><\/span><\/strong><\/li>\n<li><strong><span style=\"color: #008080;\"><a style=\"color: #008080;\" href=\"https:\/\/educacao-executiva.fgv.br\/cursos\/online\/curta-media-duracao-online\/lideranca-e-gestao-participativa-na-escola\" target=\"_blank\" rel=\"noopener noreferrer\">Lideran\u00e7a e Gest\u00e3o Participativa na Escola<\/a><\/span><\/strong><\/li>\n<li><strong><span style=\"color: #008080;\"><a style=\"color: #008080;\" href=\"https:\/\/educacao-executiva.fgv.br\/cursos\/online\/curta-media-duracao-online\/marketing-de-servicos-economia-caracteristicas-e-classificacao\" target=\"_blank\" rel=\"noopener noreferrer\">Marketing de servi\u00e7os: economia, caracter\u00edsticas e classifica\u00e7\u00e3o<\/a><\/span><\/strong><\/li>\n<li><strong><span style=\"color: #008080;\"><a style=\"color: #008080;\" href=\"https:\/\/educacao-executiva.fgv.br\/cursos\/online\/curta-media-duracao-online\/motivacao-nas-organizacoes\" target=\"_blank\" rel=\"noopener noreferrer\">Motiva\u00e7\u00e3o nas Organiza\u00e7\u00f5es<\/a><\/span><\/strong><\/li>\n<li><strong><span style=\"color: #008080;\"><a style=\"color: #008080;\" href=\"https:\/\/educacao-executiva.fgv.br\/cursos\/online\/curta-media-duracao-online\/motivacion-en-las-organizaciones\" target=\"_blank\" rel=\"noopener noreferrer\">Motivaci\u00f3n en las Organizaciones (espanhol)<\/a><\/span><\/strong><\/li>\n<li><strong><span style=\"color: #008080;\"><a style=\"color: #008080;\" href=\"https:\/\/educacao-executiva.fgv.br\/cursos\/online\/curta-media-duracao-online\/normas-anticorrupcao-antissuborno-e-compliance-publico\" target=\"_blank\" rel=\"noopener noreferrer\">Normas anticorrup\u00e7\u00e3o, antissuborno e compliance p\u00fablico<\/a><\/span><\/strong><\/li>\n<li><strong><span style=\"color: #008080;\"><a style=\"color: #008080;\" href=\"https:\/\/educacao-executiva.fgv.br\/cursos\/online\/curta-media-duracao-online\/participacao-e-concentracao-de-mercado-aspectos-introdutorios-1\" target=\"_blank\" rel=\"noopener noreferrer\">Participa\u00e7\u00e3o e concentra\u00e7\u00e3o de mercado: aspectos introdut\u00f3rios<\/a><\/span><\/strong><\/li>\n<li><strong><span style=\"color: #008080;\"><a style=\"color: #008080;\" href=\"https:\/\/educacao-executiva.fgv.br\/cursos\/online\/curta-media-duracao-online\/planejamento-do-gerenciamento-e-identificacao-de-riscos-em-projetos\" target=\"_blank\" rel=\"noopener noreferrer\">Planejamento do gerenciamento e identifica\u00e7\u00e3o de riscos em projetos<\/a><\/span><\/strong><\/li>\n<li><strong><span style=\"color: #008080;\"><a style=\"color: #008080;\" href=\"https:\/\/educacao-executiva.fgv.br\/cursos\/online\/curta-media-duracao-online\/planejamento-e-estrategia-para-gestao-escolar\" target=\"_blank\" rel=\"noopener noreferrer\">Planejamento e Estrat\u00e9gia para Gest\u00e3o Escolar<\/a><\/span><\/strong><\/li>\n<li><strong><span style=\"color: #008080;\"><a style=\"color: #008080;\" href=\"https:\/\/educacao-executiva.fgv.br\/cursos\/online\/curta-media-duracao-online\/produto-e-mercado-conceitos-e-pilares-do-marketing\" target=\"_blank\" rel=\"noopener noreferrer\">Produto e mercado: Conceitos e Pilares do Marketing<\/a><\/span><\/strong><\/li>\n<\/ol>\n<h2>Sobre a FGV<\/h2>\n<p>A Funda\u00e7\u00e3o Get\u00falio Vargas (FGV) \u00e9 uma institui\u00e7\u00e3o brasileira privada de ensino superior, fundada em 20 de dezembro de 1944 com primeiro objetivo de preparar pessoal qualificado para a administra\u00e7\u00e3o p\u00fablica e privada do pa\u00eds. Tem sede na cidade do Rio de Janeiro.<\/p>\n<p>No ano de\u00a02016, foi considerada uma das 10 melhores think tanks do mundo, ocupando o 9\u00ba lugar, e conquistou a lideran\u00e7a na Am\u00e9rica Latina pelo oitavo ano consecutivo, de acordo com o\u00a02016 Global Go To Think Tank Index Report, produzido pela Universidade da Pensilv\u00e2nia (EUA).<\/p>\n<p>A estrutura acad\u00eamica da FGV \u00e9 composta por Escolas e Institutos, com grande tradi\u00e7\u00e3o e intensa produ\u00e7\u00e3o intelectual:<\/p>\n<h2>Escolas da Funda\u00e7\u00e3o Get\u00falio Vargas<\/h2>\n<p>A FGV tamb\u00e9m\u00a0oferece cursos de gradua\u00e7\u00e3o e p\u00f3s-gradua\u00e7\u00e3o, como mestrado profissional, mestrado acad\u00eamico e doutorado\u00a0nas \u00e1reas de administra\u00e7\u00e3o p\u00fablica, administra\u00e7\u00e3o de empresas, economia, direito, ci\u00eancias sociais, matem\u00e1tica aplicada, ci\u00eancia de dados e rela\u00e7\u00f5es Internacionais, e sua sede fica no Rio de Janeiro, com filiais em Bras\u00edlia e em S\u00e3o Paulo.<\/p>\n<p>E \u00e9 L\u00edder na cria\u00e7\u00e3o e no aperfei\u00e7oamento de ideias que contribuem para o desenvolvimento nacional, a FGV investe e estimula a pesquisa acad\u00eamica, o que tem resultado em uma produ\u00e7\u00e3o de relev\u00e2ncia, reconhecida nacional e internacionalmente. Os temas abrangem a macro e microeconomia, finan\u00e7as, direito, sa\u00fade, previd\u00eancia social, pobreza e desemprego, polui\u00e7\u00e3o e desenvolvimento sustent\u00e1vel. Tamb\u00e9m s\u00e3o mantidos programas de pesquisa em hist\u00f3ria, ci\u00eancias sociais, educa\u00e7\u00e3o, justi\u00e7a, cidadania e pol\u00edtica<\/p>\n<h2>Cursos online gratuitos da USP oferecidos pelo Veduca<\/h2>\n<p>O Veduca \u00e9 um site que j\u00e1 ultrapassou mais de 3 milh\u00f5es de alunos e oferece cursos online\u00a0gratuitos com professores da USP\u00a0e profissionais de mercado. S\u00e3o cursos que far\u00e3o a diferen\u00e7a na sua carreira, pois combinam conceitos fundamentais dos mais diferentes assuntos com exemplos pr\u00e1ticos e depoimentos.<\/p>\n<ol>&#13;<\/p>\n<li><strong>Fundamentos da Administra\u00e7\u00e3o:<\/strong>\u00a0voc\u00ea ir\u00e1 aprender conceitos e metodologias para colocar na pr\u00e1tica o melhor da fun\u00e7\u00e3o administrativa, planejamento, organiza\u00e7\u00e3o, dire\u00e7\u00e3o e controle, casos de sucesso no Brasil, no mundo e muito mais.<\/li>\n<p>&#13;<\/p>\n<li><strong>Gest\u00e3o de Projetos:<\/strong>\u00a0nesse curso, voc\u00ea aprender\u00e1 gest\u00e3o de stakeholders. Como administrar o escopo de um projeto. M\u00e9todos de an\u00e1lise de um projeto. Como fazer um planejamento excelente.<\/li>\n<p>&#13;<\/p>\n<li><strong>Engenharia Econ\u00f4mica:<\/strong>\u00a0voc\u00ea ir\u00e1 aprender sobre juros.Taxa de mercado. Dinheiro no tempo. Sistema de amortiza\u00e7\u00e3o de financiamento. Payback e VPL. Taxa interna de retorno.Op\u00e7\u00f5es e fechamento. Estimativa do custo de capital. Modelando um projeto de gera\u00e7\u00e3o de energia e\u00f3lica.<\/li>\n<p>&#13;<\/p>\n<li><strong>Gest\u00e3o da Inova\u00e7\u00e3o:<\/strong>\u00a0voc\u00ea aprender\u00e1 sobre o\u00a0que \u00e9 inova\u00e7\u00e3o, princ\u00edpios da criatividade, financiamento de ideias, lean startup, gerenciamento de incertezas.<\/li>\n<p>&#13;<\/p>\n<li><strong>Desenvolvimento de Produtos e Servi\u00e7os:\u00a0<\/strong>A cria\u00e7\u00e3o de um novo produto ou servi\u00e7o requer estrat\u00e9gia, organiza\u00e7\u00e3o e planejamento. Saiba neste curso quais as etapas, atividades e m\u00e9todos para desenvolver novos produtos e servi\u00e7os desde a sua concep\u00e7\u00e3o at\u00e9 o primeiro contato com o cliente.<\/li>\n<p>&#13;<\/p>\n<li><strong>Eletromagnetismo:<\/strong>\u00a0O curso online gratuito compreende os conceitos b\u00e1sicos de eletromagnetismo, o conceito de cargas e de como elas interagem entre si, o movimento de carga denominado corrente el\u00e9trica, as leis b\u00e1sicas da corrente el\u00e9trica, o circuito onde elas percorrem e o conceito de magnetismo. O objetivo do curso \u00e9 mostrar a conex\u00e3o entre a eletricidade e o magnetismo em uma unifica\u00e7\u00e3o atrav\u00e9s das equa\u00e7\u00f5es de Maxwell.<\/li>\n<p>&#13;<\/p>\n<li><strong>F\u00edsica B\u00e1sica:<\/strong>\u00a0O curso online de F\u00edsica B\u00e1sica, ministrado pelo professor doutor Vanderlei Salvador Bagnato, traz um estudo te\u00f3rico e pr\u00e1tico sobre o movimento, as leis de Newton, energia, a evolu\u00e7\u00e3o no tempo e seus deslocamentos sob a a\u00e7\u00e3o de for\u00e7as e seus efeitos subsequentes sobre seu ambiente. O curso traz uma vis\u00e3o aprofundada e precisa, com descri\u00e7\u00e3o das fun\u00e7\u00f5es matem\u00e1ticas da f\u00edsica, seu prop\u00f3sito e aplica\u00e7\u00e3o, com exemplos trazidos do mundo real.<\/li>\n<p>&#13;<\/p>\n<li><strong>Gest\u00e3o Ambiental:<\/strong>\u00a0Conhec\u0327a os fundamentos que orientam a implementac\u0327a\u0303o de poli\u0301ticas de meio ambiente e sistemas de gesta\u0303o ambiental no contexto da gesta\u0303o da sustentabilidade empresarial. Entenda como acontecem as relac\u0327o\u0303es entre as esferas pu\u0301blica e privada da gesta\u0303o ambiental no Brasil.<\/li>\n<p>&#13;<\/p>\n<li><strong>Medicina do Sono:<\/strong>\u00a0O curso online gratuito trata de diversos aspectos relacionado ao sono. Com uma vis\u00e3o cient\u00edfica e psicol\u00f3gica, o curso aborda os principais transtornos do sono, com enfoque pr\u00e1tico para os interessados na \u00e1rea da medicina do sono. O curso \u00e9 voltado para estudantes de medicina, fisioterapia, enfermagem e toda \u00e1rea de ci\u00eancias biol\u00f3gicas, al\u00e9m das pessoas que se interessam em entender os transtornos do sono, fen\u00f4meno que afeta mais de 33% da popula\u00e7\u00e3o.<\/li>\n<p>&#13;<\/p>\n<li><strong>Ecoinova\u00e7\u00e3o:<\/strong>\u00a0Neste curso voc\u00ea ver\u00e1 conte\u00fados relacionados a sustentabilidade e gest\u00e3o ambiental, ser\u00e1 abordado alguns conceitos e aplica\u00e7\u00f5es para a \u00e1rea de engenharia e inova\u00e7\u00e3o. Entre os assuntos discutidos est\u00e3o as \u201cpegadas ecol\u00f3gicas\u201d, gest\u00e3o e avalia\u00e7\u00e3o do ciclo de vida e novas tecnologias em energia.<\/li>\n<p>&#13;<\/p>\n<li><strong>Coronav\u00edrus:<\/strong>\u00a0Este curso, produzido pela Faculdade de Medicina de Ribeir\u00e3o Preto USP e disponibilizado gratuitamente pelo Veduca, tem como objetivo informar toda a SOCIEDADE sobre a pandemia do coronav\u00edrus (SARS-CoV-2). O Brasil est\u00e1 reduzindo suas atividades e todos devemos saber o PORQU\u00ca que essas medidas s\u00e3o necess\u00e1rias e COMO podemos contribuir para minimizar a dissemina\u00e7\u00e3o da doen\u00e7a no pa\u00eds. S\u00e3o quatro m\u00f3dulos curtos e bem simples. Esperamos que este curso ajude voc\u00ea a entender melhor o que est\u00e1 acontecendo, sendo uma fonte segura e confi\u00e1vel de informa\u00e7\u00e3o sobre o coronav\u00edrus para seus amigos, familiares e contatos.<\/li>\n<p>&#13;<\/p>\n<li><strong>Ecologia Industrial:<\/strong>\u00a0Neste curso apresentamos a defini\u00e7\u00e3o do conceito de P+L (Produ\u00e7\u00e3o Mais Limpa) e o roteiro para a sua aplica\u00e7\u00e3o e seus indicadores de desempenho numa empresa. Ao final do curso voc\u00ea ter\u00e1 uma vis\u00e3o n\u00e3o apenas da Ecologia Industrial, mas de alternativas para desenvolver processos produtivos mais limpos.<\/li>\n<p>&#13;<\/p>\n<li><strong>Metodologia Cient\u00edfica:<\/strong>\u00a0Metodologia cient\u00edfica \u00e9 um conjunto de t\u00e9cnicas e processos empregados para a pesquisa e a formula\u00e7\u00e3o de uma produ\u00e7\u00e3o cient\u00edfica. Aprenda a elaborar um trabalho de conclus\u00e3o de curso (TCC), e saiba como selecionar um tema, definir objetivos, identificar e descrever um problema, fundamentar sua argumenta\u00e7\u00e3o com base em trabalhos de outros autores, coletar e analisar dados e como apresentar resultados e conclus\u00f5es de forma concisa e clara.<\/li>\n<p>&#13;<\/p>\n<li><strong>Probabilidade e Estat\u00edstica:<\/strong>\u00a0Neste curso online gratuito voc\u00ea ver\u00e1 como o c\u00e1lculo de probabilidade \u00e9 uma importante ferramenta estat\u00edstica e como trata de situa\u00e7\u00f5es que n\u00e3o s\u00e3o totalmente previs\u00edveis. Esse conhecimento \u00e9 fundamental para interpretar resultados obtidos pelos m\u00e9todos estat\u00edsticos e pode ser aplicado de diversas formas no dia a dia.<\/li>\n<p>&#13;<\/p>\n<li><strong>Planejamento Estrat\u00e9gico:<\/strong>\u00a0voc\u00ea ir\u00e1 aprender conceitos e ferramentas da estrat\u00e9gia empresarial para utiliz\u00e1-los em suas organiza\u00e7\u00f5es, construindo um planejamento estrat\u00e9gico de neg\u00f3cio adequado a din\u00e2mica do mercado em que se encontram e um acompanhamento alinhado com as ferramentas de gest\u00e3o mais utilizadas.<\/li>\n<p>&#13;<\/p>\n<li><strong>LGBTQIA+ Conceitos e Hist\u00f3rias:<\/strong>\u00a0O curso oferece uma vis\u00e3o geral sobre quest\u00f5es que envolvem a sexualidade humana e a identidade de g\u00eanero. S\u00e3o apresentados conceitos e informa\u00e7\u00f5es sobre quatro caracter\u00edsticas \u2013 Sexo Biol\u00f3gico, Identidade de G\u00eanero, Express\u00e3o de G\u00eanero e Orienta\u00e7\u00e3o Afetivo-sexual \u2013 e tamb\u00e9m sobre o significado da sigla LGBT+. As hist\u00f3rias de vida s\u00e3o um convite para que voc\u00ea amplie seu olhar de mundo. Esses v\u00eddeos contam com a participa\u00e7\u00e3o de colaboradores do Veduca, da Serasa e tamb\u00e9m de convidados e convidadas que compartilham suas experi\u00eancias e vis\u00f5es.<\/li>\n<p>&#13;\n<\/ol>\n<h2>Inscri\u00e7\u00e3o Cursos Online Gratuitos Veduca<\/h2>\n<p>Para se inscrever nos cursos da Veduca:\u00a0<span style=\"color: #008080;\"><strong>[Acesse aqui]<\/strong><\/span><\/p>\n<hr\/>\n<p>Imagem em destaque: Foto\/Reprodu\u00e7\u00e3o internet<\/p>\n<p><!-- AI CONTENT END 1 --><\/p>\n<p><!-- #comments --><\/p>\n<\/div>\n<p><script>\n                    (function(d, s, id) {\n                        var js, fjs = d.getElementsByTagName(s)[0];\n                        if (d.getElementById(id)) return;\n                        js = d.createElement(s);\n                        js.id = id;\n                        js.src = \"\/\/connect.facebook.net\/pt_PT\/sdk.js#xfbml=1&version=v2.5\";\n                        fjs.parentNode.insertBefore(js, fjs);\n                    }(document, 'script', 'facebook-jssdk'));\n                <\/script><script type=\"text\/javascript\">\n\t    (function(d){\n\t        var js, id = 'facebook-jssdk', ref = d.getElementsByTagName('script')[0];\n\t        if (d.getElementById(id)) {return;}\n\t        js = d.createElement('script'); js.id = id; js.async = true;\n\t        js.src = \"https:\/\/connect.facebook.net\/en_US\/all.js\";\n\t        ref.parentNode.insertBefore(js, ref);\n\t    }(document));\n\t    window.fbAsyncInit = function() {\n\t      \t\tFB.init({\n\t            \tappId: facebook_app_ID,\n\t            \tstatus: true,\n\t            \tcookie: true,\n\t            \txfbml: true\n\t        \t});  \n\t    };\n\t\tfunction login() {\n\t\t\tFB.login(function(response) {\n\t\t\t\tFB.api('\/me', { locale: 'en_US', fields: 'name, email' },\n\t\t\t\t\tfunction(response2) {\n\t\t\t\t\t\tif (typeof response2.error == 'undefined') {\n\t\t\t\t\t\t\tjQuery(document).ready(function($){'use strict';\n      \t\t\t\t\t\/\/console.log(response2);\n\t\t\t\t\t\t\t\t$.ajax({\n\t\t\t\t\t\t\t        type: 'POST',\n\t\t\t\t\t\t\t        dataType: 'json',\n\t\t\t\t\t\t\t        url: ajax_object.ajaxurl,\n\t\t\t\t\t\t\t        data: { \n\t\t\t\t\t\t\t            'action': 'ajaxfacebooklogin', \/\/calls wp_ajax_nopriv_ajaxlogin\n\t\t\t\t\t\t\t            'id_token': response.authResponse.accessToken,\n\t\t\t\t\t\t\t            'useremail': response2.email,\n\t\t\t\t\t\t\t            'username': response2.name,\n\t\t\t\t\t\t\t            'security': $( 'form#login #security2').val() },\n\t\t\t\t\t\t\t        success: function(data){\n\t\t\t\t\t\t\t            \/\/$('form#login div.login-error').text(data.message);\n\t\t\t\t\t\t\t            if (data.loggedin == true){\n      \t\t\t\t\t\t\t\t\t\t\t\t$('form#login div.login-error').removeClass('alert-danger').addClass('alert-success');\n      \t\t\t\t\t\t\t\t\t\t\t\t$('form#login div.login-error').text(data.message);\n\t\t\t\t\t\t\t                document.location.href = ajax_object.redirecturl;\n\t\t\t\t\t\t\t            }else{\n      \t\t\t\t\t\t\t\t\t\t\t\t$('form#login div.login-error').removeClass('alert-success').addClass('alert-danger');\n      \t\t\t\t\t\t\t\t\t\t\t\t$('form#login div.login-error').text(data.message);\n      \t\t\t\t\t\t\t\t\t\t}\n\t\t\t\t\t\t\t            if($('.login-error').text() == ''){\n\t\t\t\t\t\t\t                $('form#login div.login-error').hide();\n\t\t\t\t\t\t\t            }else{\n\t\t\t\t\t\t\t                $('form#login div.login-error').show();\n\t\t\t\t\t\t\t            }\n\t\t\t\t\t\t\t        }\n\t\t\t\t\t\t\t    });\n\t\t\t\t\t\t    });\n\t\t\t\t\t\t\t\/\/ console.log('FB Login Working!');\n\t\t\t\t\t\t\t\/\/ console.log(response2);\n\t\t\t\t\t\t}else{\n\t\t\t\t\t\t\t\/\/ console.log('FB Login Error!');\n\t\t\t\t\t\t\t\/\/ console.log(response);\n\t\t\t\t\t\t}\n\t\t\t\t\t}\n\t\t\t\t);\n\t\t\t}, {scope: 'public_profile,user_friends,email'});    \n\t\t}\n\t<\/script><br \/>\n<br \/><br \/>\n<br \/><a href=\"https:\/\/veduca.org\/55-cursos-online-gratuitos-da-fgv-sem-processo-seletivo\/\">Source link <\/a><\/p>\n<div class='code-block code-block-4' style='margin: 8px auto 8px 0; text-align: left; display: block; clear: both;'>\n\ud83d\udce2 Aviso Legal\n\nO site ismaelcolosi.com.br atua apenas como um canal de divulga\u00e7\u00e3o de oportunidades de emprego e n\u00e3o se responsabiliza pelo processo seletivo, contrata\u00e7\u00e3o ou qualquer outra etapa relacionada \u00e0s vagas publicadas. Todas as informa\u00e7\u00f5es s\u00e3o de responsabilidade dos anunciantes.\n\n\u26a0\ufe0f Aten\u00e7\u00e3o! Nunca pague por promessas de emprego nem compre cursos que garantam contrata\u00e7\u00e3o. Desconfie de qualquer cobran\u00e7a para participar de sele\u00e7\u00f5es.\n\n\n\n<\/div>\n<!-- CONTENT END 1 -->\n","protected":false},"excerpt":{"rendered":"<p>A FGV liberou 55 cursos online gratuitos e voc\u00ea pode fazer sem processo seletivo e sem sair de casa: conta com certificado A FGV (Funda\u00e7\u00e3o&#8230;<\/p>\n","protected":false},"author":1,"featured_media":42339,"comment_status":"open","ping_status":"open","sticky":false,"template":"","format":"standard","meta":{"_uag_custom_page_level_css":"","advanced_seo_description":"","jetpack_seo_html_title":"","jetpack_seo_noindex":false,"jetpack_post_was_ever_published":false,"_jetpack_newsletter_access":"","_jetpack_dont_email_post_to_subs":false,"_jetpack_newsletter_tier_id":0,"_jetpack_memberships_contains_paywalled_content":false,"_jetpack_memberships_contains_paid_content":false,"footnotes":"","jetpack_publicize_message":"","jetpack_publicize_feature_enabled":true,"jetpack_social_post_already_shared":true,"jetpack_social_options":{"image_generator_settings":{"template":"highway","default_image_id":0,"font":"","enabled":false},"version":2}},"categories":[4947],"tags":[],"class_list":["post-42338","post","type-post","status-publish","format-standard","has-post-thumbnail","hentry","category-cursos-gratuitos-e-bolsas-de-estudos-ribeirao-preto"],"jetpack_publicize_connections":[],"jetpack_featured_media_url":"https:\/\/i0.wp.com\/ismaelcolosi.com.br\/wp-content\/uploads\/2024\/03\/FGV-55-Cursos-Online-Gratuitos-com-Certificado.webp.webp?fit=635%2C400&ssl=1","uagb_featured_image_src":{"full":["https:\/\/i0.wp.com\/ismaelcolosi.com.br\/wp-content\/uploads\/2024\/03\/FGV-55-Cursos-Online-Gratuitos-com-Certificado.webp.webp?fit=635%2C400&ssl=1",635,400,false],"thumbnail":["https:\/\/i0.wp.com\/ismaelcolosi.com.br\/wp-content\/uploads\/2024\/03\/FGV-55-Cursos-Online-Gratuitos-com-Certificado.webp.webp?resize=150%2C150&ssl=1",150,150,true],"medium":["https:\/\/i0.wp.com\/ismaelcolosi.com.br\/wp-content\/uploads\/2024\/03\/FGV-55-Cursos-Online-Gratuitos-com-Certificado.webp.webp?fit=300%2C189&ssl=1",300,189,true],"medium_large":["https:\/\/i0.wp.com\/ismaelcolosi.com.br\/wp-content\/uploads\/2024\/03\/FGV-55-Cursos-Online-Gratuitos-com-Certificado.webp.webp?fit=635%2C400&ssl=1",635,400,true],"large":["https:\/\/i0.wp.com\/ismaelcolosi.com.br\/wp-content\/uploads\/2024\/03\/FGV-55-Cursos-Online-Gratuitos-com-Certificado.webp.webp?fit=635%2C400&ssl=1",635,400,true],"1536x1536":["https:\/\/i0.wp.com\/ismaelcolosi.com.br\/wp-content\/uploads\/2024\/03\/FGV-55-Cursos-Online-Gratuitos-com-Certificado.webp.webp?fit=635%2C400&ssl=1",635,400,true],"2048x2048":["https:\/\/i0.wp.com\/ismaelcolosi.com.br\/wp-content\/uploads\/2024\/03\/FGV-55-Cursos-Online-Gratuitos-com-Certificado.webp.webp?fit=635%2C400&ssl=1",635,400,true],"really-simple-thumb":["https:\/\/i0.wp.com\/ismaelcolosi.com.br\/wp-content\/uploads\/2024\/03\/FGV-55-Cursos-Online-Gratuitos-com-Certificado.webp.webp?resize=370%2C247&ssl=1",370,247,true]},"uagb_author_info":{"display_name":"ismaelcolosi.com.br","author_link":"https:\/\/ismaelcolosi.com.br\/index.php\/author\/vidareal-online\/"},"uagb_comment_info":0,"uagb_excerpt":"A FGV liberou 55 cursos online gratuitos e voc\u00ea pode fazer sem processo seletivo e sem sair de casa: conta com certificado A FGV (Funda\u00e7\u00e3o...","jetpack-related-posts":[{"id":84764,"url":"https:\/\/ismaelcolosi.com.br\/index.php\/2025\/04\/24\/unicamp-liberou-16-cursos-online-gratuitos\/","url_meta":{"origin":42338,"position":0},"title":"Unicamp liberou 16 cursos online gratuitos","author":"ismaelcolosi.com.br","date":"24 de April de 2025","format":false,"excerpt":"S\u00e3o 16 cursos online gratuitos liberados pela UNICAMP que voc\u00ea pode fazer de casa e n\u00e3o \u00e9 necess\u00e1rio processo seletivo A Universidade Estadual de Campinas (Unicamp) acaba de disponibilizar uma incr\u00edvel oportunidade para quem busca aprimorar seus conhecimentos sem sair de casa. S\u00e3o 16 cursos online gratuitos, abrangendo diversas \u00e1reas\u2026","rel":"","context":"In &quot;Cursos Gratuitos e Bolsas de Estudos&quot;","block_context":{"text":"Cursos Gratuitos e Bolsas de Estudos","link":"https:\/\/ismaelcolosi.com.br\/index.php\/category\/cursos-gratuitos-e-bolsas-de-estudos-ribeirao-preto\/"},"img":{"alt_text":"","src":"https:\/\/i0.wp.com\/ismaelcolosi.com.br\/wp-content\/uploads\/2025\/04\/UNICAMP-Cursos-Online-Gratuitos.webp.webp?fit=764%2C526&ssl=1&resize=350%2C200","width":350,"height":200,"srcset":"https:\/\/i0.wp.com\/ismaelcolosi.com.br\/wp-content\/uploads\/2025\/04\/UNICAMP-Cursos-Online-Gratuitos.webp.webp?fit=764%2C526&ssl=1&resize=350%2C200 1x, https:\/\/i0.wp.com\/ismaelcolosi.com.br\/wp-content\/uploads\/2025\/04\/UNICAMP-Cursos-Online-Gratuitos.webp.webp?fit=764%2C526&ssl=1&resize=525%2C300 1.5x, https:\/\/i0.wp.com\/ismaelcolosi.com.br\/wp-content\/uploads\/2025\/04\/UNICAMP-Cursos-Online-Gratuitos.webp.webp?fit=764%2C526&ssl=1&resize=700%2C400 2x"},"classes":[]},{"id":88948,"url":"https:\/\/ismaelcolosi.com.br\/index.php\/2026\/01\/27\/fgv-lancou-220-cursos-gratuitos-com-certificado\/","url_meta":{"origin":42338,"position":1},"title":"FGV lan\u00e7ou 220 cursos gratuitos com certificado","author":"ismaelcolosi.com.br","date":"27 de January de 2026","format":false,"excerpt":"Se voc\u00ea est\u00e1 buscando cursos gratuitos, cursos gr\u00e1tis e bons cursos onlinepara fortalecer o curr\u00edculo e aprender no seu ritmo, a FGV (Funda\u00e7\u00e3o Getulio Vargas) re\u00fane uma lista gigante com 220 cursosem \u00e1reas como gest\u00e3o, tecnologia, dados, finan\u00e7as, direito, educa\u00e7\u00e3o, marketing e sustentabilidade. E se voc\u00ea quer mais op\u00e7\u00f5es de\u2026","rel":"","context":"In &quot;Cursos Gratuitos e Bolsas de Estudos&quot;","block_context":{"text":"Cursos Gratuitos e Bolsas de Estudos","link":"https:\/\/ismaelcolosi.com.br\/index.php\/category\/cursos-gratuitos-e-bolsas-de-estudos-ribeirao-preto\/"},"img":{"alt_text":"","src":"https:\/\/i0.wp.com\/ismaelcolosi.com.br\/wp-content\/uploads\/2026\/01\/Gemini_Generated_Image_fxqo4ffxqo4ffxqo-1024x645.png?fit=1024%2C645&ssl=1&resize=350%2C200","width":350,"height":200,"srcset":"https:\/\/i0.wp.com\/ismaelcolosi.com.br\/wp-content\/uploads\/2026\/01\/Gemini_Generated_Image_fxqo4ffxqo4ffxqo-1024x645.png?fit=1024%2C645&ssl=1&resize=350%2C200 1x, https:\/\/i0.wp.com\/ismaelcolosi.com.br\/wp-content\/uploads\/2026\/01\/Gemini_Generated_Image_fxqo4ffxqo4ffxqo-1024x645.png?fit=1024%2C645&ssl=1&resize=525%2C300 1.5x, https:\/\/i0.wp.com\/ismaelcolosi.com.br\/wp-content\/uploads\/2026\/01\/Gemini_Generated_Image_fxqo4ffxqo4ffxqo-1024x645.png?fit=1024%2C645&ssl=1&resize=700%2C400 2x"},"classes":[]},{"id":20621,"url":"https:\/\/ismaelcolosi.com.br\/index.php\/2023\/12\/26\/fgv-oferece-programa-de-verao-com-cursos-gratuitos\/","url_meta":{"origin":42338,"position":2},"title":"FGV oferece programa de ver\u00e3o com cursos gratuitos","author":"ismaelcolosi.com.br","date":"26 de December de 2023","format":false,"excerpt":"A Escola de Matem\u00e1tica Aplicada da Funda\u00e7\u00e3o Get\u00falio Vargas (FGV EMAp) est\u00e1 com inscri\u00e7\u00f5es abertas para o Programa de Ver\u00e3o, que oferece cursos gratuitos, workshops e semin\u00e1rios.O programa \u00e9 voltado para estudantes de cursos de gradua\u00e7\u00e3o e p\u00f3s-gradua\u00e7\u00e3o da FGV e de outras institui\u00e7\u00f5es de ensino superior.Cr\u00e9ditos: Reprodu\u00e7\u00e3o\/ Facebook FGVCurso\u2026","rel":"","context":"In &quot;Variedades&quot;","block_context":{"text":"Variedades","link":"https:\/\/ismaelcolosi.com.br\/index.php\/category\/variedades\/"},"img":{"alt_text":"","src":"https:\/\/i0.wp.com\/ismaelcolosi.com.br\/wp-content\/uploads\/2023\/12\/fgv.jpg?fit=1200%2C638&ssl=1&resize=350%2C200","width":350,"height":200,"srcset":"https:\/\/i0.wp.com\/ismaelcolosi.com.br\/wp-content\/uploads\/2023\/12\/fgv.jpg?fit=1200%2C638&ssl=1&resize=350%2C200 1x, https:\/\/i0.wp.com\/ismaelcolosi.com.br\/wp-content\/uploads\/2023\/12\/fgv.jpg?fit=1200%2C638&ssl=1&resize=525%2C300 1.5x, https:\/\/i0.wp.com\/ismaelcolosi.com.br\/wp-content\/uploads\/2023\/12\/fgv.jpg?fit=1200%2C638&ssl=1&resize=700%2C400 2x, https:\/\/i0.wp.com\/ismaelcolosi.com.br\/wp-content\/uploads\/2023\/12\/fgv.jpg?fit=1200%2C638&ssl=1&resize=1050%2C600 3x"},"classes":[]},{"id":52980,"url":"https:\/\/ismaelcolosi.com.br\/index.php\/2024\/06\/12\/fgv-oferece-21-cursos-online-gratuitos-de-marketing\/","url_meta":{"origin":42338,"position":3},"title":"FGV oferece 21 cursos online gratuitos de marketing","author":"ismaelcolosi.com.br","date":"12 de June de 2024","format":false,"excerpt":"Se voc\u00ea est\u00e1 procurando maneiras de aprimorar suas habilidades e destacar seu curr\u00edculo no mercado de trabalho, os cursos gratuitos de marketing da Funda\u00e7\u00e3o Get\u00falio Vargas (FGV) s\u00e3o uma excelente oportunidade. Com mais de 21 op\u00e7\u00f5es dispon\u00edveis, a FGV proporciona um aprendizado online acess\u00edvel e de alta qualidade, permitindo que\u2026","rel":"","context":"In &quot;Cursos Gratuitos e Bolsas de Estudos&quot;","block_context":{"text":"Cursos Gratuitos e Bolsas de Estudos","link":"https:\/\/ismaelcolosi.com.br\/index.php\/category\/cursos-gratuitos-e-bolsas-de-estudos-ribeirao-preto\/"},"img":{"alt_text":"","src":"https:\/\/i0.wp.com\/ismaelcolosi.com.br\/wp-content\/uploads\/2024\/06\/FGV-oferece-21-cursos-online-gratuitos-de-marketing.png?fit=1200%2C630&ssl=1&resize=350%2C200","width":350,"height":200,"srcset":"https:\/\/i0.wp.com\/ismaelcolosi.com.br\/wp-content\/uploads\/2024\/06\/FGV-oferece-21-cursos-online-gratuitos-de-marketing.png?fit=1200%2C630&ssl=1&resize=350%2C200 1x, https:\/\/i0.wp.com\/ismaelcolosi.com.br\/wp-content\/uploads\/2024\/06\/FGV-oferece-21-cursos-online-gratuitos-de-marketing.png?fit=1200%2C630&ssl=1&resize=525%2C300 1.5x, https:\/\/i0.wp.com\/ismaelcolosi.com.br\/wp-content\/uploads\/2024\/06\/FGV-oferece-21-cursos-online-gratuitos-de-marketing.png?fit=1200%2C630&ssl=1&resize=700%2C400 2x, https:\/\/i0.wp.com\/ismaelcolosi.com.br\/wp-content\/uploads\/2024\/06\/FGV-oferece-21-cursos-online-gratuitos-de-marketing.png?fit=1200%2C630&ssl=1&resize=1050%2C600 3x"},"classes":[]},{"id":43217,"url":"https:\/\/ismaelcolosi.com.br\/index.php\/2024\/03\/19\/insper-lancou-5-cursos-online-gratuitos-sem-processo-seletivo\/","url_meta":{"origin":42338,"position":4},"title":"Insper lan\u00e7ou 5 cursos online gratuitos sem processo seletivo","author":"ismaelcolosi.com.br","date":"19 de March de 2024","format":false,"excerpt":"O Insper, renomada escola de neg\u00f3cios e economia em S\u00e3o Paulo, acaba de lan\u00e7ar 5 cursos online gratuitos, sem processo seletivo, confira neste artigo Institui\u00e7\u00f5es de ensino est\u00e3o cada vez mais apostando na oferta de cursos online gratuitos para quem quer se capacitar e adquirir novos conhecimentos. O Insper, renomada\u2026","rel":"","context":"In &quot;Cursos Gratuitos e Bolsas de Estudos&quot;","block_context":{"text":"Cursos Gratuitos e Bolsas de Estudos","link":"https:\/\/ismaelcolosi.com.br\/index.php\/category\/cursos-gratuitos-e-bolsas-de-estudos-ribeirao-preto\/"},"img":{"alt_text":"","src":"https:\/\/i0.wp.com\/ismaelcolosi.com.br\/wp-content\/uploads\/2024\/03\/Add-a-heading-2.png?fit=1200%2C628&ssl=1&resize=350%2C200","width":350,"height":200,"srcset":"https:\/\/i0.wp.com\/ismaelcolosi.com.br\/wp-content\/uploads\/2024\/03\/Add-a-heading-2.png?fit=1200%2C628&ssl=1&resize=350%2C200 1x, https:\/\/i0.wp.com\/ismaelcolosi.com.br\/wp-content\/uploads\/2024\/03\/Add-a-heading-2.png?fit=1200%2C628&ssl=1&resize=525%2C300 1.5x, https:\/\/i0.wp.com\/ismaelcolosi.com.br\/wp-content\/uploads\/2024\/03\/Add-a-heading-2.png?fit=1200%2C628&ssl=1&resize=700%2C400 2x, https:\/\/i0.wp.com\/ismaelcolosi.com.br\/wp-content\/uploads\/2024\/03\/Add-a-heading-2.png?fit=1200%2C628&ssl=1&resize=1050%2C600 3x"},"classes":[]},{"id":47862,"url":"https:\/\/ismaelcolosi.com.br\/index.php\/2024\/04\/29\/fgv-oferece-cursos-gratuitos-de-ti-e-ciencia-de-dados-inscreva-se-agora\/","url_meta":{"origin":42338,"position":5},"title":"FGV oferece cursos gratuitos de TI e ci\u00eancia de dados: inscreva-se agora!","author":"ismaelcolosi.com.br","date":"29 de April de 2024","format":false,"excerpt":"Se voc\u00ea est\u00e1 em busca de oportunidades para aprimorar suas habilidades e turbinar seu curr\u00edculo, os cursos gratuitos da Funda\u00e7\u00e3o Get\u00falio Vargas (FGV) s\u00e3o uma excelente escolha. Com mais de uma centena de op\u00e7\u00f5es em diversas \u00e1reas do conhecimento, a FGV oferece uma oportunidade \u00fanica de aprendizado online e acess\u00edvel.\u2026","rel":"","context":"In &quot;Cursos Gratuitos e Bolsas de Estudos&quot;","block_context":{"text":"Cursos Gratuitos e Bolsas de Estudos","link":"https:\/\/ismaelcolosi.com.br\/index.php\/category\/cursos-gratuitos-e-bolsas-de-estudos-ribeirao-preto\/"},"img":{"alt_text":"","src":"https:\/\/i0.wp.com\/ismaelcolosi.com.br\/wp-content\/uploads\/2024\/04\/FGV-oferece-cursos-gratuitos-de-TI-e-ciencia-de-dados-inscreva-se-agora.png?fit=1200%2C630&ssl=1&resize=350%2C200","width":350,"height":200,"srcset":"https:\/\/i0.wp.com\/ismaelcolosi.com.br\/wp-content\/uploads\/2024\/04\/FGV-oferece-cursos-gratuitos-de-TI-e-ciencia-de-dados-inscreva-se-agora.png?fit=1200%2C630&ssl=1&resize=350%2C200 1x, https:\/\/i0.wp.com\/ismaelcolosi.com.br\/wp-content\/uploads\/2024\/04\/FGV-oferece-cursos-gratuitos-de-TI-e-ciencia-de-dados-inscreva-se-agora.png?fit=1200%2C630&ssl=1&resize=525%2C300 1.5x, https:\/\/i0.wp.com\/ismaelcolosi.com.br\/wp-content\/uploads\/2024\/04\/FGV-oferece-cursos-gratuitos-de-TI-e-ciencia-de-dados-inscreva-se-agora.png?fit=1200%2C630&ssl=1&resize=700%2C400 2x, https:\/\/i0.wp.com\/ismaelcolosi.com.br\/wp-content\/uploads\/2024\/04\/FGV-oferece-cursos-gratuitos-de-TI-e-ciencia-de-dados-inscreva-se-agora.png?fit=1200%2C630&ssl=1&resize=1050%2C600 3x"},"classes":[]}],"jetpack_sharing_enabled":true,"jetpack_shortlink":"https:\/\/wp.me\/pfMlyK-b0S","_links":{"self":[{"href":"https:\/\/ismaelcolosi.com.br\/index.php\/wp-json\/wp\/v2\/posts\/42338","targetHints":{"allow":["GET"]}}],"collection":[{"href":"https:\/\/ismaelcolosi.com.br\/index.php\/wp-json\/wp\/v2\/posts"}],"about":[{"href":"https:\/\/ismaelcolosi.com.br\/index.php\/wp-json\/wp\/v2\/types\/post"}],"author":[{"embeddable":true,"href":"https:\/\/ismaelcolosi.com.br\/index.php\/wp-json\/wp\/v2\/users\/1"}],"replies":[{"embeddable":true,"href":"https:\/\/ismaelcolosi.com.br\/index.php\/wp-json\/wp\/v2\/comments?post=42338"}],"version-history":[{"count":0,"href":"https:\/\/ismaelcolosi.com.br\/index.php\/wp-json\/wp\/v2\/posts\/42338\/revisions"}],"wp:featuredmedia":[{"embeddable":true,"href":"https:\/\/ismaelcolosi.com.br\/index.php\/wp-json\/wp\/v2\/media\/42339"}],"wp:attachment":[{"href":"https:\/\/ismaelcolosi.com.br\/index.php\/wp-json\/wp\/v2\/media?parent=42338"}],"wp:term":[{"taxonomy":"category","embeddable":true,"href":"https:\/\/ismaelcolosi.com.br\/index.php\/wp-json\/wp\/v2\/categories?post=42338"},{"taxonomy":"post_tag","embeddable":true,"href":"https:\/\/ismaelcolosi.com.br\/index.php\/wp-json\/wp\/v2\/tags?post=42338"}],"curies":[{"name":"wp","href":"https:\/\/api.w.org\/{rel}","templated":true}]}}