{"id":42336,"date":"2024-03-14T01:01:29","date_gmt":"2024-03-14T04:01:29","guid":{"rendered":"https:\/\/ismaelcolosi.com.br\/index.php\/2024\/03\/14\/jovens-de-15-a-29-anos-podem-viajar-de-graca-saiba-como\/"},"modified":"2024-03-14T01:01:29","modified_gmt":"2024-03-14T04:01:29","slug":"jovens-de-15-a-29-anos-podem-viajar-de-graca-saiba-como","status":"publish","type":"post","link":"https:\/\/ismaelcolosi.com.br\/index.php\/2024\/03\/14\/jovens-de-15-a-29-anos-podem-viajar-de-graca-saiba-como\/","title":{"rendered":"Jovens de 15 a 29 anos podem viajar de gra\u00e7a &#8211; saiba como"},"content":{"rendered":"<p> <br \/>\n<\/p>\n<div>\n<h2>Jovens podem viajar de gra\u00e7a com o ID Jovem 2.0 e ter outros benef\u00edcios como meia-entrada no cinema, descontos em show, jogos de futebol, entre outros<\/h2>\n<p>J\u00e1 imaginou poder viajar de gra\u00e7a no Brasil? E tamb\u00e9m ter benef\u00edcios como\u00a0descontos em ingressos para programas culturais, esportivos, art\u00edsticos e at\u00e9\u00a0<strong>isen\u00e7\u00e3o de taxa<\/strong>\u00a0para concursos p\u00fablicos? Ent\u00e3o saiba que voc\u00ea pode fazer tudo isso com o\u00a0<strong>aplicativo ID Jovem 2.0<\/strong>, atrav\u00e9s do programa do governo que oferece os benef\u00edcios a jovens de 15 a 29 anos.<\/p>\n<h3><strong>Sobre o ID Jovem<\/strong><\/h3>\n<p>O<strong>\u00a0<\/strong>ID Jovem\u00a0\u00e9 um programa do governo, que oferece um documento a jovens de baixa renda, com idade entre 15 e 29 anos. Este documento possibilita acesso\u00a0aos benef\u00edcios de meia-entrada em eventos art\u00edstico-culturais e esportivos e tamb\u00e9m a vagas gratuitas ou com desconto no sistema de transporte coletivo interestadual, conforme disposto no\u00a0<strong>Decreto 8.537\/2015<\/strong>.<\/p>\n<h3><strong>Quem pode ter ID Jovem?<\/strong><\/h3>\n<p>Para ter o ID Jovem, \u00e9 necess\u00e1rio que a renda familiar da pessoa seja\u00a0de at\u00e9 dois sal\u00e1rios m\u00ednimos, e possua inscri\u00e7\u00e3o no\u00a0<strong>Cadastro \u00danico do Governo Federal<\/strong> atualizado.<\/p>\n<h3><strong>Benef\u00edcios<\/strong><\/h3>\n<p>Confira alguns dos benef\u00edcios e descontos oferecidos pelo programa:<\/p>\n<div class=\"column four\">\n<div class=\"small-icon-text clear-after\">\n<ul>\n<li><strong>Cultura:<\/strong>\u00a0Meia-entrada \u2013 50% do valor cobrado no ingresso ao p\u00fablico em geral \u2013 em eventos art\u00edstico-culturais e esportivos.<\/li>\n<\/ul>\n<\/div>\n<\/div>\n<div class=\"column four\">\n<div class=\"small-icon-text clear-after\">\n<ul>\n<li><strong>Lazer:\u00a0<\/strong>50% do valor cobrado no ingresso ao p\u00fablico em geral \u2013 em eventos art\u00edstico-culturais e esportivos.<\/li>\n<\/ul>\n<\/div>\n<\/div>\n<div class=\"column four last\">\n<div class=\"small-icon-text clear-after\">\n<ul>\n<li><strong>Esporte:<\/strong>\u00a050% do valor cobrado no ingresso ao p\u00fablico em geral \u2013 em eventos art\u00edstico-culturais e esportivos.<\/li>\n<\/ul>\n<\/div>\n<\/div>\n<div class=\"column four\">\n<div class=\"small-icon-text clear-after\">\n<ul>\n<li><strong>Transporte:<\/strong>\u00a0S\u00e3o reservadas por viagem, duas vagas gratuitas em cada ve\u00edculo, comboio ferrovi\u00e1rio ou embarca\u00e7\u00e3o do servi\u00e7o convencional de transporte interestadual de passageiros\u200b\u200b.<\/li>\n<\/ul>\n<\/div>\n<\/div>\n<div class=\"column four\">\n<div class=\"small-icon-text clear-after\">\n<ul>\n<li><strong>Shows:<\/strong>\u00a050% do valor cobrado no ingresso ao p\u00fablico em geral \u2013 em eventos art\u00edstico-culturais e esportivos.<\/li>\n<\/ul>\n<\/div>\n<\/div>\n<div class=\"column four last\">\n<div class=\"small-icon-text clear-after\">\n<ul>\n<li><strong>Teatro:<\/strong>\u00a050% do valor cobrado no ingresso ao p\u00fablico em geral \u2013 em eventos art\u00edstico-culturais e esportivos.<\/li>\n<\/ul>\n<h3 class=\"text-xs\"><strong>Inscri\u00e7\u00e3o ID Jovem 2.0<\/strong><\/h3>\n<\/div>\n<\/div>\n<p>Para solicitar a carteira ID Jovem pelo aplicativo, siga os seguintes passos:<\/p>\n<ol>\n<li aria-level=\"1\">Baixe o aplicativo ID Jovem 2.0 na\u00a0<a href=\"https:\/\/apps.apple.com\/br\/app\/id-jovem\/id1541727719\" target=\"_blank\" rel=\"noopener\">App Store<\/a>\u00a0ou\u00a0<a href=\"https:\/\/play.google.com\/store\/apps\/details?gl=US&amp;hl=pt_BR&amp;id=com.idjovem2&amp;pli=1\" target=\"_blank\" rel=\"noopener\">Google Play<\/a>;<\/li>\n<li aria-level=\"1\">Abra o aplicativo e crie uma conta;<\/li>\n<li aria-level=\"1\">Insira suas informa\u00e7\u00f5es pessoais, incluindo nome completo, data de nascimento, n\u00famero do NIS e nome da m\u00e3e;<\/li>\n<li aria-level=\"1\">Tire uma foto sua para a carteira ID Jovem;<\/li>\n<li aria-level=\"1\">Confirme seus dados e envie a solicita\u00e7\u00e3o.<\/li>\n<\/ol>\n<p>Ap\u00f3s a solicita\u00e7\u00e3o, a carteira ID Jovem ser\u00e1 emitida em at\u00e9 24 horas. Voc\u00ea receber\u00e1 um e-mail com o link para baixar a carteira.<\/p>\n<p>Para solicitar a carteira ID Jovem pelo site, siga os seguintes passos:<\/p>\n<ol>\n<li aria-level=\"1\">Acesse o\u00a0<a href=\"https:\/\/idjovem.juventude.gov.br\/emitir-id-jovem\" target=\"_blank\" rel=\"noopener\">site do ID Jovem<\/a>;<\/li>\n<li aria-level=\"1\">Clique no bot\u00e3o \u201cSolicitar ID Jovem\u201d;<\/li>\n<li aria-level=\"1\">Insira suas informa\u00e7\u00f5es pessoais, incluindo nome completo, data de nascimento, n\u00famero do NIS e nome da m\u00e3e;<\/li>\n<li aria-level=\"1\">Tire uma foto sua para a carteira ID Jovem;<\/li>\n<li aria-level=\"1\">Confirme seus dados e envie a solicita\u00e7\u00e3o.<\/li>\n<\/ol>\n<p>Ap\u00f3s a solicita\u00e7\u00e3o, a carteira ID Jovem ser\u00e1 emitida em at\u00e9 24 horas. Voc\u00ea receber\u00e1 um e-mail com o link para baixar a carteira. A carteira ID Jovem \u00e9 v\u00e1lida por seis meses e pode ser renovada pelo aplicativo ou site do benef\u00edcio.<\/p>\n<div class=\"column four last\">\n<div class=\"small-icon-text clear-after\">\n<p>Voc\u00ea sabia que existia o benef\u00edcio de viajar de gra\u00e7a?<\/p>\n<h2>Cursos online gratuitos da USP oferecidos pelo Veduca<\/h2>\n<p>O Veduca \u00e9 um site que j\u00e1 ultrapassou mais de 3 milh\u00f5es de alunos e oferece cursos online\u00a0gratuitos com professores da USP\u00a0e profissionais de mercado. S\u00e3o cursos que far\u00e3o a diferen\u00e7a na sua carreira, pois combinam conceitos fundamentais dos mais diferentes assuntos com exemplos pr\u00e1ticos e depoimentos.<\/p>\n<ol>&#13;<\/p>\n<li><strong>Fundamentos da Administra\u00e7\u00e3o:<\/strong>\u00a0voc\u00ea ir\u00e1 aprender conceitos e metodologias para colocar na pr\u00e1tica o melhor da fun\u00e7\u00e3o administrativa, planejamento, organiza\u00e7\u00e3o, dire\u00e7\u00e3o e controle, casos de sucesso no Brasil, no mundo e muito mais.<\/li>\n<p>&#13;<\/p>\n<li><strong>Gest\u00e3o de Projetos:<\/strong>\u00a0nesse curso, voc\u00ea aprender\u00e1 gest\u00e3o de stakeholders. Como administrar o escopo de um projeto. M\u00e9todos de an\u00e1lise de um projeto. Como fazer um planejamento excelente.<\/li>\n<p>&#13;<\/p>\n<li><strong>Engenharia Econ\u00f4mica:<\/strong>\u00a0voc\u00ea ir\u00e1 aprender sobre juros.Taxa de mercado. Dinheiro no tempo. Sistema de amortiza\u00e7\u00e3o de financiamento. Payback e VPL. Taxa interna de retorno.Op\u00e7\u00f5es e fechamento. Estimativa do custo de capital. Modelando um projeto de gera\u00e7\u00e3o de energia e\u00f3lica.<\/li>\n<p>&#13;<\/p>\n<li><strong>Gest\u00e3o da Inova\u00e7\u00e3o:<\/strong>\u00a0voc\u00ea aprender\u00e1 sobre o\u00a0que \u00e9 inova\u00e7\u00e3o, princ\u00edpios da criatividade, financiamento de ideias, lean startup, gerenciamento de incertezas.<\/li>\n<p>&#13;<\/p>\n<li><strong>Desenvolvimento de Produtos e Servi\u00e7os:\u00a0<\/strong>A cria\u00e7\u00e3o de um novo produto ou servi\u00e7o requer estrat\u00e9gia, organiza\u00e7\u00e3o e planejamento. Saiba neste curso quais as etapas, atividades e m\u00e9todos para desenvolver novos produtos e servi\u00e7os desde a sua concep\u00e7\u00e3o at\u00e9 o primeiro contato com o cliente.<\/li>\n<p>&#13;<\/p>\n<li><strong>Eletromagnetismo:<\/strong>\u00a0O curso online gratuito compreende os conceitos b\u00e1sicos de eletromagnetismo, o conceito de cargas e de como elas interagem entre si, o movimento de carga denominado corrente el\u00e9trica, as leis b\u00e1sicas da corrente el\u00e9trica, o circuito onde elas percorrem e o conceito de magnetismo. O objetivo do curso \u00e9 mostrar a conex\u00e3o entre a eletricidade e o magnetismo em uma unifica\u00e7\u00e3o atrav\u00e9s das equa\u00e7\u00f5es de Maxwell.<\/li>\n<p>&#13;<\/p>\n<li><strong>F\u00edsica B\u00e1sica:<\/strong>\u00a0O curso online de F\u00edsica B\u00e1sica, ministrado pelo professor doutor Vanderlei Salvador Bagnato, traz um estudo te\u00f3rico e pr\u00e1tico sobre o movimento, as leis de Newton, energia, a evolu\u00e7\u00e3o no tempo e seus deslocamentos sob a a\u00e7\u00e3o de for\u00e7as e seus efeitos subsequentes sobre seu ambiente. O curso traz uma vis\u00e3o aprofundada e precisa, com descri\u00e7\u00e3o das fun\u00e7\u00f5es matem\u00e1ticas da f\u00edsica, seu prop\u00f3sito e aplica\u00e7\u00e3o, com exemplos trazidos do mundo real.<\/li>\n<p>&#13;<\/p>\n<li><strong>Gest\u00e3o Ambiental:<\/strong>\u00a0Conhec\u0327a os fundamentos que orientam a implementac\u0327a\u0303o de poli\u0301ticas de meio ambiente e sistemas de gesta\u0303o ambiental no contexto da gesta\u0303o da sustentabilidade empresarial. Entenda como acontecem as relac\u0327o\u0303es entre as esferas pu\u0301blica e privada da gesta\u0303o ambiental no Brasil.<\/li>\n<p>&#13;<\/p>\n<li><strong>Medicina do Sono:<\/strong>\u00a0O curso online gratuito trata de diversos aspectos relacionado ao sono. Com uma vis\u00e3o cient\u00edfica e psicol\u00f3gica, o curso aborda os principais transtornos do sono, com enfoque pr\u00e1tico para os interessados na \u00e1rea da medicina do sono. O curso \u00e9 voltado para estudantes de medicina, fisioterapia, enfermagem e toda \u00e1rea de ci\u00eancias biol\u00f3gicas, al\u00e9m das pessoas que se interessam em entender os transtornos do sono, fen\u00f4meno que afeta mais de 33% da popula\u00e7\u00e3o.<\/li>\n<p>&#13;<\/p>\n<li><strong>Ecoinova\u00e7\u00e3o:<\/strong>\u00a0Neste curso voc\u00ea ver\u00e1 conte\u00fados relacionados a sustentabilidade e gest\u00e3o ambiental, ser\u00e1 abordado alguns conceitos e aplica\u00e7\u00f5es para a \u00e1rea de engenharia e inova\u00e7\u00e3o. Entre os assuntos discutidos est\u00e3o as \u201cpegadas ecol\u00f3gicas\u201d, gest\u00e3o e avalia\u00e7\u00e3o do ciclo de vida e novas tecnologias em energia.<\/li>\n<p>&#13;<\/p>\n<li><strong>Coronav\u00edrus:<\/strong>\u00a0Este curso, produzido pela Faculdade de Medicina de Ribeir\u00e3o Preto USP e disponibilizado gratuitamente pelo Veduca, tem como objetivo informar toda a SOCIEDADE sobre a pandemia do coronav\u00edrus (SARS-CoV-2). O Brasil est\u00e1 reduzindo suas atividades e todos devemos saber o PORQU\u00ca que essas medidas s\u00e3o necess\u00e1rias e COMO podemos contribuir para minimizar a dissemina\u00e7\u00e3o da doen\u00e7a no pa\u00eds. S\u00e3o quatro m\u00f3dulos curtos e bem simples. Esperamos que este curso ajude voc\u00ea a entender melhor o que est\u00e1 acontecendo, sendo uma fonte segura e confi\u00e1vel de informa\u00e7\u00e3o sobre o coronav\u00edrus para seus amigos, familiares e contatos.<\/li>\n<p>&#13;<\/p>\n<li><strong>Ecologia Industrial:<\/strong>\u00a0Neste curso apresentamos a defini\u00e7\u00e3o do conceito de P+L (Produ\u00e7\u00e3o Mais Limpa) e o roteiro para a sua aplica\u00e7\u00e3o e seus indicadores de desempenho numa empresa. Ao final do curso voc\u00ea ter\u00e1 uma vis\u00e3o n\u00e3o apenas da Ecologia Industrial, mas de alternativas para desenvolver processos produtivos mais limpos.<\/li>\n<p>&#13;<\/p>\n<li><strong>Metodologia Cient\u00edfica:<\/strong>\u00a0Metodologia cient\u00edfica \u00e9 um conjunto de t\u00e9cnicas e processos empregados para a pesquisa e a formula\u00e7\u00e3o de uma produ\u00e7\u00e3o cient\u00edfica. Aprenda a elaborar um trabalho de conclus\u00e3o de curso (TCC), e saiba como selecionar um tema, definir objetivos, identificar e descrever um problema, fundamentar sua argumenta\u00e7\u00e3o com base em trabalhos de outros autores, coletar e analisar dados e como apresentar resultados e conclus\u00f5es de forma concisa e clara.<\/li>\n<p>&#13;<\/p>\n<li><strong>Probabilidade e Estat\u00edstica:<\/strong>\u00a0Neste curso online gratuito voc\u00ea ver\u00e1 como o c\u00e1lculo de probabilidade \u00e9 uma importante ferramenta estat\u00edstica e como trata de situa\u00e7\u00f5es que n\u00e3o s\u00e3o totalmente previs\u00edveis. Esse conhecimento \u00e9 fundamental para interpretar resultados obtidos pelos m\u00e9todos estat\u00edsticos e pode ser aplicado de diversas formas no dia a dia.<\/li>\n<p>&#13;<\/p>\n<li><strong>Planejamento Estrat\u00e9gico:<\/strong>\u00a0voc\u00ea ir\u00e1 aprender conceitos e ferramentas da estrat\u00e9gia empresarial para utiliz\u00e1-los em suas organiza\u00e7\u00f5es, construindo um planejamento estrat\u00e9gico de neg\u00f3cio adequado a din\u00e2mica do mercado em que se encontram e um acompanhamento alinhado com as ferramentas de gest\u00e3o mais utilizadas.<\/li>\n<p>&#13;<\/p>\n<li><strong>LGBTQIA+ Conceitos e Hist\u00f3rias:<\/strong>\u00a0O curso oferece uma vis\u00e3o geral sobre quest\u00f5es que envolvem a sexualidade humana e a identidade de g\u00eanero. S\u00e3o apresentados conceitos e informa\u00e7\u00f5es sobre quatro caracter\u00edsticas \u2013 Sexo Biol\u00f3gico, Identidade de G\u00eanero, Express\u00e3o de G\u00eanero e Orienta\u00e7\u00e3o Afetivo-sexual \u2013 e tamb\u00e9m sobre o significado da sigla LGBT+. As hist\u00f3rias de vida s\u00e3o um convite para que voc\u00ea amplie seu olhar de mundo. Esses v\u00eddeos contam com a participa\u00e7\u00e3o de colaboradores do Veduca, da Serasa e tamb\u00e9m de convidados e convidadas que compartilham suas experi\u00eancias e vis\u00f5es.<\/li>\n<p>&#13;\n<\/ol>\n<h2>Inscri\u00e7\u00e3o Cursos Online Gratuitos Veduca<\/h2>\n<p>Para se inscrever nos cursos da Veduca:\u00a0<span style=\"color: #008080;\"><strong>[Acesse aqui]<\/strong><\/span><\/p>\n<hr\/>\n<p>Imagem em destaque: Foto\/Reprodu\u00e7\u00e3o internet<\/p>\n<p>\u00a0<\/p>\n<\/div>\n<\/div>\n<p><!-- AI CONTENT END 1 --><\/p>\n<p><!-- #comments --><\/p>\n<\/div>\n<p><script>\n                    (function(d, s, id) {\n                        var js, fjs = d.getElementsByTagName(s)[0];\n                        if (d.getElementById(id)) return;\n                        js = d.createElement(s);\n                        js.id = id;\n                        js.src = \"\/\/connect.facebook.net\/pt_PT\/sdk.js#xfbml=1&version=v2.5\";\n                        fjs.parentNode.insertBefore(js, fjs);\n                    }(document, 'script', 'facebook-jssdk'));\n                <\/script><script type=\"text\/javascript\">\n\t    (function(d){\n\t        var js, id = 'facebook-jssdk', ref = d.getElementsByTagName('script')[0];\n\t        if (d.getElementById(id)) {return;}\n\t        js = d.createElement('script'); js.id = id; js.async = true;\n\t        js.src = \"https:\/\/connect.facebook.net\/en_US\/all.js\";\n\t        ref.parentNode.insertBefore(js, ref);\n\t    }(document));\n\t    window.fbAsyncInit = function() {\n\t      \t\tFB.init({\n\t            \tappId: facebook_app_ID,\n\t            \tstatus: true,\n\t            \tcookie: true,\n\t            \txfbml: true\n\t        \t});  \n\t    };\n\t\tfunction login() {\n\t\t\tFB.login(function(response) {\n\t\t\t\tFB.api('\/me', { locale: 'en_US', fields: 'name, email' },\n\t\t\t\t\tfunction(response2) {\n\t\t\t\t\t\tif (typeof response2.error == 'undefined') {\n\t\t\t\t\t\t\tjQuery(document).ready(function($){'use strict';\n      \t\t\t\t\t\/\/console.log(response2);\n\t\t\t\t\t\t\t\t$.ajax({\n\t\t\t\t\t\t\t        type: 'POST',\n\t\t\t\t\t\t\t        dataType: 'json',\n\t\t\t\t\t\t\t        url: ajax_object.ajaxurl,\n\t\t\t\t\t\t\t        data: { \n\t\t\t\t\t\t\t            'action': 'ajaxfacebooklogin', \/\/calls wp_ajax_nopriv_ajaxlogin\n\t\t\t\t\t\t\t            'id_token': response.authResponse.accessToken,\n\t\t\t\t\t\t\t            'useremail': response2.email,\n\t\t\t\t\t\t\t            'username': response2.name,\n\t\t\t\t\t\t\t            'security': $( 'form#login #security2').val() },\n\t\t\t\t\t\t\t        success: function(data){\n\t\t\t\t\t\t\t            \/\/$('form#login div.login-error').text(data.message);\n\t\t\t\t\t\t\t            if (data.loggedin == true){\n      \t\t\t\t\t\t\t\t\t\t\t\t$('form#login div.login-error').removeClass('alert-danger').addClass('alert-success');\n      \t\t\t\t\t\t\t\t\t\t\t\t$('form#login div.login-error').text(data.message);\n\t\t\t\t\t\t\t                document.location.href = ajax_object.redirecturl;\n\t\t\t\t\t\t\t            }else{\n      \t\t\t\t\t\t\t\t\t\t\t\t$('form#login div.login-error').removeClass('alert-success').addClass('alert-danger');\n      \t\t\t\t\t\t\t\t\t\t\t\t$('form#login div.login-error').text(data.message);\n      \t\t\t\t\t\t\t\t\t\t}\n\t\t\t\t\t\t\t            if($('.login-error').text() == ''){\n\t\t\t\t\t\t\t                $('form#login div.login-error').hide();\n\t\t\t\t\t\t\t            }else{\n\t\t\t\t\t\t\t                $('form#login div.login-error').show();\n\t\t\t\t\t\t\t            }\n\t\t\t\t\t\t\t        }\n\t\t\t\t\t\t\t    });\n\t\t\t\t\t\t    });\n\t\t\t\t\t\t\t\/\/ console.log('FB Login Working!');\n\t\t\t\t\t\t\t\/\/ console.log(response2);\n\t\t\t\t\t\t}else{\n\t\t\t\t\t\t\t\/\/ console.log('FB Login Error!');\n\t\t\t\t\t\t\t\/\/ console.log(response);\n\t\t\t\t\t\t}\n\t\t\t\t\t}\n\t\t\t\t);\n\t\t\t}, {scope: 'public_profile,user_friends,email'});    \n\t\t}\n\t<\/script><br \/>\n<br \/><br \/>\n<br \/><a href=\"https:\/\/veduca.org\/jovens-de-15-a-29-anos-podem-viajar-de-graca-saiba-como\/\">Source link <\/a><\/p>\n<div class='code-block code-block-4' style='margin: 8px auto 8px 0; text-align: left; display: block; clear: both;'>\n\ud83d\udce2 Aviso Legal\n\nO site ismaelcolosi.com.br atua apenas como um canal de divulga\u00e7\u00e3o de oportunidades de emprego e n\u00e3o se responsabiliza pelo processo seletivo, contrata\u00e7\u00e3o ou qualquer outra etapa relacionada \u00e0s vagas publicadas. Todas as informa\u00e7\u00f5es s\u00e3o de responsabilidade dos anunciantes.\n\n\u26a0\ufe0f Aten\u00e7\u00e3o! Nunca pague por promessas de emprego nem compre cursos que garantam contrata\u00e7\u00e3o. Desconfie de qualquer cobran\u00e7a para participar de sele\u00e7\u00f5es.\n\n\n\n<\/div>\n<!-- CONTENT END 1 -->\n","protected":false},"excerpt":{"rendered":"<p>Jovens podem viajar de gra\u00e7a com o ID Jovem 2.0 e ter outros benef\u00edcios como meia-entrada no cinema, descontos em show, jogos de futebol, entre&#8230;<\/p>\n","protected":false},"author":1,"featured_media":42337,"comment_status":"open","ping_status":"open","sticky":false,"template":"","format":"standard","meta":{"_uag_custom_page_level_css":"","advanced_seo_description":"","jetpack_seo_html_title":"","jetpack_seo_noindex":false,"jetpack_post_was_ever_published":false,"_jetpack_newsletter_access":"","_jetpack_dont_email_post_to_subs":false,"_jetpack_newsletter_tier_id":0,"_jetpack_memberships_contains_paywalled_content":false,"_jetpack_memberships_contains_paid_content":false,"footnotes":"","jetpack_publicize_message":"","jetpack_publicize_feature_enabled":true,"jetpack_social_post_already_shared":true,"jetpack_social_options":{"image_generator_settings":{"template":"highway","default_image_id":0,"font":"","enabled":false},"version":2}},"categories":[4947],"tags":[],"class_list":["post-42336","post","type-post","status-publish","format-standard","has-post-thumbnail","hentry","category-cursos-gratuitos-e-bolsas-de-estudos-ribeirao-preto"],"jetpack_publicize_connections":[],"jetpack_featured_media_url":"https:\/\/i0.wp.com\/ismaelcolosi.com.br\/wp-content\/uploads\/2024\/03\/Jovens-Viajar-de-Graca.webp.webp?fit=620%2C388&ssl=1","uagb_featured_image_src":{"full":["https:\/\/i0.wp.com\/ismaelcolosi.com.br\/wp-content\/uploads\/2024\/03\/Jovens-Viajar-de-Graca.webp.webp?fit=620%2C388&ssl=1",620,388,false],"thumbnail":["https:\/\/i0.wp.com\/ismaelcolosi.com.br\/wp-content\/uploads\/2024\/03\/Jovens-Viajar-de-Graca.webp.webp?resize=150%2C150&ssl=1",150,150,true],"medium":["https:\/\/i0.wp.com\/ismaelcolosi.com.br\/wp-content\/uploads\/2024\/03\/Jovens-Viajar-de-Graca.webp.webp?fit=300%2C188&ssl=1",300,188,true],"medium_large":["https:\/\/i0.wp.com\/ismaelcolosi.com.br\/wp-content\/uploads\/2024\/03\/Jovens-Viajar-de-Graca.webp.webp?fit=620%2C388&ssl=1",620,388,true],"large":["https:\/\/i0.wp.com\/ismaelcolosi.com.br\/wp-content\/uploads\/2024\/03\/Jovens-Viajar-de-Graca.webp.webp?fit=620%2C388&ssl=1",620,388,true],"1536x1536":["https:\/\/i0.wp.com\/ismaelcolosi.com.br\/wp-content\/uploads\/2024\/03\/Jovens-Viajar-de-Graca.webp.webp?fit=620%2C388&ssl=1",620,388,true],"2048x2048":["https:\/\/i0.wp.com\/ismaelcolosi.com.br\/wp-content\/uploads\/2024\/03\/Jovens-Viajar-de-Graca.webp.webp?fit=620%2C388&ssl=1",620,388,true],"really-simple-thumb":["https:\/\/i0.wp.com\/ismaelcolosi.com.br\/wp-content\/uploads\/2024\/03\/Jovens-Viajar-de-Graca.webp.webp?resize=370%2C247&ssl=1",370,247,true]},"uagb_author_info":{"display_name":"ismaelcolosi.com.br","author_link":"https:\/\/ismaelcolosi.com.br\/index.php\/author\/vidareal-online\/"},"uagb_comment_info":0,"uagb_excerpt":"Jovens podem viajar de gra\u00e7a com o ID Jovem 2.0 e ter outros benef\u00edcios como meia-entrada no cinema, descontos em show, jogos de futebol, entre...","jetpack-related-posts":[{"id":9725,"url":"https:\/\/ismaelcolosi.com.br\/index.php\/2023\/12\/02\/governo-anuncia-auxilio-jovem-que-pode-chegar-a-ate-r-1-200\/","url_meta":{"origin":42336,"position":0},"title":"Governo anuncia Aux\u00edlio-Jovem, que pode chegar a at\u00e9 R$ 1.200","author":"ismaelcolosi.com.br","date":"2 de December de 2023","format":false,"excerpt":"Cr\u00e9ditos: IstockGoverno traz novidades para os jovens O governo federal continua a investir em programas sociais para garantir a seguran\u00e7a financeira e o bem-estar da popula\u00e7\u00e3o brasileira. Um desses programas not\u00e1veis \u00e9 o Aux\u00edlio Jovem, uma iniciativa crucial para apoiar os jovens do pa\u00eds que enfrentam desafios econ\u00f4micos. O benef\u00edcio,\u2026","rel":"","context":"In &quot;Variedades&quot;","block_context":{"text":"Variedades","link":"https:\/\/ismaelcolosi.com.br\/index.php\/category\/variedades\/"},"img":{"alt_text":"","src":"https:\/\/i0.wp.com\/ismaelcolosi.com.br\/wp-content\/uploads\/2023\/12\/pexels-monstera-production-6237967.jpg?fit=1200%2C638&ssl=1&resize=350%2C200","width":350,"height":200,"srcset":"https:\/\/i0.wp.com\/ismaelcolosi.com.br\/wp-content\/uploads\/2023\/12\/pexels-monstera-production-6237967.jpg?fit=1200%2C638&ssl=1&resize=350%2C200 1x, https:\/\/i0.wp.com\/ismaelcolosi.com.br\/wp-content\/uploads\/2023\/12\/pexels-monstera-production-6237967.jpg?fit=1200%2C638&ssl=1&resize=525%2C300 1.5x, https:\/\/i0.wp.com\/ismaelcolosi.com.br\/wp-content\/uploads\/2023\/12\/pexels-monstera-production-6237967.jpg?fit=1200%2C638&ssl=1&resize=700%2C400 2x, https:\/\/i0.wp.com\/ismaelcolosi.com.br\/wp-content\/uploads\/2023\/12\/pexels-monstera-production-6237967.jpg?fit=1200%2C638&ssl=1&resize=1050%2C600 3x"},"classes":[]},{"id":84863,"url":"https:\/\/ismaelcolosi.com.br\/index.php\/2025\/04\/28\/vaga-para-jovem-aprendiz-para-o-periodo-da-manha-e-da-tarde-com-salario-de-r71200-vale-transporte\/","url_meta":{"origin":42336,"position":1},"title":"Entrevista dia 29\/04 e 02\/05, para Jovem Aprendiz para o per\u00edodo da manh\u00e3 e da tarde com Salario de R$712,00 + vale transporte.","author":"Arthur Tijolo","date":"28 de April de 2025","format":false,"excerpt":"O programa Jovem Aprendiz \u00e9 um ponto de partida essencial para construir uma carreira de sucesso. Aqui est\u00e3o algumas raz\u00f5es pelas quais ele \u00e9 importante: Primeira Experi\u00eancia Profissional: Oferece aos jovens a oportunidade de ingressar no mercado de trabalho, muitas vezes pela primeira vez, em um ambiente supervisionado e estruturado.\u2026","rel":"","context":"In &quot;Vagas de Emprego em Ribeir\u00e3o Preto-SP&quot;","block_context":{"text":"Vagas de Emprego em Ribeir\u00e3o Preto-SP","link":"https:\/\/ismaelcolosi.com.br\/index.php\/category\/empregos-classificados-vagas-trabalho\/vagas-de-empregos-em-ribeirao-preto-regiao-brasil\/"},"img":{"alt_text":"","src":"https:\/\/i0.wp.com\/ismaelcolosi.com.br\/wp-content\/uploads\/2025\/04\/smiled-brunette-young-woman-black-glasses-walking-with-work-stuff-laptop-library-clever-student-university-life-smiling-scaled.jpg?fit=1200%2C800&ssl=1&resize=350%2C200","width":350,"height":200,"srcset":"https:\/\/i0.wp.com\/ismaelcolosi.com.br\/wp-content\/uploads\/2025\/04\/smiled-brunette-young-woman-black-glasses-walking-with-work-stuff-laptop-library-clever-student-university-life-smiling-scaled.jpg?fit=1200%2C800&ssl=1&resize=350%2C200 1x, https:\/\/i0.wp.com\/ismaelcolosi.com.br\/wp-content\/uploads\/2025\/04\/smiled-brunette-young-woman-black-glasses-walking-with-work-stuff-laptop-library-clever-student-university-life-smiling-scaled.jpg?fit=1200%2C800&ssl=1&resize=525%2C300 1.5x, https:\/\/i0.wp.com\/ismaelcolosi.com.br\/wp-content\/uploads\/2025\/04\/smiled-brunette-young-woman-black-glasses-walking-with-work-stuff-laptop-library-clever-student-university-life-smiling-scaled.jpg?fit=1200%2C800&ssl=1&resize=700%2C400 2x, https:\/\/i0.wp.com\/ismaelcolosi.com.br\/wp-content\/uploads\/2025\/04\/smiled-brunette-young-woman-black-glasses-walking-with-work-stuff-laptop-library-clever-student-university-life-smiling-scaled.jpg?fit=1200%2C800&ssl=1&resize=1050%2C600 3x"},"classes":[]},{"id":37929,"url":"https:\/\/ismaelcolosi.com.br\/index.php\/2024\/02\/19\/trabalho-de-jovem-aprendiz-conquiste-sua-vaga-de-emprego\/","url_meta":{"origin":42336,"position":2},"title":"Trabalho de Jovem Aprendiz: conquiste sua vaga de emprego!","author":"ismaelcolosi.com.br","date":"19 de February de 2024","format":false,"excerpt":"Ingressar no mercado de trabalho nem sempre \u00e9 f\u00e1cil, afinal, muitas empresas pedem experi\u00eancia profissional, qualifica\u00e7\u00f5es e resultados comprovados para contratar novos talentos. Por isso, existem programas que facilitam a conquista do primeiro emprego, como o Jovem Aprendiz. O programa oferece oportunidades em v\u00e1rios setores e atividades para que esse\u2026","rel":"","context":"In &quot;Carreira e Sucesso&quot;","block_context":{"text":"Carreira e Sucesso","link":"https:\/\/ismaelcolosi.com.br\/index.php\/category\/carreira-e-sucesso-dicas-para-carreira\/"},"img":{"alt_text":"","src":"https:\/\/i0.wp.com\/ismaelcolosi.com.br\/wp-content\/uploads\/2024\/02\/trabalho-de-jovem-aprendiz.jpg?fit=1200%2C675&ssl=1&resize=350%2C200","width":350,"height":200,"srcset":"https:\/\/i0.wp.com\/ismaelcolosi.com.br\/wp-content\/uploads\/2024\/02\/trabalho-de-jovem-aprendiz.jpg?fit=1200%2C675&ssl=1&resize=350%2C200 1x, https:\/\/i0.wp.com\/ismaelcolosi.com.br\/wp-content\/uploads\/2024\/02\/trabalho-de-jovem-aprendiz.jpg?fit=1200%2C675&ssl=1&resize=525%2C300 1.5x, https:\/\/i0.wp.com\/ismaelcolosi.com.br\/wp-content\/uploads\/2024\/02\/trabalho-de-jovem-aprendiz.jpg?fit=1200%2C675&ssl=1&resize=700%2C400 2x, https:\/\/i0.wp.com\/ismaelcolosi.com.br\/wp-content\/uploads\/2024\/02\/trabalho-de-jovem-aprendiz.jpg?fit=1200%2C675&ssl=1&resize=1050%2C600 3x"},"classes":[]},{"id":49154,"url":"https:\/\/ismaelcolosi.com.br\/index.php\/2024\/05\/08\/startup-bettha-anuncia-programas-de-estagio-em-empresas-como-ype-accenture-e-akzo-nobel\/","url_meta":{"origin":42336,"position":3},"title":"Startup Bettha anuncia programas de est\u00e1gio em empresas como Yp\u00ea, Accenture e Akzo Nobel","author":"ismaelcolosi.com.br","date":"8 de May de 2024","format":false,"excerpt":"Da reda\u00e7\u00e3oi Da reda\u00e7\u00e3o 08\/05\/2024 - 19:53 A Bettha, startup brasileira pioneira em recrutamento e sele\u00e7\u00e3o por meio de intelig\u00eancia artificial, est\u00e1 com as inscri\u00e7\u00f5es abertas para os programas de est\u00e1gio 2024 em parceria com grandes empresas, como Yp\u00ea, Afya, Akzo Nobel, entre outras.Os programas de est\u00e1gio representam oportunidades para\u2026","rel":"","context":"In &quot;Empregos - Classificados&quot;","block_context":{"text":"Empregos - Classificados","link":"https:\/\/ismaelcolosi.com.br\/index.php\/category\/empregos-classificados-vagas-trabalho\/"},"img":{"alt_text":"","src":"https:\/\/i0.wp.com\/ismaelcolosi.com.br\/wp-content\/uploads\/2024\/05\/jovens-na-sala-de-aula-com-computadores-23-2147663656.jpg?fit=996%2C664&ssl=1&resize=350%2C200","width":350,"height":200,"srcset":"https:\/\/i0.wp.com\/ismaelcolosi.com.br\/wp-content\/uploads\/2024\/05\/jovens-na-sala-de-aula-com-computadores-23-2147663656.jpg?fit=996%2C664&ssl=1&resize=350%2C200 1x, https:\/\/i0.wp.com\/ismaelcolosi.com.br\/wp-content\/uploads\/2024\/05\/jovens-na-sala-de-aula-com-computadores-23-2147663656.jpg?fit=996%2C664&ssl=1&resize=525%2C300 1.5x, https:\/\/i0.wp.com\/ismaelcolosi.com.br\/wp-content\/uploads\/2024\/05\/jovens-na-sala-de-aula-com-computadores-23-2147663656.jpg?fit=996%2C664&ssl=1&resize=700%2C400 2x"},"classes":[]},{"id":14820,"url":"https:\/\/ismaelcolosi.com.br\/index.php\/2023\/12\/12\/grupo-mrv-abre-120-vagas-para-jovem-aprendiz-em-todo-o-brasil-veja-como-se-inscrever\/","url_meta":{"origin":42336,"position":4},"title":"Grupo MRV abre 120 vagas para Jovem Aprendiz em todo o Brasil; veja como se inscrever","author":"ismaelcolosi.com.br","date":"12 de December de 2023","format":false,"excerpt":"Da reda\u00e7\u00e3oi Da reda\u00e7\u00e3o 07\/12\/2023 - 8:09 O grupo MRV&CO, formado pelas empresas MRV, Sensia, Luggo, Urba e Resia, est\u00e1 com inscri\u00e7\u00f5es abertas para o programa Jovem Aprendiz. Com 120 vagas, em diversas regi\u00f5es do pa\u00eds, sendo 12 em S\u00e3o Paulo (SP), o projeto \u00e9 para jovens iniciarem no mercado\u2026","rel":"","context":"In &quot;Vagas de Emprego em Ribeir\u00e3o Preto-SP&quot;","block_context":{"text":"Vagas de Emprego em Ribeir\u00e3o Preto-SP","link":"https:\/\/ismaelcolosi.com.br\/index.php\/category\/empregos-classificados-vagas-trabalho\/vagas-de-empregos-em-ribeirao-preto-regiao-brasil\/"},"img":{"alt_text":"","src":"https:\/\/i0.wp.com\/ismaelcolosi.com.br\/wp-content\/uploads\/2023\/12\/1702404651_mrv-predio-fachada.jpg?fit=1200%2C628&ssl=1&resize=350%2C200","width":350,"height":200,"srcset":"https:\/\/i0.wp.com\/ismaelcolosi.com.br\/wp-content\/uploads\/2023\/12\/1702404651_mrv-predio-fachada.jpg?fit=1200%2C628&ssl=1&resize=350%2C200 1x, https:\/\/i0.wp.com\/ismaelcolosi.com.br\/wp-content\/uploads\/2023\/12\/1702404651_mrv-predio-fachada.jpg?fit=1200%2C628&ssl=1&resize=525%2C300 1.5x, https:\/\/i0.wp.com\/ismaelcolosi.com.br\/wp-content\/uploads\/2023\/12\/1702404651_mrv-predio-fachada.jpg?fit=1200%2C628&ssl=1&resize=700%2C400 2x, https:\/\/i0.wp.com\/ismaelcolosi.com.br\/wp-content\/uploads\/2023\/12\/1702404651_mrv-predio-fachada.jpg?fit=1200%2C628&ssl=1&resize=1050%2C600 3x"},"classes":[]},{"id":51516,"url":"https:\/\/ismaelcolosi.com.br\/index.php\/2024\/05\/28\/cresce-o-numero-de-jovens-que-nao-estudam-nem-trabalham-no-brasil\/","url_meta":{"origin":42336,"position":5},"title":"Cresce o n\u00famero de jovens que n\u00e3o estudam nem trabalham no Brasil","author":"ismaelcolosi.com.br","date":"28 de May de 2024","format":false,"excerpt":"\u00a0 Acessibilidade L L A- A+ \u25d0 \u00a0 Aumenta o n\u00famero de jovens, entre 14 e 24 anos, que n\u00e3o trabalham, n\u00e3o estudam nem buscam trabalho. Se nos tr\u00eas primeiros meses do ano passado o contingente de jovens \u201cnem-nem\u201d somava 4 milh\u00f5es de pessoas, no mesmo per\u00edodo deste ano alcan\u00e7ou\u2026","rel":"","context":"In &quot;Carreira e Sucesso&quot;","block_context":{"text":"Carreira e Sucesso","link":"https:\/\/ismaelcolosi.com.br\/index.php\/category\/carreira-e-sucesso-dicas-para-carreira\/"},"img":{"alt_text":"","src":"https:\/\/i0.wp.com\/ismaelcolosi.com.br\/wp-content\/uploads\/2024\/05\/nem_nem03-1024x683.jpg?fit=1024%2C683&ssl=1&resize=350%2C200","width":350,"height":200,"srcset":"https:\/\/i0.wp.com\/ismaelcolosi.com.br\/wp-content\/uploads\/2024\/05\/nem_nem03-1024x683.jpg?fit=1024%2C683&ssl=1&resize=350%2C200 1x, https:\/\/i0.wp.com\/ismaelcolosi.com.br\/wp-content\/uploads\/2024\/05\/nem_nem03-1024x683.jpg?fit=1024%2C683&ssl=1&resize=525%2C300 1.5x, https:\/\/i0.wp.com\/ismaelcolosi.com.br\/wp-content\/uploads\/2024\/05\/nem_nem03-1024x683.jpg?fit=1024%2C683&ssl=1&resize=700%2C400 2x"},"classes":[]}],"jetpack_sharing_enabled":true,"jetpack_shortlink":"https:\/\/wp.me\/pfMlyK-b0Q","_links":{"self":[{"href":"https:\/\/ismaelcolosi.com.br\/index.php\/wp-json\/wp\/v2\/posts\/42336","targetHints":{"allow":["GET"]}}],"collection":[{"href":"https:\/\/ismaelcolosi.com.br\/index.php\/wp-json\/wp\/v2\/posts"}],"about":[{"href":"https:\/\/ismaelcolosi.com.br\/index.php\/wp-json\/wp\/v2\/types\/post"}],"author":[{"embeddable":true,"href":"https:\/\/ismaelcolosi.com.br\/index.php\/wp-json\/wp\/v2\/users\/1"}],"replies":[{"embeddable":true,"href":"https:\/\/ismaelcolosi.com.br\/index.php\/wp-json\/wp\/v2\/comments?post=42336"}],"version-history":[{"count":0,"href":"https:\/\/ismaelcolosi.com.br\/index.php\/wp-json\/wp\/v2\/posts\/42336\/revisions"}],"wp:featuredmedia":[{"embeddable":true,"href":"https:\/\/ismaelcolosi.com.br\/index.php\/wp-json\/wp\/v2\/media\/42337"}],"wp:attachment":[{"href":"https:\/\/ismaelcolosi.com.br\/index.php\/wp-json\/wp\/v2\/media?parent=42336"}],"wp:term":[{"taxonomy":"category","embeddable":true,"href":"https:\/\/ismaelcolosi.com.br\/index.php\/wp-json\/wp\/v2\/categories?post=42336"},{"taxonomy":"post_tag","embeddable":true,"href":"https:\/\/ismaelcolosi.com.br\/index.php\/wp-json\/wp\/v2\/tags?post=42336"}],"curies":[{"name":"wp","href":"https:\/\/api.w.org\/{rel}","templated":true}]}}