{"id":42326,"date":"2024-03-13T21:34:45","date_gmt":"2024-03-14T00:34:45","guid":{"rendered":"https:\/\/ismaelcolosi.com.br\/index.php\/2024\/03\/13\/transferencia-de-veiculos-agora-e-digital-no-estado\/"},"modified":"2024-03-13T21:34:45","modified_gmt":"2024-03-14T00:34:45","slug":"transferencia-de-veiculos-agora-e-digital-no-estado","status":"publish","type":"post","link":"https:\/\/ismaelcolosi.com.br\/index.php\/2024\/03\/13\/transferencia-de-veiculos-agora-e-digital-no-estado\/","title":{"rendered":"Transfer\u00eancia de ve\u00edculos\u00a0agora \u00e9 digital no estado\u00a0"},"content":{"rendered":"<p> <br \/>\n<\/p>\n<div id=\"\">\n<p> <span class=\"entry-meta-item penci-posted-on\"><i class=\"fa fa-clock-o\"\/><time class=\"entry-date published\" datetime=\"2024-03-13T15:00:33-03:00\">13 de mar\u00e7o de 2024 | 15:00<\/time><time class=\"updated\" datetime=\"2024-03-13T10:36:52-03:00\">13 de mar\u00e7o de 2024 | 10:36<\/time><\/span><\/p>\n<p> <span class=\"penci-social-buttons penci-social-share-footer\"><a href=\"#\" class=\"penci-post-like penci_post-meta_item  single-like-button penci-social-item like\" data-post_id=\"377200\" title=\"Like\" data-like=\"Like\" data-unlike=\"Unlike\"><i class=\"fa fa-thumbs-o-up\"\/><span class=\"penci-share-number\">0<\/span><\/a><i class=\"fa fa-facebook\"\/><a class=\"penci-social-item twitter\" target=\"_blank\" rel=\"noopener\" title=\"\" href=\"https:\/\/twitter.com\/intent\/tweet?text=Transfer\u00eancia%20de%20ve\u00edculos\u00a0agora%20\u00e9%20digital%20no%20estado\u00a0%20-%20https:\/\/www.tribunaribeirao.com.br\/site\/transferencia-de-veiculos-agora-e-digital-no-estado\/\"><i class=\"fa fa-twitter\"\/><\/a><i class=\"fa fa-whatsapp\"\/><\/span><\/div>\n<div>\n<p><span class=\"TextRun SCXW222344281 BCX0\" lang=\"PT-BR\" xml:lang=\"PT-BR\" data-contrast=\"auto\"><span class=\"NormalTextRun SCXW222344281 BCX0\">Desde esta <\/span><span class=\"NormalTextRun SCXW222344281 BCX0\">ter\u00e7a-feira<\/span><span class=\"NormalTextRun SCXW222344281 BCX0\">, 12 de mar\u00e7o, <\/span><span class=\"NormalTextRun SCXW222344281 BCX0\">donos<\/span><span class=\"NormalTextRun SCXW222344281 BCX0\"> de ve\u00edculos registrados em S\u00e3o Paulo <\/span><span class=\"NormalTextRun SCXW222344281 BCX0\">s\u00e3o <\/span><span class=\"NormalTextRun SCXW222344281 BCX0\">os primeiros do pa\u00eds a ter acesso a um servi\u00e7o de transfer\u00eancia 100% digital, dispon\u00edvel a qualquer hora, sem intermedi\u00e1rios ou <\/span><span class=\"NormalTextRun SCXW222344281 BCX0\">visita a <\/span><span class=\"NormalTextRun SCXW222344281 BCX0\">cart\u00f3rios. <\/span><\/span><span class=\"LineBreakBlob BlobObject DragDrop SCXW222344281 BCX0\"><span class=\"SCXW222344281 BCX0\">\u00a0<\/span><br class=\"SCXW222344281 BCX0\"\/><\/span><span class=\"LineBreakBlob BlobObject DragDrop SCXW222344281 BCX0\"><span class=\"SCXW222344281 BCX0\">\u00a0<\/span><br class=\"SCXW222344281 BCX0\"\/><\/span><span class=\"TextRun SCXW222344281 BCX0\" lang=\"PT-BR\" xml:lang=\"PT-BR\" data-contrast=\"auto\"><span class=\"NormalTextRun SCXW222344281 BCX0\">A Transfer\u00eancia Digital de Ve\u00edculos (TDV) foi anunciada pelo governador Tarc\u00edsio <\/span><span class=\"NormalTextRun SCXW222344281 BCX0\">de Freitas (Republicanos) <\/span><span class=\"NormalTextRun SCXW222344281 BCX0\">e pelo Departamento de Tr\u00e2nsito do Estado de S\u00e3o Paulo (<\/span><span class=\"NormalTextRun SpellingErrorV2Themed SCXW222344281 BCX0\">Detran<\/span><span class=\"NormalTextRun SpellingErrorV2Themed SCXW222344281 BCX0\">-SP<\/span><span class=\"NormalTextRun SCXW222344281 BCX0\">) e poder\u00e1 ser feita em poucos minutos por meio do aplicativo do <\/span><span class=\"NormalTextRun SCXW222344281 BCX0\">Poupatempo<\/span><span class=\"NormalTextRun SCXW222344281 BCX0\">.<\/span><\/span><span class=\"LineBreakBlob BlobObject DragDrop SCXW222344281 BCX0\"><span class=\"SCXW222344281 BCX0\">\u00a0<\/span><br class=\"SCXW222344281 BCX0\"\/><\/span><span class=\"LineBreakBlob BlobObject DragDrop SCXW222344281 BCX0\"><span class=\"SCXW222344281 BCX0\">\u00a0<\/span><br class=\"SCXW222344281 BCX0\"\/><\/span><span class=\"TextRun SCXW222344281 BCX0\" lang=\"PT-BR\" xml:lang=\"PT-BR\" data-contrast=\"auto\"><span class=\"NormalTextRun SCXW222344281 BCX0\">\u201cInvestir em digitaliza\u00e7\u00e3o \u00e9 investir em efici\u00eancia, \u00e9 economizar recursos, \u00e9 dar transpar\u00eancia e evitar o descaminho. E hoje damos mais um passo importante com o que o <\/span><span class=\"NormalTextRun SCXW222344281 BCX0\">Detran<\/span><span class=\"NormalTextRun SCXW222344281 BCX0\"> est\u00e1 proporcionando com a transfer\u00eancia digital de ve\u00edculos\u201d, <\/span><span class=\"NormalTextRun SCXW222344281 BCX0\">diz <\/span><span class=\"NormalTextRun SCXW222344281 BCX0\">o governador.<\/span><\/span><span class=\"LineBreakBlob BlobObject DragDrop SCXW222344281 BCX0\"><span class=\"SCXW222344281 BCX0\">\u00a0<\/span><br class=\"SCXW222344281 BCX0\"\/><\/span><span class=\"LineBreakBlob BlobObject DragDrop SCXW222344281 BCX0\"><span class=\"SCXW222344281 BCX0\">\u00a0<\/span><br class=\"SCXW222344281 BCX0\"\/><\/span><span class=\"TextRun SCXW222344281 BCX0\" lang=\"PT-BR\" xml:lang=\"PT-BR\" data-contrast=\"auto\"><span class=\"NormalTextRun SCXW222344281 BCX0\">A TDV j\u00e1 est\u00e1 dispon\u00edvel no <\/span><span class=\"NormalTextRun SCXW222344281 BCX0\">app<\/span><span class=\"NormalTextRun SCXW222344281 BCX0\"> do <\/span><span class=\"NormalTextRun SCXW222344281 BCX0\">Poupatempo<\/span><span class=\"NormalTextRun SCXW222344281 BCX0\">, na aba \u201cTransferir Propriedade de Ve\u00edculos\u201d. O processo \u00e9 100% automatizado e valer\u00e1 para vendedores e compradores que possuem a conta <\/span><span class=\"NormalTextRun SpellingErrorV2Themed SCXW222344281 BCX0\">Gov.<\/span><span class=\"NormalTextRun SpellingErrorV2Themed SCXW222344281 BCX0\">Br<\/span><span class=\"NormalTextRun SCXW222344281 BCX0\"> nos n\u00edveis prata ou ouro.<\/span><\/span><span class=\"LineBreakBlob BlobObject DragDrop SCXW222344281 BCX0\"><span class=\"SCXW222344281 BCX0\">\u00a0<\/span><br class=\"SCXW222344281 BCX0\"\/><\/span><span class=\"LineBreakBlob BlobObject DragDrop SCXW222344281 BCX0\"><span class=\"SCXW222344281 BCX0\">\u00a0<\/span><br class=\"SCXW222344281 BCX0\"\/><\/span><span class=\"TextRun SCXW222344281 BCX0\" lang=\"PT-BR\" xml:lang=\"PT-BR\" data-contrast=\"auto\"><span class=\"NormalTextRun SCXW222344281 BCX0\">N<\/span><span class=\"NormalTextRun SCXW222344281 BCX0\">esta primeira fase, o sistema est\u00e1 liberado para transfer\u00eancias entre pessoas f\u00edsicas de ve\u00edculos que j\u00e1 tenham o Certificado de Registro de Ve\u00edculos em formato digital, com placas <\/span><span class=\"NormalTextRun SCXW222344281 BCX0\">Mercosul<\/span><span class=\"NormalTextRun SCXW222344281 BCX0\"> ou convencionais <\/span><span class=\"NormalTextRun SCXW222344281 BCX0\">\u2013<\/span><span class=\"NormalTextRun SCXW222344281 BCX0\"> neste caso, o novo propriet\u00e1rio ter\u00e1 que residir na mesma cidade em que o ve\u00edculo est\u00e1 registrado.<\/span><\/span><span class=\"LineBreakBlob BlobObject DragDrop SCXW222344281 BCX0\"><span class=\"SCXW222344281 BCX0\">\u00a0<\/span><br class=\"SCXW222344281 BCX0\"\/><\/span><span class=\"LineBreakBlob BlobObject DragDrop SCXW222344281 BCX0\"><span class=\"SCXW222344281 BCX0\">\u00a0<\/span><br class=\"SCXW222344281 BCX0\"\/><\/span><span class=\"TextRun SCXW222344281 BCX0\" lang=\"PT-BR\" xml:lang=\"PT-BR\" data-contrast=\"auto\"><span class=\"NormalTextRun SCXW222344281 BCX0\">Nos pr\u00f3ximos meses, o servi\u00e7o tamb\u00e9m estar\u00e1 dispon\u00edvel por meio do <\/span><span class=\"NormalTextRun SCXW222344281 BCX0\">e-Notariado<\/span><span class=\"NormalTextRun SCXW222344281 BCX0\"> para ve\u00edculos com Documento \u00danico de Transfer\u00eancia (DUT) em papel, pessoas jur\u00eddicas e transa\u00e7\u00f5es mediadas por meio de procura\u00e7\u00f5es p\u00fablicas. Em todas as modalidades, a transfer\u00eancia ser\u00e1 instant\u00e2nea, sem tr\u00e2mite de documenta\u00e7\u00e3o f\u00edsica.<\/span><\/span><span class=\"LineBreakBlob BlobObject DragDrop SCXW222344281 BCX0\"><span class=\"SCXW222344281 BCX0\">\u00a0<\/span><br class=\"SCXW222344281 BCX0\"\/><\/span><span class=\"LineBreakBlob BlobObject DragDrop SCXW222344281 BCX0\"><span class=\"SCXW222344281 BCX0\">\u00a0<\/span><br class=\"SCXW222344281 BCX0\"\/><\/span><span class=\"TextRun SCXW222344281 BCX0\" lang=\"PT-BR\" xml:lang=\"PT-BR\" data-contrast=\"auto\"><span class=\"NormalTextRun SCXW222344281 BCX0\">Para o presidente do <\/span><span class=\"NormalTextRun SpellingErrorV2Themed SCXW222344281 BCX0\">Detran-SP<\/span><span class=\"NormalTextRun SCXW222344281 BCX0\">, <\/span><span class=\"NormalTextRun SCXW222344281 BCX0\">Eduardo <\/span><span class=\"NormalTextRun SCXW222344281 BCX0\">Aggio<\/span><span class=\"NormalTextRun SCXW222344281 BCX0\">,<\/span> <span class=\"NormalTextRun SCXW222344281 BCX0\">um benef\u00edcio importante \u00e9 a dispensa de intermedia\u00e7\u00e3o. \u201cAt\u00e9 agora, o propriet\u00e1rio precisava da valida\u00e7\u00e3o de um cart\u00f3rio <\/span><span class=\"NormalTextRun AdvancedProofingIssueV2Themed SCXW222344281 BCX0\">e tamb\u00e9m<\/span><span class=\"NormalTextRun SCXW222344281 BCX0\"> ir presencialmente a um posto do <\/span><span class=\"NormalTextRun SCXW222344281 BCX0\">Detran<\/span><span class=\"NormalTextRun SCXW222344281 BCX0\"> para concretizar a transfer\u00eancia. Agora, basta um celular, o download do documento de vistoria e o pagamento da taxa via <\/span><span class=\"NormalTextRun SCXW222344281 BCX0\">Pix<\/span><span class=\"NormalTextRun SCXW222344281 BCX0\">\u201c, explicou <\/span><span class=\"NormalTextRun SCXW222344281 BCX0\">Aggio<\/span><span class=\"NormalTextRun SCXW222344281 BCX0\">.<\/span><\/span><span class=\"LineBreakBlob BlobObject DragDrop SCXW222344281 BCX0\"><span class=\"SCXW222344281 BCX0\">\u00a0<\/span><br class=\"SCXW222344281 BCX0\"\/><\/span><span class=\"LineBreakBlob BlobObject DragDrop SCXW222344281 BCX0\"><span class=\"SCXW222344281 BCX0\">\u00a0<\/span><br class=\"SCXW222344281 BCX0\"\/><\/span><span class=\"TextRun SCXW222344281 BCX0\" lang=\"PT-BR\" xml:lang=\"PT-BR\" data-contrast=\"auto\"><span class=\"NormalTextRun SCXW222344281 BCX0\">A TDV exige a inspe\u00e7\u00e3o do ve\u00edculo por uma empresa credenciada de vistoria, como tamb\u00e9m acontece no processo tradicional. Com a automatiza\u00e7\u00e3o, a troca <\/span><span class=\"NormalTextRun SCXW222344281 BCX0\">de propriedade dever\u00e1 ocorrer em cinco minutos, de acordo com a Prodesp. Sem a digitaliza\u00e7\u00e3o, o prazo varia entre tr\u00eas e dez dias \u00fateis, incluindo an\u00e1lise da documenta\u00e7\u00e3o remetida pelo propriet\u00e1rio via site do <\/span><span class=\"NormalTextRun SpellingErrorV2Themed SCXW222344281 BCX0\">Detran-SP<\/span><span class=\"NormalTextRun SCXW222344281 BCX0\">.<\/span><\/span><span class=\"LineBreakBlob BlobObject DragDrop SCXW222344281 BCX0\"><span class=\"SCXW222344281 BCX0\">\u00a0<\/span><br class=\"SCXW222344281 BCX0\"\/><\/span><span class=\"LineBreakBlob BlobObject DragDrop SCXW222344281 BCX0\"><span class=\"SCXW222344281 BCX0\">\u00a0<\/span><br class=\"SCXW222344281 BCX0\"\/><\/span><span class=\"TextRun SCXW222344281 BCX0\" lang=\"PT-BR\" xml:lang=\"PT-BR\" data-contrast=\"auto\"><span class=\"NormalTextRun SCXW222344281 BCX0\">O novo formato dispensa a ida ao cart\u00f3rio porque conta com autenticidade digital no pr\u00f3prio ambiente do aplicativo. Tamb\u00e9m ser\u00e1 poss\u00edvel pagar a taxa de transfer\u00eancia via <\/span><span class=\"NormalTextRun SCXW222344281 BCX0\">Pix<\/span><span class=\"NormalTextRun SCXW222344281 BCX0\">, assim como a quita\u00e7\u00e3o de d\u00e9bitos pendentes do ve\u00edculo. A seguran\u00e7a \u00e9 garantida pela confer\u00eancia online de pend\u00eancias \u2013 ao final da opera\u00e7\u00e3o, vendedor e comprador s\u00e3o notificados para a emiss\u00e3o dos novos documentos.<\/span><\/span><span class=\"LineBreakBlob BlobObject DragDrop SCXW222344281 BCX0\"><span class=\"SCXW222344281 BCX0\">\u00a0<\/span><br class=\"SCXW222344281 BCX0\"\/><\/span><span class=\"LineBreakBlob BlobObject DragDrop SCXW222344281 BCX0\"><span class=\"SCXW222344281 BCX0\">\u00a0<\/span><br class=\"SCXW222344281 BCX0\"\/><\/span><span class=\"TextRun SCXW222344281 BCX0\" lang=\"PT-BR\" xml:lang=\"PT-BR\" data-contrast=\"auto\"><span class=\"NormalTextRun SCXW222344281 BCX0\">Segundo a <\/span><span class=\"NormalTextRun SCXW222344281 BCX0\">Companhia de Processamento de Dados do Estado de S\u00e3o Paulo <\/span><span class=\"NormalTextRun SCXW222344281 BCX0\">(<\/span><span class=\"NormalTextRun SCXW222344281 BCX0\">Prodesp<\/span><span class=\"NormalTextRun SCXW222344281 BCX0\">)<\/span><span class=\"NormalTextRun SCXW222344281 BCX0\">, a expectativa \u00e9 de facilita\u00e7\u00e3o de at\u00e9 70 mil transfer\u00eancias mensais de ve\u00edculos nas 645 cidades paulistas na primeira etapa de implementa\u00e7\u00e3o da TDV. Com o avan\u00e7o para as pr\u00f3ximas etapas, o volume poder\u00e1 chegar a 500 mil transa\u00e7\u00f5es mensais.<\/span><\/span><span class=\"LineBreakBlob BlobObject DragDrop SCXW222344281 BCX0\"><span class=\"SCXW222344281 BCX0\">\u00a0<\/span><br class=\"SCXW222344281 BCX0\"\/><\/span><span class=\"LineBreakBlob BlobObject DragDrop SCXW222344281 BCX0\"><span class=\"SCXW222344281 BCX0\">\u00a0<\/span><br class=\"SCXW222344281 BCX0\"\/><\/span><span class=\"TextRun SCXW222344281 BCX0\" lang=\"PT-BR\" xml:lang=\"PT-BR\" data-contrast=\"none\"><span class=\"NormalTextRun SCXW222344281 BCX0\">O <\/span><span class=\"NormalTextRun SpellingErrorV2Themed SCXW222344281 BCX0\">Detran-SP<\/span><span class=\"NormalTextRun SCXW222344281 BCX0\"> informa que, <\/span><span class=\"NormalTextRun SCXW222344281 BCX0\">em <\/span><span class=\"NormalTextRun SCXW222344281 BCX0\">Ribeir\u00e3o Preto, a frota de ve\u00edculos \u00e9 de 561.751<\/span><span class=\"NormalTextRun SCXW222344281 BCX0\">, segundo dados de dezembro do ano passado<\/span><span class=\"NormalTextRun SCXW222344281 BCX0\">. J\u00e1 <\/span><span class=\"NormalTextRun SCXW222344281 BCX0\">em 2022<\/span><span class=\"NormalTextRun SCXW222344281 BCX0\">, era de 549.233 ve\u00edculos.<\/span><span class=\"NormalTextRun SCXW222344281 BCX0\"> S\u00e3o 12.518 a mais e crescimento de 2,28%. Segundo <\/span><span class=\"NormalTextRun SCXW222344281 BCX0\">a Secretaria Nacional de Tr\u00e2nsito (<\/span><span class=\"NormalTextRun SpellingErrorV2Themed SCXW222344281 BCX0\">Senatran<\/span><span class=\"NormalTextRun SCXW222344281 BCX0\">)<\/span><span class=\"NormalTextRun SCXW222344281 BCX0\">, s\u00e3o <\/span><span class=\"NormalTextRun SCXW222344281 BCX0\">576.269<\/span><span class=\"NormalTextRun SCXW222344281 BCX0\"> carros, caminhonetes, motocicletas, \u00f4nibus, vans e afins<\/span><span class=\"NormalTextRun SCXW222344281 BCX0\">.<\/span><\/span><span class=\"LineBreakBlob BlobObject DragDrop SCXW222344281 BCX0\"><span class=\"SCXW222344281 BCX0\">\u00a0<\/span><br class=\"SCXW222344281 BCX0\"\/><\/span><span class=\"LineBreakBlob BlobObject DragDrop SCXW222344281 BCX0\"><span class=\"SCXW222344281 BCX0\">\u00a0<\/span><br class=\"SCXW222344281 BCX0\"\/><\/span><span class=\"TextRun SCXW222344281 BCX0\" lang=\"PT-BR\" xml:lang=\"PT-BR\" data-contrast=\"auto\"><span class=\"NormalTextRun SCXW222344281 BCX0\">Talon\u00e1rio Eletr\u00f4nico<\/span><span class=\"NormalTextRun SCXW222344281 BCX0\"> \u2013 <\/span><\/span><span class=\"TextRun SCXW222344281 BCX0\" lang=\"PT-BR\" xml:lang=\"PT-BR\" data-contrast=\"auto\"><span class=\"NormalTextRun SCXW222344281 BCX0\">As novidades do pacote de transforma\u00e7\u00e3o digital tamb\u00e9m incluem atualiza\u00e7\u00f5es do aplicativo Talon\u00e1rio Eletr\u00f4nico para digitaliza\u00e7\u00e3o completa de infra\u00e7\u00f5es registradas pelo <\/span><span class=\"NormalTextRun SCXW222344281 BCX0\">Departamento de Tr\u00e2nsito do Estado de S\u00e3o Paulo<\/span><span class=\"NormalTextRun SCXW222344281 BCX0\">. <\/span><\/span><span class=\"LineBreakBlob BlobObject DragDrop SCXW222344281 BCX0\"><span class=\"SCXW222344281 BCX0\">\u00a0<\/span><br class=\"SCXW222344281 BCX0\"\/><\/span><span class=\"LineBreakBlob BlobObject DragDrop SCXW222344281 BCX0\"><span class=\"SCXW222344281 BCX0\">\u00a0<\/span><br class=\"SCXW222344281 BCX0\"\/><\/span><span class=\"TextRun SCXW222344281 BCX0\" lang=\"PT-BR\" xml:lang=\"PT-BR\" data-contrast=\"auto\"><span class=\"NormalTextRun SCXW222344281 BCX0\">O processo de autua\u00e7\u00e3o 100% digital \u00e9 integrado aos sistemas estadual e nacional de dados e permite a pesquisa online de bloqueios, restri\u00e7\u00f5es ou alertas de roubo ou furto dos ve\u00edculos e dados da C<\/span><span class=\"NormalTextRun SCXW222344281 BCX0\">arteira nacional de Habilita\u00e7\u00e3o (C<\/span><span class=\"NormalTextRun SCXW222344281 BCX0\">NH<\/span><span class=\"NormalTextRun SCXW222344281 BCX0\">)<\/span><span class=\"NormalTextRun SCXW222344281 BCX0\"> de condutores autuados.<\/span><\/span><span class=\"LineBreakBlob BlobObject DragDrop SCXW222344281 BCX0\"><span class=\"SCXW222344281 BCX0\">\u00a0<\/span><br class=\"SCXW222344281 BCX0\"\/><\/span><span class=\"LineBreakBlob BlobObject DragDrop SCXW222344281 BCX0\"><span class=\"SCXW222344281 BCX0\">\u00a0<\/span><br class=\"SCXW222344281 BCX0\"\/><\/span><span class=\"TextRun SCXW222344281 BCX0\" lang=\"PT-BR\" xml:lang=\"PT-BR\" data-contrast=\"auto\"><span class=\"NormalTextRun SCXW222344281 BCX0\">Em 2023, ainda com digitaliza\u00e7\u00e3o parcial, o <\/span><span class=\"NormalTextRun SpellingErrorV2Themed SCXW222344281 BCX0\">Detran-SP<\/span><span class=\"NormalTextRun SCXW222344281 BCX0\"> economizou R$ 5,4 milh\u00f5es que seriam gastos com talon\u00e1rios impressos. Outra nova funcionalidade \u00e9 o Sistema de Recolhimento de Ve\u00edculos (SRV), que disponibiliza solu\u00e7\u00f5es digitais para agilizar a libera\u00e7\u00e3o de ve\u00edculos recolhidos pelo <\/span><span class=\"NormalTextRun SpellingErrorV2Themed SCXW222344281 BCX0\">Detran<\/span><span class=\"NormalTextRun SpellingErrorV2Themed SCXW222344281 BCX0\">-SP<\/span><span class=\"NormalTextRun SCXW222344281 BCX0\">.<\/span><\/span><span class=\"LineBreakBlob BlobObject DragDrop SCXW222344281 BCX0\"><span class=\"SCXW222344281 BCX0\">\u00a0<\/span><br class=\"SCXW222344281 BCX0\"\/><\/span><span class=\"LineBreakBlob BlobObject DragDrop SCXW222344281 BCX0\"><br class=\"SCXW222344281 BCX0\"\/><\/span><span class=\"LineBreakBlob BlobObject DragDrop SCXW222344281 BCX0\"><span class=\"SCXW222344281 BCX0\">\u00a0<\/span><br class=\"SCXW222344281 BCX0\"\/><\/span><span class=\"EOP SCXW222344281 BCX0\" data-ccp-props=\"{&quot;201341983&quot;:0,&quot;335559739&quot;:200,&quot;335559740&quot;:276}\">\u00a0<\/span><\/p><div class='code-block code-block-8' style='margin: 8px auto; text-align: center; display: block; clear: both;'>\n<script>\n  atOptions = {\n    'key' : '66e2e2111ca34da796271819fc334058',\n    'format' : 'iframe',\n    'height' : 250,\n    'width' : 300,\n    'params' : {}\n  };\n<\/script>\n<script src=\"https:\/\/www.highperformanceformat.com\/66e2e2111ca34da796271819fc334058\/invoke.js\"><\/script>\n<\/div>\n\n<\/div>\n<p><script async src=\"\/\/platform.twitter.com\/widgets.js\" charset=\"utf-8\"><\/script><br \/>\n<br \/><br \/>\n<br \/><a href=\"https:\/\/www.tribunaribeirao.com.br\/site\/transferencia-de-veiculos-agora-e-digital-no-estado\/\">Source link <\/a><\/p>\n<div class='code-block code-block-4' style='margin: 8px auto 8px 0; text-align: left; display: block; clear: both;'>\n\ud83d\udce2 Aviso Legal\n\nO site ismaelcolosi.com.br atua apenas como um canal de divulga\u00e7\u00e3o de oportunidades de emprego e n\u00e3o se responsabiliza pelo processo seletivo, contrata\u00e7\u00e3o ou qualquer outra etapa relacionada \u00e0s vagas publicadas. Todas as informa\u00e7\u00f5es s\u00e3o de responsabilidade dos anunciantes.\n\n\u26a0\ufe0f Aten\u00e7\u00e3o! Nunca pague por promessas de emprego nem compre cursos que garantam contrata\u00e7\u00e3o. Desconfie de qualquer cobran\u00e7a para participar de sele\u00e7\u00f5es.\n\n\n<div data-type=\"_mgwidget\" data-widget-id=\"2000896\">\n<\/div>\n<script>(function(w,q){w[q]=w[q]||[];w[q].push([\"_mgc.load\"])})(window,\"_mgq\");\n<\/script>\n<\/div>\n<!-- CONTENT END 1 -->\n","protected":false},"excerpt":{"rendered":"<p>13 de mar\u00e7o de 2024 | 15:0013 de mar\u00e7o de 2024 | 10:36 0 Desde esta ter\u00e7a-feira, 12 de mar\u00e7o, donos de ve\u00edculos registrados em&#8230;<\/p>\n","protected":false},"author":1,"featured_media":42327,"comment_status":"open","ping_status":"open","sticky":false,"template":"","format":"standard","meta":{"om_disable_all_campaigns":false,"_uag_custom_page_level_css":"","jetpack_post_was_ever_published":false,"_jetpack_newsletter_access":"","_jetpack_dont_email_post_to_subs":false,"_jetpack_newsletter_tier_id":0,"_jetpack_memberships_contains_paywalled_content":false,"_jetpack_memberships_contains_paid_content":false,"_joinchat":[],"footnotes":"","jetpack_publicize_message":"","jetpack_publicize_feature_enabled":true,"jetpack_social_post_already_shared":true,"jetpack_social_options":{"image_generator_settings":{"template":"highway","default_image_id":0,"font":"","enabled":false},"version":2}},"categories":[11],"tags":[159,160,2962,5001],"class_list":["post-42326","post","type-post","status-publish","format-standard","has-post-thumbnail","hentry","category-noticias-de-ribeirao-preto-sp-e-regiao-ismael-colosi","tag-digital","tag-estado","tag-transferencia","tag-veiculosagora"],"aioseo_notices":[],"jetpack_publicize_connections":[],"jetpack_featured_media_url":"https:\/\/i0.wp.com\/ismaelcolosi.com.br\/wp-content\/uploads\/2024\/03\/Documento_09012020_20787_1280_960-scaled.jpg?fit=860%2C645&ssl=1","uagb_featured_image_src":{"full":["https:\/\/i0.wp.com\/ismaelcolosi.com.br\/wp-content\/uploads\/2024\/03\/Documento_09012020_20787_1280_960-scaled.jpg?fit=860%2C645&ssl=1",860,645,false],"thumbnail":["https:\/\/i0.wp.com\/ismaelcolosi.com.br\/wp-content\/uploads\/2024\/03\/Documento_09012020_20787_1280_960-scaled.jpg?resize=150%2C150&ssl=1",150,150,true],"medium":["https:\/\/i0.wp.com\/ismaelcolosi.com.br\/wp-content\/uploads\/2024\/03\/Documento_09012020_20787_1280_960-scaled.jpg?fit=300%2C225&ssl=1",300,225,true],"medium_large":["https:\/\/i0.wp.com\/ismaelcolosi.com.br\/wp-content\/uploads\/2024\/03\/Documento_09012020_20787_1280_960-scaled.jpg?fit=768%2C576&ssl=1",768,576,true],"large":["https:\/\/i0.wp.com\/ismaelcolosi.com.br\/wp-content\/uploads\/2024\/03\/Documento_09012020_20787_1280_960-scaled.jpg?fit=860%2C645&ssl=1",860,645,true],"1536x1536":["https:\/\/i0.wp.com\/ismaelcolosi.com.br\/wp-content\/uploads\/2024\/03\/Documento_09012020_20787_1280_960-scaled.jpg?fit=860%2C645&ssl=1",860,645,true],"2048x2048":["https:\/\/i0.wp.com\/ismaelcolosi.com.br\/wp-content\/uploads\/2024\/03\/Documento_09012020_20787_1280_960-scaled.jpg?fit=860%2C645&ssl=1",860,645,true],"really-simple-thumb":["https:\/\/i0.wp.com\/ismaelcolosi.com.br\/wp-content\/uploads\/2024\/03\/Documento_09012020_20787_1280_960-scaled.jpg?resize=370%2C247&ssl=1",370,247,true]},"uagb_author_info":{"display_name":"ismaelcolosi.com.br","author_link":"https:\/\/ismaelcolosi.com.br\/index.php\/author\/vidareal-online\/"},"uagb_comment_info":0,"uagb_excerpt":"13 de mar\u00e7o de 2024 | 15:0013 de mar\u00e7o de 2024 | 10:36 0 Desde esta ter\u00e7a-feira, 12 de mar\u00e7o, donos de ve\u00edculos registrados em...","jetpack-related-posts":[{"id":40122,"url":"https:\/\/ismaelcolosi.com.br\/index.php\/2024\/03\/01\/transacoes-bancarias-via-doc-e-tec-acabam\/","url_meta":{"origin":42326,"position":0},"title":"Transa\u00e7\u00f5es banc\u00e1rias via DOC e TEC acabam","author":"ismaelcolosi.com.br","date":"1 de March de 2024","format":false,"excerpt":"1 de mar\u00e7o de 2024 | 9:301 de mar\u00e7o de 2024 | 8:30 0Ap\u00f3s quatro d\u00e9cadas de exist\u00eancia, o Documento de Ordem de Cr\u00e9dito (DOC) acabou nesta quinta-feira, 29 de fevereiro, quando as ordens deixaram de ser processadas, tanto para pessoas f\u00edsicas quanto jur\u00eddicas, para transfer\u00eancia entre institui\u00e7\u00f5es financeiras distintas.\u00a0\u00a001Em\u2026","rel":"","context":"In &quot;Not\u00edcias de Ribeir\u00e3o Preto-SP e Regi\u00e3o&quot;","block_context":{"text":"Not\u00edcias de Ribeir\u00e3o Preto-SP e Regi\u00e3o","link":"https:\/\/ismaelcolosi.com.br\/index.php\/category\/noticias-de-ribeirao-preto-sp-e-regiao-ismael-colosi\/"},"img":{"alt_text":"","src":"https:\/\/i0.wp.com\/ismaelcolosi.com.br\/wp-content\/uploads\/2024\/03\/93544f85-2781-4522-b47b-e8e42e5b078f-scaled.jpg?fit=1000%2C598&ssl=1&resize=350%2C200","width":350,"height":200,"srcset":"https:\/\/i0.wp.com\/ismaelcolosi.com.br\/wp-content\/uploads\/2024\/03\/93544f85-2781-4522-b47b-e8e42e5b078f-scaled.jpg?fit=1000%2C598&ssl=1&resize=350%2C200 1x, https:\/\/i0.wp.com\/ismaelcolosi.com.br\/wp-content\/uploads\/2024\/03\/93544f85-2781-4522-b47b-e8e42e5b078f-scaled.jpg?fit=1000%2C598&ssl=1&resize=525%2C300 1.5x, https:\/\/i0.wp.com\/ismaelcolosi.com.br\/wp-content\/uploads\/2024\/03\/93544f85-2781-4522-b47b-e8e42e5b078f-scaled.jpg?fit=1000%2C598&ssl=1&resize=700%2C400 2x"},"classes":[]},{"id":28112,"url":"https:\/\/ismaelcolosi.com.br\/index.php\/2024\/01\/14\/concurso-da-petrobras-saiba-ate-quando-as-inscricoes-devem-ser-realizadas\/","url_meta":{"origin":42326,"position":1},"title":"Concurso da Petrobras: saiba at\u00e9 quando as inscri\u00e7\u00f5es devem ser realizadas","author":"ismaelcolosi.com.br","date":"14 de January de 2024","format":false,"excerpt":"As inscri\u00e7\u00f5es para o concurso p\u00fablico da Petrobras, com sal\u00e1rio inicial m\u00ednimo de R$ 5.878,82, foram reabertas nesta semana, de acordo com a Cebraspe (Centro Brasileiro de Pesquisa em Avalia\u00e7\u00e3o e Sele\u00e7\u00e3o e de Promo\u00e7\u00e3o de Eventos), respons\u00e1vel pela organiza\u00e7\u00e3o do concurso. De acordo com a estatal, s\u00e3o 6.412 mil\u2026","rel":"","context":"In &quot;Not\u00edcias de Ribeir\u00e3o Preto-SP e Regi\u00e3o&quot;","block_context":{"text":"Not\u00edcias de Ribeir\u00e3o Preto-SP e Regi\u00e3o","link":"https:\/\/ismaelcolosi.com.br\/index.php\/category\/noticias-de-ribeirao-preto-sp-e-regiao-ismael-colosi\/"},"img":{"alt_text":"","src":"https:\/\/i0.wp.com\/ismaelcolosi.com.br\/wp-content\/uploads\/2024\/01\/predio_da_1024x576_02082021150521.jpg?fit=1024%2C575&ssl=1&resize=350%2C200","width":350,"height":200,"srcset":"https:\/\/i0.wp.com\/ismaelcolosi.com.br\/wp-content\/uploads\/2024\/01\/predio_da_1024x576_02082021150521.jpg?fit=1024%2C575&ssl=1&resize=350%2C200 1x, https:\/\/i0.wp.com\/ismaelcolosi.com.br\/wp-content\/uploads\/2024\/01\/predio_da_1024x576_02082021150521.jpg?fit=1024%2C575&ssl=1&resize=525%2C300 1.5x, https:\/\/i0.wp.com\/ismaelcolosi.com.br\/wp-content\/uploads\/2024\/01\/predio_da_1024x576_02082021150521.jpg?fit=1024%2C575&ssl=1&resize=700%2C400 2x"},"classes":[]},{"id":40793,"url":"https:\/\/ismaelcolosi.com.br\/index.php\/2024\/03\/05\/rp-repasse-de-icms-chega-a-r-952-mi\/","url_meta":{"origin":42326,"position":2},"title":"RP: repasse de ICMS chega a R$ 95,2 mi","author":"ismaelcolosi.com.br","date":"5 de March de 2024","format":false,"excerpt":"Na semana passada, a Secretaria da Fazenda e Planejamento do Estado de S\u00e3o Paulo (Sefaz-SP) creditou, para 645 munic\u00edpios paulistas, R$ 1,44 bilh\u00e3o referentes ao \u00faltimo repasse de fevereiro de Imposto sobre Circula\u00e7\u00e3o de Mercadorias e Servi\u00e7os (ICMS), relativo \u00e0 arrecada\u00e7\u00e3o entre os 19 e 23 deste m\u00eas. Nesta ter\u00e7a-feira,\u2026","rel":"","context":"In &quot;Not\u00edcias de Ribeir\u00e3o Preto-SP e Regi\u00e3o&quot;","block_context":{"text":"Not\u00edcias de Ribeir\u00e3o Preto-SP e Regi\u00e3o","link":"https:\/\/ismaelcolosi.com.br\/index.php\/category\/noticias-de-ribeirao-preto-sp-e-regiao-ismael-colosi\/"},"img":{"alt_text":"","src":"https:\/\/i0.wp.com\/ismaelcolosi.com.br\/wp-content\/uploads\/2024\/03\/imagem_materia-1.jpg?fit=860%2C570&ssl=1&resize=350%2C200","width":350,"height":200,"srcset":"https:\/\/i0.wp.com\/ismaelcolosi.com.br\/wp-content\/uploads\/2024\/03\/imagem_materia-1.jpg?fit=860%2C570&ssl=1&resize=350%2C200 1x, https:\/\/i0.wp.com\/ismaelcolosi.com.br\/wp-content\/uploads\/2024\/03\/imagem_materia-1.jpg?fit=860%2C570&ssl=1&resize=525%2C300 1.5x, https:\/\/i0.wp.com\/ismaelcolosi.com.br\/wp-content\/uploads\/2024\/03\/imagem_materia-1.jpg?fit=860%2C570&ssl=1&resize=700%2C400 2x"},"classes":[]},{"id":1385,"url":"https:\/\/ismaelcolosi.com.br\/index.php\/2023\/11\/12\/rp-repasse-de-icms-vai-a-r-4419-mi-neste-ano\/","url_meta":{"origin":42326,"position":3},"title":"RP: Repasse de ICMS vai a R$ 441,9 mi\u00a0neste ano","author":"ismaelcolosi.com.br","date":"12 de November de 2023","format":false,"excerpt":"Na semana passada, a Secretaria da Fazenda e Planejamento do Estado de S\u00e3o Paulo (Sefaz-SP) transferiu mais R$ 306,6 milh\u00f5es para 645 munic\u00edpios paulistas, referente ao primeiro repasse de novembro de Imposto sobre Circula\u00e7\u00e3o de Mercadorias e Servi\u00e7os (ICMS), relativo \u00e0 arrecada\u00e7\u00e3o entre os dias 30 de outubro e 3\u2026","rel":"","context":"In &quot;Not\u00edcias de Ribeir\u00e3o Preto-SP e Regi\u00e3o&quot;","block_context":{"text":"Not\u00edcias de Ribeir\u00e3o Preto-SP e Regi\u00e3o","link":"https:\/\/ismaelcolosi.com.br\/index.php\/category\/noticias-de-ribeirao-preto-sp-e-regiao-ismael-colosi\/"},"img":{"alt_text":"","src":"https:\/\/i0.wp.com\/ismaelcolosi.com.br\/wp-content\/uploads\/2023\/11\/ICMS-Max-Gallao-Mesquita-nova-scaled.jpg?fit=963%2C645&ssl=1&resize=350%2C200","width":350,"height":200,"srcset":"https:\/\/i0.wp.com\/ismaelcolosi.com.br\/wp-content\/uploads\/2023\/11\/ICMS-Max-Gallao-Mesquita-nova-scaled.jpg?fit=963%2C645&ssl=1&resize=350%2C200 1x, https:\/\/i0.wp.com\/ismaelcolosi.com.br\/wp-content\/uploads\/2023\/11\/ICMS-Max-Gallao-Mesquita-nova-scaled.jpg?fit=963%2C645&ssl=1&resize=525%2C300 1.5x, https:\/\/i0.wp.com\/ismaelcolosi.com.br\/wp-content\/uploads\/2023\/11\/ICMS-Max-Gallao-Mesquita-nova-scaled.jpg?fit=963%2C645&ssl=1&resize=700%2C400 2x"},"classes":[]},{"id":40257,"url":"https:\/\/ismaelcolosi.com.br\/index.php\/2024\/03\/01\/marco-deve-ter-quatro-frentes-frias-no-estado-de-sp\/","url_meta":{"origin":42326,"position":4},"title":"Mar\u00e7o deve ter quatro frentes frias no estado de SP","author":"ismaelcolosi.com.br","date":"1 de March de 2024","format":false,"excerpt":"De acordo com a plataforma Climatempo, s\u00e3o esperadas de tr\u00eas a quatro frentes frias no Estado de S\u00e3o Paulo, ao longo do m\u00eas de mar\u00e7o, que teve in\u00edcio nesta sexta-feira. Os meteorologistas explicam que as frentes frias previstas ser\u00e3o oce\u00e2nicas, ou seja, o ar frio de origem polar, n\u00e3o vai\u2026","rel":"","context":"In &quot;Not\u00edcias de Ribeir\u00e3o Preto-SP e Regi\u00e3o&quot;","block_context":{"text":"Not\u00edcias de Ribeir\u00e3o Preto-SP e Regi\u00e3o","link":"https:\/\/ismaelcolosi.com.br\/index.php\/category\/noticias-de-ribeirao-preto-sp-e-regiao-ismael-colosi\/"},"img":{"alt_text":"","src":"https:\/\/i0.wp.com\/ismaelcolosi.com.br\/wp-content\/uploads\/2024\/03\/reasdeinstabilidadeefrentefriaemSPVejaaprevisoemRibeiroPretoeregio_Tamanho_2_image.jpg?fit=1200%2C900&ssl=1&resize=350%2C200","width":350,"height":200,"srcset":"https:\/\/i0.wp.com\/ismaelcolosi.com.br\/wp-content\/uploads\/2024\/03\/reasdeinstabilidadeefrentefriaemSPVejaaprevisoemRibeiroPretoeregio_Tamanho_2_image.jpg?fit=1200%2C900&ssl=1&resize=350%2C200 1x, https:\/\/i0.wp.com\/ismaelcolosi.com.br\/wp-content\/uploads\/2024\/03\/reasdeinstabilidadeefrentefriaemSPVejaaprevisoemRibeiroPretoeregio_Tamanho_2_image.jpg?fit=1200%2C900&ssl=1&resize=525%2C300 1.5x, https:\/\/i0.wp.com\/ismaelcolosi.com.br\/wp-content\/uploads\/2024\/03\/reasdeinstabilidadeefrentefriaemSPVejaaprevisoemRibeiroPretoeregio_Tamanho_2_image.jpg?fit=1200%2C900&ssl=1&resize=700%2C400 2x, https:\/\/i0.wp.com\/ismaelcolosi.com.br\/wp-content\/uploads\/2024\/03\/reasdeinstabilidadeefrentefriaemSPVejaaprevisoemRibeiroPretoeregio_Tamanho_2_image.jpg?fit=1200%2C900&ssl=1&resize=1050%2C600 3x"},"classes":[]},{"id":24112,"url":"https:\/\/ismaelcolosi.com.br\/index.php\/2024\/01\/03\/multas-licenciamento-e-transferencia-de-veiculos-podem-ser-pagos-por-pix-veja-como\/","url_meta":{"origin":42326,"position":5},"title":"Multas, licenciamento e transfer\u00eancia de ve\u00edculos podem ser pagos por Pix; Veja como","author":"ismaelcolosi.com.br","date":"3 de January de 2024","format":false,"excerpt":"A partir desta quarta-feira (3) o Governo de S\u00e3o Paulo vai liberar o pagamento do licenciamento, da transfer\u00eancia de ve\u00edculos e de multas de tr\u00e2nsito por Pix. A opera\u00e7\u00e3o ser\u00e1 feita por meio da gera\u00e7\u00e3o de um QR Code, obtido do portal da Sefaz-SP (Secretaria da Fazenda de S\u00e3o Paulo).\u2026","rel":"","context":"In &quot;Not\u00edcias de Ribeir\u00e3o Preto-SP e Regi\u00e3o&quot;","block_context":{"text":"Not\u00edcias de Ribeir\u00e3o Preto-SP e Regi\u00e3o","link":"https:\/\/ismaelcolosi.com.br\/index.php\/category\/noticias-de-ribeirao-preto-sp-e-regiao-ismael-colosi\/"},"img":{"alt_text":"","src":"https:\/\/i0.wp.com\/ismaelcolosi.com.br\/wp-content\/uploads\/2024\/01\/homem-segurando-celular-pix.jpg?fit=1200%2C800&ssl=1&resize=350%2C200","width":350,"height":200,"srcset":"https:\/\/i0.wp.com\/ismaelcolosi.com.br\/wp-content\/uploads\/2024\/01\/homem-segurando-celular-pix.jpg?fit=1200%2C800&ssl=1&resize=350%2C200 1x, https:\/\/i0.wp.com\/ismaelcolosi.com.br\/wp-content\/uploads\/2024\/01\/homem-segurando-celular-pix.jpg?fit=1200%2C800&ssl=1&resize=525%2C300 1.5x, https:\/\/i0.wp.com\/ismaelcolosi.com.br\/wp-content\/uploads\/2024\/01\/homem-segurando-celular-pix.jpg?fit=1200%2C800&ssl=1&resize=700%2C400 2x, https:\/\/i0.wp.com\/ismaelcolosi.com.br\/wp-content\/uploads\/2024\/01\/homem-segurando-celular-pix.jpg?fit=1200%2C800&ssl=1&resize=1050%2C600 3x"},"classes":[]}],"jetpack_sharing_enabled":true,"jetpack_shortlink":"https:\/\/wp.me\/pfMlyK-b0G","_links":{"self":[{"href":"https:\/\/ismaelcolosi.com.br\/index.php\/wp-json\/wp\/v2\/posts\/42326","targetHints":{"allow":["GET"]}}],"collection":[{"href":"https:\/\/ismaelcolosi.com.br\/index.php\/wp-json\/wp\/v2\/posts"}],"about":[{"href":"https:\/\/ismaelcolosi.com.br\/index.php\/wp-json\/wp\/v2\/types\/post"}],"author":[{"embeddable":true,"href":"https:\/\/ismaelcolosi.com.br\/index.php\/wp-json\/wp\/v2\/users\/1"}],"replies":[{"embeddable":true,"href":"https:\/\/ismaelcolosi.com.br\/index.php\/wp-json\/wp\/v2\/comments?post=42326"}],"version-history":[{"count":0,"href":"https:\/\/ismaelcolosi.com.br\/index.php\/wp-json\/wp\/v2\/posts\/42326\/revisions"}],"wp:featuredmedia":[{"embeddable":true,"href":"https:\/\/ismaelcolosi.com.br\/index.php\/wp-json\/wp\/v2\/media\/42327"}],"wp:attachment":[{"href":"https:\/\/ismaelcolosi.com.br\/index.php\/wp-json\/wp\/v2\/media?parent=42326"}],"wp:term":[{"taxonomy":"category","embeddable":true,"href":"https:\/\/ismaelcolosi.com.br\/index.php\/wp-json\/wp\/v2\/categories?post=42326"},{"taxonomy":"post_tag","embeddable":true,"href":"https:\/\/ismaelcolosi.com.br\/index.php\/wp-json\/wp\/v2\/tags?post=42326"}],"curies":[{"name":"wp","href":"https:\/\/api.w.org\/{rel}","templated":true}]}}