{"id":42260,"date":"2024-03-13T15:52:41","date_gmt":"2024-03-13T18:52:41","guid":{"rendered":"https:\/\/ismaelcolosi.com.br\/index.php\/2024\/03\/13\/ccj-do-senado-aprova-por-23-votos-a-4-pec-que-criminaliza-porte-de-drogas\/"},"modified":"2024-03-13T15:52:41","modified_gmt":"2024-03-13T18:52:41","slug":"ccj-do-senado-aprova-por-23-votos-a-4-pec-que-criminaliza-porte-de-drogas","status":"publish","type":"post","link":"https:\/\/ismaelcolosi.com.br\/index.php\/2024\/03\/13\/ccj-do-senado-aprova-por-23-votos-a-4-pec-que-criminaliza-porte-de-drogas\/","title":{"rendered":"CCJ do Senado aprova, por 23 votos a 4, PEC que criminaliza porte de drogas"},"content":{"rendered":"<p> <br \/>\n<\/p>\n<div id=\"Corpo\">A Comiss\u00e3o de Constitui\u00e7\u00e3o e Justi\u00e7a (CCJ) do Senado aprovou nesta quarta-feira, 13, a Proposta de Emenda \u00e0 Constitui\u00e7\u00e3o (PEC) que criminaliza o porte de drogas, endurecendo a legisla\u00e7\u00e3o atual. O texto inclui na Constitui\u00e7\u00e3o que tanto o consumo quanto a venda de drogas s\u00e3o igualmente crimes \u2013 apesar de o tratamento de cada um poder ser diferente.<\/p>\n<p>Por 23 votos a 4, a proposta foi aprovada na CCJ e segue agora para o plen\u00e1rio do Senado.<\/p>\n<p>A vota\u00e7\u00e3o da PEC na Casa Alta do Congresso acontece no momento em que o Supremo Tribunal Federal (STF) analisa um processo sobre o consumo de drogas. A tend\u00eancia no momento \u00e9 que o Supremo considere inconstitucional a criminaliza\u00e7\u00e3o do consumo pr\u00f3prio de maconha (o placar \u00e9 de 5 votos a 3 nesse sentido, at\u00e9 o momento). O ministro Dias Toffoli pediu vista na semana passada e adiou a continuidade do julgamento.<\/p>\n<p>O relator da proposta no Senado, Efraim Filho (Uni\u00e3o Brasil-PB), defendeu na sess\u00e3o desta quarta-feira que a discuss\u00e3o sobre a criminaliza\u00e7\u00e3o ou descriminaliza\u00e7\u00e3o das drogas deve acontecer no Congresso Nacional, e n\u00e3o no Supremo Tribunal Federal.<\/p>\n<p>\u201cO f\u00f3rum adequado para que se trate quest\u00f5es dessa natureza, que poder\u00e1 ou n\u00e3o levar \u00e0 descriminaliza\u00e7\u00e3o da droga no Brasil, \u00e9 o Parlamento\u201d, afirmou.<\/p>\n<p>Segundo o relator, \u201c\u00e9 inquestion\u00e1vel que liberar as drogas leva ao aumento do consumo e o aumento do consumo leva \u00e0 explos\u00e3o da depend\u00eancia qu\u00edmica\u201d.<\/p>\n<p>As contesta\u00e7\u00f5es \u00e0 proposta ficaram restritas praticamente ao PT e a alguns senadores da base governista. O senador Fabiano Contarato (ES) foi um dos que criticou o andamento da proposta e disse que ela \u201cn\u00e3o enfrenta o problema\u201d do tr\u00e1fico de drogas. Segundo o senador, que foi delegado por quase 30 anos, \u201cessa PEC n\u00e3o inova em absolutamente nada\u201d.<\/p>\n<p>\u201cSe n\u00f3s estiv\u00e9ssemos efetivamente preocupados em diferenciar o traficante, que eu repudio e tem que ser condenado, para aquela pessoa usando subst\u00e2ncia entorpecente, tudo bem. Mas \u00e9 preciso que a popula\u00e7\u00e3o entenda que estamos colocando na Constitui\u00e7\u00e3o que porte de subst\u00e2ncia entorpecente para uso pr\u00f3prio \u00e9 crime. N\u00e3o estamos inovando e enfrentando o problema\u201d, afirmou.<\/p>\n<p>Al\u00e9m de Contarato, votaram contra a PEC os senadores Jaques Wagner (PT-BA), Humberto Costa (PT-PE) e Marcelo Castro (MDB-PI)<\/p>\n<p>Efraim apresentou uma \u00fanica emenda em rela\u00e7\u00e3o ao texto protocolado no Senado pelo presidente da Casa, Rodrigo Pacheco (PSD-MG). Pelo adendo, a posse e o porte de drogas ser\u00e1 considerado um crime, independente da quantidade apreendida.<\/p>\n<p>O senador, por\u00e9m, fez uma considera\u00e7\u00e3o para que haja uma diferencia\u00e7\u00e3o entre usu\u00e1rio de drogas e traficante. Pelo texto, ter\u00e1 de ser \u201cobservada a distin\u00e7\u00e3o entre o traficante e o usu\u00e1rio por todas as circunst\u00e2ncias f\u00e1ticas do caso concreto, aplic\u00e1veis a este \u00faltimo penas alternativas \u00e0 pris\u00e3o e tratamento contra depend\u00eancia\u201d.<\/p>\n<p>Na pr\u00e1tica, essa emenda n\u00e3o resolve um impasse enfrentado no Judici\u00e1rio em todo o Pa\u00eds: a dificuldade de estabelecer crit\u00e9rios objetivos e mensurar o caso em que uma pessoa presa com uma quantidade de drogas \u00e9 usu\u00e1rio ou traficante.<\/p>\n<p>O STF pretende fixar um crit\u00e9rio objetivo para diferenciar o usu\u00e1rio de maconha do traficante: estabelecer uma quantidade m\u00e1xima da erva que uma pessoa pode ter consigo. Os ministros Gilmar Mendes (relator do caso), Rosa Weber, Alexandre de Moraes e Lu\u00eds Roberto Barroso votaram pela descriminaliza\u00e7\u00e3o do porte e para que esse limite seja de 60 gramas. O ministro Edson Fachin entendeu que \u00e9 o Legislativo quem deve fixar esse limite.<\/p>\n<p>Os ministros Cristiano Zanin, Nunes Marques e Andr\u00e9 Mendon\u00e7a votaram contra a criminaliza\u00e7\u00e3o, mas tamb\u00e9m fixaram par\u00e2metros. Para Zanin e Nunes Marques, a quantidade m\u00e1xima para caracterizar o uso deveria ser de 25 gramas. Para Mendon\u00e7a, o m\u00e1ximo seria de 10 gramas.<\/p>\n<\/div>\n<p><br \/>\n<br \/><a href=\"https:\/\/www.tribunaribeirao.com.br\/site\/ccj-do-senado-aprova-por-23-votos-a-4-pec-que-criminaliza-porte-de-drogas\/\">Source link <\/a><\/p>\n<div class='code-block code-block-4' style='margin: 8px auto 8px 0; text-align: left; display: block; clear: both;'>\n\ud83d\udce2 Aviso Legal\n\nO site ismaelcolosi.com.br atua apenas como um canal de divulga\u00e7\u00e3o de oportunidades de emprego e n\u00e3o se responsabiliza pelo processo seletivo, contrata\u00e7\u00e3o ou qualquer outra etapa relacionada \u00e0s vagas publicadas. Todas as informa\u00e7\u00f5es s\u00e3o de responsabilidade dos anunciantes.\n\n\u26a0\ufe0f Aten\u00e7\u00e3o! Nunca pague por promessas de emprego nem compre cursos que garantam contrata\u00e7\u00e3o. Desconfie de qualquer cobran\u00e7a para participar de sele\u00e7\u00f5es.\n\n\n\n<\/div>\n<!-- CONTENT END 1 -->\n","protected":false},"excerpt":{"rendered":"<p>A Comiss\u00e3o de Constitui\u00e7\u00e3o e Justi\u00e7a (CCJ) do Senado aprovou nesta quarta-feira, 13, a Proposta de Emenda \u00e0 Constitui\u00e7\u00e3o (PEC) que criminaliza o porte de&#8230;<\/p>\n","protected":false},"author":1,"featured_media":42261,"comment_status":"open","ping_status":"open","sticky":false,"template":"","format":"standard","meta":{"_uag_custom_page_level_css":"","advanced_seo_description":"","jetpack_seo_html_title":"","jetpack_seo_noindex":false,"jetpack_post_was_ever_published":false,"_jetpack_newsletter_access":"","_jetpack_dont_email_post_to_subs":false,"_jetpack_newsletter_tier_id":0,"_jetpack_memberships_contains_paywalled_content":false,"_jetpack_memberships_contains_paid_content":false,"footnotes":"","jetpack_publicize_message":"","jetpack_publicize_feature_enabled":true,"jetpack_social_post_already_shared":true,"jetpack_social_options":{"image_generator_settings":{"template":"highway","default_image_id":0,"font":"","enabled":false},"version":2}},"categories":[11],"tags":[155,1602,4987,1050,4589,134,1474,1073,4986],"class_list":["post-42260","post","type-post","status-publish","format-standard","has-post-thumbnail","hentry","category-noticias-de-ribeirao-preto-sp-e-regiao-ismael-colosi","tag-aprova","tag-ccj","tag-criminaliza","tag-drogas","tag-pec","tag-por","tag-porte","tag-senado","tag-votos"],"jetpack_publicize_connections":[],"jetpack_featured_media_url":"https:\/\/i0.wp.com\/ismaelcolosi.com.br\/wp-content\/uploads\/2024\/03\/84cd24e4-42a2-49ff-9d04-46f1ac9fb1cc-scaled.jpg?fit=1000%2C598&ssl=1","uagb_featured_image_src":{"full":["https:\/\/i0.wp.com\/ismaelcolosi.com.br\/wp-content\/uploads\/2024\/03\/84cd24e4-42a2-49ff-9d04-46f1ac9fb1cc-scaled.jpg?fit=1000%2C598&ssl=1",1000,598,false],"thumbnail":["https:\/\/i0.wp.com\/ismaelcolosi.com.br\/wp-content\/uploads\/2024\/03\/84cd24e4-42a2-49ff-9d04-46f1ac9fb1cc-scaled.jpg?resize=150%2C150&ssl=1",150,150,true],"medium":["https:\/\/i0.wp.com\/ismaelcolosi.com.br\/wp-content\/uploads\/2024\/03\/84cd24e4-42a2-49ff-9d04-46f1ac9fb1cc-scaled.jpg?fit=300%2C179&ssl=1",300,179,true],"medium_large":["https:\/\/i0.wp.com\/ismaelcolosi.com.br\/wp-content\/uploads\/2024\/03\/84cd24e4-42a2-49ff-9d04-46f1ac9fb1cc-scaled.jpg?fit=768%2C459&ssl=1",768,459,true],"large":["https:\/\/i0.wp.com\/ismaelcolosi.com.br\/wp-content\/uploads\/2024\/03\/84cd24e4-42a2-49ff-9d04-46f1ac9fb1cc-scaled.jpg?fit=1000%2C598&ssl=1",1000,598,true],"1536x1536":["https:\/\/i0.wp.com\/ismaelcolosi.com.br\/wp-content\/uploads\/2024\/03\/84cd24e4-42a2-49ff-9d04-46f1ac9fb1cc-scaled.jpg?fit=1000%2C598&ssl=1",1000,598,true],"2048x2048":["https:\/\/i0.wp.com\/ismaelcolosi.com.br\/wp-content\/uploads\/2024\/03\/84cd24e4-42a2-49ff-9d04-46f1ac9fb1cc-scaled.jpg?fit=1000%2C598&ssl=1",1000,598,true],"really-simple-thumb":["https:\/\/i0.wp.com\/ismaelcolosi.com.br\/wp-content\/uploads\/2024\/03\/84cd24e4-42a2-49ff-9d04-46f1ac9fb1cc-scaled.jpg?resize=370%2C247&ssl=1",370,247,true]},"uagb_author_info":{"display_name":"ismaelcolosi.com.br","author_link":"https:\/\/ismaelcolosi.com.br\/index.php\/author\/vidareal-online\/"},"uagb_comment_info":0,"uagb_excerpt":"A Comiss\u00e3o de Constitui\u00e7\u00e3o e Justi\u00e7a (CCJ) do Senado aprovou nesta quarta-feira, 13, a Proposta de Emenda \u00e0 Constitui\u00e7\u00e3o (PEC) que criminaliza o porte de...","jetpack-related-posts":[{"id":77722,"url":"https:\/\/ismaelcolosi.com.br\/index.php\/2024\/11\/27\/ccj-da-camara-aprova-pec-que-proibe-aborto-legal\/","url_meta":{"origin":42260,"position":0},"title":"CCJ da C\u00e2mara aprova PEC que pro\u00edbe aborto legal","author":"ismaelcolosi.com.br","date":"27 de November de 2024","format":false,"excerpt":"27 de novembro de 202427 de novembro de 20244 Compartilhar0 Ap\u00f3s protesto que interrompeu a sess\u00e3o, a Proposta de Emenda \u00e0 Constitui\u00e7\u00e3o (PEC) que acaba com as possibilidades de abortos autorizadas no Brasil foi aprovada nesta quarta-feira (27) na Comiss\u00e3o de Constitui\u00e7\u00e3o e Justi\u00e7a (CCJ) da C\u00e2mara dos Deputados, por\u2026","rel":"","context":"In &quot;Not\u00edcias de Ribeir\u00e3o Preto-SP e Regi\u00e3o&quot;","block_context":{"text":"Not\u00edcias de Ribeir\u00e3o Preto-SP e Regi\u00e3o","link":"https:\/\/ismaelcolosi.com.br\/index.php\/category\/noticias-de-ribeirao-preto-sp-e-regiao-ismael-colosi\/"},"img":{"alt_text":"","src":"https:\/\/i0.wp.com\/ismaelcolosi.com.br\/wp-content\/uploads\/2024\/11\/b20860ee-8f71-44d4-b49c-ac2725d03817-scaled.jpg?fit=800%2C479&ssl=1&resize=350%2C200","width":350,"height":200,"srcset":"https:\/\/i0.wp.com\/ismaelcolosi.com.br\/wp-content\/uploads\/2024\/11\/b20860ee-8f71-44d4-b49c-ac2725d03817-scaled.jpg?fit=800%2C479&ssl=1&resize=350%2C200 1x, https:\/\/i0.wp.com\/ismaelcolosi.com.br\/wp-content\/uploads\/2024\/11\/b20860ee-8f71-44d4-b49c-ac2725d03817-scaled.jpg?fit=800%2C479&ssl=1&resize=525%2C300 1.5x, https:\/\/i0.wp.com\/ismaelcolosi.com.br\/wp-content\/uploads\/2024\/11\/b20860ee-8f71-44d4-b49c-ac2725d03817-scaled.jpg?fit=800%2C479&ssl=1&resize=700%2C400 2x"},"classes":[]},{"id":76891,"url":"https:\/\/ismaelcolosi.com.br\/index.php\/2024\/11\/19\/pec-do-aborto-volta-a-pauta-da-ccj-hoje\/","url_meta":{"origin":42260,"position":1},"title":"PEC do Aborto volta \u00e0 pauta da CCJ hoje\u00a0","author":"ismaelcolosi.com.br","date":"19 de November de 2024","format":false,"excerpt":"19 de novembro de 202418 de novembro de 20248 Compartilhar0 A Comiss\u00e3o de Constitui\u00e7\u00e3o e Justi\u00e7a (CCJ) da C\u00e2mara dos Deputados colocou na pauta desta ter\u00e7a-feira, 19\u00a0de novembro, a proposta de emenda \u00e0 Constitui\u00e7\u00e3o (PEC) do Aborto, que pode acabar com as possibilidades de aborto legal no Brasil. A pauta\u2026","rel":"","context":"In &quot;Not\u00edcias de Ribeir\u00e3o Preto-SP e Regi\u00e3o&quot;","block_context":{"text":"Not\u00edcias de Ribeir\u00e3o Preto-SP e Regi\u00e3o","link":"https:\/\/ismaelcolosi.com.br\/index.php\/category\/noticias-de-ribeirao-preto-sp-e-regiao-ismael-colosi\/"},"img":{"alt_text":"","src":"https:\/\/i0.wp.com\/ismaelcolosi.com.br\/wp-content\/uploads\/2024\/11\/Aborto-Paulo-Pinto-Ag.Br_.-1-scaled.jpg?fit=800%2C479&ssl=1&resize=350%2C200","width":350,"height":200,"srcset":"https:\/\/i0.wp.com\/ismaelcolosi.com.br\/wp-content\/uploads\/2024\/11\/Aborto-Paulo-Pinto-Ag.Br_.-1-scaled.jpg?fit=800%2C479&ssl=1&resize=350%2C200 1x, https:\/\/i0.wp.com\/ismaelcolosi.com.br\/wp-content\/uploads\/2024\/11\/Aborto-Paulo-Pinto-Ag.Br_.-1-scaled.jpg?fit=800%2C479&ssl=1&resize=525%2C300 1.5x, https:\/\/i0.wp.com\/ismaelcolosi.com.br\/wp-content\/uploads\/2024\/11\/Aborto-Paulo-Pinto-Ag.Br_.-1-scaled.jpg?fit=800%2C479&ssl=1&resize=700%2C400 2x"},"classes":[]},{"id":36092,"url":"https:\/\/ismaelcolosi.com.br\/index.php\/2024\/02\/08\/senado-aprova-urgencia-para-votacao-de-projeto-que-acaba-com-a-saidinha-de-presos\/","url_meta":{"origin":42260,"position":2},"title":"Senado aprova urg\u00eancia para vota\u00e7\u00e3o de projeto que acaba com a &#8220;saidinha&#8221; de presos","author":"ismaelcolosi.com.br","date":"8 de February de 2024","format":false,"excerpt":"O projeto de lei 2.253\/2022, que restringe o benef\u00edcio da sa\u00edda tempor\u00e1ria para presos condenados, ser\u00e1 votado com urg\u00eancia pelo Senado. O requerimento de urg\u00eancia foi aprovado pelos senadores nesta quarta-feira, 7, em plen\u00e1rio. O presidente do Senado, Rodrigo Pacheco, informou que a mat\u00e9ria ser\u00e1 pautada \u201cem momento oportuno\u201d. A\u2026","rel":"","context":"In &quot;Not\u00edcias de Ribeir\u00e3o Preto-SP e Regi\u00e3o&quot;","block_context":{"text":"Not\u00edcias de Ribeir\u00e3o Preto-SP e Regi\u00e3o","link":"https:\/\/ismaelcolosi.com.br\/index.php\/category\/noticias-de-ribeirao-preto-sp-e-regiao-ismael-colosi\/"},"img":{"alt_text":"","src":"https:\/\/i0.wp.com\/ismaelcolosi.com.br\/wp-content\/uploads\/2024\/02\/15123427_saidinha.jpg?fit=876%2C585&ssl=1&resize=350%2C200","width":350,"height":200,"srcset":"https:\/\/i0.wp.com\/ismaelcolosi.com.br\/wp-content\/uploads\/2024\/02\/15123427_saidinha.jpg?fit=876%2C585&ssl=1&resize=350%2C200 1x, https:\/\/i0.wp.com\/ismaelcolosi.com.br\/wp-content\/uploads\/2024\/02\/15123427_saidinha.jpg?fit=876%2C585&ssl=1&resize=525%2C300 1.5x, https:\/\/i0.wp.com\/ismaelcolosi.com.br\/wp-content\/uploads\/2024\/02\/15123427_saidinha.jpg?fit=876%2C585&ssl=1&resize=700%2C400 2x"},"classes":[]},{"id":40290,"url":"https:\/\/ismaelcolosi.com.br\/index.php\/2024\/03\/02\/barroso-marca-julgamento-sobre-porte-de-drogas-para-proxima-semana\/","url_meta":{"origin":42260,"position":3},"title":"Barroso marca julgamento sobre porte de drogas para pr\u00f3xima semana","author":"ismaelcolosi.com.br","date":"2 de March de 2024","format":false,"excerpt":"O presidente do Supremo Tribunal Federal (STF), ministro Lu\u00eds Roberto Barroso, marcou para a pr\u00f3xima quarta-feira (6) a retomada do julgamento sobre a poss\u00edvel descriminaliza\u00e7\u00e3o do porte de drogas para consumo pessoal.Desde 2015, o processo sobre o tema j\u00e1 foi diversas vezes a plen\u00e1rio, sendo alvo de sucessivos pedidos de\u2026","rel":"","context":"In &quot;Not\u00edcias de Ribeir\u00e3o Preto-SP e Regi\u00e3o&quot;","block_context":{"text":"Not\u00edcias de Ribeir\u00e3o Preto-SP e Regi\u00e3o","link":"https:\/\/ismaelcolosi.com.br\/index.php\/category\/noticias-de-ribeirao-preto-sp-e-regiao-ismael-colosi\/"},"img":{"alt_text":"","src":"https:\/\/i0.wp.com\/ismaelcolosi.com.br\/wp-content\/uploads\/2024\/03\/4bfd7c4b-c32f-4c05-806b-3a32d57706c5-scaled.jpg?fit=1000%2C598&ssl=1&resize=350%2C200","width":350,"height":200,"srcset":"https:\/\/i0.wp.com\/ismaelcolosi.com.br\/wp-content\/uploads\/2024\/03\/4bfd7c4b-c32f-4c05-806b-3a32d57706c5-scaled.jpg?fit=1000%2C598&ssl=1&resize=350%2C200 1x, https:\/\/i0.wp.com\/ismaelcolosi.com.br\/wp-content\/uploads\/2024\/03\/4bfd7c4b-c32f-4c05-806b-3a32d57706c5-scaled.jpg?fit=1000%2C598&ssl=1&resize=525%2C300 1.5x, https:\/\/i0.wp.com\/ismaelcolosi.com.br\/wp-content\/uploads\/2024\/03\/4bfd7c4b-c32f-4c05-806b-3a32d57706c5-scaled.jpg?fit=1000%2C598&ssl=1&resize=700%2C400 2x"},"classes":[]},{"id":41199,"url":"https:\/\/ismaelcolosi.com.br\/index.php\/2024\/03\/06\/stf-reabre-julgamento-sobre-descriminalizacao-do-porte-de-drogas\/","url_meta":{"origin":42260,"position":4},"title":"STF reabre julgamento sobre descriminaliza\u00e7\u00e3o do porte de drogas","author":"ismaelcolosi.com.br","date":"6 de March de 2024","format":false,"excerpt":"6 de mar\u00e7o de 2024 | 16:306 de mar\u00e7o de 2024 | 15:19 0O Supremo Tribunal Federal (STF) retomou o julgamento sobre a descriminaliza\u00e7\u00e3o do porte de drogas para consumo pessoal. O julgamento estava paralisado desde agosto do ano passado, quando o ministro Andr\u00e9 Mendon\u00e7a pediu vista do processo e\u2026","rel":"","context":"In &quot;Not\u00edcias de Ribeir\u00e3o Preto-SP e Regi\u00e3o&quot;","block_context":{"text":"Not\u00edcias de Ribeir\u00e3o Preto-SP e Regi\u00e3o","link":"https:\/\/ismaelcolosi.com.br\/index.php\/category\/noticias-de-ribeirao-preto-sp-e-regiao-ismael-colosi\/"},"img":{"alt_text":"","src":"https:\/\/i0.wp.com\/ismaelcolosi.com.br\/wp-content\/uploads\/2024\/03\/287d56a5-e49f-479b-bff2-084343452160-scaled.jpg?fit=971%2C645&ssl=1&resize=350%2C200","width":350,"height":200,"srcset":"https:\/\/i0.wp.com\/ismaelcolosi.com.br\/wp-content\/uploads\/2024\/03\/287d56a5-e49f-479b-bff2-084343452160-scaled.jpg?fit=971%2C645&ssl=1&resize=350%2C200 1x, https:\/\/i0.wp.com\/ismaelcolosi.com.br\/wp-content\/uploads\/2024\/03\/287d56a5-e49f-479b-bff2-084343452160-scaled.jpg?fit=971%2C645&ssl=1&resize=525%2C300 1.5x, https:\/\/i0.wp.com\/ismaelcolosi.com.br\/wp-content\/uploads\/2024\/03\/287d56a5-e49f-479b-bff2-084343452160-scaled.jpg?fit=971%2C645&ssl=1&resize=700%2C400 2x"},"classes":[]},{"id":54399,"url":"https:\/\/ismaelcolosi.com.br\/index.php\/2024\/06\/25\/stf-retoma-julgamento-sobre-descriminalizacao-de-maconha-ribeirao-preto-foi-citada-em-voto\/","url_meta":{"origin":42260,"position":5},"title":"STF retoma julgamento sobre descriminaliza\u00e7\u00e3o de maconha; Ribeir\u00e3o Preto foi citada em voto","author":"ismaelcolosi.com.br","date":"25 de June de 2024","format":false,"excerpt":"O Supremo Tribunal Federal (STF) retoma nesta ter\u00e7a-feira (25) o julgamento sobre a descriminaliza\u00e7\u00e3o do porte de maconha para uso pessoal. A sess\u00e3o est\u00e1 prevista para come\u00e7ar \u00e0s 14h. At\u00e9 o momento, a Corte tem placar de 5 votos a 4 a favor da descriminaliza\u00e7\u00e3o. Em 2023,\u00a0Ribeir\u00e3o Preto\u00a0foi citada pelo\u2026","rel":"","context":"In &quot;Not\u00edcias de Ribeir\u00e3o Preto-SP e Regi\u00e3o&quot;","block_context":{"text":"Not\u00edcias de Ribeir\u00e3o Preto-SP e Regi\u00e3o","link":"https:\/\/ismaelcolosi.com.br\/index.php\/category\/noticias-de-ribeirao-preto-sp-e-regiao-ismael-colosi\/"},"img":{"alt_text":"","src":"https:\/\/i0.wp.com\/ismaelcolosi.com.br\/wp-content\/uploads\/2024\/06\/cxpia_de_tamanho_exato_para_fotos_no_sistema_novo_x14x.png?fit=1200%2C675&ssl=1&resize=350%2C200","width":350,"height":200,"srcset":"https:\/\/i0.wp.com\/ismaelcolosi.com.br\/wp-content\/uploads\/2024\/06\/cxpia_de_tamanho_exato_para_fotos_no_sistema_novo_x14x.png?fit=1200%2C675&ssl=1&resize=350%2C200 1x, https:\/\/i0.wp.com\/ismaelcolosi.com.br\/wp-content\/uploads\/2024\/06\/cxpia_de_tamanho_exato_para_fotos_no_sistema_novo_x14x.png?fit=1200%2C675&ssl=1&resize=525%2C300 1.5x, https:\/\/i0.wp.com\/ismaelcolosi.com.br\/wp-content\/uploads\/2024\/06\/cxpia_de_tamanho_exato_para_fotos_no_sistema_novo_x14x.png?fit=1200%2C675&ssl=1&resize=700%2C400 2x, https:\/\/i0.wp.com\/ismaelcolosi.com.br\/wp-content\/uploads\/2024\/06\/cxpia_de_tamanho_exato_para_fotos_no_sistema_novo_x14x.png?fit=1200%2C675&ssl=1&resize=1050%2C600 3x"},"classes":[]}],"jetpack_sharing_enabled":true,"jetpack_shortlink":"https:\/\/wp.me\/pfMlyK-aZC","_links":{"self":[{"href":"https:\/\/ismaelcolosi.com.br\/index.php\/wp-json\/wp\/v2\/posts\/42260","targetHints":{"allow":["GET"]}}],"collection":[{"href":"https:\/\/ismaelcolosi.com.br\/index.php\/wp-json\/wp\/v2\/posts"}],"about":[{"href":"https:\/\/ismaelcolosi.com.br\/index.php\/wp-json\/wp\/v2\/types\/post"}],"author":[{"embeddable":true,"href":"https:\/\/ismaelcolosi.com.br\/index.php\/wp-json\/wp\/v2\/users\/1"}],"replies":[{"embeddable":true,"href":"https:\/\/ismaelcolosi.com.br\/index.php\/wp-json\/wp\/v2\/comments?post=42260"}],"version-history":[{"count":0,"href":"https:\/\/ismaelcolosi.com.br\/index.php\/wp-json\/wp\/v2\/posts\/42260\/revisions"}],"wp:featuredmedia":[{"embeddable":true,"href":"https:\/\/ismaelcolosi.com.br\/index.php\/wp-json\/wp\/v2\/media\/42261"}],"wp:attachment":[{"href":"https:\/\/ismaelcolosi.com.br\/index.php\/wp-json\/wp\/v2\/media?parent=42260"}],"wp:term":[{"taxonomy":"category","embeddable":true,"href":"https:\/\/ismaelcolosi.com.br\/index.php\/wp-json\/wp\/v2\/categories?post=42260"},{"taxonomy":"post_tag","embeddable":true,"href":"https:\/\/ismaelcolosi.com.br\/index.php\/wp-json\/wp\/v2\/tags?post=42260"}],"curies":[{"name":"wp","href":"https:\/\/api.w.org\/{rel}","templated":true}]}}