{"id":42190,"date":"2024-03-13T10:55:04","date_gmt":"2024-03-13T13:55:04","guid":{"rendered":"https:\/\/ismaelcolosi.com.br\/index.php\/2024\/03\/13\/tudo-o-que-voce-precisa-saber\/"},"modified":"2024-03-13T10:55:04","modified_gmt":"2024-03-13T13:55:04","slug":"tudo-o-que-voce-precisa-saber","status":"publish","type":"post","link":"https:\/\/ismaelcolosi.com.br\/index.php\/2024\/03\/13\/tudo-o-que-voce-precisa-saber\/","title":{"rendered":"tudo o que voc\u00ea precisa saber!"},"content":{"rendered":"<p> <br \/>\n<\/p>\n<div>\n<p>A chegada de uma nova crian\u00e7a na fam\u00edlia \u00e9 carregada de emo\u00e7\u00e3o e mudan\u00e7as na rotina de todos. No entanto, a licen\u00e7a paternidade ainda levanta muitas d\u00favidas a respeito do seu funcionamento.<\/p>\n<p>No caso das mulheres, h\u00e1 a\u00a0licen\u00e7a maternidade\u00a0que d\u00e1 direito a 120 dias de afastamento remunerado do trabalho. Para os homens, existe a licen\u00e7a paternidade que oferece cinco dias de afastamento conforme a lei.<\/p>\n<p>Esse per\u00edodo \u00e9 muito importante para a fam\u00edlia conseguir dar todos os cuidados necess\u00e1rios \u00e0 nova crian\u00e7a, sendo um benef\u00edcio muito valioso para os trabalhadores com carteira assinada. <\/p>\n<p>Para te ajudar a entender melhor sobre o direito, preparamos um guia completo sobre o assunto. Confira abaixo!<\/p>\n<nav class=\"toc-container  active\">\n<hr\/>\n<\/nav>\n<h2 class=\"wp-block-heading\" id=\"O_que_e_licenca_paternidade\">O que \u00e9 licen\u00e7a paternidade?<\/h2>\n<p>Ela \u00e9 um direito assegurado aos pais trabalhadores\u00a0<strong>permitindo que eles se afastem do trabalho por 5 dias<\/strong>, assim, eles podem cuidar dos seus filhos que acabaram de chegar.<\/p>\n<p>Ele \u00e9 garantido tanto para os trabalhadores com carteira assinada do setor privado quanto servidores p\u00fablicos, al\u00e9m de profissionais aut\u00f4nomos que contribuem para a Previd\u00eancia.<\/p>\n<p>A licen\u00e7a paternidade tem por objetivo incentivar uma maior participa\u00e7\u00e3o dos pais no processo de cria\u00e7\u00e3o das crian\u00e7as, al\u00e9m de promover a igualdade de g\u00eanero no pa\u00eds.<\/p>\n<p>Ainda h\u00e1 uma forma de prorrogar o per\u00edodo da licen\u00e7a, adicionando 15 dias. No entanto, isso s\u00f3 \u00e9 poss\u00edvel caso a empresa participe do programa do governo Empresa Cidad\u00e3. <\/p>\n<p>Na hora de solicitar esse direito, \u00e9 importante consultar as pol\u00edticas internas da organiza\u00e7\u00e3o e, tamb\u00e9m, a legisla\u00e7\u00e3o brasileira, a fim de garantir informa\u00e7\u00f5es precisas sobre o benef\u00edcio.<\/p>\n<blockquote class=\"wp-block-quote\">\n<p>\ud83d\udca1 Confira tamb\u00e9m o que \u00e9 a licen\u00e7a menstrual e como funciona?<\/p>\n<\/blockquote>\n<h2 class=\"wp-block-heading\" id=\"Quem_pode_pedir_a_licenca_paternidade\">Quem pode pedir a licen\u00e7a paternidade?<\/h2>\n<p>Todos os funcion\u00e1rios privados que sejam\u00a0<strong>registrados com carteira assinada e servidores p\u00fablicos t\u00eam direito ao benef\u00edcio<\/strong>. <\/p>\n<p>Os profissionais aut\u00f4nomos tamb\u00e9m t\u00eam direito ao benef\u00edcio, desde que contribuam para a Previd\u00eancia Social.<\/p>\n<h2 class=\"wp-block-heading\" id=\"Quanto_tempo_dura_a_licenca_paternidade\">Quanto tempo dura a licen\u00e7a paternidade?<\/h2>\n<p>Na Constitui\u00e7\u00e3o Federal de 1988, \u00e9 previsto que os pais tenham direito a licen\u00e7a paternidade por 5 dias, sem sofrer preju\u00edzo ao sal\u00e1rio. J\u00e1 em 2016, a Lei 13.257, aumentou esse tempo dispon\u00edvel na licen\u00e7a, possibilitando que os profissionais prorroguem o per\u00edodo por mais 15 dias, desde que a empresa fa\u00e7a parte do programa Empresa Cidad\u00e3.<\/p>\n<h2 class=\"wp-block-heading\" id=\"Quando_comeca_a_valer_a_licenca\">Quando come\u00e7a a valer a licen\u00e7a?<\/h2>\n<p>Ela inicia no dia seguinte ao nascimento ou ado\u00e7\u00e3o, mas conta apenas se for um dia \u00fatil. Caso a chegada do novo filho aconte\u00e7a no fim de semana, a licen\u00e7a come\u00e7a a valer apenas na segunda-feira ou pr\u00f3ximo dia \u00fatil.<\/p>\n<p>Se o s\u00e1bado e domingo forem considerados dias trabalhados para determinado trabalhador, a licen\u00e7a pode come\u00e7ar a valer durante eles. Al\u00e9m disso,\u00a0<strong>a contagem sempre ser\u00e1 corrida, contando inclusive com os finais de semana<\/strong>, ou seja, se ela come\u00e7ar na quarta-feira, encerrar\u00e1 no domingo e na segunda o colaborador deve voltar ao trabalho.<\/p>\n<h2 class=\"wp-block-heading\" id=\"Como_solicitar_a_licenca_paternidade\">Como solicitar a licen\u00e7a paternidade?<\/h2>\n<p>N\u00e3o h\u00e1 um procedimento padr\u00e3o para isso, podendo haver diferen\u00e7as entre os processos de cada empresa. No geral, basta o colaborador apresentar a certid\u00e3o de nascimento ou ado\u00e7\u00e3o. Ap\u00f3s esse pedido, a empresa deve liber\u00e1-lo imediatamente no pr\u00f3ximo dia \u00fatil.<\/p>\n<p>Caso a empresa fa\u00e7a parte do programa do governo, Empresa Cidad\u00e3, o colaborador pode solicitar a prorroga\u00e7\u00e3o da licen\u00e7a por mais 15 dias, desde que solicite isso at\u00e9 dois dias \u00fateis.<\/p>\n<p>\ud83d\udca1 Aprenda mais sobre a paternidade ativa e seus benef\u00edcios no trabalho. <\/p>\n<h2 class=\"wp-block-heading\" id=\"Quem_deve_pagar_a_licenca_paternidade\">Quem deve pagar a licen\u00e7a paternidade?<\/h2>\n<p>O respons\u00e1vel pelo pagamento da licen\u00e7a paternidade \u00e9 a pr\u00f3pria empresa no caso dos trabalhadores registrados no\u00a0regime da CLT\u00a0e o governo para os servidores p\u00fablicos.<\/p>\n<h2 class=\"wp-block-heading\" id=\"Como_a_licenca_paternidade_funciona_para_casais_homoafetivos\">Como a licen\u00e7a paternidade funciona para casais homoafetivos?<\/h2>\n<p>De acordo com a legisla\u00e7\u00e3o atual, os casais homoafetivos masculinos conseguem solicitar a licen\u00e7a paternidade para um deles, enquanto o outro pode solicitar a licen\u00e7a maternidade de 120 a 180 dias. Nos casais femininos, somente uma delas pode solicitar a licen\u00e7a de at\u00e9 6 meses.<\/p>\n<h2 class=\"wp-block-heading\" id=\"Como_funciona_a_licenca_maternidade_para_pai_solo\">Como funciona a licen\u00e7a maternidade para pai solo?<\/h2>\n<p>Segundo uma decis\u00e3o do Supremo Tribunal Federal (STF), os pais que t\u00eam de encarar a rotina de cuidar dos seus filhos sozinhos possuem o direito a uma licen\u00e7a longa de 180 dias.<\/p>\n<h2 class=\"wp-block-heading\" id=\"E_o_que_acontece_em_casos_de_natimorto_ou_aborto\">E o que acontece em casos de natimorto ou aborto?<\/h2>\n<p>Os colaboradores t\u00eam direito a licen\u00e7a em caso de natimorto, conforme a legisla\u00e7\u00e3o,\u00a0<strong>sendo poss\u00edvel solicitar a prorroga\u00e7\u00e3o de 15 dias<\/strong>, caso a empresa do profissional fa\u00e7a parte do Empresa Cidad\u00e3.<\/p>\n<p>Entendeu como funciona esse importante direito? A licen\u00e7a paternidade \u00e9 fundamental para garantir os cuidados essenciais das crian\u00e7as nessa fase e permitir que a fam\u00edlia se read\u00e9que a essa nova forma\u00e7\u00e3o. <\/p>\n<p>Se voc\u00ea quer saber mais sobre os direitos trabalhistas existentes, continue em nosso blog e confira o nosso post sobre as\u00a0novidades das leis trabalhistas para 2024!<\/p>\n<p>Agora que voc\u00ea j\u00e1 aprendeu mais sobre a licen\u00e7a paternidade, que tal compartilhar com seus amigos e deixar um coment\u00e1rio em nosso post? At\u00e9 a pr\u00f3xima leitura! <\/p>\n<div id=\"banner_bottom\"><img data-recalc-dims=\"1\" decoding=\"async\" style=\"with:100%\" data-gtm-event-category=\"catho:lp-carreira-sucesso\" data-gtm-event-action=\"carreira-sucesso:banner-artigo\" data-gtm-event-label=\"botao:banner\" src=\"https:\/\/i0.wp.com\/s24534.pcdn.co\/carreira-sucesso\/wp-content\/uploads\/sites\/3\/2024\/03\/banner-970x250-1.jpg?ssl=1\"\/><noscript><img data-recalc-dims=\"1\" decoding=\"async\" src=\"https:\/\/i0.wp.com\/s24534.pcdn.co\/carreira-sucesso\/wp-content\/uploads\/sites\/3\/2024\/03\/banner-970x250-1.jpg?ssl=1\" style=\"with:100%\" data-gtm-event-category=\"catho:lp-carreira-sucesso\" data-gtm-event-action=\"carreira-sucesso:banner-artigo\" data-gtm-event-label=\"botao:banner\"\/><\/noscript><\/div>\n<\/p><\/div>\n<p><br \/>\n<br \/><a href=\"https:\/\/www.catho.com.br\/carreira-sucesso\/licenca-paternidade\/\">Source link <\/a><\/p>\n<div class='code-block code-block-4' style='margin: 8px auto 8px 0; text-align: left; display: block; clear: both;'>\n\ud83d\udce2 Aviso Legal\n\nO site ismaelcolosi.com.br atua apenas como um canal de divulga\u00e7\u00e3o de oportunidades de emprego e n\u00e3o se responsabiliza pelo processo seletivo, contrata\u00e7\u00e3o ou qualquer outra etapa relacionada \u00e0s vagas publicadas. Todas as informa\u00e7\u00f5es s\u00e3o de responsabilidade dos anunciantes.\n\n\u26a0\ufe0f Aten\u00e7\u00e3o! Nunca pague por promessas de emprego nem compre cursos que garantam contrata\u00e7\u00e3o. Desconfie de qualquer cobran\u00e7a para participar de sele\u00e7\u00f5es.\n\n\n\n<\/div>\n<!-- CONTENT END 1 -->\n","protected":false},"excerpt":{"rendered":"<p>A chegada de uma nova crian\u00e7a na fam\u00edlia \u00e9 carregada de emo\u00e7\u00e3o e mudan\u00e7as na rotina de todos. No entanto, a licen\u00e7a paternidade ainda levanta&#8230;<\/p>\n","protected":false},"author":1,"featured_media":42191,"comment_status":"open","ping_status":"open","sticky":false,"template":"","format":"standard","meta":{"_uag_custom_page_level_css":"","advanced_seo_description":"","jetpack_seo_html_title":"","jetpack_seo_noindex":false,"jetpack_post_was_ever_published":false,"_jetpack_newsletter_access":"","_jetpack_dont_email_post_to_subs":false,"_jetpack_newsletter_tier_id":0,"_jetpack_memberships_contains_paywalled_content":false,"_jetpack_memberships_contains_paid_content":false,"footnotes":"","jetpack_publicize_message":"","jetpack_publicize_feature_enabled":true,"jetpack_social_post_already_shared":true,"jetpack_social_options":{"image_generator_settings":{"template":"highway","default_image_id":0,"font":"","enabled":false},"version":2}},"categories":[1964],"tags":[],"class_list":["post-42190","post","type-post","status-publish","format-standard","has-post-thumbnail","hentry","category-carreira-e-sucesso-dicas-para-carreira"],"jetpack_publicize_connections":[],"jetpack_featured_media_url":"https:\/\/i0.wp.com\/ismaelcolosi.com.br\/wp-content\/uploads\/2024\/03\/licenca-paternidade.jpg?fit=1200%2C675&ssl=1","uagb_featured_image_src":{"full":["https:\/\/i0.wp.com\/ismaelcolosi.com.br\/wp-content\/uploads\/2024\/03\/licenca-paternidade.jpg?fit=1200%2C675&ssl=1",1200,675,false],"thumbnail":["https:\/\/i0.wp.com\/ismaelcolosi.com.br\/wp-content\/uploads\/2024\/03\/licenca-paternidade.jpg?resize=150%2C150&ssl=1",150,150,true],"medium":["https:\/\/i0.wp.com\/ismaelcolosi.com.br\/wp-content\/uploads\/2024\/03\/licenca-paternidade.jpg?fit=300%2C169&ssl=1",300,169,true],"medium_large":["https:\/\/i0.wp.com\/ismaelcolosi.com.br\/wp-content\/uploads\/2024\/03\/licenca-paternidade.jpg?fit=768%2C432&ssl=1",768,432,true],"large":["https:\/\/i0.wp.com\/ismaelcolosi.com.br\/wp-content\/uploads\/2024\/03\/licenca-paternidade.jpg?fit=1024%2C576&ssl=1",1024,576,true],"1536x1536":["https:\/\/i0.wp.com\/ismaelcolosi.com.br\/wp-content\/uploads\/2024\/03\/licenca-paternidade.jpg?fit=1200%2C675&ssl=1",1200,675,true],"2048x2048":["https:\/\/i0.wp.com\/ismaelcolosi.com.br\/wp-content\/uploads\/2024\/03\/licenca-paternidade.jpg?fit=1200%2C675&ssl=1",1200,675,true],"really-simple-thumb":["https:\/\/i0.wp.com\/ismaelcolosi.com.br\/wp-content\/uploads\/2024\/03\/licenca-paternidade.jpg?resize=370%2C247&ssl=1",370,247,true]},"uagb_author_info":{"display_name":"ismaelcolosi.com.br","author_link":"https:\/\/ismaelcolosi.com.br\/index.php\/author\/vidareal-online\/"},"uagb_comment_info":0,"uagb_excerpt":"A chegada de uma nova crian\u00e7a na fam\u00edlia \u00e9 carregada de emo\u00e7\u00e3o e mudan\u00e7as na rotina de todos. No entanto, a licen\u00e7a paternidade ainda levanta...","jetpack-related-posts":[{"id":88150,"url":"https:\/\/ismaelcolosi.com.br\/index.php\/2025\/11\/04\/camara-aprova-ampliacao-gradual-da-licenca-paternidade\/","url_meta":{"origin":42190,"position":0},"title":"C\u00e2mara Aprova Amplia\u00e7\u00e3o Gradual da Licen\u00e7a-Paternidade","author":"ismaelcolosi.com.br","date":"4 de November de 2025","format":false,"excerpt":"\r Shutterstock\r Atualmente, a legisla\u00e7\u00e3o garante 5 dias de licen\u00e7a-paternidade\r Acessibilidade \r L\r L\r A-\r A+\r \r \u25d0\r \r A C\u00e2mara dos Deputados aprovou, nesta ter\u00e7a-feira (4), o\u00a0projeto de Lei (PL) 3935\/2008 que aumenta de maneira gradual a licen\u00e7a paternidade at\u00e9 20 dias. A proposta aumenta a licen\u00e7a de forma\u2026","rel":"","context":"In &quot;Carreira e Sucesso&quot;","block_context":{"text":"Carreira e Sucesso","link":"https:\/\/ismaelcolosi.com.br\/index.php\/category\/carreira-e-sucesso-dicas-para-carreira\/"},"img":{"alt_text":"","src":"https:\/\/i0.wp.com\/ismaelcolosi.com.br\/wp-content\/uploads\/2025\/11\/carreira-licenca-paternidade-1200x675.jpg?fit=1200%2C675&ssl=1&resize=350%2C200","width":350,"height":200,"srcset":"https:\/\/i0.wp.com\/ismaelcolosi.com.br\/wp-content\/uploads\/2025\/11\/carreira-licenca-paternidade-1200x675.jpg?fit=1200%2C675&ssl=1&resize=350%2C200 1x, https:\/\/i0.wp.com\/ismaelcolosi.com.br\/wp-content\/uploads\/2025\/11\/carreira-licenca-paternidade-1200x675.jpg?fit=1200%2C675&ssl=1&resize=525%2C300 1.5x, https:\/\/i0.wp.com\/ismaelcolosi.com.br\/wp-content\/uploads\/2025\/11\/carreira-licenca-paternidade-1200x675.jpg?fit=1200%2C675&ssl=1&resize=700%2C400 2x, https:\/\/i0.wp.com\/ismaelcolosi.com.br\/wp-content\/uploads\/2025\/11\/carreira-licenca-paternidade-1200x675.jpg?fit=1200%2C675&ssl=1&resize=1050%2C600 3x"},"classes":[]},{"id":15361,"url":"https:\/\/ismaelcolosi.com.br\/index.php\/2023\/12\/13\/stf-retoma-julgamento-sobre-licenca-paternidade\/","url_meta":{"origin":42190,"position":1},"title":"STF retoma julgamento sobre licen\u00e7a-paternidade","author":"ismaelcolosi.com.br","date":"13 de December de 2023","format":false,"excerpt":"O Supremo Tribunal Federal (STF) retoma nesta quarta-feira, 13, o julgamento que discute a omiss\u00e3o do Congresso Nacional em regulamentar a licen\u00e7a-paternidade no Pa\u00eds. O direito est\u00e1 previsto na Consolida\u00e7\u00e3o das Leis do Trabalho (CLT), criado com a promulga\u00e7\u00e3o da Constitui\u00e7\u00e3o de 1988. Mas desde ent\u00e3o, 35 anos depois, a\u2026","rel":"","context":"In &quot;Not\u00edcias de Ribeir\u00e3o Preto-SP e Regi\u00e3o&quot;","block_context":{"text":"Not\u00edcias de Ribeir\u00e3o Preto-SP e Regi\u00e3o","link":"https:\/\/ismaelcolosi.com.br\/index.php\/category\/noticias-de-ribeirao-preto-sp-e-regiao-ismael-colosi\/"},"img":{"alt_text":"","src":"https:\/\/i0.wp.com\/ismaelcolosi.com.br\/wp-content\/uploads\/2023\/12\/bebe.png?fit=980%2C536&ssl=1&resize=350%2C200","width":350,"height":200,"srcset":"https:\/\/i0.wp.com\/ismaelcolosi.com.br\/wp-content\/uploads\/2023\/12\/bebe.png?fit=980%2C536&ssl=1&resize=350%2C200 1x, https:\/\/i0.wp.com\/ismaelcolosi.com.br\/wp-content\/uploads\/2023\/12\/bebe.png?fit=980%2C536&ssl=1&resize=525%2C300 1.5x, https:\/\/i0.wp.com\/ismaelcolosi.com.br\/wp-content\/uploads\/2023\/12\/bebe.png?fit=980%2C536&ssl=1&resize=700%2C400 2x"},"classes":[]},{"id":16031,"url":"https:\/\/ismaelcolosi.com.br\/index.php\/2023\/12\/14\/stf-da-18-meses-para-congresso-editar-lei-sobre-licenca-paternidade-entenda\/","url_meta":{"origin":42190,"position":2},"title":"STF d\u00e1 18 meses para Congresso editar lei sobre licen\u00e7a-paternidade; Entenda","author":"ismaelcolosi.com.br","date":"14 de December de 2023","format":false,"excerpt":"Por Rayssa Motta O Supremo Tribunal Federal (STF) decidiu nesta quinta-feira, 14, que o Congresso tem 18 meses para regulamentar a licen\u00e7a-paternidade. Se o prazo n\u00e3o cumprido, os ministros voltar\u00e3o a analisar o processo, para definir os par\u00e2metros que v\u00e3o vigorar at\u00e9 a edi\u00e7\u00e3o de uma lei. \u201cAqui est\u00e1 em\u2026","rel":"","context":"In &quot;Not\u00edcias de Ribeir\u00e3o Preto-SP e Regi\u00e3o&quot;","block_context":{"text":"Not\u00edcias de Ribeir\u00e3o Preto-SP e Regi\u00e3o","link":"https:\/\/ismaelcolosi.com.br\/index.php\/category\/noticias-de-ribeirao-preto-sp-e-regiao-ismael-colosi\/"},"img":{"alt_text":"","src":"https:\/\/i0.wp.com\/ismaelcolosi.com.br\/wp-content\/uploads\/2023\/12\/pai-e-filho-se-divertem-em-casa-scaled.jpg?fit=1200%2C800&ssl=1&resize=350%2C200","width":350,"height":200,"srcset":"https:\/\/i0.wp.com\/ismaelcolosi.com.br\/wp-content\/uploads\/2023\/12\/pai-e-filho-se-divertem-em-casa-scaled.jpg?fit=1200%2C800&ssl=1&resize=350%2C200 1x, https:\/\/i0.wp.com\/ismaelcolosi.com.br\/wp-content\/uploads\/2023\/12\/pai-e-filho-se-divertem-em-casa-scaled.jpg?fit=1200%2C800&ssl=1&resize=525%2C300 1.5x, https:\/\/i0.wp.com\/ismaelcolosi.com.br\/wp-content\/uploads\/2023\/12\/pai-e-filho-se-divertem-em-casa-scaled.jpg?fit=1200%2C800&ssl=1&resize=700%2C400 2x, https:\/\/i0.wp.com\/ismaelcolosi.com.br\/wp-content\/uploads\/2023\/12\/pai-e-filho-se-divertem-em-casa-scaled.jpg?fit=1200%2C800&ssl=1&resize=1050%2C600 3x"},"classes":[]},{"id":86076,"url":"https:\/\/ismaelcolosi.com.br\/index.php\/2025\/06\/11\/a-importancia-de-executivos-falarem-sobre-paternidade\/","url_meta":{"origin":42190,"position":3},"title":"a Import\u00e2ncia de Executivos Falarem sobre Paternidade","author":"ismaelcolosi.com.br","date":"11 de June de 2025","format":false,"excerpt":"\r Getty Images\r Segundo pesquisa, 8 em cada 10 pais querem mais dias de licen\u00e7a-paternidade\r Acessibilidade \r L\r L\r A-\r A+\r \r \u25d0\r \r \u00a0 A licen\u00e7a-paternidade \u00e9 um tema que ganha cada vez mais aten\u00e7\u00e3o no Brasil, impulsionado por movimentos que buscam equiparar direitos e responsabilidades parentais. Hoje, a\u2026","rel":"","context":"In &quot;Carreira e Sucesso&quot;","block_context":{"text":"Carreira e Sucesso","link":"https:\/\/ismaelcolosi.com.br\/index.php\/category\/carreira-e-sucesso-dicas-para-carreira\/"},"img":{"alt_text":"","src":"https:\/\/i0.wp.com\/ismaelcolosi.com.br\/wp-content\/uploads\/2025\/06\/forbes-paternidade-1-1200x675.jpg?fit=1200%2C675&ssl=1&resize=350%2C200","width":350,"height":200,"srcset":"https:\/\/i0.wp.com\/ismaelcolosi.com.br\/wp-content\/uploads\/2025\/06\/forbes-paternidade-1-1200x675.jpg?fit=1200%2C675&ssl=1&resize=350%2C200 1x, https:\/\/i0.wp.com\/ismaelcolosi.com.br\/wp-content\/uploads\/2025\/06\/forbes-paternidade-1-1200x675.jpg?fit=1200%2C675&ssl=1&resize=525%2C300 1.5x, https:\/\/i0.wp.com\/ismaelcolosi.com.br\/wp-content\/uploads\/2025\/06\/forbes-paternidade-1-1200x675.jpg?fit=1200%2C675&ssl=1&resize=700%2C400 2x, https:\/\/i0.wp.com\/ismaelcolosi.com.br\/wp-content\/uploads\/2025\/06\/forbes-paternidade-1-1200x675.jpg?fit=1200%2C675&ssl=1&resize=1050%2C600 3x"},"classes":[]},{"id":16329,"url":"https:\/\/ismaelcolosi.com.br\/index.php\/2023\/12\/15\/stf-determina-regulamentacao-da-licenca-paternidade\/","url_meta":{"origin":42190,"position":4},"title":"STF determina regulamenta\u00e7\u00e3o da licen\u00e7a-paternidade","author":"ismaelcolosi.com.br","date":"15 de December de 2023","format":false,"excerpt":"Estudos mostram que a licen\u00e7a-paternidade estendida traz benef\u00edcios sociais e profissionais (tanto para os pais quanto para as m\u00e3es) O STF (Supremo Tribunal Federal) decidiu na quinta-feira (14) determinar ao Congresso Nacional a aprova\u00e7\u00e3o de uma lei para garantir a regulamenta\u00e7\u00e3o da licen\u00e7a-paternidade no pa\u00eds. Siga a Forbes no WhatsApp\u2026","rel":"","context":"In &quot;Carreira e Sucesso&quot;","block_context":{"text":"Carreira e Sucesso","link":"https:\/\/ismaelcolosi.com.br\/index.php\/category\/carreira-e-sucesso-dicas-para-carreira\/"},"img":{"alt_text":"","src":"https:\/\/i0.wp.com\/ismaelcolosi.com.br\/wp-content\/uploads\/2023\/12\/carreira-licenca-paternidade-1024x683.png?fit=1024%2C683&ssl=1&resize=350%2C200","width":350,"height":200,"srcset":"https:\/\/i0.wp.com\/ismaelcolosi.com.br\/wp-content\/uploads\/2023\/12\/carreira-licenca-paternidade-1024x683.png?fit=1024%2C683&ssl=1&resize=350%2C200 1x, https:\/\/i0.wp.com\/ismaelcolosi.com.br\/wp-content\/uploads\/2023\/12\/carreira-licenca-paternidade-1024x683.png?fit=1024%2C683&ssl=1&resize=525%2C300 1.5x, https:\/\/i0.wp.com\/ismaelcolosi.com.br\/wp-content\/uploads\/2023\/12\/carreira-licenca-paternidade-1024x683.png?fit=1024%2C683&ssl=1&resize=700%2C400 2x"},"classes":[]},{"id":59495,"url":"https:\/\/ismaelcolosi.com.br\/index.php\/2024\/08\/09\/8-em-cada-10-pais-querem-mais-dias-de-licenca-paternidade\/","url_meta":{"origin":42190,"position":5},"title":"8 em cada 10 pais querem mais dias de licen\u00e7a-paternidade","author":"ismaelcolosi.com.br","date":"9 de August de 2024","format":false,"excerpt":"\u00a0 Acessibilidade L L A- A+ \u25d0 \u00a0 Mais de 80% dos pais gostariam de ter licen\u00e7a-paternidade estendida. Entre eles, 34% gostariam de ter mais de 21 dias de licen\u00e7a; 26% desejam 120 dias ou mais (como a licen\u00e7a-maternidade) e 22%, de 6 a 22 dias. Apenas 11% concordam com\u2026","rel":"","context":"In &quot;Carreira e Sucesso&quot;","block_context":{"text":"Carreira e Sucesso","link":"https:\/\/ismaelcolosi.com.br\/index.php\/category\/carreira-e-sucesso-dicas-para-carreira\/"},"img":{"alt_text":"","src":"https:\/\/i0.wp.com\/ismaelcolosi.com.br\/wp-content\/uploads\/2024\/08\/carreira-licenca-paternidade-1024x683.jpg?fit=1024%2C683&ssl=1&resize=350%2C200","width":350,"height":200,"srcset":"https:\/\/i0.wp.com\/ismaelcolosi.com.br\/wp-content\/uploads\/2024\/08\/carreira-licenca-paternidade-1024x683.jpg?fit=1024%2C683&ssl=1&resize=350%2C200 1x, https:\/\/i0.wp.com\/ismaelcolosi.com.br\/wp-content\/uploads\/2024\/08\/carreira-licenca-paternidade-1024x683.jpg?fit=1024%2C683&ssl=1&resize=525%2C300 1.5x, https:\/\/i0.wp.com\/ismaelcolosi.com.br\/wp-content\/uploads\/2024\/08\/carreira-licenca-paternidade-1024x683.jpg?fit=1024%2C683&ssl=1&resize=700%2C400 2x"},"classes":[]}],"jetpack_sharing_enabled":true,"jetpack_shortlink":"https:\/\/wp.me\/pfMlyK-aYu","_links":{"self":[{"href":"https:\/\/ismaelcolosi.com.br\/index.php\/wp-json\/wp\/v2\/posts\/42190","targetHints":{"allow":["GET"]}}],"collection":[{"href":"https:\/\/ismaelcolosi.com.br\/index.php\/wp-json\/wp\/v2\/posts"}],"about":[{"href":"https:\/\/ismaelcolosi.com.br\/index.php\/wp-json\/wp\/v2\/types\/post"}],"author":[{"embeddable":true,"href":"https:\/\/ismaelcolosi.com.br\/index.php\/wp-json\/wp\/v2\/users\/1"}],"replies":[{"embeddable":true,"href":"https:\/\/ismaelcolosi.com.br\/index.php\/wp-json\/wp\/v2\/comments?post=42190"}],"version-history":[{"count":0,"href":"https:\/\/ismaelcolosi.com.br\/index.php\/wp-json\/wp\/v2\/posts\/42190\/revisions"}],"wp:featuredmedia":[{"embeddable":true,"href":"https:\/\/ismaelcolosi.com.br\/index.php\/wp-json\/wp\/v2\/media\/42191"}],"wp:attachment":[{"href":"https:\/\/ismaelcolosi.com.br\/index.php\/wp-json\/wp\/v2\/media?parent=42190"}],"wp:term":[{"taxonomy":"category","embeddable":true,"href":"https:\/\/ismaelcolosi.com.br\/index.php\/wp-json\/wp\/v2\/categories?post=42190"},{"taxonomy":"post_tag","embeddable":true,"href":"https:\/\/ismaelcolosi.com.br\/index.php\/wp-json\/wp\/v2\/tags?post=42190"}],"curies":[{"name":"wp","href":"https:\/\/api.w.org\/{rel}","templated":true}]}}