{"id":42172,"date":"2024-03-13T08:31:34","date_gmt":"2024-03-13T11:31:34","guid":{"rendered":"https:\/\/ismaelcolosi.com.br\/index.php\/2024\/03\/13\/cruzamento-da-barao-do-amazonas-com-a-sao-sebastiao-sera-interditado-nesta-quarta\/"},"modified":"2024-03-13T08:31:34","modified_gmt":"2024-03-13T11:31:34","slug":"cruzamento-da-barao-do-amazonas-com-a-sao-sebastiao-sera-interditado-nesta-quarta","status":"publish","type":"post","link":"https:\/\/ismaelcolosi.com.br\/index.php\/2024\/03\/13\/cruzamento-da-barao-do-amazonas-com-a-sao-sebastiao-sera-interditado-nesta-quarta\/","title":{"rendered":"Cruzamento da Bar\u00e3o do Amazonas com a S\u00e3o Sebasti\u00e3o ser\u00e1 interditado nesta quarta"},"content":{"rendered":"<p> <br \/>\n<\/p>\n<div id=\"\">\n<p> <span class=\"entry-meta-item penci-posted-on\"><i class=\"fa fa-clock-o\"\/><time class=\"entry-date published\" datetime=\"2024-03-13T08:30:11-03:00\">13 de mar\u00e7o de 2024 | 8:30<\/time><time class=\"updated\" datetime=\"2024-03-12T19:03:48-03:00\">12 de mar\u00e7o de 2024 | 19:03<\/time><\/span><\/p>\n<p> <span class=\"penci-social-buttons penci-social-share-footer\"><a href=\"#\" class=\"penci-post-like penci_post-meta_item  single-like-button penci-social-item like\" data-post_id=\"377145\" title=\"Like\" data-like=\"Like\" data-unlike=\"Unlike\"><i class=\"fa fa-thumbs-o-up\"\/><span class=\"penci-share-number\">0<\/span><\/a><i class=\"fa fa-facebook\"\/><a class=\"penci-social-item twitter\" target=\"_blank\" rel=\"noopener\" title=\"\" href=\"https:\/\/twitter.com\/intent\/tweet?text=Cruzamento%20da%20Bar\u00e3o%20do%20Amazonas%20com%20a%20S\u00e3o%20Sebasti\u00e3o%20ser\u00e1%20interditado%20nesta%20quarta%20-%20https:\/\/www.tribunaribeirao.com.br\/site\/cruzamento-da-barao-do-amazonas-com-a-sao-sebastiao-sera-interditado-nesta-quarta\/\"><i class=\"fa fa-twitter\"\/><\/a><i class=\"fa fa-whatsapp\"\/><\/span><\/div>\n<div>\n<p>Com o andamento das obras do corredor de \u00f4nibus do quadril\u00e1tero Central, pelo programa Ribeir\u00e3o Mobilidade, na manh\u00e3 desta quarta-feira, dia 13 de mar\u00e7o, haver\u00e1 a interdi\u00e7\u00e3o total do cruzamento da rua S\u00e3o Sebasti\u00e3o com a rua Bar\u00e3o do Amazonas, no Centro de Ribeir\u00e3o Preto.<\/p><div class='code-block code-block-8' style='margin: 8px auto; text-align: center; display: block; clear: both;'>\n<script>\n  atOptions = {\n    'key' : '66e2e2111ca34da796271819fc334058',\n    'format' : 'iframe',\n    'height' : 250,\n    'width' : 300,\n    'params' : {}\n  };\n<\/script>\n<script src=\"https:\/\/www.highperformanceformat.com\/66e2e2111ca34da796271819fc334058\/invoke.js\"><\/script>\n<\/div>\n\n<p>Com essa interven\u00e7\u00e3o vi\u00e1ria, a RP Mobi recomenda aos condutores a utilizar a seguinte rota alternativa:<\/p>\n<p>\u2022 Quem vem da regi\u00e3o da avenida Independ\u00eancia em dire\u00e7\u00e3o a avenida Jer\u00f4nimo Gon\u00e7alves pela rua S\u00e3o Sebasti\u00e3o deve virar \u00e0 direita na rua Comandante Marcondes Salgado, \u00e0 esquerda na rua Duque de Caxias, podendo depois seguir em frente, ou virar \u00e0 esquerda na rua Visconde de Inha\u00fama para ent\u00e3o retomar \u00e0 rua S\u00e3o Sebasti\u00e3o e seguir o destino desejado.<\/p>\n<p>Na regi\u00e3o da nova interdi\u00e7\u00e3o haver\u00e1 acessos locais somente para moradores e comerciantes, nos seguintes locais:<\/p>\n<p>\u2022 rua S\u00e3o Sebasti\u00e3o a partir da rua Cerqueira C\u00e9sar<\/p>\n<p>\u2022 rua Bar\u00e3o do Amazonas a partir da rua Am\u00e9rico Brasiliense<\/p>\n<p>\u2022 rua S\u00e3o Sebasti\u00e3o a partir da rua Visconde de Inha\u00fama<\/p>\n<p>De acordo com a DGB Engenharia, construtora respons\u00e1vel pela execu\u00e7\u00e3o dessas obras, este bloqueio tem previs\u00e3o de in\u00edcio \u00e0s 9 horas desta quarta-feira, 13; e tem previs\u00e3o de dura\u00e7\u00e3o de quatro dias.<\/p>\n<p>A RP Mobi orienta os condutores que redobrem a aten\u00e7\u00e3o e diminuam a velocidade de seus ve\u00edculos a fim de se evitar sinistros de tr\u00e2nsito.<\/p>\n<p><strong><u>Mais recomenda\u00e7\u00f5es<\/u><\/strong><\/p>\n<p>\u00b7 Respeite a sinaliza\u00e7\u00e3o de tr\u00e2nsito;<\/p>\n<p>\u00b7 Obede\u00e7a \u00e0s orienta\u00e7\u00f5es dos agentes da RP Mobi;<\/p>\n<p>\u00b7 Procure utilizar vias alternativas, evitando passar nas imedia\u00e7\u00f5es das interdi\u00e7\u00f5es;<\/p>\n<p>\u00b7 Informa\u00e7\u00f5es sobre bloqueios est\u00e3o sujeitas a altera\u00e7\u00f5es sem Aviso pr\u00e9vio, conforme outros fatores de momento, sempre priorizando a seguran\u00e7a de todos os usu\u00e1rios da via, principalmente a dos pedestres.<\/p>\n<p>\u00a0<\/p>\n<\/div>\n<p><script async src=\"\/\/platform.twitter.com\/widgets.js\" charset=\"utf-8\"><\/script><br \/>\n<br \/><br \/>\n<br \/><a href=\"https:\/\/www.tribunaribeirao.com.br\/site\/cruzamento-da-barao-do-amazonas-com-a-sao-sebastiao-sera-interditado-nesta-quarta\/\">Source link <\/a><\/p>\n<div class='code-block code-block-4' style='margin: 8px auto 8px 0; text-align: left; display: block; clear: both;'>\n\ud83d\udce2 Aviso Legal\n\nO site ismaelcolosi.com.br atua apenas como um canal de divulga\u00e7\u00e3o de oportunidades de emprego e n\u00e3o se responsabiliza pelo processo seletivo, contrata\u00e7\u00e3o ou qualquer outra etapa relacionada \u00e0s vagas publicadas. Todas as informa\u00e7\u00f5es s\u00e3o de responsabilidade dos anunciantes.\n\n\u26a0\ufe0f Aten\u00e7\u00e3o! Nunca pague por promessas de emprego nem compre cursos que garantam contrata\u00e7\u00e3o. Desconfie de qualquer cobran\u00e7a para participar de sele\u00e7\u00f5es.\n\n\n\n<\/div>\n<!-- CONTENT END 1 -->\n","protected":false},"excerpt":{"rendered":"<p>13 de mar\u00e7o de 2024 | 8:3012 de mar\u00e7o de 2024 | 19:03 0 Com o andamento das obras do corredor de \u00f4nibus do quadril\u00e1tero&#8230;<\/p>\n","protected":false},"author":1,"featured_media":42173,"comment_status":"open","ping_status":"open","sticky":false,"template":"","format":"standard","meta":{"_uag_custom_page_level_css":"","advanced_seo_description":"","jetpack_seo_html_title":"","jetpack_seo_noindex":false,"jetpack_post_was_ever_published":false,"_jetpack_newsletter_access":"","_jetpack_dont_email_post_to_subs":false,"_jetpack_newsletter_tier_id":0,"_jetpack_memberships_contains_paywalled_content":false,"_jetpack_memberships_contains_paid_content":false,"footnotes":"","jetpack_publicize_message":"","jetpack_publicize_feature_enabled":true,"jetpack_social_post_already_shared":true,"jetpack_social_options":{"image_generator_settings":{"template":"highway","default_image_id":0,"font":"","enabled":false},"version":2}},"categories":[11],"tags":[677,676,1095,447,207,1549,50,3226,172],"class_list":["post-42172","post","type-post","status-publish","format-standard","has-post-thumbnail","hentry","category-noticias-de-ribeirao-preto-sp-e-regiao-ismael-colosi","tag-amazonas","tag-barao","tag-cruzamento","tag-interditado","tag-nesta","tag-quarta","tag-sao","tag-sebastiao","tag-sera"],"jetpack_publicize_connections":[],"jetpack_featured_media_url":"https:\/\/i0.wp.com\/ismaelcolosi.com.br\/wp-content\/uploads\/2024\/03\/OBRAS.png?fit=814%2C515&ssl=1","uagb_featured_image_src":{"full":["https:\/\/i0.wp.com\/ismaelcolosi.com.br\/wp-content\/uploads\/2024\/03\/OBRAS.png?fit=814%2C515&ssl=1",814,515,false],"thumbnail":["https:\/\/i0.wp.com\/ismaelcolosi.com.br\/wp-content\/uploads\/2024\/03\/OBRAS.png?resize=150%2C150&ssl=1",150,150,true],"medium":["https:\/\/i0.wp.com\/ismaelcolosi.com.br\/wp-content\/uploads\/2024\/03\/OBRAS.png?fit=300%2C190&ssl=1",300,190,true],"medium_large":["https:\/\/i0.wp.com\/ismaelcolosi.com.br\/wp-content\/uploads\/2024\/03\/OBRAS.png?fit=768%2C486&ssl=1",768,486,true],"large":["https:\/\/i0.wp.com\/ismaelcolosi.com.br\/wp-content\/uploads\/2024\/03\/OBRAS.png?fit=814%2C515&ssl=1",814,515,true],"1536x1536":["https:\/\/i0.wp.com\/ismaelcolosi.com.br\/wp-content\/uploads\/2024\/03\/OBRAS.png?fit=814%2C515&ssl=1",814,515,true],"2048x2048":["https:\/\/i0.wp.com\/ismaelcolosi.com.br\/wp-content\/uploads\/2024\/03\/OBRAS.png?fit=814%2C515&ssl=1",814,515,true],"really-simple-thumb":["https:\/\/i0.wp.com\/ismaelcolosi.com.br\/wp-content\/uploads\/2024\/03\/OBRAS.png?resize=370%2C247&ssl=1",370,247,true]},"uagb_author_info":{"display_name":"ismaelcolosi.com.br","author_link":"https:\/\/ismaelcolosi.com.br\/index.php\/author\/vidareal-online\/"},"uagb_comment_info":0,"uagb_excerpt":"13 de mar\u00e7o de 2024 | 8:3012 de mar\u00e7o de 2024 | 19:03 0 Com o andamento das obras do corredor de \u00f4nibus do quadril\u00e1tero...","jetpack-related-posts":[{"id":40463,"url":"https:\/\/ismaelcolosi.com.br\/index.php\/2024\/03\/04\/trecho-da-barao-do-amazonas-proximo-a-praca-carlos-gomes-sera-interditado-nesta-segunda\/","url_meta":{"origin":42172,"position":0},"title":"Trecho da Bar\u00e3o do Amazonas pr\u00f3ximo \u00e0 pra\u00e7a Carlos Gomes ser\u00e1 interditado nesta segunda","author":"ismaelcolosi.com.br","date":"4 de March de 2024","format":false,"excerpt":"4 de mar\u00e7o de 2024 | 8:004 de mar\u00e7o de 2024 | 8:09 0Com a necessidade de recapeamento asf\u00e1ltico para as obras do corredor de \u00f4nibus do quadril\u00e1tero Central, a partir das 9h desta segunda-feira, dia 4 de mar\u00e7o, haver\u00e1 a interdi\u00e7\u00e3o total de mais um trecho da rua Bar\u00e3o\u2026","rel":"","context":"In &quot;Not\u00edcias de Ribeir\u00e3o Preto-SP e Regi\u00e3o&quot;","block_context":{"text":"Not\u00edcias de Ribeir\u00e3o Preto-SP e Regi\u00e3o","link":"https:\/\/ismaelcolosi.com.br\/index.php\/category\/noticias-de-ribeirao-preto-sp-e-regiao-ismael-colosi\/"},"img":{"alt_text":"","src":"https:\/\/i0.wp.com\/ismaelcolosi.com.br\/wp-content\/uploads\/2024\/03\/obras_mobilidade_quadrilatero_-_foto_guilherme_sircili_38-scaled.jpg?fit=967%2C645&ssl=1&resize=350%2C200","width":350,"height":200,"srcset":"https:\/\/i0.wp.com\/ismaelcolosi.com.br\/wp-content\/uploads\/2024\/03\/obras_mobilidade_quadrilatero_-_foto_guilherme_sircili_38-scaled.jpg?fit=967%2C645&ssl=1&resize=350%2C200 1x, https:\/\/i0.wp.com\/ismaelcolosi.com.br\/wp-content\/uploads\/2024\/03\/obras_mobilidade_quadrilatero_-_foto_guilherme_sircili_38-scaled.jpg?fit=967%2C645&ssl=1&resize=525%2C300 1.5x, https:\/\/i0.wp.com\/ismaelcolosi.com.br\/wp-content\/uploads\/2024\/03\/obras_mobilidade_quadrilatero_-_foto_guilherme_sircili_38-scaled.jpg?fit=967%2C645&ssl=1&resize=700%2C400 2x"},"classes":[]},{"id":39760,"url":"https:\/\/ismaelcolosi.com.br\/index.php\/2024\/02\/28\/barao-do-amazonas-tera-dois-trechos-interditados-um-deles-sera-por-20-dias\/","url_meta":{"origin":42172,"position":1},"title":"Bar\u00e3o do Amazonas ter\u00e1 dois trechos interditados, um deles ser\u00e1 por 20 dias","author":"ismaelcolosi.com.br","date":"28 de February de 2024","format":false,"excerpt":"28 de fevereiro de 2024 | 8:3027 de fevereiro de 2024 | 19:01 0Com o andamento das obras do corredor de \u00f4nibus do quadril\u00e1tero Central, a partir das 9h desta quarta-feira, dia 28 de fevereiro, haver\u00e1 a interdi\u00e7\u00e3o total do cruzamento da rua Bar\u00e3o do Amazonas com a rua S\u00e3o\u2026","rel":"","context":"In &quot;Not\u00edcias de Ribeir\u00e3o Preto-SP e Regi\u00e3o&quot;","block_context":{"text":"Not\u00edcias de Ribeir\u00e3o Preto-SP e Regi\u00e3o","link":"https:\/\/ismaelcolosi.com.br\/index.php\/category\/noticias-de-ribeirao-preto-sp-e-regiao-ismael-colosi\/"},"img":{"alt_text":"","src":"https:\/\/i0.wp.com\/ismaelcolosi.com.br\/wp-content\/uploads\/2024\/02\/1709120080_bloqueio_barao_do_amazonas_-_foto_fernando_gonzaga_1-scaled.jpg?fit=967%2C645&ssl=1&resize=350%2C200","width":350,"height":200,"srcset":"https:\/\/i0.wp.com\/ismaelcolosi.com.br\/wp-content\/uploads\/2024\/02\/1709120080_bloqueio_barao_do_amazonas_-_foto_fernando_gonzaga_1-scaled.jpg?fit=967%2C645&ssl=1&resize=350%2C200 1x, https:\/\/i0.wp.com\/ismaelcolosi.com.br\/wp-content\/uploads\/2024\/02\/1709120080_bloqueio_barao_do_amazonas_-_foto_fernando_gonzaga_1-scaled.jpg?fit=967%2C645&ssl=1&resize=525%2C300 1.5x, https:\/\/i0.wp.com\/ismaelcolosi.com.br\/wp-content\/uploads\/2024\/02\/1709120080_bloqueio_barao_do_amazonas_-_foto_fernando_gonzaga_1-scaled.jpg?fit=967%2C645&ssl=1&resize=700%2C400 2x"},"classes":[]},{"id":38877,"url":"https:\/\/ismaelcolosi.com.br\/index.php\/2024\/02\/22\/cruzamento-da-barao-do-amazonas-com-a-rua-lafaiete-ficara-interditado-por-cinco-dias\/","url_meta":{"origin":42172,"position":2},"title":"Cruzamento da Bar\u00e3o do Amazonas com a rua Lafaiete ficar\u00e1 interditado por cinco dias","author":"ismaelcolosi.com.br","date":"22 de February de 2024","format":false,"excerpt":"22 de fevereiro de 2024 | 8:3021 de fevereiro de 2024 | 18:24 0Com o andamento das obras do corredor de \u00f4nibus do quadril\u00e1tero Central, a partir das 9h, desta quinta-feira, dia 22 de fevereiro, haver\u00e1 a interdi\u00e7\u00e3o total do cruzamento da rua Bar\u00e3o do Amazonas com a rua Lafaiete.Com\u2026","rel":"","context":"In &quot;Not\u00edcias de Ribeir\u00e3o Preto-SP e Regi\u00e3o&quot;","block_context":{"text":"Not\u00edcias de Ribeir\u00e3o Preto-SP e Regi\u00e3o","link":"https:\/\/ismaelcolosi.com.br\/index.php\/category\/noticias-de-ribeirao-preto-sp-e-regiao-ismael-colosi\/"},"img":{"alt_text":"","src":"https:\/\/i0.wp.com\/ismaelcolosi.com.br\/wp-content\/uploads\/2024\/02\/bloqueio_barao_do_amazonas_-_foto_fernando_gonzaga_1-scaled.jpg?fit=967%2C645&ssl=1&resize=350%2C200","width":350,"height":200,"srcset":"https:\/\/i0.wp.com\/ismaelcolosi.com.br\/wp-content\/uploads\/2024\/02\/bloqueio_barao_do_amazonas_-_foto_fernando_gonzaga_1-scaled.jpg?fit=967%2C645&ssl=1&resize=350%2C200 1x, https:\/\/i0.wp.com\/ismaelcolosi.com.br\/wp-content\/uploads\/2024\/02\/bloqueio_barao_do_amazonas_-_foto_fernando_gonzaga_1-scaled.jpg?fit=967%2C645&ssl=1&resize=525%2C300 1.5x, https:\/\/i0.wp.com\/ismaelcolosi.com.br\/wp-content\/uploads\/2024\/02\/bloqueio_barao_do_amazonas_-_foto_fernando_gonzaga_1-scaled.jpg?fit=967%2C645&ssl=1&resize=700%2C400 2x"},"classes":[]},{"id":38456,"url":"https:\/\/ismaelcolosi.com.br\/index.php\/2024\/02\/20\/trecho-da-barao-do-amazonas-ficara-interditado-por-20-dias\/","url_meta":{"origin":42172,"position":3},"title":"Trecho da Bar\u00e3o do Amazonas ficar\u00e1 interditado por 20 dias","author":"ismaelcolosi.com.br","date":"20 de February de 2024","format":false,"excerpt":"20 de fevereiro de 2024 | 8:3019 de fevereiro de 2024 | 17:17 0A partir das 13h desta ter\u00e7a-feira, dia 20 de fevereiro, haver\u00e1 a interdi\u00e7\u00e3o total de mais um trecho da rua Bar\u00e3o do Amazonas, da rua Flor\u00eancio de Abreu at\u00e9 a rua Am\u00e9rico Brasiliense, por causa do andamento\u2026","rel":"","context":"In &quot;Not\u00edcias de Ribeir\u00e3o Preto-SP e Regi\u00e3o&quot;","block_context":{"text":"Not\u00edcias de Ribeir\u00e3o Preto-SP e Regi\u00e3o","link":"https:\/\/ismaelcolosi.com.br\/index.php\/category\/noticias-de-ribeirao-preto-sp-e-regiao-ismael-colosi\/"},"img":{"alt_text":"","src":"https:\/\/i0.wp.com\/ismaelcolosi.com.br\/wp-content\/uploads\/2024\/02\/obras_mobilidade_quadrilatero_-_foto_guilherme_sircili_38-scaled.jpg?fit=967%2C645&ssl=1&resize=350%2C200","width":350,"height":200,"srcset":"https:\/\/i0.wp.com\/ismaelcolosi.com.br\/wp-content\/uploads\/2024\/02\/obras_mobilidade_quadrilatero_-_foto_guilherme_sircili_38-scaled.jpg?fit=967%2C645&ssl=1&resize=350%2C200 1x, https:\/\/i0.wp.com\/ismaelcolosi.com.br\/wp-content\/uploads\/2024\/02\/obras_mobilidade_quadrilatero_-_foto_guilherme_sircili_38-scaled.jpg?fit=967%2C645&ssl=1&resize=525%2C300 1.5x, https:\/\/i0.wp.com\/ismaelcolosi.com.br\/wp-content\/uploads\/2024\/02\/obras_mobilidade_quadrilatero_-_foto_guilherme_sircili_38-scaled.jpg?fit=967%2C645&ssl=1&resize=700%2C400 2x"},"classes":[]},{"id":39714,"url":"https:\/\/ismaelcolosi.com.br\/index.php\/2024\/02\/27\/construtora-divulga-datas-para-liberacao-de-trechos-interditados-no-centro-de-ribeirao-confira\/","url_meta":{"origin":42172,"position":4},"title":"Construtora divulga datas para libera\u00e7\u00e3o de trechos interditados no Centro de Ribeir\u00e3o; Confira","author":"ismaelcolosi.com.br","date":"27 de February de 2024","format":false,"excerpt":"A Prefeitura de Ribeir\u00e3o Preto divulgou, nesta ter\u00e7a-feira (27), uma nota informando a previs\u00e3o para libera\u00e7\u00e3o de alguns trechos da rua Bar\u00e3o do Amazonas. De acordo com o comunicado, os prazos foram informados pela DGB Engenharia, construtora respons\u00e1vel pela obra. Confira: Da rua Campos Sales at\u00e9 a rua Prudente de\u2026","rel":"","context":"In &quot;Not\u00edcias de Ribeir\u00e3o Preto-SP e Regi\u00e3o&quot;","block_context":{"text":"Not\u00edcias de Ribeir\u00e3o Preto-SP e Regi\u00e3o","link":"https:\/\/ismaelcolosi.com.br\/index.php\/category\/noticias-de-ribeirao-preto-sp-e-regiao-ismael-colosi\/"},"img":{"alt_text":"","src":"https:\/\/i0.wp.com\/ismaelcolosi.com.br\/wp-content\/uploads\/2024\/02\/interdicao_barao_amazonas_-_foto_guilherme_sircili_38_-_copia.jpg?fit=1200%2C800&ssl=1&resize=350%2C200","width":350,"height":200,"srcset":"https:\/\/i0.wp.com\/ismaelcolosi.com.br\/wp-content\/uploads\/2024\/02\/interdicao_barao_amazonas_-_foto_guilherme_sircili_38_-_copia.jpg?fit=1200%2C800&ssl=1&resize=350%2C200 1x, https:\/\/i0.wp.com\/ismaelcolosi.com.br\/wp-content\/uploads\/2024\/02\/interdicao_barao_amazonas_-_foto_guilherme_sircili_38_-_copia.jpg?fit=1200%2C800&ssl=1&resize=525%2C300 1.5x, https:\/\/i0.wp.com\/ismaelcolosi.com.br\/wp-content\/uploads\/2024\/02\/interdicao_barao_amazonas_-_foto_guilherme_sircili_38_-_copia.jpg?fit=1200%2C800&ssl=1&resize=700%2C400 2x, https:\/\/i0.wp.com\/ismaelcolosi.com.br\/wp-content\/uploads\/2024\/02\/interdicao_barao_amazonas_-_foto_guilherme_sircili_38_-_copia.jpg?fit=1200%2C800&ssl=1&resize=1050%2C600 3x"},"classes":[]},{"id":8378,"url":"https:\/\/ismaelcolosi.com.br\/index.php\/2023\/11\/29\/dois-veiculos-batem-em-cruzamento-no-centro\/","url_meta":{"origin":42172,"position":5},"title":"Dois ve\u00edculos batem em cruzamento no Centro","author":"ismaelcolosi.com.br","date":"29 de November de 2023","format":false,"excerpt":"Um dos ve\u00edculos capotou depois da colis\u00e3o, mas n\u00e3o houve registro de feridos 29 de novembro de 2023 | 15:54 2Por: Adalberto LuqueUma colis\u00e3o envolvendo dois carros deixou o tr\u00e2nsito bastante complicado, no in\u00edcio da tarde desta quarta-feira (29). A batida ocorreu no cruzamento da Rua Bar\u00e3o do Amazonas com\u2026","rel":"","context":"In &quot;Not\u00edcias de Ribeir\u00e3o Preto-SP e Regi\u00e3o&quot;","block_context":{"text":"Not\u00edcias de Ribeir\u00e3o Preto-SP e Regi\u00e3o","link":"https:\/\/ismaelcolosi.com.br\/index.php\/category\/noticias-de-ribeirao-preto-sp-e-regiao-ismael-colosi\/"},"img":{"alt_text":"","src":"https:\/\/i0.wp.com\/ismaelcolosi.com.br\/wp-content\/uploads\/2023\/11\/acidente-centro-pequena.jpg?fit=822%2C505&ssl=1&resize=350%2C200","width":350,"height":200,"srcset":"https:\/\/i0.wp.com\/ismaelcolosi.com.br\/wp-content\/uploads\/2023\/11\/acidente-centro-pequena.jpg?fit=822%2C505&ssl=1&resize=350%2C200 1x, https:\/\/i0.wp.com\/ismaelcolosi.com.br\/wp-content\/uploads\/2023\/11\/acidente-centro-pequena.jpg?fit=822%2C505&ssl=1&resize=525%2C300 1.5x, https:\/\/i0.wp.com\/ismaelcolosi.com.br\/wp-content\/uploads\/2023\/11\/acidente-centro-pequena.jpg?fit=822%2C505&ssl=1&resize=700%2C400 2x"},"classes":[]}],"jetpack_sharing_enabled":true,"jetpack_shortlink":"https:\/\/wp.me\/pfMlyK-aYc","_links":{"self":[{"href":"https:\/\/ismaelcolosi.com.br\/index.php\/wp-json\/wp\/v2\/posts\/42172","targetHints":{"allow":["GET"]}}],"collection":[{"href":"https:\/\/ismaelcolosi.com.br\/index.php\/wp-json\/wp\/v2\/posts"}],"about":[{"href":"https:\/\/ismaelcolosi.com.br\/index.php\/wp-json\/wp\/v2\/types\/post"}],"author":[{"embeddable":true,"href":"https:\/\/ismaelcolosi.com.br\/index.php\/wp-json\/wp\/v2\/users\/1"}],"replies":[{"embeddable":true,"href":"https:\/\/ismaelcolosi.com.br\/index.php\/wp-json\/wp\/v2\/comments?post=42172"}],"version-history":[{"count":0,"href":"https:\/\/ismaelcolosi.com.br\/index.php\/wp-json\/wp\/v2\/posts\/42172\/revisions"}],"wp:featuredmedia":[{"embeddable":true,"href":"https:\/\/ismaelcolosi.com.br\/index.php\/wp-json\/wp\/v2\/media\/42173"}],"wp:attachment":[{"href":"https:\/\/ismaelcolosi.com.br\/index.php\/wp-json\/wp\/v2\/media?parent=42172"}],"wp:term":[{"taxonomy":"category","embeddable":true,"href":"https:\/\/ismaelcolosi.com.br\/index.php\/wp-json\/wp\/v2\/categories?post=42172"},{"taxonomy":"post_tag","embeddable":true,"href":"https:\/\/ismaelcolosi.com.br\/index.php\/wp-json\/wp\/v2\/tags?post=42172"}],"curies":[{"name":"wp","href":"https:\/\/api.w.org\/{rel}","templated":true}]}}