{"id":42166,"date":"2024-03-13T06:30:25","date_gmt":"2024-03-13T09:30:25","guid":{"rendered":"https:\/\/ismaelcolosi.com.br\/index.php\/2024\/03\/13\/nova-diretora-de-marketing-das-pernambucanas\/"},"modified":"2024-03-13T06:30:25","modified_gmt":"2024-03-13T09:30:25","slug":"nova-diretora-de-marketing-das-pernambucanas","status":"publish","type":"post","link":"https:\/\/ismaelcolosi.com.br\/index.php\/2024\/03\/13\/nova-diretora-de-marketing-das-pernambucanas\/","title":{"rendered":"Nova diretora de marketing das Pernambucanas"},"content":{"rendered":"<p> <br \/>\n<\/p>\n<div>\n<div id=\"attachment_600614\" class=\"wp-caption alignnone style=\" max-width:=\"\"><img data-recalc-dims=\"1\" fetchpriority=\"high\" decoding=\"async\" class=\"alignnone wp-image-600614 size-full\" src=\"https:\/\/i0.wp.com\/forbes.com.br\/wp-content\/uploads\/2024\/03\/carreira-flavia-molina-pernambucanas-768x512.jpg?resize=678%2C452&#038;ssl=1\" http:=\"\" alt=\"\" width=\"678\" height=\"452\" data-lazy-src=\"https:\/\/forbes.com.br\/wp-content\/uploads\/2024\/03\/carreira-flavia-molina-pernambucanas-768x512.jpg\"\/><noscript><img data-recalc-dims=\"1\" fetchpriority=\"high\" decoding=\"async\" class=\"alignnone wp-image-600614 size-full\" src=\"https:\/\/i0.wp.com\/forbes.com.br\/wp-content\/uploads\/2024\/03\/carreira-flavia-molina-pernambucanas-768x512.jpg?resize=678%2C452&#038;ssl=1\" alt=\"\" width=\"678\" height=\"452\"\/><\/noscript><\/p>\n<p class=\"wp-caption-text\">Flavia Molina chega ao marketing das Pernambucanas com o intuito de liderar mudan\u00e7as e trazer novos mercados<\/p><div class='code-block code-block-8' style='margin: 8px auto; text-align: center; display: block; clear: both;'>\n<script>\n  atOptions = {\n    'key' : '66e2e2111ca34da796271819fc334058',\n    'format' : 'iframe',\n    'height' : 250,\n    'width' : 300,\n    'params' : {}\n  };\n<\/script>\n<script src=\"https:\/\/www.highperformanceformat.com\/66e2e2111ca34da796271819fc334058\/invoke.js\"><\/script>\n<\/div>\n\n<\/div>\n<p>Em 2018, quando ocupava a diretoria de marketing da P<strong>ernod Ricard, fabricante da vodka Absolut e do whisky Ballantine\u2019s, Flavia Molina liderou a cria\u00e7\u00e3o de uma comunidade online<\/strong> para ajudar a marca a entender o perfil de seus clientes, onde iriam ter acesso a receitas, dicas, hist\u00f3rias. Mas n\u00e3o s\u00f3. \u201cEu insisti para que a gente fizesse um marketplace de bebidas, acess\u00f3rios e tudo o que a pessoa precisasse para fazer seu drink em casa. Servi\u00e7o completo\u201d, conta.<\/p>\n<p>Para alguns parecia uma bobagem: para que criar mais um ponto de venda al\u00e9m de bares, supermercados, shows, eventos sazonais? Para ela, era a oportunidade de coletar dados preciosos. \u201cA pessoa pede um drink no bar e ningu\u00e9m sabe nome, idade, prefer\u00eancias desse consumidor\u201d.<\/p>\n<ul>\n<li><strong>Siga o canal da <a href=\"https:\/\/www.whatsapp.com\/channel\/0029Va9gQKwBFLgM96cJnu0u\">Forbes<\/a> e de <a href=\"https:\/\/www.whatsapp.com\/channel\/0029VaAZk57JuyA9F4UwQc2I\">Forbes Money<\/a> no WhatsApp e receba as principais not\u00edcias sobre neg\u00f3cios, carreira, tecnologia e estilo de vida<\/strong><\/li>\n<\/ul>\n<p>Deu t\u00e3o certo que <strong>Fl\u00e1via recebeu um pr\u00eamio global de inova\u00e7\u00e3o da marca e o projeto foi ampliado para o mundo todo<\/strong>. Mais que isso, preparou a empresa para o que poderia ser desastroso. Um ano depois do lan\u00e7amento da comunidade digital, veio a pandemia. O que teria levado meses para ser feito, estava pronto e rodando. \u201cEsse marketplace, que representava 7% do faturamento, passou a responder por quase a totalidade do faturamento da empresa quando come\u00e7ou o isolamento\u201d.<\/p>\n<p>O projeto representa bem dois aspectos profissionais de Flavia Molina: <strong>o interesse em dados e a capacidade de prever tend\u00eancias e lidar com transforma\u00e7\u00f5es<\/strong>, habilidades que contribu\u00edram para o cargo que assumiu no \u00faltimo m\u00eas. Ela hoje \u00e9 CMO das Pernambucanas, empresa de 115 anos, mais de 500 lojas, 5 mil funcion\u00e1rios e que faturou R$ 4,7 bilh\u00f5es em 2022.<\/p>\n<p><strong>Leia tamb\u00e9m:<\/strong><\/p>\n<p>A executiva deve liderar uma fase de transforma\u00e7\u00e3o na empresa de varejo ao lado do novo CEO, Marcelo Labuto, que assumiu h\u00e1 menos de seis meses. Aqui, ela conta um pouco mais sobre o momento de carreira, a vis\u00e3o sobre seu novo papel e o que valoriza hoje em dia.<\/p>\n<p><strong>Forbes: A Pernambucanas \u00e9 uma marca popular e tradicional, mas o varejo brasileiro precisa se reinventar pois est\u00e1 passando por momentos complexos. O que voc\u00ea pretende fazer nesse cen\u00e1rio?<\/strong><\/p>\n<p><strong>Flavia Molina<\/strong>: Sim, \u00e9 uma marca tradicional, popular, voltada hoje para classe C e D, predominantemente de mulheres. Um p\u00fablico que acompanha a loja h\u00e1 tempos. E eu n\u00e3o posso fazer esse \u201ctwist\u201d, essa transforma\u00e7\u00e3o, se for para perder o p\u00fablico que \u00e9 fiel. Ao mesmo tempo, a gente tem que trazer outras experi\u00eancias, chamar um p\u00fablico mais jovem. E eu n\u00e3o tenho essa resposta ainda, de como vou fazer essa amplia\u00e7\u00e3o. Estou h\u00e1 30 dias \u00fateis no cargo [risos]. Mas comecei fazendo uma imers\u00e3o nas lojas, visitando lojas em diversos pontos de S\u00e3o Paulo e fora do estado para realmente entender. Tem lugares em que \u00e9 uma loja mais voltada para a classe C, em outros lugares \u00e9 quase o \u201cshopping\u201d da cidade, a \u00fanica loja grande. Essa imers\u00e3o me ajudou a entender e a saber por onde come\u00e7ar, a montar uma estrat\u00e9gia de \u201cclusteriza\u00e7\u00e3o\u201d e a entender cada p\u00fablico. Ent\u00e3o eu tenho muitas perguntas em aberto e poucas respostas. Como marqueteira, \u00e9 um projeto incr\u00edvel. A Pernambucanas faz parte da mem\u00f3ria afetiva do brasileiro. Existe uma crise do varejo, mas tamb\u00e9m uma oportunidade de transforma\u00e7\u00e3o. Qual \u00e9 o papel de uma loja f\u00edsica hoje, por exemplo? Nosso volume de longe vem dos pontos de venda, mas a gente quer fortalecer o canal digital. Para isso estou mergulhando na empresa e no ponto de venda, para entender como ser\u00e1 essa amplia\u00e7\u00e3o.<\/p>\n<p><strong>F: Voc\u00ea mudou de empresa diversas vezes nos \u00faltimos anos. Como isso \u00e9 visto em um processo seletivo de uma empresa tradicional como a Pernambucanas? E como voc\u00ea insere essas mudan\u00e7as na sua hist\u00f3ria profissional de uma maneira positiva?<\/strong><\/p>\n<p><strong>FM<\/strong>: Fiquei cinco anos na Microsoft, dois anos na Globo, dois anos na Domino\u2019s e dois anos na Pier, uma startup de seguros. Sim, se voc\u00ea fica pouco tempo em uma empresa, isso pode ser visto de maneira negativa, como uma instabilidade. Mas no meu caso, trouxe uma vis\u00e3o hol\u00edstica de segmentos e de oportunidades. <strong>E hoje o profissional \u00e9 avaliado pela sua capacidade de enxergar o todo. E o marketing deixou de ser especialista h\u00e1 muito tempo.<\/strong> Hoje tem um papel mais importante no neg\u00f3cio, numa mesa de discuss\u00e3o, n\u00e3o est\u00e1 l\u00e1 s\u00f3 para falar s\u00f3 de campanha. H\u00e1 anos isso vem mudando. O profissional de marketing entra com tudo na resolu\u00e7\u00e3o de problemas, de crescimento de neg\u00f3cio. Eu desenvolvi uma experi\u00eancia ampla que me ajuda, que me d\u00e1 maturidade para ter essa vis\u00e3o.<\/p>\n<p><strong>F: Como voc\u00ea demonstra essa maturidade durante um processo seletivo, por exemplo?<\/strong><\/p>\n<p><strong>FM<\/strong>: Acredito que tenho um diferencial \u00e9 minha capacidade de entrega, independentemente de eu ter ficado 12 anos ou 3 anos em uma empresa. Minhas entregas s\u00e3o consistentes e eu mostro isso com os projetos que implementei e tamb\u00e9m com o que as pessoas do mercado, que trabalharam comigo, falam e pensam sobre mim. Porque n\u00e3o adianta s\u00f3 eu falar, tem que ter gente corroborando essa narrativa.<\/p>\n<p><strong>F: Voc\u00ea est\u00e1 falando em mudan\u00e7a, moderniza\u00e7\u00e3o, transforma\u00e7\u00e3o. Como voc\u00ea convence as pessoas a adotarem essa mudan\u00e7a? Como lida com a resist\u00eancia nos lugares em que voc\u00ea chega para transformar?<\/strong><\/p>\n<p><strong>FM<\/strong>: Se voc\u00ea olhar o meu curr\u00edculo, voc\u00ea vai ver que, com algumas exce\u00e7\u00f5es, ela sempre passa por momentos transformacionais das empresas. Pernambucanas n\u00e3o deixa de ser um momento transformacional, juntamente com o varejo. Para mudar, a primeira coisa \u00e9 a conscientiza\u00e7\u00e3o. Voc\u00ea tem que levar o seu time, mas tamb\u00e9m a lideran\u00e7a, o conselho. Mas nem todos, necessariamente, vir\u00e3o junto nessa transforma\u00e7\u00e3o. Busque os seus aliados. Uma vez eu ouvi algo muito bacana e que foi transformador na minha vida durante um processo de transforma\u00e7\u00e3o que eu estava vivendo numa determinada empresa. O tema dessa aula na Singularity foi justamente esse, de n\u00e3o resistir porque haver\u00e1 for\u00e7as contra voc\u00ea na mudan\u00e7a. Eles fizeram um paralelo com quando a gente tenta passar a arrebenta\u00e7\u00e3o das ondas no mar. <strong>Voc\u00ea tem que garantir que todos entendam a mudan\u00e7a, mas n\u00e3o pode colocar energia fazendo com que todo mundo aceite e venha junto<\/strong>. A sua energia \u00e9 para passar a arrebenta\u00e7\u00e3o. Alguns ir\u00e3o com voc\u00ea e esses ser\u00e3o seus agentes multiplicadores, aqueles que ir\u00e3o convencer outros a seguir nadando. Mas voc\u00ea tem que aceitar que nem todos vir\u00e3o.<\/p>\n<p><strong>F: Voc\u00ea trouxe para o seu guarda-chuvas a \u00e1rea de data analytics. Parece que os departamentos de marketing est\u00e3o englobando cada vez mais \u00e1reas das empresas. Como voc\u00ea v\u00ea essa \u201cambi\u00e7\u00e3o do marketing\u201d?<\/strong><\/p>\n<p><strong>FM<\/strong>: Eu n\u00e3o acho que o marketing est\u00e1 \u201cpegando\u201d tudo, mas entendeu-se que a gera\u00e7\u00e3o de demanda faz parte da cadeira do marketing. E ent\u00e3o o departamento de marketing se envolve, faz parte da discuss\u00e3o de neg\u00f3cio. Deixou de ser um mero fazedor e entregador de campanhas para entender a dor do neg\u00f3cio e entregar resultado. <strong>Essa \u00e9 uma caracter\u00edstica minha: eu sempre estive envolvida no neg\u00f3cio. Eu sei que \u00e9 uma carga imensa de trabalho, realmente mas eu sou extremamente workaholic. Sou fu\u00e7adora.<\/strong> Eu n\u00e3o termino de trabalhar a hora que eu saio daqui. Minhas amigas brincam que eu durmo de olho aberto porque sei de muita coisa. Mas isso \u00e9 porque sou muito curiosa. Quando era crian\u00e7a, morei em muitas cidades diferentes. Eu tinha que me adaptar num espa\u00e7o de tempo curt\u00edssimo. Isso foi constru\u00eddo em mim e eu levo para a minha carreira e para a minha vida pessoal. Eu vou me alimentando de outras ideias, de outros olhares, de outros insights. <strong>Por isso que digo que sou workaholic. Mas, sim, tenho vida pessoal.<\/strong> Tenho tempo de conviv\u00eancia. Sou presente com a minha fam\u00edlia. J\u00e1 perdi a primeira apresenta\u00e7\u00e3o de bal\u00e9 da minha filha e sei o quanto d\u00f3i. Hoje n\u00e3o fa\u00e7o mais isso.<\/p>\n<p><strong>F: Voc\u00ea mudou sua maneira de se dedicar ao trabalho?<\/strong><\/p>\n<p><strong>FM<\/strong>: Eu hoje escolho. Eu posso escolher n\u00e3o limpar a casa, mas eu cozinho \u00e0 noite porque quero jantar com todo mundo reunido. Cheguei hoje aqui \u00e0s 10 horas da manh\u00e3 porque eu estava num evento da escola com meu filho. J\u00e1 abri m\u00e3o de muita coisa dos meus filhos, l\u00e1 no passado. Hoje n\u00e3o abro mais. Hoje, eu n\u00e3o aceito e obviamente \u00e9 um privil\u00e9gio poder conduzir minha agenda dessa forma. Tenho mais liberdade no cargo que eu tenho, n\u00e9? Mas minha luta \u00e9 garantir que, independentemente do cargo, as pessoas da minha equipe possam estar presentes nos momentos importantes para aquele que amam. Elas (e eles) n\u00e3o precisam me pedir permiss\u00e3o para levar o filho ao m\u00e9dico ou para cuidar dos pais. <strong>Cada um sabe o resultado que precisa trazer para a empresa. As pessoas precisam fazer o que \u00e9 necess\u00e1rio com paz de esp\u00edrito.<\/strong> Eu sei o que eu vivi no passado e n\u00e3o quero que as pessoas passem por isso. A cobran\u00e7a sempre vai existir, mas podemos fazer diferente hoje.<\/p>\n<p><strong>F: E por que trouxe a \u00e1rea de dados para o seu departamento?<\/strong><\/p>\n<p><strong>FM<\/strong>: Sempre tive um olhar para o que acontece no mundo dos dados. Isso veio para o marketing quando eu entrei. E eu n\u00e3o pedi, veio naturalmente talvez por conta da minha hist\u00f3ria, n\u00e9? Como eu passei por esse olhar mais anal\u00edtico na conversa com o [Marcelo] Labuto [CEO da Pernambucanas] faz sentido a \u00e1rea de dados estar junto com quem cuida do CRM.<\/p>\n<p><strong>F: Voc\u00ea falou em curiosidade. Quais habilidades voc\u00ea priorizou desenvolver ao longo da sua carreira?<\/strong><\/p>\n<p><strong>FM<\/strong>: Acho que priorizei o conhecimento. <strong>Sou uma pessoa muito antenada e tenho FOMO constante [Fear of Missing Out, sigla para medo de estar perdendo algo importante]<\/strong>. Adoraria estar em Austin agora, no SXSW. Eu fui nos dois \u00faltimos anos. Mas esse n\u00e3o \u00e9 o momento, preciso estar aqui. Fiz uma escolha. Mas eu busco esse conhecimento de diferentes formas. Pode ser leitura, podcasts tamb\u00e9m, mas n\u00e3o \u00e9 s\u00f3 isso. Tento captar o que est\u00e1 acontecendo na cena cultural em que estou inserida. Penso o que h\u00e1 por tr\u00e1s daquela fala, daquela not\u00edcia, que posso trazer para dentro do meu neg\u00f3cio. Essa busca, por mais que venha de um desejo meu, eu uso a favor da empresa. Claro que gosto de reconhecimento, mas n\u00e3o fa\u00e7o isso para ser aplaudida ou ganhar pr\u00eamio. Eu trabalho em prol da empresa em que estou, tenho uma entrega para fazer e vou priorizar essa entrega.<\/p>\n<h3><strong>Veja outros executivos que fizeram movimentos de carreira na quinzena:<\/strong><\/h3>\n<p>\u00a0<\/p>\n<div class=\"pksGallery\">\n<div class=\"stage\">\n<span class=\"back\"\/><br \/>\n<span class=\"next\"\/><\/p>\n<ul>\n<li>\n<div>\n<span><br \/>\n<img data-recalc-dims=\"1\" decoding=\"async\" src=\"https:\/\/i0.wp.com\/forbes.com.br\/wp-content\/uploads\/2024\/03\/carreira-julia-cardoso-dupont.jpg?ssl=1\" http:=\"\" data-lazy-src=\"https:\/\/forbes.com.br\/wp-content\/uploads\/2024\/03\/carreira-julia-cardoso-dupont.jpg\"\/><noscript><img data-recalc-dims=\"1\" decoding=\"async\" src=\"https:\/\/i0.wp.com\/forbes.com.br\/wp-content\/uploads\/2024\/03\/carreira-julia-cardoso-dupont.jpg?ssl=1\"\/><\/noscript><\/p>\n<article>\n<span class=\"credito\"\/><\/p>\n<p>Julia Cardoso assume como l\u00edder global de marketing e comunica\u00e7\u00e3o no segmento de Defesa e da marca Kevlar EXO da DuPont. H\u00e1 quatro anos na empresa, a executiva era respons\u00e1vel pelo segmento na regi\u00e3o das Am\u00e9ricas.<\/p>\n<\/article>\n<p><\/span>\n<\/div>\n<\/li>\n<li>\n<div>\n<span><br \/>\n<img data-recalc-dims=\"1\" decoding=\"async\" src=\"https:\/\/i0.wp.com\/forbes.com.br\/wp-content\/uploads\/2024\/03\/carreira-Edson-Salles-Abuchaim-marisa.jpg?ssl=1\" http:=\"\" data-lazy-src=\"https:\/\/forbes.com.br\/wp-content\/uploads\/2024\/03\/carreira-Edson-Salles-Abuchaim-marisa.jpg\"\/><noscript><img data-recalc-dims=\"1\" decoding=\"async\" src=\"https:\/\/i0.wp.com\/forbes.com.br\/wp-content\/uploads\/2024\/03\/carreira-Edson-Salles-Abuchaim-marisa.jpg?ssl=1\"\/><\/noscript><\/p>\n<article>\n<span class=\"credito\"\/><\/p>\n<p>A Marisa Lojas anunciou no in\u00edcio do m\u00eas que elegeu Edson Salles Abuchaim Garcia para presidente-executivo, posto que vai assumir em 30 dias no lugar de Andrea Menezes, que havia sido anunciada para o cargo em 4 de fevereiro. Garcia tem passagens por empresas como Nestl\u00e9 e Riachuelo e tem mais de 25 anos de experi\u00eancia no varejo.<\/p>\n<\/article>\n<p><\/span>\n<\/div>\n<\/li>\n<li>\n<div>\n<span><br \/>\n<img data-recalc-dims=\"1\" decoding=\"async\" src=\"https:\/\/i0.wp.com\/forbes.com.br\/wp-content\/uploads\/2024\/03\/carreira-fernanda-Brunsizian-whatsapp-business.jpg?ssl=1\" http:=\"\" data-lazy-src=\"https:\/\/forbes.com.br\/wp-content\/uploads\/2024\/03\/carreira-fernanda-Brunsizian-whatsapp-business.jpg\"\/><noscript><img data-recalc-dims=\"1\" decoding=\"async\" src=\"https:\/\/i0.wp.com\/forbes.com.br\/wp-content\/uploads\/2024\/03\/carreira-fernanda-Brunsizian-whatsapp-business.jpg?ssl=1\"\/><\/noscript><\/p>\n<article>\n<span class=\"credito\"\/><\/p>\n<p>Fernanda Brunsizian assume a \u00e1rea de comunica\u00e7\u00e3o do WhatsApp Business para a Am\u00e9rica Latina. A executiva liderou a comunica\u00e7\u00e3o de empresas como Atlas, RD Station, LinkedIn e Samsung. <\/p>\n<\/article>\n<p><\/span>\n<\/div>\n<\/li>\n<li>\n<div>\n<span><br \/>\n<img data-recalc-dims=\"1\" decoding=\"async\" src=\"https:\/\/i0.wp.com\/forbes.com.br\/wp-content\/uploads\/2024\/03\/carreira-carol-guimaraes-nestle.jpg?ssl=1\" http:=\"\" data-lazy-src=\"https:\/\/forbes.com.br\/wp-content\/uploads\/2024\/03\/carreira-carol-guimaraes-nestle.jpg\"\/><noscript><img data-recalc-dims=\"1\" decoding=\"async\" src=\"https:\/\/i0.wp.com\/forbes.com.br\/wp-content\/uploads\/2024\/03\/carreira-carol-guimaraes-nestle.jpg?ssl=1\"\/><\/noscript><\/p>\n<article>\n<span class=\"credito\"\/><\/p>\n<p>A Nestl\u00e9 Brasil anuncia a executiva Carolina Guimar\u00e3es como nova BEO (Business Executive Officer) de Culin\u00e1rios, unidade de neg\u00f3cios que re\u00fane as marcas Maggi, Mo\u00e7a e Creme de Leite Nestl\u00e9. H\u00e1 14 anos na companhia, Carolina esteve \u00e0 frente do marketing de bebidas ao longo de 2023.<\/p>\n<\/article>\n<p><\/span>\n<\/div>\n<\/li>\n<li>\n<\/li>\n<li>\n<div>\n<span><br \/>\n<img data-recalc-dims=\"1\" decoding=\"async\" src=\"https:\/\/i0.wp.com\/forbes.com.br\/wp-content\/uploads\/2024\/03\/carreira-thomas-zabala-heinz.jpg?ssl=1\" http:=\"\" data-lazy-src=\"https:\/\/forbes.com.br\/wp-content\/uploads\/2024\/03\/carreira-thomas-zabala-heinz.jpg\"\/><noscript><img data-recalc-dims=\"1\" decoding=\"async\" src=\"https:\/\/i0.wp.com\/forbes.com.br\/wp-content\/uploads\/2024\/03\/carreira-thomas-zabala-heinz.jpg?ssl=1\"\/><\/noscript><\/p>\n<article>\n<span class=\"credito\"\/><\/p>\n<p>O brasileiro Thomas Zabala \u00e9 o novo CFO da Kraft Heinz no M\u00e9xico. Zabala come\u00e7ou sua carreira na Kraft Heinz em 2014, ainda como estagi\u00e1rio no Brasil. At\u00e9 o momento, ele estava como CFO das opera\u00e7\u00f5es de CARICAM, atuando como respons\u00e1vel por mais de 30 pa\u00edses da Centro Am\u00e9rica e Caribe, baseado na Costa Rica. <\/p>\n<\/article>\n<p><\/span>\n<\/div>\n<\/li>\n<li>\n<div>\n<span><br \/>\n<img data-recalc-dims=\"1\" decoding=\"async\" src=\"https:\/\/i0.wp.com\/forbes.com.br\/wp-content\/uploads\/2024\/03\/carreira-cecilia-alexandre-heineken.jpg?ssl=1\" http:=\"\" data-lazy-src=\"https:\/\/forbes.com.br\/wp-content\/uploads\/2024\/03\/carreira-cecilia-alexandre-heineken.jpg\"\/><noscript><img data-recalc-dims=\"1\" decoding=\"async\" src=\"https:\/\/i0.wp.com\/forbes.com.br\/wp-content\/uploads\/2024\/03\/carreira-cecilia-alexandre-heineken.jpg?ssl=1\"\/><\/noscript><\/p>\n<article>\n<span class=\"credito\"\/><\/p>\n<p>Cecilia Preto Alexandre (foto), diretora de marketing da Kraft Heinz, assume agora o marketing na Heineken. A executiva sucede Vanessa Brand\u00e3o, que foi promovida a um cargo global na Amstel.<\/p>\n<\/article>\n<p><\/span>\n<\/div>\n<\/li>\n<li>\n<div>\n<span><br \/>\n<img data-recalc-dims=\"1\" decoding=\"async\" src=\"https:\/\/i0.wp.com\/forbes.com.br\/wp-content\/uploads\/2024\/03\/carreira-uber-cristina-alvarenga.jpg?ssl=1\" http:=\"\" data-lazy-src=\"https:\/\/forbes.com.br\/wp-content\/uploads\/2024\/03\/carreira-uber-cristina-alvarenga.jpg\"\/><noscript><img data-recalc-dims=\"1\" decoding=\"async\" src=\"https:\/\/i0.wp.com\/forbes.com.br\/wp-content\/uploads\/2024\/03\/carreira-uber-cristina-alvarenga.jpg?ssl=1\"\/><\/noscript><\/p>\n<article>\n<span class=\"credito\"\/><\/p>\n<p>Cristina Alvarenga assume como head de mercado e varejo da Uber para Am\u00e9rica Latina. A executiva liderava a Cornershop by Uber, que opera no setor de delivery. Tamb\u00e9m tem experi\u00eancias em empresas como Avon e Nielsen nos seus mais de 20 anos de carreira.<\/p>\n<\/article>\n<p><\/span>\n<\/div>\n<\/li>\n<li>\n<div>\n<span><br \/>\n<img data-recalc-dims=\"1\" decoding=\"async\" src=\"https:\/\/i0.wp.com\/forbes.com.br\/wp-content\/uploads\/2024\/03\/carreira-guilherme-arruda-GM.jpg?ssl=1\" http:=\"\" data-lazy-src=\"https:\/\/forbes.com.br\/wp-content\/uploads\/2024\/03\/carreira-guilherme-arruda-GM.jpg\"\/><noscript><img data-recalc-dims=\"1\" decoding=\"async\" src=\"https:\/\/i0.wp.com\/forbes.com.br\/wp-content\/uploads\/2024\/03\/carreira-guilherme-arruda-GM.jpg?ssl=1\"\/><\/noscript><\/p>\n<article>\n<span class=\"credito\"\/><\/p>\n<p>A General Motors anuncia a chegada de Guilherme Arruda como diretor s\u00eanior de marketing e marca da GM Am\u00e9rica do Sul. Com mais de 20 anos de carreira, Guilherme passou os \u00faltimos 11 anos no Google. <\/p>\n<\/article>\n<p><\/span>\n<\/div>\n<\/li>\n<li>\n<div>\n<span><br \/>\n<img data-recalc-dims=\"1\" decoding=\"async\" src=\"https:\/\/i0.wp.com\/forbes.com.br\/wp-content\/uploads\/2024\/03\/mulher-agatha-abrahao-1.jpg?ssl=1\" http:=\"\" data-lazy-src=\"https:\/\/forbes.com.br\/wp-content\/uploads\/2024\/03\/mulher-agatha-abrahao-1.jpg\"\/><noscript><img data-recalc-dims=\"1\" decoding=\"async\" src=\"https:\/\/i0.wp.com\/forbes.com.br\/wp-content\/uploads\/2024\/03\/mulher-agatha-abrahao-1.jpg?ssl=1\"\/><\/noscript><\/p>\n<article>\n<span class=\"credito\"\/><\/p>\n<p>O Grupo \u00c1guia anuncia Agatha Abrah\u00e3o, atual diretora de cultura organizacional, para ocupar a cadeira de diretora executiva da Stella Barros Turismo. Abrah\u00e3o tem mais de 20 anos de carreira, mais de 12 deles como diretora de marketing do Grupo \u00c1guia.<\/p>\n<\/article>\n<p><\/span>\n<\/div>\n<\/li>\n<\/ul>\n<\/div>\n<div class=\"description\">\n<span class=\"credito\"\/><\/p>\n<p>Julia Cardoso assume como l\u00edder global de marketing e comunica\u00e7\u00e3o no segmento de Defesa e da marca Kevlar EXO da DuPont. H\u00e1 quatro anos na empresa, a executiva era respons\u00e1vel pelo segmento na regi\u00e3o das Am\u00e9ricas.<\/p>\n<\/div>\n<\/div>\n<\/div>\n<p><script type=\"rocketlazyloadscript\">\n\t\t\t\t(function(d, s, id){\n\t\t\t\t\tvar js, fjs = d.getElementsByTagName(s)[0];\n\t\t\t\t\tif (d.getElementById(id)) return;\n\t\t\t\t\tjs = d.createElement(s); js.id = id;\n\t\t\t\t\tjs.src = \"\/\/connect.facebook.net\/pt_BR\/sdk.js#xfbml=1&version=v2.9\";\n\t\t\t\t\tfjs.parentNode.insertBefore(js, fjs);\n\t\t\t\t}(document, 'script', 'facebook-jssdk'));\n\t\t\t<\/script><br \/>\n<br \/><br \/>\n<br \/><a href=\"https:\/\/forbes.com.br\/carreira\/2024\/03\/nova-cmo-das-pernambucanas-marketing-ganhou-espaco-porque-gera-demanda\/\">Source link <\/a><\/p>\n<div class='code-block code-block-4' style='margin: 8px auto 8px 0; text-align: left; display: block; clear: both;'>\n\ud83d\udce2 Aviso Legal\n\nO site ismaelcolosi.com.br atua apenas como um canal de divulga\u00e7\u00e3o de oportunidades de emprego e n\u00e3o se responsabiliza pelo processo seletivo, contrata\u00e7\u00e3o ou qualquer outra etapa relacionada \u00e0s vagas publicadas. Todas as informa\u00e7\u00f5es s\u00e3o de responsabilidade dos anunciantes.\n\n\u26a0\ufe0f Aten\u00e7\u00e3o! Nunca pague por promessas de emprego nem compre cursos que garantam contrata\u00e7\u00e3o. Desconfie de qualquer cobran\u00e7a para participar de sele\u00e7\u00f5es.\n\n\n\n<\/div>\n<!-- CONTENT END 1 -->\n","protected":false},"excerpt":{"rendered":"<p>Flavia Molina chega ao marketing das Pernambucanas com o intuito de liderar mudan\u00e7as e trazer novos mercados Em 2018, quando ocupava a diretoria de marketing&#8230;<\/p>\n","protected":false},"author":1,"featured_media":42167,"comment_status":"open","ping_status":"open","sticky":false,"template":"","format":"standard","meta":{"_uag_custom_page_level_css":"","advanced_seo_description":"","jetpack_seo_html_title":"","jetpack_seo_noindex":false,"jetpack_post_was_ever_published":false,"_jetpack_newsletter_access":"","_jetpack_dont_email_post_to_subs":false,"_jetpack_newsletter_tier_id":0,"_jetpack_memberships_contains_paywalled_content":false,"_jetpack_memberships_contains_paid_content":false,"footnotes":"","jetpack_publicize_message":"","jetpack_publicize_feature_enabled":true,"jetpack_social_post_already_shared":true,"jetpack_social_options":{"image_generator_settings":{"template":"highway","default_image_id":0,"font":"","enabled":false},"version":2}},"categories":[1964],"tags":[],"class_list":["post-42166","post","type-post","status-publish","format-standard","has-post-thumbnail","hentry","category-carreira-e-sucesso-dicas-para-carreira"],"jetpack_publicize_connections":[],"jetpack_featured_media_url":"https:\/\/i0.wp.com\/ismaelcolosi.com.br\/wp-content\/uploads\/2024\/03\/carreira-flavia-molina-pernambucanas-1024x683.jpg?fit=1024%2C683&ssl=1","uagb_featured_image_src":{"full":["https:\/\/i0.wp.com\/ismaelcolosi.com.br\/wp-content\/uploads\/2024\/03\/carreira-flavia-molina-pernambucanas-1024x683.jpg?fit=1024%2C683&ssl=1",1024,683,false],"thumbnail":["https:\/\/i0.wp.com\/ismaelcolosi.com.br\/wp-content\/uploads\/2024\/03\/carreira-flavia-molina-pernambucanas-1024x683.jpg?resize=150%2C150&ssl=1",150,150,true],"medium":["https:\/\/i0.wp.com\/ismaelcolosi.com.br\/wp-content\/uploads\/2024\/03\/carreira-flavia-molina-pernambucanas-1024x683.jpg?fit=300%2C200&ssl=1",300,200,true],"medium_large":["https:\/\/i0.wp.com\/ismaelcolosi.com.br\/wp-content\/uploads\/2024\/03\/carreira-flavia-molina-pernambucanas-1024x683.jpg?fit=768%2C512&ssl=1",768,512,true],"large":["https:\/\/i0.wp.com\/ismaelcolosi.com.br\/wp-content\/uploads\/2024\/03\/carreira-flavia-molina-pernambucanas-1024x683.jpg?fit=1024%2C683&ssl=1",1024,683,true],"1536x1536":["https:\/\/i0.wp.com\/ismaelcolosi.com.br\/wp-content\/uploads\/2024\/03\/carreira-flavia-molina-pernambucanas-1024x683.jpg?fit=1024%2C683&ssl=1",1024,683,true],"2048x2048":["https:\/\/i0.wp.com\/ismaelcolosi.com.br\/wp-content\/uploads\/2024\/03\/carreira-flavia-molina-pernambucanas-1024x683.jpg?fit=1024%2C683&ssl=1",1024,683,true],"really-simple-thumb":["https:\/\/i0.wp.com\/ismaelcolosi.com.br\/wp-content\/uploads\/2024\/03\/carreira-flavia-molina-pernambucanas-1024x683.jpg?resize=370%2C247&ssl=1",370,247,true]},"uagb_author_info":{"display_name":"ismaelcolosi.com.br","author_link":"https:\/\/ismaelcolosi.com.br\/index.php\/author\/vidareal-online\/"},"uagb_comment_info":0,"uagb_excerpt":"Flavia Molina chega ao marketing das Pernambucanas com o intuito de liderar mudan\u00e7as e trazer novos mercados Em 2018, quando ocupava a diretoria de marketing...","jetpack-related-posts":[{"id":46982,"url":"https:\/\/ismaelcolosi.com.br\/index.php\/2024\/04\/16\/ladroes-furtam-mais-de-r-7-mil-em-mercadorias-de-loja-no-calcadao-de-ribeirao\/","url_meta":{"origin":42166,"position":0},"title":"Ladr\u00f5es furtam mais de R$ 7 mil em mercadorias de loja no Cal\u00e7ad\u00e3o de Ribeir\u00e3o","author":"ismaelcolosi.com.br","date":"16 de April de 2024","format":false,"excerpt":"Uma loja de varejo foi alvo de furto na madrugada desta segunda-feira (15), no Cal\u00e7ad\u00e3o da rua General Os\u00f3rio, no Centro de Ribeir\u00e3o Preto. Segundo o gerente da Pernambucanas informou \u00e0 pol\u00edcia no boletim de ocorr\u00eancia (BO), dois criminosos vestindo moletons e com m\u00e1scaras entraram na loja pelo estacionamento, ap\u00f3s\u2026","rel":"","context":"In &quot;Not\u00edcias de Ribeir\u00e3o Preto-SP e Regi\u00e3o&quot;","block_context":{"text":"Not\u00edcias de Ribeir\u00e3o Preto-SP e Regi\u00e3o","link":"https:\/\/ismaelcolosi.com.br\/index.php\/category\/noticias-de-ribeirao-preto-sp-e-regiao-ismael-colosi\/"},"img":{"alt_text":"","src":"https:\/\/i0.wp.com\/ismaelcolosi.com.br\/wp-content\/uploads\/2024\/04\/cpj_1024x576_21012021092745.jpg?fit=1024%2C575&ssl=1&resize=350%2C200","width":350,"height":200,"srcset":"https:\/\/i0.wp.com\/ismaelcolosi.com.br\/wp-content\/uploads\/2024\/04\/cpj_1024x576_21012021092745.jpg?fit=1024%2C575&ssl=1&resize=350%2C200 1x, https:\/\/i0.wp.com\/ismaelcolosi.com.br\/wp-content\/uploads\/2024\/04\/cpj_1024x576_21012021092745.jpg?fit=1024%2C575&ssl=1&resize=525%2C300 1.5x, https:\/\/i0.wp.com\/ismaelcolosi.com.br\/wp-content\/uploads\/2024\/04\/cpj_1024x576_21012021092745.jpg?fit=1024%2C575&ssl=1&resize=700%2C400 2x"},"classes":[]},{"id":84028,"url":"https:\/\/ismaelcolosi.com.br\/index.php\/2025\/03\/25\/mcdonalds-anuncia-executiva-da-samsung-como-cmo-no-brasil\/","url_meta":{"origin":42166,"position":1},"title":"McDonald&#8217;s anuncia Executiva da Samsung como CMO no Brasil","author":"ismaelcolosi.com.br","date":"25 de March de 2025","format":false,"excerpt":"\r \r \r \r Ex-CMO Latam da Samsung, executiva substitui S\u00e9rgio Eleut\u00e9rio na rede de fast-food \r \r \r \r Divulga\u00e7\u00e3o\/Samsung\r Com mais de 20 anos de carreira, Ilca Sierra tem passagens por Samsung, Magazine Luiza e Grupo Casas Bahia\r Acessibilidade \r L\r L\r A-\r A+\r \r \u25d0\r \r \u00a0\u2026","rel":"","context":"In &quot;Carreira e Sucesso&quot;","block_context":{"text":"Carreira e Sucesso","link":"https:\/\/ismaelcolosi.com.br\/index.php\/category\/carreira-e-sucesso-dicas-para-carreira\/"},"img":{"alt_text":"","src":"https:\/\/i0.wp.com\/ismaelcolosi.com.br\/wp-content\/uploads\/2025\/03\/forbes-ILCA-SIERRA-MCDONALDS-CMO-1200x675.jpg?fit=1200%2C675&ssl=1&resize=350%2C200","width":350,"height":200,"srcset":"https:\/\/i0.wp.com\/ismaelcolosi.com.br\/wp-content\/uploads\/2025\/03\/forbes-ILCA-SIERRA-MCDONALDS-CMO-1200x675.jpg?fit=1200%2C675&ssl=1&resize=350%2C200 1x, https:\/\/i0.wp.com\/ismaelcolosi.com.br\/wp-content\/uploads\/2025\/03\/forbes-ILCA-SIERRA-MCDONALDS-CMO-1200x675.jpg?fit=1200%2C675&ssl=1&resize=525%2C300 1.5x, https:\/\/i0.wp.com\/ismaelcolosi.com.br\/wp-content\/uploads\/2025\/03\/forbes-ILCA-SIERRA-MCDONALDS-CMO-1200x675.jpg?fit=1200%2C675&ssl=1&resize=700%2C400 2x, https:\/\/i0.wp.com\/ismaelcolosi.com.br\/wp-content\/uploads\/2025\/03\/forbes-ILCA-SIERRA-MCDONALDS-CMO-1200x675.jpg?fit=1200%2C675&ssl=1&resize=1050%2C600 3x"},"classes":[]},{"id":57918,"url":"https:\/\/ismaelcolosi.com.br\/index.php\/2024\/07\/25\/paineiras-transformam-paisagem-em-canteiro-de-avenida-na-zona-sul-de-ribeirao-preto\/","url_meta":{"origin":42166,"position":2},"title":"Paineiras transformam paisagem em canteiro de avenida na zona Sul de Ribeir\u00e3o Preto","author":"ismaelcolosi.com.br","date":"25 de July de 2024","format":false,"excerpt":"As paineiras no canteiro central da avenida Jos\u00e9 Adolfo Bianco Molina, na zona Sul de Ribeir\u00e3o Preto, t\u00eam trazido um charme para a via nesta \u00e9poca do ano. A paina branca que cai das \u00e1rvores cobre boa parte do canteiro localizado na altura da Pra\u00e7a da Bicicleta. O seu contraste\u2026","rel":"","context":"In &quot;Not\u00edcias de Ribeir\u00e3o Preto-SP e Regi\u00e3o&quot;","block_context":{"text":"Not\u00edcias de Ribeir\u00e3o Preto-SP e Regi\u00e3o","link":"https:\/\/ismaelcolosi.com.br\/index.php\/category\/noticias-de-ribeirao-preto-sp-e-regiao-ismael-colosi\/"},"img":{"alt_text":"","src":"https:\/\/i0.wp.com\/ismaelcolosi.com.br\/wp-content\/uploads\/2024\/07\/WhatsApp-Image-2024-07-25-at-13.16.23_2024-07-25_17-00-56_jpeg_2024-07-25_17-00-57.webp.webp?fit=1200%2C540&ssl=1&resize=350%2C200","width":350,"height":200,"srcset":"https:\/\/i0.wp.com\/ismaelcolosi.com.br\/wp-content\/uploads\/2024\/07\/WhatsApp-Image-2024-07-25-at-13.16.23_2024-07-25_17-00-56_jpeg_2024-07-25_17-00-57.webp.webp?fit=1200%2C540&ssl=1&resize=350%2C200 1x, https:\/\/i0.wp.com\/ismaelcolosi.com.br\/wp-content\/uploads\/2024\/07\/WhatsApp-Image-2024-07-25-at-13.16.23_2024-07-25_17-00-56_jpeg_2024-07-25_17-00-57.webp.webp?fit=1200%2C540&ssl=1&resize=525%2C300 1.5x, https:\/\/i0.wp.com\/ismaelcolosi.com.br\/wp-content\/uploads\/2024\/07\/WhatsApp-Image-2024-07-25-at-13.16.23_2024-07-25_17-00-56_jpeg_2024-07-25_17-00-57.webp.webp?fit=1200%2C540&ssl=1&resize=700%2C400 2x, https:\/\/i0.wp.com\/ismaelcolosi.com.br\/wp-content\/uploads\/2024\/07\/WhatsApp-Image-2024-07-25-at-13.16.23_2024-07-25_17-00-56_jpeg_2024-07-25_17-00-57.webp.webp?fit=1200%2C540&ssl=1&resize=1050%2C600 3x"},"classes":[]},{"id":89554,"url":"https:\/\/ismaelcolosi.com.br\/index.php\/2026\/03\/20\/o-caminho-ate-a-magistratura-e-os-beneficios-da-carreira\/","url_meta":{"origin":42166,"position":3},"title":"O Caminho at\u00e9 a Magistratura e os Benef\u00edcios da Carreira","author":"ismaelcolosi.com.br","date":"20 de March de 2026","format":false,"excerpt":"Seguir a carreira de juiz vai muito al\u00e9m da estabilidade institucional ou do prest\u00edgio do cargo. Como pilar da aplica\u00e7\u00e3o da lei e da preserva\u00e7\u00e3o da ordem e da justi\u00e7a, a fun\u00e7\u00e3o re\u00fane um conjunto de garantias e benef\u00edcios que posi\u00e7\u00f5es de C-Level no setor privado dificilmente conseguem equiparar. Com\u2026","rel":"","context":"In &quot;Carreira e Sucesso&quot;","block_context":{"text":"Carreira e Sucesso","link":"https:\/\/ismaelcolosi.com.br\/index.php\/category\/carreira-e-sucesso-dicas-para-carreira\/"},"img":{"alt_text":"","src":"https:\/\/i0.wp.com\/ismaelcolosi.com.br\/wp-content\/uploads\/2026\/03\/juiz-1200x675.jpg?fit=1200%2C675&ssl=1&resize=350%2C200","width":350,"height":200,"srcset":"https:\/\/i0.wp.com\/ismaelcolosi.com.br\/wp-content\/uploads\/2026\/03\/juiz-1200x675.jpg?fit=1200%2C675&ssl=1&resize=350%2C200 1x, https:\/\/i0.wp.com\/ismaelcolosi.com.br\/wp-content\/uploads\/2026\/03\/juiz-1200x675.jpg?fit=1200%2C675&ssl=1&resize=525%2C300 1.5x, https:\/\/i0.wp.com\/ismaelcolosi.com.br\/wp-content\/uploads\/2026\/03\/juiz-1200x675.jpg?fit=1200%2C675&ssl=1&resize=700%2C400 2x, https:\/\/i0.wp.com\/ismaelcolosi.com.br\/wp-content\/uploads\/2026\/03\/juiz-1200x675.jpg?fit=1200%2C675&ssl=1&resize=1050%2C600 3x"},"classes":[]},{"id":57845,"url":"https:\/\/ismaelcolosi.com.br\/index.php\/2024\/07\/25\/conheca-executivas-negras-a-frente-de-grandes-empresas\/","url_meta":{"origin":42166,"position":4},"title":"Conhe\u00e7a executivas negras \u00e0 frente de grandes empresas","author":"ismaelcolosi.com.br","date":"25 de July de 2024","format":false,"excerpt":"\u00a0 Acessibilidade L L A- A+ \u25d0 Ser a \u00fanica no processo seletivo, na reuni\u00e3o, no time. A primeira no cargo, na diretoria, na empresa. A solid\u00e3o vivida por mulheres negras no mundo corporativo se intensifica ao passo que elas quebram o teto de vidro e assumem posi\u00e7\u00f5es de destaque\u2026","rel":"","context":"In &quot;Carreira e Sucesso&quot;","block_context":{"text":"Carreira e Sucesso","link":"https:\/\/ismaelcolosi.com.br\/index.php\/category\/carreira-e-sucesso-dicas-para-carreira\/"},"img":{"alt_text":"","src":"https:\/\/i0.wp.com\/ismaelcolosi.com.br\/wp-content\/uploads\/2024\/07\/mulher-samantha-almeida-1-1024x683.jpg?fit=1024%2C683&ssl=1&resize=350%2C200","width":350,"height":200,"srcset":"https:\/\/i0.wp.com\/ismaelcolosi.com.br\/wp-content\/uploads\/2024\/07\/mulher-samantha-almeida-1-1024x683.jpg?fit=1024%2C683&ssl=1&resize=350%2C200 1x, https:\/\/i0.wp.com\/ismaelcolosi.com.br\/wp-content\/uploads\/2024\/07\/mulher-samantha-almeida-1-1024x683.jpg?fit=1024%2C683&ssl=1&resize=525%2C300 1.5x, https:\/\/i0.wp.com\/ismaelcolosi.com.br\/wp-content\/uploads\/2024\/07\/mulher-samantha-almeida-1-1024x683.jpg?fit=1024%2C683&ssl=1&resize=700%2C400 2x"},"classes":[]},{"id":27105,"url":"https:\/\/ismaelcolosi.com.br\/index.php\/2024\/01\/11\/numero-de-vitimas-fatais-entre-acidente-em-onibus-na-bahia-sobe-para-25\/","url_meta":{"origin":42166,"position":5},"title":"N\u00famero de v\u00edtimas fatais entre acidente em \u00f4nibus na Bahia sobe para 25","author":"ismaelcolosi.com.br","date":"11 de January de 2024","format":false,"excerpt":"Foi a \u00f3bito mais uma v\u00edtima do grave acidente entre um \u00f4nibus de turismo e um caminh\u00e3o de carga. At\u00e9 a atualiza\u00e7\u00e3o anterior, o n\u00famero de v\u00edtimas fatais registrados na trag\u00e9dia era de 24 e agora foi para 25 com a morte de Maria da Concei\u00e7\u00e3o Fernandes, de 33 anos.Maria\u2026","rel":"","context":"In &quot;Blog&quot;","block_context":{"text":"Blog","link":"https:\/\/ismaelcolosi.com.br\/index.php\/category\/blog\/"},"img":{"alt_text":"","src":"https:\/\/i0.wp.com\/ismaelcolosi.com.br\/wp-content\/uploads\/2024\/01\/postimg-659ffaac9057f9969.jpg?fit=1200%2C628&ssl=1&resize=350%2C200","width":350,"height":200,"srcset":"https:\/\/i0.wp.com\/ismaelcolosi.com.br\/wp-content\/uploads\/2024\/01\/postimg-659ffaac9057f9969.jpg?fit=1200%2C628&ssl=1&resize=350%2C200 1x, https:\/\/i0.wp.com\/ismaelcolosi.com.br\/wp-content\/uploads\/2024\/01\/postimg-659ffaac9057f9969.jpg?fit=1200%2C628&ssl=1&resize=525%2C300 1.5x, https:\/\/i0.wp.com\/ismaelcolosi.com.br\/wp-content\/uploads\/2024\/01\/postimg-659ffaac9057f9969.jpg?fit=1200%2C628&ssl=1&resize=700%2C400 2x, https:\/\/i0.wp.com\/ismaelcolosi.com.br\/wp-content\/uploads\/2024\/01\/postimg-659ffaac9057f9969.jpg?fit=1200%2C628&ssl=1&resize=1050%2C600 3x"},"classes":[]}],"jetpack_sharing_enabled":true,"jetpack_shortlink":"https:\/\/wp.me\/pfMlyK-aY6","_links":{"self":[{"href":"https:\/\/ismaelcolosi.com.br\/index.php\/wp-json\/wp\/v2\/posts\/42166","targetHints":{"allow":["GET"]}}],"collection":[{"href":"https:\/\/ismaelcolosi.com.br\/index.php\/wp-json\/wp\/v2\/posts"}],"about":[{"href":"https:\/\/ismaelcolosi.com.br\/index.php\/wp-json\/wp\/v2\/types\/post"}],"author":[{"embeddable":true,"href":"https:\/\/ismaelcolosi.com.br\/index.php\/wp-json\/wp\/v2\/users\/1"}],"replies":[{"embeddable":true,"href":"https:\/\/ismaelcolosi.com.br\/index.php\/wp-json\/wp\/v2\/comments?post=42166"}],"version-history":[{"count":0,"href":"https:\/\/ismaelcolosi.com.br\/index.php\/wp-json\/wp\/v2\/posts\/42166\/revisions"}],"wp:featuredmedia":[{"embeddable":true,"href":"https:\/\/ismaelcolosi.com.br\/index.php\/wp-json\/wp\/v2\/media\/42167"}],"wp:attachment":[{"href":"https:\/\/ismaelcolosi.com.br\/index.php\/wp-json\/wp\/v2\/media?parent=42166"}],"wp:term":[{"taxonomy":"category","embeddable":true,"href":"https:\/\/ismaelcolosi.com.br\/index.php\/wp-json\/wp\/v2\/categories?post=42166"},{"taxonomy":"post_tag","embeddable":true,"href":"https:\/\/ismaelcolosi.com.br\/index.php\/wp-json\/wp\/v2\/tags?post=42166"}],"curies":[{"name":"wp","href":"https:\/\/api.w.org\/{rel}","templated":true}]}}