{"id":42155,"date":"2024-03-13T02:03:00","date_gmt":"2024-03-13T05:03:00","guid":{"rendered":"https:\/\/ismaelcolosi.com.br\/index.php\/2024\/03\/13\/em-busca-de-emprego-ribeirao-preto-e-regiao-tem-803-vagas-abertas-veja-como-se-candidatar-ribeirao-preto-e-franca-g1-4\/"},"modified":"2024-03-13T02:03:00","modified_gmt":"2024-03-13T05:03:00","slug":"em-busca-de-emprego-ribeirao-preto-e-regiao-tem-803-vagas-abertas-veja-como-se-candidatar-ribeirao-preto-e-franca-g1-4","status":"publish","type":"post","link":"https:\/\/ismaelcolosi.com.br\/index.php\/2024\/03\/13\/em-busca-de-emprego-ribeirao-preto-e-regiao-tem-803-vagas-abertas-veja-como-se-candidatar-ribeirao-preto-e-franca-g1-4\/","title":{"rendered":"Em busca de emprego? Ribeir\u00e3o Preto e regi\u00e3o t\u00eam 803 vagas abertas; veja como se candidatar | Ribeir\u00e3o Preto e Franca | G1"},"content":{"rendered":"<h1 class=\"content-head__title\" itemprop=\"headline\">Em busca de emprego? Ribeir\u00e3o Preto e regi\u00e3o t\u00eam 803 vagas abertas; veja como se candidatar<\/h1>\n<article itemprop=\"articleBody\"> <meta itemprop=\"isAccessibleForFree\" content=\"true\"> <\/p>\n<div id=\"chunk-dcgts\">\n<div class=\"row medium-uncollapsed content-media content-photo\" data-block-type=\"backstage-photo\">\n<div class=\" mc-column  content-media__container\"> <!-- Line Break for lightbox caption due to styling limitation --> <\/p>\n<div class=\"content-media-container glb-skeleton-box\" style=\"--skeleton-width: 100%; --skeleton-height: auto; padding-top: 66.72727272727272%\">\n<figure class=\"content-media-figure\"> <amp-img data-recalc-dims=\"1\" lightbox=\"lightbox-amp-carousel\" class=\"content-media-image\" srcset=\"https:\/\/s2-g1.glbimg.com\/ESnihvJxaXATP9wwCTTCohK9JWw=\/0x0:1100x734\/1000x0\/smart\/filters:strip_icc()\/i.s3.glbimg.com\/v1\/AUTH_59edd422c0c84a879bd37670ae4f538a\/internal_photos\/bs\/2023\/A\/K\/S45c3lTxy3K0wbwAjHOg\/carteira-de-trabalho-divulgacao-seteq.png 1000w, https:\/\/s2-g1.glbimg.com\/HWEvH1YxvneiR7nSZWxxXMprs2g=\/0x0:1100x734\/984x0\/smart\/filters:strip_icc()\/i.s3.glbimg.com\/v1\/AUTH_59edd422c0c84a879bd37670ae4f538a\/internal_photos\/bs\/2023\/A\/K\/S45c3lTxy3K0wbwAjHOg\/carteira-de-trabalho-divulgacao-seteq.png 984w, https:\/\/s2-g1.glbimg.com\/mfdSdZ3g5-2Wav5tjPa7JoADqo0=\/0x0:1100x734\/640x0\/smart\/filters:strip_icc()\/i.s3.glbimg.com\/v1\/AUTH_59edd422c0c84a879bd37670ae4f538a\/internal_photos\/bs\/2023\/A\/K\/S45c3lTxy3K0wbwAjHOg\/carteira-de-trabalho-divulgacao-seteq.png 640w, https:\/\/s2-g1.glbimg.com\/VUamtR58NoNRZpF1170T07FRfQk=\/0x0:1100x734\/600x0\/smart\/filters:strip_icc()\/i.s3.glbimg.com\/v1\/AUTH_59edd422c0c84a879bd37670ae4f538a\/internal_photos\/bs\/2023\/A\/K\/S45c3lTxy3K0wbwAjHOg\/carteira-de-trabalho-divulgacao-seteq.png 600w\" src=\"https:\/\/i0.wp.com\/s2-g1.glbimg.com\/HWEvH1YxvneiR7nSZWxxXMprs2g%3D\/0x0%3A1100x734\/984x0\/smart\/filters%3Astrip_icc%28%29\/i.s3.glbimg.com\/v1\/AUTH_59edd422c0c84a879bd37670ae4f538a\/internal_photos\/bs\/2023\/A\/K\/S45c3lTxy3K0wbwAjHOg\/carteira-de-trabalho-divulgacao-seteq.png?resize=1100%2C734&#038;ssl=1\" alt=\"Carteira de Trabalho \u2014 Foto: Divulga\u00e7\u00e3o Seteq\" width=\"1100\" height=\"734\" layout=\"responsive\" noloading> <\/amp-img><figcaption hidden> 1 de 1<br \/>\nCarteira de Trabalho \u2014 Foto: Divulga\u00e7\u00e3o Seteq <\/figcaption><\/figure>\n<\/p><\/div>\n<p class=\"content-media__description  \"> Carteira de Trabalho \u2014 Foto: Divulga\u00e7\u00e3o Seteq <\/p>\n<\/p><\/div>\n<\/p><\/div>\n<\/p><\/div>\n<div id=\"chunk-edj2d\">\n<div class=\"mc-column mc-side-item__container\" data-block-type=\"ads\">\n<div class=\"mc-side-item mc-side-item--right content-ads content-ads--side-ad\">\n<div id=\"banner_materia1\" class=\"tag-manager-publicidade-container\"> <\/div>\n<\/p><\/div>\n<\/p><\/div>\n<\/p><\/div>\n<div id=\"chunk-f5c67\">\n<div class=\"mc-column content-text active-extra-styles \" data-block-type=\"unstyled\" data-block-weight=\"23\">\n<p class=\" content-text__container \" data-track-category=\"Link no Texto\" data-track-links> Dez cidades das regi\u00f5es de <a class href=\"https:\/\/g1.globo.com\/sp\/ribeirao-preto-franca\/cidade\/ribeirao-preto\/\">Ribeir\u00e3o Preto (SP)<\/a> e <a class href=\"https:\/\/g1.globo.com\/sp\/ribeirao-preto-franca\/cidade\/franca\/\">Franca (SP)<\/a> est\u00e3o com <strong>803 <\/strong>vagas de emprego abertas nesta segunda-feira (11). S\u00e3o elas: <\/p>\n<\/p><\/div>\n<\/p><\/div>\n<div class=\"wall protected-content\">\n<div id=\"chunk-17k75\">\n<div class=\"mc-column content-text active-extra-styles\" data-block-type=\"raw\" data-block-weight=\"20\">\n<p class=\"content-text__container\">\n<ul class=\"content-unordered-list\">\n<li>Ribeir\u00e3o Preto<\/li>\n<li><a class href=\"https:\/\/g1.globo.com\/sp\/ribeirao-preto-franca\/cidade\/sertaozinho-sp\/\">Sert\u00e3ozinho (SP)<\/a><\/li>\n<li>Franca <\/li>\n<li><a class href=\"https:\/\/g1.globo.com\/sp\/ribeirao-preto-franca\/cidade\/orlandia\/\">Orl\u00e2ndia (SP)<\/a><\/li>\n<li><a class href=\"https:\/\/g1.globo.com\/sp\/ribeirao-preto-franca\/cidade\/batatais\/\">Batatais (SP)<\/a><\/li>\n<li><a class href=\"https:\/\/g1.globo.com\/sp\/ribeirao-preto-franca\/cidade\/ituverava\/\">Ituverava (SP)<\/a><\/li>\n<li><a class href=\"https:\/\/g1.globo.com\/sp\/ribeirao-preto-franca\/cidade\/barretos\/\">Barretos (SP)<\/a><\/li>\n<li><a class href=\"https:\/\/g1.globo.com\/sp\/ribeirao-preto-franca\/cidade\/bebedouro\/\">Bebedouro (SP)<\/a><\/li>\n<li><a class href=\"https:\/\/g1.globo.com\/sp\/ribeirao-preto-franca\/cidade\/guaira-sp\/\">Gua\u00edra (SP)<\/a> <\/li>\n<li><a class href=\"https:\/\/g1.globo.com\/sp\/ribeirao-preto-franca\/cidade\/monte-alto\/\">Monte Alto (SP)<\/a><\/li>\n<\/ul><\/div>\n<\/p><\/div>\n<div id=\"chunk-clt5d\">\n<div class=\"mc-column content-text active-extra-styles \" data-block-type=\"unstyled\" data-block-weight=\"25\">\n<p class=\" content-text__container \" data-track-category=\"Link no Texto\" data-track-links> H\u00e1 oportunidades para<span class=\"highlight\"> diversas \u00e1reas de atua\u00e7\u00e3o<\/span>, como desenhista projetista mec\u00e2nico, camareiro de hotel, t\u00e9cnico em seguran\u00e7a do trabalho, jardineiro, estoquista, gerente comercial, entre outras. <\/p>\n<\/p><\/div>\n<\/p><\/div>\n<div id=\"chunk-758gh\">\n<div class=\"mc-column content-text active-extra-styles\" data-block-type=\"raw\" data-block-weight=\"11\">\n<p class=\"content-text__container\">\n<ul class=\"content-unordered-list\">\n<li><a class href=\"https:\/\/www.whatsapp.com\/channel\/0029Va98fbOG3R3sEKgO882h\" target=\"_blank\" rel=\"noopener\"><strong>Fa\u00e7a parte do canal do g1 Ribeir\u00e3o e Franca no WhatsApp<\/strong><\/a><\/li>\n<\/ul><\/div>\n<\/p><\/div>\n<div id=\"chunk-38odk\">\n<div class=\"mc-column content-text active-extra-styles \" data-block-type=\"unstyled\" data-block-weight=\"24\">\n<p class=\" content-text__container \" data-track-category=\"Link no Texto\" data-track-links> Os interessados podem acessar o <strong>Portal Emprega Brasil<\/strong>, do Sistema Nacional de Emprego (Sine), para consultar as vagas e participar dos processos de sele\u00e7\u00e3o. <\/p>\n<\/p><\/div>\n<\/p><\/div>\n<div id=\"chunk-bo5nv\">\n<div class=\"content-ads content-ads--reveal\" data-block-type=\"ads\">\n<div data-id=\"banner_materia2\" class=\"tag-manager-publicidade-container mc-has-reveal mc-has-ad-lazyload\"> <\/div>\n<\/p><\/div>\n<\/p><\/div>\n<div id=\"chunk-7q3a3\">\n<div class=\"mc-column content-text active-extra-styles \" data-block-type=\"unstyled\" data-block-weight=\"14\">\n<p class=\" content-text__container \" data-track-category=\"Link no Texto\" data-track-links> Tamb\u00e9m \u00e9 poss\u00edvel fazer o cadastro diretamente nos <strong>Postos de Atendimento ao Trabalhador (PATs)<\/strong>. <\/p>\n<\/p><\/div>\n<\/p><\/div>\n<div id=\"chunk-7tm9v\">\n<div class=\"mc-column content-text active-extra-styles \" data-block-type=\"unstyled\" data-block-weight=\"18\">\n<p class=\" content-text__container \" data-track-category=\"Link no Texto\" data-track-links> \u00c9 preciso apresentar <span class=\"highlight\">carteira de trabalho, RG, CPF ou CNH, comprovante de endere\u00e7o atualizado e n\u00famero do PIS.<\/span> <\/p>\n<\/p><\/div>\n<\/p><\/div>\n<div id=\"chunk-ckv2g\">\n<div class=\"mc-column content-text active-extra-styles \" data-block-type=\"unstyled\" data-block-weight=\"4\">\n<p class=\" content-text__container \" data-track-category=\"Link no Texto\" data-track-links> <strong>Veja as oportunidades dispon\u00edveis:<\/strong> <\/p>\n<\/p><\/div>\n<\/p><\/div>\n<div id=\"chunk-bc2c2\">\n<div class=\"mc-column content-text active-extra-styles\" data-block-type=\"raw\" data-block-weight=\"5\">\n<p class=\"content-text__container\">\n<div class=\"content-intertitle\">\n<h2>Ribeir\u00e3o Preto \u2013 43 vagas<\/h2>\n<\/div><\/div>\n<\/p><\/div>\n<div id=\"chunk-37dfp\">\n<div class=\"mc-column content-text active-extra-styles \" data-block-type=\"unstyled\" data-block-weight=\"40\">\n<p class=\" content-text__container \" data-track-category=\"Link no Texto\" data-track-links> O PAT fica na Avenida Francisco Junqueira, 2625, Jardim Macedo. O atendimento \u00e9 feito de segunda-feira a sexta-feira, das 8h \u00e0s 12h e das 13h \u00e0s 16h. Mais informa\u00e7\u00f5es sobre vagas e agendamento podem ser obtidas pelo telefone (16) 3625-7381. <\/p>\n<\/p><\/div>\n<\/p><\/div>\n<div id=\"chunk-5bnnu\">\n<div class=\"mc-column content-text active-extra-styles\" data-block-type=\"raw\" data-block-weight=\"123\">\n<p class=\"content-text__container\">\n<ul class=\"content-unordered-list\">\n<li>Alimentador de linha de produ\u00e7\u00e3o<\/li>\n<li>Atendente de lanchonete (5)<\/li>\n<li>Motorista de caminh\u00e3o<\/li>\n<li>Vendedor de com\u00e9rcio varejista (2)<\/li>\n<li>Auxiliar nos servi\u00e7os de alimenta\u00e7\u00e3o (4)<\/li>\n<li>Ajudante de motorista<\/li>\n<li>Soldador<\/li>\n<li>Cozinheiro geral<\/li>\n<li>Vendedor em domic\u00edlio<\/li>\n<li>Operador de empilhadeira<\/li>\n<li>Serralheiro<\/li>\n<li>Mec\u00e2nico de manuten\u00e7\u00e3o de m\u00e1quinas em geral<\/li>\n<li>Eletricista de instala\u00e7\u00f5es<\/li>\n<li>Auxiliar geral de conserva\u00e7\u00e3o de vias (4)<\/li>\n<li>Estoquista<\/li>\n<li>Motorista de furg\u00e3o ou ve\u00edculo similar<\/li>\n<li>Jardineiro<\/li>\n<li>Mestre em constru\u00e7\u00e3o civil<\/li>\n<li>Instalador de sistemas eletroeletr\u00f4nicos<\/li>\n<li>Vendedor pracista<\/li>\n<li>Motorista de carro de passeio<\/li>\n<li>Monitor de sistemas eletr\u00f4nicos de seguran\u00e7a<\/li>\n<li>Operador de ceifadeira na conserva\u00e7\u00e3o de vias<\/li>\n<li>Mec\u00e2nico de manuten\u00e7\u00e3o de m\u00e1quinas cortadoras<\/li>\n<li>Operador de betoneira<\/li>\n<li>T\u00e9cnico de garantia de qualidade<\/li>\n<li>Motorista de \u00f4nibus rodovi\u00e1rio<\/li>\n<li>Aplicador de asfalto impermeabilizante<\/li>\n<li>Terapeuta ocupacional<\/li>\n<li>T\u00e9cnico em mecatr\u00f4nica<\/li>\n<li>Lubrificador industrial<\/li>\n<li>T\u00e9cnico de planejamento e programa\u00e7\u00e3o<\/li>\n<\/ul><\/div>\n<\/p><\/div>\n<div id=\"chunk-3q860\">\n<div class=\"content-ads content-ads--reveal\" data-block-type=\"ads\">\n<div data-id=\"banner_materia__64a971e8-aba7-4489-803e-956b9d2bd34b\" class=\"tag-manager-publicidade-container mc-has-reveal mc-has-ad-lazyload\"> <\/div>\n<\/p><\/div>\n<\/p><\/div>\n<div id=\"chunk-41qnt\">\n<div class=\"mc-column content-text active-extra-styles\" data-block-type=\"raw\" data-block-weight=\"4\">\n<p class=\"content-text__container\">\n<div class=\"content-intertitle\">\n<h2>Sert\u00e3ozinho \u2013 221 vagas<\/h2>\n<\/div><\/div>\n<\/p><\/div>\n<div id=\"chunk-6rbln\">\n<div class=\"mc-column content-text active-extra-styles \" data-block-type=\"unstyled\" data-block-weight=\"43\">\n<p class=\" content-text__container \" data-track-category=\"Link no Texto\" data-track-links> O PAT Sert\u00e3ozinho fica na Secretaria de Desenvolvimento Econ\u00f4mico. O endere\u00e7o \u00e9 Rua Volunt\u00e1rio Otto Gomes Martins, 1.380, Centro. O atendimento \u00e9 de segunda-feira a sexta-feira, das 8h30 \u00e0s 11h e das 13h \u00e0s 16h. Informa\u00e7\u00f5es podem ser obtidas pelo telefone (16) 3942-3714. <\/p>\n<\/p><\/div>\n<\/p><\/div>\n<div id=\"chunk-napd\">\n<div class=\"mc-column content-text active-extra-styles\" data-block-type=\"raw\" data-block-weight=\"332\">\n<p class=\"content-text__container\">\n<ul class=\"content-unordered-list\">\n<li>Auxiliar de log\u00edstica<\/li>\n<li>Alimentador de linha de produ\u00e7\u00e3o (13)<\/li>\n<li>Faxineiro (2)<\/li>\n<li>Motorista de caminh\u00e3o (12) <\/li>\n<li>Servente de obras (7)<\/li>\n<li>Pedreiro (4)<\/li>\n<li>Vendedor de com\u00e9rcio varejista (3)<\/li>\n<li>Auxiliar nos servi\u00e7os de alimenta\u00e7\u00e3o<\/li>\n<li>Ajudante de motorista (8)<\/li>\n<li>Soldador (10)<\/li>\n<li>Cozinheiro geral (2)<\/li>\n<li>Trabalhador da manuten\u00e7\u00e3o de edifica\u00e7\u00f5es <\/li>\n<li>Auxiliar de escrit\u00f3rio em geral (5)<\/li>\n<li>Encanador<\/li>\n<li>Operador de empilhadeira (4)<\/li>\n<li>Mec\u00e2nico de manuten\u00e7\u00e3o de autom\u00f3veis (5)<\/li>\n<li>Cobrador interno (4)<\/li>\n<li>Eletricista de manuten\u00e7\u00e3o eletroeletr\u00f4nica (3)<\/li>\n<li>Serralheiro <\/li>\n<li>Porteiro de edif\u00edcios<\/li>\n<li>Mec\u00e2nico de manuten\u00e7\u00e3o de m\u00e1quinas em geral (5)<\/li>\n<li>Empregado dom\u00e9stico nos servi\u00e7os gerais (2)<\/li>\n<li>Eletricista de instala\u00e7\u00f5es (2)<\/li>\n<li>Gar\u00e7om<\/li>\n<li>Embalador a m\u00e3o (2)<\/li>\n<li>Administrador<\/li>\n<li>Inspetor de qualidade (4)<\/li>\n<li>Motorista de furg\u00e3o ou similar (2)<\/li>\n<li>Assistente administrativo<\/li>\n<li>Caldeireiro (12)<\/li>\n<li>Lavador de ve\u00edculos (2)<\/li>\n<li>Jardineiro (3)<\/li>\n<li>Operador de m\u00e1quinas-ferramenta convencionais (5)<\/li>\n<li>Mec\u00e2nico de manuten\u00e7\u00e3o e instala\u00e7\u00e3o<\/li>\n<li>Almoxarife (4)<\/li>\n<li>Conferente de mercadoria (7)<\/li>\n<li>T\u00e9cnico em seguran\u00e7a do trabalho<\/li>\n<li>Recepcionista em geral<\/li>\n<li>Borracheiro (2)<\/li>\n<li>Montador de m\u00e1quinas (2)<\/li>\n<li>Auxiliar de contabilidade (2)<\/li>\n<li>Eletricista de instala\u00e7\u00f5es (4)<\/li>\n<li>Vendedor pracista (5)<\/li>\n<li>Montador de estruturas met\u00e1licas (4)<\/li>\n<li>Camareiro de hotel<\/li>\n<li>Programador de sistemas de informa\u00e7\u00e3o<\/li>\n<li>Operador de m\u00e1quinas de constru\u00e7\u00e3o civil<\/li>\n<li>Mec\u00e2nico de refrigera\u00e7\u00e3o<\/li>\n<li>Supervisor administrativo<\/li>\n<li>Motorista de carro de passeio<\/li>\n<li>Garagista<\/li>\n<li>Contador<\/li>\n<li>Motorista operacional de guincho (2)<\/li>\n<li>Operador de torno com comando num\u00e9rico (2)<\/li>\n<li>Cartazeiro<\/li>\n<li>Controlador de pragas (2)<\/li>\n<li>T\u00e9cnico de obras civis<\/li>\n<li>Caminhoneiro aut\u00f4nomo (5)<\/li>\n<li>Pintor de estruturas met\u00e1licas (2)<\/li>\n<li>T\u00e9cnico em manuten\u00e7\u00e3o de equipamentos<\/li>\n<li>Desenhista industrial gr\u00e1fico<\/li>\n<li>Ajustador mec\u00e2nico<\/li>\n<li>Instalador de tubula\u00e7\u00f5es<\/li>\n<li>Mec\u00e2nico de manuten\u00e7\u00e3o de m\u00e1quinas de constru\u00e7\u00e3o (2)<\/li>\n<li>Desenhista projetista mec\u00e2nico (2)<\/li>\n<li>Extrusor de fios ou fibras de vidro (2)<\/li>\n<li>Motorista de \u00f4nibus rodovi\u00e1rio<\/li>\n<li>Balanceiro<\/li>\n<li>Forneiro e operador<\/li>\n<li>Operador de instala\u00e7\u00e3o de ar-condicionado<\/li>\n<li>Operador de m\u00e1quinas de fabrica\u00e7\u00e3o de doces<\/li>\n<li>Assentador de canaliza\u00e7\u00e3o<\/li>\n<li>Programador de m\u00e1quinas (2)<\/li>\n<li>T\u00e9cnico em tratamento de efluentes (2)<\/li>\n<li>Analista de PCP (2)<\/li>\n<li>Engenheiro mec\u00e2nico industrial<\/li>\n<li>Moldador a m\u00e1quina<\/li>\n<li>Mestre de pintura<\/li>\n<li>T\u00e9cnico mec\u00e2nico<\/li>\n<li>Gerente de opera\u00e7\u00f5es de transportes<\/li>\n<li>T\u00e9cnico em pl\u00e1stico<\/li>\n<li>Avaliador de im\u00f3veis<\/li>\n<li>Impressor digital<\/li>\n<li>Supervisor de or\u00e7amento<\/li>\n<li>T\u00e9cnico em caldeiraria<\/li>\n<li>Montador de m\u00e1quinas-ferramentas<\/li>\n<li>Revestidor de interiores<\/li>\n<li>Gerente de projetos de tecnologia da informa\u00e7\u00e3o<\/li>\n<\/ul><\/div>\n<\/p><\/div>\n<div id=\"chunk-f58t5\">\n<div class=\"content-ads content-ads--reveal\" data-block-type=\"ads\">\n<div data-id=\"banner_materia__d96d6a5d-df76-4bee-b3de-f1010ba007f2\" class=\"tag-manager-publicidade-container mc-has-reveal mc-has-ad-lazyload\"> <\/div>\n<\/p><\/div>\n<\/p><\/div>\n<div id=\"chunk-asa1t\">\n<div class=\"mc-column content-text active-extra-styles\" data-block-type=\"raw\" data-block-weight=\"4\">\n<p class=\"content-text__container\">\n<div class=\"content-intertitle\">\n<h2>Franca \u2013 226 vagas<\/h2>\n<\/div><\/div>\n<\/p><\/div>\n<div id=\"chunk-3p2o5\">\n<div class=\"mc-column content-text active-extra-styles \" data-block-type=\"unstyled\" data-block-weight=\"16\">\n<p class=\" content-text__container \" data-track-category=\"Link no Texto\" data-track-links> Os interessados devem comparecer ao PAT, das 8h \u00e0s 16h, na Rua Professor Laerte Barbosa Cintra. <\/p>\n<\/p><\/div>\n<\/p><\/div>\n<div id=\"chunk-bhf3q\">\n<div class=\"mc-column content-text active-extra-styles\" data-block-type=\"raw\" data-block-weight=\"166\">\n<p class=\"content-text__container\">\n<ul class=\"content-unordered-list\">\n<li>Alimentador de linha de produ\u00e7\u00e3o (2)<\/li>\n<li>Faxineiro<\/li>\n<li>Servente de obras (28)<\/li>\n<li>Pedreiro (16)<\/li>\n<li>Vendedor de com\u00e9rcio varejista (8)<\/li>\n<li>Operador de caixa (19)<\/li>\n<li>Operador de telemarketing ativo (3)<\/li>\n<li>Repositor de mercadorias (21)<\/li>\n<li>Trabalhador da manuten\u00e7\u00e3o de edifica\u00e7\u00f5es (2)<\/li>\n<li>Auxiliar de escrit\u00f3rio em geral<\/li>\n<li>Eletricista de manuten\u00e7\u00e3o eletroeletr\u00f4nica (14)<\/li>\n<li>Eletricista de instala\u00e7\u00f5es (7) <\/li>\n<li>Carpinteiro (2)<\/li>\n<li>Embalador a m\u00e3o (13)<\/li>\n<li>Auxiliar de manuten\u00e7\u00e3o predial<\/li>\n<li>Promotor de vendas (2)<\/li>\n<li>Mestre em constru\u00e7\u00e3o civil<\/li>\n<li>Almoxarife (2)<\/li>\n<li>T\u00e9cnico em seguran\u00e7a do trabalho<\/li>\n<li>Recepcionista em geral<\/li>\n<li>T\u00e9cnico mec\u00e2nico (20)<\/li>\n<li>Montador de m\u00e1quinas (8)<\/li>\n<li>Auxiliar de contabilidade <\/li>\n<li>Fiscal de loja (4)<\/li>\n<li>Vendedor pracista <\/li>\n<li>Supervisor administrativo<\/li>\n<li>Ferramenteiro (10)<\/li>\n<li>Corretor de im\u00f3veis (10)<\/li>\n<li>Defumador de carnes e pescados (4)<\/li>\n<li>Trabalhador agropecu\u00e1rio em geral<\/li>\n<li>Operador de prensa de material recicl\u00e1vel (3)<\/li>\n<li>T\u00e9cnico de obras civis<\/li>\n<li>Apontador de m\u00e3o-de-obra (2)<\/li>\n<li>Gerente comercial<\/li>\n<li>Impressor de off-set<\/li>\n<li>Tecn\u00f3logo em log\u00edstica de transporte (4)<\/li>\n<li>Operador de produ\u00e7\u00e3o (2)<\/li>\n<li>Supervisor de manuten\u00e7\u00e3o el\u00e9trica <\/li>\n<li>Supervisor de vendas de servi\u00e7os<\/li>\n<li>Bamburista (2)<\/li>\n<li>Supervisor de manuten\u00e7\u00e3o eletromec\u00e2nica<\/li>\n<li>Impressor de corte e vinco<\/li>\n<li>Operador de acabamento<\/li>\n<\/ul><\/div>\n<\/p><\/div>\n<div id=\"chunk-e5dhp\">\n<div class=\"mc-column content-text active-extra-styles\" data-block-type=\"raw\" data-block-weight=\"4\">\n<p class=\"content-text__container\">\n<div class=\"content-intertitle\">\n<h2>Orl\u00e2ndia \u2013 20 vagas<\/h2>\n<\/div><\/div>\n<\/p><\/div>\n<div id=\"chunk-8jdkg\">\n<div class=\"mc-column content-text active-extra-styles \" data-block-type=\"unstyled\" data-block-weight=\"15\">\n<p class=\" content-text__container \" data-track-category=\"Link no Texto\" data-track-links> O PAT fica na Avenida do Caf\u00e9, 1040, Centro. Mais informa\u00e7\u00f5es pelo telefone (16) 3726-2951. <\/p>\n<\/p><\/div>\n<\/p><\/div>\n<div id=\"chunk-584os\">\n<div class=\"content-ads content-ads--reveal\" data-block-type=\"ads\">\n<div data-id=\"banner_materia__7acb7fa9-1ccb-45ca-94c6-d87bb2fb0e84\" class=\"tag-manager-publicidade-container mc-has-reveal mc-has-ad-lazyload\"> <\/div>\n<\/p><\/div>\n<\/p><\/div>\n<div id=\"chunk-9ncu6\">\n<div class=\"mc-column content-text active-extra-styles\" data-block-type=\"raw\" data-block-weight=\"38\">\n<p class=\"content-text__container\">\n<ul class=\"content-unordered-list\">\n<li>Alimentador de linha de produ\u00e7\u00e3o (7)<\/li>\n<li>Faxineiro (5)<\/li>\n<li>Servente de obras<\/li>\n<li>Vendedor de com\u00e9rcio varejista<\/li>\n<li>Operador de empilhadeira<\/li>\n<li>Carpinteiro<\/li>\n<li>Expedidor de mercadorias<\/li>\n<li>Operador de m\u00e1quinas de beneficiamento<\/li>\n<li>Armador de estrutura de concreto armado<\/li>\n<li>Motorista de carro de passeio<\/li>\n<\/ul><\/div>\n<\/p><\/div>\n<div id=\"chunk-7vts4\">\n<div class=\"mc-column content-text active-extra-styles\" data-block-type=\"raw\" data-block-weight=\"4\">\n<p class=\"content-text__container\">\n<div class=\"content-intertitle\">\n<h2>Batatais \u2013 18 vagas<\/h2>\n<\/div><\/div>\n<\/p><\/div>\n<div id=\"chunk-ev4hh\">\n<div class=\"mc-column content-text active-extra-styles \" data-block-type=\"unstyled\" data-block-weight=\"19\">\n<p class=\" content-text__container \" data-track-category=\"Link no Texto\" data-track-links> O PAT de Batatais fica na Alameda C\u00f4nego Joaquim Alves, 167, no Centro. Mais informa\u00e7\u00f5es pelo telefone (16) 3761-0500. <\/p>\n<\/p><\/div>\n<\/p><\/div>\n<div id=\"chunk-d4iko\">\n<div class=\"mc-column content-text active-extra-styles\" data-block-type=\"raw\" data-block-weight=\"50\">\n<p class=\"content-text__container\">\n<ul class=\"content-unordered-list\">\n<li>Atendente de lanchonete<\/li>\n<li>Motorista de caminh\u00e3o<\/li>\n<li>Servente de obras (2)<\/li>\n<li>Pedreiro<\/li>\n<li>Atendente de lojas e mercados<\/li>\n<li>Auxiliar nos servi\u00e7os de alimenta\u00e7\u00e3o (2)<\/li>\n<li>Operador de caixa<\/li>\n<li>Soldador<\/li>\n<li>Encanador<\/li>\n<li>Mec\u00e2nico de manuten\u00e7\u00e3o de m\u00e1quinas em geral<\/li>\n<li>Caldeireiro<\/li>\n<li>Mec\u00e2nico de ve\u00edculos automotores a diesel<\/li>\n<li>Operador de escavadeira<\/li>\n<li>Farmac\u00eautico<\/li>\n<li>Instalador de tubula\u00e7\u00f5es<\/li>\n<li>Engenheiro qu\u00edmico<\/li>\n<\/ul><\/div>\n<\/p><\/div>\n<div id=\"chunk-fa4hn\">\n<div class=\"mc-column content-text active-extra-styles\" data-block-type=\"raw\" data-block-weight=\"4\">\n<p class=\"content-text__container\">\n<div class=\"content-intertitle\">\n<h2>Ituverava \u2013 42 vagas<\/h2>\n<\/div><\/div>\n<\/p><\/div>\n<div id=\"chunk-24a7d\">\n<div class=\"mc-column content-text active-extra-styles \" data-block-type=\"unstyled\" data-block-weight=\"16\">\n<p class=\" content-text__container \" data-track-category=\"Link no Texto\" data-track-links> O PAT fica na Rua Coronel Irlandino Barbosa Sandoval, 10. Mais informa\u00e7\u00f5es pelo telefone (16) 3729-2995. <\/p>\n<\/p><\/div>\n<\/p><\/div>\n<div id=\"chunk-6goji\">\n<div class=\"mc-column content-text active-extra-styles\" data-block-type=\"raw\" data-block-weight=\"54\">\n<p class=\"content-text__container\">\n<ul class=\"content-unordered-list\">\n<li>Faxineiro (2)<\/li>\n<li>Servente de obras (5)<\/li>\n<li>Pedreiro (4)<\/li>\n<li>Atendente de lojas e mercados (2)<\/li>\n<li>Auxiliar nos servi\u00e7os de alimenta\u00e7\u00e3o (2)<\/li>\n<li>Operador de caixa (7)<\/li>\n<li>Auxiliar de escrit\u00f3rio em geral<\/li>\n<li>Carpinteiro (4)<\/li>\n<li>Estoquista (4)<\/li>\n<li>Embalador a m\u00e3o (4)<\/li>\n<li>Assistente administrativo (2)<\/li>\n<li>Almoxarife (2)<\/li>\n<li>Eletrot\u00e9cnico na fabrica\u00e7\u00e3o, montagem e instala\u00e7\u00e3o<\/li>\n<li>Carpinteiro<\/li>\n<li>Operador de centro de controle<\/li>\n<\/ul><\/div>\n<\/p><\/div>\n<div id=\"chunk-30s4l\">\n<div class=\"mc-column content-text active-extra-styles\" data-block-type=\"raw\" data-block-weight=\"4\">\n<p class=\"content-text__container\">\n<div class=\"content-intertitle\">\n<h2>Barretos \u2013 70 vagas<\/h2>\n<\/div><\/div>\n<\/p><\/div>\n<div id=\"chunk-ftr0b\">\n<div class=\"mc-column content-text active-extra-styles \" data-block-type=\"unstyled\" data-block-weight=\"33\">\n<p class=\" content-text__container \" data-track-category=\"Link no Texto\" data-track-links> O PAT fica no Poupatempo. O endere\u00e7o \u00e9 Via Conselheiro Ant\u00f4nio Prado, 1400, bairro Pedro Cavalini. O atendimento \u00e9 de segunda a sexta-feira, das 9h \u00e0s 17h, e s\u00e1bado, das 9h \u00e0s 13h. <\/p>\n<\/p><\/div>\n<\/p><\/div>\n<div id=\"chunk-5pekb\">\n<div class=\"content-ads content-ads--reveal\" data-block-type=\"ads\">\n<div data-id=\"banner_materia__8247f6b1-88ad-4456-b842-5fcaf567a555\" class=\"tag-manager-publicidade-container mc-has-reveal mc-has-ad-lazyload\"> <\/div>\n<\/p><\/div>\n<\/p><\/div>\n<div id=\"chunk-3fbmk\">\n<div class=\"mc-column content-text active-extra-styles\" data-block-type=\"raw\" data-block-weight=\"189\">\n<p class=\"content-text__container\">\n<ul class=\"content-unordered-list\">\n<li>Alimentador de linha de produ\u00e7\u00e3o (2)<\/li>\n<li>Faxineiro<\/li>\n<li>Vendedor de com\u00e9rcio varejista (3)<\/li>\n<li>Auxiliar nos servi\u00e7os de alimenta\u00e7\u00e3o (2)<\/li>\n<li>Operador de caixa <\/li>\n<li>Trabalhador da pecu\u00e1ria<\/li>\n<li>Soldador (4)<\/li>\n<li>Cozinheiro geral (2)<\/li>\n<li>Trabalhador da manuten\u00e7\u00e3o de edifica\u00e7\u00f5es (2)<\/li>\n<li>Vendedor em domic\u00edlio (2)<\/li>\n<li>Costureiro na confec\u00e7\u00e3o em s\u00e9rie<\/li>\n<li>Mec\u00e2nico de manuten\u00e7\u00e3o de autom\u00f3veis<\/li>\n<li>Mec\u00e2nico de manuten\u00e7\u00e3o de m\u00e1quinas em geral<\/li>\n<li>Empregado dom\u00e9stico nos servi\u00e7os gerais (4)<\/li>\n<li>Motorista de furg\u00e3o ou ve\u00edculo similar (2)<\/li>\n<li>Tratorista agr\u00edcola (2)<\/li>\n<li>Assistente administrativo (2)<\/li>\n<li>Promotor de vendas<\/li>\n<li>Caldeireiro<\/li>\n<li>Assistente de vendas (4)<\/li>\n<li>Operador de m\u00e1quinas-ferramenta convencionais (2)<\/li>\n<li>Almoxarife<\/li>\n<li>Mec\u00e2nico de ve\u00edculos automotores a diesel<\/li>\n<li>Expedidor de mercadorias<\/li>\n<li>Instalador de sistemas eletroeletr\u00f4nicos<\/li>\n<li>Cuidador de idosos<\/li>\n<li>Eletricista de instala\u00e7\u00f5es<\/li>\n<li>Frentista<\/li>\n<li>Zelador de edif\u00edcio<\/li>\n<li>Operador de torno com comando num\u00e9rico<\/li>\n<li>Operador de telemarketing ativo e receptivo<\/li>\n<li>Recepcionista de hotel (2)<\/li>\n<li>T\u00e9cnico em instala\u00e7\u00e3o de equipamentos<\/li>\n<li>T\u00e9cnico de garantia da qualidade<\/li>\n<li>Analista de desenvolvimento de sistemas<\/li>\n<li>Vigia<\/li>\n<li>Operador de colheitadeira<\/li>\n<li>Operador de extrusora<\/li>\n<li>Assistente de laborat\u00f3rio industrial<\/li>\n<li>Moldador de pl\u00e1stico por inje\u00e7\u00e3o<\/li>\n<li>Professor de l\u00edngua inglesa<\/li>\n<li>Mec\u00e2nico de manuten\u00e7\u00e3o de bombas<\/li>\n<li>Agente de p\u00e1tio<\/li>\n<li>Economista financeiro<\/li>\n<li>Cronoanalista<\/li>\n<li>Enfermeiro<\/li>\n<li>T\u00e9cnico de telecomunica\u00e7\u00f5es <\/li>\n<li>Trabalhador na opera\u00e7\u00e3o de sistemas convencionais<\/li>\n<li>Supervisor de carga e descarga<\/li>\n<\/ul><\/div>\n<\/p><\/div>\n<div id=\"chunk-d2c6e\">\n<div class=\"mc-column content-text active-extra-styles\" data-block-type=\"raw\" data-block-weight=\"4\">\n<p class=\"content-text__container\">\n<div class=\"content-intertitle\">\n<h2>Bebedouro \u2013 57 vagas<\/h2>\n<\/div><\/div>\n<\/p><\/div>\n<div id=\"chunk-980vq\">\n<div class=\"mc-column content-text active-extra-styles \" data-block-type=\"unstyled\" data-block-weight=\"29\">\n<p class=\" content-text__container \" data-track-category=\"Link no Texto\" data-track-links> O PAT fica na Avenida H\u00e9rcules Pereira Hortal, 1367. O atendimento \u00e9 de segunda a sexta-feira, das 8h \u00e0s 16h. Mais informa\u00e7\u00f5es podem ser obtidas pelo telefone (17) 3342-3422. <\/p>\n<\/p><\/div>\n<\/p><\/div>\n<div id=\"chunk-f4t7r\">\n<div class=\"content-ads content-ads--reveal\" data-block-type=\"ads\">\n<div data-id=\"banner_materia__cb515f3a-85df-4a1c-a115-2deccb6e3890\" class=\"tag-manager-publicidade-container mc-has-reveal mc-has-ad-lazyload\"> <\/div>\n<\/p><\/div>\n<\/p><\/div>\n<div id=\"chunk-dfno7\">\n<div class=\"mc-column content-text active-extra-styles\" data-block-type=\"raw\" data-block-weight=\"124\">\n<p class=\"content-text__container\">\n<ul class=\"content-unordered-list\">\n<li>Atendente de lanchonete<\/li>\n<li>Faxineiro (3)<\/li>\n<li>Motorista de caminh\u00e3o (2)<\/li>\n<li>Vendedor de com\u00e9rcio varejista (4)<\/li>\n<li>Atendente de lojas e mercados<\/li>\n<li>Auxiliar nos servi\u00e7os de alimenta\u00e7\u00e3o (3)<\/li>\n<li>Operador de telemarketing ativo<\/li>\n<li>Ajudante de motorista<\/li>\n<li>Soldador (2)<\/li>\n<li>Cozinheiro geral (2)<\/li>\n<li>Trabalhador da manuten\u00e7\u00e3o de edifica\u00e7\u00f5es (4)<\/li>\n<li>Auxiliar de escrit\u00f3rio em geral (3)<\/li>\n<li>Vendedor em domic\u00edlio (2)<\/li>\n<li>Operador de empilhadeira<\/li>\n<li>Mec\u00e2nico de manuten\u00e7\u00e3o de autom\u00f3veis (3)<\/li>\n<li>Eletricista de instala\u00e7\u00f5es (2)<\/li>\n<li>Gar\u00e7om<\/li>\n<li>Estoquista<\/li>\n<li>Motorista de furg\u00e3o ou ve\u00edculo similar (2)<\/li>\n<li>Tratorista agr\u00edcola<\/li>\n<li>Funileiro de ve\u00edculos<\/li>\n<li>Conferente de carga e descarga (2)<\/li>\n<li>Borracheiro (2)<\/li>\n<li>Pintor de obras<\/li>\n<li>Auxiliar de contabilidade<\/li>\n<li>Instalador-reparador de linhas e aparelhos<\/li>\n<li>Eletrot\u00e9cnico<\/li>\n<li>T\u00e9cnico de enfermagem<\/li>\n<li>Vendedor em com\u00e9rcio atacadista<\/li>\n<li>Esteticista<\/li>\n<li>Biom\u00e9dico<\/li>\n<li>Economista financeiro<\/li>\n<li>Secret\u00e1ria (o) executiva (o)<\/li>\n<li>Banhista de animais dom\u00e9sticos <\/li>\n<li>Instalador de cortinas e persianas<\/li>\n<\/ul><\/div>\n<\/p><\/div>\n<div id=\"chunk-d36iq\">\n<div class=\"mc-column content-text active-extra-styles\" data-block-type=\"raw\" data-block-weight=\"4\">\n<p class=\"content-text__container\">\n<div class=\"content-intertitle\">\n<h2>Gua\u00edra &#8211; 93 vagas<\/h2>\n<\/div><\/div>\n<\/p><\/div>\n<div id=\"chunk-2hde7\">\n<div class=\"mc-column content-text active-extra-styles \" data-block-type=\"unstyled\" data-block-weight=\"25\">\n<p class=\" content-text__container \" data-track-category=\"Link no Texto\" data-track-links> O PAT de Gua\u00edra fica na Rua Oito, 221, no pr\u00e9dio do Ganha Tempo Municipal. Os telefones para contato s\u00e3o (17) 3331-5865 e (17) 3332-1846. <\/p>\n<\/p><\/div>\n<\/p><\/div>\n<div id=\"chunk-p4er\">\n<div class=\"mc-column content-text active-extra-styles\" data-block-type=\"raw\" data-block-weight=\"94\">\n<p class=\"content-text__container\">\n<ul class=\"content-unordered-list\">\n<li>Motorista de caminh\u00e3o<\/li>\n<li>Servente de obras (6)<\/li>\n<li>Pedreiro (13)<\/li>\n<li>Vendedor de com\u00e9rcio varejista (3)<\/li>\n<li>Vigilante<\/li>\n<li>Auxiliar de escrit\u00f3rio em geral<\/li>\n<li>Vendedor em domic\u00edlio (2)<\/li>\n<li>Operador de empilhadeira (4)<\/li>\n<li>Trabalhador volante da agricultura (40)<\/li>\n<li>Eletricista de instala\u00e7\u00f5es<\/li>\n<li>Montador de m\u00f3veis e artefatos de madeira<\/li>\n<li>Lavador de ve\u00edculos<\/li>\n<li>Mestre em constru\u00e7\u00e3o civil<\/li>\n<li>Almoxarife<\/li>\n<li>Operador de escavadeira (4)<\/li>\n<li>Conferente mercadoria (2)<\/li>\n<li>Operador de m\u00e1quinas de constru\u00e7\u00e3o civil (4)<\/li>\n<li>Lubrificador de ve\u00edculos automotores <\/li>\n<li>Auxiliar de faturamento<\/li>\n<li>T\u00e9cnico em manuten\u00e7\u00e3o de equipamentos<\/li>\n<li>Motorista de \u00f4nibus rodovi\u00e1rio<\/li>\n<li>Supervisor de explora\u00e7\u00e3o agr\u00edcola<\/li>\n<li>Agente de p\u00e1tio<\/li>\n<li>Inspetor de servi\u00e7os de transportes rodovi\u00e1rios<\/li>\n<\/ul><\/div>\n<\/p><\/div>\n<div id=\"chunk-dsl7h\">\n<div class=\"content-ads content-ads--reveal\" data-block-type=\"ads\">\n<div data-id=\"banner_materia__5c8a18b1-08eb-4a63-8055-b99404cab798\" class=\"tag-manager-publicidade-container mc-has-reveal mc-has-ad-lazyload\"> <\/div>\n<\/p><\/div>\n<\/p><\/div>\n<div id=\"chunk-5iaq3\">\n<div class=\"mc-column content-text active-extra-styles\" data-block-type=\"raw\" data-block-weight=\"5\">\n<p class=\"content-text__container\">\n<div class=\"content-intertitle\">\n<h2>Monte Alto &#8211; 13 vagas<\/h2>\n<\/div><\/div>\n<\/p><\/div>\n<div id=\"chunk-7k6cq\">\n<div class=\"mc-column content-text active-extra-styles \" data-block-type=\"unstyled\" data-block-weight=\"17\">\n<p class=\" content-text__container \" data-track-category=\"Link no Texto\" data-track-links> O PAT fica na Rua Dr. Raul da Rocha Medeiros, 1565, Centro. O telefone \u00e9 (16) 3242-4109. <\/p>\n<\/p><\/div>\n<\/p><\/div>\n<div id=\"chunk-eo0ac\">\n<div class=\"mc-column content-text active-extra-styles\" data-block-type=\"raw\" data-block-weight=\"35\">\n<p class=\"content-text__container\">\n<ul class=\"content-unordered-list\">\n<li>Alimentador de linha de produ\u00e7\u00e3o (2)<\/li>\n<li>Vendedor de com\u00e9rcio varejista<\/li>\n<li>Soldador<\/li>\n<li>Trabalhador da manuten\u00e7\u00e3o de edifica\u00e7\u00f5es (2)<\/li>\n<li>Vendedor em domic\u00edlio (2)<\/li>\n<li>Costureiro na confec\u00e7\u00e3o em s\u00e9rie (2)<\/li>\n<li>T\u00e9cnico de enfermagem<\/li>\n<li>Forneiro e operador<\/li>\n<li>Forjador prensista<\/li>\n<\/ul><\/div>\n<\/p><\/div>\n<div id=\"chunk-2aa92\">\n<div class=\"mc-column content-text active-extra-styles \" data-block-type=\"unstyled\" data-block-weight=\"11\">\n<p class=\" content-text__container \" data-track-category=\"Link no Texto\" data-track-links> <a class href=\"https:\/\/g1.globo.com\/sp\/ribeirao-preto-franca\/\">Veja mais not\u00edcias da regi\u00e3o no g1 Ribeir\u00e3o Preto e Franca<\/a> <\/p>\n<\/p><\/div>\n<\/p><\/div>\n<div id=\"chunk-fo604\">\n<div class=\"mc-column content-text active-extra-styles\" data-block-type=\"raw\" data-block-weight=\"8\">\n<p class=\"content-text__container\">\n<div class=\"content-intertitle\">\n<h2>V\u00cdDEOS: Tudo sobre Ribeir\u00e3o Preto, Franca e regi\u00e3o<\/h2>\n<\/div><\/div>\n<\/p><\/div>\n<div data-track-category=\"multicontent\" data-track-action=\"ultimo chunk conteudo\" data-track-noninteraction=\"false\" data-track-scroll=\"view\">\n<div id=\"chunk-5b21s\">\n<div class=\"show-multicontent-playlist-container mc-column\" data-track-category=\"multicontent\" data-track-action=\"playlist-multicontent-block\" data-track-scroll=\"view\" data-track-click=\"click\" data-block-type=\"playlist\"> <a href=\"https:\/\/g1.globo.com\/sp\/ribeirao-preto-franca\/playlist\/videos-tudo-sobre-ribeirao-preto-franca-e-regiao.ghtml\"> <\/p>\n<div class=\"show-multicontent-playlist\"> <span class=\"show-multicontent-playlist__label\"> <svg class=\"theme-color-primary show-multicontent-playlist__label__icon\" xmlns=\"http:\/\/www.w3.org\/2000\/svg\" width=\"48\" height=\"48\"><g><circle fill=\"#FFF\" cx=\"24\" cy=\"24\" r=\"24\"><\/circle><path d=\"M33.389 24.726l-13.953 8.752a.782.782 0 0 1-.419.122c-.451 0-.817-.382-.817-.854V15.29c0-.508.366-.891.817-.891.155 0 .3.046.423.124l13.949 8.75c.232.15.387.42.387.726a.865.865 0 0 1-.387.726z\"><\/path><\/g><\/svg> 50 v\u00eddeos <\/span> <amp-img class=\"show-multicontent-playlist__left-thumbnail show-multicontent-playlist-overlay glb-skeleton-box\" style=\"--skeleton-width: 100%; --skeleton-height: auto;\" alt=\"Veja como fica o tempo nesta quarta-feira (13) na regi\u00e3o de Ribeir\u00e3o Preto\" layout=\"responsive\" noloading=\"true\" width=\"5\" height=\"4\" src=\"https:\/\/s2-g1.glbimg.com\/rFCeETWO4Iq42z-BmnzGpu1FGUw=\/650x0\/smart\/filters:strip_icc()\/s02.video.glbimg.com\/deo\/vi\/17\/12\/12431217%0A\" srcset=\"https:\/\/s2-g1.glbimg.com\/rFCeETWO4Iq42z-BmnzGpu1FGUw=\/650x0\/smart\/filters:strip_icc()\/s02.video.glbimg.com\/deo\/vi\/17\/12\/12431217\n 650w,https:\/\/s2-g1.glbimg.com\/Nogs3CL-3fWhDM0DCTArKLPjOtY=\/640x0\/smart\/filters:strip_icc()\/s02.video.glbimg.com\/deo\/vi\/17\/12\/12431217\n 640w,https:\/\/s2-g1.glbimg.com\/6QUDmxRXW1L4AAiFoX-Lm-VwQxM=\/416x0\/smart\/filters:strip_icc()\/s02.video.glbimg.com\/deo\/vi\/17\/12\/12431217\n 416w,https:\/\/s2-g1.glbimg.com\/PjB4AWO8mFozOZEfGadgPcf7DO0=\/390x0\/smart\/filters:strip_icc()\/s02.video.glbimg.com\/deo\/vi\/17\/12\/12431217\n 390w\"><\/amp-img> <amp-img class=\"show-multicontent-playlist__right-thumbnail show-multicontent-playlist__second-thumbnail glb-skeleton-box\" style=\"--skeleton-width: 100%; --skeleton-height: auto;\" alt=\"Processo de licita\u00e7\u00e3o para obras da ponte de Bonfim Paulista deve ser aberto\" layout=\"responsive\" noloading=\"true\" width=\"5\" height=\"4\" src=\"https:\/\/s2-g1.glbimg.com\/mV1CSM5nB82m-O7LM2QL1r-kQ98=\/650x0\/smart\/filters:strip_icc()\/s02.video.glbimg.com\/deo\/vi\/21\/12\/12431221%0A\" srcset=\"https:\/\/s2-g1.glbimg.com\/mV1CSM5nB82m-O7LM2QL1r-kQ98=\/650x0\/smart\/filters:strip_icc()\/s02.video.glbimg.com\/deo\/vi\/21\/12\/12431221\n 650w,https:\/\/s2-g1.glbimg.com\/ogcqUJpvaUVOuXAO_IJQCwVAQbU=\/640x0\/smart\/filters:strip_icc()\/s02.video.glbimg.com\/deo\/vi\/21\/12\/12431221\n 640w,https:\/\/s2-g1.glbimg.com\/laQMtyT1tzcrUEkDwzPRGvTNsuo=\/416x0\/smart\/filters:strip_icc()\/s02.video.glbimg.com\/deo\/vi\/21\/12\/12431221\n 416w,https:\/\/s2-g1.glbimg.com\/uAlMWTE5qd2Csk5UH2PhYs8LiL0=\/390x0\/smart\/filters:strip_icc()\/s02.video.glbimg.com\/deo\/vi\/21\/12\/12431221\n 390w\"><\/amp-img> <amp-img class=\"show-multicontent-playlist__right-thumbnail show-multicontent-playlist__third-thumbnail glb-skeleton-box\" style=\"--skeleton-width: 100%; --skeleton-height: auto;\" alt=\"Documenta\u00e7\u00e3o para compra e venda de ve\u00edculos pode ser feita pelo aplicativo do Poupatempo\" layout=\"responsive\" noloading=\"true\" width=\"5\" height=\"4\" src=\"https:\/\/s2-g1.glbimg.com\/WArO3k-JbYI0x1j_jijU1r0UuZQ=\/650x0\/smart\/filters:strip_icc()\/s04.video.glbimg.com\/deo\/vi\/11\/12\/12431211%0A\" srcset=\"https:\/\/s2-g1.glbimg.com\/WArO3k-JbYI0x1j_jijU1r0UuZQ=\/650x0\/smart\/filters:strip_icc()\/s04.video.glbimg.com\/deo\/vi\/11\/12\/12431211\n 650w,https:\/\/s2-g1.glbimg.com\/xUpJwxgCumzaopgL4cUb658o0BA=\/640x0\/smart\/filters:strip_icc()\/s04.video.glbimg.com\/deo\/vi\/11\/12\/12431211\n 640w,https:\/\/s2-g1.glbimg.com\/01OTH7hYZyZPW51bIwwUmsl3YJE=\/416x0\/smart\/filters:strip_icc()\/s04.video.glbimg.com\/deo\/vi\/11\/12\/12431211\n 416w,https:\/\/s2-g1.glbimg.com\/19WJlngPBiPPG8amsaA5piJzwkM=\/390x0\/smart\/filters:strip_icc()\/s04.video.glbimg.com\/deo\/vi\/11\/12\/12431211\n 390w\"><\/amp-img> <\/div>\n<p> <\/a> <\/div>\n<\/p><\/div>\n<\/p><\/div>\n<\/p><\/div>\n<\/article>\n<div class='code-block code-block-4' style='margin: 8px auto 8px 0; text-align: left; display: block; clear: both;'>\n\ud83d\udce2 Aviso Legal\n\nO site ismaelcolosi.com.br atua apenas como um canal de divulga\u00e7\u00e3o de oportunidades de emprego e n\u00e3o se responsabiliza pelo processo seletivo, contrata\u00e7\u00e3o ou qualquer outra etapa relacionada \u00e0s vagas publicadas. Todas as informa\u00e7\u00f5es s\u00e3o de responsabilidade dos anunciantes.\n\n\u26a0\ufe0f Aten\u00e7\u00e3o! Nunca pague por promessas de emprego nem compre cursos que garantam contrata\u00e7\u00e3o. Desconfie de qualquer cobran\u00e7a para participar de sele\u00e7\u00f5es.\n\n\n\n<\/div>\n<!-- CONTENT END 1 -->\n","protected":false},"excerpt":{"rendered":"<p>Em busca de emprego? Ribeir\u00e3o Preto e regi\u00e3o t\u00eam 803 vagas abertas; veja como se candidatar 1 de 1 Carteira de Trabalho \u2014 Foto: Divulga\u00e7\u00e3o&#8230;<\/p>\n","protected":false},"author":1,"featured_media":0,"comment_status":"open","ping_status":"open","sticky":false,"template":"","format":"standard","meta":{"_uag_custom_page_level_css":"","advanced_seo_description":"","jetpack_seo_html_title":"","jetpack_seo_noindex":false,"jetpack_post_was_ever_published":false,"_jetpack_newsletter_access":"","_jetpack_dont_email_post_to_subs":false,"_jetpack_newsletter_tier_id":0,"_jetpack_memberships_contains_paywalled_content":false,"_jetpack_memberships_contains_paid_content":false,"footnotes":"","jetpack_publicize_message":"","jetpack_publicize_feature_enabled":true,"jetpack_social_post_already_shared":true,"jetpack_social_options":{"image_generator_settings":{"template":"highway","default_image_id":0,"font":"","enabled":false},"version":2}},"categories":[7],"tags":[],"class_list":["post-42155","post","type-post","status-publish","format-standard","hentry","category-vagas-de-empregos-em-ribeirao-preto-regiao-brasil"],"jetpack_publicize_connections":[],"jetpack_featured_media_url":"","uagb_featured_image_src":{"full":false,"thumbnail":false,"medium":false,"medium_large":false,"large":false,"1536x1536":false,"2048x2048":false,"really-simple-thumb":false},"uagb_author_info":{"display_name":"ismaelcolosi.com.br","author_link":"https:\/\/ismaelcolosi.com.br\/index.php\/author\/vidareal-online\/"},"uagb_comment_info":0,"uagb_excerpt":"Em busca de emprego? Ribeir\u00e3o Preto e regi\u00e3o t\u00eam 803 vagas abertas; veja como se candidatar 1 de 1 Carteira de Trabalho \u2014 Foto: Divulga\u00e7\u00e3o...","jetpack-related-posts":[{"id":41828,"url":"https:\/\/ismaelcolosi.com.br\/index.php\/2024\/03\/11\/em-busca-de-emprego-ribeirao-preto-e-regiao-tem-803-vagas-abertas-veja-como-se-candidatar-ribeirao-preto-e-franca-g1\/","url_meta":{"origin":42155,"position":0},"title":"Em busca de emprego? Ribeir\u00e3o Preto e regi\u00e3o t\u00eam 803 vagas abertas; veja como se candidatar | Ribeir\u00e3o Preto e Franca | G1","author":"ismaelcolosi.com.br","date":"11 de March de 2024","format":false,"excerpt":"","rel":"","context":"In &quot;Vagas de Emprego em Ribeir\u00e3o Preto-SP&quot;","block_context":{"text":"Vagas de Emprego em Ribeir\u00e3o Preto-SP","link":"https:\/\/ismaelcolosi.com.br\/index.php\/category\/empregos-classificados-vagas-trabalho\/vagas-de-empregos-em-ribeirao-preto-regiao-brasil\/"},"img":{"alt_text":"","src":"","width":0,"height":0},"classes":[]},{"id":5877,"url":"https:\/\/ismaelcolosi.com.br\/index.php\/2023\/11\/24\/mcdonalds-tem-vagas-de-emprego-abertas-em-ribeirao-preto\/","url_meta":{"origin":42155,"position":1},"title":"McDonald\u2019s tem vagas de emprego abertas em Ribeir\u00e3o Preto","author":"ismaelcolosi.com.br","date":"24 de November de 2023","format":false,"excerpt":"A Arcos Dorados, operadora do McDonald\u2019s, anunciou a abertura de 60 vagas de emprego em Ribeir\u00e3o Preto. As oportunidades s\u00e3o para o cargo de Atendente de Restaurante para os 12 restaurantes da rede na cidade. Para se candidatar, basta entregar o curr\u00edculo em uma das unidades do McDonald\u2019s ou se\u2026","rel":"","context":"In &quot;Not\u00edcias de Ribeir\u00e3o Preto-SP e Regi\u00e3o&quot;","block_context":{"text":"Not\u00edcias de Ribeir\u00e3o Preto-SP e Regi\u00e3o","link":"https:\/\/ismaelcolosi.com.br\/index.php\/category\/noticias-de-ribeirao-preto-sp-e-regiao-ismael-colosi\/"},"img":{"alt_text":"","src":"https:\/\/i0.wp.com\/ismaelcolosi.com.br\/wp-content\/uploads\/2023\/11\/mcdonalds.jpg?fit=1200%2C675&ssl=1&resize=350%2C200","width":350,"height":200,"srcset":"https:\/\/i0.wp.com\/ismaelcolosi.com.br\/wp-content\/uploads\/2023\/11\/mcdonalds.jpg?fit=1200%2C675&ssl=1&resize=350%2C200 1x, https:\/\/i0.wp.com\/ismaelcolosi.com.br\/wp-content\/uploads\/2023\/11\/mcdonalds.jpg?fit=1200%2C675&ssl=1&resize=525%2C300 1.5x, https:\/\/i0.wp.com\/ismaelcolosi.com.br\/wp-content\/uploads\/2023\/11\/mcdonalds.jpg?fit=1200%2C675&ssl=1&resize=700%2C400 2x, https:\/\/i0.wp.com\/ismaelcolosi.com.br\/wp-content\/uploads\/2023\/11\/mcdonalds.jpg?fit=1200%2C675&ssl=1&resize=1050%2C600 3x"},"classes":[]},{"id":3287,"url":"https:\/\/ismaelcolosi.com.br\/index.php\/2023\/11\/17\/plataforma-tem-mais-de-390-vagas-abertas-para-ribeirao-preto-e-regiao\/","url_meta":{"origin":42155,"position":2},"title":"Plataforma tem mais de 390 vagas abertas para Ribeir\u00e3o Preto e regi\u00e3o","author":"ismaelcolosi.com.br","date":"17 de November de 2023","format":false,"excerpt":"O portal de vagas de uma empresa de tecnologia em gest\u00e3o de pessoas para pequenas e m\u00e9dias empresas (PMEs) est\u00e1 com mais de 390 vagas abertas para Ribeir\u00e3o Preto e cidades na regi\u00e3o. As vagas dispon\u00edveis s\u00e3o para diversas \u00e1reas de atua\u00e7\u00e3o, como Executivo Comercial, Auxiliar de Vendas, Recepcionista, Vendedor\u2026","rel":"","context":"In &quot;Not\u00edcias de Ribeir\u00e3o Preto-SP e Regi\u00e3o&quot;","block_context":{"text":"Not\u00edcias de Ribeir\u00e3o Preto-SP e Regi\u00e3o","link":"https:\/\/ismaelcolosi.com.br\/index.php\/category\/noticias-de-ribeirao-preto-sp-e-regiao-ismael-colosi\/"},"img":{"alt_text":"","src":"https:\/\/i0.wp.com\/ismaelcolosi.com.br\/wp-content\/uploads\/2023\/11\/processo-seletivo-emprego.jpg?fit=1200%2C800&ssl=1&resize=350%2C200","width":350,"height":200,"srcset":"https:\/\/i0.wp.com\/ismaelcolosi.com.br\/wp-content\/uploads\/2023\/11\/processo-seletivo-emprego.jpg?fit=1200%2C800&ssl=1&resize=350%2C200 1x, https:\/\/i0.wp.com\/ismaelcolosi.com.br\/wp-content\/uploads\/2023\/11\/processo-seletivo-emprego.jpg?fit=1200%2C800&ssl=1&resize=525%2C300 1.5x, https:\/\/i0.wp.com\/ismaelcolosi.com.br\/wp-content\/uploads\/2023\/11\/processo-seletivo-emprego.jpg?fit=1200%2C800&ssl=1&resize=700%2C400 2x, https:\/\/i0.wp.com\/ismaelcolosi.com.br\/wp-content\/uploads\/2023\/11\/processo-seletivo-emprego.jpg?fit=1200%2C800&ssl=1&resize=1050%2C600 3x"},"classes":[]},{"id":29925,"url":"https:\/\/ismaelcolosi.com.br\/index.php\/2024\/01\/19\/plataforma-oferece-cerca-de-390-oportunidades-de-emprego-em-ribeirao-e-regiao-veja-como-se-candidatar\/","url_meta":{"origin":42155,"position":3},"title":"Plataforma oferece cerca de 390 oportunidades de emprego em Ribeir\u00e3o e regi\u00e3o; Veja como se candidatar","author":"ismaelcolosi.com.br","date":"19 de January de 2024","format":false,"excerpt":"O portal de vagas de uma empresa de tecnologia em gest\u00e3o de pessoas para pequenas e m\u00e9dias empresas (PME) est\u00e1 com cerca de 390 oportunidades de trabalho em Ribeir\u00e3o Preto e regi\u00e3o. Entre as vagas dispon\u00edveis est\u00e3o Auxiliar de Atendimento J\u00fanior, Assistente de Marketing, Vendedor, Assistente de Recursos Humanos, Gar\u00e7om,\u2026","rel":"","context":"In &quot;Not\u00edcias de Ribeir\u00e3o Preto-SP e Regi\u00e3o&quot;","block_context":{"text":"Not\u00edcias de Ribeir\u00e3o Preto-SP e Regi\u00e3o","link":"https:\/\/ismaelcolosi.com.br\/index.php\/category\/noticias-de-ribeirao-preto-sp-e-regiao-ismael-colosi\/"},"img":{"alt_text":"","src":"https:\/\/i0.wp.com\/ismaelcolosi.com.br\/wp-content\/uploads\/2024\/01\/emprego_vagas_1200x675_30092021103244.jpg?fit=1200%2C675&ssl=1&resize=350%2C200","width":350,"height":200,"srcset":"https:\/\/i0.wp.com\/ismaelcolosi.com.br\/wp-content\/uploads\/2024\/01\/emprego_vagas_1200x675_30092021103244.jpg?fit=1200%2C675&ssl=1&resize=350%2C200 1x, https:\/\/i0.wp.com\/ismaelcolosi.com.br\/wp-content\/uploads\/2024\/01\/emprego_vagas_1200x675_30092021103244.jpg?fit=1200%2C675&ssl=1&resize=525%2C300 1.5x, https:\/\/i0.wp.com\/ismaelcolosi.com.br\/wp-content\/uploads\/2024\/01\/emprego_vagas_1200x675_30092021103244.jpg?fit=1200%2C675&ssl=1&resize=700%2C400 2x, https:\/\/i0.wp.com\/ismaelcolosi.com.br\/wp-content\/uploads\/2024\/01\/emprego_vagas_1200x675_30092021103244.jpg?fit=1200%2C675&ssl=1&resize=1050%2C600 3x"},"classes":[]},{"id":5808,"url":"https:\/\/ismaelcolosi.com.br\/index.php\/2023\/11\/24\/multinacional-conta-com-vagas-de-emprego-na-regiao-de-ribeirao-veja-como-participar\/","url_meta":{"origin":42155,"position":4},"title":"Multinacional conta com vagas de emprego na regi\u00e3o de Ribeir\u00e3o; Veja como participar","author":"ismaelcolosi.com.br","date":"24 de November de 2023","format":false,"excerpt":"A WEG, multinacional de equipamentos el\u00e9tricos, conta com vagas de emprego na regi\u00e3o de Ribeir\u00e3o Preto. Em Sert\u00e3ozinho, s\u00e3o 15 vagas abertas para diversos setores, como operador de m\u00e1quinas, analista mec\u00e2nico e t\u00e9cnico em seguran\u00e7a do trabalho. J\u00e1 para Monte Alto, h\u00e1 oportunidades para operador de produ\u00e7\u00e3o. Nas duas cidades,\u2026","rel":"","context":"In &quot;Not\u00edcias de Ribeir\u00e3o Preto-SP e Regi\u00e3o&quot;","block_context":{"text":"Not\u00edcias de Ribeir\u00e3o Preto-SP e Regi\u00e3o","link":"https:\/\/ismaelcolosi.com.br\/index.php\/category\/noticias-de-ribeirao-preto-sp-e-regiao-ismael-colosi\/"},"img":{"alt_text":"","src":"https:\/\/i0.wp.com\/ismaelcolosi.com.br\/wp-content\/uploads\/2023\/11\/Feirao-de-Emprego-.png?fit=1200%2C690&ssl=1&resize=350%2C200","width":350,"height":200,"srcset":"https:\/\/i0.wp.com\/ismaelcolosi.com.br\/wp-content\/uploads\/2023\/11\/Feirao-de-Emprego-.png?fit=1200%2C690&ssl=1&resize=350%2C200 1x, https:\/\/i0.wp.com\/ismaelcolosi.com.br\/wp-content\/uploads\/2023\/11\/Feirao-de-Emprego-.png?fit=1200%2C690&ssl=1&resize=525%2C300 1.5x, https:\/\/i0.wp.com\/ismaelcolosi.com.br\/wp-content\/uploads\/2023\/11\/Feirao-de-Emprego-.png?fit=1200%2C690&ssl=1&resize=700%2C400 2x, https:\/\/i0.wp.com\/ismaelcolosi.com.br\/wp-content\/uploads\/2023\/11\/Feirao-de-Emprego-.png?fit=1200%2C690&ssl=1&resize=1050%2C600 3x"},"classes":[]},{"id":41842,"url":"https:\/\/ismaelcolosi.com.br\/index.php\/2024\/03\/11\/em-busca-de-emprego-ribeirao-preto-e-regiao-tem-803-vagas-abertas-veja-como-se-candidatar-ribeirao-preto-e-franca-g1-2\/","url_meta":{"origin":42155,"position":5},"title":"Em busca de emprego? Ribeir\u00e3o Preto e regi\u00e3o t\u00eam 803 vagas abertas; veja como se candidatar | Ribeir\u00e3o Preto e Franca | G1","author":"ismaelcolosi.com.br","date":"11 de March de 2024","format":false,"excerpt":"Em busca de emprego? Ribeir\u00e3o Preto e regi\u00e3o t\u00eam 803 vagas abertas; veja como se candidatar 1 de 1 Carteira de Trabalho \u2014 Foto: Divulga\u00e7\u00e3o Seteq Carteira de Trabalho \u2014 Foto: Divulga\u00e7\u00e3o Seteq Dez cidades das regi\u00f5es de Ribeir\u00e3o Preto (SP) e Franca (SP) est\u00e3o com 803 vagas de emprego\u2026","rel":"","context":"In &quot;Vagas de Emprego em Ribeir\u00e3o Preto-SP&quot;","block_context":{"text":"Vagas de Emprego em Ribeir\u00e3o Preto-SP","link":"https:\/\/ismaelcolosi.com.br\/index.php\/category\/empregos-classificados-vagas-trabalho\/vagas-de-empregos-em-ribeirao-preto-regiao-brasil\/"},"img":{"alt_text":"","src":"","width":0,"height":0},"classes":[]}],"jetpack_sharing_enabled":true,"jetpack_shortlink":"https:\/\/wp.me\/pfMlyK-aXV","_links":{"self":[{"href":"https:\/\/ismaelcolosi.com.br\/index.php\/wp-json\/wp\/v2\/posts\/42155","targetHints":{"allow":["GET"]}}],"collection":[{"href":"https:\/\/ismaelcolosi.com.br\/index.php\/wp-json\/wp\/v2\/posts"}],"about":[{"href":"https:\/\/ismaelcolosi.com.br\/index.php\/wp-json\/wp\/v2\/types\/post"}],"author":[{"embeddable":true,"href":"https:\/\/ismaelcolosi.com.br\/index.php\/wp-json\/wp\/v2\/users\/1"}],"replies":[{"embeddable":true,"href":"https:\/\/ismaelcolosi.com.br\/index.php\/wp-json\/wp\/v2\/comments?post=42155"}],"version-history":[{"count":0,"href":"https:\/\/ismaelcolosi.com.br\/index.php\/wp-json\/wp\/v2\/posts\/42155\/revisions"}],"wp:attachment":[{"href":"https:\/\/ismaelcolosi.com.br\/index.php\/wp-json\/wp\/v2\/media?parent=42155"}],"wp:term":[{"taxonomy":"category","embeddable":true,"href":"https:\/\/ismaelcolosi.com.br\/index.php\/wp-json\/wp\/v2\/categories?post=42155"},{"taxonomy":"post_tag","embeddable":true,"href":"https:\/\/ismaelcolosi.com.br\/index.php\/wp-json\/wp\/v2\/tags?post=42155"}],"curies":[{"name":"wp","href":"https:\/\/api.w.org\/{rel}","templated":true}]}}