{"id":42141,"date":"2024-03-13T00:47:56","date_gmt":"2024-03-13T03:47:56","guid":{"rendered":"https:\/\/ismaelcolosi.com.br\/index.php\/2024\/03\/13\/o-que-e-metaverso\/"},"modified":"2024-03-13T00:47:56","modified_gmt":"2024-03-13T03:47:56","slug":"o-que-e-metaverso","status":"publish","type":"post","link":"https:\/\/ismaelcolosi.com.br\/index.php\/2024\/03\/13\/o-que-e-metaverso\/","title":{"rendered":"O que \u00e9 Metaverso?"},"content":{"rendered":"<p> <br \/>\n<\/p>\n<p class=\"has-text-align-center\"><em>O metaverso \u00e9 um dos assuntos mais comentados atualmente, ao redor de todo o mundo. Mas voc\u00ea sabe o que significa este termo? E como ele surgiu? Veja as respostas neste artigo!<\/em><\/p>\n<p>J\u00e1 ouviu falar sobre o metaverso? O termo foi assunto mundial, ap\u00f3s a mudan\u00e7a do nome da empresa Facebook Inc. para Meta em outubro de 2021.<\/p>\n<p>Mas, afinal, o que \u00e9 metaverso? Quais os perigos dessa realidade virtual? E quando o metaverso far\u00e1 parte do nosso dia a dia? O Abertura Simples preparou um artigo explicando tudo sobre o assunto!<\/p>\n<figure class=\"wp-block-image size-large\"><img data-recalc-dims=\"1\" decoding=\"async\" loading=\"lazy\" width=\"1024\" height=\"286\" src=\"https:\/\/i0.wp.com\/aberturasimples.com.br\/wp-content\/uploads\/2022\/07\/Metaverso-1024x286.jpg?resize=1024%2C286&#038;ssl=1\" alt=\"metaverso\" class=\"wp-image-71225\" \/><\/figure>\n<h2 class=\"wp-block-heading\"><strong>O que significa metaverso?<\/strong><\/h2>\n<p>A palavra metaverso pode ser separada em duas, tornando mais simples de explicar o que significa a palavra.<\/p>\n<ul>\n<li>meta: significa al\u00e9m<\/li>\n<li>verso: que vem de universo<\/li>\n<\/ul>\n<p>Ou seja, o metaverso pode ser interpretado como um mundo virtual em 3D que pode ter refer\u00eancias do mundo real (que vem al\u00e9m do universo).&nbsp;<\/p>\n<h2 class=\"wp-block-heading\"><strong>O que \u00e9 metaverso?<\/strong><\/h2>\n<p>Metaverso \u00e9 o nome utilizado para denominar uma rede de ambientes virtuais, hiper-realistas e que possuem foco na conex\u00e3o social, em que as pessoas podem conviver utilizando avatares customizados em 3D. Este espa\u00e7o coletivo \u00e9 constitu\u00eddo por tr\u00eas pilares: a realidade virtual e ampliada, e a internet. Neste espa\u00e7o, \u00e9 poss\u00edvel conversar com outras pessoas como se as pessoas estivessem fisicamente pr\u00f3ximas umas das outras.<\/p>\n<h2 class=\"wp-block-heading\"><strong>Como surgiu o metaverso?<\/strong><\/h2>\n<p>Apesar do termo ter se tornado popular apenas recentemente, o conceito de metaverso \u00e9 antigo. O termo foi criado pelo escritor Neal Stephenson em seu livro de fic\u00e7\u00e3o cient\u00edfica \u201cSnow Crash\u201d, publicado em 1992. A obra conta a hist\u00f3ria de Hiro Protagonist, personagem que na \u201cvida real\u201d \u00e9 um entregador de pizza, mas no metaverso \u00e9 um samurai.&nbsp;<\/p>\n<p>Em 2011, o escritor Ernest Cline tamb\u00e9m tratou do tema em seu romance futurista \u201cReady Player One\u201d, no Brasil \u201cJogador N\u00famero 1\u201d, que em 2018 ganhou as telas do cinema pelas m\u00e3os de Steven Spielberg. Na obra, os personagens vivem em um mundo dist\u00f3pico e, para fugir da realidade, costumam passar horas e horas no O\u00c1SIS, um simulador virtual que d\u00e1 a eles a possibilidade de se tornarem o que quiserem.<\/p>\n<p>O livro de fic\u00e7\u00e3o cient\u00edfica ainda foi o ponto de partida para o surgimento de diversos jogos como Second Life, Roblox, Fortnite e Minecraft, onde jogadores podem criar vidas paralelas em um ambiente virtual.&nbsp;<\/p>\n<p>Em 2021, o termo ganhou destaque ap\u00f3s Mark Zuckerberg, presidente-executivo do Facebook, modificar o nome da Facebook Inc. para Meta e afirmar que o metaverso \u00e9 o futuro da internet e da tecnologia em nossas vidas. A empresa afirma que investiu US$ 50 milh\u00f5es neste novo segmento, e disse que planeja testar universos digitais nos pr\u00f3ximos dois anos e desenvolver aplica\u00e7\u00f5es de multiverso entre 2031 e 2036.<\/p>\n<p>Contudo, o interesse do Facebook pelo metaverso \u00e9 antigo. Em 2014, a organiza\u00e7\u00e3o comprou a Oculus, empresa que fabrica headsets de realidade virtual, equipamentos necess\u00e1rios para acessar a realidade virtual.<\/p>\n<p>J\u00e1 em agosto de 2021, a empresa tamb\u00e9m lan\u00e7ou o Horizon Workrooms, uma ferramenta que d\u00e1 aos usu\u00e1rios a possibilidade de criarem avatares e participarem de reuni\u00f5es virtuais.&nbsp;<\/p>\n<h2 class=\"wp-block-heading\"><strong>Caracter\u00edsticas do Metaverso<\/strong><\/h2>\n<figure class=\"wp-block-image size-full\"><img data-recalc-dims=\"1\" decoding=\"async\" loading=\"lazy\" width=\"1080\" height=\"302\" src=\"https:\/\/i0.wp.com\/aberturasimples.com.br\/wp-content\/uploads\/2021\/09\/ABS-News_3-2.jpg?resize=1080%2C302&#038;ssl=1\" alt=\"abs news\" class=\"wp-image-64766\" \/><\/figure>\n<p>Para caracterizar-se como metaverso, \u00e9 preciso que esse ambiente virtual contenha certas caracter\u00edsticas. Veja a seguir quais s\u00e3o!<\/p>\n<h3 class=\"wp-block-heading\"><strong>Mundo Virtual<\/strong><\/h3>\n<p>A primeira caracter\u00edstica do metaverso \u00e9 que ele deve ser virtual. A ideia \u00e9 que, por meio de \u00f3culos VR, dispositivos m\u00f3veis, computadores ou consoles, seja poss\u00edvel criar uma realidade mais s\u00f3lida da internet.<\/p>\n<p>Al\u00e9m disso, o metaverso busca conectar o real e o virtual realizando uma a\u00e7\u00e3o simult\u00e2nea em ambos ambientes. O objetivo \u00e9 que voc\u00ea possa fazer algo e essa a\u00e7\u00e3o refletir no mundo real tamb\u00e9m.<\/p>\n<h3 class=\"wp-block-heading\"><strong>Realidade aumentada<\/strong><\/h3>\n<p>A realidade virtual busca produzir sensa\u00e7\u00f5es reais por meio de elementos em 3D e imagens em 360\u00ba. O intuito \u00e9, realmente, fazer com que a pessoa se sinta dentro do ambiente.<\/p>\n<p>Para acessar esta realidade, \u00e9 necess\u00e1rio a utiliza\u00e7\u00e3o de equipamentos de realidade virtual, como \u00f3culos e capacetes VR, que j\u00e1 s\u00e3o comumente vistos para jogos.<\/p>\n<h3 class=\"wp-block-heading\"><strong>Conectividade<\/strong><\/h3>\n<p>O metaverso tem como objetivo conectar as pessoas por meio de hologramas, imagens projetadas por \u00f3culos de realidade virtual e at\u00e9 agentes de intelig\u00eancia artificial. Afinal, uma das inten\u00e7\u00f5es do metaverso \u00e9 gerar intera\u00e7\u00f5es com as pessoas, como se fosse na realidade. Dessa forma, voc\u00ea pode conectar-se com mais proximidade com um amigo distante sem sair de casa.<\/p>\n<figure class=\"wp-block-image size-large\"><img data-recalc-dims=\"1\" decoding=\"async\" loading=\"lazy\" width=\"1024\" height=\"286\" src=\"https:\/\/i0.wp.com\/aberturasimples.com.br\/wp-content\/uploads\/2022\/07\/Metaverso_2-1024x286.jpg?resize=1024%2C286&#038;ssl=1\" alt=\"metaverso\" class=\"wp-image-71227\" \/><\/figure>\n<h2 class=\"wp-block-heading\"><strong>Quando o metaverso vai se tornar realidade?<\/strong><\/h2>\n<p>De acordo com executivos tecnol\u00f3gicos, para o metaverso come\u00e7ar a fazer parte do dia a dia da popula\u00e7\u00e3o, \u00e9 preciso atualiza\u00e7\u00f5es para os sistemas de computadores e tecnologias existentes. Ou seja, isso quer dizer que ser\u00e1 necess\u00e1rio um poder de computadores e softwares mais brutos, al\u00e9m de gr\u00e1ficos ultrarrealistas, bem como uma estrutura que permita aos usu\u00e1rios mover-se sem dificuldades de uma parte do metaverso para outra.<\/p>\n<p>Ainda, ser\u00e3o necess\u00e1rias ferramentas de programa\u00e7\u00e3o simples, pois, assim, n\u00e3o ser\u00e3o somente desenvolvedores qualificados que conseguir\u00e3o criar dom\u00ednios e experi\u00eancias virtuais. Mas d\u00ea a oportunidade de qualquer pessoa criar o seu pr\u00f3prio.<\/p>\n<h2 class=\"wp-block-heading\"><strong>Como investir no metaverso?<\/strong><\/h2>\n<p>Uma das principais maneiras de investir no metaverso \u00e9 comprando a\u00e7\u00f5es de empresas que est\u00e3o ou pretendem estar presentes neste ambiente virtual. A pr\u00f3pria Meta, ex-Facebook Inc, possibilita a compra de seus pap\u00e9is por meio de BDRs no Brasil.<\/p>\n<p>No entanto, h\u00e1 outras maneiras de investir no metaverso. Como, por exemplo:<\/p>\n<ul>\n<li><strong>Compra de terrenos virtuais: <\/strong>Ao adquirir terras virtuais no metaverso, \u00e9 poss\u00edvel alug\u00e1-las ou vend\u00ea-las no futuro. Al\u00e9m disso, tamb\u00e9m \u00e9 poss\u00edvel construir um im\u00f3vel e capitaliz\u00e1-lo de diversas maneiras, assim como fazemos no mundo f\u00edsico. Por exemplo, recentemente, em novembro de 2021, um terreno virtual de 566 metros quadrados foi vendido por US$ 2,4 milh\u00f5es em criptomoedas.&nbsp;<\/li>\n<li><strong>Compra de tokens diversos: <\/strong>Token \u00e9 a representa\u00e7\u00e3o digital de um ativo financeiro real. Diferentes tipos de bens podem passar pelo processo de tokeniza\u00e7\u00e3o, como a\u00e7\u00f5es, propriedades, obras de artes, e ganham valor conforme o projeto desperta interesse entre seus usu\u00e1rios por meio de tokens, os quais podem ser adquiridos por investidores.&nbsp;<\/li>\n<li><strong>Fundos de investimento:<\/strong> Em dezembro de 2021, a gestora brasileira V\u00edtreo lan\u00e7ou o produto &#8220;V\u00edtreo Metaverso&#8221;, que investe apenas em a\u00e7\u00f5es ligadas ao setor. O aporte m\u00ednimo \u00e9 R$ 1.000, e a empresa cobra 0,9% ao ano de taxa de administra\u00e7\u00e3o e 10% de taxa de performance sobre o que exceder o \u00edndice S&amp;P500 Total Return.<\/li>\n<li><strong>Criptomoedas: <\/strong>Uma outra maneira de investir no metaverso \u00e9 comprando criptomoedas associadas a esta realidade virtual. Decentreland (MANA), Sandbox (SAND) e Enjin Coin (ENJ) s\u00e3o algumas delas. Essas moedas digitais podem ser adquiridas por meio de empresas especializadas. Geralmente h\u00e1 taxas de saques e transfer\u00eancias.<\/li>\n<\/ul>\n<h2 class=\"wp-block-heading\"><strong>Como funciona o metaverso?<\/strong><\/h2>\n<p>Ainda n\u00e3o \u00e9 poss\u00edvel descrever detalhadamente como o metaverso funcionar\u00e1, pois a forma final do produto ainda n\u00e3o existe, apenas prot\u00f3tipos. No entanto, no futuro espera-se que o metaverso seja uma expans\u00e3o da vida real, de forma que, por meio de avatares, seja poss\u00edvel trabalhar, conectar-se com amigos, viajar, construir, decorar, vender ou alugar uma casa, al\u00e9m de ir a shows e realizar reuni\u00f5es.<\/p>\n<p>O grande objetivo \u00e9 que o metaverso possua sua pr\u00f3pria economia, assim, os usu\u00e1rios poder\u00e3o comprar, vender e negociar tokens virtuais.<\/p>\n<figure class=\"wp-block-image size-full\"><img data-recalc-dims=\"1\" decoding=\"async\" loading=\"lazy\" width=\"1024\" height=\"286\" src=\"https:\/\/i0.wp.com\/aberturasimples.com.br\/wp-content\/uploads\/2022\/02\/Banner_abertura_simples-7-1024x286-6.jpg?resize=1024%2C286&#038;ssl=1\" alt=\"abra a sua empresa\" class=\"wp-image-68875\" \/><\/figure>\n<h2 class=\"wp-block-heading\"><strong>Principais plataformas do metaverso<\/strong><\/h2>\n<p>Assim como dissemos anteriormente, o metaverso em si ainda n\u00e3o existe. No entanto, algumas plataformas que oferecem ao usu\u00e1rio experi\u00eancias imersivas podem ajudar a entender o que \u00e9 metaverso.<\/p>\n<p>Contudo, \u00e9 importante citarmos que nem todas as plataformas abaixo envolvem realidade virtual, descentraliza\u00e7\u00e3o ou criptomoedas, caracter\u00edsticas indispens\u00e1veis do metaverso. Continue a leitura para conferir!<\/p>\n<h3 class=\"wp-block-heading\"><strong>Second Life<\/strong><\/h3>\n<p>Criado em 2003 pela Linden Labs, Second Life surgiu antes mesmo do Facebook Inc, ou Meta. O jogo pode ser considerado como um metaverso pela raz\u00e3o que, como o nome sugere, permite os usu\u00e1rios a se envolverem em uma vida alternativa como um alter-ego.<\/p>\n<p>Embora n\u00e3o corresponda a todos requisitos do metaverso que conhecemos atualmente, o jogo serve como um exemplo de como uma comunidade imersiva, experimental e online constitu\u00edda por milh\u00f5es de usu\u00e1rios pode funcionar.<\/p>\n<h3 class=\"wp-block-heading\"><strong>Meta Horizons (Facebook)<\/strong><\/h3>\n<p>Ap\u00f3s a renomea\u00e7\u00e3o de Facebook Inc. para Meta, a empresa come\u00e7ou a investir em v\u00e1rios projetos, incluindo Horizon Worlds (plataforma de mundos virtuais), Horizon Venues (plataforma de eventos) e Horizon Workrooms (escrit\u00f3rio virtual).&nbsp;<\/p>\n<p>As tr\u00eas plataformas s\u00e3o interconectadas e permitem que os usu\u00e1rios criem avatares e utilizem-os para explorar e interagir com outros usu\u00e1rios.<\/p>\n<h3 class=\"wp-block-heading\"><strong>Fortnite<\/strong><\/h3>\n<p>O Fortnite, um dos jogos online mais famosos da atualidade, revolucionou ao reunir milh\u00f5es de jogadores por meio de shows de m\u00fasica ao vivo, como Travis Scott, Ariana Grande e Billie Eilish, na tentativa de transformar o mundo de Fortnite em um metaverso adequado. Al\u00e9m disso, o jogo j\u00e1 conta com um supermercado Carrefour, que utiliza o espa\u00e7o para dar seus primeiros passos no metaverso.<\/p>\n<h3 class=\"wp-block-heading\"><strong>Decentraland<\/strong><\/h3>\n<p>Uma esp\u00e9cie de cruzamento entre jogo, canal de marketing e experimento na cria\u00e7\u00e3o de uma democracia digital e descentralizada. Decentraland pode ser definida como uma verdadeira plataforma Web 3.0. \u00c9 governado por uma Organiza\u00e7\u00e3o Aut\u00f4noma Descentralizada (DAO) e algumas das maiores estrelas e marcas do mundo, incluindo Morgan Stanley, Coca-Cola, Adidas, Samsung e Snoop Dogg, j\u00e1 fazem parte desta realidade.&nbsp;<\/p>\n<p>O Decentraland tem a sua pr\u00f3pria criptomoeda, conhecida como MANA, e qualquer usu\u00e1rio interessado em comprar um terreno precisar\u00e1 investir pelo menos US$ 10 mil.<\/p>\n<h3 class=\"wp-block-heading\"><strong>Roblox<\/strong><\/h3>\n<p>Roblox \u00e9 uma plataforma de jogos popular, usada diariamente por mais de 50 milh\u00f5es de usu\u00e1rios, e permite que qualquer usu\u00e1rio crie e at\u00e9 monetize seu pr\u00f3prio mundo de jogo.<\/p>\n<p>Destinado a um p\u00fablico mais jovem, empresas como Nike, Forever 21, Gucci, Nascar, Ralph Lauren e Vans usaram a plataforma para configurar mundos virtuais onde os usu\u00e1rios podem interagir com as marcas.&nbsp;<\/p>\n<h3 class=\"wp-block-heading\"><strong>The Sandbox<\/strong><\/h3>\n<p>Embora tenha iniciado como um jogo para celular, em 2018, The Sandbox foi portado por seus criadores para o blockchain Ethereum, tornando-se uma das primeiras plataformas descentralizadas do metaverso. Ele inclui suas pr\u00f3prias ferramentas de cria\u00e7\u00e3o de objetos que permitem que qualquer pessoa construa itens 3D, personagens, ve\u00edculos que s\u00e3o cunhados como NFTs e podem ser importados para outros mundos.<\/p>\n<p>Al\u00e9m disso, os NFTs criados podem ser negociados e vendidos por meio do mercado interno da plataforma. As transa\u00e7\u00f5es s\u00e3o realizadas na pr\u00f3pria moeda da plataforma, conhecida como SAND.<\/p>\n<figure class=\"wp-block-image size-large\"><img data-recalc-dims=\"1\" decoding=\"async\" loading=\"lazy\" width=\"1024\" height=\"286\" src=\"https:\/\/i0.wp.com\/aberturasimples.com.br\/wp-content\/uploads\/2022\/07\/Metaverso_3-1024x286.jpg?resize=1024%2C286&#038;ssl=1\" alt=\"metaverso\" class=\"wp-image-71228\" \/><\/figure>\n<h2 class=\"wp-block-heading\"><strong>Perigos do metaverso<\/strong><\/h2>\n<p>Assim como toda plataforma online, o metaverso tamb\u00e9m est\u00e1 sujeito a amea\u00e7as digitais. Por ser um ambiente que simula a realidade, todos est\u00e3o suscet\u00edveis a encontrarem com pessoas m\u00e1 intencionadas, como golpistas e fraudadores, que enxergam o metaverso como uma oportunidade para roubar dados e realizarem golpes envolvendo ativos digitais.<\/p>\n<p>Al\u00e9m disso, da mesma maneira que ocorrem nas redes sociais, podem ocorrer roubos de contas. Nesta situa\u00e7\u00e3o, o usu\u00e1rio, al\u00e9m de ter os dados roubados, pode ter informa\u00e7\u00f5es confidenciais vazadas, preju\u00edzos financeiros e, ainda, acontecer de utilizarem do avatar do usu\u00e1rio para aplicar golpes em outros.<\/p>\n<p>No metaverso, ainda pode ocorrer ass\u00e9dio, circula\u00e7\u00e3o de fake news ou centraliza\u00e7\u00e3o de <a href=\"https:\/\/www.infomoney.com.br\/guias\/tokens\/\" target=\"_blank\" rel=\"noreferrer noopener\">tokens<\/a>.&nbsp;<\/p>\n<h2 class=\"wp-block-heading\"><strong>Abertura Simples<\/strong><\/h2>\n<p>Ficou com alguma d\u00favida? O&nbsp;Abertura Simples&nbsp;est\u00e1 aqui para te ajudar! Nossa equipe est\u00e1 \u00e0 disposi\u00e7\u00e3o para atender e responder a todos os seus questionamentos.<\/p>\n<p>Entre as diversas vantagens do Abertura Simples est\u00e3o o atendimento humanizado, servi\u00e7o de entrega e recolhimento de documentos e o pre\u00e7o justo.<\/p>\n<p>Disponibilizamos tamb\u00e9m as fun\u00e7\u00f5es de Contabilidade, Fiscal, Recursos Humanos e Legaliza\u00e7\u00e3o, como&nbsp;Alvar\u00e1 de Funcionamento, CADAN,&nbsp;<a href=\"https:\/\/www.gov.br\/anvisa\/pt-br\" target=\"_blank\" rel=\"noreferrer noopener\">Anvisa<\/a>, e muito mais.<\/p>\n<h2 class=\"wp-block-heading\"><strong>Baixe o e-book \u201cComo abrir uma empresa\u201d<\/strong><\/h2>\n<p>Vai abrir uma empresa, mas n\u00e3o sabe por onde come\u00e7ar? Saiba que esse \u00e9 um processo bem burocr\u00e1tico. S\u00e3o exigidos o cumprimento de diversas exig\u00eancias. Mas, n\u00e3o desanime, o Abertura Simples desburocratiza o processo para voc\u00ea! Fa\u00e7a o download gr\u00e1tis do e-book \u201cComo abrir uma empresa? Manual Completo\u201d e tenha acesso exclusivo ao passo a passo de como abrir uma empresa. Baixe agora mesmo, \u00e9 gr\u00e1tis!<\/p>\n<p>The post O que \u00e9 Metaverso? first appeared on Abertura Simples.<\/p>\n<p>The post O que \u00e9 Metaverso? appeared first on Abertura Simples.<\/p>\n<p><br \/>\n<br \/><a href=\"https:\/\/aberturasimples.com.br\/o-que-e-metaverso\/?utm_source=rss&#038;utm_medium=rss&#038;utm_campaign=o-que-e-metaverso\">Source link <\/a><\/p>\n<div class='code-block code-block-4' style='margin: 8px auto 8px 0; text-align: left; display: block; clear: both;'>\n\ud83d\udce2 Aviso Legal\n\nO site ismaelcolosi.com.br atua apenas como um canal de divulga\u00e7\u00e3o de oportunidades de emprego e n\u00e3o se responsabiliza pelo processo seletivo, contrata\u00e7\u00e3o ou qualquer outra etapa relacionada \u00e0s vagas publicadas. Todas as informa\u00e7\u00f5es s\u00e3o de responsabilidade dos anunciantes.\n\n\u26a0\ufe0f Aten\u00e7\u00e3o! Nunca pague por promessas de emprego nem compre cursos que garantam contrata\u00e7\u00e3o. Desconfie de qualquer cobran\u00e7a para participar de sele\u00e7\u00f5es.\n\n\n\n<\/div>\n<!-- CONTENT END 1 -->\n","protected":false},"excerpt":{"rendered":"<p>O metaverso \u00e9 um dos assuntos mais comentados atualmente, ao redor de todo o mundo. Mas voc\u00ea sabe o que significa este termo? E como&#8230;<\/p>\n","protected":false},"author":1,"featured_media":42142,"comment_status":"open","ping_status":"open","sticky":false,"template":"","format":"standard","meta":{"_uag_custom_page_level_css":"","advanced_seo_description":"","jetpack_seo_html_title":"","jetpack_seo_noindex":false,"jetpack_post_was_ever_published":false,"_jetpack_newsletter_access":"","_jetpack_dont_email_post_to_subs":false,"_jetpack_newsletter_tier_id":0,"_jetpack_memberships_contains_paywalled_content":false,"_jetpack_memberships_contains_paid_content":false,"footnotes":"","jetpack_publicize_message":"","jetpack_publicize_feature_enabled":true,"jetpack_social_post_already_shared":true,"jetpack_social_options":{"image_generator_settings":{"template":"highway","default_image_id":0,"font":"","enabled":false},"version":2}},"categories":[12],"tags":[],"class_list":["post-42141","post","type-post","status-publish","format-standard","has-post-thumbnail","hentry","category-empreendedorismo-negocios-ismael-colosi-negocios"],"jetpack_publicize_connections":[],"jetpack_featured_media_url":"https:\/\/i0.wp.com\/ismaelcolosi.com.br\/wp-content\/uploads\/2024\/03\/Metaverso-1024x286.jpg?fit=1024%2C286&ssl=1","uagb_featured_image_src":{"full":["https:\/\/i0.wp.com\/ismaelcolosi.com.br\/wp-content\/uploads\/2024\/03\/Metaverso-1024x286.jpg?fit=1024%2C286&ssl=1",1024,286,false],"thumbnail":["https:\/\/i0.wp.com\/ismaelcolosi.com.br\/wp-content\/uploads\/2024\/03\/Metaverso-1024x286.jpg?resize=150%2C150&ssl=1",150,150,true],"medium":["https:\/\/i0.wp.com\/ismaelcolosi.com.br\/wp-content\/uploads\/2024\/03\/Metaverso-1024x286.jpg?fit=300%2C84&ssl=1",300,84,true],"medium_large":["https:\/\/i0.wp.com\/ismaelcolosi.com.br\/wp-content\/uploads\/2024\/03\/Metaverso-1024x286.jpg?fit=768%2C215&ssl=1",768,215,true],"large":["https:\/\/i0.wp.com\/ismaelcolosi.com.br\/wp-content\/uploads\/2024\/03\/Metaverso-1024x286.jpg?fit=1024%2C286&ssl=1",1024,286,true],"1536x1536":["https:\/\/i0.wp.com\/ismaelcolosi.com.br\/wp-content\/uploads\/2024\/03\/Metaverso-1024x286.jpg?fit=1024%2C286&ssl=1",1024,286,true],"2048x2048":["https:\/\/i0.wp.com\/ismaelcolosi.com.br\/wp-content\/uploads\/2024\/03\/Metaverso-1024x286.jpg?fit=1024%2C286&ssl=1",1024,286,true],"really-simple-thumb":["https:\/\/i0.wp.com\/ismaelcolosi.com.br\/wp-content\/uploads\/2024\/03\/Metaverso-1024x286.jpg?resize=370%2C247&ssl=1",370,247,true]},"uagb_author_info":{"display_name":"ismaelcolosi.com.br","author_link":"https:\/\/ismaelcolosi.com.br\/index.php\/author\/vidareal-online\/"},"uagb_comment_info":0,"uagb_excerpt":"O metaverso \u00e9 um dos assuntos mais comentados atualmente, ao redor de todo o mundo. Mas voc\u00ea sabe o que significa este termo? E como...","jetpack-related-posts":[{"id":12184,"url":"https:\/\/ismaelcolosi.com.br\/index.php\/2023\/12\/07\/vila-plural-recebe-warley-santana-neste-sabado\/","url_meta":{"origin":42141,"position":0},"title":"Vila Plural recebe Warley Santana neste s\u00e1bado","author":"ismaelcolosi.com.br","date":"7 de December de 2023","format":false,"excerpt":"Neste s\u00e1bado (09\/12) \u00e0s 18h, o Vila Plural, o primeiro hub de entretenimento criativo do pa\u00eds, recebe Warley Santana. No encontro, que ser\u00e1 gratuito, o artista compartilhar\u00e1 os bastidores de sua carreira e contar suas realiza\u00e7\u00f5es na interpreta\u00e7\u00e3o e ventriloquia. Conhecido por sua incr\u00edvel versatilidade, Warley Santana \u00e9 muito mais\u2026","rel":"","context":"In &quot;Variedades&quot;","block_context":{"text":"Variedades","link":"https:\/\/ismaelcolosi.com.br\/index.php\/category\/variedades\/"},"img":{"alt_text":"","src":"https:\/\/i0.wp.com\/ismaelcolosi.com.br\/wp-content\/uploads\/2023\/12\/warley-santana-01.jpg?fit=1200%2C638&ssl=1&resize=350%2C200","width":350,"height":200,"srcset":"https:\/\/i0.wp.com\/ismaelcolosi.com.br\/wp-content\/uploads\/2023\/12\/warley-santana-01.jpg?fit=1200%2C638&ssl=1&resize=350%2C200 1x, https:\/\/i0.wp.com\/ismaelcolosi.com.br\/wp-content\/uploads\/2023\/12\/warley-santana-01.jpg?fit=1200%2C638&ssl=1&resize=525%2C300 1.5x, https:\/\/i0.wp.com\/ismaelcolosi.com.br\/wp-content\/uploads\/2023\/12\/warley-santana-01.jpg?fit=1200%2C638&ssl=1&resize=700%2C400 2x, https:\/\/i0.wp.com\/ismaelcolosi.com.br\/wp-content\/uploads\/2023\/12\/warley-santana-01.jpg?fit=1200%2C638&ssl=1&resize=1050%2C600 3x"},"classes":[]},{"id":78402,"url":"https:\/\/ismaelcolosi.com.br\/index.php\/2024\/12\/05\/palavra-do-ano-do-oxford-define-era-das-telas\/","url_meta":{"origin":42141,"position":1},"title":"palavra do ano do Oxford define era das telas","author":"ismaelcolosi.com.br","date":"5 de December de 2024","format":false,"excerpt":"\r Getty Images\r Uso do termo \"brain rot\" aumentou 230% entre 2023 e 2024\r \u00a0 Acessibilidade \r L\r L\r A-\r A+\r \r \u25d0\r \r A Oxford University Press anunciou sua palavra do ano nesta semana: \u201cbrain rot\u201c, que, em tradu\u00e7\u00e3o literal, significa apodrecimento cerebral. O termo encapsula a exaust\u00e3o mental\u2026","rel":"","context":"In &quot;Carreira e Sucesso&quot;","block_context":{"text":"Carreira e Sucesso","link":"https:\/\/ismaelcolosi.com.br\/index.php\/category\/carreira-e-sucesso-dicas-para-carreira\/"},"img":{"alt_text":"","src":"https:\/\/i0.wp.com\/ismaelcolosi.com.br\/wp-content\/uploads\/2024\/12\/celular-saude-mental-1200x675.jpg?fit=1200%2C675&ssl=1&resize=350%2C200","width":350,"height":200,"srcset":"https:\/\/i0.wp.com\/ismaelcolosi.com.br\/wp-content\/uploads\/2024\/12\/celular-saude-mental-1200x675.jpg?fit=1200%2C675&ssl=1&resize=350%2C200 1x, https:\/\/i0.wp.com\/ismaelcolosi.com.br\/wp-content\/uploads\/2024\/12\/celular-saude-mental-1200x675.jpg?fit=1200%2C675&ssl=1&resize=525%2C300 1.5x, https:\/\/i0.wp.com\/ismaelcolosi.com.br\/wp-content\/uploads\/2024\/12\/celular-saude-mental-1200x675.jpg?fit=1200%2C675&ssl=1&resize=700%2C400 2x, https:\/\/i0.wp.com\/ismaelcolosi.com.br\/wp-content\/uploads\/2024\/12\/celular-saude-mental-1200x675.jpg?fit=1200%2C675&ssl=1&resize=1050%2C600 3x"},"classes":[]},{"id":89301,"url":"https:\/\/ismaelcolosi.com.br\/index.php\/2026\/02\/26\/ia-acelera-demissoes-globais-e-pressiona-mercado-de-trabalho\/","url_meta":{"origin":42141,"position":2},"title":"IA Acelera Demiss\u00f5es Globais e Pressiona Mercado de Trabalho","author":"ismaelcolosi.com.br","date":"26 de February de 2026","format":false,"excerpt":"As preocupa\u00e7\u00f5es de investidores e economistas de que a intelig\u00eancia artificial possa transformar radicalmente setores estabelecidos est\u00e3o se intensificando. O Goldman Sachs alertou na ter\u00e7a-feira (23) que a ado\u00e7\u00e3o acelerada de IA pode elevar o desemprego nos Estados Unidos neste ano, com perdas de postos de trabalho j\u00e1 surgindo em\u2026","rel":"","context":"In &quot;Carreira e Sucesso&quot;","block_context":{"text":"Carreira e Sucesso","link":"https:\/\/ismaelcolosi.com.br\/index.php\/category\/carreira-e-sucesso-dicas-para-carreira\/"},"img":{"alt_text":"","src":"https:\/\/i0.wp.com\/ismaelcolosi.com.br\/wp-content\/uploads\/2026\/02\/demissao-ia-1200x675.jpg?fit=1200%2C675&ssl=1&resize=350%2C200","width":350,"height":200,"srcset":"https:\/\/i0.wp.com\/ismaelcolosi.com.br\/wp-content\/uploads\/2026\/02\/demissao-ia-1200x675.jpg?fit=1200%2C675&ssl=1&resize=350%2C200 1x, https:\/\/i0.wp.com\/ismaelcolosi.com.br\/wp-content\/uploads\/2026\/02\/demissao-ia-1200x675.jpg?fit=1200%2C675&ssl=1&resize=525%2C300 1.5x, https:\/\/i0.wp.com\/ismaelcolosi.com.br\/wp-content\/uploads\/2026\/02\/demissao-ia-1200x675.jpg?fit=1200%2C675&ssl=1&resize=700%2C400 2x, https:\/\/i0.wp.com\/ismaelcolosi.com.br\/wp-content\/uploads\/2026\/02\/demissao-ia-1200x675.jpg?fit=1200%2C675&ssl=1&resize=1050%2C600 3x"},"classes":[]},{"id":11710,"url":"https:\/\/ismaelcolosi.com.br\/index.php\/2023\/12\/06\/ribeirao-preto-tem-evento-de-tecnologia-com-food-park-e-entrada-gratuita\/","url_meta":{"origin":42141,"position":3},"title":"Ribeir\u00e3o Preto tem evento de tecnologia com food park e entrada gratuita\u00a0","author":"ismaelcolosi.com.br","date":"6 de December de 2023","format":false,"excerpt":"O Pow Festival, que re\u00fane tecnologia e criatividade, acontece neste final de semana, no Espa\u00e7o A F\u00e1brica, no Centro de Ribeir\u00e3o Preto. A entrada \u00e9 gratuita. \u00a0 O evento acontece das 10h \u00e0s 21h e conta com exposi\u00e7\u00f5es, live-art, workshops, feira e um fodd park, com op\u00e7\u00f5es gastron\u00f4micas. \u00a0 Programa\u00e7\u00e3o\u2026","rel":"","context":"In &quot;Not\u00edcias de Ribeir\u00e3o Preto-SP e Regi\u00e3o&quot;","block_context":{"text":"Not\u00edcias de Ribeir\u00e3o Preto-SP e Regi\u00e3o","link":"https:\/\/ismaelcolosi.com.br\/index.php\/category\/noticias-de-ribeirao-preto-sp-e-regiao-ismael-colosi\/"},"img":{"alt_text":"","src":"https:\/\/i0.wp.com\/ismaelcolosi.com.br\/wp-content\/uploads\/2023\/12\/Captura-de-tela-2023-12-06-110236-1.png?fit=1015%2C674&ssl=1&resize=350%2C200","width":350,"height":200,"srcset":"https:\/\/i0.wp.com\/ismaelcolosi.com.br\/wp-content\/uploads\/2023\/12\/Captura-de-tela-2023-12-06-110236-1.png?fit=1015%2C674&ssl=1&resize=350%2C200 1x, https:\/\/i0.wp.com\/ismaelcolosi.com.br\/wp-content\/uploads\/2023\/12\/Captura-de-tela-2023-12-06-110236-1.png?fit=1015%2C674&ssl=1&resize=525%2C300 1.5x, https:\/\/i0.wp.com\/ismaelcolosi.com.br\/wp-content\/uploads\/2023\/12\/Captura-de-tela-2023-12-06-110236-1.png?fit=1015%2C674&ssl=1&resize=700%2C400 2x"},"classes":[]},{"id":54066,"url":"https:\/\/ismaelcolosi.com.br\/index.php\/2024\/06\/21\/50-vagas-de-emprego-para-trabalhar-de-casa-na-area-de-programacao-e-desenvolvimento-vagas-home-office-clique-em-candidatar-32\/","url_meta":{"origin":42141,"position":4},"title":"50 vagas de emprego para trabalhar de casa na \u00e1rea de Programa\u00e7\u00e3o e Desenvolvimento. Vagas Home Office, clique em candidatar","author":"ismaelcolosi.com.br","date":"21 de June de 2024","format":false,"excerpt":"Desenvolvedor(a) Full Stack .Net \u2013 Pleno \u2013 Home Office (Regi\u00e3o de Florian\u00f3polis) BDR Talentos Corporativos Remoto Programa\u00e7\u00e3o Publicado h\u00e1 1 semana Candidatar Desenvolvedor Web Pleno \u2013 PHP GPM Solu\u00e7\u00f5es e sistemas Remoto Programa\u00e7\u00e3o Publicado h\u00e1 1 m\u00eas Candidatar DEV JAVA S\u00caNIOR (100% REMOTO) NAVA | Technology for Business Brasil Programa\u00e7\u00e3o\u2026","rel":"","context":"In &quot;Vagas de Emprego Remoto - Home Office&quot;","block_context":{"text":"Vagas de Emprego Remoto - Home Office","link":"https:\/\/ismaelcolosi.com.br\/index.php\/category\/empregos-classificados-vagas-trabalho\/vagas-de-empregos-em-ribeirao-preto-regiao-brasil\/vagas-de-emprego-para-trabalhar-de-casa-home-office-remoto\/"},"img":{"alt_text":"BDR Talentos Corporativos","src":"https:\/\/i0.wp.com\/vagasremotas.com.br\/wp-content\/uploads\/job-manager-uploads\/company_logo\/2024\/06\/PERFIL-150x150.png?resize=350%2C200&ssl=1","width":350,"height":200},"classes":[]},{"id":31133,"url":"https:\/\/ismaelcolosi.com.br\/index.php\/2024\/01\/21\/10-nomes-femininos-mais-buscados-em-2023-lista-10\/","url_meta":{"origin":42141,"position":5},"title":"10 nomes femininos mais buscados em 2023 \u2013 Lista 10","author":"ismaelcolosi.com.br","date":"21 de January de 2024","format":false,"excerpt":"H\u00e1 v\u00e1rias tend\u00eancias bem diferentes, desde os nomes mais tradicionais, como Alice, Beatriz e Laura, at\u00e9 os mais incomuns, como Hadassa. Outra caracter\u00edstica deste ano \u00e9 a prefer\u00eancia por nomes simples e b\u00edblicos, como Rebeca e Elisa. Confira agora 10 nomes femininos mais buscados em 2023.10. ALICEAlice \u00e9 um nome\u2026","rel":"","context":"In &quot;Blog&quot;","block_context":{"text":"Blog","link":"https:\/\/ismaelcolosi.com.br\/index.php\/category\/blog\/"},"img":{"alt_text":"","src":"https:\/\/i0.wp.com\/ismaelcolosi.com.br\/wp-content\/uploads\/2024\/01\/nomes-de-bebes-femininos-bebeteca.jpg?fit=700%2C466&ssl=1&resize=350%2C200","width":350,"height":200,"srcset":"https:\/\/i0.wp.com\/ismaelcolosi.com.br\/wp-content\/uploads\/2024\/01\/nomes-de-bebes-femininos-bebeteca.jpg?fit=700%2C466&ssl=1&resize=350%2C200 1x, https:\/\/i0.wp.com\/ismaelcolosi.com.br\/wp-content\/uploads\/2024\/01\/nomes-de-bebes-femininos-bebeteca.jpg?fit=700%2C466&ssl=1&resize=525%2C300 1.5x, https:\/\/i0.wp.com\/ismaelcolosi.com.br\/wp-content\/uploads\/2024\/01\/nomes-de-bebes-femininos-bebeteca.jpg?fit=700%2C466&ssl=1&resize=700%2C400 2x"},"classes":[]}],"jetpack_sharing_enabled":true,"jetpack_shortlink":"https:\/\/wp.me\/pfMlyK-aXH","_links":{"self":[{"href":"https:\/\/ismaelcolosi.com.br\/index.php\/wp-json\/wp\/v2\/posts\/42141","targetHints":{"allow":["GET"]}}],"collection":[{"href":"https:\/\/ismaelcolosi.com.br\/index.php\/wp-json\/wp\/v2\/posts"}],"about":[{"href":"https:\/\/ismaelcolosi.com.br\/index.php\/wp-json\/wp\/v2\/types\/post"}],"author":[{"embeddable":true,"href":"https:\/\/ismaelcolosi.com.br\/index.php\/wp-json\/wp\/v2\/users\/1"}],"replies":[{"embeddable":true,"href":"https:\/\/ismaelcolosi.com.br\/index.php\/wp-json\/wp\/v2\/comments?post=42141"}],"version-history":[{"count":0,"href":"https:\/\/ismaelcolosi.com.br\/index.php\/wp-json\/wp\/v2\/posts\/42141\/revisions"}],"wp:featuredmedia":[{"embeddable":true,"href":"https:\/\/ismaelcolosi.com.br\/index.php\/wp-json\/wp\/v2\/media\/42142"}],"wp:attachment":[{"href":"https:\/\/ismaelcolosi.com.br\/index.php\/wp-json\/wp\/v2\/media?parent=42141"}],"wp:term":[{"taxonomy":"category","embeddable":true,"href":"https:\/\/ismaelcolosi.com.br\/index.php\/wp-json\/wp\/v2\/categories?post=42141"},{"taxonomy":"post_tag","embeddable":true,"href":"https:\/\/ismaelcolosi.com.br\/index.php\/wp-json\/wp\/v2\/tags?post=42141"}],"curies":[{"name":"wp","href":"https:\/\/api.w.org\/{rel}","templated":true}]}}