{"id":42082,"date":"2024-03-12T19:13:20","date_gmt":"2024-03-12T22:13:20","guid":{"rendered":"https:\/\/ismaelcolosi.com.br\/index.php\/2024\/03\/12\/onda-de-calor-faz-temperatura-se-aproximar-dos-40oc-no-interior-de-sp-veja-como-se-proteger\/"},"modified":"2024-03-12T19:13:20","modified_gmt":"2024-03-12T22:13:20","slug":"onda-de-calor-faz-temperatura-se-aproximar-dos-40oc-no-interior-de-sp-veja-como-se-proteger","status":"publish","type":"post","link":"https:\/\/ismaelcolosi.com.br\/index.php\/2024\/03\/12\/onda-de-calor-faz-temperatura-se-aproximar-dos-40oc-no-interior-de-sp-veja-como-se-proteger\/","title":{"rendered":"Onda de calor faz temperatura se aproximar dos 40\u00baC no interior de SP; Veja como se proteger"},"content":{"rendered":"<p> <br \/>\n<\/p>\n<div>\n<p>Uma nova <strong>onda de calor<\/strong> come\u00e7ou a afetar os estados do estados do <strong>Sul<\/strong>, <strong>Centro-Oeste<\/strong> e o <strong>Sudeste <\/strong>do <strong>Brasil<\/strong>, nesta segunda-feira (11).<\/p>\n<p>De acordo com a plataforma<a href=\"https:\/\/metsul.com\/onda-de-calor-de-fim-de-verao-trara-maximas-ate-10oc-acima-do-normal\/\" target=\"_blank\" rel=\"noreferrer noopener\"> MetSul Meteorologia<\/a>, os \u00faltimos dias do ver\u00e3o ser\u00e3o de <strong>temperatura muito acima da m\u00e9dia<\/strong> em parte do pa\u00eds, com os term\u00f4metros chegando em at\u00e9 <strong>10\u00baC acima do normal<\/strong> \u2013 vale lembrar que o ver\u00e3o termina no dia 20 de mar\u00e7o.<\/p>\n<h3 class=\"wp-block-heading\"><strong>Interior de S\u00e3o Paulo<\/strong><\/h3>\n<p>No <strong>interior de S\u00e3o Paulo<\/strong>, a temperatura se eleva <strong>gradualmente nos pr\u00f3ximos dias<\/strong> e partir desta quarta-feira (13), <strong><mark style=\"background-color:#fcb900\" class=\"has-inline-color\">os term\u00f4metros podem se aproximar dos 40\u00baC.<\/mark><\/strong><\/p>\n<p>O <strong>Instituto Nacional de Meteorologia (Inmet)<\/strong> chegou a emitir um <strong>alerta de perigo<\/strong> para <strong>onda de calor <\/strong>no interior do estado, <strong>at\u00e9 \u00e0s 18h de sexta-feira (15)<\/strong>.<\/p>\n<p>\u00a0O comunicado \u00e9 classificado na <strong>cor laranja<\/strong> e ocupa o <strong>segundo lugar<\/strong> em uma escala de <strong>at\u00e9 tr\u00eas n\u00edveis<\/strong>. <a href=\"https:\/\/metsul.com\/onda-de-calor-de-fim-de-verao-trara-maximas-ate-10oc-acima-do-normal\/\" target=\"_blank\" rel=\"noreferrer noopener\">Clique aqui e veja a lista das cidades com alerta de perigo no interior de SP.<\/a><\/p>\n<h4 class=\"wp-block-heading\"><strong>E Ribeir\u00e3o Preto?<\/strong><\/h4>\n<p><strong>Ribeir\u00e3o Preto<\/strong> \u00e9 uma das cidades que est\u00e1 no alerta do Inmet. Al\u00e9m disso, a <strong>Defesa Civil<\/strong> do munic\u00edpio <mark style=\"background-color:#fcb900\" class=\"has-inline-color\">tamb\u00e9m emitiu um alerta sobre a situa\u00e7\u00e3o no munic\u00edpio.<\/mark><\/p>\n<p>As<strong> temperaturas na cidade poder\u00e3o atingir 37\u00b0C<\/strong>, por\u00e9m, pode ocorrer o <strong>aumento na sensa\u00e7\u00e3o t\u00e9rmica<\/strong> e causando riscos \u00e0 popula\u00e7\u00e3o que precisar\u00e1 cuidados preventivos.<\/p>\n<p>Segundo a <strong>Prefeitura de Ribeir\u00e3o Preto<\/strong>, a <strong>Defesa Civil<\/strong> e o <strong>Corpo de Bombeiros<\/strong> estar\u00e3o com equipe de prontid\u00e3o para atender poss\u00edveis focos de inc\u00eandio, j\u00e1 que a <strong>combina\u00e7\u00e3o do tempo seco e rajadas de ventos aumentam as chances de inc\u00eandios em \u00e1reas de vegeta\u00e7\u00e3o urbana e rural.<\/strong><\/p>\n<h3 class=\"wp-block-heading\"><strong>Como se proteger da onda de calor?<\/strong><\/h3>\n<p>Neste per\u00edodo de <strong>onda de calor<\/strong>, a umidade do ar fica muito baixa, principalmente no per\u00edodo da tarde, deixando o tempo mais seco. Por esse motivo, <strong>\u00e9 importante aumentar o consumo de \u00e1gua durante o dia<\/strong>, principalmente por crian\u00e7as e idosos, j\u00e1 que a<strong> hidrata\u00e7\u00e3o \u00e9 fundamental para a sa\u00fade<\/strong>.<\/p>\n<p>Outra orienta\u00e7\u00e3o da <strong>Defesa Civil<\/strong> \u00e9 de que a popula\u00e7\u00e3o <strong>evite realizar atividades f\u00edsicas externas no per\u00edodo das 11h \u00e0s 17h<\/strong>, evitando o choque de calor.<\/p>\n<p>Tamb\u00e9m \u00e9 indicado que as pessoas usem roupas leves, prefiram uma alimenta\u00e7\u00e3o com frutas e verduras, umidifiquem ambientes fechados e fa\u00e7am o uso do protetor solar.<\/p>\n<figure class=\"wp-block-pullquote\">\n<blockquote>\n<p>Sempre que poss\u00edvel, tamb\u00e9m \u00e9 recomend\u00e1vel utilizar soro fisiol\u00f3gico nas vias a\u00e9reas para diminui\u00e7\u00e3o do inc\u00f4modo respirat\u00f3rio<\/p>\n<p><cite>Defesa Civil de Ribeir\u00e3o Preto<\/cite><\/p><\/blockquote>\n<\/figure>\n<hr class=\"wp-block-separator has-alpha-channel-opacity\"\/>\n<p>SAIBA MAIS<\/p>\n<p>Com onda de calor, interior de SP ainda pode ter chuva; Veja previs\u00e3o para 5 dias em Ribeir\u00e3o<\/p>\n<h4 class=\"wp-block-heading\"><strong><mark style=\"background-color:#fcb900\" class=\"has-inline-color\">FIQUE ON<\/mark><\/strong><\/h4>\n<p>Fique ligado em tudo que acontece em Ribeir\u00e3o Preto e regi\u00e3o. Siga os perfis do\u00a0<strong>acidade on<\/strong>\u00a0no<a href=\"https:\/\/www.instagram.com\/acidadeonribeirao\" target=\"_blank\" rel=\"noreferrer noopener\">\u00a0Instagram<\/a>\u00a0e no\u00a0<a href=\"https:\/\/www.facebook.com\/acidadeonribeirao\" target=\"_blank\" rel=\"noreferrer noopener\">Facebook<\/a>.<\/p>\n<p>Receba not\u00edcias do\u00a0<strong>acidade on\u00a0<\/strong>no WhatsApp.\u00a0<a href=\"https:\/\/chat.whatsapp.com\/Bnv2w66ZT4VDyZW3oiZ69n\" target=\"_blank\" rel=\"noreferrer noopener\">Para entrar no grupo, basta clicar aqui.<\/a><\/p>\n<p>Fa\u00e7a uma den\u00fancia ou sugira uma reportagem sobre Ribeir\u00e3o Preto e regi\u00e3o pelo WhatsApp: 16 99117 7802.<\/p>\n<p>VEJA TAMB\u00c9M<\/p>\n<p>Que novela vai passar depois de \u201cPara\u00edso Tropical\u201d?<\/p>\n<p><!-- AI CONTENT END 1 -->\n<\/div>\n<p><script async src=\"\/\/www.instagram.com\/embed.js\"><\/script><br \/>\n<br \/><br \/>\n<br \/><a href=\"https:\/\/www.acidadeon.com\/ribeiraopreto\/cotidiano\/onda-de-calor-faz-temperatura-se-aproximar-dos-40oc-no-interior-de-sp-veja-como-se-proteger\/\">Source link <\/a><\/p>\n<div class='code-block code-block-4' style='margin: 8px auto 8px 0; text-align: left; display: block; clear: both;'>\n\ud83d\udce2 Aviso Legal\n\nO site ismaelcolosi.com.br atua apenas como um canal de divulga\u00e7\u00e3o de oportunidades de emprego e n\u00e3o se responsabiliza pelo processo seletivo, contrata\u00e7\u00e3o ou qualquer outra etapa relacionada \u00e0s vagas publicadas. Todas as informa\u00e7\u00f5es s\u00e3o de responsabilidade dos anunciantes.\n\n\u26a0\ufe0f Aten\u00e7\u00e3o! Nunca pague por promessas de emprego nem compre cursos que garantam contrata\u00e7\u00e3o. Desconfie de qualquer cobran\u00e7a para participar de sele\u00e7\u00f5es.\n\n\n\n<\/div>\n<!-- CONTENT END 1 -->\n","protected":false},"excerpt":{"rendered":"<p>Uma nova onda de calor come\u00e7ou a afetar os estados do estados do Sul, Centro-Oeste e o Sudeste do Brasil, nesta segunda-feira (11). De acordo&#8230;<\/p>\n","protected":false},"author":1,"featured_media":42083,"comment_status":"open","ping_status":"open","sticky":false,"template":"","format":"standard","meta":{"_uag_custom_page_level_css":"","advanced_seo_description":"","jetpack_seo_html_title":"","jetpack_seo_noindex":false,"jetpack_post_was_ever_published":false,"_jetpack_newsletter_access":"","_jetpack_dont_email_post_to_subs":false,"_jetpack_newsletter_tier_id":0,"_jetpack_memberships_contains_paywalled_content":false,"_jetpack_memberships_contains_paid_content":false,"footnotes":"","jetpack_publicize_message":"","jetpack_publicize_feature_enabled":true,"jetpack_social_post_already_shared":true,"jetpack_social_options":{"image_generator_settings":{"template":"highway","default_image_id":0,"font":"","enabled":false},"version":2}},"categories":[11],"tags":[],"class_list":["post-42082","post","type-post","status-publish","format-standard","has-post-thumbnail","hentry","category-noticias-de-ribeirao-preto-sp-e-regiao-ismael-colosi"],"jetpack_publicize_connections":[],"jetpack_featured_media_url":"https:\/\/i0.wp.com\/ismaelcolosi.com.br\/wp-content\/uploads\/2024\/03\/trbr5837.png?fit=1170%2C700&ssl=1","uagb_featured_image_src":{"full":["https:\/\/i0.wp.com\/ismaelcolosi.com.br\/wp-content\/uploads\/2024\/03\/trbr5837.png?fit=1170%2C700&ssl=1",1170,700,false],"thumbnail":["https:\/\/i0.wp.com\/ismaelcolosi.com.br\/wp-content\/uploads\/2024\/03\/trbr5837.png?resize=150%2C150&ssl=1",150,150,true],"medium":["https:\/\/i0.wp.com\/ismaelcolosi.com.br\/wp-content\/uploads\/2024\/03\/trbr5837.png?fit=300%2C179&ssl=1",300,179,true],"medium_large":["https:\/\/i0.wp.com\/ismaelcolosi.com.br\/wp-content\/uploads\/2024\/03\/trbr5837.png?fit=768%2C459&ssl=1",768,459,true],"large":["https:\/\/i0.wp.com\/ismaelcolosi.com.br\/wp-content\/uploads\/2024\/03\/trbr5837.png?fit=1024%2C613&ssl=1",1024,613,true],"1536x1536":["https:\/\/i0.wp.com\/ismaelcolosi.com.br\/wp-content\/uploads\/2024\/03\/trbr5837.png?fit=1170%2C700&ssl=1",1170,700,true],"2048x2048":["https:\/\/i0.wp.com\/ismaelcolosi.com.br\/wp-content\/uploads\/2024\/03\/trbr5837.png?fit=1170%2C700&ssl=1",1170,700,true],"really-simple-thumb":["https:\/\/i0.wp.com\/ismaelcolosi.com.br\/wp-content\/uploads\/2024\/03\/trbr5837.png?resize=370%2C247&ssl=1",370,247,true]},"uagb_author_info":{"display_name":"ismaelcolosi.com.br","author_link":"https:\/\/ismaelcolosi.com.br\/index.php\/author\/vidareal-online\/"},"uagb_comment_info":0,"uagb_excerpt":"Uma nova onda de calor come\u00e7ou a afetar os estados do estados do Sul, Centro-Oeste e o Sudeste do Brasil, nesta segunda-feira (11). De acordo...","jetpack-related-posts":[{"id":1724,"url":"https:\/\/ismaelcolosi.com.br\/index.php\/2023\/11\/13\/veja-ate-quando-deve-ir-a-onda-de-calor-no-interior-de-sp\/","url_meta":{"origin":42082,"position":0},"title":"Veja at\u00e9 quando deve ir a onda de calor no interior de SP","author":"ismaelcolosi.com.br","date":"13 de November de 2023","format":false,"excerpt":"O alerta do Inmet (Instituto Nacional de Meteorologia) aponta que a onda de calor que atinge o interior de S\u00e3o Paulo deve durar, pelo menos, at\u00e9 sexta-feira (17). Os meteorologistas informam que as altas temperaturas devem ficar mais intensas durante o feriado de Proclama\u00e7\u00e3o da Rep\u00fablica, comemorado no dia 15\u2026","rel":"","context":"In &quot;Not\u00edcias de Ribeir\u00e3o Preto-SP e Regi\u00e3o&quot;","block_context":{"text":"Not\u00edcias de Ribeir\u00e3o Preto-SP e Regi\u00e3o","link":"https:\/\/ismaelcolosi.com.br\/index.php\/category\/noticias-de-ribeirao-preto-sp-e-regiao-ismael-colosi\/"},"img":{"alt_text":"","src":"https:\/\/i0.wp.com\/ismaelcolosi.com.br\/wp-content\/uploads\/2023\/11\/WhatsApp-Image-2023-11-11-at-15.50.55.jpeg?fit=1200%2C675&ssl=1&resize=350%2C200","width":350,"height":200,"srcset":"https:\/\/i0.wp.com\/ismaelcolosi.com.br\/wp-content\/uploads\/2023\/11\/WhatsApp-Image-2023-11-11-at-15.50.55.jpeg?fit=1200%2C675&ssl=1&resize=350%2C200 1x, https:\/\/i0.wp.com\/ismaelcolosi.com.br\/wp-content\/uploads\/2023\/11\/WhatsApp-Image-2023-11-11-at-15.50.55.jpeg?fit=1200%2C675&ssl=1&resize=525%2C300 1.5x, https:\/\/i0.wp.com\/ismaelcolosi.com.br\/wp-content\/uploads\/2023\/11\/WhatsApp-Image-2023-11-11-at-15.50.55.jpeg?fit=1200%2C675&ssl=1&resize=700%2C400 2x, https:\/\/i0.wp.com\/ismaelcolosi.com.br\/wp-content\/uploads\/2023\/11\/WhatsApp-Image-2023-11-11-at-15.50.55.jpeg?fit=1200%2C675&ssl=1&resize=1050%2C600 3x"},"classes":[]},{"id":42504,"url":"https:\/\/ismaelcolosi.com.br\/index.php\/2024\/03\/14\/temperatura-vai-disparar-em-rp\/","url_meta":{"origin":42082,"position":1},"title":"Temperatura vai disparar em RP \u00a0","author":"ismaelcolosi.com.br","date":"14 de March de 2024","format":false,"excerpt":"Um aviso do Instituto Nacional de Meteorologia (Inmet), emitido na segunda-feira, 11 de mar\u00e7o, alerta para uma onda de calor com temperaturas pr\u00f3ximas de 40 graus Celsius em grande parte do Mato Grosso do Sul, centro-oeste do estado de S\u00e3o Paulo, e nos estados de Paran\u00e1, Santa Catarina e Rio\u2026","rel":"","context":"In &quot;Not\u00edcias de Ribeir\u00e3o Preto-SP e Regi\u00e3o&quot;","block_context":{"text":"Not\u00edcias de Ribeir\u00e3o Preto-SP e Regi\u00e3o","link":"https:\/\/ismaelcolosi.com.br\/index.php\/category\/noticias-de-ribeirao-preto-sp-e-regiao-ismael-colosi\/"},"img":{"alt_text":"","src":"https:\/\/i0.wp.com\/ismaelcolosi.com.br\/wp-content\/uploads\/2024\/03\/ChuvaRP-Alfredo-Risk-00.jpg?fit=369%2C645&ssl=1&resize=350%2C200","width":350,"height":200},"classes":[]},{"id":60297,"url":"https:\/\/ismaelcolosi.com.br\/index.php\/2024\/08\/15\/onda-de-calor-temperaturas-podem-chegar-aos-38c-no-interior-de-sp\/","url_meta":{"origin":42082,"position":2},"title":"Onda de calor? Temperaturas podem chegar aos 38\u00b0C no interior de SP","author":"ismaelcolosi.com.br","date":"15 de August de 2024","format":false,"excerpt":"O frio foi embora e, com isso, uma onda de calor deve se intensificar no interior de S\u00e3o Paulo nos pr\u00f3ximos dias. Segundo a Climatempo, as temperaturas podem chegar aos 38\u00b0C em Ribeir\u00e3o Preto. Os meteorologistas apontam que a onda de calor \u00e9 motivada por uma nova massa de ar\u2026","rel":"","context":"In &quot;Not\u00edcias de Ribeir\u00e3o Preto-SP e Regi\u00e3o&quot;","block_context":{"text":"Not\u00edcias de Ribeir\u00e3o Preto-SP e Regi\u00e3o","link":"https:\/\/ismaelcolosi.com.br\/index.php\/category\/noticias-de-ribeirao-preto-sp-e-regiao-ismael-colosi\/"},"img":{"alt_text":"","src":"https:\/\/i0.wp.com\/ismaelcolosi.com.br\/wp-content\/uploads\/2024\/08\/onda-de-calor_2024-08-15_13-54-42_jpeg_2024-08-15_13-54-42.webp.webp?fit=1200%2C675&ssl=1&resize=350%2C200","width":350,"height":200,"srcset":"https:\/\/i0.wp.com\/ismaelcolosi.com.br\/wp-content\/uploads\/2024\/08\/onda-de-calor_2024-08-15_13-54-42_jpeg_2024-08-15_13-54-42.webp.webp?fit=1200%2C675&ssl=1&resize=350%2C200 1x, https:\/\/i0.wp.com\/ismaelcolosi.com.br\/wp-content\/uploads\/2024\/08\/onda-de-calor_2024-08-15_13-54-42_jpeg_2024-08-15_13-54-42.webp.webp?fit=1200%2C675&ssl=1&resize=525%2C300 1.5x, https:\/\/i0.wp.com\/ismaelcolosi.com.br\/wp-content\/uploads\/2024\/08\/onda-de-calor_2024-08-15_13-54-42_jpeg_2024-08-15_13-54-42.webp.webp?fit=1200%2C675&ssl=1&resize=700%2C400 2x, https:\/\/i0.wp.com\/ismaelcolosi.com.br\/wp-content\/uploads\/2024\/08\/onda-de-calor_2024-08-15_13-54-42_jpeg_2024-08-15_13-54-42.webp.webp?fit=1200%2C675&ssl=1&resize=1050%2C600 3x"},"classes":[]},{"id":63102,"url":"https:\/\/ismaelcolosi.com.br\/index.php\/2024\/08\/30\/forte-frente-fria-tem-data-para-chegar-ao-pais-veja-previsao-para-setembro\/","url_meta":{"origin":42082,"position":3},"title":"Forte frente fria tem data para chegar ao pa\u00eds; Veja previs\u00e3o para setembro","author":"ismaelcolosi.com.br","date":"30 de August de 2024","format":false,"excerpt":"Apesar de uma nova massa de ar quente e seco se estabelecer sobre o Brasil no decorrer da pr\u00f3xima semana, a primeira forte frente fria de setembro j\u00e1 tem data para chegar ao pa\u00eds, de acordo com os meteorologistas. De acordo com a Climatempo, a expectativa \u00e9 de que um\u2026","rel":"","context":"In &quot;Not\u00edcias de Ribeir\u00e3o Preto-SP e Regi\u00e3o&quot;","block_context":{"text":"Not\u00edcias de Ribeir\u00e3o Preto-SP e Regi\u00e3o","link":"https:\/\/ismaelcolosi.com.br\/index.php\/category\/noticias-de-ribeirao-preto-sp-e-regiao-ismael-colosi\/"},"img":{"alt_text":"","src":"https:\/\/i0.wp.com\/ismaelcolosi.com.br\/wp-content\/uploads\/2024\/08\/1725059994_frio_luva_1200x675_16042022092951.jpg?fit=1200%2C675&ssl=1&resize=350%2C200","width":350,"height":200,"srcset":"https:\/\/i0.wp.com\/ismaelcolosi.com.br\/wp-content\/uploads\/2024\/08\/1725059994_frio_luva_1200x675_16042022092951.jpg?fit=1200%2C675&ssl=1&resize=350%2C200 1x, https:\/\/i0.wp.com\/ismaelcolosi.com.br\/wp-content\/uploads\/2024\/08\/1725059994_frio_luva_1200x675_16042022092951.jpg?fit=1200%2C675&ssl=1&resize=525%2C300 1.5x, https:\/\/i0.wp.com\/ismaelcolosi.com.br\/wp-content\/uploads\/2024\/08\/1725059994_frio_luva_1200x675_16042022092951.jpg?fit=1200%2C675&ssl=1&resize=700%2C400 2x, https:\/\/i0.wp.com\/ismaelcolosi.com.br\/wp-content\/uploads\/2024\/08\/1725059994_frio_luva_1200x675_16042022092951.jpg?fit=1200%2C675&ssl=1&resize=1050%2C600 3x"},"classes":[]},{"id":43141,"url":"https:\/\/ismaelcolosi.com.br\/index.php\/2024\/03\/19\/calor-dara-tregua-no-outono\/","url_meta":{"origin":42082,"position":4},"title":"Calor dar\u00e1 tr\u00e9gua\u00a0no outono &#8211; Jornal Tribuna Ribeir\u00e3o","author":"ismaelcolosi.com.br","date":"19 de March de 2024","format":false,"excerpt":"19 de mar\u00e7o de 2024 | 14:0019 de mar\u00e7o de 2024 | 9:42 0A onda de calor que elevou a temperatura em Ribeir\u00e3o Preto nos \u00faltimos dias deve dar uma tr\u00e9gua a partir de sexta-feira, 22 de mar\u00e7o, mas neste final de ver\u00e3o e in\u00edcio de outono \u2013 come\u00e7a nesta\u2026","rel":"","context":"In &quot;Not\u00edcias de Ribeir\u00e3o Preto-SP e Regi\u00e3o&quot;","block_context":{"text":"Not\u00edcias de Ribeir\u00e3o Preto-SP e Regi\u00e3o","link":"https:\/\/ismaelcolosi.com.br\/index.php\/category\/noticias-de-ribeirao-preto-sp-e-regiao-ismael-colosi\/"},"img":{"alt_text":"","src":"https:\/\/i0.wp.com\/ismaelcolosi.com.br\/wp-content\/uploads\/2024\/03\/ChuvaRP-Divulgacao-01-scaled.jpg?fit=967%2C645&ssl=1&resize=350%2C200","width":350,"height":200,"srcset":"https:\/\/i0.wp.com\/ismaelcolosi.com.br\/wp-content\/uploads\/2024\/03\/ChuvaRP-Divulgacao-01-scaled.jpg?fit=967%2C645&ssl=1&resize=350%2C200 1x, https:\/\/i0.wp.com\/ismaelcolosi.com.br\/wp-content\/uploads\/2024\/03\/ChuvaRP-Divulgacao-01-scaled.jpg?fit=967%2C645&ssl=1&resize=525%2C300 1.5x, https:\/\/i0.wp.com\/ismaelcolosi.com.br\/wp-content\/uploads\/2024\/03\/ChuvaRP-Divulgacao-01-scaled.jpg?fit=967%2C645&ssl=1&resize=700%2C400 2x"},"classes":[]},{"id":68401,"url":"https:\/\/ismaelcolosi.com.br\/index.php\/2024\/09\/29\/interior-de-sp-tem-alerta-para-nova-onda-de-calor-veja-previsao\/","url_meta":{"origin":42082,"position":5},"title":"Interior de SP tem alerta para nova onda de calor; Veja previs\u00e3o","author":"ismaelcolosi.com.br","date":"29 de September de 2024","format":false,"excerpt":"O ar quente e seco volta a ganhar for\u00e7a no interior de S\u00e3o Paulo a partir deste domingo (29), dando in\u00edcio a oitava onda de calor na regi\u00e3o, de acordo com a Climatempo. Conforme a previs\u00e3o do servi\u00e7o de meteorologia, nos pr\u00f3ximos dias podemos esperar qualidade do ar comprometida, potencial\u2026","rel":"","context":"In &quot;Not\u00edcias de Ribeir\u00e3o Preto-SP e Regi\u00e3o&quot;","block_context":{"text":"Not\u00edcias de Ribeir\u00e3o Preto-SP e Regi\u00e3o","link":"https:\/\/ismaelcolosi.com.br\/index.php\/category\/noticias-de-ribeirao-preto-sp-e-regiao-ismael-colosi\/"},"img":{"alt_text":"","src":"https:\/\/i0.wp.com\/ismaelcolosi.com.br\/wp-content\/uploads\/2024\/09\/20230916_171444.jpg?fit=1200%2C716&ssl=1&resize=350%2C200","width":350,"height":200,"srcset":"https:\/\/i0.wp.com\/ismaelcolosi.com.br\/wp-content\/uploads\/2024\/09\/20230916_171444.jpg?fit=1200%2C716&ssl=1&resize=350%2C200 1x, https:\/\/i0.wp.com\/ismaelcolosi.com.br\/wp-content\/uploads\/2024\/09\/20230916_171444.jpg?fit=1200%2C716&ssl=1&resize=525%2C300 1.5x, https:\/\/i0.wp.com\/ismaelcolosi.com.br\/wp-content\/uploads\/2024\/09\/20230916_171444.jpg?fit=1200%2C716&ssl=1&resize=700%2C400 2x, https:\/\/i0.wp.com\/ismaelcolosi.com.br\/wp-content\/uploads\/2024\/09\/20230916_171444.jpg?fit=1200%2C716&ssl=1&resize=1050%2C600 3x"},"classes":[]}],"jetpack_sharing_enabled":true,"jetpack_shortlink":"https:\/\/wp.me\/pfMlyK-aWK","_links":{"self":[{"href":"https:\/\/ismaelcolosi.com.br\/index.php\/wp-json\/wp\/v2\/posts\/42082","targetHints":{"allow":["GET"]}}],"collection":[{"href":"https:\/\/ismaelcolosi.com.br\/index.php\/wp-json\/wp\/v2\/posts"}],"about":[{"href":"https:\/\/ismaelcolosi.com.br\/index.php\/wp-json\/wp\/v2\/types\/post"}],"author":[{"embeddable":true,"href":"https:\/\/ismaelcolosi.com.br\/index.php\/wp-json\/wp\/v2\/users\/1"}],"replies":[{"embeddable":true,"href":"https:\/\/ismaelcolosi.com.br\/index.php\/wp-json\/wp\/v2\/comments?post=42082"}],"version-history":[{"count":0,"href":"https:\/\/ismaelcolosi.com.br\/index.php\/wp-json\/wp\/v2\/posts\/42082\/revisions"}],"wp:featuredmedia":[{"embeddable":true,"href":"https:\/\/ismaelcolosi.com.br\/index.php\/wp-json\/wp\/v2\/media\/42083"}],"wp:attachment":[{"href":"https:\/\/ismaelcolosi.com.br\/index.php\/wp-json\/wp\/v2\/media?parent=42082"}],"wp:term":[{"taxonomy":"category","embeddable":true,"href":"https:\/\/ismaelcolosi.com.br\/index.php\/wp-json\/wp\/v2\/categories?post=42082"},{"taxonomy":"post_tag","embeddable":true,"href":"https:\/\/ismaelcolosi.com.br\/index.php\/wp-json\/wp\/v2\/tags?post=42082"}],"curies":[{"name":"wp","href":"https:\/\/api.w.org\/{rel}","templated":true}]}}