{"id":42037,"date":"2024-03-12T16:39:35","date_gmt":"2024-03-12T19:39:35","guid":{"rendered":"https:\/\/ismaelcolosi.com.br\/index.php\/2024\/03\/12\/exposicao-reune-carros-antigos-na-regiao-de-ribeirao-preto\/"},"modified":"2024-03-12T16:39:35","modified_gmt":"2024-03-12T19:39:35","slug":"exposicao-reune-carros-antigos-na-regiao-de-ribeirao-preto","status":"publish","type":"post","link":"https:\/\/ismaelcolosi.com.br\/index.php\/2024\/03\/12\/exposicao-reune-carros-antigos-na-regiao-de-ribeirao-preto\/","title":{"rendered":"Exposi\u00e7\u00e3o re\u00fane carros antigos na regi\u00e3o de Ribeir\u00e3o Preto"},"content":{"rendered":"<p> <br \/>\n<\/p>\n<div data-td-block-uid=\"tdi_101\">\n<div class=\"tdb-block-inner td-fix-index\">\n<p>O <strong>5\u00ba Encontro de Antigomobilismo<\/strong> acontece no pr\u00f3ximo <strong>domingo<\/strong> (17) em <strong>Batatais<\/strong>, cidade a 44 quil\u00f4metros de Ribeir\u00e3o Preto. O <strong>evento<\/strong> faz parte da <span style=\"background-color:#f7cc62\" class=\"td_text_highlight_marker\"><mark style=\"background-color:rgba(0, 0, 0, 0)\" class=\"has-inline-color has-black-color\">programa\u00e7\u00e3o do anivers\u00e1rio dos 185 anos de Batatais<\/mark><\/span>, comemorado em 14 de mar\u00e7o.\u00a0<\/p>\n<p>De acordo com o <strong>diretor de patrim\u00f4nio da ABA<\/strong> (Associa\u00e7\u00e3o Batataense de Antigomobilismo) Luis Ant\u00f4nio Fourniol Cury, a <strong>exposi\u00e7\u00e3o \u00e9 tradicional na cidade<\/strong> e reuniu no ano passado <strong>cerca de 3 mil pessoas<\/strong>, entre expositores e visitantes (<strong>veja fotos abaixo<\/strong>). <\/p><div class='code-block code-block-8' style='margin: 8px auto; text-align: center; display: block; clear: both;'>\n<script>\n  atOptions = {\n    'key' : '66e2e2111ca34da796271819fc334058',\n    'format' : 'iframe',\n    'height' : 250,\n    'width' : 300,\n    'params' : {}\n  };\n<\/script>\n<script src=\"https:\/\/www.highperformanceformat.com\/66e2e2111ca34da796271819fc334058\/invoke.js\"><\/script>\n<\/div>\n\n<p>O evento ser\u00e1 das <strong>7h \u00e0s 17h<\/strong>, no entorno do <strong>lago artificial<\/strong> Oph\u00e9lia Borges Silva Alves, na <strong>\u00e1rea Central<\/strong> da cidade. A <strong>entrada \u00e9 de gra\u00e7a<\/strong>.<\/p>\n<h4 class=\"wp-block-heading\"><strong>Confira como ser um expositor<\/strong><\/h4>\n<p>Para quem<strong> tiver interesse <\/strong>em <strong>expor<\/strong> \u00e9 necess\u00e1rio que o <strong>ve\u00edculo<\/strong> tenha <strong>mais de 30 anos de fabrica\u00e7\u00e3o<\/strong> e que <strong>esteja em bom estado de conserva\u00e7\u00e3o<\/strong>.<\/p>\n<p>A<strong> inscri\u00e7\u00e3o<\/strong> como expositor <strong>pode ser feita no local<\/strong> do evento e ser\u00e1<strong> cobrada uma taxa de R$ 10 ou dois quilos de alimentos<\/strong>. Todo o valor arrecadado ser\u00e1 revertido para a Associa\u00e7\u00e3o Paula Carina de Apoio a Pessoas com C\u00e2ncer.<\/p>\n<p>Os <strong>250 primeiros expositores<\/strong> inscritos <strong>receber\u00e3o<\/strong> um <strong>trof\u00e9u<\/strong> de <strong>participa\u00e7\u00e3o<\/strong>.<\/p>\n<h4 class=\"wp-block-heading\"><strong>Servi\u00e7o:<\/strong><\/h4>\n<p>5\u00ba Encontro de Antigomobilismo \u2013 Exposi\u00e7\u00e3o de Carros Antigos<br \/>Local: Entorno do Lago Artificial \u2018Oph\u00e9lia Borges Silva Alves\u2019<br \/>Hor\u00e1rio: das 7h \u00e0s 17h<br \/>Realiza\u00e7\u00e3o: ABA (Associa\u00e7\u00e3o Batataense de Antigomobilismo) com apoio da Secretaria de Cultura e Turismo.<\/p>\n<h4 class=\"wp-block-heading\"><strong>Veja fotos do encontro em 2023<\/strong><\/h4>\n<figure class=\"wp-block-gallery has-nested-images columns-default is-cropped wp-block-gallery-1 is-layout-flex\">\n<figure class=\"wp-block-image size-large\"><img data-recalc-dims=\"1\" loading=\"lazy\" decoding=\"async\" width=\"1024\" height=\"768\" data-id=\"73231\" src=\"https:\/\/i0.wp.com\/www.acidadeon.com\/ribeiraopreto\/wp-content\/uploads\/sites\/3\/2024\/03\/WhatsApp-Image-2024-03-12-at-13.18.22-1.jpeg?resize=1024%2C768&#038;ssl=1\" alt=\"\" class=\"wp-image-73231\" srcset=\"https:\/\/www.acidadeon.com\/ribeiraopreto\/wp-content\/uploads\/sites\/3\/2024\/03\/WhatsApp-Image-2024-03-12-at-13.18.22-1.jpeg 1024w, https:\/\/www.acidadeon.com\/ribeiraopreto\/wp-content\/uploads\/sites\/3\/2024\/03\/WhatsApp-Image-2024-03-12-at-13.18.22-1-300x225.jpeg 300w, https:\/\/www.acidadeon.com\/ribeiraopreto\/wp-content\/uploads\/sites\/3\/2024\/03\/WhatsApp-Image-2024-03-12-at-13.18.22-1-768x576.jpeg 768w, https:\/\/www.acidadeon.com\/ribeiraopreto\/wp-content\/uploads\/sites\/3\/2024\/03\/WhatsApp-Image-2024-03-12-at-13.18.22-1-696x522.jpeg 696w\" sizes=\"auto, (max-width: 1024px) 100vw, 1024px\"\/><\/figure>\n<figure class=\"wp-block-image size-large\"><img data-recalc-dims=\"1\" decoding=\"async\" loading=\"lazy\" width=\"1024\" height=\"768\" data-id=\"73226\" src=\"https:\/\/i0.wp.com\/www.acidadeon.com\/ribeiraopreto\/wp-content\/uploads\/sites\/3\/2024\/03\/WhatsApp-Image-2024-03-12-at-13.18.23-7-1.jpeg?resize=1024%2C768&#038;ssl=1\" alt=\"\" class=\"wp-image-73226\" srcset=\"https:\/\/www.acidadeon.com\/ribeiraopreto\/wp-content\/uploads\/sites\/3\/2024\/03\/WhatsApp-Image-2024-03-12-at-13.18.23-7-1.jpeg 1024w, https:\/\/www.acidadeon.com\/ribeiraopreto\/wp-content\/uploads\/sites\/3\/2024\/03\/WhatsApp-Image-2024-03-12-at-13.18.23-7-1-300x225.jpeg 300w, https:\/\/www.acidadeon.com\/ribeiraopreto\/wp-content\/uploads\/sites\/3\/2024\/03\/WhatsApp-Image-2024-03-12-at-13.18.23-7-1-768x576.jpeg 768w, https:\/\/www.acidadeon.com\/ribeiraopreto\/wp-content\/uploads\/sites\/3\/2024\/03\/WhatsApp-Image-2024-03-12-at-13.18.23-7-1-696x522.jpeg 696w\" sizes=\"auto, (max-width: 1024px) 100vw, 1024px\"\/><\/figure>\n<figure class=\"wp-block-image size-large\"><img data-recalc-dims=\"1\" decoding=\"async\" loading=\"lazy\" width=\"1024\" height=\"768\" data-id=\"73228\" src=\"https:\/\/i0.wp.com\/www.acidadeon.com\/ribeiraopreto\/wp-content\/uploads\/sites\/3\/2024\/03\/WhatsApp-Image-2024-03-12-at-13.18.23-6-1.jpeg?resize=1024%2C768&#038;ssl=1\" alt=\"\" class=\"wp-image-73228\" srcset=\"https:\/\/www.acidadeon.com\/ribeiraopreto\/wp-content\/uploads\/sites\/3\/2024\/03\/WhatsApp-Image-2024-03-12-at-13.18.23-6-1.jpeg 1024w, https:\/\/www.acidadeon.com\/ribeiraopreto\/wp-content\/uploads\/sites\/3\/2024\/03\/WhatsApp-Image-2024-03-12-at-13.18.23-6-1-300x225.jpeg 300w, https:\/\/www.acidadeon.com\/ribeiraopreto\/wp-content\/uploads\/sites\/3\/2024\/03\/WhatsApp-Image-2024-03-12-at-13.18.23-6-1-768x576.jpeg 768w, https:\/\/www.acidadeon.com\/ribeiraopreto\/wp-content\/uploads\/sites\/3\/2024\/03\/WhatsApp-Image-2024-03-12-at-13.18.23-6-1-696x522.jpeg 696w\" sizes=\"auto, (max-width: 1024px) 100vw, 1024px\"\/><\/figure>\n<figure class=\"wp-block-image size-large\"><img data-recalc-dims=\"1\" decoding=\"async\" loading=\"lazy\" width=\"1024\" height=\"768\" data-id=\"73230\" src=\"https:\/\/i0.wp.com\/www.acidadeon.com\/ribeiraopreto\/wp-content\/uploads\/sites\/3\/2024\/03\/WhatsApp-Image-2024-03-12-at-13.18.23-5-1.jpeg?resize=1024%2C768&#038;ssl=1\" alt=\"\" class=\"wp-image-73230\" srcset=\"https:\/\/www.acidadeon.com\/ribeiraopreto\/wp-content\/uploads\/sites\/3\/2024\/03\/WhatsApp-Image-2024-03-12-at-13.18.23-5-1.jpeg 1024w, https:\/\/www.acidadeon.com\/ribeiraopreto\/wp-content\/uploads\/sites\/3\/2024\/03\/WhatsApp-Image-2024-03-12-at-13.18.23-5-1-300x225.jpeg 300w, https:\/\/www.acidadeon.com\/ribeiraopreto\/wp-content\/uploads\/sites\/3\/2024\/03\/WhatsApp-Image-2024-03-12-at-13.18.23-5-1-768x576.jpeg 768w, https:\/\/www.acidadeon.com\/ribeiraopreto\/wp-content\/uploads\/sites\/3\/2024\/03\/WhatsApp-Image-2024-03-12-at-13.18.23-5-1-696x522.jpeg 696w\" sizes=\"auto, (max-width: 1024px) 100vw, 1024px\"\/><\/figure>\n<figure class=\"wp-block-image size-large\"><img data-recalc-dims=\"1\" decoding=\"async\" loading=\"lazy\" width=\"1024\" height=\"462\" data-id=\"73229\" src=\"https:\/\/i0.wp.com\/www.acidadeon.com\/ribeiraopreto\/wp-content\/uploads\/sites\/3\/2024\/03\/WhatsApp-Image-2024-03-12-at-13.18.24-1-1024x462.jpeg?resize=1024%2C462&#038;ssl=1\" alt=\"\" class=\"wp-image-73229\" srcset=\"https:\/\/www.acidadeon.com\/ribeiraopreto\/wp-content\/uploads\/sites\/3\/2024\/03\/WhatsApp-Image-2024-03-12-at-13.18.24-1-1024x462.jpeg 1024w, https:\/\/www.acidadeon.com\/ribeiraopreto\/wp-content\/uploads\/sites\/3\/2024\/03\/WhatsApp-Image-2024-03-12-at-13.18.24-1-300x135.jpeg 300w, https:\/\/www.acidadeon.com\/ribeiraopreto\/wp-content\/uploads\/sites\/3\/2024\/03\/WhatsApp-Image-2024-03-12-at-13.18.24-1-768x346.jpeg 768w, https:\/\/www.acidadeon.com\/ribeiraopreto\/wp-content\/uploads\/sites\/3\/2024\/03\/WhatsApp-Image-2024-03-12-at-13.18.24-1-696x314.jpeg 696w, https:\/\/www.acidadeon.com\/ribeiraopreto\/wp-content\/uploads\/sites\/3\/2024\/03\/WhatsApp-Image-2024-03-12-at-13.18.24-1-1068x482.jpeg 1068w, https:\/\/www.acidadeon.com\/ribeiraopreto\/wp-content\/uploads\/sites\/3\/2024\/03\/WhatsApp-Image-2024-03-12-at-13.18.24-1.jpeg 1080w\" sizes=\"auto, (max-width: 1024px) 100vw, 1024px\"\/><\/figure>\n<figure class=\"wp-block-image size-large\"><img data-recalc-dims=\"1\" decoding=\"async\" loading=\"lazy\" width=\"1024\" height=\"768\" data-id=\"73227\" src=\"https:\/\/i0.wp.com\/www.acidadeon.com\/ribeiraopreto\/wp-content\/uploads\/sites\/3\/2024\/03\/WhatsApp-Image-2024-03-12-at-13.18.23-4-1.jpeg?resize=1024%2C768&#038;ssl=1\" alt=\"\" class=\"wp-image-73227\" srcset=\"https:\/\/www.acidadeon.com\/ribeiraopreto\/wp-content\/uploads\/sites\/3\/2024\/03\/WhatsApp-Image-2024-03-12-at-13.18.23-4-1.jpeg 1024w, https:\/\/www.acidadeon.com\/ribeiraopreto\/wp-content\/uploads\/sites\/3\/2024\/03\/WhatsApp-Image-2024-03-12-at-13.18.23-4-1-300x225.jpeg 300w, https:\/\/www.acidadeon.com\/ribeiraopreto\/wp-content\/uploads\/sites\/3\/2024\/03\/WhatsApp-Image-2024-03-12-at-13.18.23-4-1-768x576.jpeg 768w, https:\/\/www.acidadeon.com\/ribeiraopreto\/wp-content\/uploads\/sites\/3\/2024\/03\/WhatsApp-Image-2024-03-12-at-13.18.23-4-1-696x522.jpeg 696w\" sizes=\"auto, (max-width: 1024px) 100vw, 1024px\"\/><\/figure>\n<figure class=\"wp-block-image size-large\"><img data-recalc-dims=\"1\" decoding=\"async\" loading=\"lazy\" width=\"1024\" height=\"768\" data-id=\"73225\" src=\"https:\/\/i0.wp.com\/www.acidadeon.com\/ribeiraopreto\/wp-content\/uploads\/sites\/3\/2024\/03\/WhatsApp-Image-2024-03-12-at-13.18.23-8-1.jpeg?resize=1024%2C768&#038;ssl=1\" alt=\"\" class=\"wp-image-73225\" srcset=\"https:\/\/www.acidadeon.com\/ribeiraopreto\/wp-content\/uploads\/sites\/3\/2024\/03\/WhatsApp-Image-2024-03-12-at-13.18.23-8-1.jpeg 1024w, https:\/\/www.acidadeon.com\/ribeiraopreto\/wp-content\/uploads\/sites\/3\/2024\/03\/WhatsApp-Image-2024-03-12-at-13.18.23-8-1-300x225.jpeg 300w, https:\/\/www.acidadeon.com\/ribeiraopreto\/wp-content\/uploads\/sites\/3\/2024\/03\/WhatsApp-Image-2024-03-12-at-13.18.23-8-1-768x576.jpeg 768w, https:\/\/www.acidadeon.com\/ribeiraopreto\/wp-content\/uploads\/sites\/3\/2024\/03\/WhatsApp-Image-2024-03-12-at-13.18.23-8-1-696x522.jpeg 696w\" sizes=\"auto, (max-width: 1024px) 100vw, 1024px\"\/><\/figure>\n<\/figure>\n<p>SAIBA MAIS <\/p>\n<p>Tudo o que voc\u00ea precisa saber sobre o \u2018Churrasquinho do Menos \u00e9 Mais\u2019 na regi\u00e3o de Ribeir\u00e3o Preto<\/p>\n<h4 class=\"wp-block-heading\"><strong><mark>FIQUE ON<\/mark><\/strong><\/h4>\n<p>Fique ligado em tudo que acontece em Ribeir\u00e3o Preto e regi\u00e3o. Siga os perfis do\u00a0<strong>acidade on<\/strong>\u00a0no<a href=\"https:\/\/www.instagram.com\/acidadeonribeirao\" target=\"_blank\" rel=\"noreferrer noopener\">\u00a0Instagram\u00a0<\/a>e no\u00a0<a href=\"https:\/\/www.facebook.com\/acidadeonribeirao\" target=\"_blank\" rel=\"noreferrer noopener\">Facebook<\/a>.<\/p>\n<p>Receba not\u00edcias do\u00a0<strong>acidade on<\/strong>\u00a0no WhatsApp.<a href=\"https:\/\/chat.whatsapp.com\/Bnv2w66ZT4VDyZW3oiZ69n\" target=\"_blank\" rel=\"noreferrer noopener\">\u00a0Para entrar no grupo, basta clicar aqui.<\/a><\/p>\n<p>Fa\u00e7a uma den\u00fancia ou sugira uma reportagem sobre Ribeir\u00e3o Preto e regi\u00e3o pelo WhatsApp: 16 99117 7802.<\/p>\n<p>VEJA TAMB\u00c9M<\/p>\n<p>Que horas \u00e9 a Elimina\u00e7\u00e3o hoje?<\/p>\n<p><!-- AI CONTENT END 1 -->\n<\/div>\n<\/div>\n<p><script async src=\"\/\/www.instagram.com\/embed.js\"><\/script><br \/>\n<br \/><br \/>\n<br \/><a href=\"https:\/\/www.acidadeon.com\/ribeiraopreto\/lazer-e-cultura\/exposicao-reune-carros-antigos-na-regiao-de-ribeirao-preto\/\">Source link <\/a><\/p>\n<div class='code-block code-block-4' style='margin: 8px auto 8px 0; text-align: left; display: block; clear: both;'>\n\ud83d\udce2 Aviso Legal\n\nO site ismaelcolosi.com.br atua apenas como um canal de divulga\u00e7\u00e3o de oportunidades de emprego e n\u00e3o se responsabiliza pelo processo seletivo, contrata\u00e7\u00e3o ou qualquer outra etapa relacionada \u00e0s vagas publicadas. Todas as informa\u00e7\u00f5es s\u00e3o de responsabilidade dos anunciantes.\n\n\u26a0\ufe0f Aten\u00e7\u00e3o! Nunca pague por promessas de emprego nem compre cursos que garantam contrata\u00e7\u00e3o. Desconfie de qualquer cobran\u00e7a para participar de sele\u00e7\u00f5es.\n\n\n\n<\/div>\n<!-- CONTENT END 1 -->\n","protected":false},"excerpt":{"rendered":"<p>O 5\u00ba Encontro de Antigomobilismo acontece no pr\u00f3ximo domingo (17) em Batatais, cidade a 44 quil\u00f4metros de Ribeir\u00e3o Preto. O evento faz parte da programa\u00e7\u00e3o&#8230;<\/p>\n","protected":false},"author":1,"featured_media":42038,"comment_status":"open","ping_status":"open","sticky":false,"template":"","format":"standard","meta":{"_uag_custom_page_level_css":"","advanced_seo_description":"","jetpack_seo_html_title":"","jetpack_seo_noindex":false,"jetpack_post_was_ever_published":false,"_jetpack_newsletter_access":"","_jetpack_dont_email_post_to_subs":false,"_jetpack_newsletter_tier_id":0,"_jetpack_memberships_contains_paywalled_content":false,"_jetpack_memberships_contains_paid_content":false,"footnotes":"","jetpack_publicize_message":"","jetpack_publicize_feature_enabled":true,"jetpack_social_post_already_shared":true,"jetpack_social_options":{"image_generator_settings":{"template":"highway","default_image_id":0,"font":"","enabled":false},"version":2}},"categories":[11],"tags":[],"class_list":["post-42037","post","type-post","status-publish","format-standard","has-post-thumbnail","hentry","category-noticias-de-ribeirao-preto-sp-e-regiao-ismael-colosi"],"jetpack_publicize_connections":[],"jetpack_featured_media_url":"https:\/\/i0.wp.com\/ismaelcolosi.com.br\/wp-content\/uploads\/2024\/03\/Copia-de-Copia-de-TAMANHO-EXATO-PARA-FOTOS-NO-SISTEMA-NOVO-43.jpg?fit=1200%2C675&ssl=1","uagb_featured_image_src":{"full":["https:\/\/i0.wp.com\/ismaelcolosi.com.br\/wp-content\/uploads\/2024\/03\/Copia-de-Copia-de-TAMANHO-EXATO-PARA-FOTOS-NO-SISTEMA-NOVO-43.jpg?fit=1200%2C675&ssl=1",1200,675,false],"thumbnail":["https:\/\/i0.wp.com\/ismaelcolosi.com.br\/wp-content\/uploads\/2024\/03\/Copia-de-Copia-de-TAMANHO-EXATO-PARA-FOTOS-NO-SISTEMA-NOVO-43.jpg?resize=150%2C150&ssl=1",150,150,true],"medium":["https:\/\/i0.wp.com\/ismaelcolosi.com.br\/wp-content\/uploads\/2024\/03\/Copia-de-Copia-de-TAMANHO-EXATO-PARA-FOTOS-NO-SISTEMA-NOVO-43.jpg?fit=300%2C169&ssl=1",300,169,true],"medium_large":["https:\/\/i0.wp.com\/ismaelcolosi.com.br\/wp-content\/uploads\/2024\/03\/Copia-de-Copia-de-TAMANHO-EXATO-PARA-FOTOS-NO-SISTEMA-NOVO-43.jpg?fit=768%2C432&ssl=1",768,432,true],"large":["https:\/\/i0.wp.com\/ismaelcolosi.com.br\/wp-content\/uploads\/2024\/03\/Copia-de-Copia-de-TAMANHO-EXATO-PARA-FOTOS-NO-SISTEMA-NOVO-43.jpg?fit=1024%2C576&ssl=1",1024,576,true],"1536x1536":["https:\/\/i0.wp.com\/ismaelcolosi.com.br\/wp-content\/uploads\/2024\/03\/Copia-de-Copia-de-TAMANHO-EXATO-PARA-FOTOS-NO-SISTEMA-NOVO-43.jpg?fit=1200%2C675&ssl=1",1200,675,true],"2048x2048":["https:\/\/i0.wp.com\/ismaelcolosi.com.br\/wp-content\/uploads\/2024\/03\/Copia-de-Copia-de-TAMANHO-EXATO-PARA-FOTOS-NO-SISTEMA-NOVO-43.jpg?fit=1200%2C675&ssl=1",1200,675,true],"really-simple-thumb":["https:\/\/i0.wp.com\/ismaelcolosi.com.br\/wp-content\/uploads\/2024\/03\/Copia-de-Copia-de-TAMANHO-EXATO-PARA-FOTOS-NO-SISTEMA-NOVO-43.jpg?resize=370%2C247&ssl=1",370,247,true]},"uagb_author_info":{"display_name":"ismaelcolosi.com.br","author_link":"https:\/\/ismaelcolosi.com.br\/index.php\/author\/vidareal-online\/"},"uagb_comment_info":0,"uagb_excerpt":"O 5\u00ba Encontro de Antigomobilismo acontece no pr\u00f3ximo domingo (17) em Batatais, cidade a 44 quil\u00f4metros de Ribeir\u00e3o Preto. O evento faz parte da programa\u00e7\u00e3o...","jetpack-related-posts":[{"id":64430,"url":"https:\/\/ismaelcolosi.com.br\/index.php\/2024\/09\/07\/regiao-de-ribeirao-preto-recebe-festival-gastronomico-di-san-gennaro\/","url_meta":{"origin":42037,"position":0},"title":"Regi\u00e3o de Ribeir\u00e3o Preto recebe Festival Gastron\u00f4mico di San Gennaro","author":"ismaelcolosi.com.br","date":"7 de September de 2024","format":false,"excerpt":"Come\u00e7ou neste final de semana em Batatais, na regi\u00e3o de Ribeir\u00e3o Preto, o Festival Gastron\u00f4mico di San Gennaro. A 30\u00aa edi\u00e7\u00e3o do evento acontece em duas etapas: no final de semana entre 6 e 8 e de 13 a 15 de setembro. A festa \u00e9 realizada no Centro de Eventos\u2026","rel":"","context":"In &quot;Not\u00edcias de Ribeir\u00e3o Preto-SP e Regi\u00e3o&quot;","block_context":{"text":"Not\u00edcias de Ribeir\u00e3o Preto-SP e Regi\u00e3o","link":"https:\/\/ismaelcolosi.com.br\/index.php\/category\/noticias-de-ribeirao-preto-sp-e-regiao-ismael-colosi\/"},"img":{"alt_text":"","src":"https:\/\/i0.wp.com\/ismaelcolosi.com.br\/wp-content\/uploads\/2024\/09\/san-gennaro_2024-09-07_15-29-38_jpg_2024-09-07_15-29-38.webp.webp?fit=1200%2C798&ssl=1&resize=350%2C200","width":350,"height":200,"srcset":"https:\/\/i0.wp.com\/ismaelcolosi.com.br\/wp-content\/uploads\/2024\/09\/san-gennaro_2024-09-07_15-29-38_jpg_2024-09-07_15-29-38.webp.webp?fit=1200%2C798&ssl=1&resize=350%2C200 1x, https:\/\/i0.wp.com\/ismaelcolosi.com.br\/wp-content\/uploads\/2024\/09\/san-gennaro_2024-09-07_15-29-38_jpg_2024-09-07_15-29-38.webp.webp?fit=1200%2C798&ssl=1&resize=525%2C300 1.5x, https:\/\/i0.wp.com\/ismaelcolosi.com.br\/wp-content\/uploads\/2024\/09\/san-gennaro_2024-09-07_15-29-38_jpg_2024-09-07_15-29-38.webp.webp?fit=1200%2C798&ssl=1&resize=700%2C400 2x, https:\/\/i0.wp.com\/ismaelcolosi.com.br\/wp-content\/uploads\/2024\/09\/san-gennaro_2024-09-07_15-29-38_jpg_2024-09-07_15-29-38.webp.webp?fit=1200%2C798&ssl=1&resize=1050%2C600 3x"},"classes":[]},{"id":40615,"url":"https:\/\/ismaelcolosi.com.br\/index.php\/2024\/03\/04\/cidade-na-regiao-de-ribeirao-recebe-festival-de-orquideas-com-entrada-gratuita\/","url_meta":{"origin":42037,"position":1},"title":"Cidade na regi\u00e3o de Ribeir\u00e3o recebe Festival de Orqu\u00eddeas com entrada gratuita","author":"ismaelcolosi.com.br","date":"4 de March de 2024","format":false,"excerpt":"Se voc\u00ea \u00e9 f\u00e3 de flores, anote na sua agenda: entre os dias 8 e 10 de mar\u00e7o, Batatais, cidade na regi\u00e3o de Ribeir\u00e3o Preto, recebe a 45\u00aa edi\u00e7\u00e3o do Festival de Orqu\u00eddeas. O evento acontecer\u00e1 Gin\u00e1sio do Centro Universit\u00e1rio Claretiano e ter\u00e1 entrada gratuita. O evento faz parte do\u2026","rel":"","context":"In &quot;Not\u00edcias de Ribeir\u00e3o Preto-SP e Regi\u00e3o&quot;","block_context":{"text":"Not\u00edcias de Ribeir\u00e3o Preto-SP e Regi\u00e3o","link":"https:\/\/ismaelcolosi.com.br\/index.php\/category\/noticias-de-ribeirao-preto-sp-e-regiao-ismael-colosi\/"},"img":{"alt_text":"","src":"https:\/\/i0.wp.com\/ismaelcolosi.com.br\/wp-content\/uploads\/2024\/03\/RibeiroPretorecebeexposiodeorqudeascomentradagratuita_Tamanho_2_image.jpg?fit=1200%2C900&ssl=1&resize=350%2C200","width":350,"height":200,"srcset":"https:\/\/i0.wp.com\/ismaelcolosi.com.br\/wp-content\/uploads\/2024\/03\/RibeiroPretorecebeexposiodeorqudeascomentradagratuita_Tamanho_2_image.jpg?fit=1200%2C900&ssl=1&resize=350%2C200 1x, https:\/\/i0.wp.com\/ismaelcolosi.com.br\/wp-content\/uploads\/2024\/03\/RibeiroPretorecebeexposiodeorqudeascomentradagratuita_Tamanho_2_image.jpg?fit=1200%2C900&ssl=1&resize=525%2C300 1.5x, https:\/\/i0.wp.com\/ismaelcolosi.com.br\/wp-content\/uploads\/2024\/03\/RibeiroPretorecebeexposiodeorqudeascomentradagratuita_Tamanho_2_image.jpg?fit=1200%2C900&ssl=1&resize=700%2C400 2x, https:\/\/i0.wp.com\/ismaelcolosi.com.br\/wp-content\/uploads\/2024\/03\/RibeiroPretorecebeexposiodeorqudeascomentradagratuita_Tamanho_2_image.jpg?fit=1200%2C900&ssl=1&resize=1050%2C600 3x"},"classes":[]},{"id":52647,"url":"https:\/\/ismaelcolosi.com.br\/index.php\/2024\/06\/09\/ribeirao-preto-tem-nova-exposicao-gratuita-de-carros-antigos-veja-quando\/","url_meta":{"origin":42037,"position":2},"title":"Ribeir\u00e3o Preto tem nova exposi\u00e7\u00e3o gratuita de carros antigos; Veja quando","author":"ismaelcolosi.com.br","date":"9 de June de 2024","format":false,"excerpt":"Ribeir\u00e3o Preto recebe nova exposi\u00e7\u00e3o gratuita de carros antigos, nos dias 15 e 16 de junho, na sede do Clube Faixa Branca, localizada na rua Luciana Mara Ign\u00e1cio, 825, no Jardim Bot\u00e2nico, zona Sul do munic\u00edpio. O evento faz parte da celebra\u00e7\u00e3o dos 35 anos de funda\u00e7\u00e3o do clube de\u2026","rel":"","context":"In &quot;Not\u00edcias de Ribeir\u00e3o Preto-SP e Regi\u00e3o&quot;","block_context":{"text":"Not\u00edcias de Ribeir\u00e3o Preto-SP e Regi\u00e3o","link":"https:\/\/ismaelcolosi.com.br\/index.php\/category\/noticias-de-ribeirao-preto-sp-e-regiao-ismael-colosi\/"},"img":{"alt_text":"","src":"https:\/\/i0.wp.com\/ismaelcolosi.com.br\/wp-content\/uploads\/2024\/06\/IMG_2514_2024-06-09_15-13-31_jpg_2024-06-09_15-13-31.webp.webp?fit=1200%2C800&ssl=1&resize=350%2C200","width":350,"height":200,"srcset":"https:\/\/i0.wp.com\/ismaelcolosi.com.br\/wp-content\/uploads\/2024\/06\/IMG_2514_2024-06-09_15-13-31_jpg_2024-06-09_15-13-31.webp.webp?fit=1200%2C800&ssl=1&resize=350%2C200 1x, https:\/\/i0.wp.com\/ismaelcolosi.com.br\/wp-content\/uploads\/2024\/06\/IMG_2514_2024-06-09_15-13-31_jpg_2024-06-09_15-13-31.webp.webp?fit=1200%2C800&ssl=1&resize=525%2C300 1.5x, https:\/\/i0.wp.com\/ismaelcolosi.com.br\/wp-content\/uploads\/2024\/06\/IMG_2514_2024-06-09_15-13-31_jpg_2024-06-09_15-13-31.webp.webp?fit=1200%2C800&ssl=1&resize=700%2C400 2x, https:\/\/i0.wp.com\/ismaelcolosi.com.br\/wp-content\/uploads\/2024\/06\/IMG_2514_2024-06-09_15-13-31_jpg_2024-06-09_15-13-31.webp.webp?fit=1200%2C800&ssl=1&resize=1050%2C600 3x"},"classes":[]},{"id":53314,"url":"https:\/\/ismaelcolosi.com.br\/index.php\/2024\/06\/15\/ribeirao-preto-recebe-exposicao-de-carros-antigos-neste-fim-de-semana-veja-onde\/","url_meta":{"origin":42037,"position":3},"title":"Ribeir\u00e3o Preto recebe exposi\u00e7\u00e3o de carros antigos neste fim de semana; Veja onde","author":"ismaelcolosi.com.br","date":"15 de June de 2024","format":false,"excerpt":"Ribeir\u00e3o Preto recebe uma exposi\u00e7\u00e3o de carros antigos gratuita neste s\u00e1bado (15) e domingo (16). O evento comemora os 35 anos de funda\u00e7\u00e3o do clube e faz parte da programa\u00e7\u00e3o dos 168 anos de Ribeir\u00e3o. A exposi\u00e7\u00e3o ser\u00e1 na sede do Clube Faixa Branca, na rua Luciana Mara Ign\u00e1cio, 825,\u2026","rel":"","context":"In &quot;Not\u00edcias de Ribeir\u00e3o Preto-SP e Regi\u00e3o&quot;","block_context":{"text":"Not\u00edcias de Ribeir\u00e3o Preto-SP e Regi\u00e3o","link":"https:\/\/ismaelcolosi.com.br\/index.php\/category\/noticias-de-ribeirao-preto-sp-e-regiao-ismael-colosi\/"},"img":{"alt_text":"","src":"https:\/\/i0.wp.com\/ismaelcolosi.com.br\/wp-content\/uploads\/2024\/06\/IMG_2514_2024-06-09_15-13-31_jpg_2024-06-09_15-13-31.webp.webp?fit=1200%2C800&ssl=1&resize=350%2C200","width":350,"height":200,"srcset":"https:\/\/i0.wp.com\/ismaelcolosi.com.br\/wp-content\/uploads\/2024\/06\/IMG_2514_2024-06-09_15-13-31_jpg_2024-06-09_15-13-31.webp.webp?fit=1200%2C800&ssl=1&resize=350%2C200 1x, https:\/\/i0.wp.com\/ismaelcolosi.com.br\/wp-content\/uploads\/2024\/06\/IMG_2514_2024-06-09_15-13-31_jpg_2024-06-09_15-13-31.webp.webp?fit=1200%2C800&ssl=1&resize=525%2C300 1.5x, https:\/\/i0.wp.com\/ismaelcolosi.com.br\/wp-content\/uploads\/2024\/06\/IMG_2514_2024-06-09_15-13-31_jpg_2024-06-09_15-13-31.webp.webp?fit=1200%2C800&ssl=1&resize=700%2C400 2x, https:\/\/i0.wp.com\/ismaelcolosi.com.br\/wp-content\/uploads\/2024\/06\/IMG_2514_2024-06-09_15-13-31_jpg_2024-06-09_15-13-31.webp.webp?fit=1200%2C800&ssl=1&resize=1050%2C600 3x"},"classes":[]},{"id":21288,"url":"https:\/\/ismaelcolosi.com.br\/index.php\/2023\/12\/27\/veja-o-ranking-das-cidades-menos-violentas-na-regiao-de-ribeirao-preto\/","url_meta":{"origin":42037,"position":4},"title":"Veja o ranking das cidades menos violentas na regi\u00e3o de Ribeir\u00e3o Preto","author":"ismaelcolosi.com.br","date":"27 de December de 2023","format":false,"excerpt":"O IECV (\u00cdndice de Exposi\u00e7\u00e3o aos Crimes Violentos), pesquisa divulgada pelo Instituto Sou Paz, em dezembro de 2023, mostrou quais s\u00e3o as cidades mais e menos violentas no estado de S\u00e3o Paulo. Para construir o IECV, foram considerados os \u00edndices de crimes letais (homic\u00eddio e latroc\u00ednio), crimes contra a dignidade\u2026","rel":"","context":"In &quot;Not\u00edcias de Ribeir\u00e3o Preto-SP e Regi\u00e3o&quot;","block_context":{"text":"Not\u00edcias de Ribeir\u00e3o Preto-SP e Regi\u00e3o","link":"https:\/\/ismaelcolosi.com.br\/index.php\/category\/noticias-de-ribeirao-preto-sp-e-regiao-ismael-colosi\/"},"img":{"alt_text":"","src":"https:\/\/i0.wp.com\/ismaelcolosi.com.br\/wp-content\/uploads\/2023\/12\/1703696372_aerea-ribeirao-preto.jpg?fit=1200%2C800&ssl=1&resize=350%2C200","width":350,"height":200,"srcset":"https:\/\/i0.wp.com\/ismaelcolosi.com.br\/wp-content\/uploads\/2023\/12\/1703696372_aerea-ribeirao-preto.jpg?fit=1200%2C800&ssl=1&resize=350%2C200 1x, https:\/\/i0.wp.com\/ismaelcolosi.com.br\/wp-content\/uploads\/2023\/12\/1703696372_aerea-ribeirao-preto.jpg?fit=1200%2C800&ssl=1&resize=525%2C300 1.5x, https:\/\/i0.wp.com\/ismaelcolosi.com.br\/wp-content\/uploads\/2023\/12\/1703696372_aerea-ribeirao-preto.jpg?fit=1200%2C800&ssl=1&resize=700%2C400 2x, https:\/\/i0.wp.com\/ismaelcolosi.com.br\/wp-content\/uploads\/2023\/12\/1703696372_aerea-ribeirao-preto.jpg?fit=1200%2C800&ssl=1&resize=1050%2C600 3x"},"classes":[]},{"id":36868,"url":"https:\/\/ismaelcolosi.com.br\/index.php\/2024\/02\/12\/veja-cidade-na-regiao-de-ribeirao-preto-que-ainda-tem-desfile-no-carnaval-2024\/","url_meta":{"origin":42037,"position":5},"title":"Veja cidade na regi\u00e3o de Ribeir\u00e3o Preto que ainda tem desfile no Carnaval 2024","author":"ismaelcolosi.com.br","date":"12 de February de 2024","format":false,"excerpt":"As tr\u00eas escolas de samba vencedoras do Carnaval deste ano em Batatais, cidade a aproximadamente 44 quil\u00f4metros de Ribeir\u00e3o Preto, voltam ao samb\u00f3dromo na noite desta segunda-feira (12). O desfile ter\u00e1 in\u00edcio \u00e0s 20h30, com a apresenta\u00e7\u00e3o da terceira colocada Acad\u00eamicos do Samba, em seguida, ser\u00e1 a vez da escola\u2026","rel":"","context":"In &quot;Not\u00edcias de Ribeir\u00e3o Preto-SP e Regi\u00e3o&quot;","block_context":{"text":"Not\u00edcias de Ribeir\u00e3o Preto-SP e Regi\u00e3o","link":"https:\/\/ismaelcolosi.com.br\/index.php\/category\/noticias-de-ribeirao-preto-sp-e-regiao-ismael-colosi\/"},"img":{"alt_text":"","src":"https:\/\/i0.wp.com\/ismaelcolosi.com.br\/wp-content\/uploads\/2024\/02\/1-4.jpg?fit=1200%2C675&ssl=1&resize=350%2C200","width":350,"height":200,"srcset":"https:\/\/i0.wp.com\/ismaelcolosi.com.br\/wp-content\/uploads\/2024\/02\/1-4.jpg?fit=1200%2C675&ssl=1&resize=350%2C200 1x, https:\/\/i0.wp.com\/ismaelcolosi.com.br\/wp-content\/uploads\/2024\/02\/1-4.jpg?fit=1200%2C675&ssl=1&resize=525%2C300 1.5x, https:\/\/i0.wp.com\/ismaelcolosi.com.br\/wp-content\/uploads\/2024\/02\/1-4.jpg?fit=1200%2C675&ssl=1&resize=700%2C400 2x, https:\/\/i0.wp.com\/ismaelcolosi.com.br\/wp-content\/uploads\/2024\/02\/1-4.jpg?fit=1200%2C675&ssl=1&resize=1050%2C600 3x"},"classes":[]}],"jetpack_sharing_enabled":true,"jetpack_shortlink":"https:\/\/wp.me\/pfMlyK-aW1","_links":{"self":[{"href":"https:\/\/ismaelcolosi.com.br\/index.php\/wp-json\/wp\/v2\/posts\/42037","targetHints":{"allow":["GET"]}}],"collection":[{"href":"https:\/\/ismaelcolosi.com.br\/index.php\/wp-json\/wp\/v2\/posts"}],"about":[{"href":"https:\/\/ismaelcolosi.com.br\/index.php\/wp-json\/wp\/v2\/types\/post"}],"author":[{"embeddable":true,"href":"https:\/\/ismaelcolosi.com.br\/index.php\/wp-json\/wp\/v2\/users\/1"}],"replies":[{"embeddable":true,"href":"https:\/\/ismaelcolosi.com.br\/index.php\/wp-json\/wp\/v2\/comments?post=42037"}],"version-history":[{"count":0,"href":"https:\/\/ismaelcolosi.com.br\/index.php\/wp-json\/wp\/v2\/posts\/42037\/revisions"}],"wp:featuredmedia":[{"embeddable":true,"href":"https:\/\/ismaelcolosi.com.br\/index.php\/wp-json\/wp\/v2\/media\/42038"}],"wp:attachment":[{"href":"https:\/\/ismaelcolosi.com.br\/index.php\/wp-json\/wp\/v2\/media?parent=42037"}],"wp:term":[{"taxonomy":"category","embeddable":true,"href":"https:\/\/ismaelcolosi.com.br\/index.php\/wp-json\/wp\/v2\/categories?post=42037"},{"taxonomy":"post_tag","embeddable":true,"href":"https:\/\/ismaelcolosi.com.br\/index.php\/wp-json\/wp\/v2\/tags?post=42037"}],"curies":[{"name":"wp","href":"https:\/\/api.w.org\/{rel}","templated":true}]}}