{"id":41998,"date":"2024-03-12T14:13:15","date_gmt":"2024-03-12T17:13:15","guid":{"rendered":"https:\/\/ismaelcolosi.com.br\/index.php\/2024\/03\/12\/prejuizo-atinge-344-dos-bares\/"},"modified":"2024-03-12T14:13:15","modified_gmt":"2024-03-12T17:13:15","slug":"prejuizo-atinge-344-dos-bares","status":"publish","type":"post","link":"https:\/\/ismaelcolosi.com.br\/index.php\/2024\/03\/12\/prejuizo-atinge-344-dos-bares\/","title":{"rendered":"Preju\u00edzo atinge 34,4% dos bares\u00a0"},"content":{"rendered":"<p> <br \/>\n<\/p>\n<div id=\"\">\n<p> <span class=\"entry-meta-item penci-posted-on\"><i class=\"fa fa-clock-o\"\/><time class=\"entry-date published\" datetime=\"2024-03-12T14:00:26-03:00\">12 de mar\u00e7o de 2024 | 14:00<\/time><time class=\"updated\" datetime=\"2024-03-12T09:20:25-03:00\">12 de mar\u00e7o de 2024 | 9:20<\/time><\/span><\/p>\n<p> <span class=\"penci-social-buttons penci-social-share-footer\"><a href=\"#\" class=\"penci-post-like penci_post-meta_item  single-like-button penci-social-item like\" data-post_id=\"377046\" title=\"Like\" data-like=\"Like\" data-unlike=\"Unlike\"><i class=\"fa fa-thumbs-o-up\"\/><span class=\"penci-share-number\">0<\/span><\/a><i class=\"fa fa-facebook\"\/><a class=\"penci-social-item twitter\" target=\"_blank\" rel=\"noopener\" title=\"\" href=\"https:\/\/twitter.com\/intent\/tweet?text=Preju\u00edzo%20atinge%2034,4%20dos%20bares\u00a0%20-%20https:\/\/www.tribunaribeirao.com.br\/site\/prejuizo-atinge-344-dos-bares\/\"><i class=\"fa fa-twitter\"\/><\/a><i class=\"fa fa-whatsapp\"\/><\/span><\/div>\n<div>\n<p><span class=\"TextRun SCXW153307019 BCX0\" lang=\"PT-BR\" xml:lang=\"PT-BR\" data-contrast=\"none\"><span class=\"NormalTextRun SCXW153307019 BCX0\">A Associa\u00e7\u00e3o Brasileira de Bares e Restaurantes da Alta <\/span><span class=\"NormalTextRun SCXW153307019 BCX0\">Mogiana<\/span><span class=\"NormalTextRun SCXW153307019 BCX0\"> (<\/span><span class=\"NormalTextRun SpellingErrorV2Themed SCXW153307019 BCX0\">Abrasel-AM<\/span><span class=\"NormalTextRun SCXW153307019 BCX0\">)<\/span><span class=\"NormalTextRun SCXW153307019 BCX0\"> divulgou nesta segunda-feira, 11de mar\u00e7o, uma radiografia da situa\u00e7\u00e3o econ\u00f4mica dos estabelecimentos gastron\u00f4micos na <\/span><span class=\"NormalTextRun SCXW153307019 BCX0\">macror<\/span><span class=\"NormalTextRun SCXW153307019 BCX0\">regi\u00e3o<\/span><span class=\"NormalTextRun SCXW153307019 BCX0\"> de Ribeir\u00e3o Preto<\/span><span class=\"NormalTextRun SCXW153307019 BCX0\">. O levantamento revel<\/span><span class=\"NormalTextRun SCXW153307019 BCX0\">a<\/span><span class=\"NormalTextRun SCXW153307019 BCX0\"> que 46% est\u00e3o enfrentando dificuldades financeiras, acumulando d\u00edvidas em atraso. <\/span><\/span><span class=\"LineBreakBlob BlobObject DragDrop SCXW153307019 BCX0\"><span class=\"SCXW153307019 BCX0\">\u00a0<\/span><br class=\"SCXW153307019 BCX0\"\/><\/span><span class=\"LineBreakBlob BlobObject DragDrop SCXW153307019 BCX0\"><span class=\"SCXW153307019 BCX0\">\u00a0<\/span><br class=\"SCXW153307019 BCX0\"\/><\/span><span class=\"TextRun SCXW153307019 BCX0\" lang=\"PT-BR\" xml:lang=\"PT-BR\" data-contrast=\"none\"><span class=\"NormalTextRun SCXW153307019 BCX0\">A pesquisa aponta <\/span><span class=\"NormalTextRun SCXW153307019 BCX0\">ainda <\/span><span class=\"NormalTextRun SCXW153307019 BCX0\">que 34,4% registraram preju\u00edzo em janeiro, enquanto 37,7% <\/span><span class=\"NormalTextRun SCXW153307019 BCX0\">ficaram est\u00e1veis <\/span><span class=\"NormalTextRun SCXW153307019 BCX0\">e 28% tiveram lucro. <\/span><span class=\"NormalTextRun SCXW153307019 BCX0\">De acordo com o levantamento, <\/span><span class=\"NormalTextRun SCXW153307019 BCX0\">78,7% dos bares e restaurantes <\/span><span class=\"NormalTextRun SCXW153307019 BCX0\">apresentaram <\/span><span class=\"NormalTextRun SCXW153307019 BCX0\">desempenho inferior em janeiro <\/span><span class=\"NormalTextRun SCXW153307019 BCX0\">quando <\/span><span class=\"NormalTextRun SCXW153307019 BCX0\">comparado a dezembro<\/span><span class=\"NormalTextRun SCXW153307019 BCX0\">, sinal de <\/span><span class=\"NormalTextRun SCXW153307019 BCX0\">desacelera\u00e7\u00e3o ap\u00f3s o per\u00edodo das festas de final de ano.<\/span><\/span><span class=\"LineBreakBlob BlobObject DragDrop SCXW153307019 BCX0\"><span class=\"SCXW153307019 BCX0\">\u00a0<\/span><br class=\"SCXW153307019 BCX0\"\/><\/span><span class=\"LineBreakBlob BlobObject DragDrop SCXW153307019 BCX0\"><span class=\"SCXW153307019 BCX0\">\u00a0<\/span><br class=\"SCXW153307019 BCX0\"\/><\/span><span class=\"TextRun SCXW153307019 BCX0\" lang=\"PT-BR\" xml:lang=\"PT-BR\" data-contrast=\"none\"><span class=\"NormalTextRun SCXW153307019 BCX0\">Para Renato Munhoz, presidente da <\/span><span class=\"NormalTextRun SCXW153307019 BCX0\">Associa\u00e7\u00e3o Brasileira de Bares e Restaurantes<\/span><span class=\"NormalTextRun SCXW153307019 BCX0\"> na <\/span><span class=\"NormalTextRun SCXW153307019 BCX0\">r<\/span><span class=\"NormalTextRun SCXW153307019 BCX0\">egi\u00e3o da Alta <\/span><span class=\"NormalTextRun SCXW153307019 BCX0\">Mogiana<\/span><span class=\"NormalTextRun SCXW153307019 BCX0\">, apesar do grande esfor\u00e7o do setor, que tenta se restaurar m\u00eas a m\u00eas, o endividamento <\/span><span class=\"NormalTextRun ContextualSpellingAndGrammarErrorV2Themed SCXW153307019 BCX0\">das<\/span><span class=\"NormalTextRun ContextualSpellingAndGrammarErrorV2Themed SCXW153307019 BCX0\">\u00a0<\/span> <span class=\"NormalTextRun ContextualSpellingAndGrammarErrorV2Themed SCXW153307019 BCX0\">empresas<\/span><span class=\"NormalTextRun SCXW153307019 BCX0\"> ainda preocupa muito. <\/span><\/span><span class=\"LineBreakBlob BlobObject DragDrop SCXW153307019 BCX0\"><span class=\"SCXW153307019 BCX0\">\u00a0<\/span><br class=\"SCXW153307019 BCX0\"\/><\/span><span class=\"LineBreakBlob BlobObject DragDrop SCXW153307019 BCX0\"><span class=\"SCXW153307019 BCX0\">\u00a0<\/span><br class=\"SCXW153307019 BCX0\"\/><\/span><span class=\"TextRun SCXW153307019 BCX0\" lang=\"PT-BR\" xml:lang=\"PT-BR\" data-contrast=\"none\"><span class=\"NormalTextRun SCXW153307019 BCX0\">\u201c<\/span><span class=\"NormalTextRun ContextualSpellingAndGrammarErrorV2Themed SCXW153307019 BCX0\">Janeiro<\/span><span class=\"NormalTextRun SCXW153307019 BCX0\"> apresenta desacelera\u00e7\u00e3o ap\u00f3s o vigoroso dezembro no setor. Na Alta <\/span><span class=\"NormalTextRun SCXW153307019 BCX0\">Mogiana<\/span><span class=\"NormalTextRun SCXW153307019 BCX0\">, superamos levemente a m\u00e9dia nacional, e o carnaval em fevereiro desempenhou papel importante. Entretanto, o crescente endividamento \u00e9 uma preocupa\u00e7\u00e3o a ser considerada\u201d, afirma.<\/span><\/span><span class=\"LineBreakBlob BlobObject DragDrop SCXW153307019 BCX0\"><span class=\"SCXW153307019 BCX0\">\u00a0<\/span><br class=\"SCXW153307019 BCX0\"\/><\/span><span class=\"LineBreakBlob BlobObject DragDrop SCXW153307019 BCX0\"><span class=\"SCXW153307019 BCX0\">\u00a0<\/span><br class=\"SCXW153307019 BCX0\"\/><\/span><span class=\"TextRun SCXW153307019 BCX0\" lang=\"PT-BR\" xml:lang=\"PT-BR\" data-contrast=\"none\"><span class=\"NormalTextRun SCXW153307019 BCX0\">Desafios de <\/span><span class=\"NormalTextRun SCXW153307019 BCX0\">i<\/span><span class=\"NormalTextRun SCXW153307019 BCX0\">nfla\u00e7\u00e3o<\/span> <\/span><span class=\"TextRun SCXW153307019 BCX0\" lang=\"PT-BR\" xml:lang=\"PT-BR\" data-contrast=\"auto\"><span class=\"NormalTextRun SCXW153307019 BCX0\">\u2013<\/span><\/span> <span class=\"TextRun SCXW153307019 BCX0\" lang=\"PT-BR\" xml:lang=\"PT-BR\" data-contrast=\"none\"><span class=\"NormalTextRun SCXW153307019 BCX0\">A pesquisa revela que 49,2% dos estabelecimentos n\u00e3o <\/span><span class=\"NormalTextRun SCXW153307019 BCX0\">elevaram <\/span><span class=\"NormalTextRun SCXW153307019 BCX0\">os pre\u00e7os <\/span><span class=\"NormalTextRun SCXW153307019 BCX0\">dos produtos e servi\u00e7os <\/span><span class=\"NormalTextRun SCXW153307019 BCX0\">nos \u00faltimos <\/span><span class=\"NormalTextRun SCXW153307019 BCX0\">doze<\/span><span class=\"NormalTextRun SCXW153307019 BCX0\"> meses. Outros 47,6% <\/span><span class=\"NormalTextRun SCXW153307019 BCX0\">promoveram <\/span><span class=\"NormalTextRun SCXW153307019 BCX0\">reajustes na m\u00e9dia ou abaixo da infla\u00e7\u00e3o, enquanto apenas 3,3% conseguiram <\/span><span class=\"NormalTextRun SCXW153307019 BCX0\">cobrar <\/span><span class=\"NormalTextRun SCXW153307019 BCX0\">acima <\/span><span class=\"NormalTextRun SCXW153307019 BCX0\">dos \u00edndices inflacion\u00e1rios<\/span><span class=\"NormalTextRun SCXW153307019 BCX0\">.<\/span><\/span><span class=\"LineBreakBlob BlobObject DragDrop SCXW153307019 BCX0\"><span class=\"SCXW153307019 BCX0\">\u00a0<\/span><br class=\"SCXW153307019 BCX0\"\/><\/span><span class=\"LineBreakBlob BlobObject DragDrop SCXW153307019 BCX0\"><span class=\"SCXW153307019 BCX0\">\u00a0<\/span><br class=\"SCXW153307019 BCX0\"\/><\/span><span class=\"TextRun SCXW153307019 BCX0\" lang=\"PT-BR\" xml:lang=\"PT-BR\" data-contrast=\"none\"><span class=\"NormalTextRun SCXW153307019 BCX0\">No aspecto financeiro, 46% das empresas est\u00e3o com d\u00edvidas em atraso. Dentre <\/span><span class=\"NormalTextRun SCXW153307019 BCX0\">os devedores<\/span><span class=\"NormalTextRun SCXW153307019 BCX0\">, 60,7% <\/span><span class=\"NormalTextRun SCXW153307019 BCX0\">est\u00e3o em d\u00e9bito com <\/span><span class=\"NormalTextRun SCXW153307019 BCX0\">impostos federais, 39,3% <\/span><span class=\"NormalTextRun SCXW153307019 BCX0\">com tributos <\/span><span class=\"NormalTextRun SCXW153307019 BCX0\">estaduais, 28,6% <\/span><span class=\"NormalTextRun SCXW153307019 BCX0\">acumulam <\/span><span class=\"NormalTextRun SCXW153307019 BCX0\">empr\u00e9stimos banc\u00e1rios<\/span><span class=\"NormalTextRun SCXW153307019 BCX0\"> e <\/span><span class=\"NormalTextRun SCXW153307019 BCX0\">21,4% encargos trabalhistas e previdenci\u00e1rios. Al\u00e9m disso, 43% t\u00eam d\u00edvidas com servi\u00e7os p\u00fablicos, 14,3% com taxas municipais, 50% com fornecedores de insumos e 18% est\u00e3o com o aluguel atrasado.<\/span><\/span><span class=\"LineBreakBlob BlobObject DragDrop SCXW153307019 BCX0\"><span class=\"SCXW153307019 BCX0\">\u00a0<\/span><br class=\"SCXW153307019 BCX0\"\/><\/span><span class=\"LineBreakBlob BlobObject DragDrop SCXW153307019 BCX0\"><span class=\"SCXW153307019 BCX0\">\u00a0<\/span><br class=\"SCXW153307019 BCX0\"\/><\/span><span class=\"TextRun SCXW153307019 BCX0\" lang=\"PT-BR\" xml:lang=\"PT-BR\" data-contrast=\"none\"><span class=\"NormalTextRun SCXW153307019 BCX0\">\u201c<\/span><span class=\"NormalTextRun SCXW153307019 BCX0\">A <\/span><span class=\"NormalTextRun SCXW153307019 BCX0\">Abrasel<\/span><span class=\"NormalTextRun SCXW153307019 BCX0\"> na <\/span><span class=\"NormalTextRun SCXW153307019 BCX0\">r<\/span><span class=\"NormalTextRun SCXW153307019 BCX0\">egi\u00e3o da Alta <\/span><span class=\"NormalTextRun SCXW153307019 BCX0\">Mogiana<\/span><span class=\"NormalTextRun SCXW153307019 BCX0\"> reafirma seu compromisso em acompanhar de perto as condi\u00e7\u00f5es econ\u00f4micas, buscando colaborar com os empres\u00e1rios do setor para enfrentar esses desafios e impulsionar a recupera\u00e7\u00e3o do segmento de bares e restaurantes na regi\u00e3o\u201d, afirma o presidente a entidade. <\/span><\/span><span class=\"LineBreakBlob BlobObject DragDrop SCXW153307019 BCX0\"><span class=\"SCXW153307019 BCX0\">\u00a0<\/span><br class=\"SCXW153307019 BCX0\"\/><\/span><span class=\"LineBreakBlob BlobObject DragDrop SCXW153307019 BCX0\"><span class=\"SCXW153307019 BCX0\">\u00a0<\/span><br class=\"SCXW153307019 BCX0\"\/><\/span><strong><span class=\"TextRun SCXW153307019 BCX0\" lang=\"PT-BR\" xml:lang=\"PT-BR\" data-contrast=\"none\"><span class=\"NormalTextRun SCXW153307019 BCX0\">Carnaval<\/span> <\/span><\/strong><span class=\"TextRun SCXW153307019 BCX0\" lang=\"PT-BR\" xml:lang=\"PT-BR\" data-contrast=\"auto\"><span class=\"NormalTextRun SCXW153307019 BCX0\">\u2013<\/span><\/span> <span class=\"TextRun SCXW153307019 BCX0\" lang=\"PT-BR\" xml:lang=\"PT-BR\" data-contrast=\"none\"><span class=\"NormalTextRun SCXW153307019 BCX0\">O <\/span><span class=\"NormalTextRun SCXW153307019 BCX0\">c<\/span><span class=\"NormalTextRun SCXW153307019 BCX0\">arnaval, conhecido por impulsionar setores como o de alimenta\u00e7\u00e3o fora do lar, trouxe um enredo diversificado. Enquanto 32,2% das empresas abriram alas para um aumento no faturamento em rela\u00e7\u00e3o ao ano anterior, 21,4% mantiveram-se em sintonia com o desempenho de 2023.<\/span><\/span><span class=\"LineBreakBlob BlobObject DragDrop SCXW153307019 BCX0\"><span class=\"SCXW153307019 BCX0\">\u00a0<\/span><br class=\"SCXW153307019 BCX0\"\/><\/span><span class=\"LineBreakBlob BlobObject DragDrop SCXW153307019 BCX0\"><span class=\"SCXW153307019 BCX0\">\u00a0<\/span><br class=\"SCXW153307019 BCX0\"\/><\/span><span class=\"TextRun SCXW153307019 BCX0\" lang=\"PT-BR\" xml:lang=\"PT-BR\" data-contrast=\"none\"><span class=\"NormalTextRun SCXW153307019 BCX0\">No entanto, 41% encontraram-se abaixo das expectativas, revelando as nuances de um cen\u00e1rio econ\u00f4mico complexo. Curiosamente, 5,4% d<\/span><span class=\"NormalTextRun SCXW153307019 BCX0\">as empresas sequer existiam no c<\/span><span class=\"NormalTextRun SCXW153307019 BCX0\">arnaval de 2023, uma demonstra\u00e7\u00e3o de uma renova\u00e7\u00e3o que, infelizmente, n\u00e3o se traduziu uniformemente em resultados positivos.<\/span><\/span><span class=\"LineBreakBlob BlobObject DragDrop SCXW153307019 BCX0\"><span class=\"SCXW153307019 BCX0\">\u00a0<\/span><br class=\"SCXW153307019 BCX0\"\/><\/span><span class=\"LineBreakBlob BlobObject DragDrop SCXW153307019 BCX0\"><span class=\"SCXW153307019 BCX0\">\u00a0<\/span><br class=\"SCXW153307019 BCX0\"\/><\/span><strong><span class=\"TextRun SCXW153307019 BCX0\" lang=\"PT-BR\" xml:lang=\"PT-BR\" data-contrast=\"none\"><span class=\"NormalTextRun SCXW153307019 BCX0\">Brasil <\/span><\/span><\/strong><span class=\"TextRun SCXW153307019 BCX0\" lang=\"PT-BR\" xml:lang=\"PT-BR\" data-contrast=\"auto\"><span class=\"NormalTextRun SCXW153307019 BCX0\">\u2013 <\/span><\/span><span class=\"TextRun SCXW153307019 BCX0\" lang=\"PT-BR\" xml:lang=\"PT-BR\" data-contrast=\"none\"><span class=\"NormalTextRun SCXW153307019 BCX0\">Em todo o Brasil, o<\/span><span class=\"NormalTextRun SCXW153307019 BCX0\"> movimento reduzido, especialmente nas cidades com menor fluxo tur\u00edstico, fez com que 29% das empresas do setor de bares e restaurantes do Brasil relatassem preju\u00edzos em janeiro deste ano, mostrando aumento de 60% em compara\u00e7\u00e3o aos 18% dos empreendimentos que fecharam dezembro de 2023 \u201cno vermelho\u201d. <\/span><\/span><span class=\"LineBreakBlob BlobObject DragDrop SCXW153307019 BCX0\"><span class=\"SCXW153307019 BCX0\">\u00a0<\/span><br class=\"SCXW153307019 BCX0\"\/><\/span><span class=\"LineBreakBlob BlobObject DragDrop SCXW153307019 BCX0\"><span class=\"SCXW153307019 BCX0\">\u00a0<\/span><br class=\"SCXW153307019 BCX0\"\/><\/span><span class=\"TextRun SCXW153307019 BCX0\" lang=\"PT-BR\" xml:lang=\"PT-BR\" data-contrast=\"none\"><span class=\"NormalTextRun SCXW153307019 BCX0\">A <\/span><span class=\"NormalTextRun SCXW153307019 BCX0\">pesquisa <\/span><span class=\"NormalTextRun SCXW153307019 BCX0\">foi <\/span><span class=\"NormalTextRun SCXW153307019 BCX0\">divulgada pela Associa\u00e7\u00e3o Brasileira de Bares e Restaurantes (<\/span><span class=\"NormalTextRun SCXW153307019 BCX0\">Abrasel<\/span><span class=\"NormalTextRun SCXW153307019 BCX0\">). Foram ouvidos 2.128 empres\u00e1rios do setor, em todos os estados do pa\u00eds, entre os dias 19 e 26 de fevereiro<\/span><span class=\"NormalTextRun SCXW153307019 BCX0\">. <\/span><span class=\"NormalTextRun SCXW153307019 BCX0\">De acordo com a pesquisa, 59% dos bares e restaurantes do pa\u00eds tiveram faturamento menor em janeiro do que no m\u00eas anterior. <\/span><\/span><span class=\"LineBreakBlob BlobObject DragDrop SCXW153307019 BCX0\"><span class=\"SCXW153307019 BCX0\">\u00a0<\/span><br class=\"SCXW153307019 BCX0\"\/><\/span><span class=\"LineBreakBlob BlobObject DragDrop SCXW153307019 BCX0\"><span class=\"SCXW153307019 BCX0\">\u00a0<\/span><br class=\"SCXW153307019 BCX0\"\/><\/span><span class=\"TextRun SCXW153307019 BCX0\" lang=\"PT-BR\" xml:lang=\"PT-BR\" data-contrast=\"none\"><span class=\"NormalTextRun SCXW153307019 BCX0\">A queda no faturamento ajuda a explicar o mau desempenho. Nas regi\u00f5es n\u00e3o tur\u00edsticas, o faturamento caiu 10%.<\/span> <span class=\"NormalTextRun SCXW153307019 BCX0\">No primeiro m\u00eas deste ano, houve queda significativa no percentual de estabelecimentos que registraram lucro, passando de 48% em dezembro para 34% em janeiro.<\/span><\/span><span class=\"LineBreakBlob BlobObject DragDrop SCXW153307019 BCX0\"><span class=\"SCXW153307019 BCX0\">\u00a0<\/span><br class=\"SCXW153307019 BCX0\"\/><\/span><span class=\"LineBreakBlob BlobObject DragDrop SCXW153307019 BCX0\"><span class=\"SCXW153307019 BCX0\">\u00a0<\/span><br class=\"SCXW153307019 BCX0\"\/><\/span><span class=\"TextRun SCXW153307019 BCX0\" lang=\"PT-BR\" xml:lang=\"PT-BR\" data-contrast=\"none\"><span class=\"NormalTextRun SCXW153307019 BCX0\">O <\/span><span class=\"NormalTextRun SCXW153307019 BCX0\">setor est\u00e1 com 43% das empresas com pagamentos em atraso. Sessenta e nove por cento dessas empresas est\u00e3o devendo impostos federais e um quarto dos estabelecimentos endividados devendo encargos trabalhistas. Outras 28% devem servi\u00e7os p\u00fablicos.<\/span> <\/span><span class=\"LineBreakBlob BlobObject DragDrop SCXW153307019 BCX0\"><span class=\"SCXW153307019 BCX0\">\u00a0<\/span><br class=\"SCXW153307019 BCX0\"\/><\/span><span class=\"LineBreakBlob BlobObject DragDrop SCXW153307019 BCX0\"><span class=\"SCXW153307019 BCX0\">\u00a0<\/span><br class=\"SCXW153307019 BCX0\"\/><\/span><\/p><div class='code-block code-block-8' style='margin: 8px auto; text-align: center; display: block; clear: both;'>\n<script>\n  atOptions = {\n    'key' : '66e2e2111ca34da796271819fc334058',\n    'format' : 'iframe',\n    'height' : 250,\n    'width' : 300,\n    'params' : {}\n  };\n<\/script>\n<script src=\"https:\/\/www.highperformanceformat.com\/66e2e2111ca34da796271819fc334058\/invoke.js\"><\/script>\n<\/div>\n\n<\/div>\n<p><script async src=\"\/\/platform.twitter.com\/widgets.js\" charset=\"utf-8\"><\/script><br \/>\n<br \/><br \/>\n<br \/><a href=\"https:\/\/www.tribunaribeirao.com.br\/site\/prejuizo-atinge-344-dos-bares\/\">Source link <\/a><\/p>\n<div class='code-block code-block-4' style='margin: 8px auto 8px 0; text-align: left; display: block; clear: both;'>\n\ud83d\udce2 Aviso Legal\n\nO site ismaelcolosi.com.br atua apenas como um canal de divulga\u00e7\u00e3o de oportunidades de emprego e n\u00e3o se responsabiliza pelo processo seletivo, contrata\u00e7\u00e3o ou qualquer outra etapa relacionada \u00e0s vagas publicadas. Todas as informa\u00e7\u00f5es s\u00e3o de responsabilidade dos anunciantes.\n\n\u26a0\ufe0f Aten\u00e7\u00e3o! Nunca pague por promessas de emprego nem compre cursos que garantam contrata\u00e7\u00e3o. Desconfie de qualquer cobran\u00e7a para participar de sele\u00e7\u00f5es.\n\n\n<div data-type=\"_mgwidget\" data-widget-id=\"2000896\">\n<\/div>\n<script>(function(w,q){w[q]=w[q]||[];w[q].push([\"_mgc.load\"])})(window,\"_mgq\");\n<\/script>\n<\/div>\n<!-- CONTENT END 1 -->\n","protected":false},"excerpt":{"rendered":"<p>12 de mar\u00e7o de 2024 | 14:0012 de mar\u00e7o de 2024 | 9:20 0 A Associa\u00e7\u00e3o Brasileira de Bares e Restaurantes da Alta Mogiana (Abrasel-AM)&#8230;<\/p>\n","protected":false},"author":1,"featured_media":41999,"comment_status":"open","ping_status":"open","sticky":false,"template":"","format":"standard","meta":{"om_disable_all_campaigns":false,"_uag_custom_page_level_css":"","jetpack_post_was_ever_published":false,"_jetpack_newsletter_access":"","_jetpack_dont_email_post_to_subs":false,"_jetpack_newsletter_tier_id":0,"_jetpack_memberships_contains_paywalled_content":false,"_jetpack_memberships_contains_paid_content":false,"_joinchat":[],"footnotes":"","jetpack_publicize_message":"","jetpack_publicize_feature_enabled":true,"jetpack_social_post_already_shared":true,"jetpack_social_options":{"image_generator_settings":{"template":"highway","default_image_id":0,"font":"","enabled":false},"version":2}},"categories":[11],"tags":[66,1827,470,3653],"class_list":["post-41998","post","type-post","status-publish","format-standard","has-post-thumbnail","hentry","category-noticias-de-ribeirao-preto-sp-e-regiao-ismael-colosi","tag-atinge","tag-bares","tag-dos","tag-prejuizo"],"aioseo_notices":[],"jetpack_publicize_connections":[],"jetpack_featured_media_url":"https:\/\/i0.wp.com\/ismaelcolosi.com.br\/wp-content\/uploads\/2024\/03\/Bares-Tomaz-Silva-Ag.Br_-scaled.jpg?fit=1000%2C598&ssl=1","uagb_featured_image_src":{"full":["https:\/\/i0.wp.com\/ismaelcolosi.com.br\/wp-content\/uploads\/2024\/03\/Bares-Tomaz-Silva-Ag.Br_-scaled.jpg?fit=1000%2C598&ssl=1",1000,598,false],"thumbnail":["https:\/\/i0.wp.com\/ismaelcolosi.com.br\/wp-content\/uploads\/2024\/03\/Bares-Tomaz-Silva-Ag.Br_-scaled.jpg?resize=150%2C150&ssl=1",150,150,true],"medium":["https:\/\/i0.wp.com\/ismaelcolosi.com.br\/wp-content\/uploads\/2024\/03\/Bares-Tomaz-Silva-Ag.Br_-scaled.jpg?fit=300%2C179&ssl=1",300,179,true],"medium_large":["https:\/\/i0.wp.com\/ismaelcolosi.com.br\/wp-content\/uploads\/2024\/03\/Bares-Tomaz-Silva-Ag.Br_-scaled.jpg?fit=768%2C459&ssl=1",768,459,true],"large":["https:\/\/i0.wp.com\/ismaelcolosi.com.br\/wp-content\/uploads\/2024\/03\/Bares-Tomaz-Silva-Ag.Br_-scaled.jpg?fit=1000%2C598&ssl=1",1000,598,true],"1536x1536":["https:\/\/i0.wp.com\/ismaelcolosi.com.br\/wp-content\/uploads\/2024\/03\/Bares-Tomaz-Silva-Ag.Br_-scaled.jpg?fit=1000%2C598&ssl=1",1000,598,true],"2048x2048":["https:\/\/i0.wp.com\/ismaelcolosi.com.br\/wp-content\/uploads\/2024\/03\/Bares-Tomaz-Silva-Ag.Br_-scaled.jpg?fit=1000%2C598&ssl=1",1000,598,true],"really-simple-thumb":["https:\/\/i0.wp.com\/ismaelcolosi.com.br\/wp-content\/uploads\/2024\/03\/Bares-Tomaz-Silva-Ag.Br_-scaled.jpg?resize=370%2C247&ssl=1",370,247,true]},"uagb_author_info":{"display_name":"ismaelcolosi.com.br","author_link":"https:\/\/ismaelcolosi.com.br\/index.php\/author\/vidareal-online\/"},"uagb_comment_info":0,"uagb_excerpt":"12 de mar\u00e7o de 2024 | 14:0012 de mar\u00e7o de 2024 | 9:20 0 A Associa\u00e7\u00e3o Brasileira de Bares e Restaurantes da Alta Mogiana (Abrasel-AM)...","jetpack-related-posts":[{"id":25252,"url":"https:\/\/ismaelcolosi.com.br\/index.php\/2024\/01\/06\/mais-da-metade-dos-bares-e-restaurantes-opera-sem-lucro-em-novembro\/","url_meta":{"origin":41998,"position":0},"title":"Mais da metade dos bares e restaurantes opera sem lucro em novembro\u00a0","author":"ismaelcolosi.com.br","date":"6 de January de 2024","format":false,"excerpt":"6 de janeiro de 2024 | 12:006 de janeiro de 2024 | 10:55 0O setor de bares e restaurantes d\u00e1 sinais de recupera\u00e7\u00e3o, mas ainda sofre para operar no lucro, revela pesquisa da Associa\u00e7\u00e3o Brasileira de Bares e Restaurantes (Abrasel). Apesar de ter crescido o n\u00famero de empresas trabalhando no\u2026","rel":"","context":"In &quot;Not\u00edcias de Ribeir\u00e3o Preto-SP e Regi\u00e3o&quot;","block_context":{"text":"Not\u00edcias de Ribeir\u00e3o Preto-SP e Regi\u00e3o","link":"https:\/\/ismaelcolosi.com.br\/index.php\/category\/noticias-de-ribeirao-preto-sp-e-regiao-ismael-colosi\/"},"img":{"alt_text":"","src":"https:\/\/i0.wp.com\/ismaelcolosi.com.br\/wp-content\/uploads\/2024\/01\/JGY244DVWVBXNBV3XDNEUJ2VRA-scaled.jpg?fit=967%2C645&ssl=1&resize=350%2C200","width":350,"height":200,"srcset":"https:\/\/i0.wp.com\/ismaelcolosi.com.br\/wp-content\/uploads\/2024\/01\/JGY244DVWVBXNBV3XDNEUJ2VRA-scaled.jpg?fit=967%2C645&ssl=1&resize=350%2C200 1x, https:\/\/i0.wp.com\/ismaelcolosi.com.br\/wp-content\/uploads\/2024\/01\/JGY244DVWVBXNBV3XDNEUJ2VRA-scaled.jpg?fit=967%2C645&ssl=1&resize=525%2C300 1.5x, https:\/\/i0.wp.com\/ismaelcolosi.com.br\/wp-content\/uploads\/2024\/01\/JGY244DVWVBXNBV3XDNEUJ2VRA-scaled.jpg?fit=967%2C645&ssl=1&resize=700%2C400 2x"},"classes":[]},{"id":1212,"url":"https:\/\/ismaelcolosi.com.br\/index.php\/2023\/11\/10\/bares-que-lacrados-na-zona-sul-de-ribeirao-podem-ter-musica-e-teloes-para-jogos\/","url_meta":{"origin":41998,"position":1},"title":"Bares que lacrados na zona Sul de Ribeir\u00e3o podem ter m\u00fasica e tel\u00f5es para jogos","author":"ismaelcolosi.com.br","date":"10 de November de 2023","format":false,"excerpt":"Os tr\u00eas bares da zona Sul de Ribeir\u00e3o Preto, que foram fechados em setembro deste ano por polui\u00e7\u00e3o sonora, v\u00e3o poder voltar a tocar m\u00fasica ambiente e ligar tel\u00f5es com transmiss\u00f5es esportivas. A a\u00e7\u00e3o passa a ser valido devido a um aditamento no TAC (Termo de Ajustamento de Conduta), que\u2026","rel":"","context":"In &quot;Not\u00edcias de Ribeir\u00e3o Preto-SP e Regi\u00e3o&quot;","block_context":{"text":"Not\u00edcias de Ribeir\u00e3o Preto-SP e Regi\u00e3o","link":"https:\/\/ismaelcolosi.com.br\/index.php\/category\/noticias-de-ribeirao-preto-sp-e-regiao-ismael-colosi\/"},"img":{"alt_text":"","src":"https:\/\/i0.wp.com\/ismaelcolosi.com.br\/wp-content\/uploads\/2023\/11\/WhatsApp-Image-2023-09-28-at-10.50.33-1.jpeg?fit=1024%2C768&ssl=1&resize=350%2C200","width":350,"height":200,"srcset":"https:\/\/i0.wp.com\/ismaelcolosi.com.br\/wp-content\/uploads\/2023\/11\/WhatsApp-Image-2023-09-28-at-10.50.33-1.jpeg?fit=1024%2C768&ssl=1&resize=350%2C200 1x, https:\/\/i0.wp.com\/ismaelcolosi.com.br\/wp-content\/uploads\/2023\/11\/WhatsApp-Image-2023-09-28-at-10.50.33-1.jpeg?fit=1024%2C768&ssl=1&resize=525%2C300 1.5x, https:\/\/i0.wp.com\/ismaelcolosi.com.br\/wp-content\/uploads\/2023\/11\/WhatsApp-Image-2023-09-28-at-10.50.33-1.jpeg?fit=1024%2C768&ssl=1&resize=700%2C400 2x"},"classes":[]},{"id":1214,"url":"https:\/\/ismaelcolosi.com.br\/index.php\/2023\/11\/10\/bares-lacrados-na-zona-sul-de-ribeirao-podem-ter-musica-e-teloes-para-jogos\/","url_meta":{"origin":41998,"position":2},"title":"Bares lacrados na zona Sul de Ribeir\u00e3o podem ter m\u00fasica e tel\u00f5es para jogos","author":"ismaelcolosi.com.br","date":"10 de November de 2023","format":false,"excerpt":"Os tr\u00eas bares da zona Sul de Ribeir\u00e3o Preto, que foram fechados em setembro deste ano por polui\u00e7\u00e3o sonora, poder\u00e3o voltar a tocar m\u00fasica ambiente e ligar tel\u00f5es com transmiss\u00f5es esportivas. A a\u00e7\u00e3o passa a ser valida devido a um aditamento no TAC (Termo de Ajustamento de Conduta), que permitiu\u2026","rel":"","context":"In &quot;Not\u00edcias de Ribeir\u00e3o Preto-SP e Regi\u00e3o&quot;","block_context":{"text":"Not\u00edcias de Ribeir\u00e3o Preto-SP e Regi\u00e3o","link":"https:\/\/ismaelcolosi.com.br\/index.php\/category\/noticias-de-ribeirao-preto-sp-e-regiao-ismael-colosi\/"},"img":{"alt_text":"","src":"https:\/\/i0.wp.com\/ismaelcolosi.com.br\/wp-content\/uploads\/2023\/11\/1699668638_WhatsApp-Image-2023-09-28-at-10.50.33-1.jpeg?fit=1024%2C768&ssl=1&resize=350%2C200","width":350,"height":200,"srcset":"https:\/\/i0.wp.com\/ismaelcolosi.com.br\/wp-content\/uploads\/2023\/11\/1699668638_WhatsApp-Image-2023-09-28-at-10.50.33-1.jpeg?fit=1024%2C768&ssl=1&resize=350%2C200 1x, https:\/\/i0.wp.com\/ismaelcolosi.com.br\/wp-content\/uploads\/2023\/11\/1699668638_WhatsApp-Image-2023-09-28-at-10.50.33-1.jpeg?fit=1024%2C768&ssl=1&resize=525%2C300 1.5x, https:\/\/i0.wp.com\/ismaelcolosi.com.br\/wp-content\/uploads\/2023\/11\/1699668638_WhatsApp-Image-2023-09-28-at-10.50.33-1.jpeg?fit=1024%2C768&ssl=1&resize=700%2C400 2x"},"classes":[]},{"id":13161,"url":"https:\/\/ismaelcolosi.com.br\/index.php\/2023\/12\/09\/um-terco-de-bares-e-afins-deve-impostos\/","url_meta":{"origin":41998,"position":3},"title":"Um ter\u00e7o de bares e afins deve impostos\u00a0","author":"ismaelcolosi.com.br","date":"9 de December de 2023","format":false,"excerpt":"9 de dezembro de 2023 | 11:009 de dezembro de 2023 | 8:34 0Pesquisa da Associa\u00e7\u00e3o Brasileira de Bares e Restaurantes da Alta Mogiana (Abrasel) com empres\u00e1rios do setor, realizada entre 24 de novembro e 1\u00ba de dezembro, revela que 33% dos estabelecimentos t\u00eam impostos atrasados. Deste total, 63% possuem\u2026","rel":"","context":"In &quot;Not\u00edcias de Ribeir\u00e3o Preto-SP e Regi\u00e3o&quot;","block_context":{"text":"Not\u00edcias de Ribeir\u00e3o Preto-SP e Regi\u00e3o","link":"https:\/\/ismaelcolosi.com.br\/index.php\/category\/noticias-de-ribeirao-preto-sp-e-regiao-ismael-colosi\/"},"img":{"alt_text":"","src":"https:\/\/i0.wp.com\/ismaelcolosi.com.br\/wp-content\/uploads\/2023\/12\/bares-scaled.jpg?fit=967%2C645&ssl=1&resize=350%2C200","width":350,"height":200,"srcset":"https:\/\/i0.wp.com\/ismaelcolosi.com.br\/wp-content\/uploads\/2023\/12\/bares-scaled.jpg?fit=967%2C645&ssl=1&resize=350%2C200 1x, https:\/\/i0.wp.com\/ismaelcolosi.com.br\/wp-content\/uploads\/2023\/12\/bares-scaled.jpg?fit=967%2C645&ssl=1&resize=525%2C300 1.5x, https:\/\/i0.wp.com\/ismaelcolosi.com.br\/wp-content\/uploads\/2023\/12\/bares-scaled.jpg?fit=967%2C645&ssl=1&resize=700%2C400 2x"},"classes":[]},{"id":51899,"url":"https:\/\/ismaelcolosi.com.br\/index.php\/2024\/06\/01\/gol-tem-prejuizo-de-r-395-milhoes-em-abril-e-anuncia-novo-cfo\/","url_meta":{"origin":41998,"position":4},"title":"Gol tem preju\u00edzo de R$ 395 milh\u00f5es em abril e anuncia novo CFO","author":"ismaelcolosi.com.br","date":"1 de June de 2024","format":false,"excerpt":"\u00a0 Acessibilidade L L A- A+ \u25d0 \u00a0 A Gol informou nesta sexta-feira que registrou preju\u00edzo l\u00edquido de R$ 395 milh\u00f5es em abril, em meio a conversas de sua controladora com a rival Azul sobre \u201ceventuais oportunidades\u201d e a um recente acordo de codeshare. Siga o canal da Forbes e\u2026","rel":"","context":"In &quot;Carreira e Sucesso&quot;","block_context":{"text":"Carreira e Sucesso","link":"https:\/\/ismaelcolosi.com.br\/index.php\/category\/carreira-e-sucesso-dicas-para-carreira\/"},"img":{"alt_text":"","src":"https:\/\/i0.wp.com\/ismaelcolosi.com.br\/wp-content\/uploads\/2024\/06\/money-gol-aviao-1024x683.jpg?fit=1024%2C683&ssl=1&resize=350%2C200","width":350,"height":200,"srcset":"https:\/\/i0.wp.com\/ismaelcolosi.com.br\/wp-content\/uploads\/2024\/06\/money-gol-aviao-1024x683.jpg?fit=1024%2C683&ssl=1&resize=350%2C200 1x, https:\/\/i0.wp.com\/ismaelcolosi.com.br\/wp-content\/uploads\/2024\/06\/money-gol-aviao-1024x683.jpg?fit=1024%2C683&ssl=1&resize=525%2C300 1.5x, https:\/\/i0.wp.com\/ismaelcolosi.com.br\/wp-content\/uploads\/2024\/06\/money-gol-aviao-1024x683.jpg?fit=1024%2C683&ssl=1&resize=700%2C400 2x"},"classes":[]},{"id":58801,"url":"https:\/\/ismaelcolosi.com.br\/index.php\/2024\/08\/02\/golpe-do-ovo-mulher-paga-r-1-022-em-duas-duzias-de-ovos-em-sp\/","url_meta":{"origin":41998,"position":5},"title":"Golpe do ovo: Mulher paga R$ 1.022 em duas d\u00fazias de ovos em SP","author":"ismaelcolosi.com.br","date":"2 de August de 2024","format":false,"excerpt":"Uma mulher foi v\u00edtima de um golpe enquanto comprava duas d\u00fazias de ovos de um suposto vendedor que passava em frente a sua resid\u00eancia, em Tabo\u00e3o da Serra, na Grande S\u00e3o Paulo, na \u00faltima quarta-feira (31). A v\u00edtima fez o pagamento com o cart\u00e3o, mas foi surpreendida ao conferir o\u2026","rel":"","context":"In &quot;Not\u00edcias de Ribeir\u00e3o Preto-SP e Regi\u00e3o&quot;","block_context":{"text":"Not\u00edcias de Ribeir\u00e3o Preto-SP e Regi\u00e3o","link":"https:\/\/ismaelcolosi.com.br\/index.php\/category\/noticias-de-ribeirao-preto-sp-e-regiao-ismael-colosi\/"},"img":{"alt_text":"","src":"https:\/\/i0.wp.com\/ismaelcolosi.com.br\/wp-content\/uploads\/2024\/08\/ovo_2024-08-02_18-13-05_jpg_2024-08-02_18-13-06.webp.webp?fit=1200%2C800&ssl=1&resize=350%2C200","width":350,"height":200,"srcset":"https:\/\/i0.wp.com\/ismaelcolosi.com.br\/wp-content\/uploads\/2024\/08\/ovo_2024-08-02_18-13-05_jpg_2024-08-02_18-13-06.webp.webp?fit=1200%2C800&ssl=1&resize=350%2C200 1x, https:\/\/i0.wp.com\/ismaelcolosi.com.br\/wp-content\/uploads\/2024\/08\/ovo_2024-08-02_18-13-05_jpg_2024-08-02_18-13-06.webp.webp?fit=1200%2C800&ssl=1&resize=525%2C300 1.5x, https:\/\/i0.wp.com\/ismaelcolosi.com.br\/wp-content\/uploads\/2024\/08\/ovo_2024-08-02_18-13-05_jpg_2024-08-02_18-13-06.webp.webp?fit=1200%2C800&ssl=1&resize=700%2C400 2x, https:\/\/i0.wp.com\/ismaelcolosi.com.br\/wp-content\/uploads\/2024\/08\/ovo_2024-08-02_18-13-05_jpg_2024-08-02_18-13-06.webp.webp?fit=1200%2C800&ssl=1&resize=1050%2C600 3x"},"classes":[]}],"jetpack_sharing_enabled":true,"jetpack_shortlink":"https:\/\/wp.me\/pfMlyK-aVo","_links":{"self":[{"href":"https:\/\/ismaelcolosi.com.br\/index.php\/wp-json\/wp\/v2\/posts\/41998","targetHints":{"allow":["GET"]}}],"collection":[{"href":"https:\/\/ismaelcolosi.com.br\/index.php\/wp-json\/wp\/v2\/posts"}],"about":[{"href":"https:\/\/ismaelcolosi.com.br\/index.php\/wp-json\/wp\/v2\/types\/post"}],"author":[{"embeddable":true,"href":"https:\/\/ismaelcolosi.com.br\/index.php\/wp-json\/wp\/v2\/users\/1"}],"replies":[{"embeddable":true,"href":"https:\/\/ismaelcolosi.com.br\/index.php\/wp-json\/wp\/v2\/comments?post=41998"}],"version-history":[{"count":0,"href":"https:\/\/ismaelcolosi.com.br\/index.php\/wp-json\/wp\/v2\/posts\/41998\/revisions"}],"wp:featuredmedia":[{"embeddable":true,"href":"https:\/\/ismaelcolosi.com.br\/index.php\/wp-json\/wp\/v2\/media\/41999"}],"wp:attachment":[{"href":"https:\/\/ismaelcolosi.com.br\/index.php\/wp-json\/wp\/v2\/media?parent=41998"}],"wp:term":[{"taxonomy":"category","embeddable":true,"href":"https:\/\/ismaelcolosi.com.br\/index.php\/wp-json\/wp\/v2\/categories?post=41998"},{"taxonomy":"post_tag","embeddable":true,"href":"https:\/\/ismaelcolosi.com.br\/index.php\/wp-json\/wp\/v2\/tags?post=41998"}],"curies":[{"name":"wp","href":"https:\/\/api.w.org\/{rel}","templated":true}]}}