{"id":41956,"date":"2024-03-12T10:51:39","date_gmt":"2024-03-12T13:51:39","guid":{"rendered":"https:\/\/ismaelcolosi.com.br\/index.php\/2024\/03\/12\/adolescente-e-detido-com-quase-mil-porcoes-de-drogas\/"},"modified":"2024-03-12T10:51:39","modified_gmt":"2024-03-12T13:51:39","slug":"adolescente-e-detido-com-quase-mil-porcoes-de-drogas","status":"publish","type":"post","link":"https:\/\/ismaelcolosi.com.br\/index.php\/2024\/03\/12\/adolescente-e-detido-com-quase-mil-porcoes-de-drogas\/","title":{"rendered":"Adolescente \u00e9 detido com quase mil por\u00e7\u00f5es de drogas"},"content":{"rendered":"<p> <br \/>\n<\/p>\n<div id=\"post-377080\">\n<header class=\"entry-header penci-entry-header penci-title-center\">\n<h2 class=\"penci-post-subtitle\">Entorpecentes estavam na mochila do menor, que foi flagrado na zona Oeste da cidade<\/h2>\n<p> <span class=\"entry-meta-item penci-posted-on\"><i class=\"fa fa-clock-o\"\/><time class=\"entry-date published updated\" datetime=\"2024-03-12T10:24:44-03:00\">12 de mar\u00e7o de 2024 | 10:24<\/time><\/span><\/p>\n<p> <span class=\"penci-social-buttons penci-social-share-footer\"><a href=\"#\" class=\"penci-post-like penci_post-meta_item  single-like-button penci-social-item like\" data-post_id=\"377080\" title=\"Like\" data-like=\"Like\" data-unlike=\"Unlike\"><i class=\"fa fa-thumbs-o-up\"\/><span class=\"penci-share-number\">2<\/span><\/a><i class=\"fa fa-facebook\"\/><a class=\"penci-social-item twitter\" target=\"_blank\" rel=\"noopener\" title=\"\" href=\"https:\/\/twitter.com\/intent\/tweet?text=Adolescente%20\u00e9%20detido%20com%20quase%20mil%20por\u00e7\u00f5es%20de%20drogas%20-%20https:\/\/www.tribunaribeirao.com.br\/site\/adolescente-e-detido-com-quase-mil-porcoes-de-drogas\/\"><i class=\"fa fa-twitter\"\/><\/a><i class=\"fa fa-whatsapp\"\/><\/span><\/header>\n<div class=\"penci-entry-content entry-content\">\n<p>Por: Adalberto Luque<\/p>\n<p>Um adolescente foi apreendido, na tarde desta segunda-feira (11), com uma mochila repleta de por\u00e7\u00f5es de drogas. Ele estava na Rua Jo\u00e3o Thomazo, Jardim Marchesi, zona Oeste de Ribeir\u00e3o Preto.<\/p>\n<p>Segundo informa\u00e7\u00f5es da Divis\u00e3o Especializada em Investiga\u00e7\u00f5es Criminais (DEIC), as drogas j\u00e1 estavam embaladas e prontas para vender aos usu\u00e1rios. Ele foi surpreendido por uma equipe da Delegacia de Investiga\u00e7\u00f5es Sobre Entorpecentes (DISE).<\/p>\n<p>Dentro da mochila, havia 779 c\u00e1psulas com coca\u00edna e 140 por\u00e7\u00f5es de maconha. A droga foi apreendida. O adolescente foi autuado por ato infracional an\u00e1logo ao tr\u00e1fico de drogas e ficou \u00e0 disposi\u00e7\u00e3o da Justi\u00e7a.<\/p>\n<\/div>\n<footer class=\"penci-entry-footer\"\/><\/div>\n<p><script async src=\"\/\/platform.twitter.com\/widgets.js\" charset=\"utf-8\"><\/script><br \/>\n<br \/><br \/>\n<br \/><a href=\"https:\/\/www.tribunaribeirao.com.br\/site\/adolescente-e-detido-com-quase-mil-porcoes-de-drogas\/\">Source link <\/a><\/p>\n<div class='code-block code-block-4' style='margin: 8px auto 8px 0; text-align: left; display: block; clear: both;'>\n\ud83d\udce2 Aviso Legal\n\nO site ismaelcolosi.com.br atua apenas como um canal de divulga\u00e7\u00e3o de oportunidades de emprego e n\u00e3o se responsabiliza pelo processo seletivo, contrata\u00e7\u00e3o ou qualquer outra etapa relacionada \u00e0s vagas publicadas. Todas as informa\u00e7\u00f5es s\u00e3o de responsabilidade dos anunciantes.\n\n\u26a0\ufe0f Aten\u00e7\u00e3o! Nunca pague por promessas de emprego nem compre cursos que garantam contrata\u00e7\u00e3o. Desconfie de qualquer cobran\u00e7a para participar de sele\u00e7\u00f5es.\n\n\n\n<\/div>\n<!-- CONTENT END 1 -->\n","protected":false},"excerpt":{"rendered":"<p>Entorpecentes estavam na mochila do menor, que foi flagrado na zona Oeste da cidade 12 de mar\u00e7o de 2024 | 10:24 2 Por: Adalberto Luque&#8230;<\/p>\n","protected":false},"author":1,"featured_media":41957,"comment_status":"open","ping_status":"open","sticky":false,"template":"","format":"standard","meta":{"_uag_custom_page_level_css":"","advanced_seo_description":"","jetpack_seo_html_title":"","jetpack_seo_noindex":false,"jetpack_post_was_ever_published":false,"_jetpack_newsletter_access":"","_jetpack_dont_email_post_to_subs":false,"_jetpack_newsletter_tier_id":0,"_jetpack_memberships_contains_paywalled_content":false,"_jetpack_memberships_contains_paid_content":false,"footnotes":"","jetpack_publicize_message":"","jetpack_publicize_feature_enabled":true,"jetpack_social_post_already_shared":true,"jetpack_social_options":{"image_generator_settings":{"template":"highway","default_image_id":0,"font":"","enabled":false},"version":2}},"categories":[11],"tags":[78,1379,1050,402,3526,349],"class_list":["post-41956","post","type-post","status-publish","format-standard","has-post-thumbnail","hentry","category-noticias-de-ribeirao-preto-sp-e-regiao-ismael-colosi","tag-adolescente","tag-detido","tag-drogas","tag-mil","tag-porcoes","tag-quase"],"jetpack_publicize_connections":[],"jetpack_featured_media_url":"https:\/\/i0.wp.com\/ismaelcolosi.com.br\/wp-content\/uploads\/2024\/03\/00-12-mar-2024-apreensao-dise-foto-deic.jpg?fit=564%2C423&ssl=1","uagb_featured_image_src":{"full":["https:\/\/i0.wp.com\/ismaelcolosi.com.br\/wp-content\/uploads\/2024\/03\/00-12-mar-2024-apreensao-dise-foto-deic.jpg?fit=564%2C423&ssl=1",564,423,false],"thumbnail":["https:\/\/i0.wp.com\/ismaelcolosi.com.br\/wp-content\/uploads\/2024\/03\/00-12-mar-2024-apreensao-dise-foto-deic.jpg?resize=150%2C150&ssl=1",150,150,true],"medium":["https:\/\/i0.wp.com\/ismaelcolosi.com.br\/wp-content\/uploads\/2024\/03\/00-12-mar-2024-apreensao-dise-foto-deic.jpg?fit=300%2C225&ssl=1",300,225,true],"medium_large":["https:\/\/i0.wp.com\/ismaelcolosi.com.br\/wp-content\/uploads\/2024\/03\/00-12-mar-2024-apreensao-dise-foto-deic.jpg?fit=564%2C423&ssl=1",564,423,true],"large":["https:\/\/i0.wp.com\/ismaelcolosi.com.br\/wp-content\/uploads\/2024\/03\/00-12-mar-2024-apreensao-dise-foto-deic.jpg?fit=564%2C423&ssl=1",564,423,true],"1536x1536":["https:\/\/i0.wp.com\/ismaelcolosi.com.br\/wp-content\/uploads\/2024\/03\/00-12-mar-2024-apreensao-dise-foto-deic.jpg?fit=564%2C423&ssl=1",564,423,true],"2048x2048":["https:\/\/i0.wp.com\/ismaelcolosi.com.br\/wp-content\/uploads\/2024\/03\/00-12-mar-2024-apreensao-dise-foto-deic.jpg?fit=564%2C423&ssl=1",564,423,true],"really-simple-thumb":["https:\/\/i0.wp.com\/ismaelcolosi.com.br\/wp-content\/uploads\/2024\/03\/00-12-mar-2024-apreensao-dise-foto-deic.jpg?resize=370%2C247&ssl=1",370,247,true]},"uagb_author_info":{"display_name":"ismaelcolosi.com.br","author_link":"https:\/\/ismaelcolosi.com.br\/index.php\/author\/vidareal-online\/"},"uagb_comment_info":0,"uagb_excerpt":"Entorpecentes estavam na mochila do menor, que foi flagrado na zona Oeste da cidade 12 de mar\u00e7o de 2024 | 10:24 2 Por: Adalberto Luque...","jetpack-related-posts":[{"id":41149,"url":"https:\/\/ismaelcolosi.com.br\/index.php\/2024\/03\/06\/rei-das-porcoes-homem-e-preso-com-mil-porcoes-de-drogas\/","url_meta":{"origin":41956,"position":0},"title":"Rei das por\u00e7\u00f5es: homem \u00e9 preso com mil por\u00e7\u00f5es de drogas","author":"ismaelcolosi.com.br","date":"6 de March de 2024","format":false,"excerpt":"Pris\u00e3o ocorreu na zona Oeste e mais de 1 kg de entorpecentes foram apreendidos 6 de mar\u00e7o de 2024 | 16:37 0Por: Adalberto LuqueUm homem foi preso, na tarde desta ter\u00e7a-feira (05), com mais de mil por\u00e7\u00f5es de drogas. Ele foi detido na esquina da Avenida Arlindo Silva Pimenta com\u2026","rel":"","context":"In &quot;Not\u00edcias de Ribeir\u00e3o Preto-SP e Regi\u00e3o&quot;","block_context":{"text":"Not\u00edcias de Ribeir\u00e3o Preto-SP e Regi\u00e3o","link":"https:\/\/ismaelcolosi.com.br\/index.php\/category\/noticias-de-ribeirao-preto-sp-e-regiao-ismael-colosi\/"},"img":{"alt_text":"","src":"https:\/\/i0.wp.com\/ismaelcolosi.com.br\/wp-content\/uploads\/2024\/03\/00-06-mar-2024-drogas-dise-foto-divulgacao-scaled.jpg?fit=1000%2C634&ssl=1&resize=350%2C200","width":350,"height":200,"srcset":"https:\/\/i0.wp.com\/ismaelcolosi.com.br\/wp-content\/uploads\/2024\/03\/00-06-mar-2024-drogas-dise-foto-divulgacao-scaled.jpg?fit=1000%2C634&ssl=1&resize=350%2C200 1x, https:\/\/i0.wp.com\/ismaelcolosi.com.br\/wp-content\/uploads\/2024\/03\/00-06-mar-2024-drogas-dise-foto-divulgacao-scaled.jpg?fit=1000%2C634&ssl=1&resize=525%2C300 1.5x, https:\/\/i0.wp.com\/ismaelcolosi.com.br\/wp-content\/uploads\/2024\/03\/00-06-mar-2024-drogas-dise-foto-divulgacao-scaled.jpg?fit=1000%2C634&ssl=1&resize=700%2C400 2x"},"classes":[]},{"id":12032,"url":"https:\/\/ismaelcolosi.com.br\/index.php\/2023\/12\/07\/traficante-deixa-a-droga-e-foge-ao-ver-gcm\/","url_meta":{"origin":41956,"position":1},"title":"Traficante deixa a droga e foge ao ver GCM","author":"ismaelcolosi.com.br","date":"7 de December de 2023","format":false,"excerpt":"Homem deixou mochila com mais de 1,5 mil por\u00e7\u00f5es de drogas 7 de dezembro de 2023 | 10:08 2Por: Adalberto LuqueA Guarda Civil Metropolitana apreendeu, na tarde desta quarta-feira (06) mais de 1,5 mil por\u00e7\u00f5es de drogas. O material estava com um homem que, ao notar a aproxima\u00e7\u00e3o da viatura,\u2026","rel":"","context":"In &quot;Not\u00edcias de Ribeir\u00e3o Preto-SP e Regi\u00e3o&quot;","block_context":{"text":"Not\u00edcias de Ribeir\u00e3o Preto-SP e Regi\u00e3o","link":"https:\/\/ismaelcolosi.com.br\/index.php\/category\/noticias-de-ribeirao-preto-sp-e-regiao-ismael-colosi\/"},"img":{"alt_text":"","src":"https:\/\/i0.wp.com\/ismaelcolosi.com.br\/wp-content\/uploads\/2023\/12\/00-07-dez-2023-apreensao-gcm-foto-max-gallao-mesquita-scaled.jpg?fit=911%2C645&ssl=1&resize=350%2C200","width":350,"height":200,"srcset":"https:\/\/i0.wp.com\/ismaelcolosi.com.br\/wp-content\/uploads\/2023\/12\/00-07-dez-2023-apreensao-gcm-foto-max-gallao-mesquita-scaled.jpg?fit=911%2C645&ssl=1&resize=350%2C200 1x, https:\/\/i0.wp.com\/ismaelcolosi.com.br\/wp-content\/uploads\/2023\/12\/00-07-dez-2023-apreensao-gcm-foto-max-gallao-mesquita-scaled.jpg?fit=911%2C645&ssl=1&resize=525%2C300 1.5x, https:\/\/i0.wp.com\/ismaelcolosi.com.br\/wp-content\/uploads\/2023\/12\/00-07-dez-2023-apreensao-gcm-foto-max-gallao-mesquita-scaled.jpg?fit=911%2C645&ssl=1&resize=700%2C400 2x"},"classes":[]},{"id":40495,"url":"https:\/\/ismaelcolosi.com.br\/index.php\/2024\/03\/04\/adolescente-e-apanhado-com-drogas-na-zona-leste\/","url_meta":{"origin":41956,"position":2},"title":"Adolescente \u00e9 apanhado com drogas na zona Leste","author":"ismaelcolosi.com.br","date":"4 de March de 2024","format":false,"excerpt":"Rapaz tentou fugir quando viu a viatura da GCM, mas acabou apreendido 4 de mar\u00e7o de 2024 | 10:484 de mar\u00e7o de 2024 | 10:49 0Por: Adalberto LuqueUm adolescente foi apanhado com drogas, neste domingo (03). Ele andava pela Avenida Dr. Urandir Vieira de Souza Leite, Jardim Juliana, zona Leste\u2026","rel":"","context":"In &quot;Not\u00edcias de Ribeir\u00e3o Preto-SP e Regi\u00e3o&quot;","block_context":{"text":"Not\u00edcias de Ribeir\u00e3o Preto-SP e Regi\u00e3o","link":"https:\/\/ismaelcolosi.com.br\/index.php\/category\/noticias-de-ribeirao-preto-sp-e-regiao-ismael-colosi\/"},"img":{"alt_text":"","src":"https:\/\/i0.wp.com\/ismaelcolosi.com.br\/wp-content\/uploads\/2024\/03\/00-04-fev-2024-drogas-gcm-foto-divulgacao-scaled.jpg?fit=543%2C645&ssl=1&resize=350%2C200","width":350,"height":200,"srcset":"https:\/\/i0.wp.com\/ismaelcolosi.com.br\/wp-content\/uploads\/2024\/03\/00-04-fev-2024-drogas-gcm-foto-divulgacao-scaled.jpg?fit=543%2C645&ssl=1&resize=350%2C200 1x, https:\/\/i0.wp.com\/ismaelcolosi.com.br\/wp-content\/uploads\/2024\/03\/00-04-fev-2024-drogas-gcm-foto-divulgacao-scaled.jpg?fit=543%2C645&ssl=1&resize=525%2C300 1.5x"},"classes":[]},{"id":55434,"url":"https:\/\/ismaelcolosi.com.br\/index.php\/2024\/07\/03\/pm-encontra-maconha-colombinha-com-adolescente-em-ribeirao-preto\/","url_meta":{"origin":41956,"position":3},"title":"PM encontra maconha &#8216;colombinha&#8217; com adolescente em Ribeir\u00e3o Preto","author":"ismaelcolosi.com.br","date":"3 de July de 2024","format":false,"excerpt":"Um adolescente de 14 anos foi apreendido na noite desta ter\u00e7a-feira (2) com por\u00e7\u00f5es de drogas, entre as quais a maconha conhecida como \u201ccolombinha\u201d, no Jardim das Palmeiras, zona Norte de Ribeir\u00e3o Preto. A droga, proveniente da Col\u00f4mbia, apresenta maior pureza e efeito mais potente que a do Paraguai, al\u00e9m\u2026","rel":"","context":"In &quot;Not\u00edcias de Ribeir\u00e3o Preto-SP e Regi\u00e3o&quot;","block_context":{"text":"Not\u00edcias de Ribeir\u00e3o Preto-SP e Regi\u00e3o","link":"https:\/\/ismaelcolosi.com.br\/index.php\/category\/noticias-de-ribeirao-preto-sp-e-regiao-ismael-colosi\/"},"img":{"alt_text":"","src":"https:\/\/i0.wp.com\/ismaelcolosi.com.br\/wp-content\/uploads\/2024\/07\/policia_2.jpg?fit=1200%2C900&ssl=1&resize=350%2C200","width":350,"height":200,"srcset":"https:\/\/i0.wp.com\/ismaelcolosi.com.br\/wp-content\/uploads\/2024\/07\/policia_2.jpg?fit=1200%2C900&ssl=1&resize=350%2C200 1x, https:\/\/i0.wp.com\/ismaelcolosi.com.br\/wp-content\/uploads\/2024\/07\/policia_2.jpg?fit=1200%2C900&ssl=1&resize=525%2C300 1.5x, https:\/\/i0.wp.com\/ismaelcolosi.com.br\/wp-content\/uploads\/2024\/07\/policia_2.jpg?fit=1200%2C900&ssl=1&resize=700%2C400 2x, https:\/\/i0.wp.com\/ismaelcolosi.com.br\/wp-content\/uploads\/2024\/07\/policia_2.jpg?fit=1200%2C900&ssl=1&resize=1050%2C600 3x"},"classes":[]},{"id":33601,"url":"https:\/\/ismaelcolosi.com.br\/index.php\/2024\/01\/30\/menor-e-apreendido-traficando-na-zona-oeste\/","url_meta":{"origin":41956,"position":4},"title":"Menor \u00e9 apreendido traficando na zona Oeste","author":"ismaelcolosi.com.br","date":"30 de January de 2024","format":false,"excerpt":"30 de janeiro de 2024 | 7:0929 de janeiro de 2024 | 17:14 1Por: Adalberto LuqueUm jovem de 17 anos foi apreendido, nesta segunda-feira (29). Ele teria sido flagrado traficando drogas nas ruas do Parque Ribeir\u00e3o Preto, zona Oeste da cidade. Durante opera\u00e7\u00e3o feita em local onde \u00e9 comum haver\u2026","rel":"","context":"In &quot;Not\u00edcias de Ribeir\u00e3o Preto-SP e Regi\u00e3o&quot;","block_context":{"text":"Not\u00edcias de Ribeir\u00e3o Preto-SP e Regi\u00e3o","link":"https:\/\/ismaelcolosi.com.br\/index.php\/category\/noticias-de-ribeirao-preto-sp-e-regiao-ismael-colosi\/"},"img":{"alt_text":"","src":"https:\/\/i0.wp.com\/ismaelcolosi.com.br\/wp-content\/uploads\/2024\/01\/00-30-jan-2024-menor-apreendido-foto-dise.jpg?fit=760%2C425&ssl=1&resize=350%2C200","width":350,"height":200,"srcset":"https:\/\/i0.wp.com\/ismaelcolosi.com.br\/wp-content\/uploads\/2024\/01\/00-30-jan-2024-menor-apreendido-foto-dise.jpg?fit=760%2C425&ssl=1&resize=350%2C200 1x, https:\/\/i0.wp.com\/ismaelcolosi.com.br\/wp-content\/uploads\/2024\/01\/00-30-jan-2024-menor-apreendido-foto-dise.jpg?fit=760%2C425&ssl=1&resize=525%2C300 1.5x, https:\/\/i0.wp.com\/ismaelcolosi.com.br\/wp-content\/uploads\/2024\/01\/00-30-jan-2024-menor-apreendido-foto-dise.jpg?fit=760%2C425&ssl=1&resize=700%2C400 2x"},"classes":[]},{"id":25086,"url":"https:\/\/ismaelcolosi.com.br\/index.php\/2024\/01\/05\/dupla-e-presa-em-jardinopolis-com-drogas-e-arma\/","url_meta":{"origin":41956,"position":5},"title":"Dupla \u00e9 presa em Jardin\u00f3polis com drogas e arma","author":"ismaelcolosi.com.br","date":"5 de January de 2024","format":false,"excerpt":"Adulto e adolescente estavam com quase sete quilos de drogas e pistola em resid\u00eancia no bairro M\u00e1rio Marconi, conhecido por Mutir\u00e3o 5 de janeiro de 2024 | 16:015 de janeiro de 2024 | 16:03 2Por: Adalberto LuqueUm homem foi preso e uma adolescente apreendida, na manh\u00e3 desta sexta-feira (05) em\u2026","rel":"","context":"In &quot;Not\u00edcias de Ribeir\u00e3o Preto-SP e Regi\u00e3o&quot;","block_context":{"text":"Not\u00edcias de Ribeir\u00e3o Preto-SP e Regi\u00e3o","link":"https:\/\/ismaelcolosi.com.br\/index.php\/category\/noticias-de-ribeirao-preto-sp-e-regiao-ismael-colosi\/"},"img":{"alt_text":"","src":"https:\/\/i0.wp.com\/ismaelcolosi.com.br\/wp-content\/uploads\/2024\/01\/00-05-jan-2024-trafico-jardinopolis-foto-policia-civil-scaled.jpg?fit=1000%2C555&ssl=1&resize=350%2C200","width":350,"height":200,"srcset":"https:\/\/i0.wp.com\/ismaelcolosi.com.br\/wp-content\/uploads\/2024\/01\/00-05-jan-2024-trafico-jardinopolis-foto-policia-civil-scaled.jpg?fit=1000%2C555&ssl=1&resize=350%2C200 1x, https:\/\/i0.wp.com\/ismaelcolosi.com.br\/wp-content\/uploads\/2024\/01\/00-05-jan-2024-trafico-jardinopolis-foto-policia-civil-scaled.jpg?fit=1000%2C555&ssl=1&resize=525%2C300 1.5x, https:\/\/i0.wp.com\/ismaelcolosi.com.br\/wp-content\/uploads\/2024\/01\/00-05-jan-2024-trafico-jardinopolis-foto-policia-civil-scaled.jpg?fit=1000%2C555&ssl=1&resize=700%2C400 2x"},"classes":[]}],"jetpack_sharing_enabled":true,"jetpack_shortlink":"https:\/\/wp.me\/pfMlyK-aUI","_links":{"self":[{"href":"https:\/\/ismaelcolosi.com.br\/index.php\/wp-json\/wp\/v2\/posts\/41956","targetHints":{"allow":["GET"]}}],"collection":[{"href":"https:\/\/ismaelcolosi.com.br\/index.php\/wp-json\/wp\/v2\/posts"}],"about":[{"href":"https:\/\/ismaelcolosi.com.br\/index.php\/wp-json\/wp\/v2\/types\/post"}],"author":[{"embeddable":true,"href":"https:\/\/ismaelcolosi.com.br\/index.php\/wp-json\/wp\/v2\/users\/1"}],"replies":[{"embeddable":true,"href":"https:\/\/ismaelcolosi.com.br\/index.php\/wp-json\/wp\/v2\/comments?post=41956"}],"version-history":[{"count":0,"href":"https:\/\/ismaelcolosi.com.br\/index.php\/wp-json\/wp\/v2\/posts\/41956\/revisions"}],"wp:featuredmedia":[{"embeddable":true,"href":"https:\/\/ismaelcolosi.com.br\/index.php\/wp-json\/wp\/v2\/media\/41957"}],"wp:attachment":[{"href":"https:\/\/ismaelcolosi.com.br\/index.php\/wp-json\/wp\/v2\/media?parent=41956"}],"wp:term":[{"taxonomy":"category","embeddable":true,"href":"https:\/\/ismaelcolosi.com.br\/index.php\/wp-json\/wp\/v2\/categories?post=41956"},{"taxonomy":"post_tag","embeddable":true,"href":"https:\/\/ismaelcolosi.com.br\/index.php\/wp-json\/wp\/v2\/tags?post=41956"}],"curies":[{"name":"wp","href":"https:\/\/api.w.org\/{rel}","templated":true}]}}