{"id":41942,"date":"2024-03-12T09:42:40","date_gmt":"2024-03-12T12:42:40","guid":{"rendered":"https:\/\/ismaelcolosi.com.br\/index.php\/2024\/03\/12\/morre-o-poeta-e-trovador-nilton-manoel\/"},"modified":"2024-03-12T09:42:40","modified_gmt":"2024-03-12T12:42:40","slug":"morre-o-poeta-e-trovador-nilton-manoel","status":"publish","type":"post","link":"https:\/\/ismaelcolosi.com.br\/index.php\/2024\/03\/12\/morre-o-poeta-e-trovador-nilton-manoel\/","title":{"rendered":"Morre o poeta e trovador Nilton Manoel"},"content":{"rendered":"<p> <br \/>\n<\/p>\n<div id=\"post-377030\">\n<header class=\"entry-header penci-entry-header penci-title-center\">\n<p> <span class=\"entry-meta-item penci-posted-on\"><i class=\"fa fa-clock-o\"\/><time class=\"entry-date published updated\" datetime=\"2024-03-12T09:06:22-03:00\">12 de mar\u00e7o de 2024 | 9:06<\/time><\/span><\/p>\n<p> <span class=\"penci-social-buttons penci-social-share-footer\"><a href=\"#\" class=\"penci-post-like penci_post-meta_item  single-like-button penci-social-item like\" data-post_id=\"377030\" title=\"Like\" data-like=\"Like\" data-unlike=\"Unlike\"><i class=\"fa fa-thumbs-o-up\"\/><span class=\"penci-share-number\">0<\/span><\/a><i class=\"fa fa-facebook\"\/><a class=\"penci-social-item twitter\" target=\"_blank\" rel=\"noopener\" title=\"\" href=\"https:\/\/twitter.com\/intent\/tweet?text=Morre%20o%20poeta%20e%20trovador%20Nilton%20Manoel%20-%20https:\/\/www.tribunaribeirao.com.br\/site\/morre-o-poeta-e-trovador-nilton-manoel\/\"><i class=\"fa fa-twitter\"\/><\/a><i class=\"fa fa-whatsapp\"\/><\/span><\/header>\n<div class=\"penci-entry-content entry-content\">\n<p>Morreu Nilton Manoel, presidente da Uni\u00e3o Brasileira de Trovadores, Se\u00e7\u00e3o Ribeir\u00e3o Preto. Apaixonado pelo of\u00edcio, ele fomentava a arte da Trova para alunos de escolas p\u00fablicas. Amante das letras, Nilton tamb\u00e9m foi um dos fundadores da Academia de Letras e Artes de Ribeir\u00e3o Preto.<\/p><div class='code-block code-block-8' style='margin: 8px auto; text-align: center; display: block; clear: both;'>\n<script>\n  atOptions = {\n    'key' : '66e2e2111ca34da796271819fc334058',\n    'format' : 'iframe',\n    'height' : 250,\n    'width' : 300,\n    'params' : {}\n  };\n<\/script>\n<script src=\"https:\/\/www.highperformanceformat.com\/66e2e2111ca34da796271819fc334058\/invoke.js\"><\/script>\n<\/div>\n\n<p>As homenagens ser\u00e3o realizadas at\u00e9 \u00e0s 16h no Memorial Campos El\u00edseos, na rua Fern\u00e3o salas, 1287 \u2013 Sala Esmeralda. Depois segue para o Parque dos Girass\u00f3is, na rua Afonso Valera, 350 \u2013 Recreio das Ac\u00e1cias<\/p>\n<p><strong>Homenagem<\/strong>:<\/p>\n<p>Nilton Manoel! Trovador, Poeta, Educador!<br \/>Uma vida de profundo Amor por Ribeir\u00e3o!<br \/>Presidente da Uni\u00e3o Brasileira de Trovadores, Se\u00e7\u00e3o Ribeir\u00e3o Preto.<br \/>Realizador por muitos anos dos Jogos Florais e Jogos Florais da Juventude.<br \/>Fomentava, difundia a arte da Trova a alunos de escolas p\u00fablicas! E a todos que quisessem aprender!<br \/>Colaborou em diversas entidades liter\u00e1rias da cidade, sendo um dos fundadores da @alarp_ribeirao .<br \/>Morador dos mais queridos da Amada Vila Tib\u00e9rio!<br \/>Ribeir\u00e3o Preto perde um dos seus mais brilhantes filhos!<br \/>Segue em Paz, Trovador!<\/p>\n<\/div>\n<footer class=\"penci-entry-footer\"\/><\/div>\n<p><script async src=\"\/\/platform.twitter.com\/widgets.js\" charset=\"utf-8\"><\/script><br \/>\n<br \/><br \/>\n<br \/><a href=\"https:\/\/www.tribunaribeirao.com.br\/site\/morre-o-poeta-e-trovador-nilton-manoel\/\">Source link <\/a><\/p>\n<div class='code-block code-block-4' style='margin: 8px auto 8px 0; text-align: left; display: block; clear: both;'>\n\ud83d\udce2 Aviso Legal\n\nO site ismaelcolosi.com.br atua apenas como um canal de divulga\u00e7\u00e3o de oportunidades de emprego e n\u00e3o se responsabiliza pelo processo seletivo, contrata\u00e7\u00e3o ou qualquer outra etapa relacionada \u00e0s vagas publicadas. Todas as informa\u00e7\u00f5es s\u00e3o de responsabilidade dos anunciantes.\n\n\u26a0\ufe0f Aten\u00e7\u00e3o! Nunca pague por promessas de emprego nem compre cursos que garantam contrata\u00e7\u00e3o. Desconfie de qualquer cobran\u00e7a para participar de sele\u00e7\u00f5es.\n\n\n\n<\/div>\n<!-- CONTENT END 1 -->\n","protected":false},"excerpt":{"rendered":"<p>12 de mar\u00e7o de 2024 | 9:06 0 Morreu Nilton Manoel, presidente da Uni\u00e3o Brasileira de Trovadores, Se\u00e7\u00e3o Ribeir\u00e3o Preto. Apaixonado pelo of\u00edcio, ele fomentava&#8230;<\/p>\n","protected":false},"author":1,"featured_media":41943,"comment_status":"open","ping_status":"open","sticky":false,"template":"","format":"standard","meta":{"_uag_custom_page_level_css":"","advanced_seo_description":"","jetpack_seo_html_title":"","jetpack_seo_noindex":false,"jetpack_post_was_ever_published":false,"_jetpack_newsletter_access":"","_jetpack_dont_email_post_to_subs":false,"_jetpack_newsletter_tier_id":0,"_jetpack_memberships_contains_paywalled_content":false,"_jetpack_memberships_contains_paid_content":false,"footnotes":"","jetpack_publicize_message":"","jetpack_publicize_feature_enabled":true,"jetpack_social_post_already_shared":true,"jetpack_social_options":{"image_generator_settings":{"template":"highway","default_image_id":0,"font":"","enabled":false},"version":2}},"categories":[11],"tags":[4954,271,4953,4951,4952],"class_list":["post-41942","post","type-post","status-publish","format-standard","has-post-thumbnail","hentry","category-noticias-de-ribeirao-preto-sp-e-regiao-ismael-colosi","tag-manoel","tag-morre","tag-nilton","tag-poeta","tag-trovador"],"jetpack_publicize_connections":[],"jetpack_featured_media_url":"https:\/\/i0.wp.com\/ismaelcolosi.com.br\/wp-content\/uploads\/2024\/03\/808c6f71-2b87-422f-9c84-d01e4a7d381c.jpg?fit=717%2C717&ssl=1","uagb_featured_image_src":{"full":["https:\/\/i0.wp.com\/ismaelcolosi.com.br\/wp-content\/uploads\/2024\/03\/808c6f71-2b87-422f-9c84-d01e4a7d381c.jpg?fit=717%2C717&ssl=1",717,717,false],"thumbnail":["https:\/\/i0.wp.com\/ismaelcolosi.com.br\/wp-content\/uploads\/2024\/03\/808c6f71-2b87-422f-9c84-d01e4a7d381c.jpg?resize=150%2C150&ssl=1",150,150,true],"medium":["https:\/\/i0.wp.com\/ismaelcolosi.com.br\/wp-content\/uploads\/2024\/03\/808c6f71-2b87-422f-9c84-d01e4a7d381c.jpg?fit=300%2C300&ssl=1",300,300,true],"medium_large":["https:\/\/i0.wp.com\/ismaelcolosi.com.br\/wp-content\/uploads\/2024\/03\/808c6f71-2b87-422f-9c84-d01e4a7d381c.jpg?fit=717%2C717&ssl=1",717,717,true],"large":["https:\/\/i0.wp.com\/ismaelcolosi.com.br\/wp-content\/uploads\/2024\/03\/808c6f71-2b87-422f-9c84-d01e4a7d381c.jpg?fit=717%2C717&ssl=1",717,717,true],"1536x1536":["https:\/\/i0.wp.com\/ismaelcolosi.com.br\/wp-content\/uploads\/2024\/03\/808c6f71-2b87-422f-9c84-d01e4a7d381c.jpg?fit=717%2C717&ssl=1",717,717,true],"2048x2048":["https:\/\/i0.wp.com\/ismaelcolosi.com.br\/wp-content\/uploads\/2024\/03\/808c6f71-2b87-422f-9c84-d01e4a7d381c.jpg?fit=717%2C717&ssl=1",717,717,true],"really-simple-thumb":["https:\/\/i0.wp.com\/ismaelcolosi.com.br\/wp-content\/uploads\/2024\/03\/808c6f71-2b87-422f-9c84-d01e4a7d381c.jpg?resize=370%2C247&ssl=1",370,247,true]},"uagb_author_info":{"display_name":"ismaelcolosi.com.br","author_link":"https:\/\/ismaelcolosi.com.br\/index.php\/author\/vidareal-online\/"},"uagb_comment_info":0,"uagb_excerpt":"12 de mar\u00e7o de 2024 | 9:06 0 Morreu Nilton Manoel, presidente da Uni\u00e3o Brasileira de Trovadores, Se\u00e7\u00e3o Ribeir\u00e3o Preto. Apaixonado pelo of\u00edcio, ele fomentava...","jetpack-related-posts":[{"id":80200,"url":"https:\/\/ismaelcolosi.com.br\/index.php\/2024\/12\/21\/morre-o-ex-vereador-de-ribeirao-preto-manoel-negrao-azevedo\/","url_meta":{"origin":41942,"position":0},"title":"Morre o ex-vereador de Ribeir\u00e3o Preto Manoel Negr\u00e3o Azevedo","author":"ismaelcolosi.com.br","date":"21 de December de 2024","format":false,"excerpt":"Morreu nesta sexta-feira (20) o ex-vereador de Ribeir\u00e3o Preto Manoel Negr\u00e3o Azevedo, aos 94 anos. A informa\u00e7\u00e3o foi confirmada pelos familiares do ex-parlamentar. As causas da morte, por\u00e9m, n\u00e3o foram informadas. O mandato de Negr\u00e3o Azevedo aconteceu entre os anos de 1977 e 1983. Ele foi terceiro vereador negro da\u2026","rel":"","context":"In &quot;Not\u00edcias de Ribeir\u00e3o Preto-SP e Regi\u00e3o&quot;","block_context":{"text":"Not\u00edcias de Ribeir\u00e3o Preto-SP e Regi\u00e3o","link":"https:\/\/ismaelcolosi.com.br\/index.php\/category\/noticias-de-ribeirao-preto-sp-e-regiao-ismael-colosi\/"},"img":{"alt_text":"","src":"https:\/\/i0.wp.com\/ismaelcolosi.com.br\/wp-content\/uploads\/2024\/12\/Copia-de-Copia-de-Copia-de-TAMANHO-EXATO-PARA-FOTOS-NO-SISTEMA-NOVO-2024-12-21T171908.588_2024-12-21_20-19-28_png_2024-12-21_20-19-28.webp.webp?fit=1200%2C675&ssl=1&resize=350%2C200","width":350,"height":200,"srcset":"https:\/\/i0.wp.com\/ismaelcolosi.com.br\/wp-content\/uploads\/2024\/12\/Copia-de-Copia-de-Copia-de-TAMANHO-EXATO-PARA-FOTOS-NO-SISTEMA-NOVO-2024-12-21T171908.588_2024-12-21_20-19-28_png_2024-12-21_20-19-28.webp.webp?fit=1200%2C675&ssl=1&resize=350%2C200 1x, https:\/\/i0.wp.com\/ismaelcolosi.com.br\/wp-content\/uploads\/2024\/12\/Copia-de-Copia-de-Copia-de-TAMANHO-EXATO-PARA-FOTOS-NO-SISTEMA-NOVO-2024-12-21T171908.588_2024-12-21_20-19-28_png_2024-12-21_20-19-28.webp.webp?fit=1200%2C675&ssl=1&resize=525%2C300 1.5x, https:\/\/i0.wp.com\/ismaelcolosi.com.br\/wp-content\/uploads\/2024\/12\/Copia-de-Copia-de-Copia-de-TAMANHO-EXATO-PARA-FOTOS-NO-SISTEMA-NOVO-2024-12-21T171908.588_2024-12-21_20-19-28_png_2024-12-21_20-19-28.webp.webp?fit=1200%2C675&ssl=1&resize=700%2C400 2x, https:\/\/i0.wp.com\/ismaelcolosi.com.br\/wp-content\/uploads\/2024\/12\/Copia-de-Copia-de-Copia-de-TAMANHO-EXATO-PARA-FOTOS-NO-SISTEMA-NOVO-2024-12-21T171908.588_2024-12-21_20-19-28_png_2024-12-21_20-19-28.webp.webp?fit=1200%2C675&ssl=1&resize=1050%2C600 3x"},"classes":[]},{"id":1063,"url":"https:\/\/ismaelcolosi.com.br\/index.php\/2023\/11\/10\/rp-recebeu-r-32-mi-em-emendas\/","url_meta":{"origin":41942,"position":1},"title":"RP recebeu R$ 3,2 mi em emendas\u00a0","author":"ismaelcolosi.com.br","date":"10 de November de 2023","format":false,"excerpt":"10 de novembro de 2023 | 10:0010 de novembro de 2023 | 8:16 0Dados da prefeitura de Ribeir\u00e3o Preto| revelam que, neste ano, a cidade j\u00e1 recebeu R$ 3.215.000 em emendas parlamentares individuais feitas por deputados federais. Os recursos foram enviados por meio de Transfer\u00eancia Especial, criada pela Emenda Constitucional\u2026","rel":"","context":"In &quot;Not\u00edcias de Ribeir\u00e3o Preto-SP e Regi\u00e3o&quot;","block_context":{"text":"Not\u00edcias de Ribeir\u00e3o Preto-SP e Regi\u00e3o","link":"https:\/\/ismaelcolosi.com.br\/index.php\/category\/noticias-de-ribeirao-preto-sp-e-regiao-ismael-colosi\/"},"img":{"alt_text":"","src":"https:\/\/i0.wp.com\/ismaelcolosi.com.br\/wp-content\/uploads\/2023\/11\/camara.jpg?fit=800%2C478&ssl=1&resize=350%2C200","width":350,"height":200,"srcset":"https:\/\/i0.wp.com\/ismaelcolosi.com.br\/wp-content\/uploads\/2023\/11\/camara.jpg?fit=800%2C478&ssl=1&resize=350%2C200 1x, https:\/\/i0.wp.com\/ismaelcolosi.com.br\/wp-content\/uploads\/2023\/11\/camara.jpg?fit=800%2C478&ssl=1&resize=525%2C300 1.5x, https:\/\/i0.wp.com\/ismaelcolosi.com.br\/wp-content\/uploads\/2023\/11\/camara.jpg?fit=800%2C478&ssl=1&resize=700%2C400 2x"},"classes":[]},{"id":48045,"url":"https:\/\/ismaelcolosi.com.br\/index.php\/2024\/04\/30\/presidente-do-bb-ganha-944-menos-que-outros-ceos\/","url_meta":{"origin":41942,"position":2},"title":"Presidente do BB ganha 94,4% menos que outros CEOs","author":"ismaelcolosi.com.br","date":"30 de April de 2024","format":false,"excerpt":"Nilton Fukuda\/Ag\u00eancia PerspectivaTarciana Medeiros \u00e9 a primeira\u00a0mulher a presidir o Banco do Brasil A Assembleia Geral de Acionistas do Banco do Brasil rejeitou o aumento de 56,7% para a presidente do banco, Tarciana Medeiros, e demais membros da diretoria. De acordo com o documento da reuni\u00e3o, que aconteceu na \u00faltima\u2026","rel":"","context":"In &quot;Carreira e Sucesso&quot;","block_context":{"text":"Carreira e Sucesso","link":"https:\/\/ismaelcolosi.com.br\/index.php\/category\/carreira-e-sucesso-dicas-para-carreira\/"},"img":{"alt_text":"","src":"https:\/\/i0.wp.com\/ismaelcolosi.com.br\/wp-content\/uploads\/2024\/04\/Tarciana-Medeiros-1024x683.png?fit=1024%2C683&ssl=1&resize=350%2C200","width":350,"height":200,"srcset":"https:\/\/i0.wp.com\/ismaelcolosi.com.br\/wp-content\/uploads\/2024\/04\/Tarciana-Medeiros-1024x683.png?fit=1024%2C683&ssl=1&resize=350%2C200 1x, https:\/\/i0.wp.com\/ismaelcolosi.com.br\/wp-content\/uploads\/2024\/04\/Tarciana-Medeiros-1024x683.png?fit=1024%2C683&ssl=1&resize=525%2C300 1.5x, https:\/\/i0.wp.com\/ismaelcolosi.com.br\/wp-content\/uploads\/2024\/04\/Tarciana-Medeiros-1024x683.png?fit=1024%2C683&ssl=1&resize=700%2C400 2x"},"classes":[]},{"id":18503,"url":"https:\/\/ismaelcolosi.com.br\/index.php\/2023\/12\/20\/morre-cantor-amado-apos-problema-renal-e-famosos-lamentam-a-perda-sentiremos-falta-de-voce\/","url_meta":{"origin":41942,"position":3},"title":"Morre cantor amado ap\u00f3s problema renal e famosos lamentam a perda: &#8216;Sentiremos falta de voc\u00ea&#8217;","author":"ismaelcolosi.com.br","date":"20 de December de 2023","format":false,"excerpt":"Nesta semana, o Brasil perdeu mais um de seus grandes nomes da m\u00fasica. Faleceu o cantor Veloso Dias, que se tornou bastante conhecido em todo o pa\u00eds por compor m\u00fasicas de grande sucesso.Entre as composi\u00e7\u00f5es famosas de Veloso Dias est\u00e1 Ex Mais Love, que fez sucesso na voz da cantora\u2026","rel":"","context":"In &quot;Blog&quot;","block_context":{"text":"Blog","link":"https:\/\/ismaelcolosi.com.br\/index.php\/category\/blog\/"},"img":{"alt_text":"","src":"https:\/\/i0.wp.com\/ismaelcolosi.com.br\/wp-content\/uploads\/2023\/12\/postimg-6583294574f078691.jpg?fit=1200%2C628&ssl=1&resize=350%2C200","width":350,"height":200,"srcset":"https:\/\/i0.wp.com\/ismaelcolosi.com.br\/wp-content\/uploads\/2023\/12\/postimg-6583294574f078691.jpg?fit=1200%2C628&ssl=1&resize=350%2C200 1x, https:\/\/i0.wp.com\/ismaelcolosi.com.br\/wp-content\/uploads\/2023\/12\/postimg-6583294574f078691.jpg?fit=1200%2C628&ssl=1&resize=525%2C300 1.5x, https:\/\/i0.wp.com\/ismaelcolosi.com.br\/wp-content\/uploads\/2023\/12\/postimg-6583294574f078691.jpg?fit=1200%2C628&ssl=1&resize=700%2C400 2x, https:\/\/i0.wp.com\/ismaelcolosi.com.br\/wp-content\/uploads\/2023\/12\/postimg-6583294574f078691.jpg?fit=1200%2C628&ssl=1&resize=1050%2C600 3x"},"classes":[]},{"id":32806,"url":"https:\/\/ismaelcolosi.com.br\/index.php\/2024\/01\/26\/bairro-da-zona-leste-de-ribeirao-recebe-atividades-culturais-gratuitas-neste-sabado-2\/","url_meta":{"origin":41942,"position":4},"title":"Bairro da zona Leste de Ribeir\u00e3o recebe atividades culturais gratuitas neste s\u00e1bado","author":"ismaelcolosi.com.br","date":"26 de January de 2024","format":false,"excerpt":"Neste s\u00e1bado (27), o projeto \u201cCultura em Todo Lugar\u201d, da Secretaria Municipal da Cultura e Turismo de Ribeir\u00e3o Preto, chega ao bairro Jardim Manoel Penna. O evento \u00e9 gratuito e acontecer\u00e1 das 9h \u00e0s 12h, na Pra\u00e7a Leopoldo Lima, localizada na rua Alfredo Faria de Souza, 290, na zona Leste.\u2026","rel":"","context":"In &quot;Not\u00edcias de Ribeir\u00e3o Preto-SP e Regi\u00e3o&quot;","block_context":{"text":"Not\u00edcias de Ribeir\u00e3o Preto-SP e Regi\u00e3o","link":"https:\/\/ismaelcolosi.com.br\/index.php\/category\/noticias-de-ribeirao-preto-sp-e-regiao-ismael-colosi\/"},"img":{"alt_text":"","src":"https:\/\/i0.wp.com\/ismaelcolosi.com.br\/wp-content\/uploads\/2024\/01\/cultura_jardim_manoel_penna_1.jpeg?fit=1200%2C992&ssl=1&resize=350%2C200","width":350,"height":200,"srcset":"https:\/\/i0.wp.com\/ismaelcolosi.com.br\/wp-content\/uploads\/2024\/01\/cultura_jardim_manoel_penna_1.jpeg?fit=1200%2C992&ssl=1&resize=350%2C200 1x, https:\/\/i0.wp.com\/ismaelcolosi.com.br\/wp-content\/uploads\/2024\/01\/cultura_jardim_manoel_penna_1.jpeg?fit=1200%2C992&ssl=1&resize=525%2C300 1.5x, https:\/\/i0.wp.com\/ismaelcolosi.com.br\/wp-content\/uploads\/2024\/01\/cultura_jardim_manoel_penna_1.jpeg?fit=1200%2C992&ssl=1&resize=700%2C400 2x, https:\/\/i0.wp.com\/ismaelcolosi.com.br\/wp-content\/uploads\/2024\/01\/cultura_jardim_manoel_penna_1.jpeg?fit=1200%2C992&ssl=1&resize=1050%2C600 3x"},"classes":[]},{"id":24627,"url":"https:\/\/ismaelcolosi.com.br\/index.php\/2024\/01\/04\/linha-de-onibus-do-jardim-progresso-tera-trajeto-alterado-amanha-dia-5\/","url_meta":{"origin":41942,"position":5},"title":"Linha de \u00f4nibus do Jardim Progresso ter\u00e1 trajeto alterado nesta sexta (5)","author":"ismaelcolosi.com.br","date":"4 de January de 2024","format":false,"excerpt":"4 de janeiro de 2024 | 18:004 de janeiro de 2024 | 18:32 0A linha convencional de \u00f4nibus urbano 506 \u2013 Jardim Progresso, ter\u00e1 o trajeto alterado nesta sexta-feira, dia 5 de janeiro de 2024, por conta do servi\u00e7o de manuten\u00e7\u00e3o na rede de energia el\u00e9trica na rua B Quinze,\u2026","rel":"","context":"In &quot;Not\u00edcias de Ribeir\u00e3o Preto-SP e Regi\u00e3o&quot;","block_context":{"text":"Not\u00edcias de Ribeir\u00e3o Preto-SP e Regi\u00e3o","link":"https:\/\/ismaelcolosi.com.br\/index.php\/category\/noticias-de-ribeirao-preto-sp-e-regiao-ismael-colosi\/"},"img":{"alt_text":"","src":"https:\/\/i0.wp.com\/ismaelcolosi.com.br\/wp-content\/uploads\/2024\/01\/trajetos_alterados_onibus_rpmobi-scaled.jpg?fit=1000%2C563&ssl=1&resize=350%2C200","width":350,"height":200,"srcset":"https:\/\/i0.wp.com\/ismaelcolosi.com.br\/wp-content\/uploads\/2024\/01\/trajetos_alterados_onibus_rpmobi-scaled.jpg?fit=1000%2C563&ssl=1&resize=350%2C200 1x, https:\/\/i0.wp.com\/ismaelcolosi.com.br\/wp-content\/uploads\/2024\/01\/trajetos_alterados_onibus_rpmobi-scaled.jpg?fit=1000%2C563&ssl=1&resize=525%2C300 1.5x, https:\/\/i0.wp.com\/ismaelcolosi.com.br\/wp-content\/uploads\/2024\/01\/trajetos_alterados_onibus_rpmobi-scaled.jpg?fit=1000%2C563&ssl=1&resize=700%2C400 2x"},"classes":[]}],"jetpack_sharing_enabled":true,"jetpack_shortlink":"https:\/\/wp.me\/pfMlyK-aUu","_links":{"self":[{"href":"https:\/\/ismaelcolosi.com.br\/index.php\/wp-json\/wp\/v2\/posts\/41942","targetHints":{"allow":["GET"]}}],"collection":[{"href":"https:\/\/ismaelcolosi.com.br\/index.php\/wp-json\/wp\/v2\/posts"}],"about":[{"href":"https:\/\/ismaelcolosi.com.br\/index.php\/wp-json\/wp\/v2\/types\/post"}],"author":[{"embeddable":true,"href":"https:\/\/ismaelcolosi.com.br\/index.php\/wp-json\/wp\/v2\/users\/1"}],"replies":[{"embeddable":true,"href":"https:\/\/ismaelcolosi.com.br\/index.php\/wp-json\/wp\/v2\/comments?post=41942"}],"version-history":[{"count":0,"href":"https:\/\/ismaelcolosi.com.br\/index.php\/wp-json\/wp\/v2\/posts\/41942\/revisions"}],"wp:featuredmedia":[{"embeddable":true,"href":"https:\/\/ismaelcolosi.com.br\/index.php\/wp-json\/wp\/v2\/media\/41943"}],"wp:attachment":[{"href":"https:\/\/ismaelcolosi.com.br\/index.php\/wp-json\/wp\/v2\/media?parent=41942"}],"wp:term":[{"taxonomy":"category","embeddable":true,"href":"https:\/\/ismaelcolosi.com.br\/index.php\/wp-json\/wp\/v2\/categories?post=41942"},{"taxonomy":"post_tag","embeddable":true,"href":"https:\/\/ismaelcolosi.com.br\/index.php\/wp-json\/wp\/v2\/tags?post=41942"}],"curies":[{"name":"wp","href":"https:\/\/api.w.org\/{rel}","templated":true}]}}