{"id":41936,"date":"2024-03-12T09:14:38","date_gmt":"2024-03-12T12:14:38","guid":{"rendered":"https:\/\/ismaelcolosi.com.br\/index.php\/2024\/03\/12\/show-do-jao-arrecada-25-toneladas-de-alimentos-em-ribeirao-preto\/"},"modified":"2024-03-12T09:14:38","modified_gmt":"2024-03-12T12:14:38","slug":"show-do-jao-arrecada-25-toneladas-de-alimentos-em-ribeirao-preto","status":"publish","type":"post","link":"https:\/\/ismaelcolosi.com.br\/index.php\/2024\/03\/12\/show-do-jao-arrecada-25-toneladas-de-alimentos-em-ribeirao-preto\/","title":{"rendered":"Show do J\u00e3o arrecada 2,5 toneladas de alimentos em Ribeir\u00e3o Preto"},"content":{"rendered":"<p> <br \/>\n<\/p>\n<div data-td-block-uid=\"tdi_101\">\n<div class=\"tdb-block-inner td-fix-index\">\n<p><strong>O show do cantor J\u00e3o na \u201cSuperturn\u00ea\u201d, em Ribeir\u00e3o Preto, arrecadou 2,5 toneladas em alimentos n\u00e3o perec\u00edveis para doa\u00e7\u00e3o a entidades da cidade, por meio do Fundo Social de Solidariedade (FSS).<\/strong> O evento <strong>aconteceu<\/strong> no \u00faltimo<strong> s\u00e1bado (9)<\/strong>, no <strong>Est\u00e1dio Palma Travassos (Comercial)<\/strong>.<\/p>\n<p>O evento contou com a op\u00e7\u00e3o de\u00a0<strong>\u201cingresso solid\u00e1rio\u201d<\/strong>. Na entrada, equipes volunt\u00e1rias do\u00a0<strong>FSS<\/strong>\u00a0recebiam os\u00a0<strong>alimentos<\/strong> doados por f\u00e3s do cantor,\u00a0que posteriormente ser\u00e3o\u00a0<strong>destinados\u00a0<\/strong>ao atendimento de\u00a0<strong>pessoas\u00a0<\/strong>em\u00a0<strong>situa\u00e7\u00e3o de risco<\/strong>.<\/p><div class='code-block code-block-8' style='margin: 8px auto; text-align: center; display: block; clear: both;'>\n<script>\n  atOptions = {\n    'key' : '66e2e2111ca34da796271819fc334058',\n    'format' : 'iframe',\n    'height' : 250,\n    'width' : 300,\n    'params' : {}\n  };\n<\/script>\n<script src=\"https:\/\/www.highperformanceformat.com\/66e2e2111ca34da796271819fc334058\/invoke.js\"><\/script>\n<\/div>\n\n<blockquote class=\"wp-block-quote\">\n<p>\u201cMais um grande evento na cidade que nos ajuda a manter o abastecimento de alimentos. Os eventos que aderem ao ingresso solid\u00e1rio, al\u00e9m do entretenimento, a causa social \u00e9 tamb\u00e9m \u00e9 exercida\u201d, ressaltou a presidente do Fundo Social de Solidariedade, Mariana J\u00e1bali.<\/p>\n<\/blockquote>\n<p>SAIBA MAIS<br \/>Com onda de calor, interior de SP ainda pode ter chuva; Veja previs\u00e3o para 5 dias em Ribeir\u00e3o<\/p>\n<h4 class=\"wp-block-heading\"><strong>FIQUE ON<\/strong><\/h4>\n<p>Fique ligado em tudo que acontece em Ribeir\u00e3o Preto e regi\u00e3o. Siga os perfis do <strong>acidade on<\/strong> no <a href=\"https:\/\/www.instagram.com\/acidadeonribeirao\" target=\"_blank\" rel=\"noreferrer noopener\">Instagram<\/a> e no <a href=\"https:\/\/www.facebook.com\/acidadeonribeirao\" target=\"_blank\" rel=\"noreferrer noopener\">Facebook<\/a>.<\/p>\n<p>Receba not\u00edcias do acidade on no WhatsApp. Para entrar no grupo, basta<a href=\"https:\/\/chat.whatsapp.com\/Bnv2w66ZT4VDyZW3oiZ69n\" target=\"_blank\" rel=\"noreferrer noopener\"> clicar aqui<\/a>.<\/p>\n<p>Fa\u00e7a uma den\u00fancia ou sugira uma reportagem sobre Ribeir\u00e3o Preto e regi\u00e3o pelo WhatsApp: 16 99117 7802.<\/p>\n<p>VEJA TAMB\u00c9M<br \/>Leidy joga roupas de Davi na piscina no BBB 24<\/p>\n<p><!-- AI CONTENT END 1 -->\n<\/div>\n<\/div>\n<p><script async src=\"\/\/www.instagram.com\/embed.js\"><\/script><br \/>\n<br \/><br \/>\n<br \/><a href=\"https:\/\/www.acidadeon.com\/ribeiraopreto\/cotidiano\/show-do-jao-arrecada-25-toneladas-de-alimentos-em-ribeirao-preto\/\">Source link <\/a><\/p>\n<div class='code-block code-block-4' style='margin: 8px auto 8px 0; text-align: left; display: block; clear: both;'>\n\ud83d\udce2 Aviso Legal\n\nO site ismaelcolosi.com.br atua apenas como um canal de divulga\u00e7\u00e3o de oportunidades de emprego e n\u00e3o se responsabiliza pelo processo seletivo, contrata\u00e7\u00e3o ou qualquer outra etapa relacionada \u00e0s vagas publicadas. Todas as informa\u00e7\u00f5es s\u00e3o de responsabilidade dos anunciantes.\n\n\u26a0\ufe0f Aten\u00e7\u00e3o! Nunca pague por promessas de emprego nem compre cursos que garantam contrata\u00e7\u00e3o. Desconfie de qualquer cobran\u00e7a para participar de sele\u00e7\u00f5es.\n\n\n\n<\/div>\n<!-- CONTENT END 1 -->\n","protected":false},"excerpt":{"rendered":"<p>O show do cantor J\u00e3o na \u201cSuperturn\u00ea\u201d, em Ribeir\u00e3o Preto, arrecadou 2,5 toneladas em alimentos n\u00e3o perec\u00edveis para doa\u00e7\u00e3o a entidades da cidade, por meio&#8230;<\/p>\n","protected":false},"author":1,"featured_media":41937,"comment_status":"open","ping_status":"open","sticky":false,"template":"","format":"standard","meta":{"_uag_custom_page_level_css":"","advanced_seo_description":"","jetpack_seo_html_title":"","jetpack_seo_noindex":false,"jetpack_post_was_ever_published":false,"_jetpack_newsletter_access":"","_jetpack_dont_email_post_to_subs":false,"_jetpack_newsletter_tier_id":0,"_jetpack_memberships_contains_paywalled_content":false,"_jetpack_memberships_contains_paid_content":false,"footnotes":"","jetpack_publicize_message":"","jetpack_publicize_feature_enabled":true,"jetpack_social_post_already_shared":true,"jetpack_social_options":{"image_generator_settings":{"template":"highway","default_image_id":0,"font":"","enabled":false},"version":2}},"categories":[11],"tags":[],"class_list":["post-41936","post","type-post","status-publish","format-standard","has-post-thumbnail","hentry","category-noticias-de-ribeirao-preto-sp-e-regiao-ismael-colosi"],"jetpack_publicize_connections":[],"jetpack_featured_media_url":"https:\/\/i0.wp.com\/ismaelcolosi.com.br\/wp-content\/uploads\/2024\/03\/fss_turne_jao_1.jpg?fit=1044%2C692&ssl=1","uagb_featured_image_src":{"full":["https:\/\/i0.wp.com\/ismaelcolosi.com.br\/wp-content\/uploads\/2024\/03\/fss_turne_jao_1.jpg?fit=1044%2C692&ssl=1",1044,692,false],"thumbnail":["https:\/\/i0.wp.com\/ismaelcolosi.com.br\/wp-content\/uploads\/2024\/03\/fss_turne_jao_1.jpg?resize=150%2C150&ssl=1",150,150,true],"medium":["https:\/\/i0.wp.com\/ismaelcolosi.com.br\/wp-content\/uploads\/2024\/03\/fss_turne_jao_1.jpg?fit=300%2C199&ssl=1",300,199,true],"medium_large":["https:\/\/i0.wp.com\/ismaelcolosi.com.br\/wp-content\/uploads\/2024\/03\/fss_turne_jao_1.jpg?fit=768%2C509&ssl=1",768,509,true],"large":["https:\/\/i0.wp.com\/ismaelcolosi.com.br\/wp-content\/uploads\/2024\/03\/fss_turne_jao_1.jpg?fit=1024%2C679&ssl=1",1024,679,true],"1536x1536":["https:\/\/i0.wp.com\/ismaelcolosi.com.br\/wp-content\/uploads\/2024\/03\/fss_turne_jao_1.jpg?fit=1044%2C692&ssl=1",1044,692,true],"2048x2048":["https:\/\/i0.wp.com\/ismaelcolosi.com.br\/wp-content\/uploads\/2024\/03\/fss_turne_jao_1.jpg?fit=1044%2C692&ssl=1",1044,692,true],"really-simple-thumb":["https:\/\/i0.wp.com\/ismaelcolosi.com.br\/wp-content\/uploads\/2024\/03\/fss_turne_jao_1.jpg?resize=370%2C247&ssl=1",370,247,true]},"uagb_author_info":{"display_name":"ismaelcolosi.com.br","author_link":"https:\/\/ismaelcolosi.com.br\/index.php\/author\/vidareal-online\/"},"uagb_comment_info":0,"uagb_excerpt":"O show do cantor J\u00e3o na \u201cSuperturn\u00ea\u201d, em Ribeir\u00e3o Preto, arrecadou 2,5 toneladas em alimentos n\u00e3o perec\u00edveis para doa\u00e7\u00e3o a entidades da cidade, por meio...","jetpack-related-posts":[{"id":35415,"url":"https:\/\/ismaelcolosi.com.br\/index.php\/2024\/02\/06\/bloco-california-arrecada-mais-de-2-toneladas-de-alimentos-em-ribeirao\/","url_meta":{"origin":41936,"position":0},"title":"Bloco Calif\u00f3rnia arrecada mais de 2 toneladas de alimentos em Ribeir\u00e3o","author":"ismaelcolosi.com.br","date":"6 de February de 2024","format":false,"excerpt":"O Bloco Calif\u00f3rnia 2024 arrecadou 2,5 toneladas de alimentos n\u00e3o perec\u00edveis para doa\u00e7\u00e3o a entidades, por meio do Fundo Social de Solidariedade (FSS) de Ribeir\u00e3o Preto. O evento aconteceu no \u00faltimo s\u00e1bado (3), no Est\u00e1dio Palma Travassos (Comercial), e reuniu mais de 15 mil pessoas. O bloco contou com a\u2026","rel":"","context":"In &quot;Not\u00edcias de Ribeir\u00e3o Preto-SP e Regi\u00e3o&quot;","block_context":{"text":"Not\u00edcias de Ribeir\u00e3o Preto-SP e Regi\u00e3o","link":"https:\/\/ismaelcolosi.com.br\/index.php\/category\/noticias-de-ribeirao-preto-sp-e-regiao-ismael-colosi\/"},"img":{"alt_text":"","src":"https:\/\/i0.wp.com\/ismaelcolosi.com.br\/wp-content\/uploads\/2024\/02\/alimentos_fundo_social_5.jpg?fit=1200%2C900&ssl=1&resize=350%2C200","width":350,"height":200,"srcset":"https:\/\/i0.wp.com\/ismaelcolosi.com.br\/wp-content\/uploads\/2024\/02\/alimentos_fundo_social_5.jpg?fit=1200%2C900&ssl=1&resize=350%2C200 1x, https:\/\/i0.wp.com\/ismaelcolosi.com.br\/wp-content\/uploads\/2024\/02\/alimentos_fundo_social_5.jpg?fit=1200%2C900&ssl=1&resize=525%2C300 1.5x, https:\/\/i0.wp.com\/ismaelcolosi.com.br\/wp-content\/uploads\/2024\/02\/alimentos_fundo_social_5.jpg?fit=1200%2C900&ssl=1&resize=700%2C400 2x, https:\/\/i0.wp.com\/ismaelcolosi.com.br\/wp-content\/uploads\/2024\/02\/alimentos_fundo_social_5.jpg?fit=1200%2C900&ssl=1&resize=1050%2C600 3x"},"classes":[]},{"id":40514,"url":"https:\/\/ismaelcolosi.com.br\/index.php\/2024\/03\/04\/veja-como-comprar-ingresso-solidario-para-o-ribeirao-rodeo-music\/","url_meta":{"origin":41936,"position":1},"title":"Veja como comprar ingresso solid\u00e1rio para o Ribeir\u00e3o Rodeo Music","author":"ismaelcolosi.com.br","date":"4 de March de 2024","format":false,"excerpt":"Para quem optar por comprar o ingresso para o Ribeir\u00e3o Rodeo Music com desconto, a op\u00e7\u00e3o oferecida pela organiza\u00e7\u00e3o do evento \u00e9 o ingresso solid\u00e1rio. O valor da entrada solid\u00e1ria \u00e9 v\u00e1lido para os setores: arena e camarote Black Lounge Ballantine\u2019s (n\u00e3o open bar), por\u00e9m, \u00e9 necess\u00e1rio que seja entregue\u2026","rel":"","context":"In &quot;Not\u00edcias de Ribeir\u00e3o Preto-SP e Regi\u00e3o&quot;","block_context":{"text":"Not\u00edcias de Ribeir\u00e3o Preto-SP e Regi\u00e3o","link":"https:\/\/ismaelcolosi.com.br\/index.php\/category\/noticias-de-ribeirao-preto-sp-e-regiao-ismael-colosi\/"},"img":{"alt_text":"","src":"https:\/\/i0.wp.com\/ismaelcolosi.com.br\/wp-content\/uploads\/2024\/03\/Copia-de-Copia-de-TAMANHO-EXATO-PARA-FOTOS-NO-SISTEMA-NOVO-25.jpg?fit=1200%2C675&ssl=1&resize=350%2C200","width":350,"height":200,"srcset":"https:\/\/i0.wp.com\/ismaelcolosi.com.br\/wp-content\/uploads\/2024\/03\/Copia-de-Copia-de-TAMANHO-EXATO-PARA-FOTOS-NO-SISTEMA-NOVO-25.jpg?fit=1200%2C675&ssl=1&resize=350%2C200 1x, https:\/\/i0.wp.com\/ismaelcolosi.com.br\/wp-content\/uploads\/2024\/03\/Copia-de-Copia-de-TAMANHO-EXATO-PARA-FOTOS-NO-SISTEMA-NOVO-25.jpg?fit=1200%2C675&ssl=1&resize=525%2C300 1.5x, https:\/\/i0.wp.com\/ismaelcolosi.com.br\/wp-content\/uploads\/2024\/03\/Copia-de-Copia-de-TAMANHO-EXATO-PARA-FOTOS-NO-SISTEMA-NOVO-25.jpg?fit=1200%2C675&ssl=1&resize=700%2C400 2x, https:\/\/i0.wp.com\/ismaelcolosi.com.br\/wp-content\/uploads\/2024\/03\/Copia-de-Copia-de-TAMANHO-EXATO-PARA-FOTOS-NO-SISTEMA-NOVO-25.jpg?fit=1200%2C675&ssl=1&resize=1050%2C600 3x"},"classes":[]},{"id":40535,"url":"https:\/\/ismaelcolosi.com.br\/index.php\/2024\/03\/04\/saiba-tudo-sobre-o-show-do-cantor-jao-em-ribeirao-preto\/","url_meta":{"origin":41936,"position":2},"title":"Saiba tudo sobre o show do cantor J\u00e3o em Ribeir\u00e3o Preto","author":"ismaelcolosi.com.br","date":"4 de March de 2024","format":false,"excerpt":"O cantor J\u00e3o vem a Ribeir\u00e3o Preto para o show da \u201cSuperturn\u00ea\u201d, no dia 9 de mar\u00e7o, no est\u00e1dio Palma Travassos. Os ingressos ainda est\u00e3o dispon\u00edveis e podem ser comprados atrav\u00e9s do site (clique aqui) ou presencialmente no Mercad\u00e3o Sports Bar. Os port\u00f5es do est\u00e1dio abrem \u00e0s 18h. Agora, segundo\u2026","rel":"","context":"In &quot;Not\u00edcias de Ribeir\u00e3o Preto-SP e Regi\u00e3o&quot;","block_context":{"text":"Not\u00edcias de Ribeir\u00e3o Preto-SP e Regi\u00e3o","link":"https:\/\/ismaelcolosi.com.br\/index.php\/category\/noticias-de-ribeirao-preto-sp-e-regiao-ismael-colosi\/"},"img":{"alt_text":"","src":"https:\/\/i0.wp.com\/ismaelcolosi.com.br\/wp-content\/uploads\/2024\/03\/Design-sem-nome-9.jpg?fit=960%2C693&ssl=1&resize=350%2C200","width":350,"height":200,"srcset":"https:\/\/i0.wp.com\/ismaelcolosi.com.br\/wp-content\/uploads\/2024\/03\/Design-sem-nome-9.jpg?fit=960%2C693&ssl=1&resize=350%2C200 1x, https:\/\/i0.wp.com\/ismaelcolosi.com.br\/wp-content\/uploads\/2024\/03\/Design-sem-nome-9.jpg?fit=960%2C693&ssl=1&resize=525%2C300 1.5x, https:\/\/i0.wp.com\/ismaelcolosi.com.br\/wp-content\/uploads\/2024\/03\/Design-sem-nome-9.jpg?fit=960%2C693&ssl=1&resize=700%2C400 2x"},"classes":[]},{"id":40544,"url":"https:\/\/ismaelcolosi.com.br\/index.php\/2024\/03\/04\/saiba-tudo-sobre-o-show-do-cantor-jao-em-ribeirao-preto-2\/","url_meta":{"origin":41936,"position":3},"title":"Saiba tudo sobre o show do cantor J\u00e3o em Ribeir\u00e3o Preto","author":"ismaelcolosi.com.br","date":"4 de March de 2024","format":false,"excerpt":"O cantor J\u00e3o vem a Ribeir\u00e3o Preto para o show da \u201cSuperturn\u00ea\u201d, no dia 9 de mar\u00e7o, no est\u00e1dio Palma Travassos. Os ingressos ainda est\u00e3o dispon\u00edveis e podem ser comprados atrav\u00e9s do site (clique aqui) ou presencialmente no Mercad\u00e3o Sports Bar. Os port\u00f5es do est\u00e1dio abrem \u00e0s 18h. Agora, segundo\u2026","rel":"","context":"In &quot;Not\u00edcias de Ribeir\u00e3o Preto-SP e Regi\u00e3o&quot;","block_context":{"text":"Not\u00edcias de Ribeir\u00e3o Preto-SP e Regi\u00e3o","link":"https:\/\/ismaelcolosi.com.br\/index.php\/category\/noticias-de-ribeirao-preto-sp-e-regiao-ismael-colosi\/"},"img":{"alt_text":"","src":"https:\/\/i0.wp.com\/ismaelcolosi.com.br\/wp-content\/uploads\/2024\/03\/AnyConv.com__jao.webp.webp?fit=1000%2C652&ssl=1&resize=350%2C200","width":350,"height":200,"srcset":"https:\/\/i0.wp.com\/ismaelcolosi.com.br\/wp-content\/uploads\/2024\/03\/AnyConv.com__jao.webp.webp?fit=1000%2C652&ssl=1&resize=350%2C200 1x, https:\/\/i0.wp.com\/ismaelcolosi.com.br\/wp-content\/uploads\/2024\/03\/AnyConv.com__jao.webp.webp?fit=1000%2C652&ssl=1&resize=525%2C300 1.5x, https:\/\/i0.wp.com\/ismaelcolosi.com.br\/wp-content\/uploads\/2024\/03\/AnyConv.com__jao.webp.webp?fit=1000%2C652&ssl=1&resize=700%2C400 2x"},"classes":[]},{"id":48964,"url":"https:\/\/ismaelcolosi.com.br\/index.php\/2024\/05\/07\/show-do-titas-em-ribeirao-preto-tem-ingresso-solidario-para-ajudar-vitimas-das-chuvas-no-rs\/","url_meta":{"origin":41936,"position":4},"title":"Show do Tit\u00e3s em Ribeir\u00e3o Preto tem ingresso solid\u00e1rio para ajudar v\u00edtimas das chuvas no RS","author":"ismaelcolosi.com.br","date":"7 de May de 2024","format":false,"excerpt":"Em solidariedade \u00e0s v\u00edtimas das chuvas no Rio Grande do Sul, foi lan\u00e7ado nesta ter\u00e7a-feira (7), um lote solid\u00e1rio de ingressos para o show \u201cTit\u00e3s Microfonado\u201d, que acontece em Ribeir\u00e3o Preto. A apresenta\u00e7\u00e3o musical da banda de rock ser\u00e1 no s\u00e1bado (11), no Multiplan Hall, espa\u00e7o que fica dentro do\u2026","rel":"","context":"In &quot;Not\u00edcias de Ribeir\u00e3o Preto-SP e Regi\u00e3o&quot;","block_context":{"text":"Not\u00edcias de Ribeir\u00e3o Preto-SP e Regi\u00e3o","link":"https:\/\/ismaelcolosi.com.br\/index.php\/category\/noticias-de-ribeirao-preto-sp-e-regiao-ismael-colosi\/"},"img":{"alt_text":"","src":"https:\/\/i0.wp.com\/ismaelcolosi.com.br\/wp-content\/uploads\/2024\/05\/Titas-2024-credito-para-Dantas-Jr-Fotografia-68_2024-05-07_21-14-59_jpg_2024-05-07_21-15-00.webp.webp?fit=1200%2C801&ssl=1&resize=350%2C200","width":350,"height":200,"srcset":"https:\/\/i0.wp.com\/ismaelcolosi.com.br\/wp-content\/uploads\/2024\/05\/Titas-2024-credito-para-Dantas-Jr-Fotografia-68_2024-05-07_21-14-59_jpg_2024-05-07_21-15-00.webp.webp?fit=1200%2C801&ssl=1&resize=350%2C200 1x, https:\/\/i0.wp.com\/ismaelcolosi.com.br\/wp-content\/uploads\/2024\/05\/Titas-2024-credito-para-Dantas-Jr-Fotografia-68_2024-05-07_21-14-59_jpg_2024-05-07_21-15-00.webp.webp?fit=1200%2C801&ssl=1&resize=525%2C300 1.5x, https:\/\/i0.wp.com\/ismaelcolosi.com.br\/wp-content\/uploads\/2024\/05\/Titas-2024-credito-para-Dantas-Jr-Fotografia-68_2024-05-07_21-14-59_jpg_2024-05-07_21-15-00.webp.webp?fit=1200%2C801&ssl=1&resize=700%2C400 2x, https:\/\/i0.wp.com\/ismaelcolosi.com.br\/wp-content\/uploads\/2024\/05\/Titas-2024-credito-para-Dantas-Jr-Fotografia-68_2024-05-07_21-14-59_jpg_2024-05-07_21-15-00.webp.webp?fit=1200%2C801&ssl=1&resize=1050%2C600 3x"},"classes":[]},{"id":27141,"url":"https:\/\/ismaelcolosi.com.br\/index.php\/2024\/01\/11\/tudo-sobre-o-show-do-cantor-jao-em-ribeirao-preto\/","url_meta":{"origin":41936,"position":5},"title":"Tudo sobre o show do cantor J\u00e3o em Ribeir\u00e3o Preto","author":"ismaelcolosi.com.br","date":"11 de January de 2024","format":false,"excerpt":"O cantor J\u00e3o vem a Ribeir\u00e3o Preto com a \u2018Superturn\u00ea\u2019, no dia 9 de mar\u00e7o, no Est\u00e1dio Palma Travassos, na zona Leste da cidade. Os ingressos ainda est\u00e3o dispon\u00edveis e podem ser adquiridos de forma on-line. De acordo com a organiza\u00e7\u00e3o do evento, a abertura dos port\u00f5es acontece \u00e0s 18h\u2026","rel":"","context":"In &quot;Not\u00edcias de Ribeir\u00e3o Preto-SP e Regi\u00e3o&quot;","block_context":{"text":"Not\u00edcias de Ribeir\u00e3o Preto-SP e Regi\u00e3o","link":"https:\/\/ismaelcolosi.com.br\/index.php\/category\/noticias-de-ribeirao-preto-sp-e-regiao-ismael-colosi\/"},"img":{"alt_text":"","src":"https:\/\/i0.wp.com\/ismaelcolosi.com.br\/wp-content\/uploads\/2024\/01\/WhatsApp-Image-2023-08-17-at-14.41.58.jpeg?fit=1200%2C1200&ssl=1&resize=350%2C200","width":350,"height":200,"srcset":"https:\/\/i0.wp.com\/ismaelcolosi.com.br\/wp-content\/uploads\/2024\/01\/WhatsApp-Image-2023-08-17-at-14.41.58.jpeg?fit=1200%2C1200&ssl=1&resize=350%2C200 1x, https:\/\/i0.wp.com\/ismaelcolosi.com.br\/wp-content\/uploads\/2024\/01\/WhatsApp-Image-2023-08-17-at-14.41.58.jpeg?fit=1200%2C1200&ssl=1&resize=525%2C300 1.5x, https:\/\/i0.wp.com\/ismaelcolosi.com.br\/wp-content\/uploads\/2024\/01\/WhatsApp-Image-2023-08-17-at-14.41.58.jpeg?fit=1200%2C1200&ssl=1&resize=700%2C400 2x, https:\/\/i0.wp.com\/ismaelcolosi.com.br\/wp-content\/uploads\/2024\/01\/WhatsApp-Image-2023-08-17-at-14.41.58.jpeg?fit=1200%2C1200&ssl=1&resize=1050%2C600 3x"},"classes":[]}],"jetpack_sharing_enabled":true,"jetpack_shortlink":"https:\/\/wp.me\/pfMlyK-aUo","_links":{"self":[{"href":"https:\/\/ismaelcolosi.com.br\/index.php\/wp-json\/wp\/v2\/posts\/41936","targetHints":{"allow":["GET"]}}],"collection":[{"href":"https:\/\/ismaelcolosi.com.br\/index.php\/wp-json\/wp\/v2\/posts"}],"about":[{"href":"https:\/\/ismaelcolosi.com.br\/index.php\/wp-json\/wp\/v2\/types\/post"}],"author":[{"embeddable":true,"href":"https:\/\/ismaelcolosi.com.br\/index.php\/wp-json\/wp\/v2\/users\/1"}],"replies":[{"embeddable":true,"href":"https:\/\/ismaelcolosi.com.br\/index.php\/wp-json\/wp\/v2\/comments?post=41936"}],"version-history":[{"count":0,"href":"https:\/\/ismaelcolosi.com.br\/index.php\/wp-json\/wp\/v2\/posts\/41936\/revisions"}],"wp:featuredmedia":[{"embeddable":true,"href":"https:\/\/ismaelcolosi.com.br\/index.php\/wp-json\/wp\/v2\/media\/41937"}],"wp:attachment":[{"href":"https:\/\/ismaelcolosi.com.br\/index.php\/wp-json\/wp\/v2\/media?parent=41936"}],"wp:term":[{"taxonomy":"category","embeddable":true,"href":"https:\/\/ismaelcolosi.com.br\/index.php\/wp-json\/wp\/v2\/categories?post=41936"},{"taxonomy":"post_tag","embeddable":true,"href":"https:\/\/ismaelcolosi.com.br\/index.php\/wp-json\/wp\/v2\/tags?post=41936"}],"curies":[{"name":"wp","href":"https:\/\/api.w.org\/{rel}","templated":true}]}}