{"id":41860,"date":"2024-03-11T17:56:05","date_gmt":"2024-03-11T20:56:05","guid":{"rendered":"https:\/\/ismaelcolosi.com.br\/index.php\/2024\/03\/11\/golpistas-criam-perfis-falsos-apos-entidade-de-ribeirao-preto-participar-do-the-wall-no-domingao-com-huck\/"},"modified":"2024-03-11T17:56:05","modified_gmt":"2024-03-11T20:56:05","slug":"golpistas-criam-perfis-falsos-apos-entidade-de-ribeirao-preto-participar-do-the-wall-no-domingao-com-huck","status":"publish","type":"post","link":"https:\/\/ismaelcolosi.com.br\/index.php\/2024\/03\/11\/golpistas-criam-perfis-falsos-apos-entidade-de-ribeirao-preto-participar-do-the-wall-no-domingao-com-huck\/","title":{"rendered":"Golpistas criam perfis falsos ap\u00f3s entidade de Ribeir\u00e3o Preto participar do The Wall no Doming\u00e3o com Huck"},"content":{"rendered":"<p> <br \/>\n<\/p>\n<div>\n<p>Ap\u00f3s ter participado do game<strong> <\/strong><strong>The Wall<\/strong>, quadro do programa <strong>Doming\u00e3o com Huck<\/strong>, da <strong>TV Globo<\/strong>, neste domingo (10), a <strong>Adevirp (Associa\u00e7\u00e3o dos Deficientes Visuais de Ribeir\u00e3o Preto e Regi\u00e3o)<\/strong> foi v\u00edtima de <strong>crime cibern\u00e9tico<\/strong> \u2013 veja o alerta abaixo.<\/p>\n<p>De acordo com a institui\u00e7\u00e3o, <mark style=\"background-color:#fcb900\" class=\"has-inline-color\"><strong>contas <\/strong><em><strong>fakes<\/strong> <\/em>foram criadas utilizando o nome da associa\u00e7\u00e3o, <strong>buscando conquistar novos seguidores<\/strong> e <strong>divulgando uma chave pix que n\u00e3o possui nenhum v\u00ednculo com a Adevirp.<\/strong><\/mark><\/p>\n<figure class=\"wp-block-pullquote\">\n<blockquote>\n<p>\u201cFoi desesperador saber que as pessoas de boa f\u00e9, que estavam prontas para nos ajudar, podiam estar caindo em golpes\u201d<\/p>\n<p><cite>Marlene Taveira Cintra \u2013 Fundadora e presidente da entidade<\/cite><\/p><\/blockquote>\n<\/figure>\n<p>A associa\u00e7\u00e3o conta que algumas pessoas entraram em contato para informar a cria\u00e7\u00e3o dos perfis falsos e para ajudar a<strong> denunciar os golpistas<\/strong>, contudo, a entidade ficou chateada e preocupada com o ocorrido.<\/p>\n<p>\u201cNo momento, fizemos uma for\u00e7a tarefa de den\u00fancia das contas para que elas ca\u00edssem. Al\u00e9m disso, pedimos para todos os amigos, parceiros e educandos compartilharem a conta oficial da institui\u00e7\u00e3o\u201d, afirma Marcela Baggini, da comunica\u00e7\u00e3o da <strong>Adevirp<\/strong>.<\/p>\n<p>Vale lembrar que Instagram oficial da <strong>Adevirp <\/strong>\u00e9 <strong>@adevirpoficial<\/strong> \u2013 <a href=\"https:\/\/www.instagram.com\/adevirpoficial\/\" target=\"_blank\" rel=\"noreferrer noopener\">clique aqui para acessar a p\u00e1gina<\/a>.<\/p>\n<h4 class=\"wp-block-heading\"><strong>\u00c9 crime<\/strong><\/h4>\n<p>Nos \u00faltimos anos a cria\u00e7\u00e3o de perfis falsos nas redes sociais vem se tornando cada dia mais comum. A pr\u00e1tica atinge, principalmente, <strong>pessoas e institui\u00e7\u00f5es que adquirem abrang\u00eancia nacional<\/strong>, como foi o caso da <strong>Adevirp<\/strong>.<\/p>\n<p>De acordo com o advogado <strong>Leonardo Afonso Pontes<\/strong>, a cria\u00e7\u00e3o de perfis falsos na internet \u00e9 crime e uma pessoa pode responder por <strong>falsa identidade<\/strong> com base no <strong>Art. 307 do C\u00f3digo Penal<\/strong>.<\/p>\n<figure class=\"wp-block-pullquote\">\n<blockquote>\n<p>Criar perfil falso com a inten\u00e7\u00e3o de prejudicar algu\u00e9m, cometer fraude, difamar, caluniar ou praticar qualquer ato il\u00edcito pode ser enquadrado no artigo 307 do C\u00f3digo Penal<\/p>\n<p><cite> Leonardo Afonso Pontes \u2013 Advogado<\/cite><\/p><\/blockquote>\n<\/figure>\n<p>A pena para o crime prev\u00ea deten\u00e7\u00e3o de <strong>um a tr\u00eas anos<\/strong> e <strong>multa <\/strong>para quem altera a verdade sobre um fato juridicamente relevante, com o intuito de causar danos.<\/p>\n<blockquote class=\"instagram-media\" data-instgrm-permalink=\"https:\/\/www.instagram.com\/reel\/C4Wc6n0vh8u\/?utm_source=ig_embed&amp;utm_campaign=loading\" data-instgrm-version=\"14\" style=\" background:#FFF; border:0; border-radius:3px; box-shadow:0 0 1px 0 rgba(0,0,0,0.5),0 1px 10px 0 rgba(0,0,0,0.15); margin: 1px; max-width:540px; min-width:326px; padding:0; width:99.375%; width:-webkit-calc(100% - 2px); width:calc(100% - 2px);\"\/>\n<hr class=\"wp-block-separator has-alpha-channel-opacity\"\/>\n<p>SAIBA MAIS<\/p>\n<p>HC Ribeir\u00e3o Preto come\u00e7a testes da terapia celular contra o c\u00e2ncer nesta semana<\/p>\n<h4 class=\"wp-block-heading\"><strong><mark style=\"background-color:#fcb900\" class=\"has-inline-color\">FIQUE ON<\/mark><\/strong><\/h4>\n<p>Fique ligado em tudo que acontece em Ribeir\u00e3o Preto e regi\u00e3o. Siga os perfis do\u00a0<strong>acidade on<\/strong>\u00a0no<a href=\"https:\/\/www.instagram.com\/acidadeonribeirao\" target=\"_blank\" rel=\"noreferrer noopener\">\u00a0Instagram\u00a0<\/a>e no<a href=\"https:\/\/www.facebook.com\/acidadeonribeirao\" target=\"_blank\" rel=\"noreferrer noopener\">\u00a0Facebook<\/a>.<\/p>\n<p>Receba not\u00edcias do\u00a0<strong>acidade on\u00a0<\/strong>no WhatsApp.\u00a0<a href=\"https:\/\/chat.whatsapp.com\/Bnv2w66ZT4VDyZW3oiZ69n\" target=\"_blank\" rel=\"noreferrer noopener\">Para entrar no grupo, basta clicar aqui.<\/a><\/p>\n<p>Fa\u00e7a uma den\u00fancia ou sugira uma reportagem sobre Ribeir\u00e3o Preto e regi\u00e3o pelo WhatsApp: 16 99117 7802.<\/p>\n<p>VEJA TAMB\u00c9M<\/p>\n<p>Carlos Alberto de N\u00f3brega prev\u00ea sua morte<\/p>\n<p><!-- AI CONTENT END 1 -->\n<\/div>\n<p><script async src=\"\/\/www.instagram.com\/embed.js\"><\/script><br \/>\n<br \/><br \/>\n<br \/><a href=\"https:\/\/www.acidadeon.com\/ribeiraopreto\/cotidiano\/golpistas-criam-perfis-falsos-apos-entidade-de-ribeirao-preto-participar-do-the-wall-no-domingao-com-huck\/\">Source link <\/a><\/p>\n<div class='code-block code-block-4' style='margin: 8px auto 8px 0; text-align: left; display: block; clear: both;'>\n\ud83d\udce2 Aviso Legal\n\nO site ismaelcolosi.com.br atua apenas como um canal de divulga\u00e7\u00e3o de oportunidades de emprego e n\u00e3o se responsabiliza pelo processo seletivo, contrata\u00e7\u00e3o ou qualquer outra etapa relacionada \u00e0s vagas publicadas. Todas as informa\u00e7\u00f5es s\u00e3o de responsabilidade dos anunciantes.\n\n\u26a0\ufe0f Aten\u00e7\u00e3o! Nunca pague por promessas de emprego nem compre cursos que garantam contrata\u00e7\u00e3o. Desconfie de qualquer cobran\u00e7a para participar de sele\u00e7\u00f5es.\n\n\n\n<\/div>\n<!-- CONTENT END 1 -->\n","protected":false},"excerpt":{"rendered":"<p>Ap\u00f3s ter participado do game The Wall, quadro do programa Doming\u00e3o com Huck, da TV Globo, neste domingo (10), a Adevirp (Associa\u00e7\u00e3o dos Deficientes Visuais&#8230;<\/p>\n","protected":false},"author":1,"featured_media":41861,"comment_status":"open","ping_status":"open","sticky":false,"template":"","format":"standard","meta":{"_uag_custom_page_level_css":"","advanced_seo_description":"","jetpack_seo_html_title":"","jetpack_seo_noindex":false,"jetpack_post_was_ever_published":false,"_jetpack_newsletter_access":"","_jetpack_dont_email_post_to_subs":false,"_jetpack_newsletter_tier_id":0,"_jetpack_memberships_contains_paywalled_content":false,"_jetpack_memberships_contains_paid_content":false,"footnotes":"","jetpack_publicize_message":"","jetpack_publicize_feature_enabled":true,"jetpack_social_post_already_shared":true,"jetpack_social_options":{"image_generator_settings":{"template":"highway","default_image_id":0,"font":"","enabled":false},"version":2}},"categories":[11],"tags":[],"class_list":["post-41860","post","type-post","status-publish","format-standard","has-post-thumbnail","hentry","category-noticias-de-ribeirao-preto-sp-e-regiao-ismael-colosi"],"jetpack_publicize_connections":[],"jetpack_featured_media_url":"https:\/\/i0.wp.com\/ismaelcolosi.com.br\/wp-content\/uploads\/2024\/03\/AnyConv.com__WhatsApp-Image-2024-03-11-at-17.41.44.webp.webp?fit=1024%2C768&ssl=1","uagb_featured_image_src":{"full":["https:\/\/i0.wp.com\/ismaelcolosi.com.br\/wp-content\/uploads\/2024\/03\/AnyConv.com__WhatsApp-Image-2024-03-11-at-17.41.44.webp.webp?fit=1024%2C768&ssl=1",1024,768,false],"thumbnail":["https:\/\/i0.wp.com\/ismaelcolosi.com.br\/wp-content\/uploads\/2024\/03\/AnyConv.com__WhatsApp-Image-2024-03-11-at-17.41.44.webp.webp?resize=150%2C150&ssl=1",150,150,true],"medium":["https:\/\/i0.wp.com\/ismaelcolosi.com.br\/wp-content\/uploads\/2024\/03\/AnyConv.com__WhatsApp-Image-2024-03-11-at-17.41.44.webp.webp?fit=300%2C225&ssl=1",300,225,true],"medium_large":["https:\/\/i0.wp.com\/ismaelcolosi.com.br\/wp-content\/uploads\/2024\/03\/AnyConv.com__WhatsApp-Image-2024-03-11-at-17.41.44.webp.webp?fit=768%2C576&ssl=1",768,576,true],"large":["https:\/\/i0.wp.com\/ismaelcolosi.com.br\/wp-content\/uploads\/2024\/03\/AnyConv.com__WhatsApp-Image-2024-03-11-at-17.41.44.webp.webp?fit=1024%2C768&ssl=1",1024,768,true],"1536x1536":["https:\/\/i0.wp.com\/ismaelcolosi.com.br\/wp-content\/uploads\/2024\/03\/AnyConv.com__WhatsApp-Image-2024-03-11-at-17.41.44.webp.webp?fit=1024%2C768&ssl=1",1024,768,true],"2048x2048":["https:\/\/i0.wp.com\/ismaelcolosi.com.br\/wp-content\/uploads\/2024\/03\/AnyConv.com__WhatsApp-Image-2024-03-11-at-17.41.44.webp.webp?fit=1024%2C768&ssl=1",1024,768,true],"really-simple-thumb":["https:\/\/i0.wp.com\/ismaelcolosi.com.br\/wp-content\/uploads\/2024\/03\/AnyConv.com__WhatsApp-Image-2024-03-11-at-17.41.44.webp.webp?resize=370%2C247&ssl=1",370,247,true]},"uagb_author_info":{"display_name":"ismaelcolosi.com.br","author_link":"https:\/\/ismaelcolosi.com.br\/index.php\/author\/vidareal-online\/"},"uagb_comment_info":0,"uagb_excerpt":"Ap\u00f3s ter participado do game The Wall, quadro do programa Doming\u00e3o com Huck, da TV Globo, neste domingo (10), a Adevirp (Associa\u00e7\u00e3o dos Deficientes Visuais...","jetpack-related-posts":[{"id":41282,"url":"https:\/\/ismaelcolosi.com.br\/index.php\/2024\/03\/07\/entidade-de-ribeirao-preto-participa-do-the-wall-no-domingao-com-huck\/","url_meta":{"origin":41860,"position":0},"title":"Entidade de Ribeir\u00e3o Preto participa do The Wall no Doming\u00e3o com Huck","author":"ismaelcolosi.com.br","date":"7 de March de 2024","format":false,"excerpt":"A Adevirp (Associa\u00e7\u00e3o dos Deficientes Visuais de Ribeir\u00e3o Preto e Regi\u00e3o) participa do quadro The Wall, do programa Doming\u00e3o com Huck, da TV Globo. O quadro deve ir ao ar no pr\u00f3ximo domingo (10), a partir das 17h30. Participaram do jogo a fundadora e presidente da associa\u00e7\u00e3o, Marlene Taveira Cintra,\u2026","rel":"","context":"In &quot;Not\u00edcias de Ribeir\u00e3o Preto-SP e Regi\u00e3o&quot;","block_context":{"text":"Not\u00edcias de Ribeir\u00e3o Preto-SP e Regi\u00e3o","link":"https:\/\/ismaelcolosi.com.br\/index.php\/category\/noticias-de-ribeirao-preto-sp-e-regiao-ismael-colosi\/"},"img":{"alt_text":"","src":"https:\/\/i0.wp.com\/ismaelcolosi.com.br\/wp-content\/uploads\/2024\/03\/AnyConv.com__adevirp.webp.webp?fit=1200%2C1200&ssl=1&resize=350%2C200","width":350,"height":200,"srcset":"https:\/\/i0.wp.com\/ismaelcolosi.com.br\/wp-content\/uploads\/2024\/03\/AnyConv.com__adevirp.webp.webp?fit=1200%2C1200&ssl=1&resize=350%2C200 1x, https:\/\/i0.wp.com\/ismaelcolosi.com.br\/wp-content\/uploads\/2024\/03\/AnyConv.com__adevirp.webp.webp?fit=1200%2C1200&ssl=1&resize=525%2C300 1.5x, https:\/\/i0.wp.com\/ismaelcolosi.com.br\/wp-content\/uploads\/2024\/03\/AnyConv.com__adevirp.webp.webp?fit=1200%2C1200&ssl=1&resize=700%2C400 2x, https:\/\/i0.wp.com\/ismaelcolosi.com.br\/wp-content\/uploads\/2024\/03\/AnyConv.com__adevirp.webp.webp?fit=1200%2C1200&ssl=1&resize=1050%2C600 3x"},"classes":[]},{"id":41274,"url":"https:\/\/ismaelcolosi.com.br\/index.php\/2024\/03\/07\/adevirp-participa-do-the-wall-no-domingao-com-huck\/","url_meta":{"origin":41860,"position":1},"title":"Adevirp participa do The Wall, no Doming\u00e3o com Huck","author":"ismaelcolosi.com.br","date":"7 de March de 2024","format":false,"excerpt":"O programa ser\u00e1 exibido no domingo (10), a partir das 18h, no programa Doming\u00e3o com Huck, na Tv Globo. 7 de mar\u00e7o de 2024 | 11:527 de mar\u00e7o de 2024 | 11:53 0No domingo (10), a Associa\u00e7\u00e3o dos Deficientes Visuais de Ribeir\u00e3o Preto e Regi\u00e3o (Adevirp) participar\u00e1 do quadro The\u2026","rel":"","context":"In &quot;Not\u00edcias de Ribeir\u00e3o Preto-SP e Regi\u00e3o&quot;","block_context":{"text":"Not\u00edcias de Ribeir\u00e3o Preto-SP e Regi\u00e3o","link":"https:\/\/ismaelcolosi.com.br\/index.php\/category\/noticias-de-ribeirao-preto-sp-e-regiao-ismael-colosi\/"},"img":{"alt_text":"","src":"https:\/\/i0.wp.com\/ismaelcolosi.com.br\/wp-content\/uploads\/2024\/03\/IMG_7637-scaled.jpg?fit=645%2C645&ssl=1&resize=350%2C200","width":350,"height":200,"srcset":"https:\/\/i0.wp.com\/ismaelcolosi.com.br\/wp-content\/uploads\/2024\/03\/IMG_7637-scaled.jpg?fit=645%2C645&ssl=1&resize=350%2C200 1x, https:\/\/i0.wp.com\/ismaelcolosi.com.br\/wp-content\/uploads\/2024\/03\/IMG_7637-scaled.jpg?fit=645%2C645&ssl=1&resize=525%2C300 1.5x"},"classes":[]},{"id":41790,"url":"https:\/\/ismaelcolosi.com.br\/index.php\/2024\/03\/11\/golpistas-criam-contas-fakes-com-o-nome-da-adevirp\/","url_meta":{"origin":41860,"position":2},"title":"Golpistas criam contas fakes com o nome da Adevirp","author":"ismaelcolosi.com.br","date":"11 de March de 2024","format":false,"excerpt":"11 de mar\u00e7o de 2024 | 12:20 0A Associa\u00e7\u00e3o dos Deficientes Visuais de Ribeir\u00e3o Preto e Regi\u00e3o (Adevirp) foi v\u00edtima de crimes digitais no \u00faltimo domingo (10), ap\u00f3s sua participa\u00e7\u00e3o no programa Doming\u00e3o com Huck, no quadro The Wall. Contas fakes foram criadas com o nome da institui\u00e7\u00e3o a fim\u2026","rel":"","context":"In &quot;Not\u00edcias de Ribeir\u00e3o Preto-SP e Regi\u00e3o&quot;","block_context":{"text":"Not\u00edcias de Ribeir\u00e3o Preto-SP e Regi\u00e3o","link":"https:\/\/ismaelcolosi.com.br\/index.php\/category\/noticias-de-ribeirao-preto-sp-e-regiao-ismael-colosi\/"},"img":{"alt_text":"","src":"https:\/\/i0.wp.com\/ismaelcolosi.com.br\/wp-content\/uploads\/2024\/03\/foto-marlene-3-alta-1200x800-1-scaled.jpg?fit=967%2C645&ssl=1&resize=350%2C200","width":350,"height":200,"srcset":"https:\/\/i0.wp.com\/ismaelcolosi.com.br\/wp-content\/uploads\/2024\/03\/foto-marlene-3-alta-1200x800-1-scaled.jpg?fit=967%2C645&ssl=1&resize=350%2C200 1x, https:\/\/i0.wp.com\/ismaelcolosi.com.br\/wp-content\/uploads\/2024\/03\/foto-marlene-3-alta-1200x800-1-scaled.jpg?fit=967%2C645&ssl=1&resize=525%2C300 1.5x, https:\/\/i0.wp.com\/ismaelcolosi.com.br\/wp-content\/uploads\/2024\/03\/foto-marlene-3-alta-1200x800-1-scaled.jpg?fit=967%2C645&ssl=1&resize=700%2C400 2x"},"classes":[]},{"id":52998,"url":"https:\/\/ismaelcolosi.com.br\/index.php\/2024\/06\/12\/adevirp-realiza-festa-junina-aberta-ao-publico-com-correio-elegante-em-braille-saiba-mais\/","url_meta":{"origin":41860,"position":3},"title":"Adevirp realiza festa junina aberta ao p\u00fablico com correio elegante em braille; Saiba mais","author":"ismaelcolosi.com.br","date":"12 de June de 2024","format":false,"excerpt":"A Adevirp (Associa\u00e7\u00e3o dos Deficientes Visuais de Ribeir\u00e3o Preto e regi\u00e3o) realiza a tradicional festa junina nesta sexta-feira (14). O hor\u00e1rio ser\u00e1 a partir das 18h30, na sede da associa\u00e7\u00e3o, que fica no bairro Jardim Iraj\u00e1, na zona Sul da cidade. Durante o evento, al\u00e9m de barracas com comidas t\u00edpicas,\u2026","rel":"","context":"In &quot;Not\u00edcias de Ribeir\u00e3o Preto-SP e Regi\u00e3o&quot;","block_context":{"text":"Not\u00edcias de Ribeir\u00e3o Preto-SP e Regi\u00e3o","link":"https:\/\/ismaelcolosi.com.br\/index.php\/category\/noticias-de-ribeirao-preto-sp-e-regiao-ismael-colosi\/"},"img":{"alt_text":"","src":"https:\/\/i0.wp.com\/ismaelcolosi.com.br\/wp-content\/uploads\/2024\/06\/Copia-de-Copia-de-TAMANHO-EXATO-PARA-FOTOS-NO-SISTEMA-NOVO-1_2024-06-12_19-00-24_png_2024-06-12_19-00-24.webp.webp?fit=1200%2C675&ssl=1&resize=350%2C200","width":350,"height":200,"srcset":"https:\/\/i0.wp.com\/ismaelcolosi.com.br\/wp-content\/uploads\/2024\/06\/Copia-de-Copia-de-TAMANHO-EXATO-PARA-FOTOS-NO-SISTEMA-NOVO-1_2024-06-12_19-00-24_png_2024-06-12_19-00-24.webp.webp?fit=1200%2C675&ssl=1&resize=350%2C200 1x, https:\/\/i0.wp.com\/ismaelcolosi.com.br\/wp-content\/uploads\/2024\/06\/Copia-de-Copia-de-TAMANHO-EXATO-PARA-FOTOS-NO-SISTEMA-NOVO-1_2024-06-12_19-00-24_png_2024-06-12_19-00-24.webp.webp?fit=1200%2C675&ssl=1&resize=525%2C300 1.5x, https:\/\/i0.wp.com\/ismaelcolosi.com.br\/wp-content\/uploads\/2024\/06\/Copia-de-Copia-de-TAMANHO-EXATO-PARA-FOTOS-NO-SISTEMA-NOVO-1_2024-06-12_19-00-24_png_2024-06-12_19-00-24.webp.webp?fit=1200%2C675&ssl=1&resize=700%2C400 2x, https:\/\/i0.wp.com\/ismaelcolosi.com.br\/wp-content\/uploads\/2024\/06\/Copia-de-Copia-de-TAMANHO-EXATO-PARA-FOTOS-NO-SISTEMA-NOVO-1_2024-06-12_19-00-24_png_2024-06-12_19-00-24.webp.webp?fit=1200%2C675&ssl=1&resize=1050%2C600 3x"},"classes":[]},{"id":41786,"url":"https:\/\/ismaelcolosi.com.br\/index.php\/2024\/03\/11\/adevirp-fatura-mais-de-r130mil-no-the-wall\/","url_meta":{"origin":41860,"position":4},"title":"Adevirp fatura mais de R$130mil no The Wall","author":"ismaelcolosi.com.br","date":"11 de March de 2024","format":false,"excerpt":"Associa\u00e7\u00e3o de Ribeir\u00e3o Preto participou do programa no \u00faltimo domingo. Recurso vai para o atendimento de mais de 250 pessoas com defici\u00eancia visual. 11 de mar\u00e7o de 2024 | 12:04 0Em seu ano jubilar, a Adevirp ganha espa\u00e7o na programa\u00e7\u00e3o nacional da TV Globo. Com a participa\u00e7\u00e3o da fundadora e\u2026","rel":"","context":"In &quot;Not\u00edcias de Ribeir\u00e3o Preto-SP e Regi\u00e3o&quot;","block_context":{"text":"Not\u00edcias de Ribeir\u00e3o Preto-SP e Regi\u00e3o","link":"https:\/\/ismaelcolosi.com.br\/index.php\/category\/noticias-de-ribeirao-preto-sp-e-regiao-ismael-colosi\/"},"img":{"alt_text":"","src":"https:\/\/i0.wp.com\/ismaelcolosi.com.br\/wp-content\/uploads\/2024\/03\/0a6777d8-d18d-4452-b260-ee19cf8569ff-scaled.jpg?fit=860%2C645&ssl=1&resize=350%2C200","width":350,"height":200,"srcset":"https:\/\/i0.wp.com\/ismaelcolosi.com.br\/wp-content\/uploads\/2024\/03\/0a6777d8-d18d-4452-b260-ee19cf8569ff-scaled.jpg?fit=860%2C645&ssl=1&resize=350%2C200 1x, https:\/\/i0.wp.com\/ismaelcolosi.com.br\/wp-content\/uploads\/2024\/03\/0a6777d8-d18d-4452-b260-ee19cf8569ff-scaled.jpg?fit=860%2C645&ssl=1&resize=525%2C300 1.5x, https:\/\/i0.wp.com\/ismaelcolosi.com.br\/wp-content\/uploads\/2024\/03\/0a6777d8-d18d-4452-b260-ee19cf8569ff-scaled.jpg?fit=860%2C645&ssl=1&resize=700%2C400 2x"},"classes":[]},{"id":41290,"url":"https:\/\/ismaelcolosi.com.br\/index.php\/2024\/03\/07\/empresaria-de-ribeirao-preto-e-vitima-do-golpe-do-falso-sequestro\/","url_meta":{"origin":41860,"position":5},"title":"Empres\u00e1ria de Ribeir\u00e3o Preto \u00e9 v\u00edtima do golpe do falso sequestro","author":"ismaelcolosi.com.br","date":"7 de March de 2024","format":false,"excerpt":"Uma empres\u00e1ria de Ribeir\u00e3o Preto caiu no golpe do falso sequestro no \u00faltimo m\u00eas de fevereiro. Nesta quinta-feira (7), a Pol\u00edcia Civil deflagrou a segunda-feira da Opera\u00e7\u00e3o Repetundarum, que investiga os acusados de envolvimento com a quadrilha que pratica estelionatos na regi\u00e3o. Um motorista de aplicativo foi interrogado pela Pol\u00edcia\u2026","rel":"","context":"In &quot;Not\u00edcias de Ribeir\u00e3o Preto-SP e Regi\u00e3o&quot;","block_context":{"text":"Not\u00edcias de Ribeir\u00e3o Preto-SP e Regi\u00e3o","link":"https:\/\/ismaelcolosi.com.br\/index.php\/category\/noticias-de-ribeirao-preto-sp-e-regiao-ismael-colosi\/"},"img":{"alt_text":"","src":"https:\/\/ismaelcolosi.com.br\/wp-content\/uploads\/2023\/11\/whatsapp_image_2022-08-14_at_12_10_03.jpe","width":350,"height":200,"srcset":"https:\/\/ismaelcolosi.com.br\/wp-content\/uploads\/2023\/11\/whatsapp_image_2022-08-14_at_12_10_03.jpe 1x, https:\/\/ismaelcolosi.com.br\/wp-content\/uploads\/2023\/11\/whatsapp_image_2022-08-14_at_12_10_03.jpe 1.5x, https:\/\/ismaelcolosi.com.br\/wp-content\/uploads\/2023\/11\/whatsapp_image_2022-08-14_at_12_10_03.jpe 2x, https:\/\/ismaelcolosi.com.br\/wp-content\/uploads\/2023\/11\/whatsapp_image_2022-08-14_at_12_10_03.jpe 3x"},"classes":[]}],"jetpack_sharing_enabled":true,"jetpack_shortlink":"https:\/\/wp.me\/pfMlyK-aTa","_links":{"self":[{"href":"https:\/\/ismaelcolosi.com.br\/index.php\/wp-json\/wp\/v2\/posts\/41860","targetHints":{"allow":["GET"]}}],"collection":[{"href":"https:\/\/ismaelcolosi.com.br\/index.php\/wp-json\/wp\/v2\/posts"}],"about":[{"href":"https:\/\/ismaelcolosi.com.br\/index.php\/wp-json\/wp\/v2\/types\/post"}],"author":[{"embeddable":true,"href":"https:\/\/ismaelcolosi.com.br\/index.php\/wp-json\/wp\/v2\/users\/1"}],"replies":[{"embeddable":true,"href":"https:\/\/ismaelcolosi.com.br\/index.php\/wp-json\/wp\/v2\/comments?post=41860"}],"version-history":[{"count":0,"href":"https:\/\/ismaelcolosi.com.br\/index.php\/wp-json\/wp\/v2\/posts\/41860\/revisions"}],"wp:featuredmedia":[{"embeddable":true,"href":"https:\/\/ismaelcolosi.com.br\/index.php\/wp-json\/wp\/v2\/media\/41861"}],"wp:attachment":[{"href":"https:\/\/ismaelcolosi.com.br\/index.php\/wp-json\/wp\/v2\/media?parent=41860"}],"wp:term":[{"taxonomy":"category","embeddable":true,"href":"https:\/\/ismaelcolosi.com.br\/index.php\/wp-json\/wp\/v2\/categories?post=41860"},{"taxonomy":"post_tag","embeddable":true,"href":"https:\/\/ismaelcolosi.com.br\/index.php\/wp-json\/wp\/v2\/tags?post=41860"}],"curies":[{"name":"wp","href":"https:\/\/api.w.org\/{rel}","templated":true}]}}