{"id":41851,"date":"2024-03-11T17:13:04","date_gmt":"2024-03-11T20:13:04","guid":{"rendered":"https:\/\/ismaelcolosi.com.br\/index.php\/2024\/03\/11\/karatecas-de-rp-vao-disputar-seletiva-nacional\/"},"modified":"2024-03-11T17:13:04","modified_gmt":"2024-03-11T20:13:04","slug":"karatecas-de-rp-vao-disputar-seletiva-nacional","status":"publish","type":"post","link":"https:\/\/ismaelcolosi.com.br\/index.php\/2024\/03\/11\/karatecas-de-rp-vao-disputar-seletiva-nacional\/","title":{"rendered":"Karatecas de RP v\u00e3o disputar seletiva nacional"},"content":{"rendered":"<p> <br \/>\n<\/p>\n<div id=\"post-376947\">\n<header class=\"entry-header penci-entry-header penci-title-center\">\n<p> <span class=\"entry-meta-item penci-posted-on\"><i class=\"fa fa-clock-o\"\/><time class=\"entry-date published\" datetime=\"2024-03-11T17:00:02-03:00\">11 de mar\u00e7o de 2024 | 17:00<\/time><time class=\"updated\" datetime=\"2024-03-11T14:31:56-03:00\">11 de mar\u00e7o de 2024 | 14:31<\/time><\/span><\/p>\n<p> <span class=\"penci-social-buttons penci-social-share-footer\"><a href=\"#\" class=\"penci-post-like penci_post-meta_item  single-like-button penci-social-item like\" data-post_id=\"376947\" title=\"Like\" data-like=\"Like\" data-unlike=\"Unlike\"><i class=\"fa fa-thumbs-o-up\"\/><span class=\"penci-share-number\">0<\/span><\/a><i class=\"fa fa-facebook\"\/><a class=\"penci-social-item twitter\" target=\"_blank\" rel=\"noopener\" title=\"\" href=\"https:\/\/twitter.com\/intent\/tweet?text=Karatecas%20de%20RP%20v\u00e3o%20disputar%20seletiva%20nacional%20-%20https:\/\/www.tribunaribeirao.com.br\/site\/karatecas-de-rp-vao-disputar-seletiva-nacional\/\"><i class=\"fa fa-twitter\"\/><\/a><i class=\"fa fa-whatsapp\"\/><\/span><\/header>\n<div class=\"penci-entry-content entry-content\">\n<p>Cinco atletas da Secretaria de Esportes de Ribeir\u00e3o Preto viajam nos pr\u00f3ximos dias para Caucaia, no Cear\u00e1, onde v\u00e3o participar da Seletiva Nacional de Karate. O evento, realizado pela Confedera\u00e7\u00e3o Brasileira de Karate, \u00e9 a primeira seletiva deste ano que garante uma vaga na sele\u00e7\u00e3o que vai representar o pa\u00eds no Campeonato Sulamericano de 2024, na Bol\u00edvia, em junho.<\/p>\n<p>\u201cEssa \u00e9 uma competi\u00e7\u00e3o muito expressiva para os atletas, n\u00e3o s\u00f3 pelo n\u00edvel t\u00e9cnico alto, mas pela oportunidade de integrar a sele\u00e7\u00e3o e representar nosso pa\u00eds e a nossa cidade. Temos grandes chances de conquistas de vagas e resultados positivos\u201d, destacou a t\u00e9cnica da equipe, Ver\u00f4nica Carbonato.<\/p>\n<p>Al\u00e9m da seletiva, os atletas tamb\u00e9m v\u00e3o disputar a etapa classificat\u00f3ria do campeonato brasileiro.<\/p>\n<p><strong>Confira as categorias de cada atleta da Secretaria de Esportes de Ribeir\u00e3o Preto:<\/strong><\/p>\n<p>Catharina Biagiotti \u2013 kata cadete e kumite cadete -47kg<\/p>\n<p>Gabriel Beltramini \u2013 kumite +70<\/p>\n<p>Jo\u00e3o Sampaio Maganini \u2013 kata Sub21 e kumite Sub21 -67kg<\/p>\n<p>Rafael Souza \u2013 kata sub 14 e kumite -45 kg<\/p>\n<p>Higor Kamimura \u2013 kata Sub14 e kumite Sub14 -50kg<\/p>\n<p>\u00a0<\/p>\n<\/div>\n<footer class=\"penci-entry-footer\"\/><\/div>\n<p><script async src=\"\/\/platform.twitter.com\/widgets.js\" charset=\"utf-8\"><\/script><br \/>\n<br \/><br \/>\n<br \/><a href=\"https:\/\/www.tribunaribeirao.com.br\/site\/karatecas-de-rp-vao-disputar-seletiva-nacional\/\">Source link <\/a><\/p>\n<div class='code-block code-block-4' style='margin: 8px auto 8px 0; text-align: left; display: block; clear: both;'>\n\ud83d\udce2 Aviso Legal\n\nO site ismaelcolosi.com.br atua apenas como um canal de divulga\u00e7\u00e3o de oportunidades de emprego e n\u00e3o se responsabiliza pelo processo seletivo, contrata\u00e7\u00e3o ou qualquer outra etapa relacionada \u00e0s vagas publicadas. Todas as informa\u00e7\u00f5es s\u00e3o de responsabilidade dos anunciantes.\n\n\u26a0\ufe0f Aten\u00e7\u00e3o! Nunca pague por promessas de emprego nem compre cursos que garantam contrata\u00e7\u00e3o. Desconfie de qualquer cobran\u00e7a para participar de sele\u00e7\u00f5es.\n\n\n\n<\/div>\n<!-- CONTENT END 1 -->\n","protected":false},"excerpt":{"rendered":"<p>11 de mar\u00e7o de 2024 | 17:0011 de mar\u00e7o de 2024 | 14:31 0 Cinco atletas da Secretaria de Esportes de Ribeir\u00e3o Preto viajam nos&#8230;<\/p>\n","protected":false},"author":1,"featured_media":41852,"comment_status":"open","ping_status":"open","sticky":false,"template":"","format":"standard","meta":{"_uag_custom_page_level_css":"","advanced_seo_description":"","jetpack_seo_html_title":"","jetpack_seo_noindex":false,"jetpack_post_was_ever_published":false,"_jetpack_newsletter_access":"","_jetpack_dont_email_post_to_subs":false,"_jetpack_newsletter_tier_id":0,"_jetpack_memberships_contains_paywalled_content":false,"_jetpack_memberships_contains_paid_content":false,"footnotes":"","jetpack_publicize_message":"","jetpack_publicize_feature_enabled":true,"jetpack_social_post_already_shared":true,"jetpack_social_options":{"image_generator_settings":{"template":"highway","default_image_id":0,"font":"","enabled":false},"version":2}},"categories":[11],"tags":[4946,4945,721,911,1258],"class_list":["post-41851","post","type-post","status-publish","format-standard","has-post-thumbnail","hentry","category-noticias-de-ribeirao-preto-sp-e-regiao-ismael-colosi","tag-disputar","tag-karatecas","tag-nacional","tag-seletiva","tag-vao"],"jetpack_publicize_connections":[],"jetpack_featured_media_url":"https:\/\/i0.wp.com\/ismaelcolosi.com.br\/wp-content\/uploads\/2024\/03\/karate-scaled.jpeg?fit=865%2C645&ssl=1","uagb_featured_image_src":{"full":["https:\/\/i0.wp.com\/ismaelcolosi.com.br\/wp-content\/uploads\/2024\/03\/karate-scaled.jpeg?fit=865%2C645&ssl=1",865,645,false],"thumbnail":["https:\/\/i0.wp.com\/ismaelcolosi.com.br\/wp-content\/uploads\/2024\/03\/karate-scaled.jpeg?resize=150%2C150&ssl=1",150,150,true],"medium":["https:\/\/i0.wp.com\/ismaelcolosi.com.br\/wp-content\/uploads\/2024\/03\/karate-scaled.jpeg?fit=300%2C224&ssl=1",300,224,true],"medium_large":["https:\/\/i0.wp.com\/ismaelcolosi.com.br\/wp-content\/uploads\/2024\/03\/karate-scaled.jpeg?fit=768%2C573&ssl=1",768,573,true],"large":["https:\/\/i0.wp.com\/ismaelcolosi.com.br\/wp-content\/uploads\/2024\/03\/karate-scaled.jpeg?fit=865%2C645&ssl=1",865,645,true],"1536x1536":["https:\/\/i0.wp.com\/ismaelcolosi.com.br\/wp-content\/uploads\/2024\/03\/karate-scaled.jpeg?fit=865%2C645&ssl=1",865,645,true],"2048x2048":["https:\/\/i0.wp.com\/ismaelcolosi.com.br\/wp-content\/uploads\/2024\/03\/karate-scaled.jpeg?fit=865%2C645&ssl=1",865,645,true],"really-simple-thumb":["https:\/\/i0.wp.com\/ismaelcolosi.com.br\/wp-content\/uploads\/2024\/03\/karate-scaled.jpeg?resize=370%2C247&ssl=1",370,247,true]},"uagb_author_info":{"display_name":"ismaelcolosi.com.br","author_link":"https:\/\/ismaelcolosi.com.br\/index.php\/author\/vidareal-online\/"},"uagb_comment_info":0,"uagb_excerpt":"11 de mar\u00e7o de 2024 | 17:0011 de mar\u00e7o de 2024 | 14:31 0 Cinco atletas da Secretaria de Esportes de Ribeir\u00e3o Preto viajam nos...","jetpack-related-posts":[{"id":42986,"url":"https:\/\/ismaelcolosi.com.br\/index.php\/2024\/03\/18\/atletas-de-rp-conquistam-vaga-na-selecao-brasileira-de-karate\/","url_meta":{"origin":41851,"position":0},"title":"Atletas de RP conquistam vaga na sele\u00e7\u00e3o brasileira de karate","author":"ismaelcolosi.com.br","date":"18 de March de 2024","format":false,"excerpt":"18 de mar\u00e7o de 2024 | 15:0018 de mar\u00e7o de 2024 | 12:40 0Tr\u00eas atletas da Secretaria de Esportes de Ribeir\u00e3o Preto conquistaram uma vaga na sele\u00e7\u00e3o brasileira de karate, depois de tornarem campe\u00f5es da seletiva nacional, realizada no \u00faltimo final de semana, em Caucaia, no Cear\u00e1. A medalha de\u2026","rel":"","context":"In &quot;Not\u00edcias de Ribeir\u00e3o Preto-SP e Regi\u00e3o&quot;","block_context":{"text":"Not\u00edcias de Ribeir\u00e3o Preto-SP e Regi\u00e3o","link":"https:\/\/ismaelcolosi.com.br\/index.php\/category\/noticias-de-ribeirao-preto-sp-e-regiao-ismael-colosi\/"},"img":{"alt_text":"","src":"https:\/\/i0.wp.com\/ismaelcolosi.com.br\/wp-content\/uploads\/2024\/03\/resultado_karate22-scaled.jpeg?fit=866%2C645&ssl=1&resize=350%2C200","width":350,"height":200,"srcset":"https:\/\/i0.wp.com\/ismaelcolosi.com.br\/wp-content\/uploads\/2024\/03\/resultado_karate22-scaled.jpeg?fit=866%2C645&ssl=1&resize=350%2C200 1x, https:\/\/i0.wp.com\/ismaelcolosi.com.br\/wp-content\/uploads\/2024\/03\/resultado_karate22-scaled.jpeg?fit=866%2C645&ssl=1&resize=525%2C300 1.5x, https:\/\/i0.wp.com\/ismaelcolosi.com.br\/wp-content\/uploads\/2024\/03\/resultado_karate22-scaled.jpeg?fit=866%2C645&ssl=1&resize=700%2C400 2x"},"classes":[]},{"id":69581,"url":"https:\/\/ismaelcolosi.com.br\/index.php\/2024\/10\/06\/ricardo-silva-e-marco-aurelio-vao-disputar-o-2o-turno-em-ribeirao-preto\/","url_meta":{"origin":41851,"position":1},"title":"Ricardo Silva e Marco Aurelio v\u00e3o disputar o 2\u00ba turno em Ribeir\u00e3o Preto","author":"ismaelcolosi.com.br","date":"6 de October de 2024","format":false,"excerpt":"Os candidatos Ricardo Silva (PSD) e Marco Aurelio (Novo) v\u00e3o decidir no 2\u00ba turno, que ser\u00e1 realizado no dia 27 de outubro, quem ser\u00e1 o pr\u00f3ximo prefeito de Ribeir\u00e3o Preto. Conforme os dados do Tribunal Superior Eleitoral (TSE), ao final da apura\u00e7\u00e3o, \u00e0s 19h29, o deputado federal recebeu 128.433 mil\u2026","rel":"","context":"In &quot;Not\u00edcias de Ribeir\u00e3o Preto-SP e Regi\u00e3o&quot;","block_context":{"text":"Not\u00edcias de Ribeir\u00e3o Preto-SP e Regi\u00e3o","link":"https:\/\/ismaelcolosi.com.br\/index.php\/category\/noticias-de-ribeirao-preto-sp-e-regiao-ismael-colosi\/"},"img":{"alt_text":"","src":"https:\/\/i0.wp.com\/ismaelcolosi.com.br\/wp-content\/uploads\/2024\/10\/Copia-de-Copia-de-Copia-de-TAMANHO-EXATO-PARA-FOTOS-NO-SISTEMA-NOVO-95_2024-10-06_22-19-13_png_2024-10-06_22-19-13.webp.webp?fit=1200%2C675&ssl=1&resize=350%2C200","width":350,"height":200,"srcset":"https:\/\/i0.wp.com\/ismaelcolosi.com.br\/wp-content\/uploads\/2024\/10\/Copia-de-Copia-de-Copia-de-TAMANHO-EXATO-PARA-FOTOS-NO-SISTEMA-NOVO-95_2024-10-06_22-19-13_png_2024-10-06_22-19-13.webp.webp?fit=1200%2C675&ssl=1&resize=350%2C200 1x, https:\/\/i0.wp.com\/ismaelcolosi.com.br\/wp-content\/uploads\/2024\/10\/Copia-de-Copia-de-Copia-de-TAMANHO-EXATO-PARA-FOTOS-NO-SISTEMA-NOVO-95_2024-10-06_22-19-13_png_2024-10-06_22-19-13.webp.webp?fit=1200%2C675&ssl=1&resize=525%2C300 1.5x, https:\/\/i0.wp.com\/ismaelcolosi.com.br\/wp-content\/uploads\/2024\/10\/Copia-de-Copia-de-Copia-de-TAMANHO-EXATO-PARA-FOTOS-NO-SISTEMA-NOVO-95_2024-10-06_22-19-13_png_2024-10-06_22-19-13.webp.webp?fit=1200%2C675&ssl=1&resize=700%2C400 2x, https:\/\/i0.wp.com\/ismaelcolosi.com.br\/wp-content\/uploads\/2024\/10\/Copia-de-Copia-de-Copia-de-TAMANHO-EXATO-PARA-FOTOS-NO-SISTEMA-NOVO-95_2024-10-06_22-19-13_png_2024-10-06_22-19-13.webp.webp?fit=1200%2C675&ssl=1&resize=1050%2C600 3x"},"classes":[]},{"id":40483,"url":"https:\/\/ismaelcolosi.com.br\/index.php\/2024\/03\/04\/rp-alligators-flag-football-faz-seletiva-para-time-infantil\/","url_meta":{"origin":41851,"position":2},"title":"RP Alligators Flag Football faz seletiva para time infantil","author":"ismaelcolosi.com.br","date":"4 de March de 2024","format":false,"excerpt":"4 de mar\u00e7o de 2024 | 10:003 de mar\u00e7o de 2024 | 18:06 0Ser\u00e3o 25 vagas para o time sub14 e 25 vagas para o time sub16. Para participar o interessado precisa comparecer na Cava do Bosque na pr\u00f3xima quarta-feira, dia 6 de mar\u00e7o, das 9h \u00e0s 11h, com um\u2026","rel":"","context":"In &quot;Not\u00edcias de Ribeir\u00e3o Preto-SP e Regi\u00e3o&quot;","block_context":{"text":"Not\u00edcias de Ribeir\u00e3o Preto-SP e Regi\u00e3o","link":"https:\/\/ismaelcolosi.com.br\/index.php\/category\/noticias-de-ribeirao-preto-sp-e-regiao-ismael-colosi\/"},"img":{"alt_text":"","src":"https:\/\/i0.wp.com\/ismaelcolosi.com.br\/wp-content\/uploads\/2024\/03\/seletiva_flag_3-scaled.jpeg?fit=430%2C645&ssl=1&resize=350%2C200","width":350,"height":200},"classes":[]},{"id":69606,"url":"https:\/\/ismaelcolosi.com.br\/index.php\/2024\/10\/06\/veja-como-foi-a-votacao-nas-principais-cidades-do-interior-de-sp\/","url_meta":{"origin":41851,"position":3},"title":"Veja como foi a vota\u00e7\u00e3o nas principais cidades do interior de SP","author":"ismaelcolosi.com.br","date":"6 de October de 2024","format":false,"excerpt":"Com 100% das urnas apuradas em todo o Estado de S\u00e3o Paulo, as principais cidades do interior paulista j\u00e1 definiram se v\u00e3o ter segundo turno ou se elegeram seus novos prefeitos nas elei\u00e7\u00f5es 2024. Ribeir\u00e3o Preto vai ter segundo turno entre Ricardo Silva (PSD) e Marco Aur\u00e9lio (Novo), j\u00e1 em\u2026","rel":"","context":"In &quot;Not\u00edcias de Ribeir\u00e3o Preto-SP e Regi\u00e3o&quot;","block_context":{"text":"Not\u00edcias de Ribeir\u00e3o Preto-SP e Regi\u00e3o","link":"https:\/\/ismaelcolosi.com.br\/index.php\/category\/noticias-de-ribeirao-preto-sp-e-regiao-ismael-colosi\/"},"img":{"alt_text":"","src":"https:\/\/i0.wp.com\/ismaelcolosi.com.br\/wp-content\/uploads\/2024\/09\/urna-nova_2024-09-20_19-00-21_jpg_2024-09-20_19-00-21.webp.webp?fit=1170%2C700&ssl=1&resize=350%2C200","width":350,"height":200,"srcset":"https:\/\/i0.wp.com\/ismaelcolosi.com.br\/wp-content\/uploads\/2024\/09\/urna-nova_2024-09-20_19-00-21_jpg_2024-09-20_19-00-21.webp.webp?fit=1170%2C700&ssl=1&resize=350%2C200 1x, https:\/\/i0.wp.com\/ismaelcolosi.com.br\/wp-content\/uploads\/2024\/09\/urna-nova_2024-09-20_19-00-21_jpg_2024-09-20_19-00-21.webp.webp?fit=1170%2C700&ssl=1&resize=525%2C300 1.5x, https:\/\/i0.wp.com\/ismaelcolosi.com.br\/wp-content\/uploads\/2024\/09\/urna-nova_2024-09-20_19-00-21_jpg_2024-09-20_19-00-21.webp.webp?fit=1170%2C700&ssl=1&resize=700%2C400 2x, https:\/\/i0.wp.com\/ismaelcolosi.com.br\/wp-content\/uploads\/2024\/09\/urna-nova_2024-09-20_19-00-21_jpg_2024-09-20_19-00-21.webp.webp?fit=1170%2C700&ssl=1&resize=1050%2C600 3x"},"classes":[]},{"id":37436,"url":"https:\/\/ismaelcolosi.com.br\/index.php\/2024\/02\/16\/ribeirao-recebe-seletiva-para-time-de-rugby-neste-sabado-veja-como-participar\/","url_meta":{"origin":41851,"position":4},"title":"Ribeir\u00e3o recebe seletiva para time de rugby neste s\u00e1bado; Veja como participar","author":"ismaelcolosi.com.br","date":"16 de February de 2024","format":false,"excerpt":"Neste s\u00e1bado (17), a partir das 16h, a comiss\u00e3o t\u00e9cnica do Ra\u00e7a Rugby estar\u00e1 no Parque Dr. Luis Carlos Raya, na zona Sul de Ribeir\u00e3o Preto, para uma seletiva de novos atletas e apresentar o esporte aos interessados que ainda n\u00e3o conhecem a modalidade. A participa\u00e7\u00e3o \u00e9 gratuita. O clube\u2026","rel":"","context":"In &quot;Not\u00edcias de Ribeir\u00e3o Preto-SP e Regi\u00e3o&quot;","block_context":{"text":"Not\u00edcias de Ribeir\u00e3o Preto-SP e Regi\u00e3o","link":"https:\/\/ismaelcolosi.com.br\/index.php\/category\/noticias-de-ribeirao-preto-sp-e-regiao-ismael-colosi\/"},"img":{"alt_text":"","src":"https:\/\/i0.wp.com\/ismaelcolosi.com.br\/wp-content\/uploads\/2024\/02\/RUGBI.jpg?fit=1200%2C852&ssl=1&resize=350%2C200","width":350,"height":200,"srcset":"https:\/\/i0.wp.com\/ismaelcolosi.com.br\/wp-content\/uploads\/2024\/02\/RUGBI.jpg?fit=1200%2C852&ssl=1&resize=350%2C200 1x, https:\/\/i0.wp.com\/ismaelcolosi.com.br\/wp-content\/uploads\/2024\/02\/RUGBI.jpg?fit=1200%2C852&ssl=1&resize=525%2C300 1.5x, https:\/\/i0.wp.com\/ismaelcolosi.com.br\/wp-content\/uploads\/2024\/02\/RUGBI.jpg?fit=1200%2C852&ssl=1&resize=700%2C400 2x, https:\/\/i0.wp.com\/ismaelcolosi.com.br\/wp-content\/uploads\/2024\/02\/RUGBI.jpg?fit=1200%2C852&ssl=1&resize=1050%2C600 3x"},"classes":[]},{"id":69594,"url":"https:\/\/ismaelcolosi.com.br\/index.php\/2024\/10\/06\/veja-a-repercussao-da-eleicao-entre-os-candidatos-a-prefeitura-de-ribeirao-preto\/","url_meta":{"origin":41851,"position":5},"title":"Veja a repercuss\u00e3o da elei\u00e7\u00e3o entre os candidatos \u00e0 Prefeitura de Ribeir\u00e3o Preto","author":"ismaelcolosi.com.br","date":"6 de October de 2024","format":false,"excerpt":"Ribeir\u00e3o Preto teve cinco candidatos na disputa para o cargo de prefeito nas elei\u00e7\u00f5es de 2024. Conforme dados do Tribunal Superior Eleitoral (TSE), os candidatos Ricardo Silva (PSD) e Marco Aur\u00e9lio (Novo) v\u00e3o decidir no 2\u00ba turno, que ser\u00e1 realizado no dia 27 de outubro, quem ser\u00e1 o pr\u00f3ximo prefeito\u2026","rel":"","context":"In &quot;Not\u00edcias de Ribeir\u00e3o Preto-SP e Regi\u00e3o&quot;","block_context":{"text":"Not\u00edcias de Ribeir\u00e3o Preto-SP e Regi\u00e3o","link":"https:\/\/ismaelcolosi.com.br\/index.php\/category\/noticias-de-ribeirao-preto-sp-e-regiao-ismael-colosi\/"},"img":{"alt_text":"","src":"https:\/\/i0.wp.com\/ismaelcolosi.com.br\/wp-content\/uploads\/2024\/10\/Copia-de-Copia-de-Copia-de-TAMANHO-EXATO-PARA-FOTOS-NO-SISTEMA-NOVO-97_2024-10-07_00-24-48_png_2024-10-07_00-24-48.webp.webp?fit=1200%2C675&ssl=1&resize=350%2C200","width":350,"height":200,"srcset":"https:\/\/i0.wp.com\/ismaelcolosi.com.br\/wp-content\/uploads\/2024\/10\/Copia-de-Copia-de-Copia-de-TAMANHO-EXATO-PARA-FOTOS-NO-SISTEMA-NOVO-97_2024-10-07_00-24-48_png_2024-10-07_00-24-48.webp.webp?fit=1200%2C675&ssl=1&resize=350%2C200 1x, https:\/\/i0.wp.com\/ismaelcolosi.com.br\/wp-content\/uploads\/2024\/10\/Copia-de-Copia-de-Copia-de-TAMANHO-EXATO-PARA-FOTOS-NO-SISTEMA-NOVO-97_2024-10-07_00-24-48_png_2024-10-07_00-24-48.webp.webp?fit=1200%2C675&ssl=1&resize=525%2C300 1.5x, https:\/\/i0.wp.com\/ismaelcolosi.com.br\/wp-content\/uploads\/2024\/10\/Copia-de-Copia-de-Copia-de-TAMANHO-EXATO-PARA-FOTOS-NO-SISTEMA-NOVO-97_2024-10-07_00-24-48_png_2024-10-07_00-24-48.webp.webp?fit=1200%2C675&ssl=1&resize=700%2C400 2x, https:\/\/i0.wp.com\/ismaelcolosi.com.br\/wp-content\/uploads\/2024\/10\/Copia-de-Copia-de-Copia-de-TAMANHO-EXATO-PARA-FOTOS-NO-SISTEMA-NOVO-97_2024-10-07_00-24-48_png_2024-10-07_00-24-48.webp.webp?fit=1200%2C675&ssl=1&resize=1050%2C600 3x"},"classes":[]}],"jetpack_sharing_enabled":true,"jetpack_shortlink":"https:\/\/wp.me\/pfMlyK-aT1","_links":{"self":[{"href":"https:\/\/ismaelcolosi.com.br\/index.php\/wp-json\/wp\/v2\/posts\/41851","targetHints":{"allow":["GET"]}}],"collection":[{"href":"https:\/\/ismaelcolosi.com.br\/index.php\/wp-json\/wp\/v2\/posts"}],"about":[{"href":"https:\/\/ismaelcolosi.com.br\/index.php\/wp-json\/wp\/v2\/types\/post"}],"author":[{"embeddable":true,"href":"https:\/\/ismaelcolosi.com.br\/index.php\/wp-json\/wp\/v2\/users\/1"}],"replies":[{"embeddable":true,"href":"https:\/\/ismaelcolosi.com.br\/index.php\/wp-json\/wp\/v2\/comments?post=41851"}],"version-history":[{"count":0,"href":"https:\/\/ismaelcolosi.com.br\/index.php\/wp-json\/wp\/v2\/posts\/41851\/revisions"}],"wp:featuredmedia":[{"embeddable":true,"href":"https:\/\/ismaelcolosi.com.br\/index.php\/wp-json\/wp\/v2\/media\/41852"}],"wp:attachment":[{"href":"https:\/\/ismaelcolosi.com.br\/index.php\/wp-json\/wp\/v2\/media?parent=41851"}],"wp:term":[{"taxonomy":"category","embeddable":true,"href":"https:\/\/ismaelcolosi.com.br\/index.php\/wp-json\/wp\/v2\/categories?post=41851"},{"taxonomy":"post_tag","embeddable":true,"href":"https:\/\/ismaelcolosi.com.br\/index.php\/wp-json\/wp\/v2\/tags?post=41851"}],"curies":[{"name":"wp","href":"https:\/\/api.w.org\/{rel}","templated":true}]}}