{"id":41847,"date":"2024-03-11T16:46:02","date_gmt":"2024-03-11T19:46:02","guid":{"rendered":"https:\/\/ismaelcolosi.com.br\/index.php\/2024\/03\/11\/ribeirao-recebe-espetaculo-musical-de-cavaleiros-do-zodiaco-e-dragon-ball-veja-quando\/"},"modified":"2024-03-11T16:46:02","modified_gmt":"2024-03-11T19:46:02","slug":"ribeirao-recebe-espetaculo-musical-de-cavaleiros-do-zodiaco-e-dragon-ball-veja-quando","status":"publish","type":"post","link":"https:\/\/ismaelcolosi.com.br\/index.php\/2024\/03\/11\/ribeirao-recebe-espetaculo-musical-de-cavaleiros-do-zodiaco-e-dragon-ball-veja-quando\/","title":{"rendered":"Ribeir\u00e3o recebe espet\u00e1culo musical de &#8216;Cavaleiros do Zod\u00edaco&#8217; e &#8216;Dragon Ball&#8217;; Veja quando"},"content":{"rendered":"<p> <br \/>\n<\/p>\n<div>\n<p><strong>Ribeir\u00e3o Preto<\/strong> recebe nos dias <strong>02<\/strong> e <strong>03<\/strong> <strong>de abril<\/strong>, o \u2018<strong>Pegasus Symphony<\/strong>\u2018 e o \u2018<strong>Dragon Concert<\/strong>\u2018, espet\u00e1culos musicais com <strong>orquestra ao vivo<\/strong>, que homenagearam e celebraram o legado das s\u00e9ries <strong>Cavaleiros do Zod\u00edaco <\/strong>e <strong>Dragon Ball<\/strong>. <\/p>\n<p><mark style=\"background-color:#fcb900\" class=\"has-inline-color\"><strong>Os ingressos para os evento podem ser adquiridos de forma on-line<\/strong>.<\/mark> Contudo, \u00e9 importante lembrar que entradas <strong>n\u00e3o s\u00e3o \u00fanicas<\/strong>, portanto, <strong>os interessados devem adquirir um convite para cada dia<\/strong>.<\/p><div class='code-block code-block-8' style='margin: 8px auto; text-align: center; display: block; clear: both;'>\n<script>\n  atOptions = {\n    'key' : '66e2e2111ca34da796271819fc334058',\n    'format' : 'iframe',\n    'height' : 250,\n    'width' : 300,\n    'params' : {}\n  };\n<\/script>\n<script src=\"https:\/\/www.highperformanceformat.com\/66e2e2111ca34da796271819fc334058\/invoke.js\"><\/script>\n<\/div>\n\n<p>Os f\u00e3s dos animes que deram origem a filmes, videogames e programas de TV conhecidos em todo o mundo, ter\u00e3o uma <strong>imers\u00e3o sonora no universo musical <\/strong>dos <strong>Cavaleiros do Zod\u00edaco <\/strong>e de<strong> Dragon Ball<\/strong>, \u201cem uma experi\u00eancia in\u00e9dita, emocionante e inesquec\u00edvel\u201d, de acordo com a organiza\u00e7\u00e3o.<\/p>\n<p>Com reg\u00eancia do maestro<strong> Alexey Kurkdjian<\/strong>, a <strong>Sphaera Rock Orchestra<\/strong> ser\u00e1 a respons\u00e1vel por executar desde as <strong>principais m\u00fasicas<\/strong> de abertura e encerramento, at\u00e9 <strong>trilhas e temas das principais sagas<\/strong> das s\u00e9ries, al\u00e9m de participa\u00e7\u00f5es especiais e surpresas.<\/p>\n<h4 class=\"wp-block-heading\"><strong>Ingressos<\/strong><\/h4>\n<p>Os ingressos para as apresenta\u00e7\u00f5es podem ser adquiridos de <strong>forma on-line<\/strong>, atrav\u00e9s da plataforma \u2018<strong>Clube dos Ingressos\u2019<\/strong>. <strong><mark style=\"background-color:#fcb900\" class=\"has-inline-color\">Eles variam entre R$ 90 (meia-entrada) e R$ 180 (inteira).<\/mark><\/strong><\/p>\n<ul>\n<li>Para adquirir os ingressos para o evento dos<strong> Cavaleiros do Zod\u00edaco<\/strong>, <a href=\"https:\/\/www.clubedoingresso.com\/evento\/pegasussymphony-ribeiraopreto\" target=\"_blank\" rel=\"noreferrer noopener\">clique aqui<\/a>. <\/li>\n<\/ul>\n<ul>\n<li>Para adquirir os ingressos para o evento de <strong>Dragon Ball<\/strong>, <a href=\"https:\/\/www.clubedoingresso.com\/evento\/dragonconcert-ribeiraopreto\" target=\"_blank\" rel=\"noreferrer noopener\">clique aqui<\/a>. <\/li>\n<\/ul>\n<p><em>Vale ressaltar que os valores podem ser alterados devido \u00e0 virada de lote.<\/em><\/p>\n<h4 class=\"wp-block-heading\"><strong>Servi\u00e7os<\/strong><\/h4>\n<p><strong><mark style=\"background-color:#fcb900\" class=\"has-inline-color\"><em>Pegasus Symphony<\/em><\/mark><\/strong><\/p>\n<p>Quando: 02 de abril de 2024 (ter\u00e7a-feira)<\/p>\n<p>Abertura: 19h30 \/ In\u00edcio da apresenta\u00e7\u00e3o: 20h30<\/p>\n<p>Endere\u00e7o: Espa\u00e7o G3 \u2013 rua Guatapar\u00e1, 567 \u2013 Vila Virg\u00ednia \u2013 Ribeir\u00e3o Preto<\/p>\n<p>Classifica\u00e7\u00e3o: 16 anos (menores podem entrar acompanhados de pai ou m\u00e3e)<\/p>\n<p>Ingressos: a partir de R$ 90 \u2013<a href=\"https:\/\/www.clubedoingresso.com\/evento\/pegasussymphony-ribeiraopreto\" target=\"_blank\" rel=\"noreferrer noopener\"> clique aqui para adquirir<\/a><\/p>\n<p><em><strong><mark style=\"background-color:#fcb900\" class=\"has-inline-color\">Dragon Concert<\/mark><\/strong><\/em><\/p>\n<p>Quando: 03 de abril de 2024 (quarta-feira)<\/p>\n<p>Abertura: 19h30 \/ In\u00edcio da apresenta\u00e7\u00e3o: 20h30<\/p>\n<p>Endere\u00e7o: Espa\u00e7o G3 \u2013 rua Guatapar\u00e1, 567 \u2013 Vila Virg\u00ednia \u2013 Ribeir\u00e3o Preto<\/p>\n<p>Classifica\u00e7\u00e3o: 16 anos (menores podem entrar acompanhados de pai ou m\u00e3e)<\/p>\n<p>Ingressos: a partir de R$ 90 \u2013 <a href=\"https:\/\/www.clubedoingresso.com\/evento\/dragonconcert-ribeiraopreto\" target=\"_blank\" rel=\"noreferrer noopener\">clique aqui para adquirir<\/a><\/p>\n<hr class=\"wp-block-separator has-alpha-channel-opacity\"\/>\n<p>SAIBA MAIS<\/p>\n<p>Zona Norte de Ribeir\u00e3o recebe apresenta\u00e7\u00e3o teatral gratuita; Saiba como assistir<\/p>\n<h4 class=\"wp-block-heading\"><strong><mark style=\"background-color:#fcb900\" class=\"has-inline-color\">FIQUE ON<\/mark><\/strong><\/h4>\n<p>Fique ligado em tudo que acontece em Ribeir\u00e3o Preto e regi\u00e3o. Siga os perfis do\u00a0<strong>acidade on<\/strong>\u00a0no<a href=\"https:\/\/www.instagram.com\/acidadeonribeirao\" target=\"_blank\" rel=\"noreferrer noopener\">\u00a0Instagram<\/a>\u00a0e no\u00a0<a href=\"https:\/\/www.facebook.com\/acidadeonribeirao\" target=\"_blank\" rel=\"noreferrer noopener\">Facebook<\/a>.<\/p>\n<p>Receba not\u00edcias do acidade on no WhatsApp. Para entrar no grupo, basta\u00a0<a href=\"https:\/\/chat.whatsapp.com\/Bnv2w66ZT4VDyZW3oiZ69n\" target=\"_blank\" rel=\"noreferrer noopener\">clicar aqui<\/a>.<\/p>\n<p>Fa\u00e7a uma den\u00fancia ou sugira uma reportagem sobre Ribeir\u00e3o Preto e regi\u00e3o pelo WhatsApp: 16 99117 7802.<\/p>\n<p>VEJA TAMB\u00c9M<\/p>\n<p>Quem \u00e9 o cantor que ficava com Alane do BBB 24?<\/p>\n<p><!-- AI CONTENT END 1 -->\n<\/div>\n<p><script async src=\"\/\/www.instagram.com\/embed.js\"><\/script><br \/>\n<br \/><br \/>\n<br \/><a href=\"https:\/\/www.acidadeon.com\/ribeiraopreto\/lazer-e-cultura\/ribeirao-recebe-espetaculo-musical-de-cavaleiros-do-zodiaco-e-dragon-ball-veja-quando\/\">Source link <\/a><\/p>\n<div class='code-block code-block-4' style='margin: 8px auto 8px 0; text-align: left; display: block; clear: both;'>\n\ud83d\udce2 Aviso Legal\n\nO site ismaelcolosi.com.br atua apenas como um canal de divulga\u00e7\u00e3o de oportunidades de emprego e n\u00e3o se responsabiliza pelo processo seletivo, contrata\u00e7\u00e3o ou qualquer outra etapa relacionada \u00e0s vagas publicadas. Todas as informa\u00e7\u00f5es s\u00e3o de responsabilidade dos anunciantes.\n\n\u26a0\ufe0f Aten\u00e7\u00e3o! Nunca pague por promessas de emprego nem compre cursos que garantam contrata\u00e7\u00e3o. Desconfie de qualquer cobran\u00e7a para participar de sele\u00e7\u00f5es.\n\n\n<div data-type=\"_mgwidget\" data-widget-id=\"2000896\">\n<\/div>\n<script>(function(w,q){w[q]=w[q]||[];w[q].push([\"_mgc.load\"])})(window,\"_mgq\");\n<\/script>\n<\/div>\n<!-- CONTENT END 1 -->\n","protected":false},"excerpt":{"rendered":"<p>Ribeir\u00e3o Preto recebe nos dias 02 e 03 de abril, o \u2018Pegasus Symphony\u2018 e o \u2018Dragon Concert\u2018, espet\u00e1culos musicais com orquestra ao vivo, que homenagearam&#8230;<\/p>\n","protected":false},"author":1,"featured_media":41848,"comment_status":"open","ping_status":"open","sticky":false,"template":"","format":"standard","meta":{"om_disable_all_campaigns":false,"_uag_custom_page_level_css":"","jetpack_post_was_ever_published":false,"_jetpack_newsletter_access":"","_jetpack_dont_email_post_to_subs":false,"_jetpack_newsletter_tier_id":0,"_jetpack_memberships_contains_paywalled_content":false,"_jetpack_memberships_contains_paid_content":false,"_joinchat":[],"footnotes":"","jetpack_publicize_message":"","jetpack_publicize_feature_enabled":true,"jetpack_social_post_already_shared":true,"jetpack_social_options":{"image_generator_settings":{"template":"highway","default_image_id":0,"font":"","enabled":false},"version":2}},"categories":[11],"tags":[],"class_list":["post-41847","post","type-post","status-publish","format-standard","has-post-thumbnail","hentry","category-noticias-de-ribeirao-preto-sp-e-regiao-ismael-colosi"],"aioseo_notices":[],"jetpack_publicize_connections":[],"jetpack_featured_media_url":"https:\/\/i0.wp.com\/ismaelcolosi.com.br\/wp-content\/uploads\/2024\/03\/AnyConv.com__Copia-de-Copia-de-TAMANHO-EXATO-PARA-FOTOS-NO-SISTEMA-NOVO-71.webp.webp?fit=1200%2C675&ssl=1","uagb_featured_image_src":{"full":["https:\/\/i0.wp.com\/ismaelcolosi.com.br\/wp-content\/uploads\/2024\/03\/AnyConv.com__Copia-de-Copia-de-TAMANHO-EXATO-PARA-FOTOS-NO-SISTEMA-NOVO-71.webp.webp?fit=1200%2C675&ssl=1",1200,675,false],"thumbnail":["https:\/\/i0.wp.com\/ismaelcolosi.com.br\/wp-content\/uploads\/2024\/03\/AnyConv.com__Copia-de-Copia-de-TAMANHO-EXATO-PARA-FOTOS-NO-SISTEMA-NOVO-71.webp.webp?resize=150%2C150&ssl=1",150,150,true],"medium":["https:\/\/i0.wp.com\/ismaelcolosi.com.br\/wp-content\/uploads\/2024\/03\/AnyConv.com__Copia-de-Copia-de-TAMANHO-EXATO-PARA-FOTOS-NO-SISTEMA-NOVO-71.webp.webp?fit=300%2C169&ssl=1",300,169,true],"medium_large":["https:\/\/i0.wp.com\/ismaelcolosi.com.br\/wp-content\/uploads\/2024\/03\/AnyConv.com__Copia-de-Copia-de-TAMANHO-EXATO-PARA-FOTOS-NO-SISTEMA-NOVO-71.webp.webp?fit=768%2C432&ssl=1",768,432,true],"large":["https:\/\/i0.wp.com\/ismaelcolosi.com.br\/wp-content\/uploads\/2024\/03\/AnyConv.com__Copia-de-Copia-de-TAMANHO-EXATO-PARA-FOTOS-NO-SISTEMA-NOVO-71.webp.webp?fit=1024%2C576&ssl=1",1024,576,true],"1536x1536":["https:\/\/i0.wp.com\/ismaelcolosi.com.br\/wp-content\/uploads\/2024\/03\/AnyConv.com__Copia-de-Copia-de-TAMANHO-EXATO-PARA-FOTOS-NO-SISTEMA-NOVO-71.webp.webp?fit=1200%2C675&ssl=1",1200,675,true],"2048x2048":["https:\/\/i0.wp.com\/ismaelcolosi.com.br\/wp-content\/uploads\/2024\/03\/AnyConv.com__Copia-de-Copia-de-TAMANHO-EXATO-PARA-FOTOS-NO-SISTEMA-NOVO-71.webp.webp?fit=1200%2C675&ssl=1",1200,675,true],"really-simple-thumb":["https:\/\/i0.wp.com\/ismaelcolosi.com.br\/wp-content\/uploads\/2024\/03\/AnyConv.com__Copia-de-Copia-de-TAMANHO-EXATO-PARA-FOTOS-NO-SISTEMA-NOVO-71.webp.webp?resize=370%2C247&ssl=1",370,247,true]},"uagb_author_info":{"display_name":"ismaelcolosi.com.br","author_link":"https:\/\/ismaelcolosi.com.br\/index.php\/author\/vidareal-online\/"},"uagb_comment_info":0,"uagb_excerpt":"Ribeir\u00e3o Preto recebe nos dias 02 e 03 de abril, o \u2018Pegasus Symphony\u2018 e o \u2018Dragon Concert\u2018, espet\u00e1culos musicais com orquestra ao vivo, que homenagearam...","jetpack-related-posts":[{"id":12881,"url":"https:\/\/ismaelcolosi.com.br\/index.php\/2023\/12\/08\/hbo-max-tera-mais-de-30-lancamentos-em-dezembro-veja-a-lista\/","url_meta":{"origin":41847,"position":0},"title":"HBO Max ter\u00e1 mais de 30 lan\u00e7amentos em dezembro; veja a lista","author":"ismaelcolosi.com.br","date":"8 de December de 2023","format":false,"excerpt":"Cr\u00e9ditos: Divulga\u00e7\u00e3o\/HBO MaxO que chega na HBO Max em dezembro de 2023?O \u00faltimo m\u00eas de 2023 promete grandes estreias na HBO Max! Em dezembro, a plataforma de streaming trar\u00e1 novas s\u00e9ries, document\u00e1rios, animes e filmes para o cat\u00e1logo.O destaque, obviamente, fica com os longas que acabaram de sair dos cinemas,\u2026","rel":"","context":"In &quot;Variedades&quot;","block_context":{"text":"Variedades","link":"https:\/\/ismaelcolosi.com.br\/index.php\/category\/variedades\/"},"img":{"alt_text":"","src":"https:\/\/i0.wp.com\/ismaelcolosi.com.br\/wp-content\/uploads\/2023\/12\/hbo-max-26mai2021.jpg?fit=1200%2C638&ssl=1&resize=350%2C200","width":350,"height":200,"srcset":"https:\/\/i0.wp.com\/ismaelcolosi.com.br\/wp-content\/uploads\/2023\/12\/hbo-max-26mai2021.jpg?fit=1200%2C638&ssl=1&resize=350%2C200 1x, https:\/\/i0.wp.com\/ismaelcolosi.com.br\/wp-content\/uploads\/2023\/12\/hbo-max-26mai2021.jpg?fit=1200%2C638&ssl=1&resize=525%2C300 1.5x, https:\/\/i0.wp.com\/ismaelcolosi.com.br\/wp-content\/uploads\/2023\/12\/hbo-max-26mai2021.jpg?fit=1200%2C638&ssl=1&resize=700%2C400 2x, https:\/\/i0.wp.com\/ismaelcolosi.com.br\/wp-content\/uploads\/2023\/12\/hbo-max-26mai2021.jpg?fit=1200%2C638&ssl=1&resize=1050%2C600 3x"},"classes":[]},{"id":70510,"url":"https:\/\/ismaelcolosi.com.br\/index.php\/2024\/10\/11\/veja-a-historia-da-imagem-de-nossa-senhora-que-foi-roubada-e-ficou-intacta-apos-incendio\/","url_meta":{"origin":41847,"position":1},"title":"Veja a hist\u00f3ria da imagem de Nossa Senhora que foi roubada e ficou intacta ap\u00f3s inc\u00eandio","author":"ismaelcolosi.com.br","date":"11 de October de 2024","format":false,"excerpt":"A imagem de Nossa Senhora j\u00e1 foi alvo de roubo e ficou intacta, depois que um inc\u00eandio atingiu a capela onde a santa era venerada, em Aparecida de Monte Alto, distrito de Monte Alto,\u00a0cidade a aproximadamente 80 quil\u00f4metros de Ribeir\u00e3o Preto. O local hoje abriga o Santu\u00e1rio Diocesano de Nossa\u2026","rel":"","context":"In &quot;Not\u00edcias de Ribeir\u00e3o Preto-SP e Regi\u00e3o&quot;","block_context":{"text":"Not\u00edcias de Ribeir\u00e3o Preto-SP e Regi\u00e3o","link":"https:\/\/ismaelcolosi.com.br\/index.php\/category\/noticias-de-ribeirao-preto-sp-e-regiao-ismael-colosi\/"},"img":{"alt_text":"","src":"https:\/\/i0.wp.com\/ismaelcolosi.com.br\/wp-content\/uploads\/2024\/10\/NOSSA-SENHORA_2024-10-11_12-01-45_jpg_2024-10-11_12-01-46.webp.webp?fit=1200%2C831&ssl=1&resize=350%2C200","width":350,"height":200,"srcset":"https:\/\/i0.wp.com\/ismaelcolosi.com.br\/wp-content\/uploads\/2024\/10\/NOSSA-SENHORA_2024-10-11_12-01-45_jpg_2024-10-11_12-01-46.webp.webp?fit=1200%2C831&ssl=1&resize=350%2C200 1x, https:\/\/i0.wp.com\/ismaelcolosi.com.br\/wp-content\/uploads\/2024\/10\/NOSSA-SENHORA_2024-10-11_12-01-45_jpg_2024-10-11_12-01-46.webp.webp?fit=1200%2C831&ssl=1&resize=525%2C300 1.5x, https:\/\/i0.wp.com\/ismaelcolosi.com.br\/wp-content\/uploads\/2024\/10\/NOSSA-SENHORA_2024-10-11_12-01-45_jpg_2024-10-11_12-01-46.webp.webp?fit=1200%2C831&ssl=1&resize=700%2C400 2x, https:\/\/i0.wp.com\/ismaelcolosi.com.br\/wp-content\/uploads\/2024\/10\/NOSSA-SENHORA_2024-10-11_12-01-45_jpg_2024-10-11_12-01-46.webp.webp?fit=1200%2C831&ssl=1&resize=1050%2C600 3x"},"classes":[]},{"id":41445,"url":"https:\/\/ismaelcolosi.com.br\/index.php\/2024\/03\/08\/akira-toriyama-criador-do-dragon-ball-morre-aos-68-anos\/","url_meta":{"origin":41847,"position":2},"title":"Akira Toriyama, criador do \u2018Dragon Ball\u2019, morre aos 68 anos","author":"ismaelcolosi.com.br","date":"8 de March de 2024","format":false,"excerpt":"O artista japon\u00eas de mang\u00e1 Akira Toriyama, criador da s\u00e9rie animada \u2018Dragon Ball\u2019, morreu aos 68 anos, na \u00faltima semana, em decorr\u00eancia de um derrame agudo. A morte foi anunciada pelo est\u00fadio do artista, nesta sexta-feira (8). De acordo com o comunicado, Akira Toriyama sofreu um hematoma subdural agudo. A\u2026","rel":"","context":"In &quot;Not\u00edcias de Ribeir\u00e3o Preto-SP e Regi\u00e3o&quot;","block_context":{"text":"Not\u00edcias de Ribeir\u00e3o Preto-SP e Regi\u00e3o","link":"https:\/\/ismaelcolosi.com.br\/index.php\/category\/noticias-de-ribeirao-preto-sp-e-regiao-ismael-colosi\/"},"img":{"alt_text":"","src":"https:\/\/i0.wp.com\/ismaelcolosi.com.br\/wp-content\/uploads\/2024\/03\/Copia-de-Copia-de-TAMANHO-EXATO-PARA-FOTOS-NO-SISTEMA-NOVO-4.jpg?fit=1200%2C675&ssl=1&resize=350%2C200","width":350,"height":200,"srcset":"https:\/\/i0.wp.com\/ismaelcolosi.com.br\/wp-content\/uploads\/2024\/03\/Copia-de-Copia-de-TAMANHO-EXATO-PARA-FOTOS-NO-SISTEMA-NOVO-4.jpg?fit=1200%2C675&ssl=1&resize=350%2C200 1x, https:\/\/i0.wp.com\/ismaelcolosi.com.br\/wp-content\/uploads\/2024\/03\/Copia-de-Copia-de-TAMANHO-EXATO-PARA-FOTOS-NO-SISTEMA-NOVO-4.jpg?fit=1200%2C675&ssl=1&resize=525%2C300 1.5x, https:\/\/i0.wp.com\/ismaelcolosi.com.br\/wp-content\/uploads\/2024\/03\/Copia-de-Copia-de-TAMANHO-EXATO-PARA-FOTOS-NO-SISTEMA-NOVO-4.jpg?fit=1200%2C675&ssl=1&resize=700%2C400 2x, https:\/\/i0.wp.com\/ismaelcolosi.com.br\/wp-content\/uploads\/2024\/03\/Copia-de-Copia-de-TAMANHO-EXATO-PARA-FOTOS-NO-SISTEMA-NOVO-4.jpg?fit=1200%2C675&ssl=1&resize=1050%2C600 3x"},"classes":[]},{"id":64430,"url":"https:\/\/ismaelcolosi.com.br\/index.php\/2024\/09\/07\/regiao-de-ribeirao-preto-recebe-festival-gastronomico-di-san-gennaro\/","url_meta":{"origin":41847,"position":3},"title":"Regi\u00e3o de Ribeir\u00e3o Preto recebe Festival Gastron\u00f4mico di San Gennaro","author":"ismaelcolosi.com.br","date":"7 de September de 2024","format":false,"excerpt":"Come\u00e7ou neste final de semana em Batatais, na regi\u00e3o de Ribeir\u00e3o Preto, o Festival Gastron\u00f4mico di San Gennaro. A 30\u00aa edi\u00e7\u00e3o do evento acontece em duas etapas: no final de semana entre 6 e 8 e de 13 a 15 de setembro. A festa \u00e9 realizada no Centro de Eventos\u2026","rel":"","context":"In &quot;Not\u00edcias de Ribeir\u00e3o Preto-SP e Regi\u00e3o&quot;","block_context":{"text":"Not\u00edcias de Ribeir\u00e3o Preto-SP e Regi\u00e3o","link":"https:\/\/ismaelcolosi.com.br\/index.php\/category\/noticias-de-ribeirao-preto-sp-e-regiao-ismael-colosi\/"},"img":{"alt_text":"","src":"https:\/\/i0.wp.com\/ismaelcolosi.com.br\/wp-content\/uploads\/2024\/09\/san-gennaro_2024-09-07_15-29-38_jpg_2024-09-07_15-29-38.webp.webp?fit=1200%2C798&ssl=1&resize=350%2C200","width":350,"height":200,"srcset":"https:\/\/i0.wp.com\/ismaelcolosi.com.br\/wp-content\/uploads\/2024\/09\/san-gennaro_2024-09-07_15-29-38_jpg_2024-09-07_15-29-38.webp.webp?fit=1200%2C798&ssl=1&resize=350%2C200 1x, https:\/\/i0.wp.com\/ismaelcolosi.com.br\/wp-content\/uploads\/2024\/09\/san-gennaro_2024-09-07_15-29-38_jpg_2024-09-07_15-29-38.webp.webp?fit=1200%2C798&ssl=1&resize=525%2C300 1.5x, https:\/\/i0.wp.com\/ismaelcolosi.com.br\/wp-content\/uploads\/2024\/09\/san-gennaro_2024-09-07_15-29-38_jpg_2024-09-07_15-29-38.webp.webp?fit=1200%2C798&ssl=1&resize=700%2C400 2x, https:\/\/i0.wp.com\/ismaelcolosi.com.br\/wp-content\/uploads\/2024\/09\/san-gennaro_2024-09-07_15-29-38_jpg_2024-09-07_15-29-38.webp.webp?fit=1200%2C798&ssl=1&resize=1050%2C600 3x"},"classes":[]},{"id":55456,"url":"https:\/\/ismaelcolosi.com.br\/index.php\/2024\/07\/03\/conheca-a-rota-das-capelas-no-interior-de-sp-veja-mapa-turistico\/","url_meta":{"origin":41847,"position":4},"title":"Conhe\u00e7a a Rota das Capelas\u00a0no interior de SP; Veja mapa tur\u00edstico","author":"ismaelcolosi.com.br","date":"3 de July de 2024","format":false,"excerpt":"O interior de S\u00e3o Paulo conta com uma op\u00e7\u00e3o de turismo que passa por 13 capelas no munic\u00edpio de Monte Alto, a aproximadamente 70 quil\u00f4metros de Ribeir\u00e3o Preto: \u00e9 a Rota das Capelas. O percurso tem 90 quil\u00f4metros em meio \u00e0 natureza, entre serras com eleva\u00e7\u00e3o de 1.844 metros e\u2026","rel":"","context":"In &quot;Not\u00edcias de Ribeir\u00e3o Preto-SP e Regi\u00e3o&quot;","block_context":{"text":"Not\u00edcias de Ribeir\u00e3o Preto-SP e Regi\u00e3o","link":"https:\/\/ismaelcolosi.com.br\/index.php\/category\/noticias-de-ribeirao-preto-sp-e-regiao-ismael-colosi\/"},"img":{"alt_text":"","src":"https:\/\/i0.wp.com\/ismaelcolosi.com.br\/wp-content\/uploads\/2024\/07\/IGREJA_2024-07-03_13-52-38_jpg_2024-07-03_13-52-38.webp.webp?fit=1200%2C889&ssl=1&resize=350%2C200","width":350,"height":200,"srcset":"https:\/\/i0.wp.com\/ismaelcolosi.com.br\/wp-content\/uploads\/2024\/07\/IGREJA_2024-07-03_13-52-38_jpg_2024-07-03_13-52-38.webp.webp?fit=1200%2C889&ssl=1&resize=350%2C200 1x, https:\/\/i0.wp.com\/ismaelcolosi.com.br\/wp-content\/uploads\/2024\/07\/IGREJA_2024-07-03_13-52-38_jpg_2024-07-03_13-52-38.webp.webp?fit=1200%2C889&ssl=1&resize=525%2C300 1.5x, https:\/\/i0.wp.com\/ismaelcolosi.com.br\/wp-content\/uploads\/2024\/07\/IGREJA_2024-07-03_13-52-38_jpg_2024-07-03_13-52-38.webp.webp?fit=1200%2C889&ssl=1&resize=700%2C400 2x, https:\/\/i0.wp.com\/ismaelcolosi.com.br\/wp-content\/uploads\/2024\/07\/IGREJA_2024-07-03_13-52-38_jpg_2024-07-03_13-52-38.webp.webp?fit=1200%2C889&ssl=1&resize=1050%2C600 3x"},"classes":[]},{"id":31313,"url":"https:\/\/ismaelcolosi.com.br\/index.php\/2024\/01\/21\/theatro-pedro-ii-recebe-o-musical-rei-leao-in-concert-veja-como-comprar-ingressos\/","url_meta":{"origin":41847,"position":5},"title":"Theatro Pedro II recebe o musical \u2018Rei Le\u00e3o In Concert\u2019; Veja como comprar ingressos","author":"ismaelcolosi.com.br","date":"21 de January de 2024","format":false,"excerpt":"O Theatro Pedro II, em Ribeir\u00e3o Preto, recebe o musical \u201cRei Le\u00e3o In Concert\u201d, no pr\u00f3ximo dia 10 de mar\u00e7o. Os ingressos para o espet\u00e1culo podem ser comprados pela internet e custam entre R$ 55 e R$ 150. O musical conta com o recurso de proje\u00e7\u00e3o mapeada 3D e os\u2026","rel":"","context":"In &quot;Not\u00edcias de Ribeir\u00e3o Preto-SP e Regi\u00e3o&quot;","block_context":{"text":"Not\u00edcias de Ribeir\u00e3o Preto-SP e Regi\u00e3o","link":"https:\/\/ismaelcolosi.com.br\/index.php\/category\/noticias-de-ribeirao-preto-sp-e-regiao-ismael-colosi\/"},"img":{"alt_text":"","src":"https:\/\/i0.wp.com\/ismaelcolosi.com.br\/wp-content\/uploads\/2024\/01\/reileao.jpg?fit=978%2C613&ssl=1&resize=350%2C200","width":350,"height":200,"srcset":"https:\/\/i0.wp.com\/ismaelcolosi.com.br\/wp-content\/uploads\/2024\/01\/reileao.jpg?fit=978%2C613&ssl=1&resize=350%2C200 1x, https:\/\/i0.wp.com\/ismaelcolosi.com.br\/wp-content\/uploads\/2024\/01\/reileao.jpg?fit=978%2C613&ssl=1&resize=525%2C300 1.5x, https:\/\/i0.wp.com\/ismaelcolosi.com.br\/wp-content\/uploads\/2024\/01\/reileao.jpg?fit=978%2C613&ssl=1&resize=700%2C400 2x"},"classes":[]}],"jetpack_sharing_enabled":true,"jetpack_shortlink":"https:\/\/wp.me\/pfMlyK-aSX","_links":{"self":[{"href":"https:\/\/ismaelcolosi.com.br\/index.php\/wp-json\/wp\/v2\/posts\/41847","targetHints":{"allow":["GET"]}}],"collection":[{"href":"https:\/\/ismaelcolosi.com.br\/index.php\/wp-json\/wp\/v2\/posts"}],"about":[{"href":"https:\/\/ismaelcolosi.com.br\/index.php\/wp-json\/wp\/v2\/types\/post"}],"author":[{"embeddable":true,"href":"https:\/\/ismaelcolosi.com.br\/index.php\/wp-json\/wp\/v2\/users\/1"}],"replies":[{"embeddable":true,"href":"https:\/\/ismaelcolosi.com.br\/index.php\/wp-json\/wp\/v2\/comments?post=41847"}],"version-history":[{"count":0,"href":"https:\/\/ismaelcolosi.com.br\/index.php\/wp-json\/wp\/v2\/posts\/41847\/revisions"}],"wp:featuredmedia":[{"embeddable":true,"href":"https:\/\/ismaelcolosi.com.br\/index.php\/wp-json\/wp\/v2\/media\/41848"}],"wp:attachment":[{"href":"https:\/\/ismaelcolosi.com.br\/index.php\/wp-json\/wp\/v2\/media?parent=41847"}],"wp:term":[{"taxonomy":"category","embeddable":true,"href":"https:\/\/ismaelcolosi.com.br\/index.php\/wp-json\/wp\/v2\/categories?post=41847"},{"taxonomy":"post_tag","embeddable":true,"href":"https:\/\/ismaelcolosi.com.br\/index.php\/wp-json\/wp\/v2\/tags?post=41847"}],"curies":[{"name":"wp","href":"https:\/\/api.w.org\/{rel}","templated":true}]}}