{"id":41811,"date":"2024-03-11T13:58:58","date_gmt":"2024-03-11T16:58:58","guid":{"rendered":"https:\/\/ismaelcolosi.com.br\/index.php\/2024\/03\/11\/ribeirao-preto-conta-com-40-vagas-de-emprego-abertas-confira-as-oportunidades\/"},"modified":"2024-03-11T13:58:58","modified_gmt":"2024-03-11T16:58:58","slug":"ribeirao-preto-conta-com-40-vagas-de-emprego-abertas-confira-as-oportunidades","status":"publish","type":"post","link":"https:\/\/ismaelcolosi.com.br\/index.php\/2024\/03\/11\/ribeirao-preto-conta-com-40-vagas-de-emprego-abertas-confira-as-oportunidades\/","title":{"rendered":"Ribeir\u00e3o Preto conta com 40 vagas de emprego abertas; Confira as oportunidades"},"content":{"rendered":"<p> <br \/>\n<\/p>\n<div data-td-block-uid=\"tdi_101\">\n<div class=\"tdb-block-inner td-fix-index\">\n<p>O <strong>Caterp (Centro de Apoio ao Trabalhador e Empreendedor de Ribeir\u00e3o Preto)<\/strong> est\u00e1 com 40 vagas de emprego nesta segunda-feira (11). Entre as vagas dispon\u00edveis est\u00e3o para carpinteiro, estoquista, jardineiro, motorista e vendedor.<\/p>\n<p>Os interessados devem comparecer ao<mark style=\"background-color:#fcb900\" class=\"has-inline-color has-black-color\"> Caterp, que fica na avenida Francisco Junqueira, 2.625, Jardim Macedo. <\/mark>O Centro funciona de segunda a sexta-feira, das 8h \u00e0s 11h30 e das 13h \u00e0s 16h.<\/p>\n<p>Para concorrer, \u00e9 preciso levar Carteira de Trabalho, RG, CPF, comprovante de endere\u00e7o e curr\u00edculo atualizado.<\/p>\n<h4 class=\"wp-block-heading\"><strong>VEJA AS VAGAS<\/strong><\/h4>\n<ul>\n<li>armador de estrutura de concreto<\/li>\n<\/ul>\n<ul>\n<li>auxiliar de linha de produ\u00e7\u00e3o<\/li>\n<\/ul>\n<ul>\n<li>auxiliar de manuten\u00e7\u00e3o predial<\/li>\n<\/ul>\n<ul>\n<li>encarregado de manuten\u00e7\u00e3o<\/li>\n<\/ul>\n<ul>\n<li>instalador \u2013 reparador de linhas e aparelhos de telecomunica\u00e7\u00f5es<\/li>\n<\/ul>\n<ul>\n<li>mec\u00e2nico de manuten\u00e7\u00e3o de m\u00e1quinas, em geral<\/li>\n<\/ul>\n<ul>\n<li>mec\u00e2nico de manuten\u00e7\u00e3o de ro\u00e7adeiras, moto serras e similares<\/li>\n<\/ul>\n<ul>\n<li>mec\u00e2nico lubrificador industrial<\/li>\n<\/ul>\n<ul>\n<li>monitor externo de alarmes<\/li>\n<\/ul>\n<ul>\n<li>motorista de caminh\u00e3o pipa<\/li>\n<\/ul>\n<ul>\n<li>motorista de \u00f4nibus rodovi\u00e1rio<\/li>\n<\/ul>\n<ul>\n<li>motorista operacional de guincho<\/li>\n<\/ul>\n<ul>\n<li>motorista operador de betoneira (tempor\u00e1ria 90 dias)<\/li>\n<\/ul>\n<ul>\n<li>operador de ceifadeira na conserva\u00e7\u00e3o de vias permanentes<\/li>\n<\/ul>\n<ul>\n<li>operador de retro-escavadeira<\/li>\n<\/ul>\n<ul>\n<li>t\u00e9cnico de manuten\u00e7\u00e3o eletr\u00f4nica<\/li>\n<\/ul>\n<ul>\n<li>t\u00e9cnico de programa\u00e7\u00e3o e controle de servi\u00e7os de manuten\u00e7\u00e3o (cursando engenharia el\u00e9trica ou mec\u00e2nica)<\/li>\n<\/ul>\n<ul>\n<li>t\u00e9cnico em automa\u00e7\u00e3o industrial<\/li>\n<\/ul>\n<p>SAIBA MAIS<br \/>Abertas inscri\u00e7\u00f5es para concurso p\u00fablico da USP; veja as vagas<\/p>\n<h4 class=\"wp-block-heading\"><strong>FIQUE ON<\/strong><\/h4>\n<p>Fique ligado em tudo que acontece em Ribeir\u00e3o Preto e regi\u00e3o. Siga os perfis do<strong> acidade on<\/strong> no<a href=\"https:\/\/www.instagram.com\/acidadeonribeirao\" target=\"_blank\" rel=\"noreferrer noopener nofollow\"> Instagram <\/a>e no <a href=\"https:\/\/www.facebook.com\/acidadeonribeirao\" target=\"_blank\" rel=\"noreferrer noopener nofollow\">Facebook<\/a>.<\/p>\n<p>Receba not\u00edcias do <strong>acidade on <\/strong>no WhatsApp. <a href=\"https:\/\/chat.whatsapp.com\/Bnv2w66ZT4VDyZW3oiZ69n\" target=\"_blank\" rel=\"noreferrer noopener nofollow\">Para entrar no grupo, basta clicar aqui.<\/a><\/p>\n<p>Fa\u00e7a uma den\u00fancia ou sugira uma reportagem sobre Ribeir\u00e3o Preto e regi\u00e3o pelo WhatsApp: 16 99117 7802.<\/p>\n<p>VEJA TAMB\u00c9M<br \/>Madrugada tem promessa de revanche no BBB 24; veja resumo<\/p>\n<p><!-- AI CONTENT END 1 -->\n<\/div>\n<\/div>\n<p><script async src=\"\/\/www.instagram.com\/embed.js\"><\/script><br \/>\n<br \/><br \/>\n<br \/><a href=\"https:\/\/www.acidadeon.com\/ribeiraopreto\/economia\/ribeirao-preto-conta-com-40-vagas-de-emprego-abertas-confira-as-oportunidades\/\">Source link <\/a><\/p>\n<div class='code-block code-block-4' style='margin: 8px auto 8px 0; text-align: left; display: block; clear: both;'>\n\ud83d\udce2 Aviso Legal\n\nO site ismaelcolosi.com.br atua apenas como um canal de divulga\u00e7\u00e3o de oportunidades de emprego e n\u00e3o se responsabiliza pelo processo seletivo, contrata\u00e7\u00e3o ou qualquer outra etapa relacionada \u00e0s vagas publicadas. Todas as informa\u00e7\u00f5es s\u00e3o de responsabilidade dos anunciantes.\n\n\u26a0\ufe0f Aten\u00e7\u00e3o! Nunca pague por promessas de emprego nem compre cursos que garantam contrata\u00e7\u00e3o. Desconfie de qualquer cobran\u00e7a para participar de sele\u00e7\u00f5es.\n\n\n\n<\/div>\n<!-- CONTENT END 1 -->\n","protected":false},"excerpt":{"rendered":"<p>O Caterp (Centro de Apoio ao Trabalhador e Empreendedor de Ribeir\u00e3o Preto) est\u00e1 com 40 vagas de emprego nesta segunda-feira (11). Entre as vagas dispon\u00edveis&#8230;<\/p>\n","protected":false},"author":1,"featured_media":41812,"comment_status":"open","ping_status":"open","sticky":false,"template":"","format":"standard","meta":{"_uag_custom_page_level_css":"","advanced_seo_description":"","jetpack_seo_html_title":"","jetpack_seo_noindex":false,"jetpack_post_was_ever_published":false,"_jetpack_newsletter_access":"","_jetpack_dont_email_post_to_subs":false,"_jetpack_newsletter_tier_id":0,"_jetpack_memberships_contains_paywalled_content":false,"_jetpack_memberships_contains_paid_content":false,"footnotes":"","jetpack_publicize_message":"","jetpack_publicize_feature_enabled":true,"jetpack_social_post_already_shared":true,"jetpack_social_options":{"image_generator_settings":{"template":"highway","default_image_id":0,"font":"","enabled":false},"version":2}},"categories":[11],"tags":[],"class_list":["post-41811","post","type-post","status-publish","format-standard","has-post-thumbnail","hentry","category-noticias-de-ribeirao-preto-sp-e-regiao-ismael-colosi"],"jetpack_publicize_connections":[],"jetpack_featured_media_url":"https:\/\/i0.wp.com\/ismaelcolosi.com.br\/wp-content\/uploads\/2024\/03\/AnyConv.com__emprego-ribeirao-preto.webp.webp?fit=1622%2C1080&ssl=1","uagb_featured_image_src":{"full":["https:\/\/i0.wp.com\/ismaelcolosi.com.br\/wp-content\/uploads\/2024\/03\/AnyConv.com__emprego-ribeirao-preto.webp.webp?fit=1622%2C1080&ssl=1",1622,1080,false],"thumbnail":["https:\/\/i0.wp.com\/ismaelcolosi.com.br\/wp-content\/uploads\/2024\/03\/AnyConv.com__emprego-ribeirao-preto.webp.webp?resize=150%2C150&ssl=1",150,150,true],"medium":["https:\/\/i0.wp.com\/ismaelcolosi.com.br\/wp-content\/uploads\/2024\/03\/AnyConv.com__emprego-ribeirao-preto.webp.webp?fit=300%2C200&ssl=1",300,200,true],"medium_large":["https:\/\/i0.wp.com\/ismaelcolosi.com.br\/wp-content\/uploads\/2024\/03\/AnyConv.com__emprego-ribeirao-preto.webp.webp?fit=768%2C511&ssl=1",768,511,true],"large":["https:\/\/i0.wp.com\/ismaelcolosi.com.br\/wp-content\/uploads\/2024\/03\/AnyConv.com__emprego-ribeirao-preto.webp.webp?fit=1024%2C682&ssl=1",1024,682,true],"1536x1536":["https:\/\/i0.wp.com\/ismaelcolosi.com.br\/wp-content\/uploads\/2024\/03\/AnyConv.com__emprego-ribeirao-preto.webp.webp?fit=1536%2C1023&ssl=1",1536,1023,true],"2048x2048":["https:\/\/i0.wp.com\/ismaelcolosi.com.br\/wp-content\/uploads\/2024\/03\/AnyConv.com__emprego-ribeirao-preto.webp.webp?fit=1622%2C1080&ssl=1",1622,1080,true],"really-simple-thumb":["https:\/\/i0.wp.com\/ismaelcolosi.com.br\/wp-content\/uploads\/2024\/03\/AnyConv.com__emprego-ribeirao-preto.webp.webp?resize=370%2C247&ssl=1",370,247,true]},"uagb_author_info":{"display_name":"ismaelcolosi.com.br","author_link":"https:\/\/ismaelcolosi.com.br\/index.php\/author\/vidareal-online\/"},"uagb_comment_info":0,"uagb_excerpt":"O Caterp (Centro de Apoio ao Trabalhador e Empreendedor de Ribeir\u00e3o Preto) est\u00e1 com 40 vagas de emprego nesta segunda-feira (11). Entre as vagas dispon\u00edveis...","jetpack-related-posts":[{"id":44988,"url":"https:\/\/ismaelcolosi.com.br\/index.php\/2024\/04\/01\/ribeirao-preto-tem-47-vagas-de-emprego-disponiveis-no-inicio-de-abril\/","url_meta":{"origin":41811,"position":0},"title":"Ribeir\u00e3o Preto tem 47 vagas de emprego dispon\u00edveis no in\u00edcio de abril","author":"ismaelcolosi.com.br","date":"1 de April de 2024","format":false,"excerpt":"O Caterp (Centro de Apoio ao Trabalhador e Empreendedor de Ribeir\u00e3o Preto) est\u00e1 com 47 vagas de emprego dispon\u00edveis no in\u00edcio do m\u00eas de abril. Entre as vagas dispon\u00edveis est\u00e3o para auxiliar administrativo, cozinheiro e pedreiro. Os interessados devem comparecer ao Caterp de segunda a sexta-feira das 8h \u00e0s 11h30\u2026","rel":"","context":"In &quot;Not\u00edcias de Ribeir\u00e3o Preto-SP e Regi\u00e3o&quot;","block_context":{"text":"Not\u00edcias de Ribeir\u00e3o Preto-SP e Regi\u00e3o","link":"https:\/\/ismaelcolosi.com.br\/index.php\/category\/noticias-de-ribeirao-preto-sp-e-regiao-ismael-colosi\/"},"img":{"alt_text":"","src":"https:\/\/i0.wp.com\/ismaelcolosi.com.br\/wp-content\/uploads\/2024\/04\/AnyConv.com__emprego-ribeirao-preto-1.webp.webp?fit=1200%2C792&ssl=1&resize=350%2C200","width":350,"height":200,"srcset":"https:\/\/i0.wp.com\/ismaelcolosi.com.br\/wp-content\/uploads\/2024\/04\/AnyConv.com__emprego-ribeirao-preto-1.webp.webp?fit=1200%2C792&ssl=1&resize=350%2C200 1x, https:\/\/i0.wp.com\/ismaelcolosi.com.br\/wp-content\/uploads\/2024\/04\/AnyConv.com__emprego-ribeirao-preto-1.webp.webp?fit=1200%2C792&ssl=1&resize=525%2C300 1.5x, https:\/\/i0.wp.com\/ismaelcolosi.com.br\/wp-content\/uploads\/2024\/04\/AnyConv.com__emprego-ribeirao-preto-1.webp.webp?fit=1200%2C792&ssl=1&resize=700%2C400 2x, https:\/\/i0.wp.com\/ismaelcolosi.com.br\/wp-content\/uploads\/2024\/04\/AnyConv.com__emprego-ribeirao-preto-1.webp.webp?fit=1200%2C792&ssl=1&resize=1050%2C600 3x"},"classes":[]},{"id":45847,"url":"https:\/\/ismaelcolosi.com.br\/index.php\/2024\/04\/08\/ribeirao-preto-comeca-semana-com-50-vagas-de-emprego-confira\/","url_meta":{"origin":41811,"position":1},"title":"Ribeir\u00e3o Preto come\u00e7a semana com 50 vagas de emprego; Confira","author":"ismaelcolosi.com.br","date":"8 de April de 2024","format":false,"excerpt":"O\u00a0Caterp (Centro de Apoio ao Trabalhador e Empreendedor de Ribeir\u00e3o Preto)\u00a0est\u00e1 com 50 vagas de emprego dispon\u00edveis nesta segunda-feira (8). Entre as oportunidades est\u00e3o para ajudante de obras, auxiliar de limpeza, balconista e mec\u00e2nico. Os interessados devem comparecer ao Caterp de segunda a sexta-feira das 8h \u00e0s 11h30 e das\u2026","rel":"","context":"In &quot;Not\u00edcias de Ribeir\u00e3o Preto-SP e Regi\u00e3o&quot;","block_context":{"text":"Not\u00edcias de Ribeir\u00e3o Preto-SP e Regi\u00e3o","link":"https:\/\/ismaelcolosi.com.br\/index.php\/category\/noticias-de-ribeirao-preto-sp-e-regiao-ismael-colosi\/"},"img":{"alt_text":"","src":"","width":0,"height":0},"classes":[]},{"id":54327,"url":"https:\/\/ismaelcolosi.com.br\/index.php\/2024\/06\/24\/ribeirao-preto-tem-72-vagas-de-emprego-no-inicio-desta-semana-veja-como-concorrer\/","url_meta":{"origin":41811,"position":2},"title":"Ribeir\u00e3o Preto tem 72 vagas de emprego no in\u00edcio desta semana; Veja como concorrer","author":"ismaelcolosi.com.br","date":"24 de June de 2024","format":false,"excerpt":"O Caterp (Centro de Apoio ao Trabalhador e Empreendedor de Ribeir\u00e3o Preto) est\u00e1 com 72 vagas de emprego nesta segunda-feira (24). Entre as vagas dispon\u00edveis est\u00e3o: a\u00e7ougueiro, balconista, gar\u00e7om, promotor de vendas, recepcionista, entre outras. Os interessados devem comparecer ao Caterp, das 8h \u00e0s 11h30 e das 13h \u00e0s 16h,\u2026","rel":"","context":"In &quot;Not\u00edcias de Ribeir\u00e3o Preto-SP e Regi\u00e3o&quot;","block_context":{"text":"Not\u00edcias de Ribeir\u00e3o Preto-SP e Regi\u00e3o","link":"https:\/\/ismaelcolosi.com.br\/index.php\/category\/noticias-de-ribeirao-preto-sp-e-regiao-ismael-colosi\/"},"img":{"alt_text":"","src":"https:\/\/i0.wp.com\/ismaelcolosi.com.br\/wp-content\/uploads\/2024\/04\/AnyConv.com__trabalho_carteira_digital_-_foto_guilherme_sircili_3004.webp.webp?fit=1200%2C799&ssl=1&resize=350%2C200","width":350,"height":200,"srcset":"https:\/\/i0.wp.com\/ismaelcolosi.com.br\/wp-content\/uploads\/2024\/04\/AnyConv.com__trabalho_carteira_digital_-_foto_guilherme_sircili_3004.webp.webp?fit=1200%2C799&ssl=1&resize=350%2C200 1x, https:\/\/i0.wp.com\/ismaelcolosi.com.br\/wp-content\/uploads\/2024\/04\/AnyConv.com__trabalho_carteira_digital_-_foto_guilherme_sircili_3004.webp.webp?fit=1200%2C799&ssl=1&resize=525%2C300 1.5x, https:\/\/i0.wp.com\/ismaelcolosi.com.br\/wp-content\/uploads\/2024\/04\/AnyConv.com__trabalho_carteira_digital_-_foto_guilherme_sircili_3004.webp.webp?fit=1200%2C799&ssl=1&resize=700%2C400 2x, https:\/\/i0.wp.com\/ismaelcolosi.com.br\/wp-content\/uploads\/2024\/04\/AnyConv.com__trabalho_carteira_digital_-_foto_guilherme_sircili_3004.webp.webp?fit=1200%2C799&ssl=1&resize=1050%2C600 3x"},"classes":[]},{"id":55221,"url":"https:\/\/ismaelcolosi.com.br\/index.php\/2024\/07\/01\/ribeirao-preto-comeca-julho-com-68-vagas-de-emprego-confira-as-oportunidades\/","url_meta":{"origin":41811,"position":3},"title":"Ribeir\u00e3o Preto come\u00e7a julho com 68 vagas de emprego; Confira as oportunidades","author":"ismaelcolosi.com.br","date":"1 de July de 2024","format":false,"excerpt":"O Caterp (Centro de Apoio ao Trabalhador e Empreendedor de Ribeir\u00e3o Preto) est\u00e1 com 68 vagas de emprego no in\u00edcio do m\u00eas de julho. Entre as vagas dispon\u00edveis est\u00e3o: assistente administrativo, bombeiro civil, gar\u00e7om e vigilante. Os interessados devem comparecer ao Caterp, das 8h \u00e0s 11h30 e das 13h \u00e0s\u2026","rel":"","context":"In &quot;Not\u00edcias de Ribeir\u00e3o Preto-SP e Regi\u00e3o&quot;","block_context":{"text":"Not\u00edcias de Ribeir\u00e3o Preto-SP e Regi\u00e3o","link":"https:\/\/ismaelcolosi.com.br\/index.php\/category\/noticias-de-ribeirao-preto-sp-e-regiao-ismael-colosi\/"},"img":{"alt_text":"","src":"https:\/\/i0.wp.com\/ismaelcolosi.com.br\/wp-content\/uploads\/2024\/03\/AnyConv.com__emprego-ribeirao-preto.webp.webp?fit=1200%2C799&ssl=1&resize=350%2C200","width":350,"height":200,"srcset":"https:\/\/i0.wp.com\/ismaelcolosi.com.br\/wp-content\/uploads\/2024\/03\/AnyConv.com__emprego-ribeirao-preto.webp.webp?fit=1200%2C799&ssl=1&resize=350%2C200 1x, https:\/\/i0.wp.com\/ismaelcolosi.com.br\/wp-content\/uploads\/2024\/03\/AnyConv.com__emprego-ribeirao-preto.webp.webp?fit=1200%2C799&ssl=1&resize=525%2C300 1.5x, https:\/\/i0.wp.com\/ismaelcolosi.com.br\/wp-content\/uploads\/2024\/03\/AnyConv.com__emprego-ribeirao-preto.webp.webp?fit=1200%2C799&ssl=1&resize=700%2C400 2x, https:\/\/i0.wp.com\/ismaelcolosi.com.br\/wp-content\/uploads\/2024\/03\/AnyConv.com__emprego-ribeirao-preto.webp.webp?fit=1200%2C799&ssl=1&resize=1050%2C600 3x"},"classes":[]},{"id":6929,"url":"https:\/\/ismaelcolosi.com.br\/index.php\/2023\/11\/27\/pat-ribeirao-preto-sp-tem-67-vagas-de-empregos-nesta-segunda-dia-27-11\/","url_meta":{"origin":41811,"position":4},"title":"PAT Ribeir\u00e3o Preto-SP t\u00eam 67 vagas de empregos nesta segunda, dia 27\/11","author":"ismaelcolosi.com.br","date":"27 de November de 2023","format":false,"excerpt":"27\/11\/2023 09:12 - Inova\u00e7\u00e3o e Desenvolvimento Ribeir\u00e3o Preto est\u00e1 com 67 vagas de emprego nesta segunda-feira, 27 S\u00e3o vagas em diversas \u00e1reas como auxiliar de limpeza, balconista, faxineiro, padeiro e vendedor; interessados devem comparecer ao Caterp com documentos pessoaisFoto: Guilherme Sircili \u00a0 O Centro de Apoio ao Trabalhador e Empreendedor\u2026","rel":"","context":"In &quot;Vagas de Emprego em Ribeir\u00e3o Preto-SP&quot;","block_context":{"text":"Vagas de Emprego em Ribeir\u00e3o Preto-SP","link":"https:\/\/ismaelcolosi.com.br\/index.php\/category\/empregos-classificados-vagas-trabalho\/vagas-de-empregos-em-ribeirao-preto-regiao-brasil\/"},"img":{"alt_text":"","src":"https:\/\/i0.wp.com\/ismaelcolosi.com.br\/wp-content\/uploads\/2023\/11\/caterp_-_foto_guilherme_sircili_1.jpg?fit=1200%2C799&ssl=1&resize=350%2C200","width":350,"height":200,"srcset":"https:\/\/i0.wp.com\/ismaelcolosi.com.br\/wp-content\/uploads\/2023\/11\/caterp_-_foto_guilherme_sircili_1.jpg?fit=1200%2C799&ssl=1&resize=350%2C200 1x, https:\/\/i0.wp.com\/ismaelcolosi.com.br\/wp-content\/uploads\/2023\/11\/caterp_-_foto_guilherme_sircili_1.jpg?fit=1200%2C799&ssl=1&resize=525%2C300 1.5x, https:\/\/i0.wp.com\/ismaelcolosi.com.br\/wp-content\/uploads\/2023\/11\/caterp_-_foto_guilherme_sircili_1.jpg?fit=1200%2C799&ssl=1&resize=700%2C400 2x, https:\/\/i0.wp.com\/ismaelcolosi.com.br\/wp-content\/uploads\/2023\/11\/caterp_-_foto_guilherme_sircili_1.jpg?fit=1200%2C799&ssl=1&resize=1050%2C600 3x"},"classes":[]},{"id":42911,"url":"https:\/\/ismaelcolosi.com.br\/index.php\/2024\/03\/18\/ribeirao-preto-esta-com-49-vagas-de-emprego-nesta-segunda-feira-18\/","url_meta":{"origin":41811,"position":5},"title":"Ribeir\u00e3o Preto est\u00e1 com 49 vagas de emprego nesta segunda-feira, 18","author":"ismaelcolosi.com.br","date":"18 de March de 2024","format":false,"excerpt":"Destaque Empregos e Est\u00e1gios 18 de mar\u00e7o de 2024 | 10:0018 de mar\u00e7o de 2024 | 9:40 0O Centro de Apoio ao Trabalhador e Empreendedor de Ribeir\u00e3o Preto\u00a0est\u00e1 com 49 vagas de emprego nesta segunda-feira, 18 de mar\u00e7o. Entre as vagas dispon\u00edveis est\u00e3o: analista fiscal, assistente administrativo, operador de caixa,\u2026","rel":"","context":"In &quot;Not\u00edcias de Ribeir\u00e3o Preto-SP e Regi\u00e3o&quot;","block_context":{"text":"Not\u00edcias de Ribeir\u00e3o Preto-SP e Regi\u00e3o","link":"https:\/\/ismaelcolosi.com.br\/index.php\/category\/noticias-de-ribeirao-preto-sp-e-regiao-ismael-colosi\/"},"img":{"alt_text":"","src":"https:\/\/i0.wp.com\/ismaelcolosi.com.br\/wp-content\/uploads\/2024\/03\/trabalho_carteira_digital_-_foto_guilherme_sircili_333-scaled.jpg?fit=970%2C645&ssl=1&resize=350%2C200","width":350,"height":200,"srcset":"https:\/\/i0.wp.com\/ismaelcolosi.com.br\/wp-content\/uploads\/2024\/03\/trabalho_carteira_digital_-_foto_guilherme_sircili_333-scaled.jpg?fit=970%2C645&ssl=1&resize=350%2C200 1x, https:\/\/i0.wp.com\/ismaelcolosi.com.br\/wp-content\/uploads\/2024\/03\/trabalho_carteira_digital_-_foto_guilherme_sircili_333-scaled.jpg?fit=970%2C645&ssl=1&resize=525%2C300 1.5x, https:\/\/i0.wp.com\/ismaelcolosi.com.br\/wp-content\/uploads\/2024\/03\/trabalho_carteira_digital_-_foto_guilherme_sircili_333-scaled.jpg?fit=970%2C645&ssl=1&resize=700%2C400 2x"},"classes":[]}],"jetpack_sharing_enabled":true,"jetpack_shortlink":"https:\/\/wp.me\/pfMlyK-aSn","_links":{"self":[{"href":"https:\/\/ismaelcolosi.com.br\/index.php\/wp-json\/wp\/v2\/posts\/41811","targetHints":{"allow":["GET"]}}],"collection":[{"href":"https:\/\/ismaelcolosi.com.br\/index.php\/wp-json\/wp\/v2\/posts"}],"about":[{"href":"https:\/\/ismaelcolosi.com.br\/index.php\/wp-json\/wp\/v2\/types\/post"}],"author":[{"embeddable":true,"href":"https:\/\/ismaelcolosi.com.br\/index.php\/wp-json\/wp\/v2\/users\/1"}],"replies":[{"embeddable":true,"href":"https:\/\/ismaelcolosi.com.br\/index.php\/wp-json\/wp\/v2\/comments?post=41811"}],"version-history":[{"count":0,"href":"https:\/\/ismaelcolosi.com.br\/index.php\/wp-json\/wp\/v2\/posts\/41811\/revisions"}],"wp:featuredmedia":[{"embeddable":true,"href":"https:\/\/ismaelcolosi.com.br\/index.php\/wp-json\/wp\/v2\/media\/41812"}],"wp:attachment":[{"href":"https:\/\/ismaelcolosi.com.br\/index.php\/wp-json\/wp\/v2\/media?parent=41811"}],"wp:term":[{"taxonomy":"category","embeddable":true,"href":"https:\/\/ismaelcolosi.com.br\/index.php\/wp-json\/wp\/v2\/categories?post=41811"},{"taxonomy":"post_tag","embeddable":true,"href":"https:\/\/ismaelcolosi.com.br\/index.php\/wp-json\/wp\/v2\/tags?post=41811"}],"curies":[{"name":"wp","href":"https:\/\/api.w.org\/{rel}","templated":true}]}}