{"id":41807,"date":"2024-03-11T13:51:23","date_gmt":"2024-03-11T16:51:23","guid":{"rendered":"https:\/\/ismaelcolosi.com.br\/index.php\/2024\/03\/11\/looks-arrasadores-do-lollapalooza-2024-estilo-e-originalidade-no-festival-de-musica\/"},"modified":"2024-03-11T13:51:23","modified_gmt":"2024-03-11T16:51:23","slug":"looks-arrasadores-do-lollapalooza-2024-estilo-e-originalidade-no-festival-de-musica","status":"publish","type":"post","link":"https:\/\/ismaelcolosi.com.br\/index.php\/2024\/03\/11\/looks-arrasadores-do-lollapalooza-2024-estilo-e-originalidade-no-festival-de-musica\/","title":{"rendered":"Looks Arrasadores do Lollapalooza 2024: Estilo e Originalidade no Festival de M\u00fasica"},"content":{"rendered":"<p> <br \/>\n<\/p>\n<div>\n<h3 class=\"fn__maintitle\"><span>Looks Arrasadores do Lollapalooza 2024: Estilo e Originalidade no Festival de M\u00fasica<\/span><\/h3>\n<\/div>\n<div>\n<p>O Lollapalooza \u00e9 um dos festivais de m\u00fasica mais aguardados do ano, reunindo artistas renomados e milhares de f\u00e3s apaixonados pela m\u00fasica. Al\u00e9m das apresenta\u00e7\u00f5es musicais incr\u00edveis, outro destaque do evento s\u00e3o os looks arrasadores que o p\u00fablico escolhe para curtir os shows.<\/p>\n<p>No Lollapalooza 2024 n\u00e3o foi diferente. Os frequentadores capricharam na produ\u00e7\u00e3o e mostraram muita originalidade, estilo e personalidade nas suas escolhas. Desde o visual descolado at\u00e9 as combina\u00e7\u00f5es mais ousadas, cada look era \u00fanico e transmitia a energia contagiante do festival.<\/p><div class='code-block code-block-8' style='margin: 8px auto; text-align: center; display: block; clear: both;'>\n<script>\n  atOptions = {\n    'key' : '66e2e2111ca34da796271819fc334058',\n    'format' : 'iframe',\n    'height' : 250,\n    'width' : 300,\n    'params' : {}\n  };\n<\/script>\n<script src=\"https:\/\/www.highperformanceformat.com\/66e2e2111ca34da796271819fc334058\/invoke.js\"><\/script>\n<\/div>\n\n<p>Dentre as tend\u00eancias que se destacaram nesta edi\u00e7\u00e3o, podemos citar algumas pe\u00e7as-chave que conquistaram os cora\u00e7\u00f5es dos fashionistas presentes:<\/p>\n<p>1. Estampas vibrantes: As cores marcantes e estampas vibrantes invadiram o festival, trazendo uma atmosfera alegre e divertida. Camisetas com padr\u00f5es animados, vestidos florais ou cal\u00e7as listradas foram escolhas populares entre o p\u00fablico.<\/p>\n<p>2. Acess\u00f3rios statement: Nada como acess\u00f3rios poderosos para dar um toque final aos looks. Chap\u00e9us estilosos, \u00f3culos de sol extravagantes, brincos grandes e colares chamativos foram vistos em v\u00e1rias pessoas pelo festival. Esses detalhes ajudaram a destacar ainda mais a personalidade de cada indiv\u00edduo.<\/p>\n<p>3. Pe\u00e7as vintage: O estilo retr\u00f4 esteve em alta no Lollapalooza 2024. Jaquetas jeans customizadas, camisetas vintage de bandas ic\u00f4nicas dos anos 70 e 80, al\u00e9m de saias plissadas deram um toque nost\u00e1lgico aos visuais dos participantes.<\/p>\n<p>4. Mix de estilos: A mistura inusitada tamb\u00e9m marcou presen\u00e7a nos looks do festival deste ano. Combina\u00e7\u00f5es improv\u00e1veis como pe\u00e7as esportivas com acess\u00f3rios glamourosos ou roupas formais com t\u00eanis descolados mostraram que n\u00e3o existem regras quando se trata de expressar sua individualidade atrav\u00e9s da moda.<\/p>\n<p>\u00c9 importante ressaltar que a diversidade tamb\u00e9m foi um ponto forte nos looks do Lollapalooza 2024. Pessoas de diferentes idades, g\u00eaneros e estilos se uniram em uma celebra\u00e7\u00e3o da moda aut\u00eantica sem julgamentos ou restri\u00e7\u00f5es.<\/p>\n<p>Al\u00e9m disso, v\u00e1rias marcas independentes aproveitaram o evento para expor suas cria\u00e7\u00f5es \u00fanicas em feiras montadas especialmente para promover talentos locais da moda alternativa.<\/p>\n<p>O Lollapalooza \u00e9 muito mais do que apenas m\u00fasica \u2013 \u00e9 uma celebra\u00e7\u00e3o da cultura jovem que abra\u00e7a individualidades e proporciona espa\u00e7o para express\u00e3o criativa atrav\u00e9s da moda tamb\u00e9m.<\/p>\n<p>No fim das contas, os looks arrasadores vistos no Lollapalooza 2024 refletem a divers\u00e3o contagiante presente no festival \u2013 uma verdadeira manifesta\u00e7\u00e3o art\u00edstica onde todos s\u00e3o convidados a serem aut\u00eanticos enquanto curtem seus artistas favoritos.<\/p>\n<div class=\"popito_fn_votewrap\">\n<h3 class=\"vote_title\">Como voc\u00ea vota? <\/h3>\n<div class=\"popito_fn_votes \" data-id=\"1716\">\n<p>0 People voted this article. 0 Upvotes &#8211; 0 Downvotes.<\/p>\n<\/div>\n<\/div>\n<\/div>\n<p><br \/>\n<br \/><a href=\"https:\/\/popito.com.br\/looks-arrasadores-do-lollapalooza-2024-estilo-e-originalidade-no-festival-de-musica\/\">Source link <\/a><\/p>\n<div class='code-block code-block-4' style='margin: 8px auto 8px 0; text-align: left; display: block; clear: both;'>\n\ud83d\udce2 Aviso Legal\n\nO site ismaelcolosi.com.br atua apenas como um canal de divulga\u00e7\u00e3o de oportunidades de emprego e n\u00e3o se responsabiliza pelo processo seletivo, contrata\u00e7\u00e3o ou qualquer outra etapa relacionada \u00e0s vagas publicadas. Todas as informa\u00e7\u00f5es s\u00e3o de responsabilidade dos anunciantes.\n\n\u26a0\ufe0f Aten\u00e7\u00e3o! Nunca pague por promessas de emprego nem compre cursos que garantam contrata\u00e7\u00e3o. Desconfie de qualquer cobran\u00e7a para participar de sele\u00e7\u00f5es.\n\n\n<div data-type=\"_mgwidget\" data-widget-id=\"2000896\">\n<\/div>\n<script>(function(w,q){w[q]=w[q]||[];w[q].push([\"_mgc.load\"])})(window,\"_mgq\");\n<\/script>\n<\/div>\n<!-- CONTENT END 1 -->\n","protected":false},"excerpt":{"rendered":"<p>Looks Arrasadores do Lollapalooza 2024: Estilo e Originalidade no Festival de M\u00fasica O Lollapalooza \u00e9 um dos festivais de m\u00fasica mais aguardados do ano, reunindo&#8230;<\/p>\n","protected":false},"author":1,"featured_media":41808,"comment_status":"open","ping_status":"open","sticky":false,"template":"","format":"standard","meta":{"om_disable_all_campaigns":false,"_uag_custom_page_level_css":"","jetpack_post_was_ever_published":false,"_jetpack_newsletter_access":"","_jetpack_dont_email_post_to_subs":false,"_jetpack_newsletter_tier_id":0,"_jetpack_memberships_contains_paywalled_content":false,"_jetpack_memberships_contains_paid_content":false,"_joinchat":[],"footnotes":"","jetpack_publicize_message":"","jetpack_publicize_feature_enabled":true,"jetpack_social_post_already_shared":true,"jetpack_social_options":{"image_generator_settings":{"template":"highway","default_image_id":0,"font":"","enabled":false},"version":2}},"categories":[11],"tags":[4921,4923,141,4922,92,4924],"class_list":["post-41807","post","type-post","status-publish","format-standard","has-post-thumbnail","hentry","category-noticias-de-ribeirao-preto-sp-e-regiao-ismael-colosi","tag-arrasadores","tag-estilo","tag-festival","tag-lollapalooza","tag-musica","tag-originalidade"],"aioseo_notices":[],"jetpack_publicize_connections":[],"jetpack_featured_media_url":"https:\/\/i0.wp.com\/ismaelcolosi.com.br\/wp-content\/uploads\/2024\/03\/looks-lollapalooza.png?fit=1200%2C740&ssl=1","uagb_featured_image_src":{"full":["https:\/\/i0.wp.com\/ismaelcolosi.com.br\/wp-content\/uploads\/2024\/03\/looks-lollapalooza.png?fit=1200%2C740&ssl=1",1200,740,false],"thumbnail":["https:\/\/i0.wp.com\/ismaelcolosi.com.br\/wp-content\/uploads\/2024\/03\/looks-lollapalooza.png?resize=150%2C150&ssl=1",150,150,true],"medium":["https:\/\/i0.wp.com\/ismaelcolosi.com.br\/wp-content\/uploads\/2024\/03\/looks-lollapalooza.png?fit=300%2C185&ssl=1",300,185,true],"medium_large":["https:\/\/i0.wp.com\/ismaelcolosi.com.br\/wp-content\/uploads\/2024\/03\/looks-lollapalooza.png?fit=768%2C474&ssl=1",768,474,true],"large":["https:\/\/i0.wp.com\/ismaelcolosi.com.br\/wp-content\/uploads\/2024\/03\/looks-lollapalooza.png?fit=1024%2C631&ssl=1",1024,631,true],"1536x1536":["https:\/\/i0.wp.com\/ismaelcolosi.com.br\/wp-content\/uploads\/2024\/03\/looks-lollapalooza.png?fit=1200%2C740&ssl=1",1200,740,true],"2048x2048":["https:\/\/i0.wp.com\/ismaelcolosi.com.br\/wp-content\/uploads\/2024\/03\/looks-lollapalooza.png?fit=1200%2C740&ssl=1",1200,740,true],"really-simple-thumb":["https:\/\/i0.wp.com\/ismaelcolosi.com.br\/wp-content\/uploads\/2024\/03\/looks-lollapalooza.png?resize=370%2C247&ssl=1",370,247,true]},"uagb_author_info":{"display_name":"ismaelcolosi.com.br","author_link":"https:\/\/ismaelcolosi.com.br\/index.php\/author\/vidareal-online\/"},"uagb_comment_info":0,"uagb_excerpt":"Looks Arrasadores do Lollapalooza 2024: Estilo e Originalidade no Festival de M\u00fasica O Lollapalooza \u00e9 um dos festivais de m\u00fasica mais aguardados do ano, reunindo...","jetpack-related-posts":[{"id":46486,"url":"https:\/\/ismaelcolosi.com.br\/index.php\/2024\/04\/11\/lollapalloza-brasil-encerra-a-11a-edicao-com-grandes-numeros\/","url_meta":{"origin":41807,"position":0},"title":"Lollapalloza Brasil encerra a 11\u00aa edi\u00e7\u00e3o com grandes n\u00fameros","author":"ismaelcolosi.com.br","date":"11 de April de 2024","format":false,"excerpt":"Lollapalloza Brasil encerra a 11\u00aa edi\u00e7\u00e3o com grandes n\u00famerosO festival, al\u00e9m de levar 240 mil pessoas ao Aut\u00f3dromo de interlagos, tamb\u00e9m revela um impacto significativo para a gera\u00e7\u00e3o de empregos na Cidade de S\u00e3o Paulo O Lollapalooza Brasil 2024 encerrou sua 11\u00aa edi\u00e7\u00e3o ap\u00f3s tr\u00eas dias de muita m\u00fasica e\u2026","rel":"","context":"In &quot;Not\u00edcias de Ribeir\u00e3o Preto-SP e Regi\u00e3o&quot;","block_context":{"text":"Not\u00edcias de Ribeir\u00e3o Preto-SP e Regi\u00e3o","link":"https:\/\/ismaelcolosi.com.br\/index.php\/category\/noticias-de-ribeirao-preto-sp-e-regiao-ismael-colosi\/"},"img":{"alt_text":"","src":"https:\/\/i0.wp.com\/ismaelcolosi.com.br\/wp-content\/uploads\/2024\/04\/lollapalooza.jpg?fit=1200%2C629&ssl=1&resize=350%2C200","width":350,"height":200,"srcset":"https:\/\/i0.wp.com\/ismaelcolosi.com.br\/wp-content\/uploads\/2024\/04\/lollapalooza.jpg?fit=1200%2C629&ssl=1&resize=350%2C200 1x, https:\/\/i0.wp.com\/ismaelcolosi.com.br\/wp-content\/uploads\/2024\/04\/lollapalooza.jpg?fit=1200%2C629&ssl=1&resize=525%2C300 1.5x, https:\/\/i0.wp.com\/ismaelcolosi.com.br\/wp-content\/uploads\/2024\/04\/lollapalooza.jpg?fit=1200%2C629&ssl=1&resize=700%2C400 2x, https:\/\/i0.wp.com\/ismaelcolosi.com.br\/wp-content\/uploads\/2024\/04\/lollapalooza.jpg?fit=1200%2C629&ssl=1&resize=1050%2C600 3x"},"classes":[]},{"id":49243,"url":"https:\/\/ismaelcolosi.com.br\/index.php\/2024\/05\/09\/documentario-lolla-a-historia-do-lollapalooza-sobre-o-surgimento-do-festival-ganha-trailer\/","url_meta":{"origin":41807,"position":1},"title":"Document\u00e1rio Lolla: A Hist\u00f3ria do Lollapalooza, sobre o surgimento do festival, ganha trailer","author":"ismaelcolosi.com.br","date":"9 de May de 2024","format":false,"excerpt":"Casa \/ Televis\u00e3o \/ Document\u00e1rio Lolla: A Hist\u00f3ria do Lollapalooza, sobre o surgimento do festival, ganha trailerDocument\u00e1rio Lolla: A Hist\u00f3ria do Lollapalooza, sobre o surgimento do festival, ganha trailerNova S\u00e9rie Documental Chega No Dia 22 De Maio, Quarta-Feira, No Paramount+ E \u00c9 Produzido Pela MTV Entertainment Studios E FunMeter, Em\u2026","rel":"","context":"In &quot;Not\u00edcias de Ribeir\u00e3o Preto-SP e Regi\u00e3o&quot;","block_context":{"text":"Not\u00edcias de Ribeir\u00e3o Preto-SP e Regi\u00e3o","link":"https:\/\/ismaelcolosi.com.br\/index.php\/category\/noticias-de-ribeirao-preto-sp-e-regiao-ismael-colosi\/"},"img":{"alt_text":"","src":"https:\/\/i0.wp.com\/ismaelcolosi.com.br\/wp-content\/uploads\/2024\/05\/Paramount-Lolla_A-Historia-do-Lollapalooza-2.jpg?fit=1200%2C675&ssl=1&resize=350%2C200","width":350,"height":200,"srcset":"https:\/\/i0.wp.com\/ismaelcolosi.com.br\/wp-content\/uploads\/2024\/05\/Paramount-Lolla_A-Historia-do-Lollapalooza-2.jpg?fit=1200%2C675&ssl=1&resize=350%2C200 1x, https:\/\/i0.wp.com\/ismaelcolosi.com.br\/wp-content\/uploads\/2024\/05\/Paramount-Lolla_A-Historia-do-Lollapalooza-2.jpg?fit=1200%2C675&ssl=1&resize=525%2C300 1.5x, https:\/\/i0.wp.com\/ismaelcolosi.com.br\/wp-content\/uploads\/2024\/05\/Paramount-Lolla_A-Historia-do-Lollapalooza-2.jpg?fit=1200%2C675&ssl=1&resize=700%2C400 2x, https:\/\/i0.wp.com\/ismaelcolosi.com.br\/wp-content\/uploads\/2024\/05\/Paramount-Lolla_A-Historia-do-Lollapalooza-2.jpg?fit=1200%2C675&ssl=1&resize=1050%2C600 3x"},"classes":[]},{"id":32830,"url":"https:\/\/ismaelcolosi.com.br\/index.php\/2024\/01\/26\/ribeirao-preto-recebe-show-de-integrante-da-banda-de-amy-winehouse\/","url_meta":{"origin":41807,"position":2},"title":"Ribeir\u00e3o Preto recebe show de integrante da banda de Amy Winehouse","author":"ismaelcolosi.com.br","date":"26 de January de 2024","format":false,"excerpt":"O Sesc Ribeir\u00e3o Preto vai receber show do pianista e tecladista Xanton\u00e9 Blacq, que foi integrante da banda da cantora Amy Winehouse, no dia 23 de fevereiro. O artista participou de uma das grava\u00e7\u00f5es mais famosas de Amy, como a da m\u00fasica \u201cValerie\u201d, no Live At BBC Radio 1 Live\u2026","rel":"","context":"In &quot;Not\u00edcias de Ribeir\u00e3o Preto-SP e Regi\u00e3o&quot;","block_context":{"text":"Not\u00edcias de Ribeir\u00e3o Preto-SP e Regi\u00e3o","link":"https:\/\/ismaelcolosi.com.br\/index.php\/category\/noticias-de-ribeirao-preto-sp-e-regiao-ismael-colosi\/"},"img":{"alt_text":"","src":"https:\/\/i0.wp.com\/ismaelcolosi.com.br\/wp-content\/uploads\/2024\/01\/XANTONE.jpg?fit=934%2C621&ssl=1&resize=350%2C200","width":350,"height":200,"srcset":"https:\/\/i0.wp.com\/ismaelcolosi.com.br\/wp-content\/uploads\/2024\/01\/XANTONE.jpg?fit=934%2C621&ssl=1&resize=350%2C200 1x, https:\/\/i0.wp.com\/ismaelcolosi.com.br\/wp-content\/uploads\/2024\/01\/XANTONE.jpg?fit=934%2C621&ssl=1&resize=525%2C300 1.5x, https:\/\/i0.wp.com\/ismaelcolosi.com.br\/wp-content\/uploads\/2024\/01\/XANTONE.jpg?fit=934%2C621&ssl=1&resize=700%2C400 2x"},"classes":[]},{"id":39029,"url":"https:\/\/ismaelcolosi.com.br\/index.php\/2024\/02\/22\/shopping-de-ribeirao-recebe-festa-de-musica-eletronica-com-grupo-rooftime-veja-quando\/","url_meta":{"origin":41807,"position":3},"title":"Shopping de Ribeir\u00e3o recebe festa de m\u00fasica eletr\u00f4nica com grupo Rooftime; Veja quando","author":"ismaelcolosi.com.br","date":"22 de February de 2024","format":false,"excerpt":"Ribeir\u00e3o Preto recebe, neste s\u00e1bado (24), o trio de m\u00fasica eletr\u00f4nica Rooftime, que se apresenta pela primeira vez na festa Clubinho Sunset, \u00e0s 15h, no shopping Iguatemi, zona Sul do munic\u00edpio. Os ingressos para a festa ainda est\u00e3o dispon\u00edveis e podem ser adquiridos de forma on-line (clique aqui). Essa \u00e9\u2026","rel":"","context":"In &quot;Not\u00edcias de Ribeir\u00e3o Preto-SP e Regi\u00e3o&quot;","block_context":{"text":"Not\u00edcias de Ribeir\u00e3o Preto-SP e Regi\u00e3o","link":"https:\/\/ismaelcolosi.com.br\/index.php\/category\/noticias-de-ribeirao-preto-sp-e-regiao-ismael-colosi\/"},"img":{"alt_text":"","src":"https:\/\/i0.wp.com\/ismaelcolosi.com.br\/wp-content\/uploads\/2024\/02\/rooftime-entrevista-vibez-indica-1.jpg?fit=1200%2C653&ssl=1&resize=350%2C200","width":350,"height":200,"srcset":"https:\/\/i0.wp.com\/ismaelcolosi.com.br\/wp-content\/uploads\/2024\/02\/rooftime-entrevista-vibez-indica-1.jpg?fit=1200%2C653&ssl=1&resize=350%2C200 1x, https:\/\/i0.wp.com\/ismaelcolosi.com.br\/wp-content\/uploads\/2024\/02\/rooftime-entrevista-vibez-indica-1.jpg?fit=1200%2C653&ssl=1&resize=525%2C300 1.5x, https:\/\/i0.wp.com\/ismaelcolosi.com.br\/wp-content\/uploads\/2024\/02\/rooftime-entrevista-vibez-indica-1.jpg?fit=1200%2C653&ssl=1&resize=700%2C400 2x, https:\/\/i0.wp.com\/ismaelcolosi.com.br\/wp-content\/uploads\/2024\/02\/rooftime-entrevista-vibez-indica-1.jpg?fit=1200%2C653&ssl=1&resize=1050%2C600 3x"},"classes":[]},{"id":67042,"url":"https:\/\/ismaelcolosi.com.br\/index.php\/2024\/09\/20\/a-trajetoria-de-roberta-medina-a-frente-do-rock-in-rio-2\/","url_meta":{"origin":41807,"position":4},"title":"A trajet\u00f3ria de Roberta Medina \u00e0 frente do Rock in Rio","author":"ismaelcolosi.com.br","date":"20 de September de 2024","format":false,"excerpt":"Anne Karr\u201cA coisa mais valiosa que meu pai fez foi me jogar para os le\u00f5es\u201d, diz Roberta Medina, filha do fundador do Rock in Rio, Roberto Medina Acessibilidade L L A- A+ \u25d0 Na 24\u00aa edi\u00e7\u00e3o do Rock in Rio, que completa quatro d\u00e9cadas este ano, Roberta Medina trabalha no\u2026","rel":"","context":"In &quot;Carreira e Sucesso&quot;","block_context":{"text":"Carreira e Sucesso","link":"https:\/\/ismaelcolosi.com.br\/index.php\/category\/carreira-e-sucesso-dicas-para-carreira\/"},"img":{"alt_text":"","src":"https:\/\/i0.wp.com\/ismaelcolosi.com.br\/wp-content\/uploads\/2024\/09\/1726853003_roberta-medina-1024x683.jpg?fit=1024%2C683&ssl=1&resize=350%2C200","width":350,"height":200,"srcset":"https:\/\/i0.wp.com\/ismaelcolosi.com.br\/wp-content\/uploads\/2024\/09\/1726853003_roberta-medina-1024x683.jpg?fit=1024%2C683&ssl=1&resize=350%2C200 1x, https:\/\/i0.wp.com\/ismaelcolosi.com.br\/wp-content\/uploads\/2024\/09\/1726853003_roberta-medina-1024x683.jpg?fit=1024%2C683&ssl=1&resize=525%2C300 1.5x, https:\/\/i0.wp.com\/ismaelcolosi.com.br\/wp-content\/uploads\/2024\/09\/1726853003_roberta-medina-1024x683.jpg?fit=1024%2C683&ssl=1&resize=700%2C400 2x"},"classes":[]},{"id":66941,"url":"https:\/\/ismaelcolosi.com.br\/index.php\/2024\/09\/20\/a-trajetoria-de-roberta-medina-a-frente-do-rock-in-rio\/","url_meta":{"origin":41807,"position":5},"title":"A trajet\u00f3ria de Roberta Medina \u00e0 frente do Rock in Rio","author":"ismaelcolosi.com.br","date":"20 de September de 2024","format":false,"excerpt":"Anne Karr\u201cA coisa mais valiosa que meu pai fez foi me jogar para os le\u00f5es\u201d, diz Roberta Medina, filha do fundador do Rock in Rio, Roberto Medina Acessibilidade L L A- A+ \u25d0 Na 24\u00aa edi\u00e7\u00e3o do Rock in Rio, que completa quatro d\u00e9cadas este ano, Roberta Medina vive o\u2026","rel":"","context":"In &quot;Carreira e Sucesso&quot;","block_context":{"text":"Carreira e Sucesso","link":"https:\/\/ismaelcolosi.com.br\/index.php\/category\/carreira-e-sucesso-dicas-para-carreira\/"},"img":{"alt_text":"","src":"https:\/\/i0.wp.com\/ismaelcolosi.com.br\/wp-content\/uploads\/2024\/09\/roberta-medina-1024x683.jpg?fit=1024%2C683&ssl=1&resize=350%2C200","width":350,"height":200,"srcset":"https:\/\/i0.wp.com\/ismaelcolosi.com.br\/wp-content\/uploads\/2024\/09\/roberta-medina-1024x683.jpg?fit=1024%2C683&ssl=1&resize=350%2C200 1x, https:\/\/i0.wp.com\/ismaelcolosi.com.br\/wp-content\/uploads\/2024\/09\/roberta-medina-1024x683.jpg?fit=1024%2C683&ssl=1&resize=525%2C300 1.5x, https:\/\/i0.wp.com\/ismaelcolosi.com.br\/wp-content\/uploads\/2024\/09\/roberta-medina-1024x683.jpg?fit=1024%2C683&ssl=1&resize=700%2C400 2x"},"classes":[]}],"jetpack_sharing_enabled":true,"jetpack_shortlink":"https:\/\/wp.me\/pfMlyK-aSj","_links":{"self":[{"href":"https:\/\/ismaelcolosi.com.br\/index.php\/wp-json\/wp\/v2\/posts\/41807","targetHints":{"allow":["GET"]}}],"collection":[{"href":"https:\/\/ismaelcolosi.com.br\/index.php\/wp-json\/wp\/v2\/posts"}],"about":[{"href":"https:\/\/ismaelcolosi.com.br\/index.php\/wp-json\/wp\/v2\/types\/post"}],"author":[{"embeddable":true,"href":"https:\/\/ismaelcolosi.com.br\/index.php\/wp-json\/wp\/v2\/users\/1"}],"replies":[{"embeddable":true,"href":"https:\/\/ismaelcolosi.com.br\/index.php\/wp-json\/wp\/v2\/comments?post=41807"}],"version-history":[{"count":0,"href":"https:\/\/ismaelcolosi.com.br\/index.php\/wp-json\/wp\/v2\/posts\/41807\/revisions"}],"wp:featuredmedia":[{"embeddable":true,"href":"https:\/\/ismaelcolosi.com.br\/index.php\/wp-json\/wp\/v2\/media\/41808"}],"wp:attachment":[{"href":"https:\/\/ismaelcolosi.com.br\/index.php\/wp-json\/wp\/v2\/media?parent=41807"}],"wp:term":[{"taxonomy":"category","embeddable":true,"href":"https:\/\/ismaelcolosi.com.br\/index.php\/wp-json\/wp\/v2\/categories?post=41807"},{"taxonomy":"post_tag","embeddable":true,"href":"https:\/\/ismaelcolosi.com.br\/index.php\/wp-json\/wp\/v2\/tags?post=41807"}],"curies":[{"name":"wp","href":"https:\/\/api.w.org\/{rel}","templated":true}]}}