{"id":41689,"date":"2024-03-10T13:48:25","date_gmt":"2024-03-10T16:48:25","guid":{"rendered":"https:\/\/ismaelcolosi.com.br\/index.php\/2024\/03\/10\/comercial-perde-mais-uma\/"},"modified":"2024-03-10T13:48:25","modified_gmt":"2024-03-10T16:48:25","slug":"comercial-perde-mais-uma","status":"publish","type":"post","link":"https:\/\/ismaelcolosi.com.br\/index.php\/2024\/03\/10\/comercial-perde-mais-uma\/","title":{"rendered":"Comercial perde mais uma &#8211; Jornal Tribuna Ribeir\u00e3o"},"content":{"rendered":"<p> <br \/>\n<\/p>\n<div id=\"post-376851\">\n<header class=\"entry-header penci-entry-header penci-title-center\">\n<p> <span class=\"entry-meta-item penci-posted-on\"><i class=\"fa fa-clock-o\"\/><time class=\"entry-date published updated\" datetime=\"2024-03-10T13:33:57-03:00\">10 de mar\u00e7o de 2024 | 13:33<\/time><\/span><\/p>\n<p> <span class=\"penci-social-buttons penci-social-share-footer\"><a href=\"#\" class=\"penci-post-like penci_post-meta_item  single-like-button penci-social-item like\" data-post_id=\"376851\" title=\"Like\" data-like=\"Like\" data-unlike=\"Unlike\"><i class=\"fa fa-thumbs-o-up\"\/><span class=\"penci-share-number\">0<\/span><\/a><i class=\"fa fa-facebook\"\/><a class=\"penci-social-item twitter\" target=\"_blank\" rel=\"noopener\" title=\"\" href=\"https:\/\/twitter.com\/intent\/tweet?text=Comercial%20perde%20mais%20uma%20-%20https:\/\/www.tribunaribeirao.com.br\/site\/comercial-perde-mais-uma\/\"><i class=\"fa fa-twitter\"\/><\/a><i class=\"fa fa-whatsapp\"\/><\/span><\/header>\n<div class=\"penci-entry-content entry-content\">\n<p>Apenas cumprindo tabela e j\u00e1 rebaixado para a S\u00e9rie A3, o Comercial voltou a perder no Campeonato Paulista da S\u00e9rie A2. Desta vez para o Taubat\u00e9, por 2 a 1, em partida realizada na manh\u00e3 deste domingo (10), em Taubat\u00e9.<\/p>\n<p>Os gols do Taubat\u00e9 foram marcados Yamada e Nascimento descontou para o Le\u00e3o.<\/p>\n<p>O Comercial \u00e9 dono da pior campanha do campeonato. Foram, at\u00e9 agora, cinco empates e nove derrotas. Nenhuma vit\u00f3ria.<\/p>\n<p>O pr\u00f3ximo compromisso, encerrado a triste participa\u00e7\u00e3o no campeonato, ser\u00e1 s\u00e1bado (16), em Palma Travassos, contra o tamb\u00e9m rebaixado Monte Azul.<\/p>\n<p>Mesmo se o Bafo vencer, termina o campeonato em \u00faltimo lugar.<\/p>\n<\/div>\n<footer class=\"penci-entry-footer\"\/><\/div>\n<p><script async src=\"\/\/platform.twitter.com\/widgets.js\" charset=\"utf-8\"><\/script><br \/>\n<br \/><br \/>\n<br \/><a href=\"https:\/\/www.tribunaribeirao.com.br\/site\/comercial-perde-mais-uma\/\">Source link <\/a><\/p>\n<div class='code-block code-block-4' style='margin: 8px auto 8px 0; text-align: left; display: block; clear: both;'>\n\ud83d\udce2 Aviso Legal\n\nO site ismaelcolosi.com.br atua apenas como um canal de divulga\u00e7\u00e3o de oportunidades de emprego e n\u00e3o se responsabiliza pelo processo seletivo, contrata\u00e7\u00e3o ou qualquer outra etapa relacionada \u00e0s vagas publicadas. Todas as informa\u00e7\u00f5es s\u00e3o de responsabilidade dos anunciantes.\n\n\u26a0\ufe0f Aten\u00e7\u00e3o! Nunca pague por promessas de emprego nem compre cursos que garantam contrata\u00e7\u00e3o. Desconfie de qualquer cobran\u00e7a para participar de sele\u00e7\u00f5es.\n\n\n\n<\/div>\n<!-- CONTENT END 1 -->\n","protected":false},"excerpt":{"rendered":"<p>10 de mar\u00e7o de 2024 | 13:33 0 Apenas cumprindo tabela e j\u00e1 rebaixado para a S\u00e9rie A3, o Comercial voltou a perder no Campeonato&#8230;<\/p>\n","protected":false},"author":1,"featured_media":41690,"comment_status":"open","ping_status":"open","sticky":false,"template":"","format":"standard","meta":{"_uag_custom_page_level_css":"","advanced_seo_description":"","jetpack_seo_html_title":"","jetpack_seo_noindex":false,"jetpack_post_was_ever_published":false,"_jetpack_newsletter_access":"","_jetpack_dont_email_post_to_subs":false,"_jetpack_newsletter_tier_id":0,"_jetpack_memberships_contains_paywalled_content":false,"_jetpack_memberships_contains_paid_content":false,"footnotes":"","jetpack_publicize_message":"","jetpack_publicize_feature_enabled":true,"jetpack_social_post_already_shared":true,"jetpack_social_options":{"image_generator_settings":{"template":"highway","default_image_id":0,"font":"","enabled":false},"version":2}},"categories":[11],"tags":[705,785,276,312,26,786,85],"class_list":["post-41689","post","type-post","status-publish","format-standard","has-post-thumbnail","hentry","category-noticias-de-ribeirao-preto-sp-e-regiao-ismael-colosi","tag-comercial","tag-jornal","tag-mais","tag-perde","tag-ribeirao","tag-tribuna","tag-uma"],"jetpack_publicize_connections":[],"jetpack_featured_media_url":"https:\/\/i0.wp.com\/ismaelcolosi.com.br\/wp-content\/uploads\/2024\/03\/comercialtaubate-scaled.jpeg?fit=967%2C645&ssl=1","uagb_featured_image_src":{"full":["https:\/\/i0.wp.com\/ismaelcolosi.com.br\/wp-content\/uploads\/2024\/03\/comercialtaubate-scaled.jpeg?fit=967%2C645&ssl=1",967,645,false],"thumbnail":["https:\/\/i0.wp.com\/ismaelcolosi.com.br\/wp-content\/uploads\/2024\/03\/comercialtaubate-scaled.jpeg?resize=150%2C150&ssl=1",150,150,true],"medium":["https:\/\/i0.wp.com\/ismaelcolosi.com.br\/wp-content\/uploads\/2024\/03\/comercialtaubate-scaled.jpeg?fit=300%2C200&ssl=1",300,200,true],"medium_large":["https:\/\/i0.wp.com\/ismaelcolosi.com.br\/wp-content\/uploads\/2024\/03\/comercialtaubate-scaled.jpeg?fit=768%2C512&ssl=1",768,512,true],"large":["https:\/\/i0.wp.com\/ismaelcolosi.com.br\/wp-content\/uploads\/2024\/03\/comercialtaubate-scaled.jpeg?fit=967%2C645&ssl=1",967,645,true],"1536x1536":["https:\/\/i0.wp.com\/ismaelcolosi.com.br\/wp-content\/uploads\/2024\/03\/comercialtaubate-scaled.jpeg?fit=967%2C645&ssl=1",967,645,true],"2048x2048":["https:\/\/i0.wp.com\/ismaelcolosi.com.br\/wp-content\/uploads\/2024\/03\/comercialtaubate-scaled.jpeg?fit=967%2C645&ssl=1",967,645,true],"really-simple-thumb":["https:\/\/i0.wp.com\/ismaelcolosi.com.br\/wp-content\/uploads\/2024\/03\/comercialtaubate-scaled.jpeg?resize=370%2C247&ssl=1",370,247,true]},"uagb_author_info":{"display_name":"ismaelcolosi.com.br","author_link":"https:\/\/ismaelcolosi.com.br\/index.php\/author\/vidareal-online\/"},"uagb_comment_info":0,"uagb_excerpt":"10 de mar\u00e7o de 2024 | 13:33 0 Apenas cumprindo tabela e j\u00e1 rebaixado para a S\u00e9rie A3, o Comercial voltou a perder no Campeonato...","jetpack-related-posts":[{"id":1109,"url":"https:\/\/ismaelcolosi.com.br\/index.php\/2023\/11\/10\/comercial-contrata-junior-sergipano-jornal-tribuna-ribeirao\/","url_meta":{"origin":41689,"position":0},"title":"Comercial contrata J\u00fanior Sergipano &#8211; Jornal Tribuna Ribeir\u00e3o","author":"ismaelcolosi.com.br","date":"10 de November de 2023","format":false,"excerpt":"10 de novembro de 2023 | 13:0010 de novembro de 2023 | 10:31 0O Comercial confirmou mais uma contrata\u00e7\u00e3o para a disputa da S\u00e9rie A2 de 2024. Trata-se do zagueiro J\u00fanior Sergipano, 23 anos, que estava no XV de Piracicaba. O jogador j\u00e1 foi incorporado ao elenco e iniciou a\u2026","rel":"","context":"In &quot;Not\u00edcias de Ribeir\u00e3o Preto-SP e Regi\u00e3o&quot;","block_context":{"text":"Not\u00edcias de Ribeir\u00e3o Preto-SP e Regi\u00e3o","link":"https:\/\/ismaelcolosi.com.br\/index.php\/category\/noticias-de-ribeirao-preto-sp-e-regiao-ismael-colosi\/"},"img":{"alt_text":"","src":"https:\/\/i0.wp.com\/ismaelcolosi.com.br\/wp-content\/uploads\/2023\/11\/Comercial-1-1-scaled.jpg?fit=967%2C645&ssl=1&resize=350%2C200","width":350,"height":200,"srcset":"https:\/\/i0.wp.com\/ismaelcolosi.com.br\/wp-content\/uploads\/2023\/11\/Comercial-1-1-scaled.jpg?fit=967%2C645&ssl=1&resize=350%2C200 1x, https:\/\/i0.wp.com\/ismaelcolosi.com.br\/wp-content\/uploads\/2023\/11\/Comercial-1-1-scaled.jpg?fit=967%2C645&ssl=1&resize=525%2C300 1.5x, https:\/\/i0.wp.com\/ismaelcolosi.com.br\/wp-content\/uploads\/2023\/11\/Comercial-1-1-scaled.jpg?fit=967%2C645&ssl=1&resize=700%2C400 2x"},"classes":[]},{"id":33075,"url":"https:\/\/ismaelcolosi.com.br\/index.php\/2024\/01\/27\/comercial-contrata-atacante-paraguaio\/","url_meta":{"origin":41689,"position":1},"title":"Comercial contrata atacante paraguaio\u00a0\u00a0 &#8211; Jornal Tribuna Ribeir\u00e3o","author":"ismaelcolosi.com.br","date":"27 de January de 2024","format":false,"excerpt":"27 de janeiro de 2024 | 16:0027 de janeiro de 2024 | 11:45 0O Comercial acertou a contrata\u00e7\u00e3o de mais um jogador para a sequ\u00eancia da S\u00e9rie A2. O atacante paraguaio Carlos Herrera, de 23 anos, assinou contrato e j\u00e1 est\u00e1 dispon\u00edvel para estrear pelo Le\u00e3o do Norte.\u00a0\u00a0Herrera j\u00e1 estava\u2026","rel":"","context":"In &quot;Not\u00edcias de Ribeir\u00e3o Preto-SP e Regi\u00e3o&quot;","block_context":{"text":"Not\u00edcias de Ribeir\u00e3o Preto-SP e Regi\u00e3o","link":"https:\/\/ismaelcolosi.com.br\/index.php\/category\/noticias-de-ribeirao-preto-sp-e-regiao-ismael-colosi\/"},"img":{"alt_text":"","src":"https:\/\/i0.wp.com\/ismaelcolosi.com.br\/wp-content\/uploads\/2024\/01\/Comercial-9-scaled.jpeg?fit=645%2C645&ssl=1&resize=350%2C200","width":350,"height":200,"srcset":"https:\/\/i0.wp.com\/ismaelcolosi.com.br\/wp-content\/uploads\/2024\/01\/Comercial-9-scaled.jpeg?fit=645%2C645&ssl=1&resize=350%2C200 1x, https:\/\/i0.wp.com\/ismaelcolosi.com.br\/wp-content\/uploads\/2024\/01\/Comercial-9-scaled.jpeg?fit=645%2C645&ssl=1&resize=525%2C300 1.5x"},"classes":[]},{"id":761,"url":"https:\/\/ismaelcolosi.com.br\/index.php\/2023\/11\/09\/charge-09-11-2023-jornal-tribuna-ribeirao\/","url_meta":{"origin":41689,"position":2},"title":"Charge 09\/11\/2023 &#8211; Jornal Tribuna Ribeir\u00e3o","author":"ismaelcolosi.com.br","date":"9 de November de 2023","format":false,"excerpt":"Ribeir\u00e3o Preto \u00e9 o centro de uma regi\u00e3o com mais de 3 milh\u00f5es de habitantes. O agroneg\u00f3cio, o com\u00e9rcio e a presta\u00e7\u00e3o de servi\u00e7os s\u00e3o os pontos fortes da economia. O jornal Tribuna circula em Ribeir\u00e3o Preto e em outras 10 cidades da regi\u00e3o. Sua linha editorial \u00e9 informativa e\u2026","rel":"","context":"In &quot;Not\u00edcias de Ribeir\u00e3o Preto-SP e Regi\u00e3o&quot;","block_context":{"text":"Not\u00edcias de Ribeir\u00e3o Preto-SP e Regi\u00e3o","link":"https:\/\/ismaelcolosi.com.br\/index.php\/category\/noticias-de-ribeirao-preto-sp-e-regiao-ismael-colosi\/"},"img":{"alt_text":"","src":"https:\/\/i0.wp.com\/ismaelcolosi.com.br\/wp-content\/uploads\/2023\/11\/Charge-6759-scaled.jpg?fit=860%2C645&ssl=1&resize=350%2C200","width":350,"height":200,"srcset":"https:\/\/i0.wp.com\/ismaelcolosi.com.br\/wp-content\/uploads\/2023\/11\/Charge-6759-scaled.jpg?fit=860%2C645&ssl=1&resize=350%2C200 1x, https:\/\/i0.wp.com\/ismaelcolosi.com.br\/wp-content\/uploads\/2023\/11\/Charge-6759-scaled.jpg?fit=860%2C645&ssl=1&resize=525%2C300 1.5x, https:\/\/i0.wp.com\/ismaelcolosi.com.br\/wp-content\/uploads\/2023\/11\/Charge-6759-scaled.jpg?fit=860%2C645&ssl=1&resize=700%2C400 2x"},"classes":[]},{"id":763,"url":"https:\/\/ismaelcolosi.com.br\/index.php\/2023\/11\/09\/capa-09-11-2023-jornal-tribuna-ribeirao\/","url_meta":{"origin":41689,"position":3},"title":"Capa 09\/11\/2023 &#8211; Jornal Tribuna Ribeir\u00e3o","author":"ismaelcolosi.com.br","date":"9 de November de 2023","format":false,"excerpt":"Ribeir\u00e3o Preto \u00e9 o centro de uma regi\u00e3o com mais de 3 milh\u00f5es de habitantes. O agroneg\u00f3cio, o com\u00e9rcio e a presta\u00e7\u00e3o de servi\u00e7os s\u00e3o os pontos fortes da economia. O jornal Tribuna circula em Ribeir\u00e3o Preto e em outras 10 cidades da regi\u00e3o. Sua linha editorial \u00e9 informativa e\u2026","rel":"","context":"In &quot;Not\u00edcias de Ribeir\u00e3o Preto-SP e Regi\u00e3o&quot;","block_context":{"text":"Not\u00edcias de Ribeir\u00e3o Preto-SP e Regi\u00e3o","link":"https:\/\/ismaelcolosi.com.br\/index.php\/category\/noticias-de-ribeirao-preto-sp-e-regiao-ismael-colosi\/"},"img":{"alt_text":"","src":"https:\/\/i0.wp.com\/ismaelcolosi.com.br\/wp-content\/uploads\/2023\/11\/Capa-6759-scaled.jpg?fit=368%2C645&ssl=1&resize=350%2C200","width":350,"height":200},"classes":[]},{"id":1013,"url":"https:\/\/ismaelcolosi.com.br\/index.php\/2023\/11\/10\/capa-10-11-2023-jornal-tribuna-ribeirao\/","url_meta":{"origin":41689,"position":4},"title":"Capa 10\/11\/2023 &#8211; Jornal Tribuna Ribeir\u00e3o","author":"ismaelcolosi.com.br","date":"10 de November de 2023","format":false,"excerpt":"Ribeir\u00e3o Preto \u00e9 o centro de uma regi\u00e3o com mais de 3 milh\u00f5es de habitantes. O agroneg\u00f3cio, o com\u00e9rcio e a presta\u00e7\u00e3o de servi\u00e7os s\u00e3o os pontos fortes da economia. O jornal Tribuna circula em Ribeir\u00e3o Preto e em outras 10 cidades da regi\u00e3o. Sua linha editorial \u00e9 informativa e\u2026","rel":"","context":"In &quot;Not\u00edcias de Ribeir\u00e3o Preto-SP e Regi\u00e3o&quot;","block_context":{"text":"Not\u00edcias de Ribeir\u00e3o Preto-SP e Regi\u00e3o","link":"https:\/\/ismaelcolosi.com.br\/index.php\/category\/noticias-de-ribeirao-preto-sp-e-regiao-ismael-colosi\/"},"img":{"alt_text":"","src":"https:\/\/i0.wp.com\/ismaelcolosi.com.br\/wp-content\/uploads\/2023\/11\/Capa-6760-scaled.jpg?fit=368%2C645&ssl=1&resize=350%2C200","width":350,"height":200},"classes":[]},{"id":1017,"url":"https:\/\/ismaelcolosi.com.br\/index.php\/2023\/11\/10\/charge-10-11-2023-jornal-tribuna-ribeirao\/","url_meta":{"origin":41689,"position":5},"title":"Charge 10\/11\/2023 &#8211; Jornal Tribuna Ribeir\u00e3o","author":"ismaelcolosi.com.br","date":"10 de November de 2023","format":false,"excerpt":"Ribeir\u00e3o Preto \u00e9 o centro de uma regi\u00e3o com mais de 3 milh\u00f5es de habitantes. O agroneg\u00f3cio, o com\u00e9rcio e a presta\u00e7\u00e3o de servi\u00e7os s\u00e3o os pontos fortes da economia. O jornal Tribuna circula em Ribeir\u00e3o Preto e em outras 10 cidades da regi\u00e3o. Sua linha editorial \u00e9 informativa e\u2026","rel":"","context":"In &quot;Not\u00edcias de Ribeir\u00e3o Preto-SP e Regi\u00e3o&quot;","block_context":{"text":"Not\u00edcias de Ribeir\u00e3o Preto-SP e Regi\u00e3o","link":"https:\/\/ismaelcolosi.com.br\/index.php\/category\/noticias-de-ribeirao-preto-sp-e-regiao-ismael-colosi\/"},"img":{"alt_text":"","src":"https:\/\/i0.wp.com\/ismaelcolosi.com.br\/wp-content\/uploads\/2023\/11\/Charge-6760-scaled.jpg?fit=860%2C645&ssl=1&resize=350%2C200","width":350,"height":200,"srcset":"https:\/\/i0.wp.com\/ismaelcolosi.com.br\/wp-content\/uploads\/2023\/11\/Charge-6760-scaled.jpg?fit=860%2C645&ssl=1&resize=350%2C200 1x, https:\/\/i0.wp.com\/ismaelcolosi.com.br\/wp-content\/uploads\/2023\/11\/Charge-6760-scaled.jpg?fit=860%2C645&ssl=1&resize=525%2C300 1.5x, https:\/\/i0.wp.com\/ismaelcolosi.com.br\/wp-content\/uploads\/2023\/11\/Charge-6760-scaled.jpg?fit=860%2C645&ssl=1&resize=700%2C400 2x"},"classes":[]}],"jetpack_sharing_enabled":true,"jetpack_shortlink":"https:\/\/wp.me\/pfMlyK-aQp","_links":{"self":[{"href":"https:\/\/ismaelcolosi.com.br\/index.php\/wp-json\/wp\/v2\/posts\/41689","targetHints":{"allow":["GET"]}}],"collection":[{"href":"https:\/\/ismaelcolosi.com.br\/index.php\/wp-json\/wp\/v2\/posts"}],"about":[{"href":"https:\/\/ismaelcolosi.com.br\/index.php\/wp-json\/wp\/v2\/types\/post"}],"author":[{"embeddable":true,"href":"https:\/\/ismaelcolosi.com.br\/index.php\/wp-json\/wp\/v2\/users\/1"}],"replies":[{"embeddable":true,"href":"https:\/\/ismaelcolosi.com.br\/index.php\/wp-json\/wp\/v2\/comments?post=41689"}],"version-history":[{"count":0,"href":"https:\/\/ismaelcolosi.com.br\/index.php\/wp-json\/wp\/v2\/posts\/41689\/revisions"}],"wp:featuredmedia":[{"embeddable":true,"href":"https:\/\/ismaelcolosi.com.br\/index.php\/wp-json\/wp\/v2\/media\/41690"}],"wp:attachment":[{"href":"https:\/\/ismaelcolosi.com.br\/index.php\/wp-json\/wp\/v2\/media?parent=41689"}],"wp:term":[{"taxonomy":"category","embeddable":true,"href":"https:\/\/ismaelcolosi.com.br\/index.php\/wp-json\/wp\/v2\/categories?post=41689"},{"taxonomy":"post_tag","embeddable":true,"href":"https:\/\/ismaelcolosi.com.br\/index.php\/wp-json\/wp\/v2\/tags?post=41689"}],"curies":[{"name":"wp","href":"https:\/\/api.w.org\/{rel}","templated":true}]}}