{"id":41665,"date":"2024-03-10T11:25:05","date_gmt":"2024-03-10T14:25:05","guid":{"rendered":"https:\/\/ismaelcolosi.com.br\/index.php\/2024\/03\/10\/ja-rebaixado-comercial-cumpre-tabela-diante-do-taubate\/"},"modified":"2024-03-10T11:25:05","modified_gmt":"2024-03-10T14:25:05","slug":"ja-rebaixado-comercial-cumpre-tabela-diante-do-taubate","status":"publish","type":"post","link":"https:\/\/ismaelcolosi.com.br\/index.php\/2024\/03\/10\/ja-rebaixado-comercial-cumpre-tabela-diante-do-taubate\/","title":{"rendered":"J\u00e1 rebaixado, Comercial cumpre tabela diante do Taubat\u00e9\u00a0\u00a0"},"content":{"rendered":"<p> <br \/>\n<\/p>\n<div>\n<p><span data-contrast=\"auto\">Rebaixado para a S\u00e9rie A3, o Comercial ainda precisa cumprir tabela nas \u00faltimas duas rodadas da competi\u00e7\u00e3o. Neste domingo o time de Ademir Fesan encara o Taubat\u00e9, fora de casa, as 11h10, no est\u00e1dio Joaquinz\u00e3o.\u00a0<\/span><span data-ccp-props=\"{&quot;201341983&quot;:0,&quot;335551550&quot;:6,&quot;335551620&quot;:6,&quot;335559739&quot;:200,&quot;335559740&quot;:276}\">\u00a0<\/span><\/p>\n<p><span data-contrast=\"auto\">Como o Le\u00e3o do Norte j\u00e1 caiu matematicamente, o t\u00e9cnico Ademir Fesan deve dar oportunidade para alguns jogadores da base jogar. J\u00e1 foi assim contra o Juventus, quando Lucca e DVD foram titulares. Igor Morais entrou no decorrer da partida.\u00a0<\/span><span data-ccp-props=\"{&quot;201341983&quot;:0,&quot;335551550&quot;:6,&quot;335551620&quot;:6,&quot;335559739&quot;:200,&quot;335559740&quot;:276}\">\u00a0<\/span><\/p>\n<p><span data-contrast=\"auto\">O volante Alan Lopes n\u00e3o est\u00e1 dispon\u00edvel j\u00e1 que foi expulso na jogada do p\u00eanalti que culminou com o segundo gol do Juventus, marcado por L\u00e9o Castro.\u00a0<\/span><span data-ccp-props=\"{&quot;201341983&quot;:0,&quot;335551550&quot;:6,&quot;335551620&quot;:6,&quot;335559739&quot;:200,&quot;335559740&quot;:276}\">\u00a0<\/span><\/p>\n<p><span data-contrast=\"auto\">Andradina deve ganhar nova oportunidade no time titular. Ele saiu bem do banco e fez o gol do Bafo contra o Moleque Travesso. O jogador \u00e9 um dos poucos destaques do time na competi\u00e7\u00e3o, mas perdeu espa\u00e7o nas \u00faltimas rodadas.\u00a0<\/span><span data-ccp-props=\"{&quot;201341983&quot;:0,&quot;335551550&quot;:6,&quot;335551620&quot;:6,&quot;335559739&quot;:200,&quot;335559740&quot;:276}\">\u00a0<\/span><\/p>\n<p><span data-contrast=\"auto\">No ataque, Ferreira deve ser mantido. Ele n\u00e3o foi bem contra o Juventus, mas foi melhor do que o paraguaio Herrera, que n\u00e3o conseguiu engrenar com a camisa do Comercial.\u00a0<\/span><span data-ccp-props=\"{&quot;201341983&quot;:0,&quot;335551550&quot;:6,&quot;335551620&quot;:6,&quot;335559739&quot;:200,&quot;335559740&quot;:276}\">\u00a0<\/span><\/p>\n<p><span data-contrast=\"auto\">O Le\u00e3o do Norte deve come\u00e7ar a partida com a seguinte escala\u00e7\u00e3o: Leonardo; Lucca, D\u00eanis, J\u00fanior Sergipano e Igor Miranda; Igor Morais, Willyam Maranh\u00e3o e Andradina; DVD, Ferreira e Luizinho.\u00a0<\/span><span data-ccp-props=\"{&quot;201341983&quot;:0,&quot;335551550&quot;:6,&quot;335551620&quot;:6,&quot;335559739&quot;:200,&quot;335559740&quot;:276}\">\u00a0<\/span><\/p>\n<p><b><span data-contrast=\"auto\">Taubat\u00e9<\/span><\/b><span data-ccp-props=\"{&quot;201341983&quot;:0,&quot;335551550&quot;:6,&quot;335551620&quot;:6,&quot;335559739&quot;:200,&quot;335559740&quot;:276}\">\u00a0<\/span><\/p>\n<p><span data-contrast=\"auto\">O Taubat\u00e9 chega ao confronto com o Comercial tentando se manter vivo na briga pela classifica\u00e7\u00e3o. O time tem 14 pontos e o primeiro dentro do G-8, que \u00e9 o Rio Claro, tem 17 pontos somados. O grande destaque do Taubat\u00e9 \u00e9 o atacante Bambam, que tem 3 gols marcados em 10 partidas.<\/span><span data-ccp-props=\"{&quot;201341983&quot;:0,&quot;335551550&quot;:6,&quot;335551620&quot;:6,&quot;335559739&quot;:200,&quot;335559740&quot;:276}\">\u00a0<\/span><\/p>\n<p><b><span data-contrast=\"auto\">Hist\u00f3rico do confronto\u00a0<\/span><\/b><span data-ccp-props=\"{&quot;201341983&quot;:0,&quot;335551550&quot;:6,&quot;335551620&quot;:6,&quot;335559739&quot;:200,&quot;335559740&quot;:276}\">\u00a0<\/span><\/p>\n<p><span data-contrast=\"auto\">A hist\u00f3ria registra 21 encontros entre as equipes. O Comercial leva ligeira vantagem. S\u00e3o oito vit\u00f3rias do Le\u00e3o do Norte, sete do Taubat\u00e9 e outros seis empates.<\/span><span data-ccp-props=\"{&quot;201341983&quot;:0,&quot;335551550&quot;:6,&quot;335551620&quot;:6,&quot;335559739&quot;:200,&quot;335559740&quot;:276}\">\u00a0<\/span><\/p>\n<p><span data-contrast=\"auto\">No \u00faltimo encontro entre as equipes, na A2 de 2023, o Taubat\u00e9 venceu o Bafo dentro do est\u00e1dio Palma Travassos.\u00a0<\/span><span data-ccp-props=\"{&quot;201341983&quot;:0,&quot;335551550&quot;:6,&quot;335551620&quot;:6,&quot;335559739&quot;:200,&quot;335559740&quot;:276}\">\u00a0<\/span><\/p>\n<p><b><span data-contrast=\"auto\">Queda na casa do rival\u00a0<\/span><\/b><span data-ccp-props=\"{&quot;201341983&quot;:0,&quot;335551550&quot;:6,&quot;335551620&quot;:6,&quot;335559739&quot;:200,&quot;335559740&quot;:276}\">\u00a0<\/span><\/p>\n<p><span data-contrast=\"auto\">O fim melanc\u00f3lico do Comercial ganhou contornos de crueldade por ter acontecido no est\u00e1dio Santa Cruz. O Palma Travassos, casa do Bafo, estava alugado para a realiza\u00e7\u00e3o de um show do cantor J\u00e3o. Por isso, a partida foi realizada na casa do Botafogo, maior rival do clube.\u00a0<\/span><span data-ccp-props=\"{&quot;201341983&quot;:0,&quot;335551550&quot;:6,&quot;335551620&quot;:6,&quot;335559739&quot;:200,&quot;335559740&quot;:276}\">\u00a0<\/span><\/p>\n<p><span data-contrast=\"auto\">Por conta disso, as organizadas do Comercial n\u00e3o foram ao jogo. A diretoria comercialina tinha outras op\u00e7\u00f5es, mas optou por manter o jogo no local. Existe uma parceria entre os clubes firmada h\u00e1 algum tempo. Ano passado o Botafogo mando um jogo da S\u00e9rie B no Palma Travassos. Em contrapartida, o Le\u00e3o jogou no Santa Cruz tamb\u00e9m.\u00a0<\/span><span data-ccp-props=\"{&quot;201341983&quot;:0,&quot;335551550&quot;:6,&quot;335551620&quot;:6,&quot;335559739&quot;:200,&quot;335559740&quot;:276}\">\u00a0<\/span><\/p>\n<p><span data-contrast=\"auto\">O Comercial tem alugado seu est\u00e1dio para eventos e shows em busca de mais arrecada\u00e7\u00e3o. O jogo contra o S\u00e3o Bento foi realizado no est\u00e1dio Zezinho Magalh\u00e3es, em Ja\u00fa, porque o Santa Cruz n\u00e3o estaria dispon\u00edvel na data.\u00a0<\/span><span data-ccp-props=\"{&quot;201341983&quot;:0,&quot;335551550&quot;:6,&quot;335551620&quot;:6,&quot;335559739&quot;:200,&quot;335559740&quot;:276}\">\u00a0<\/span><\/p>\n<p><b><span data-contrast=\"auto\">Trag\u00e9dia anunciada\u00a0<\/span><\/b><span data-ccp-props=\"{&quot;201341983&quot;:0,&quot;335551550&quot;:6,&quot;335551620&quot;:6,&quot;335559739&quot;:200,&quot;335559740&quot;:276}\">\u00a0<\/span><\/p>\n<p><span data-contrast=\"auto\">O rebaixamento do Comercial n\u00e3o foi uma constru\u00e7\u00e3o do acaso. Desde o inicio da competi\u00e7\u00e3o os problemas e escolhas da gest\u00e3o Fausi Henrique foram apontadas. Entretanto, n\u00e3o houve corre\u00e7\u00e3o de rota e a cada rodada a queda ficou mais pr\u00f3xima.\u00a0<\/span><span data-ccp-props=\"{&quot;201341983&quot;:0,&quot;335551550&quot;:6,&quot;335551620&quot;:6,&quot;335559739&quot;:200,&quot;335559740&quot;:276}\">\u00a0<\/span><\/p>\n<p><span data-contrast=\"auto\">At\u00e9 aqui, o Le\u00e3o do Norte n\u00e3o venceu nenhuma partida na competi\u00e7\u00e3o. Apenas Comercial, Matonense e Santo Andr\u00e9 ainda n\u00e3o venceram nas tr\u00eas principais divis\u00f5es do futebol paulista.\u00a0<\/span><span data-ccp-props=\"{&quot;201341983&quot;:0,&quot;335551550&quot;:6,&quot;335551620&quot;:6,&quot;335559739&quot;:200,&quot;335559740&quot;:276}\">\u00a0<\/span><\/p>\n<p><span data-contrast=\"auto\">Al\u00e9m de n\u00e3o vencer, o Comercial \u00e9 dono do pior ataque da S\u00e9rie A2 e divide a pior defesa com o Monte Azul, outro time que est\u00e1 na zona de rebaixamento. Em g\u00eanero, numero e grau o Comercial foi um dos piores times da divis\u00e3o.\u00a0<\/span><span data-ccp-props=\"{&quot;201341983&quot;:0,&quot;335551550&quot;:6,&quot;335551620&quot;:6,&quot;335559739&quot;:200,&quot;335559740&quot;:276}\">\u00a0<\/span><\/p>\n<p><span data-contrast=\"auto\">Escala\u00e7\u00e3o Comercial: Leonardo; Lucca, D\u00eanis, J\u00fanior Sergipano e Igor Miranda; Igor Morais, Willyam Maranh\u00e3o e Andradina; DVD, Ferreira e Luizinho. T\u00e9cnico: Ademir Fesan.\u00a0<\/span><span data-ccp-props=\"{&quot;201341983&quot;:0,&quot;335551550&quot;:6,&quot;335551620&quot;:6,&quot;335559739&quot;:200,&quot;335559740&quot;:276}\">\u00a0<\/span><\/p>\n<p><span data-contrast=\"auto\">Escala\u00e7\u00e3o Taubat\u00e9: Leandro;<\/span> <span data-contrast=\"auto\">Bruno Luiz, Luanderson, Pedro Vitor e Maycon;<\/span> \u00a0<span data-contrast=\"auto\">Khevin Fraga, Alvinho, Yamada e Vitinho;<\/span> \u00a0<span data-contrast=\"auto\">Pedro Ac\u00e1cio e Bambam. T\u00e9cnico: Wilson J\u00fanior.\u00a0<\/span><span data-ccp-props=\"{&quot;201341983&quot;:0,&quot;335551550&quot;:6,&quot;335551620&quot;:6,&quot;335559739&quot;:200,&quot;335559740&quot;:276}\">\u00a0<\/span><\/p>\n<p><span data-contrast=\"auto\">Data: 10\/03<\/span><span data-ccp-props=\"{&quot;201341983&quot;:0,&quot;335551550&quot;:6,&quot;335551620&quot;:6,&quot;335559739&quot;:200,&quot;335559740&quot;:276}\">\u00a0<\/span><\/p>\n<p><span data-contrast=\"auto\">Hor\u00e1rio: 11h10\u00a0<\/span><span data-ccp-props=\"{&quot;201341983&quot;:0,&quot;335551550&quot;:6,&quot;335551620&quot;:6,&quot;335559739&quot;:200,&quot;335559740&quot;:276}\">\u00a0<\/span><\/p>\n<p><span data-contrast=\"auto\">Local: Est\u00e1dio Joaquinz\u00e3o\u00a0<\/span><span data-ccp-props=\"{&quot;201341983&quot;:0,&quot;335551550&quot;:6,&quot;335551620&quot;:6,&quot;335559739&quot;:200,&quot;335559740&quot;:276}\">\u00a0<\/span><\/p>\n<p><span data-contrast=\"auto\">\u00c1rbitro: Marcio Mattos dos Santos\u00a0<\/span><span data-ccp-props=\"{&quot;201341983&quot;:0,&quot;335551550&quot;:6,&quot;335551620&quot;:6,&quot;335559739&quot;:200,&quot;335559740&quot;:276}\">\u00a0<\/span><\/p>\n<p><span data-contrast=\"auto\">Auxiliares: Denis Matheus Afonso Ferreira e Felipe Camargo Moraes\u00a0<\/span><span data-ccp-props=\"{&quot;201341983&quot;:0,&quot;335551550&quot;:6,&quot;335551620&quot;:6,&quot;335559739&quot;:200,&quot;335559740&quot;:276}\">\u00a0<\/span><\/p>\n<p><span data-ccp-props=\"{&quot;201341983&quot;:0,&quot;335551550&quot;:6,&quot;335551620&quot;:6,&quot;335559739&quot;:200,&quot;335559740&quot;:276}\">\u00a0<\/span><\/p>\n<p><span data-ccp-props=\"{&quot;201341983&quot;:0,&quot;335551550&quot;:6,&quot;335551620&quot;:6,&quot;335559739&quot;:200,&quot;335559740&quot;:276}\">\u00a0<\/span><\/p>\n<\/div>\n<p><br \/>\n<br \/><a href=\"https:\/\/www.tribunaribeirao.com.br\/site\/ja-rebaixado-comercial-cumpre-tabela-diante-do-taubate\/\">Source link <\/a><\/p>\n<div class='code-block code-block-4' style='margin: 8px auto 8px 0; text-align: left; display: block; clear: both;'>\n\ud83d\udce2 Aviso Legal\n\nO site ismaelcolosi.com.br atua apenas como um canal de divulga\u00e7\u00e3o de oportunidades de emprego e n\u00e3o se responsabiliza pelo processo seletivo, contrata\u00e7\u00e3o ou qualquer outra etapa relacionada \u00e0s vagas publicadas. Todas as informa\u00e7\u00f5es s\u00e3o de responsabilidade dos anunciantes.\n\n\u26a0\ufe0f Aten\u00e7\u00e3o! Nunca pague por promessas de emprego nem compre cursos que garantam contrata\u00e7\u00e3o. Desconfie de qualquer cobran\u00e7a para participar de sele\u00e7\u00f5es.\n\n\n\n<\/div>\n<!-- CONTENT END 1 -->\n","protected":false},"excerpt":{"rendered":"<p>Rebaixado para a S\u00e9rie A3, o Comercial ainda precisa cumprir tabela nas \u00faltimas duas rodadas da competi\u00e7\u00e3o. Neste domingo o time de Ademir Fesan encara&#8230;<\/p>\n","protected":false},"author":1,"featured_media":41666,"comment_status":"open","ping_status":"open","sticky":false,"template":"","format":"standard","meta":{"_uag_custom_page_level_css":"","advanced_seo_description":"","jetpack_seo_html_title":"","jetpack_seo_noindex":false,"jetpack_post_was_ever_published":false,"_jetpack_newsletter_access":"","_jetpack_dont_email_post_to_subs":false,"_jetpack_newsletter_tier_id":0,"_jetpack_memberships_contains_paywalled_content":false,"_jetpack_memberships_contains_paid_content":false,"footnotes":"","jetpack_publicize_message":"","jetpack_publicize_feature_enabled":true,"jetpack_social_post_already_shared":true,"jetpack_social_options":{"image_generator_settings":{"template":"highway","default_image_id":0,"font":"","enabled":false},"version":2}},"categories":[11],"tags":[705,3787,728,292,4845,4897,4898],"class_list":["post-41665","post","type-post","status-publish","format-standard","has-post-thumbnail","hentry","category-noticias-de-ribeirao-preto-sp-e-regiao-ismael-colosi","tag-comercial","tag-cumpre","tag-diante","tag-ja","tag-rebaixado","tag-tabela","tag-taubate"],"jetpack_publicize_connections":[],"jetpack_featured_media_url":"https:\/\/i0.wp.com\/ismaelcolosi.com.br\/wp-content\/uploads\/2024\/03\/Foto-1-4-scaled.jpg?fit=967%2C645&ssl=1","uagb_featured_image_src":{"full":["https:\/\/i0.wp.com\/ismaelcolosi.com.br\/wp-content\/uploads\/2024\/03\/Foto-1-4-scaled.jpg?fit=967%2C645&ssl=1",967,645,false],"thumbnail":["https:\/\/i0.wp.com\/ismaelcolosi.com.br\/wp-content\/uploads\/2024\/03\/Foto-1-4-scaled.jpg?resize=150%2C150&ssl=1",150,150,true],"medium":["https:\/\/i0.wp.com\/ismaelcolosi.com.br\/wp-content\/uploads\/2024\/03\/Foto-1-4-scaled.jpg?fit=300%2C200&ssl=1",300,200,true],"medium_large":["https:\/\/i0.wp.com\/ismaelcolosi.com.br\/wp-content\/uploads\/2024\/03\/Foto-1-4-scaled.jpg?fit=768%2C512&ssl=1",768,512,true],"large":["https:\/\/i0.wp.com\/ismaelcolosi.com.br\/wp-content\/uploads\/2024\/03\/Foto-1-4-scaled.jpg?fit=967%2C645&ssl=1",967,645,true],"1536x1536":["https:\/\/i0.wp.com\/ismaelcolosi.com.br\/wp-content\/uploads\/2024\/03\/Foto-1-4-scaled.jpg?fit=967%2C645&ssl=1",967,645,true],"2048x2048":["https:\/\/i0.wp.com\/ismaelcolosi.com.br\/wp-content\/uploads\/2024\/03\/Foto-1-4-scaled.jpg?fit=967%2C645&ssl=1",967,645,true],"really-simple-thumb":["https:\/\/i0.wp.com\/ismaelcolosi.com.br\/wp-content\/uploads\/2024\/03\/Foto-1-4-scaled.jpg?resize=370%2C247&ssl=1",370,247,true]},"uagb_author_info":{"display_name":"ismaelcolosi.com.br","author_link":"https:\/\/ismaelcolosi.com.br\/index.php\/author\/vidareal-online\/"},"uagb_comment_info":0,"uagb_excerpt":"Rebaixado para a S\u00e9rie A3, o Comercial ainda precisa cumprir tabela nas \u00faltimas duas rodadas da competi\u00e7\u00e3o. Neste domingo o time de Ademir Fesan encara...","jetpack-related-posts":[{"id":41395,"url":"https:\/\/ismaelcolosi.com.br\/index.php\/2024\/03\/07\/comercial-e-rebaixado-para-serie-a3-em-partida-realizada-na-casa-do-seu-maior-rival\/","url_meta":{"origin":41665,"position":0},"title":"Comercial \u00e9 rebaixado para S\u00e9rie A3 em partida realizada na casa do seu maior rival","author":"ismaelcolosi.com.br","date":"7 de March de 2024","format":false,"excerpt":"O Comercial foi rebaixado para a S\u00e9rie A3, ap\u00f3s perder a partida contra o Juventus por 2 a 1, na noite desta quinta-feira (7), pela 13\u00aa rodada do Campeonato Paulista S\u00e9rie A2. A disputa aconteceu no est\u00e1dio Santa Cruz, em Ribeir\u00e3o Preto, casa do maior rival do Alvinegro. O jogo\u2026","rel":"","context":"In &quot;Not\u00edcias de Ribeir\u00e3o Preto-SP e Regi\u00e3o&quot;","block_context":{"text":"Not\u00edcias de Ribeir\u00e3o Preto-SP e Regi\u00e3o","link":"https:\/\/ismaelcolosi.com.br\/index.php\/category\/noticias-de-ribeirao-preto-sp-e-regiao-ismael-colosi\/"},"img":{"alt_text":"","src":"https:\/\/i0.wp.com\/ismaelcolosi.com.br\/wp-content\/uploads\/2024\/03\/AnyConv.com__WhatsApp-Image-2024-03-07-at-21.59.15.webp.webp?fit=1109%2C739&ssl=1&resize=350%2C200","width":350,"height":200,"srcset":"https:\/\/i0.wp.com\/ismaelcolosi.com.br\/wp-content\/uploads\/2024\/03\/AnyConv.com__WhatsApp-Image-2024-03-07-at-21.59.15.webp.webp?fit=1109%2C739&ssl=1&resize=350%2C200 1x, https:\/\/i0.wp.com\/ismaelcolosi.com.br\/wp-content\/uploads\/2024\/03\/AnyConv.com__WhatsApp-Image-2024-03-07-at-21.59.15.webp.webp?fit=1109%2C739&ssl=1&resize=525%2C300 1.5x, https:\/\/i0.wp.com\/ismaelcolosi.com.br\/wp-content\/uploads\/2024\/03\/AnyConv.com__WhatsApp-Image-2024-03-07-at-21.59.15.webp.webp?fit=1109%2C739&ssl=1&resize=700%2C400 2x, https:\/\/i0.wp.com\/ismaelcolosi.com.br\/wp-content\/uploads\/2024\/03\/AnyConv.com__WhatsApp-Image-2024-03-07-at-21.59.15.webp.webp?fit=1109%2C739&ssl=1&resize=1050%2C600 3x"},"classes":[]},{"id":41399,"url":"https:\/\/ismaelcolosi.com.br\/index.php\/2024\/03\/07\/comercial-perde-para-o-juventus-no-santa-cruz-e-esta-rebaixado-para-serie-a3\/","url_meta":{"origin":41665,"position":1},"title":"Comercial perde para o Juventus no Santa Cruz e est\u00e1 rebaixado para S\u00e9rie A3","author":"ismaelcolosi.com.br","date":"7 de March de 2024","format":false,"excerpt":"O Comercial est\u00e1 rebaixado para a S\u00e9rie A3 do Campeonato Paulista. O Le\u00e3o do Norte foi derrotado pelo Juventus com o placar de 2 a 1 na noite desta quinta-feira. Os gols da partida foram marcados por L\u00e9o Castro, duas vezes, para o Moleque Travesso, e Valdeir, para o Le\u00e3o\u2026","rel":"","context":"In &quot;Not\u00edcias de Ribeir\u00e3o Preto-SP e Regi\u00e3o&quot;","block_context":{"text":"Not\u00edcias de Ribeir\u00e3o Preto-SP e Regi\u00e3o","link":"https:\/\/ismaelcolosi.com.br\/index.php\/category\/noticias-de-ribeirao-preto-sp-e-regiao-ismael-colosi\/"},"img":{"alt_text":"","src":"https:\/\/i0.wp.com\/ismaelcolosi.com.br\/wp-content\/uploads\/2024\/03\/Comercial-scaled.jpeg?fit=968%2C645&ssl=1&resize=350%2C200","width":350,"height":200,"srcset":"https:\/\/i0.wp.com\/ismaelcolosi.com.br\/wp-content\/uploads\/2024\/03\/Comercial-scaled.jpeg?fit=968%2C645&ssl=1&resize=350%2C200 1x, https:\/\/i0.wp.com\/ismaelcolosi.com.br\/wp-content\/uploads\/2024\/03\/Comercial-scaled.jpeg?fit=968%2C645&ssl=1&resize=525%2C300 1.5x, https:\/\/i0.wp.com\/ismaelcolosi.com.br\/wp-content\/uploads\/2024\/03\/Comercial-scaled.jpeg?fit=968%2C645&ssl=1&resize=700%2C400 2x"},"classes":[]},{"id":41689,"url":"https:\/\/ismaelcolosi.com.br\/index.php\/2024\/03\/10\/comercial-perde-mais-uma\/","url_meta":{"origin":41665,"position":2},"title":"Comercial perde mais uma &#8211; Jornal Tribuna Ribeir\u00e3o","author":"ismaelcolosi.com.br","date":"10 de March de 2024","format":false,"excerpt":"10 de mar\u00e7o de 2024 | 13:33 0Apenas cumprindo tabela e j\u00e1 rebaixado para a S\u00e9rie A3, o Comercial voltou a perder no Campeonato Paulista da S\u00e9rie A2. Desta vez para o Taubat\u00e9, por 2 a 1, em partida realizada na manh\u00e3 deste domingo (10), em Taubat\u00e9.Os gols do Taubat\u00e9\u2026","rel":"","context":"In &quot;Not\u00edcias de Ribeir\u00e3o Preto-SP e Regi\u00e3o&quot;","block_context":{"text":"Not\u00edcias de Ribeir\u00e3o Preto-SP e Regi\u00e3o","link":"https:\/\/ismaelcolosi.com.br\/index.php\/category\/noticias-de-ribeirao-preto-sp-e-regiao-ismael-colosi\/"},"img":{"alt_text":"","src":"https:\/\/i0.wp.com\/ismaelcolosi.com.br\/wp-content\/uploads\/2024\/03\/comercialtaubate-scaled.jpeg?fit=967%2C645&ssl=1&resize=350%2C200","width":350,"height":200,"srcset":"https:\/\/i0.wp.com\/ismaelcolosi.com.br\/wp-content\/uploads\/2024\/03\/comercialtaubate-scaled.jpeg?fit=967%2C645&ssl=1&resize=350%2C200 1x, https:\/\/i0.wp.com\/ismaelcolosi.com.br\/wp-content\/uploads\/2024\/03\/comercialtaubate-scaled.jpeg?fit=967%2C645&ssl=1&resize=525%2C300 1.5x, https:\/\/i0.wp.com\/ismaelcolosi.com.br\/wp-content\/uploads\/2024\/03\/comercialtaubate-scaled.jpeg?fit=967%2C645&ssl=1&resize=700%2C400 2x"},"classes":[]},{"id":41685,"url":"https:\/\/ismaelcolosi.com.br\/index.php\/2024\/03\/10\/comercial-perde-mais-uma-pelo-campeonato-paulista-da-serie-a2\/","url_meta":{"origin":41665,"position":3},"title":"Comercial perde mais uma pelo Campeonato Paulista da S\u00e9rie A2","author":"ismaelcolosi.com.br","date":"10 de March de 2024","format":false,"excerpt":"J\u00e1 rebaixado, o Comercial foi derrotado pelo Taubat\u00e9 por 2 a 1 na manh\u00e3 deste domingo (10). A partida realizada no est\u00e1dio Joaquim de Morais Filho, no Vale do Para\u00edba, foi v\u00e1lida pela 14\u00aa rodada do Campeonato Paulista da S\u00e9rie A2. Os donos da casa abriram o placar com Yamada\u2026","rel":"","context":"In &quot;Not\u00edcias de Ribeir\u00e3o Preto-SP e Regi\u00e3o&quot;","block_context":{"text":"Not\u00edcias de Ribeir\u00e3o Preto-SP e Regi\u00e3o","link":"https:\/\/ismaelcolosi.com.br\/index.php\/category\/noticias-de-ribeirao-preto-sp-e-regiao-ismael-colosi\/"},"img":{"alt_text":"","src":"https:\/\/i0.wp.com\/ismaelcolosi.com.br\/wp-content\/uploads\/2024\/03\/AnyConv.com__taubate-comercial.webp.webp?fit=1200%2C800&ssl=1&resize=350%2C200","width":350,"height":200,"srcset":"https:\/\/i0.wp.com\/ismaelcolosi.com.br\/wp-content\/uploads\/2024\/03\/AnyConv.com__taubate-comercial.webp.webp?fit=1200%2C800&ssl=1&resize=350%2C200 1x, https:\/\/i0.wp.com\/ismaelcolosi.com.br\/wp-content\/uploads\/2024\/03\/AnyConv.com__taubate-comercial.webp.webp?fit=1200%2C800&ssl=1&resize=525%2C300 1.5x, https:\/\/i0.wp.com\/ismaelcolosi.com.br\/wp-content\/uploads\/2024\/03\/AnyConv.com__taubate-comercial.webp.webp?fit=1200%2C800&ssl=1&resize=700%2C400 2x, https:\/\/i0.wp.com\/ismaelcolosi.com.br\/wp-content\/uploads\/2024\/03\/AnyConv.com__taubate-comercial.webp.webp?fit=1200%2C800&ssl=1&resize=1050%2C600 3x"},"classes":[]},{"id":39694,"url":"https:\/\/ismaelcolosi.com.br\/index.php\/2024\/02\/27\/apesar-de-estreia-com-derrota-fesan-mostra-confianca-no-comercial\/","url_meta":{"origin":41665,"position":4},"title":"Apesar de estreia com derrota, Fesan mostra confian\u00e7a no Comercial","author":"ismaelcolosi.com.br","date":"27 de February de 2024","format":false,"excerpt":"27 de fevereiro de 2024 | 17:3027 de fevereiro de 2024 | 10:18 0Tentando sobreviver na S\u00e9rie A2, o Comercial n\u00e3o conseguiu vencer na estreia do t\u00e9cnico Ademir Fesan. Diante da Portuguesa Santista, o Le\u00e3o do Norte caiu com o placar de 1 a 0 no final de semana.\u00a0\u00a0Ap\u00f3s o\u2026","rel":"","context":"In &quot;Not\u00edcias de Ribeir\u00e3o Preto-SP e Regi\u00e3o&quot;","block_context":{"text":"Not\u00edcias de Ribeir\u00e3o Preto-SP e Regi\u00e3o","link":"https:\/\/ismaelcolosi.com.br\/index.php\/category\/noticias-de-ribeirao-preto-sp-e-regiao-ismael-colosi\/"},"img":{"alt_text":"","src":"https:\/\/i0.wp.com\/ismaelcolosi.com.br\/wp-content\/uploads\/2024\/02\/Comercial-15.jpeg?fit=640%2C424&ssl=1&resize=350%2C200","width":350,"height":200,"srcset":"https:\/\/i0.wp.com\/ismaelcolosi.com.br\/wp-content\/uploads\/2024\/02\/Comercial-15.jpeg?fit=640%2C424&ssl=1&resize=350%2C200 1x, https:\/\/i0.wp.com\/ismaelcolosi.com.br\/wp-content\/uploads\/2024\/02\/Comercial-15.jpeg?fit=640%2C424&ssl=1&resize=525%2C300 1.5x"},"classes":[]},{"id":41284,"url":"https:\/\/ismaelcolosi.com.br\/index.php\/2024\/03\/07\/comercial-recebe-o-juventus-tentando-sobrevivencia-na-serie-a2\/","url_meta":{"origin":41665,"position":5},"title":"Comercial recebe o Juventus tentando sobreviv\u00eancia na S\u00e9rie A2\u00a0\u00a0","author":"ismaelcolosi.com.br","date":"7 de March de 2024","format":false,"excerpt":"Em situa\u00e7\u00e3o bastante delicada na S\u00e9rie A2, o Comercial tem mais uma chance de se reerguer na competi\u00e7\u00e3o. O Le\u00e3o do Norte volta a campo nesta quinta-feira diante do Juventus. A partida come\u00e7a \u00e0s 20h e ser\u00e1 disputada no est\u00e1dio Santa Cruz, casa do arquirrival. A partida n\u00e3o acontece no\u2026","rel":"","context":"In &quot;Not\u00edcias de Ribeir\u00e3o Preto-SP e Regi\u00e3o&quot;","block_context":{"text":"Not\u00edcias de Ribeir\u00e3o Preto-SP e Regi\u00e3o","link":"https:\/\/ismaelcolosi.com.br\/index.php\/category\/noticias-de-ribeirao-preto-sp-e-regiao-ismael-colosi\/"},"img":{"alt_text":"","src":"https:\/\/i0.wp.com\/ismaelcolosi.com.br\/wp-content\/uploads\/2024\/03\/Comercial-11-scaled.jpg?fit=967%2C645&ssl=1&resize=350%2C200","width":350,"height":200,"srcset":"https:\/\/i0.wp.com\/ismaelcolosi.com.br\/wp-content\/uploads\/2024\/03\/Comercial-11-scaled.jpg?fit=967%2C645&ssl=1&resize=350%2C200 1x, https:\/\/i0.wp.com\/ismaelcolosi.com.br\/wp-content\/uploads\/2024\/03\/Comercial-11-scaled.jpg?fit=967%2C645&ssl=1&resize=525%2C300 1.5x, https:\/\/i0.wp.com\/ismaelcolosi.com.br\/wp-content\/uploads\/2024\/03\/Comercial-11-scaled.jpg?fit=967%2C645&ssl=1&resize=700%2C400 2x"},"classes":[]}],"jetpack_sharing_enabled":true,"jetpack_shortlink":"https:\/\/wp.me\/pfMlyK-aQ1","_links":{"self":[{"href":"https:\/\/ismaelcolosi.com.br\/index.php\/wp-json\/wp\/v2\/posts\/41665","targetHints":{"allow":["GET"]}}],"collection":[{"href":"https:\/\/ismaelcolosi.com.br\/index.php\/wp-json\/wp\/v2\/posts"}],"about":[{"href":"https:\/\/ismaelcolosi.com.br\/index.php\/wp-json\/wp\/v2\/types\/post"}],"author":[{"embeddable":true,"href":"https:\/\/ismaelcolosi.com.br\/index.php\/wp-json\/wp\/v2\/users\/1"}],"replies":[{"embeddable":true,"href":"https:\/\/ismaelcolosi.com.br\/index.php\/wp-json\/wp\/v2\/comments?post=41665"}],"version-history":[{"count":0,"href":"https:\/\/ismaelcolosi.com.br\/index.php\/wp-json\/wp\/v2\/posts\/41665\/revisions"}],"wp:featuredmedia":[{"embeddable":true,"href":"https:\/\/ismaelcolosi.com.br\/index.php\/wp-json\/wp\/v2\/media\/41666"}],"wp:attachment":[{"href":"https:\/\/ismaelcolosi.com.br\/index.php\/wp-json\/wp\/v2\/media?parent=41665"}],"wp:term":[{"taxonomy":"category","embeddable":true,"href":"https:\/\/ismaelcolosi.com.br\/index.php\/wp-json\/wp\/v2\/categories?post=41665"},{"taxonomy":"post_tag","embeddable":true,"href":"https:\/\/ismaelcolosi.com.br\/index.php\/wp-json\/wp\/v2\/tags?post=41665"}],"curies":[{"name":"wp","href":"https:\/\/api.w.org\/{rel}","templated":true}]}}