{"id":41651,"date":"2024-03-10T09:20:43","date_gmt":"2024-03-10T12:20:43","guid":{"rendered":"https:\/\/ismaelcolosi.com.br\/index.php\/2024\/03\/10\/labirinto-do-livro-encantado-realiza-evento-com-mel-oliani\/"},"modified":"2024-03-10T09:20:43","modified_gmt":"2024-03-10T12:20:43","slug":"labirinto-do-livro-encantado-realiza-evento-com-mel-oliani","status":"publish","type":"post","link":"https:\/\/ismaelcolosi.com.br\/index.php\/2024\/03\/10\/labirinto-do-livro-encantado-realiza-evento-com-mel-oliani\/","title":{"rendered":"Labirinto do Livro Encantado realiza evento com Mel Oliani"},"content":{"rendered":"<p> <br \/>\n<\/p>\n<p>Instalado no Shopping Iguatemi, o Labirinto do Livro Encantado, iniciativa l\u00fadica, imersiva e sensorial criada para estimular a leitura, a criatividade e a imagina\u00e7\u00e3o das crian\u00e7as, realiza uma a\u00e7\u00e3o gratuita voltada a adultos. At\u00e9 o dia 14 de mar\u00e7o, \u00e0s 19h, acontece o evento \u201cConversas no Labirinto\u201d, programa\u00e7\u00e3o especial com participa\u00e7\u00e3o de Mel Oliani, criadora do m\u00e9todo BrincA\u00e7\u00e3o, que compartilha com a comunidade escolar conhecimentos b\u00e1sicos da neuroci\u00eancia e sua import\u00e2ncia na vida e nos processos de desenvolvimento infantil.<\/p>\n<div>\n<p>Realizado no Atelier de Oficinas Criativas do Labirinto do Livro Encantado, no piso superior do Shopping Iguatemi, o evento \u00e9 voltado \u00e0s pessoas interessadas em adquirir conhecimentos para auxiliar na escolha de brinquedos, recursos e conte\u00fado para seus filhos e crian\u00e7as, com o intuito de proporcionar um desenvolvimento mais saud\u00e1vel e com est\u00edmulos sensoriais de qualidade.<\/p>\n<p>As inscri\u00e7\u00f5es podem ser feitas no local e por meio do WhatsApp (16) 98109-5548.<\/p>\n<p><strong>Labirinto do Livro Encantado<\/strong><\/p>\n<p>Com programa\u00e7\u00e3o diversificada dispon\u00edvel at\u00e9 o dia 8 de abril, no Shopping Iguatemi, o Labirinto do Livro Encantado conta com Feira L\u00fadica, Oficinas Criativas, encontros com personagens e conta\u00e7\u00e3o de hist\u00f3rias, entre outras atividades.<\/p>\n<p>O espa\u00e7o funciona de segunda a s\u00e1bado, das 10h \u00e0s 22h; e domingo, das 12h \u00e0s 20h, no Piso Superior, em frente \u00e0 Casa Pil\u00e3o. A entrada \u00e9 gratuita, com algumas atividades pagas.<\/p>\n<p>O espa\u00e7o re\u00fane produtos, servi\u00e7os e a\u00e7\u00f5es direcionadas ao p\u00fablico infantil, mas que acolhem toda a fam\u00edlia e traz a\u00e7\u00f5es voltadas a adultos, como o evento Conversas no Labirinto. A ambienta\u00e7\u00e3o \u00e9 totalmente imersiva e inspirada nos contos de fadas cl\u00e1ssicos dos irm\u00e3os Grimm, Charles Perrault, Hans Christian Andersen, entre outros, com possibilidade de intera\u00e7\u00e3o com os cen\u00e1rios para fotos.<\/p>\n<p>O local tamb\u00e9m disponibiliza para venda brinquedos educativos e conscientes criteriosamente selecionados, fantasias de brincar e livros das editoras Ciranda Cultural, Global e Panda Books.<\/p>\n<p><strong>Atra\u00e7\u00f5es<\/strong><\/p>\n<p><strong>Feira L\u00fadica:<\/strong>\u00a0com venda de livros infantis, brinquedos educativos e muito mais para os pequenos aprenderem brincando, com pre\u00e7os variados.<\/p>\n<p><strong>Visitas especiais:<\/strong>\u00a0que acontecem aos s\u00e1bados, das 15h \u00e0s 16h, aberto ao p\u00fablico;<\/p>\n<p><strong>Carruagem Encantada:<\/strong>\u00a0direto dos contos de fadas, ideal para transportar as crian\u00e7as para o mundo da imagina\u00e7\u00e3o e render lindas fotos.<\/p>\n<p><strong>Camarim das Fadas e Duendes:<\/strong>\u00a0com venda de fantasias e acess\u00f3rios feitos de tecidos leves, pr\u00f3prios para brincar.<\/p>\n<p><strong>Conta\u00e7\u00e3o de hist\u00f3rias:<\/strong>\u00a0Um simp\u00e1tico grilo viajante e colecionador de aventuras visita o espa\u00e7o para contar hist\u00f3rias. S\u00e1bado e domingo, das 14h \u00e0s 18h.<\/p>\n<p><strong>Oficinas \u2013\u00a0<\/strong>S\u00e3o oito oficinas criativas para a crian\u00e7ada soltar a imagina\u00e7\u00e3o: Varinha M\u00e1gica, Fada de Papel, Amuletos Encantados, Castelo de Papel, Livro dos Sonhos, Insetos Malucos, Sementinha M\u00e1gica e Pintura de Tela. Todas elas s\u00e3o pagas e \u00e9 poss\u00edvel levar o material para casa para continuar a brincadeira. De quinta a domingo, das 14h \u00e0s 20h. Destaques:<\/p>\n<p><strong>Insetos Malucos com Materiais Coloridos:<\/strong>\u00a0usando materiais fofinhos e coloridos, crie insetos em um lindo jardim de papeis coloridos recortados. A partir de 3 anos; 30 minutos de dura\u00e7\u00e3o.<\/p>\n<p><strong>Pintura de Vasinho para uma Sementinha M\u00e1gica:\u00a0<\/strong>pinte um vasinho de barro para nele plantar uma sementinha m\u00e1gica. A partir de 3 anos; 30 minutos de dura\u00e7\u00e3o.<\/p>\n<p><strong>Amuletos Encantados:\u00a0<\/strong>crie lindas pulseiras e colares e use como amuleto especial. A partir de 3 anos; 30 minutos de dura\u00e7\u00e3o.<\/p>\n<\/div>\n<p><br \/>\n<br \/><a href=\"https:\/\/www.tribunaribeirao.com.br\/site\/labirinto-do-livro-encantado-realiza-evento-com-mel-oliani\/\">Source link <\/a><\/p>\n<div class='code-block code-block-4' style='margin: 8px auto 8px 0; text-align: left; display: block; clear: both;'>\n\ud83d\udce2 Aviso Legal\n\nO site ismaelcolosi.com.br atua apenas como um canal de divulga\u00e7\u00e3o de oportunidades de emprego e n\u00e3o se responsabiliza pelo processo seletivo, contrata\u00e7\u00e3o ou qualquer outra etapa relacionada \u00e0s vagas publicadas. Todas as informa\u00e7\u00f5es s\u00e3o de responsabilidade dos anunciantes.\n\n\u26a0\ufe0f Aten\u00e7\u00e3o! Nunca pague por promessas de emprego nem compre cursos que garantam contrata\u00e7\u00e3o. Desconfie de qualquer cobran\u00e7a para participar de sele\u00e7\u00f5es.\n\n\n\n<\/div>\n<!-- CONTENT END 1 -->\n","protected":false},"excerpt":{"rendered":"<p>Instalado no Shopping Iguatemi, o Labirinto do Livro Encantado, iniciativa l\u00fadica, imersiva e sensorial criada para estimular a leitura, a criatividade e a imagina\u00e7\u00e3o das&#8230;<\/p>\n","protected":false},"author":1,"featured_media":41652,"comment_status":"open","ping_status":"open","sticky":false,"template":"","format":"standard","meta":{"_uag_custom_page_level_css":"","advanced_seo_description":"","jetpack_seo_html_title":"","jetpack_seo_noindex":false,"jetpack_post_was_ever_published":false,"_jetpack_newsletter_access":"","_jetpack_dont_email_post_to_subs":false,"_jetpack_newsletter_tier_id":0,"_jetpack_memberships_contains_paywalled_content":false,"_jetpack_memberships_contains_paid_content":false,"footnotes":"","jetpack_publicize_message":"","jetpack_publicize_feature_enabled":true,"jetpack_social_post_already_shared":true,"jetpack_social_options":{"image_generator_settings":{"template":"highway","default_image_id":0,"font":"","enabled":false},"version":2}},"categories":[11],"tags":[3910,773,3909,508,4890,4891,415],"class_list":["post-41651","post","type-post","status-publish","format-standard","has-post-thumbnail","hentry","category-noticias-de-ribeirao-preto-sp-e-regiao-ismael-colosi","tag-encantado","tag-evento","tag-labirinto","tag-livro","tag-mel","tag-oliani","tag-realiza"],"jetpack_publicize_connections":[],"jetpack_featured_media_url":"https:\/\/i0.wp.com\/ismaelcolosi.com.br\/wp-content\/uploads\/2024\/03\/Mel-Oliani-scaled.jpg?fit=867%2C645&ssl=1","uagb_featured_image_src":{"full":["https:\/\/i0.wp.com\/ismaelcolosi.com.br\/wp-content\/uploads\/2024\/03\/Mel-Oliani-scaled.jpg?fit=867%2C645&ssl=1",867,645,false],"thumbnail":["https:\/\/i0.wp.com\/ismaelcolosi.com.br\/wp-content\/uploads\/2024\/03\/Mel-Oliani-scaled.jpg?resize=150%2C150&ssl=1",150,150,true],"medium":["https:\/\/i0.wp.com\/ismaelcolosi.com.br\/wp-content\/uploads\/2024\/03\/Mel-Oliani-scaled.jpg?fit=300%2C223&ssl=1",300,223,true],"medium_large":["https:\/\/i0.wp.com\/ismaelcolosi.com.br\/wp-content\/uploads\/2024\/03\/Mel-Oliani-scaled.jpg?fit=768%2C571&ssl=1",768,571,true],"large":["https:\/\/i0.wp.com\/ismaelcolosi.com.br\/wp-content\/uploads\/2024\/03\/Mel-Oliani-scaled.jpg?fit=867%2C645&ssl=1",867,645,true],"1536x1536":["https:\/\/i0.wp.com\/ismaelcolosi.com.br\/wp-content\/uploads\/2024\/03\/Mel-Oliani-scaled.jpg?fit=867%2C645&ssl=1",867,645,true],"2048x2048":["https:\/\/i0.wp.com\/ismaelcolosi.com.br\/wp-content\/uploads\/2024\/03\/Mel-Oliani-scaled.jpg?fit=867%2C645&ssl=1",867,645,true],"really-simple-thumb":["https:\/\/i0.wp.com\/ismaelcolosi.com.br\/wp-content\/uploads\/2024\/03\/Mel-Oliani-scaled.jpg?resize=370%2C247&ssl=1",370,247,true]},"uagb_author_info":{"display_name":"ismaelcolosi.com.br","author_link":"https:\/\/ismaelcolosi.com.br\/index.php\/author\/vidareal-online\/"},"uagb_comment_info":0,"uagb_excerpt":"Instalado no Shopping Iguatemi, o Labirinto do Livro Encantado, iniciativa l\u00fadica, imersiva e sensorial criada para estimular a leitura, a criatividade e a imagina\u00e7\u00e3o das...","jetpack-related-posts":[{"id":41165,"url":"https:\/\/ismaelcolosi.com.br\/index.php\/2024\/03\/06\/evento-em-ribeirao-preto-orienta-adultos-na-escolha-de-brinquedos-para-criancas\/","url_meta":{"origin":41651,"position":0},"title":"Evento em Ribeir\u00e3o Preto orienta adultos na escolha de brinquedos para crian\u00e7as","author":"ismaelcolosi.com.br","date":"6 de March de 2024","format":false,"excerpt":"Uma a\u00e7\u00e3o voltada para adultos que queiram aprender sobre como escolher brinquedos, recursos e conte\u00fados para \u00e0s crian\u00e7as, acontece nesta quinta-feira (7) e no dia pr\u00f3ximo dia 14, \u00e0s 19h, no Shopping Iguatemi de Ribeir\u00e3o Preto. Com entrada de gra\u00e7a, o evento \u201cConversas no Labirinto\u201d, tem o objetivo de orientar\u2026","rel":"","context":"In &quot;Not\u00edcias de Ribeir\u00e3o Preto-SP e Regi\u00e3o&quot;","block_context":{"text":"Not\u00edcias de Ribeir\u00e3o Preto-SP e Regi\u00e3o","link":"https:\/\/ismaelcolosi.com.br\/index.php\/category\/noticias-de-ribeirao-preto-sp-e-regiao-ismael-colosi\/"},"img":{"alt_text":"","src":"https:\/\/i0.wp.com\/ismaelcolosi.com.br\/wp-content\/uploads\/2024\/03\/Copia-de-Copia-de-TAMANHO-EXATO-PARA-FOTOS-NO-SISTEMA-NOVO-35.jpg?fit=1200%2C675&ssl=1&resize=350%2C200","width":350,"height":200,"srcset":"https:\/\/i0.wp.com\/ismaelcolosi.com.br\/wp-content\/uploads\/2024\/03\/Copia-de-Copia-de-TAMANHO-EXATO-PARA-FOTOS-NO-SISTEMA-NOVO-35.jpg?fit=1200%2C675&ssl=1&resize=350%2C200 1x, https:\/\/i0.wp.com\/ismaelcolosi.com.br\/wp-content\/uploads\/2024\/03\/Copia-de-Copia-de-TAMANHO-EXATO-PARA-FOTOS-NO-SISTEMA-NOVO-35.jpg?fit=1200%2C675&ssl=1&resize=525%2C300 1.5x, https:\/\/i0.wp.com\/ismaelcolosi.com.br\/wp-content\/uploads\/2024\/03\/Copia-de-Copia-de-TAMANHO-EXATO-PARA-FOTOS-NO-SISTEMA-NOVO-35.jpg?fit=1200%2C675&ssl=1&resize=700%2C400 2x, https:\/\/i0.wp.com\/ismaelcolosi.com.br\/wp-content\/uploads\/2024\/03\/Copia-de-Copia-de-TAMANHO-EXATO-PARA-FOTOS-NO-SISTEMA-NOVO-35.jpg?fit=1200%2C675&ssl=1&resize=1050%2C600 3x"},"classes":[]},{"id":32956,"url":"https:\/\/ismaelcolosi.com.br\/index.php\/2024\/01\/27\/labirinto-do-livro-encantado-chega-ao-shopping-iguatemi-de-rp\/","url_meta":{"origin":41651,"position":1},"title":"Labirinto do Livro Encantado chega ao Shopping Iguatemi de RP","author":"ismaelcolosi.com.br","date":"27 de January de 2024","format":false,"excerpt":"O Shopping Iguatemi recebe at\u00e9 8 de abril o \u201cLabirinto do Livro Encantado\u201d, iniciativa l\u00fadica, imersiva e sensorial criada para estimular a leitura, a criatividade e a imagina\u00e7\u00e3o das crian\u00e7as. A programa\u00e7\u00e3o \u00e9 bem diversificada e conta com Feira L\u00fadica, Oficinas Criativas, encontros com personagens, conta\u00e7\u00e3o de hist\u00f3rias, entre outras\u2026","rel":"","context":"In &quot;Not\u00edcias de Ribeir\u00e3o Preto-SP e Regi\u00e3o&quot;","block_context":{"text":"Not\u00edcias de Ribeir\u00e3o Preto-SP e Regi\u00e3o","link":"https:\/\/ismaelcolosi.com.br\/index.php\/category\/noticias-de-ribeirao-preto-sp-e-regiao-ismael-colosi\/"},"img":{"alt_text":"","src":"https:\/\/i0.wp.com\/ismaelcolosi.com.br\/wp-content\/uploads\/2024\/01\/134-IMG-8944-scaled.jpg?fit=967%2C645&ssl=1&resize=350%2C200","width":350,"height":200,"srcset":"https:\/\/i0.wp.com\/ismaelcolosi.com.br\/wp-content\/uploads\/2024\/01\/134-IMG-8944-scaled.jpg?fit=967%2C645&ssl=1&resize=350%2C200 1x, https:\/\/i0.wp.com\/ismaelcolosi.com.br\/wp-content\/uploads\/2024\/01\/134-IMG-8944-scaled.jpg?fit=967%2C645&ssl=1&resize=525%2C300 1.5x, https:\/\/i0.wp.com\/ismaelcolosi.com.br\/wp-content\/uploads\/2024\/01\/134-IMG-8944-scaled.jpg?fit=967%2C645&ssl=1&resize=700%2C400 2x"},"classes":[]},{"id":32250,"url":"https:\/\/ismaelcolosi.com.br\/index.php\/2024\/01\/24\/shopping-iguatemi-em-ribeirao-preto-recebe-espaco-de-leitura-infantil\/","url_meta":{"origin":41651,"position":2},"title":"Shopping de Ribeir\u00e3o Preto recebe espa\u00e7o de leitura infantil","author":"ismaelcolosi.com.br","date":"24 de January de 2024","format":false,"excerpt":"At\u00e9 o dia 8 de abril, o Shopping Iguatemi de Ribeir\u00e3o Preto recebe o \u201cLabirinto do Livro Encantado\u201d, um espa\u00e7o de leitura infantil. A entrada \u00e9 gratuita, com algumas atividades pagas e funciona de segunda-feira a s\u00e1bado, das 10h \u00e0s 22h, e aos domingos, das 12h \u00e0s 20h. O \u201cLabirinto\u2026","rel":"","context":"In &quot;Not\u00edcias de Ribeir\u00e3o Preto-SP e Regi\u00e3o&quot;","block_context":{"text":"Not\u00edcias de Ribeir\u00e3o Preto-SP e Regi\u00e3o","link":"https:\/\/ismaelcolosi.com.br\/index.php\/category\/noticias-de-ribeirao-preto-sp-e-regiao-ismael-colosi\/"},"img":{"alt_text":"","src":"https:\/\/i0.wp.com\/ismaelcolosi.com.br\/wp-content\/uploads\/2024\/01\/labirinto-livro-encantado.jpg?fit=1200%2C800&ssl=1&resize=350%2C200","width":350,"height":200,"srcset":"https:\/\/i0.wp.com\/ismaelcolosi.com.br\/wp-content\/uploads\/2024\/01\/labirinto-livro-encantado.jpg?fit=1200%2C800&ssl=1&resize=350%2C200 1x, https:\/\/i0.wp.com\/ismaelcolosi.com.br\/wp-content\/uploads\/2024\/01\/labirinto-livro-encantado.jpg?fit=1200%2C800&ssl=1&resize=525%2C300 1.5x, https:\/\/i0.wp.com\/ismaelcolosi.com.br\/wp-content\/uploads\/2024\/01\/labirinto-livro-encantado.jpg?fit=1200%2C800&ssl=1&resize=700%2C400 2x, https:\/\/i0.wp.com\/ismaelcolosi.com.br\/wp-content\/uploads\/2024\/01\/labirinto-livro-encantado.jpg?fit=1200%2C800&ssl=1&resize=1050%2C600 3x"},"classes":[]},{"id":32731,"url":"https:\/\/ismaelcolosi.com.br\/index.php\/2024\/01\/26\/confira-os-eventos-para-curtir-no-fim-de-semana-em-ribeirao-preto\/","url_meta":{"origin":41651,"position":3},"title":"Confira os eventos para curtir no fim de semana em Ribeir\u00e3o Preto","author":"ismaelcolosi.com.br","date":"26 de January de 2024","format":false,"excerpt":"A programa\u00e7\u00e3o para o fim de semana esta diversificada e cheia de novidades em Ribeir\u00e3o Preto. Entre os eventos h\u00e1 pr\u00e9-carnaval, show e o Encontro Nacional de Folia de Reis. Confira: Labirinto do Livro Encantado no Shopping Iguatemi O Labirinto do Livro Encantado \u00e9 um espa\u00e7o de leitura imersivo e\u2026","rel":"","context":"In &quot;Not\u00edcias de Ribeir\u00e3o Preto-SP e Regi\u00e3o&quot;","block_context":{"text":"Not\u00edcias de Ribeir\u00e3o Preto-SP e Regi\u00e3o","link":"https:\/\/ismaelcolosi.com.br\/index.php\/category\/noticias-de-ribeirao-preto-sp-e-regiao-ismael-colosi\/"},"img":{"alt_text":"","src":"https:\/\/i0.wp.com\/ismaelcolosi.com.br\/wp-content\/uploads\/2024\/01\/Design-sem-nome-1.jpg?fit=1200%2C675&ssl=1&resize=350%2C200","width":350,"height":200,"srcset":"https:\/\/i0.wp.com\/ismaelcolosi.com.br\/wp-content\/uploads\/2024\/01\/Design-sem-nome-1.jpg?fit=1200%2C675&ssl=1&resize=350%2C200 1x, https:\/\/i0.wp.com\/ismaelcolosi.com.br\/wp-content\/uploads\/2024\/01\/Design-sem-nome-1.jpg?fit=1200%2C675&ssl=1&resize=525%2C300 1.5x, https:\/\/i0.wp.com\/ismaelcolosi.com.br\/wp-content\/uploads\/2024\/01\/Design-sem-nome-1.jpg?fit=1200%2C675&ssl=1&resize=700%2C400 2x, https:\/\/i0.wp.com\/ismaelcolosi.com.br\/wp-content\/uploads\/2024\/01\/Design-sem-nome-1.jpg?fit=1200%2C675&ssl=1&resize=1050%2C600 3x"},"classes":[]},{"id":8493,"url":"https:\/\/ismaelcolosi.com.br\/index.php\/2023\/11\/30\/lancamento-do-livro-o-lobo-atras-da-porta-acontece-neste-sabado-em-ribeirao\/","url_meta":{"origin":41651,"position":4},"title":"Lan\u00e7amento do livro \u201cO Lobo atr\u00e1s da porta\u201d, acontece neste s\u00e1bado em Ribeir\u00e3o","author":"ismaelcolosi.com.br","date":"30 de November de 2023","format":false,"excerpt":"30 de novembro de 2023 | 9:0329 de novembro de 2023 | 10:00 0O livro \u201cO Lobo Atr\u00e1s da Porta\u201d, (BrLab Edi\u00e7\u00f5es, 192 p\u00e1ginas) re\u00fane roteiro e curiosidades sobre o filme premiado de Fernando Coimbra. Al\u00e9m de fotos de cenas, anota\u00e7\u00f5es, manuscritos e imagens de making of, o livro traz\u2026","rel":"","context":"In &quot;Not\u00edcias de Ribeir\u00e3o Preto-SP e Regi\u00e3o&quot;","block_context":{"text":"Not\u00edcias de Ribeir\u00e3o Preto-SP e Regi\u00e3o","link":"https:\/\/ismaelcolosi.com.br\/index.php\/category\/noticias-de-ribeirao-preto-sp-e-regiao-ismael-colosi\/"},"img":{"alt_text":"","src":"https:\/\/i0.wp.com\/ismaelcolosi.com.br\/wp-content\/uploads\/2023\/11\/livro-2.jpg?fit=356%2C500&ssl=1&resize=350%2C200","width":350,"height":200},"classes":[]},{"id":42296,"url":"https:\/\/ismaelcolosi.com.br\/index.php\/2024\/03\/13\/artistas-podem-se-cadastrar-para-a-23a-feira-internacional-do-livro\/","url_meta":{"origin":41651,"position":5},"title":"Artistas podem se cadastrar para a 23\u00aa Feira Internacional do Livro","author":"ismaelcolosi.com.br","date":"13 de March de 2024","format":false,"excerpt":"13 de mar\u00e7o de 2024 | 16:37 0A Funda\u00e7\u00e3o do Livro e Leitura, em parceria com a Secretaria da Cultura e Turismo de Ribeir\u00e3o Preto, ir\u00e1 selecionar artistas que tenham interesse em participar da programa\u00e7\u00e3o da 23\u00aa edi\u00e7\u00e3o da FIL \u2013 Feira Internacional do Livro de Ribeir\u00e3o Preto, que acontece\u2026","rel":"","context":"In &quot;Not\u00edcias de Ribeir\u00e3o Preto-SP e Regi\u00e3o&quot;","block_context":{"text":"Not\u00edcias de Ribeir\u00e3o Preto-SP e Regi\u00e3o","link":"https:\/\/ismaelcolosi.com.br\/index.php\/category\/noticias-de-ribeirao-preto-sp-e-regiao-ismael-colosi\/"},"img":{"alt_text":"","src":"https:\/\/i0.wp.com\/ismaelcolosi.com.br\/wp-content\/uploads\/2024\/03\/artistas_se_apresentam_durante_a_22_edicao_da_fil_em_2023_2-scaled.jpg?fit=967%2C645&ssl=1&resize=350%2C200","width":350,"height":200,"srcset":"https:\/\/i0.wp.com\/ismaelcolosi.com.br\/wp-content\/uploads\/2024\/03\/artistas_se_apresentam_durante_a_22_edicao_da_fil_em_2023_2-scaled.jpg?fit=967%2C645&ssl=1&resize=350%2C200 1x, https:\/\/i0.wp.com\/ismaelcolosi.com.br\/wp-content\/uploads\/2024\/03\/artistas_se_apresentam_durante_a_22_edicao_da_fil_em_2023_2-scaled.jpg?fit=967%2C645&ssl=1&resize=525%2C300 1.5x, https:\/\/i0.wp.com\/ismaelcolosi.com.br\/wp-content\/uploads\/2024\/03\/artistas_se_apresentam_durante_a_22_edicao_da_fil_em_2023_2-scaled.jpg?fit=967%2C645&ssl=1&resize=700%2C400 2x"},"classes":[]}],"jetpack_sharing_enabled":true,"jetpack_shortlink":"https:\/\/wp.me\/pfMlyK-aPN","_links":{"self":[{"href":"https:\/\/ismaelcolosi.com.br\/index.php\/wp-json\/wp\/v2\/posts\/41651","targetHints":{"allow":["GET"]}}],"collection":[{"href":"https:\/\/ismaelcolosi.com.br\/index.php\/wp-json\/wp\/v2\/posts"}],"about":[{"href":"https:\/\/ismaelcolosi.com.br\/index.php\/wp-json\/wp\/v2\/types\/post"}],"author":[{"embeddable":true,"href":"https:\/\/ismaelcolosi.com.br\/index.php\/wp-json\/wp\/v2\/users\/1"}],"replies":[{"embeddable":true,"href":"https:\/\/ismaelcolosi.com.br\/index.php\/wp-json\/wp\/v2\/comments?post=41651"}],"version-history":[{"count":0,"href":"https:\/\/ismaelcolosi.com.br\/index.php\/wp-json\/wp\/v2\/posts\/41651\/revisions"}],"wp:featuredmedia":[{"embeddable":true,"href":"https:\/\/ismaelcolosi.com.br\/index.php\/wp-json\/wp\/v2\/media\/41652"}],"wp:attachment":[{"href":"https:\/\/ismaelcolosi.com.br\/index.php\/wp-json\/wp\/v2\/media?parent=41651"}],"wp:term":[{"taxonomy":"category","embeddable":true,"href":"https:\/\/ismaelcolosi.com.br\/index.php\/wp-json\/wp\/v2\/categories?post=41651"},{"taxonomy":"post_tag","embeddable":true,"href":"https:\/\/ismaelcolosi.com.br\/index.php\/wp-json\/wp\/v2\/tags?post=41651"}],"curies":[{"name":"wp","href":"https:\/\/api.w.org\/{rel}","templated":true}]}}