{"id":41520,"date":"2024-03-08T16:35:19","date_gmt":"2024-03-08T19:35:19","guid":{"rendered":"https:\/\/ismaelcolosi.com.br\/index.php\/2024\/03\/08\/choro-da-casa-toca-na-sete-de-setembro-2\/"},"modified":"2024-03-08T16:35:19","modified_gmt":"2024-03-08T19:35:19","slug":"choro-da-casa-toca-na-sete-de-setembro-2","status":"publish","type":"post","link":"https:\/\/ismaelcolosi.com.br\/index.php\/2024\/03\/08\/choro-da-casa-toca-na-sete-de-setembro-2\/","title":{"rendered":"Choro da Casa toca\u00a0na Sete de Setembro\u00a0"},"content":{"rendered":"<p> <br \/>\n<\/p>\n<div id=\"post-376594\">\n<header class=\"entry-header penci-entry-header penci-title-center\">\n<p> <span class=\"entry-meta-item penci-posted-on\"><i class=\"fa fa-clock-o\"\/><time class=\"entry-date published\" datetime=\"2024-03-08T16:00:18-03:00\">8 de mar\u00e7o de 2024 | 16:00<\/time><time class=\"updated\" datetime=\"2024-03-07T20:52:56-03:00\">7 de mar\u00e7o de 2024 | 20:52<\/time><\/span><\/p>\n<p> <span class=\"penci-social-buttons penci-social-share-footer\"><a href=\"#\" class=\"penci-post-like penci_post-meta_item  single-like-button penci-social-item like\" data-post_id=\"376594\" title=\"Like\" data-like=\"Like\" data-unlike=\"Unlike\"><i class=\"fa fa-thumbs-o-up\"\/><span class=\"penci-share-number\">0<\/span><\/a><i class=\"fa fa-facebook\"\/><a class=\"penci-social-item twitter\" target=\"_blank\" rel=\"noopener\" title=\"\" href=\"https:\/\/twitter.com\/intent\/tweet?text=Choro%20da%20Casa%20toca\u00a0na%20Sete%20de%20Setembro\u00a0%20-%20https:\/\/www.tribunaribeirao.com.br\/site\/choro-da-casa-toca-na-sete-de-setembro-2\/\"><i class=\"fa fa-twitter\"\/><\/a><i class=\"fa fa-whatsapp\"\/><\/span><\/header>\n<div class=\"penci-entry-content entry-content\">\n<p><span class=\"TextRun SCXW255046273 BCX0\" lang=\"PT-BR\" xml:lang=\"PT-BR\" data-contrast=\"auto\"><span class=\"NormalTextRun SCXW255046273 BCX0\">O projeto Chorinho <\/span><span class=\"NormalTextRun SCXW255046273 BCX0\">na 7<\/span><span class=\"NormalTextRun SCXW255046273 BCX0\">, realizado pela Secretaria Municipal da Cultura e Turismo, recebe o grupo Choro da Casa nesta sexta-feira, <\/span><span class=\"NormalTextRun SCXW255046273 BCX0\">8 de mar\u00e7o<\/span><span class=\"NormalTextRun SCXW255046273 BCX0\">, \u00e0s 19<\/span> <span class=\"NormalTextRun SCXW255046273 BCX0\">h<\/span><span class=\"NormalTextRun SCXW255046273 BCX0\">oras<\/span><span class=\"NormalTextRun SCXW255046273 BCX0\">, na <\/span><span class=\"NormalTextRun SCXW255046273 BCX0\">p<\/span><span class=\"NormalTextRun SCXW255046273 BCX0\">ra\u00e7a Sete de Setembro, que fica no quadril\u00e1tero entre as ruas Lafaiete, Flor\u00eancio de Abreu, Sete de Setembro e Floriano Peixoto, no Centro<\/span><span class=\"NormalTextRun SCXW255046273 BCX0\"> de <\/span><span class=\"NormalTextRun SpellingErrorV2Themed SCXW255046273 BCX0\">Ribeir\u00e3o Preto<\/span><span class=\"NormalTextRun SCXW255046273 BCX0\">.<\/span><\/span><span class=\"LineBreakBlob BlobObject DragDrop SCXW255046273 BCX0\"><span class=\"SCXW255046273 BCX0\">\u00a0<\/span><br class=\"SCXW255046273 BCX0\"\/><\/span><span class=\"LineBreakBlob BlobObject DragDrop SCXW255046273 BCX0\"><span class=\"SCXW255046273 BCX0\">\u00a0<\/span><br class=\"SCXW255046273 BCX0\"\/><\/span><span class=\"TextRun SCXW255046273 BCX0\" lang=\"PT-BR\" xml:lang=\"PT-BR\" data-contrast=\"auto\"><span class=\"NormalTextRun SCXW255046273 BCX0\">O grupo, que \u00e9 parceiro da <\/span><span class=\"NormalTextRun SCXW255046273 BCX0\">s<\/span><span class=\"NormalTextRun SCXW255046273 BCX0\">ecretaria na atividade, ir\u00e1 apresentar em seu repert\u00f3rio, obras de Pixinguinha, Jacob do Bandolim<\/span><span class=\"NormalTextRun SCXW255046273 BCX0\"> e <\/span><span class=\"NormalTextRun SCXW255046273 BCX0\">Raul de Barros, al\u00e9m de obras autorais.<\/span><span class=\"NormalTextRun SCXW255046273 BCX0\">\u00a0 <\/span><span class=\"NormalTextRun SCXW255046273 BCX0\">O projeto Chorinho <\/span><span class=\"NormalTextRun SCXW255046273 BCX0\">na 7<\/span><span class=\"NormalTextRun SCXW255046273 BCX0\"> ter\u00e1 grupos de seresteiros e de choro em apresenta\u00e7\u00f5es gratuitas, \u00e0s sextas-feiras, sempre \u00e0s 19<\/span> <span class=\"NormalTextRun SCXW255046273 BCX0\">h<\/span><span class=\"NormalTextRun SCXW255046273 BCX0\">oras<\/span><span class=\"NormalTextRun SCXW255046273 BCX0\">, na <\/span><span class=\"NormalTextRun SCXW255046273 BCX0\">p<\/span><span class=\"NormalTextRun SCXW255046273 BCX0\">ra\u00e7a Sete de Setembro.<\/span><\/span><span class=\"LineBreakBlob BlobObject DragDrop SCXW255046273 BCX0\"><span class=\"SCXW255046273 BCX0\">\u00a0<\/span><br class=\"SCXW255046273 BCX0\"\/><\/span><strong><span class=\"LineBreakBlob BlobObject DragDrop SCXW255046273 BCX0\"><span class=\"SCXW255046273 BCX0\">\u00a0<\/span><br class=\"SCXW255046273 BCX0\"\/><\/span><\/strong><span class=\"TextRun SCXW255046273 BCX0\" lang=\"PT-BR\" xml:lang=\"PT-BR\" data-contrast=\"auto\"><span class=\"NormalTextRun SCXW255046273 BCX0\"><strong>Choro da Casa<\/strong> \u2013 <\/span><\/span><span class=\"TextRun SCXW255046273 BCX0\" lang=\"PT-BR\" xml:lang=\"PT-BR\" data-contrast=\"auto\"><span class=\"NormalTextRun SCXW255046273 BCX0\">Criado em Ribeir\u00e3o Preto por chor\u00f5es, com o intuito de disseminar e tornar acess\u00edvel \u00e0 popula\u00e7\u00e3o a rica e genu\u00edna m\u00fasica brasileira, o projeto Choro da Casa vem protagonizando uma s\u00e9rie de a\u00e7\u00f5es culturais com o objetivo de transformar, educar, ensinar e propagar a m\u00fasica brasileira.<\/span><\/span><span class=\"LineBreakBlob BlobObject DragDrop SCXW255046273 BCX0\"><span class=\"SCXW255046273 BCX0\">\u00a0<\/span><br class=\"SCXW255046273 BCX0\"\/><\/span><span class=\"LineBreakBlob BlobObject DragDrop SCXW255046273 BCX0\"><span class=\"SCXW255046273 BCX0\">\u00a0<\/span><br class=\"SCXW255046273 BCX0\"\/><\/span><span class=\"LineBreakBlob BlobObject DragDrop SCXW255046273 BCX0\"><br class=\"SCXW255046273 BCX0\"\/><\/span><\/p><div class='code-block code-block-8' style='margin: 8px auto; text-align: center; display: block; clear: both;'>\n<script>\n  atOptions = {\n    'key' : '66e2e2111ca34da796271819fc334058',\n    'format' : 'iframe',\n    'height' : 250,\n    'width' : 300,\n    'params' : {}\n  };\n<\/script>\n<script src=\"https:\/\/www.highperformanceformat.com\/66e2e2111ca34da796271819fc334058\/invoke.js\"><\/script>\n<\/div>\n\n<\/div>\n<footer class=\"penci-entry-footer\"\/><\/div>\n<p><script async src=\"\/\/platform.twitter.com\/widgets.js\" charset=\"utf-8\"><\/script><br \/>\n<br \/><br \/>\n<br \/><a href=\"https:\/\/www.tribunaribeirao.com.br\/site\/choro-da-casa-toca-na-sete-de-setembro-2\/\">Source link <\/a><\/p>\n<div class='code-block code-block-4' style='margin: 8px auto 8px 0; text-align: left; display: block; clear: both;'>\n\ud83d\udce2 Aviso Legal\n\nO site ismaelcolosi.com.br atua apenas como um canal de divulga\u00e7\u00e3o de oportunidades de emprego e n\u00e3o se responsabiliza pelo processo seletivo, contrata\u00e7\u00e3o ou qualquer outra etapa relacionada \u00e0s vagas publicadas. Todas as informa\u00e7\u00f5es s\u00e3o de responsabilidade dos anunciantes.\n\n\u26a0\ufe0f Aten\u00e7\u00e3o! Nunca pague por promessas de emprego nem compre cursos que garantam contrata\u00e7\u00e3o. Desconfie de qualquer cobran\u00e7a para participar de sele\u00e7\u00f5es.\n\n\n\n<\/div>\n<!-- CONTENT END 1 -->\n","protected":false},"excerpt":{"rendered":"<p>8 de mar\u00e7o de 2024 | 16:007 de mar\u00e7o de 2024 | 20:52 0 O projeto Chorinho na 7, realizado pela Secretaria Municipal da Cultura&#8230;<\/p>\n","protected":false},"author":1,"featured_media":41521,"comment_status":"open","ping_status":"open","sticky":false,"template":"","format":"standard","meta":{"_uag_custom_page_level_css":"","advanced_seo_description":"","jetpack_seo_html_title":"","jetpack_seo_noindex":false,"jetpack_post_was_ever_published":false,"_jetpack_newsletter_access":"","_jetpack_dont_email_post_to_subs":false,"_jetpack_newsletter_tier_id":0,"_jetpack_memberships_contains_paywalled_content":false,"_jetpack_memberships_contains_paid_content":false,"footnotes":"","jetpack_publicize_message":"","jetpack_publicize_feature_enabled":true,"jetpack_social_post_already_shared":true,"jetpack_social_options":{"image_generator_settings":{"template":"highway","default_image_id":0,"font":"","enabled":false},"version":2}},"categories":[11],"tags":[289,2136,2215,3398,4297],"class_list":["post-41520","post","type-post","status-publish","format-standard","has-post-thumbnail","hentry","category-noticias-de-ribeirao-preto-sp-e-regiao-ismael-colosi","tag-casa","tag-choro","tag-sete","tag-setembro","tag-tocana"],"jetpack_publicize_connections":[],"jetpack_featured_media_url":"https:\/\/i0.wp.com\/ismaelcolosi.com.br\/wp-content\/uploads\/2024\/03\/Choro07-Divulgacao-1-scaled.jpeg?fit=860%2C645&ssl=1","uagb_featured_image_src":{"full":["https:\/\/i0.wp.com\/ismaelcolosi.com.br\/wp-content\/uploads\/2024\/03\/Choro07-Divulgacao-1-scaled.jpeg?fit=860%2C645&ssl=1",860,645,false],"thumbnail":["https:\/\/i0.wp.com\/ismaelcolosi.com.br\/wp-content\/uploads\/2024\/03\/Choro07-Divulgacao-1-scaled.jpeg?resize=150%2C150&ssl=1",150,150,true],"medium":["https:\/\/i0.wp.com\/ismaelcolosi.com.br\/wp-content\/uploads\/2024\/03\/Choro07-Divulgacao-1-scaled.jpeg?fit=300%2C225&ssl=1",300,225,true],"medium_large":["https:\/\/i0.wp.com\/ismaelcolosi.com.br\/wp-content\/uploads\/2024\/03\/Choro07-Divulgacao-1-scaled.jpeg?fit=768%2C576&ssl=1",768,576,true],"large":["https:\/\/i0.wp.com\/ismaelcolosi.com.br\/wp-content\/uploads\/2024\/03\/Choro07-Divulgacao-1-scaled.jpeg?fit=860%2C645&ssl=1",860,645,true],"1536x1536":["https:\/\/i0.wp.com\/ismaelcolosi.com.br\/wp-content\/uploads\/2024\/03\/Choro07-Divulgacao-1-scaled.jpeg?fit=860%2C645&ssl=1",860,645,true],"2048x2048":["https:\/\/i0.wp.com\/ismaelcolosi.com.br\/wp-content\/uploads\/2024\/03\/Choro07-Divulgacao-1-scaled.jpeg?fit=860%2C645&ssl=1",860,645,true],"really-simple-thumb":["https:\/\/i0.wp.com\/ismaelcolosi.com.br\/wp-content\/uploads\/2024\/03\/Choro07-Divulgacao-1-scaled.jpeg?resize=370%2C247&ssl=1",370,247,true]},"uagb_author_info":{"display_name":"ismaelcolosi.com.br","author_link":"https:\/\/ismaelcolosi.com.br\/index.php\/author\/vidareal-online\/"},"uagb_comment_info":0,"uagb_excerpt":"8 de mar\u00e7o de 2024 | 16:007 de mar\u00e7o de 2024 | 20:52 0 O projeto Chorinho na 7, realizado pela Secretaria Municipal da Cultura...","jetpack-related-posts":[{"id":42513,"url":"https:\/\/ismaelcolosi.com.br\/index.php\/2024\/03\/14\/grupo-choro-da-casa-comanda-o-palco-do-chorinho-na-7-em-ribeirao-preto\/","url_meta":{"origin":41520,"position":0},"title":"Grupo Choro da Casa comanda o palco do \u2018Chorinho na 7\u2019 em Ribeir\u00e3o Preto","author":"ismaelcolosi.com.br","date":"14 de March de 2024","format":false,"excerpt":"O grupo Choro da Casa comanda o palco do projeto \u2018Chorinho na 7\u2019, nesta sexta-feira (15), a partir das 19h, na pra\u00e7a 7 de Setembro, em Ribeir\u00e3o Preto. No repert\u00f3rio dos instrumentistas est\u00e3o composi\u00e7\u00f5es consolidadas do Choro, com obras de Pixinguinha, Raul de Barros e Jacob do Bandolim, al\u00e9m de\u2026","rel":"","context":"In &quot;Not\u00edcias de Ribeir\u00e3o Preto-SP e Regi\u00e3o&quot;","block_context":{"text":"Not\u00edcias de Ribeir\u00e3o Preto-SP e Regi\u00e3o","link":"https:\/\/ismaelcolosi.com.br\/index.php\/category\/noticias-de-ribeirao-preto-sp-e-regiao-ismael-colosi\/"},"img":{"alt_text":"","src":"https:\/\/i0.wp.com\/ismaelcolosi.com.br\/wp-content\/uploads\/2024\/03\/AnyConv.com__whatsapp_image_2024-03-12_at_14.45.10.webp.webp?fit=1024%2C525&ssl=1&resize=350%2C200","width":350,"height":200,"srcset":"https:\/\/i0.wp.com\/ismaelcolosi.com.br\/wp-content\/uploads\/2024\/03\/AnyConv.com__whatsapp_image_2024-03-12_at_14.45.10.webp.webp?fit=1024%2C525&ssl=1&resize=350%2C200 1x, https:\/\/i0.wp.com\/ismaelcolosi.com.br\/wp-content\/uploads\/2024\/03\/AnyConv.com__whatsapp_image_2024-03-12_at_14.45.10.webp.webp?fit=1024%2C525&ssl=1&resize=525%2C300 1.5x, https:\/\/i0.wp.com\/ismaelcolosi.com.br\/wp-content\/uploads\/2024\/03\/AnyConv.com__whatsapp_image_2024-03-12_at_14.45.10.webp.webp?fit=1024%2C525&ssl=1&resize=700%2C400 2x"},"classes":[]},{"id":37464,"url":"https:\/\/ismaelcolosi.com.br\/index.php\/2024\/02\/16\/choro-da-casa-toca-na-sete-de-setembro\/","url_meta":{"origin":41520,"position":1},"title":"Choro da Casa toca\u00a0na Sete de Setembro\u00a0","author":"ismaelcolosi.com.br","date":"16 de February de 2024","format":false,"excerpt":"16 de fevereiro de 2024 | 12:3016 de fevereiro de 2024 | 8:58 0O projeto Chorinho na 7, realizado pela Secretaria Municipal da Cultura e Turismo, recebe o grupo Choro da Casa nesta sexta-feira, 16 de fevereiro, \u00e0s 19 horas, na pra\u00e7a Sete de Setembro, que fica no quadril\u00e1tero entre\u2026","rel":"","context":"In &quot;Not\u00edcias de Ribeir\u00e3o Preto-SP e Regi\u00e3o&quot;","block_context":{"text":"Not\u00edcias de Ribeir\u00e3o Preto-SP e Regi\u00e3o","link":"https:\/\/ismaelcolosi.com.br\/index.php\/category\/noticias-de-ribeirao-preto-sp-e-regiao-ismael-colosi\/"},"img":{"alt_text":"","src":"https:\/\/i0.wp.com\/ismaelcolosi.com.br\/wp-content\/uploads\/2024\/02\/Choro07-Divulgacao-scaled.jpeg?fit=860%2C645&ssl=1&resize=350%2C200","width":350,"height":200,"srcset":"https:\/\/i0.wp.com\/ismaelcolosi.com.br\/wp-content\/uploads\/2024\/02\/Choro07-Divulgacao-scaled.jpeg?fit=860%2C645&ssl=1&resize=350%2C200 1x, https:\/\/i0.wp.com\/ismaelcolosi.com.br\/wp-content\/uploads\/2024\/02\/Choro07-Divulgacao-scaled.jpeg?fit=860%2C645&ssl=1&resize=525%2C300 1.5x, https:\/\/i0.wp.com\/ismaelcolosi.com.br\/wp-content\/uploads\/2024\/02\/Choro07-Divulgacao-scaled.jpeg?fit=860%2C645&ssl=1&resize=700%2C400 2x"},"classes":[]},{"id":15604,"url":"https:\/\/ismaelcolosi.com.br\/index.php\/2023\/12\/13\/projeto-chorinho-na-7-recebe-choro-da-casa-nesta-sexta-feira-15\/","url_meta":{"origin":41520,"position":2},"title":"Projeto \u201cChorinho na 7\u201d recebe Choro da Casa nesta sexta-feira, 15 \u2013 Folha de Ribeir\u00e3o","author":"ismaelcolosi.com.br","date":"13 de December de 2023","format":false,"excerpt":"O projeto \u201cChorinho na 7\u201d, realizado pela Secretaria Municipal da Cultura e Turismo, recebe novamente o grupo Choro da Casa para uma apresenta\u00e7\u00e3o especial nesta sexta-feira, dia 15 de dezembro, \u00e0s 19h, na Pra\u00e7a Sete de Setembro, que fica no quadril\u00e1tero entre as ruas Lafaiete, Flor\u00eancio de Abreu, Sete de\u2026","rel":"","context":"In &quot;Not\u00edcias de Ribeir\u00e3o Preto-SP e Regi\u00e3o&quot;","block_context":{"text":"Not\u00edcias de Ribeir\u00e3o Preto-SP e Regi\u00e3o","link":"https:\/\/ismaelcolosi.com.br\/index.php\/category\/noticias-de-ribeirao-preto-sp-e-regiao-ismael-colosi\/"},"img":{"alt_text":"","src":"https:\/\/i0.wp.com\/ismaelcolosi.com.br\/wp-content\/uploads\/2023\/12\/chorinho1312_1.jpeg?fit=1024%2C473&ssl=1&resize=350%2C200","width":350,"height":200,"srcset":"https:\/\/i0.wp.com\/ismaelcolosi.com.br\/wp-content\/uploads\/2023\/12\/chorinho1312_1.jpeg?fit=1024%2C473&ssl=1&resize=350%2C200 1x, https:\/\/i0.wp.com\/ismaelcolosi.com.br\/wp-content\/uploads\/2023\/12\/chorinho1312_1.jpeg?fit=1024%2C473&ssl=1&resize=525%2C300 1.5x, https:\/\/i0.wp.com\/ismaelcolosi.com.br\/wp-content\/uploads\/2023\/12\/chorinho1312_1.jpeg?fit=1024%2C473&ssl=1&resize=700%2C400 2x"},"classes":[]},{"id":35876,"url":"https:\/\/ismaelcolosi.com.br\/index.php\/2024\/02\/07\/chorinho-na-7-recebe-o-grupo-choro-da-casa-2\/","url_meta":{"origin":41520,"position":3},"title":"\u201cChorinho na 7\u201d recebe o grupo Choro da Casa","author":"ismaelcolosi.com.br","date":"7 de February de 2024","format":false,"excerpt":"7 de fevereiro de 2024 | 18:007 de fevereiro de 2024 | 10:44 0O projeto \u201cChorinho na 7\u201d traz grupos de seresteiros e de choro em apresenta\u00e7\u00f5es sempre \u00e0s sextas-feiras, \u00e0s 19h, na Pra\u00e7a Sete de Setembro, que fica no quadril\u00e1tero entre as ruas Lafaiete, Flor\u00eancio de Abreu, Sete de\u2026","rel":"","context":"In &quot;Not\u00edcias de Ribeir\u00e3o Preto-SP e Regi\u00e3o&quot;","block_context":{"text":"Not\u00edcias de Ribeir\u00e3o Preto-SP e Regi\u00e3o","link":"https:\/\/ismaelcolosi.com.br\/index.php\/category\/noticias-de-ribeirao-preto-sp-e-regiao-ismael-colosi\/"},"img":{"alt_text":"","src":"https:\/\/i0.wp.com\/ismaelcolosi.com.br\/wp-content\/uploads\/2024\/02\/chorinho-Memorial-America-Latina-1024x683-1-scaled-1.jpg?fit=967%2C645&ssl=1&resize=350%2C200","width":350,"height":200,"srcset":"https:\/\/i0.wp.com\/ismaelcolosi.com.br\/wp-content\/uploads\/2024\/02\/chorinho-Memorial-America-Latina-1024x683-1-scaled-1.jpg?fit=967%2C645&ssl=1&resize=350%2C200 1x, https:\/\/i0.wp.com\/ismaelcolosi.com.br\/wp-content\/uploads\/2024\/02\/chorinho-Memorial-America-Latina-1024x683-1-scaled-1.jpg?fit=967%2C645&ssl=1&resize=525%2C300 1.5x, https:\/\/i0.wp.com\/ismaelcolosi.com.br\/wp-content\/uploads\/2024\/02\/chorinho-Memorial-America-Latina-1024x683-1-scaled-1.jpg?fit=967%2C645&ssl=1&resize=700%2C400 2x"},"classes":[]},{"id":27248,"url":"https:\/\/ismaelcolosi.com.br\/index.php\/2024\/01\/11\/chorinho-na-praca-7-de-setembro-em-ribeirao-preto-retorna-nesta-sexta\/","url_meta":{"origin":41520,"position":4},"title":"Chorinho na Pra\u00e7a 7 de Setembro em Ribeir\u00e3o Preto retorna nesta sexta","author":"ismaelcolosi.com.br","date":"11 de January de 2024","format":false,"excerpt":"O evento \u2018Chorinho na 7\u2019 retorna nesta sexta-feira (12), a partir das 19 horas, ap\u00f3s a pausa para as festas de final de ano. As apresenta\u00e7\u00f5es do Grupo Choro da Casa acontecem na Pra\u00e7a Sete de Setembro, no Centro de Ribeir\u00e3o Preto. Nesta sexta-feira, o grupo vai apresentar obras de\u2026","rel":"","context":"In &quot;Not\u00edcias de Ribeir\u00e3o Preto-SP e Regi\u00e3o&quot;","block_context":{"text":"Not\u00edcias de Ribeir\u00e3o Preto-SP e Regi\u00e3o","link":"https:\/\/ismaelcolosi.com.br\/index.php\/category\/noticias-de-ribeirao-preto-sp-e-regiao-ismael-colosi\/"},"img":{"alt_text":"","src":"https:\/\/i0.wp.com\/ismaelcolosi.com.br\/wp-content\/uploads\/2024\/01\/WhatsApp-Image-2024-01-11-at-08.49.59.jpeg?fit=1200%2C800&ssl=1&resize=350%2C200","width":350,"height":200,"srcset":"https:\/\/i0.wp.com\/ismaelcolosi.com.br\/wp-content\/uploads\/2024\/01\/WhatsApp-Image-2024-01-11-at-08.49.59.jpeg?fit=1200%2C800&ssl=1&resize=350%2C200 1x, https:\/\/i0.wp.com\/ismaelcolosi.com.br\/wp-content\/uploads\/2024\/01\/WhatsApp-Image-2024-01-11-at-08.49.59.jpeg?fit=1200%2C800&ssl=1&resize=525%2C300 1.5x, https:\/\/i0.wp.com\/ismaelcolosi.com.br\/wp-content\/uploads\/2024\/01\/WhatsApp-Image-2024-01-11-at-08.49.59.jpeg?fit=1200%2C800&ssl=1&resize=700%2C400 2x, https:\/\/i0.wp.com\/ismaelcolosi.com.br\/wp-content\/uploads\/2024\/01\/WhatsApp-Image-2024-01-11-at-08.49.59.jpeg?fit=1200%2C800&ssl=1&resize=1050%2C600 3x"},"classes":[]},{"id":34585,"url":"https:\/\/ismaelcolosi.com.br\/index.php\/2024\/02\/02\/franca-choroes-no-chorinho-na-7\/","url_meta":{"origin":41520,"position":5},"title":"Fran\u00e7a &#038; Chor\u00f5es no Chorinho na 7 \u00a0","author":"ismaelcolosi.com.br","date":"2 de February de 2024","format":false,"excerpt":"2 de fevereiro de 2024 | 16:002 de fevereiro de 2024 | 9:29 0Nesta sexta-feira, 2 de fevereiro, \u00e0s 19 horas, o projeto Chorinho na 7 recebe mais o grupo Fran\u00e7a& Chor\u00f5es para uma noite especial de muita m\u00fasica na pra\u00e7a Sete de Setembro, no quadril\u00e1tero entre as ruas Lafaiete,\u2026","rel":"","context":"In &quot;Not\u00edcias de Ribeir\u00e3o Preto-SP e Regi\u00e3o&quot;","block_context":{"text":"Not\u00edcias de Ribeir\u00e3o Preto-SP e Regi\u00e3o","link":"https:\/\/ismaelcolosi.com.br\/index.php\/category\/noticias-de-ribeirao-preto-sp-e-regiao-ismael-colosi\/"},"img":{"alt_text":"","src":"https:\/\/i0.wp.com\/ismaelcolosi.com.br\/wp-content\/uploads\/2024\/02\/Choro07-Fra-Divulgacao-scaled.jpg?fit=860%2C645&ssl=1&resize=350%2C200","width":350,"height":200,"srcset":"https:\/\/i0.wp.com\/ismaelcolosi.com.br\/wp-content\/uploads\/2024\/02\/Choro07-Fra-Divulgacao-scaled.jpg?fit=860%2C645&ssl=1&resize=350%2C200 1x, https:\/\/i0.wp.com\/ismaelcolosi.com.br\/wp-content\/uploads\/2024\/02\/Choro07-Fra-Divulgacao-scaled.jpg?fit=860%2C645&ssl=1&resize=525%2C300 1.5x, https:\/\/i0.wp.com\/ismaelcolosi.com.br\/wp-content\/uploads\/2024\/02\/Choro07-Fra-Divulgacao-scaled.jpg?fit=860%2C645&ssl=1&resize=700%2C400 2x"},"classes":[]}],"jetpack_sharing_enabled":true,"jetpack_shortlink":"https:\/\/wp.me\/pfMlyK-aNG","_links":{"self":[{"href":"https:\/\/ismaelcolosi.com.br\/index.php\/wp-json\/wp\/v2\/posts\/41520","targetHints":{"allow":["GET"]}}],"collection":[{"href":"https:\/\/ismaelcolosi.com.br\/index.php\/wp-json\/wp\/v2\/posts"}],"about":[{"href":"https:\/\/ismaelcolosi.com.br\/index.php\/wp-json\/wp\/v2\/types\/post"}],"author":[{"embeddable":true,"href":"https:\/\/ismaelcolosi.com.br\/index.php\/wp-json\/wp\/v2\/users\/1"}],"replies":[{"embeddable":true,"href":"https:\/\/ismaelcolosi.com.br\/index.php\/wp-json\/wp\/v2\/comments?post=41520"}],"version-history":[{"count":0,"href":"https:\/\/ismaelcolosi.com.br\/index.php\/wp-json\/wp\/v2\/posts\/41520\/revisions"}],"wp:featuredmedia":[{"embeddable":true,"href":"https:\/\/ismaelcolosi.com.br\/index.php\/wp-json\/wp\/v2\/media\/41521"}],"wp:attachment":[{"href":"https:\/\/ismaelcolosi.com.br\/index.php\/wp-json\/wp\/v2\/media?parent=41520"}],"wp:term":[{"taxonomy":"category","embeddable":true,"href":"https:\/\/ismaelcolosi.com.br\/index.php\/wp-json\/wp\/v2\/categories?post=41520"},{"taxonomy":"post_tag","embeddable":true,"href":"https:\/\/ismaelcolosi.com.br\/index.php\/wp-json\/wp\/v2\/tags?post=41520"}],"curies":[{"name":"wp","href":"https:\/\/api.w.org\/{rel}","templated":true}]}}