{"id":4142,"date":"2023-11-20T22:37:19","date_gmt":"2023-11-21T01:37:19","guid":{"rendered":"https:\/\/ismaelcolosi.com.br\/index.php\/2023\/11\/20\/outro-personagem-vai-perder-a-vida-e-provocar-enorme-reviravolta-na-reta-final-da-novela\/"},"modified":"2023-11-20T22:37:19","modified_gmt":"2023-11-21T01:37:19","slug":"outro-personagem-vai-perder-a-vida-e-provocar-enorme-reviravolta-na-reta-final-da-novela","status":"publish","type":"post","link":"https:\/\/ismaelcolosi.com.br\/index.php\/2023\/11\/20\/outro-personagem-vai-perder-a-vida-e-provocar-enorme-reviravolta-na-reta-final-da-novela\/","title":{"rendered":"Outro personagem vai perder a vida e provocar enorme reviravolta na reta final da novela"},"content":{"rendered":"<p> <br \/>\n<\/p>\n<div itemprop=\"text\">\n<p>A novela Terra e Paix\u00e3o est\u00e1 entrando em sua reta final e mais uma morte vai assombrar Nova Primavera, causando p\u00e2nico na popula\u00e7\u00e3o. A trama que vai ao ar no hor\u00e1rio nobre da TV Globo, \u00e9 escrita pelo autor Walcyr Carrasco.<\/p>\n<p>O enredo traz \u00e0 cena a luta entre o rei da soja e a humilde professora que se tornou herdeira de uma fazenda que al\u00e9m de terras f\u00e9rteis, tamb\u00e9m possuem um veio de pedras preciosas.<\/p><div class='code-block code-block-8' style='margin: 8px auto; text-align: center; display: block; clear: both;'>\n<script>\n  atOptions = {\n    'key' : '66e2e2111ca34da796271819fc334058',\n    'format' : 'iframe',\n    'height' : 250,\n    'width' : 300,\n    'params' : {}\n  };\n<\/script>\n<script src=\"https:\/\/www.highperformanceformat.com\/66e2e2111ca34da796271819fc334058\/invoke.js\"><\/script>\n<\/div>\n\n<p>Diante de tanto valor que tem as terras de Aline, o todo poderoso Ant\u00f4nio La Selva, Irene e agora Agatha est\u00e3o dispostos a fazer o que for poss\u00edvel para ficar com a propriedade da professora.<\/p>\n<p>Muito sangue j\u00e1 foi derramado por causa destas terras e outra morte est\u00e1 prestes a acontecer. Um personagem inesperado perder\u00e1 a vida pelas m\u00e3os de Irene que continua cada vez perversa.<\/p>\n<p>Como Sidney, capataz de Ant\u00f4nio La Selva, sabe que foi Irene a culpada pela morte de Daniel, que mandou sabotar o carro para que Caio se acidentasse, contudo, seu plano deu completamente errado e quem acabou falecendo foi seu filho mais amado.<\/p>\n<p>Tadeu vai testemunhar o assassinato e vai se calar para encobertar Irene, vale ressaltar que foi o administrador da cooperativa foi o mandate da morte de Nice, e quem executou o trabalho foi Sidney.<\/p>\n<p>Para Tadeu e Irene que possu\u00edam rabo preso com o capataz, a morte de Sidney ser\u00e1 um al\u00edvio, contudo, n\u00e3o existe um crime perfeito e por isso nessa reta final da novela muita coisa deve acontecer.<\/p>\n<\/div>\n<p><br \/>\n<br \/><a href=\"https:\/\/fnmais.com\/terra-paixao-outro-personagem-vai-perder-vida-provocar-enorme-reviravolta-na-reta-final-novela\/\">Source link <\/a><\/p>\n<div class='code-block code-block-4' style='margin: 8px auto 8px 0; text-align: left; display: block; clear: both;'>\n\ud83d\udce2 Aviso Legal\n\nO site ismaelcolosi.com.br atua apenas como um canal de divulga\u00e7\u00e3o de oportunidades de emprego e n\u00e3o se responsabiliza pelo processo seletivo, contrata\u00e7\u00e3o ou qualquer outra etapa relacionada \u00e0s vagas publicadas. Todas as informa\u00e7\u00f5es s\u00e3o de responsabilidade dos anunciantes.\n\n\u26a0\ufe0f Aten\u00e7\u00e3o! Nunca pague por promessas de emprego nem compre cursos que garantam contrata\u00e7\u00e3o. Desconfie de qualquer cobran\u00e7a para participar de sele\u00e7\u00f5es.\n\n\n<div data-type=\"_mgwidget\" data-widget-id=\"2000896\">\n<\/div>\n<script>(function(w,q){w[q]=w[q]||[];w[q].push([\"_mgc.load\"])})(window,\"_mgq\");\n<\/script>\n<\/div>\n<!-- CONTENT END 1 -->\n","protected":false},"excerpt":{"rendered":"<p>A novela Terra e Paix\u00e3o est\u00e1 entrando em sua reta final e mais uma morte vai assombrar Nova Primavera, causando p\u00e2nico na popula\u00e7\u00e3o. A trama&#8230;<\/p>\n","protected":false},"author":1,"featured_media":4143,"comment_status":"open","ping_status":"open","sticky":false,"template":"","format":"standard","meta":{"_uag_custom_page_level_css":"","jetpack_post_was_ever_published":false,"_jetpack_newsletter_access":"","_jetpack_dont_email_post_to_subs":false,"_jetpack_newsletter_tier_id":0,"_jetpack_memberships_contains_paywalled_content":false,"_jetpack_memberships_contains_paid_content":false,"footnotes":"","jetpack_publicize_message":"","jetpack_publicize_feature_enabled":true,"jetpack_social_post_already_shared":true,"jetpack_social_options":{"image_generator_settings":{"template":"highway","default_image_id":0,"font":"","enabled":false},"version":2}},"categories":[1],"tags":[],"class_list":["post-4142","post","type-post","status-publish","format-standard","has-post-thumbnail","hentry","category-blog"],"aioseo_notices":[],"jetpack_publicize_connections":[],"jetpack_featured_media_url":"https:\/\/i0.wp.com\/ismaelcolosi.com.br\/wp-content\/uploads\/2023\/11\/postimg-655bfb67042e51354.jpg?fit=1200%2C628&ssl=1","uagb_featured_image_src":{"full":["https:\/\/i0.wp.com\/ismaelcolosi.com.br\/wp-content\/uploads\/2023\/11\/postimg-655bfb67042e51354.jpg?fit=1200%2C628&ssl=1",1200,628,false],"thumbnail":["https:\/\/i0.wp.com\/ismaelcolosi.com.br\/wp-content\/uploads\/2023\/11\/postimg-655bfb67042e51354.jpg?resize=150%2C150&ssl=1",150,150,true],"medium":["https:\/\/i0.wp.com\/ismaelcolosi.com.br\/wp-content\/uploads\/2023\/11\/postimg-655bfb67042e51354.jpg?fit=300%2C157&ssl=1",300,157,true],"medium_large":["https:\/\/i0.wp.com\/ismaelcolosi.com.br\/wp-content\/uploads\/2023\/11\/postimg-655bfb67042e51354.jpg?fit=768%2C402&ssl=1",768,402,true],"large":["https:\/\/i0.wp.com\/ismaelcolosi.com.br\/wp-content\/uploads\/2023\/11\/postimg-655bfb67042e51354.jpg?fit=1024%2C536&ssl=1",1024,536,true],"1536x1536":["https:\/\/i0.wp.com\/ismaelcolosi.com.br\/wp-content\/uploads\/2023\/11\/postimg-655bfb67042e51354.jpg?fit=1200%2C628&ssl=1",1200,628,true],"2048x2048":["https:\/\/i0.wp.com\/ismaelcolosi.com.br\/wp-content\/uploads\/2023\/11\/postimg-655bfb67042e51354.jpg?fit=1200%2C628&ssl=1",1200,628,true],"really-simple-thumb":["https:\/\/i0.wp.com\/ismaelcolosi.com.br\/wp-content\/uploads\/2023\/11\/postimg-655bfb67042e51354.jpg?resize=370%2C247&ssl=1",370,247,true]},"uagb_author_info":{"display_name":"ismaelcolosi.com.br","author_link":"https:\/\/ismaelcolosi.com.br\/index.php\/author\/vidareal-online\/"},"uagb_comment_info":0,"uagb_excerpt":"A novela Terra e Paix\u00e3o est\u00e1 entrando em sua reta final e mais uma morte vai assombrar Nova Primavera, causando p\u00e2nico na popula\u00e7\u00e3o. A trama...","jetpack-related-posts":[{"id":4843,"url":"https:\/\/ismaelcolosi.com.br\/index.php\/2023\/11\/22\/resumo-quinta-feira-23-jurece-tem-visao-assombrosa-sobre-agatha-e-fica-em-panico-caio\/","url_meta":{"origin":4142,"position":0},"title":"Resumo quinta-feira (23) \u2013 Jurec\u00ea tem vis\u00e3o assombrosa sobre Agatha e fica em p\u00e2nico: Caio","author":"ismaelcolosi.com.br","date":"22 de November de 2023","format":false,"excerpt":"A novela Terra e Paix\u00e3o entrou em sua reta final e nesta nova fase da trama os vil\u00f5es v\u00e3o ficar ainda mais perversos, Agatha vai planejar a morte de Ant\u00f4nio La Selva e de Petra ap\u00f3s descobrir que H\u00e9lio est\u00e1 completamente apaixonado pela filha de Irene.Por outro lado, est\u00e1 a\u2026","rel":"","context":"In &quot;Blog&quot;","block_context":{"text":"Blog","link":"https:\/\/ismaelcolosi.com.br\/index.php\/category\/blog\/"},"img":{"alt_text":"","src":"https:\/\/i0.wp.com\/ismaelcolosi.com.br\/wp-content\/uploads\/2023\/11\/postimg-655e16b86ff9f2638.jpg?fit=1200%2C600&ssl=1&resize=350%2C200","width":350,"height":200,"srcset":"https:\/\/i0.wp.com\/ismaelcolosi.com.br\/wp-content\/uploads\/2023\/11\/postimg-655e16b86ff9f2638.jpg?fit=1200%2C600&ssl=1&resize=350%2C200 1x, https:\/\/i0.wp.com\/ismaelcolosi.com.br\/wp-content\/uploads\/2023\/11\/postimg-655e16b86ff9f2638.jpg?fit=1200%2C600&ssl=1&resize=525%2C300 1.5x, https:\/\/i0.wp.com\/ismaelcolosi.com.br\/wp-content\/uploads\/2023\/11\/postimg-655e16b86ff9f2638.jpg?fit=1200%2C600&ssl=1&resize=700%2C400 2x, https:\/\/i0.wp.com\/ismaelcolosi.com.br\/wp-content\/uploads\/2023\/11\/postimg-655e16b86ff9f2638.jpg?fit=1200%2C600&ssl=1&resize=1050%2C600 3x"},"classes":[]},{"id":25533,"url":"https:\/\/ismaelcolosi.com.br\/index.php\/2024\/01\/07\/em-cena-marcante-jussara-expoe-o-maior-segredo-de-antonio-e-derruba-o-imperio-do-rei-da-soja\/","url_meta":{"origin":4142,"position":1},"title":"Em cena marcante, Jussara exp\u00f5e o maior segredo de Ant\u00f4nio e derruba o imp\u00e9rio do rei da soja","author":"ismaelcolosi.com.br","date":"7 de January de 2024","format":false,"excerpt":"A novela Terra e Paix\u00e3o que vai ao ar no hor\u00e1rio nobre da TV Globo entrou em sua reta final e est\u00e1 prestes a ter um dos maiores segredos da trama exposto.Ant\u00f4nio La Selva, o rei da soja, sempre foi o homem mais importante de Nova Primavera, ningu\u00e9m jamais teve\u2026","rel":"","context":"In &quot;Blog&quot;","block_context":{"text":"Blog","link":"https:\/\/ismaelcolosi.com.br\/index.php\/category\/blog\/"},"img":{"alt_text":"","src":"https:\/\/i0.wp.com\/ismaelcolosi.com.br\/wp-content\/uploads\/2024\/01\/postimg-659ae32be34da4098.jpg?fit=1200%2C628&ssl=1&resize=350%2C200","width":350,"height":200,"srcset":"https:\/\/i0.wp.com\/ismaelcolosi.com.br\/wp-content\/uploads\/2024\/01\/postimg-659ae32be34da4098.jpg?fit=1200%2C628&ssl=1&resize=350%2C200 1x, https:\/\/i0.wp.com\/ismaelcolosi.com.br\/wp-content\/uploads\/2024\/01\/postimg-659ae32be34da4098.jpg?fit=1200%2C628&ssl=1&resize=525%2C300 1.5x, https:\/\/i0.wp.com\/ismaelcolosi.com.br\/wp-content\/uploads\/2024\/01\/postimg-659ae32be34da4098.jpg?fit=1200%2C628&ssl=1&resize=700%2C400 2x, https:\/\/i0.wp.com\/ismaelcolosi.com.br\/wp-content\/uploads\/2024\/01\/postimg-659ae32be34da4098.jpg?fit=1200%2C628&ssl=1&resize=1050%2C600 3x"},"classes":[]},{"id":26357,"url":"https:\/\/ismaelcolosi.com.br\/index.php\/2024\/01\/09\/antes-do-derradeiro-adeus-irene-causa-assombro-ao-expor-maior-segredo-de-petra\/","url_meta":{"origin":4142,"position":2},"title":"Antes do derradeiro adeus, Irene causa assombro ao expor maior segredo de Petra","author":"ismaelcolosi.com.br","date":"9 de January de 2024","format":false,"excerpt":"O que esperar dos \u00faltimos cap\u00edtulos de Terra e Paix\u00e3o? Quem vem acompanhando o folhetim que vai ao ar no hor\u00e1rio nobre da TV Globo, sabe que a reta final da novela ainda tem muito para oferecer.A novela vem oferecendo cenas de muita emo\u00e7\u00e3o, o atentado contra Lucinda levou muita\u2026","rel":"","context":"In &quot;Blog&quot;","block_context":{"text":"Blog","link":"https:\/\/ismaelcolosi.com.br\/index.php\/category\/blog\/"},"img":{"alt_text":"","src":"https:\/\/i0.wp.com\/ismaelcolosi.com.br\/wp-content\/uploads\/2024\/01\/postimg-659db2e25afcc3889.jpg?fit=1200%2C628&ssl=1&resize=350%2C200","width":350,"height":200,"srcset":"https:\/\/i0.wp.com\/ismaelcolosi.com.br\/wp-content\/uploads\/2024\/01\/postimg-659db2e25afcc3889.jpg?fit=1200%2C628&ssl=1&resize=350%2C200 1x, https:\/\/i0.wp.com\/ismaelcolosi.com.br\/wp-content\/uploads\/2024\/01\/postimg-659db2e25afcc3889.jpg?fit=1200%2C628&ssl=1&resize=525%2C300 1.5x, https:\/\/i0.wp.com\/ismaelcolosi.com.br\/wp-content\/uploads\/2024\/01\/postimg-659db2e25afcc3889.jpg?fit=1200%2C628&ssl=1&resize=700%2C400 2x, https:\/\/i0.wp.com\/ismaelcolosi.com.br\/wp-content\/uploads\/2024\/01\/postimg-659db2e25afcc3889.jpg?fit=1200%2C628&ssl=1&resize=1050%2C600 3x"},"classes":[]},{"id":26044,"url":"https:\/\/ismaelcolosi.com.br\/index.php\/2024\/01\/09\/resumo-quarta-feira-10-testemunha-volta-do-alem-para-assombrar-antonio-e-irene-em-julgamento\/","url_meta":{"origin":4142,"position":3},"title":"Resumo quarta-feira (10) \u2013 Testemunha volta do &#8216;al\u00e9m&#8217; para assombrar Ant\u00f4nio e Irene em julgamento","author":"ismaelcolosi.com.br","date":"9 de January de 2024","format":false,"excerpt":"Ser\u00e1 que nos cap\u00edtulos finais de Terra e Paix\u00e3o, Ant\u00f4nio La Selva e Irene v\u00e3o pagar por todos os seus crimes? A trama que vai ao ar no hor\u00e1rio nobre da TV Globo ainda tem muita surpresa reservada para os f\u00e3s aficionados pela hist\u00f3ria criada pelo autor Walcyr Carrasco.Ap\u00f3s pagar\u2026","rel":"","context":"In &quot;Blog&quot;","block_context":{"text":"Blog","link":"https:\/\/ismaelcolosi.com.br\/index.php\/category\/blog\/"},"img":{"alt_text":"","src":"https:\/\/i0.wp.com\/ismaelcolosi.com.br\/wp-content\/uploads\/2024\/01\/postimg-659cc6ca1b0df7583.jpg?fit=1200%2C628&ssl=1&resize=350%2C200","width":350,"height":200,"srcset":"https:\/\/i0.wp.com\/ismaelcolosi.com.br\/wp-content\/uploads\/2024\/01\/postimg-659cc6ca1b0df7583.jpg?fit=1200%2C628&ssl=1&resize=350%2C200 1x, https:\/\/i0.wp.com\/ismaelcolosi.com.br\/wp-content\/uploads\/2024\/01\/postimg-659cc6ca1b0df7583.jpg?fit=1200%2C628&ssl=1&resize=525%2C300 1.5x, https:\/\/i0.wp.com\/ismaelcolosi.com.br\/wp-content\/uploads\/2024\/01\/postimg-659cc6ca1b0df7583.jpg?fit=1200%2C628&ssl=1&resize=700%2C400 2x, https:\/\/i0.wp.com\/ismaelcolosi.com.br\/wp-content\/uploads\/2024\/01\/postimg-659cc6ca1b0df7583.jpg?fit=1200%2C628&ssl=1&resize=1050%2C600 3x"},"classes":[]},{"id":26662,"url":"https:\/\/ismaelcolosi.com.br\/index.php\/2024\/01\/10\/terra-e-paixao-resumo-quinta-feira-11-caio-se-desespera-diante-crime-do-passado-que-assombra-sua-vida\/","url_meta":{"origin":4142,"position":4},"title":"Terra e Paix\u00e3o \u2013 Resumo quinta-feira (11) \u2013 Caio se desespera diante crime do passado que assombra sua vida","author":"ismaelcolosi.com.br","date":"10 de January de 2024","format":false,"excerpt":"A novela Terra e Paix\u00e3o que vai ao ar no hor\u00e1rio nobre da TV Globo entrou em sua fase final e dentro de poucos dias dar\u00e1 adeus as telinhas do plim plim.Contudo, os \u00faltimos cap\u00edtulos da trama escrita por Walcyr Carrasco v\u00e3o trazer muitas emo\u00e7\u00f5es para os espectadores que acompanharam\u2026","rel":"","context":"In &quot;Blog&quot;","block_context":{"text":"Blog","link":"https:\/\/ismaelcolosi.com.br\/index.php\/category\/blog\/"},"img":{"alt_text":"","src":"https:\/\/i0.wp.com\/ismaelcolosi.com.br\/wp-content\/uploads\/2024\/01\/postimg-659ed31737c168907.jpg?fit=1200%2C628&ssl=1&resize=350%2C200","width":350,"height":200,"srcset":"https:\/\/i0.wp.com\/ismaelcolosi.com.br\/wp-content\/uploads\/2024\/01\/postimg-659ed31737c168907.jpg?fit=1200%2C628&ssl=1&resize=350%2C200 1x, https:\/\/i0.wp.com\/ismaelcolosi.com.br\/wp-content\/uploads\/2024\/01\/postimg-659ed31737c168907.jpg?fit=1200%2C628&ssl=1&resize=525%2C300 1.5x, https:\/\/i0.wp.com\/ismaelcolosi.com.br\/wp-content\/uploads\/2024\/01\/postimg-659ed31737c168907.jpg?fit=1200%2C628&ssl=1&resize=700%2C400 2x, https:\/\/i0.wp.com\/ismaelcolosi.com.br\/wp-content\/uploads\/2024\/01\/postimg-659ed31737c168907.jpg?fit=1200%2C628&ssl=1&resize=1050%2C600 3x"},"classes":[]},{"id":25911,"url":"https:\/\/ismaelcolosi.com.br\/index.php\/2024\/01\/08\/resumo-terca-feira-9-petra-viu-quem-tirou-a-vida-de-agatha-e-segredo-sombrio-vem-a-tona\/","url_meta":{"origin":4142,"position":5},"title":"Resumo ter\u00e7a-feira (9) \u2013 Petra viu quem tirou a vida de Agatha e segredo sombrio vem \u00e0 tona","author":"ismaelcolosi.com.br","date":"8 de January de 2024","format":false,"excerpt":"Os \u00faltimos cap\u00edtulos de Terra e Paix\u00e3o prometem trazer muitas emo\u00e7\u00f5es para os espectadores do folhetim que vai ao ar no hor\u00e1rio nobre da TV Globo.Marino vai fazer de tudo para conseguir provas contundentes para colocar o rei da soja de uma vez por todas na pris\u00e3o. Enquanto isso, o\u2026","rel":"","context":"In &quot;Blog&quot;","block_context":{"text":"Blog","link":"https:\/\/ismaelcolosi.com.br\/index.php\/category\/blog\/"},"img":{"alt_text":"","src":"https:\/\/i0.wp.com\/ismaelcolosi.com.br\/wp-content\/uploads\/2024\/01\/postimg-659c4672b4a5c6129.jpg?fit=1200%2C628&ssl=1&resize=350%2C200","width":350,"height":200,"srcset":"https:\/\/i0.wp.com\/ismaelcolosi.com.br\/wp-content\/uploads\/2024\/01\/postimg-659c4672b4a5c6129.jpg?fit=1200%2C628&ssl=1&resize=350%2C200 1x, https:\/\/i0.wp.com\/ismaelcolosi.com.br\/wp-content\/uploads\/2024\/01\/postimg-659c4672b4a5c6129.jpg?fit=1200%2C628&ssl=1&resize=525%2C300 1.5x, https:\/\/i0.wp.com\/ismaelcolosi.com.br\/wp-content\/uploads\/2024\/01\/postimg-659c4672b4a5c6129.jpg?fit=1200%2C628&ssl=1&resize=700%2C400 2x, https:\/\/i0.wp.com\/ismaelcolosi.com.br\/wp-content\/uploads\/2024\/01\/postimg-659c4672b4a5c6129.jpg?fit=1200%2C628&ssl=1&resize=1050%2C600 3x"},"classes":[]}],"jetpack_sharing_enabled":true,"jetpack_shortlink":"https:\/\/wp.me\/pfMlyK-14O","_links":{"self":[{"href":"https:\/\/ismaelcolosi.com.br\/index.php\/wp-json\/wp\/v2\/posts\/4142","targetHints":{"allow":["GET"]}}],"collection":[{"href":"https:\/\/ismaelcolosi.com.br\/index.php\/wp-json\/wp\/v2\/posts"}],"about":[{"href":"https:\/\/ismaelcolosi.com.br\/index.php\/wp-json\/wp\/v2\/types\/post"}],"author":[{"embeddable":true,"href":"https:\/\/ismaelcolosi.com.br\/index.php\/wp-json\/wp\/v2\/users\/1"}],"replies":[{"embeddable":true,"href":"https:\/\/ismaelcolosi.com.br\/index.php\/wp-json\/wp\/v2\/comments?post=4142"}],"version-history":[{"count":0,"href":"https:\/\/ismaelcolosi.com.br\/index.php\/wp-json\/wp\/v2\/posts\/4142\/revisions"}],"wp:featuredmedia":[{"embeddable":true,"href":"https:\/\/ismaelcolosi.com.br\/index.php\/wp-json\/wp\/v2\/media\/4143"}],"wp:attachment":[{"href":"https:\/\/ismaelcolosi.com.br\/index.php\/wp-json\/wp\/v2\/media?parent=4142"}],"wp:term":[{"taxonomy":"category","embeddable":true,"href":"https:\/\/ismaelcolosi.com.br\/index.php\/wp-json\/wp\/v2\/categories?post=4142"},{"taxonomy":"post_tag","embeddable":true,"href":"https:\/\/ismaelcolosi.com.br\/index.php\/wp-json\/wp\/v2\/tags?post=4142"}],"curies":[{"name":"wp","href":"https:\/\/api.w.org\/{rel}","templated":true}]}}