{"id":41395,"date":"2024-03-07T22:46:54","date_gmt":"2024-03-08T01:46:54","guid":{"rendered":"https:\/\/ismaelcolosi.com.br\/index.php\/2024\/03\/07\/comercial-e-rebaixado-para-serie-a3-em-partida-realizada-na-casa-do-seu-maior-rival\/"},"modified":"2024-03-07T22:46:54","modified_gmt":"2024-03-08T01:46:54","slug":"comercial-e-rebaixado-para-serie-a3-em-partida-realizada-na-casa-do-seu-maior-rival","status":"publish","type":"post","link":"https:\/\/ismaelcolosi.com.br\/index.php\/2024\/03\/07\/comercial-e-rebaixado-para-serie-a3-em-partida-realizada-na-casa-do-seu-maior-rival\/","title":{"rendered":"Comercial \u00e9 rebaixado para S\u00e9rie A3 em partida realizada na casa do seu maior rival"},"content":{"rendered":"<p> <br \/>\n<\/p>\n<div data-td-block-uid=\"tdi_101\">\n<div class=\"tdb-block-inner td-fix-index\">\n<p>O <strong>Comercial foi rebaixado para a S\u00e9rie A3<\/strong>, ap\u00f3s perder a partida contra o <strong>Juventus <\/strong>por 2 a 1, na noite desta quinta-feira (7), pela <strong>13\u00aa rodada do Campeonato Paulista S\u00e9rie A2.<\/strong><\/p>\n<p><mark style=\"background-color:#fcb900\" class=\"has-inline-color\">A disputa aconteceu no <strong>est\u00e1dio Santa Cruz<\/strong>, em <strong>Ribeir\u00e3o Preto<\/strong>, casa do maior rival do <strong>Alvinegro<\/strong>.<\/mark> O jogo n\u00e3o pode ser realizado no <strong>est\u00e1dio Palma Travassos<\/strong>, pois o local est\u00e1 locado para outro evento.<\/p>\n<p>O <strong>Juventus <\/strong>foi quem abriu o placar com gols marcados por L\u00e9o Castro. J\u00e1 o <strong>Le\u00e3o do Norte<\/strong> marcou com Andradina. No total, a partida teve 239 pagantes.<\/p>\n<p>Com o resultado da partida, o<strong> Le\u00e3o do Norte fica com 5 pontos<\/strong> e <strong>n\u00e3o consegue alcan\u00e7ar o Capivariano<\/strong>, que possui 12 pontos. Nas duas \u00faltimas rodadas do campeonato, o <strong>Comercial <\/strong>cumpre tabela. <\/p>\n<p>Neste domingo (10), o jogo ser\u00e1 contra o <strong>Taubat\u00e9<\/strong>, no est\u00e1dio Joaquim de Morais Filho. J\u00e1 no dia 16 de mar\u00e7o, o time de <strong>Ribeir\u00e3o <\/strong>joga contra o <strong>Monte Azul<\/strong>, no est\u00e1dio <strong>Palma Travassos<\/strong>. <\/p>\n<hr class=\"wp-block-separator has-alpha-channel-opacity\"\/>\n<p>SAIBA MAIS<\/p>\n<p>Ta\u00e7a EPTV de Futsal Ribeir\u00e3o Preto 2024: veja participantes, grupos e sistema de disputa<\/p>\n<h3 class=\"wp-block-heading\"><strong><mark>FIQUE ON<\/mark><\/strong><\/h3>\n<p>Fique ligado em tudo que acontece em Ribeir\u00e3o Preto e regi\u00e3o. Siga os perfis do\u00a0<strong>acidade on\u00a0<\/strong>no<a href=\"https:\/\/www.instagram.com\/acidadeonribeirao\" target=\"_blank\" rel=\"noreferrer noopener\">\u00a0Instagram<\/a>\u00a0e no<a href=\"https:\/\/www.facebook.com\/acidadeonribeirao\" target=\"_blank\" rel=\"noreferrer noopener\">\u00a0Facebook<\/a>.<\/p>\n<p>Receba not\u00edcias do\u00a0<strong>acidade on\u00a0<\/strong>no WhatsApp.\u00a0<a href=\"https:\/\/chat.whatsapp.com\/Bnv2w66ZT4VDyZW3oiZ69n\" target=\"_blank\" rel=\"noreferrer noopener\">Para entrar no grupo, basta clicar aqui.<\/a><\/p>\n<p>Fa\u00e7a uma den\u00fancia ou sugira uma reportagem sobre Ribeir\u00e3o Preto e regi\u00e3o pelo WhatsApp: 16 99117 7802.<\/p>\n<p>VEJA TAMB\u00c9M<\/p>\n<p>Onde assistir Mike Tyson X Jake Paul?<\/p>\n<p><!-- AI CONTENT END 1 -->\n<\/div>\n<\/div>\n<p><script async src=\"\/\/www.instagram.com\/embed.js\"><\/script><br \/>\n<br \/><br \/>\n<br \/><a href=\"https:\/\/www.acidadeon.com\/ribeiraopreto\/esportes\/comercial-e-rebaixado-para-serie-a3-em-partida-realizada-na-casa-do-seu-maior-rival\/\">Source link <\/a><\/p>\n<div class='code-block code-block-4' style='margin: 8px auto 8px 0; text-align: left; display: block; clear: both;'>\n\ud83d\udce2 Aviso Legal\n\nO site ismaelcolosi.com.br atua apenas como um canal de divulga\u00e7\u00e3o de oportunidades de emprego e n\u00e3o se responsabiliza pelo processo seletivo, contrata\u00e7\u00e3o ou qualquer outra etapa relacionada \u00e0s vagas publicadas. Todas as informa\u00e7\u00f5es s\u00e3o de responsabilidade dos anunciantes.\n\n\u26a0\ufe0f Aten\u00e7\u00e3o! Nunca pague por promessas de emprego nem compre cursos que garantam contrata\u00e7\u00e3o. Desconfie de qualquer cobran\u00e7a para participar de sele\u00e7\u00f5es.\n\n\n\n<\/div>\n<!-- CONTENT END 1 -->\n","protected":false},"excerpt":{"rendered":"<p>O Comercial foi rebaixado para a S\u00e9rie A3, ap\u00f3s perder a partida contra o Juventus por 2 a 1, na noite desta quinta-feira (7), pela&#8230;<\/p>\n","protected":false},"author":1,"featured_media":41396,"comment_status":"open","ping_status":"open","sticky":false,"template":"","format":"standard","meta":{"_uag_custom_page_level_css":"","advanced_seo_description":"","jetpack_seo_html_title":"","jetpack_seo_noindex":false,"jetpack_post_was_ever_published":false,"_jetpack_newsletter_access":"","_jetpack_dont_email_post_to_subs":false,"_jetpack_newsletter_tier_id":0,"_jetpack_memberships_contains_paywalled_content":false,"_jetpack_memberships_contains_paid_content":false,"footnotes":"","jetpack_publicize_message":"","jetpack_publicize_feature_enabled":true,"jetpack_social_post_already_shared":true,"jetpack_social_options":{"image_generator_settings":{"template":"highway","default_image_id":0,"font":"","enabled":false},"version":2}},"categories":[11],"tags":[],"class_list":["post-41395","post","type-post","status-publish","format-standard","has-post-thumbnail","hentry","category-noticias-de-ribeirao-preto-sp-e-regiao-ismael-colosi"],"jetpack_publicize_connections":[],"jetpack_featured_media_url":"https:\/\/i0.wp.com\/ismaelcolosi.com.br\/wp-content\/uploads\/2024\/03\/AnyConv.com__WhatsApp-Image-2024-03-07-at-21.59.15.webp.webp?fit=1109%2C739&ssl=1","uagb_featured_image_src":{"full":["https:\/\/i0.wp.com\/ismaelcolosi.com.br\/wp-content\/uploads\/2024\/03\/AnyConv.com__WhatsApp-Image-2024-03-07-at-21.59.15.webp.webp?fit=1109%2C739&ssl=1",1109,739,false],"thumbnail":["https:\/\/i0.wp.com\/ismaelcolosi.com.br\/wp-content\/uploads\/2024\/03\/AnyConv.com__WhatsApp-Image-2024-03-07-at-21.59.15.webp.webp?resize=150%2C150&ssl=1",150,150,true],"medium":["https:\/\/i0.wp.com\/ismaelcolosi.com.br\/wp-content\/uploads\/2024\/03\/AnyConv.com__WhatsApp-Image-2024-03-07-at-21.59.15.webp.webp?fit=300%2C200&ssl=1",300,200,true],"medium_large":["https:\/\/i0.wp.com\/ismaelcolosi.com.br\/wp-content\/uploads\/2024\/03\/AnyConv.com__WhatsApp-Image-2024-03-07-at-21.59.15.webp.webp?fit=768%2C512&ssl=1",768,512,true],"large":["https:\/\/i0.wp.com\/ismaelcolosi.com.br\/wp-content\/uploads\/2024\/03\/AnyConv.com__WhatsApp-Image-2024-03-07-at-21.59.15.webp.webp?fit=1024%2C682&ssl=1",1024,682,true],"1536x1536":["https:\/\/i0.wp.com\/ismaelcolosi.com.br\/wp-content\/uploads\/2024\/03\/AnyConv.com__WhatsApp-Image-2024-03-07-at-21.59.15.webp.webp?fit=1109%2C739&ssl=1",1109,739,true],"2048x2048":["https:\/\/i0.wp.com\/ismaelcolosi.com.br\/wp-content\/uploads\/2024\/03\/AnyConv.com__WhatsApp-Image-2024-03-07-at-21.59.15.webp.webp?fit=1109%2C739&ssl=1",1109,739,true],"really-simple-thumb":["https:\/\/i0.wp.com\/ismaelcolosi.com.br\/wp-content\/uploads\/2024\/03\/AnyConv.com__WhatsApp-Image-2024-03-07-at-21.59.15.webp.webp?resize=370%2C247&ssl=1",370,247,true]},"uagb_author_info":{"display_name":"ismaelcolosi.com.br","author_link":"https:\/\/ismaelcolosi.com.br\/index.php\/author\/vidareal-online\/"},"uagb_comment_info":0,"uagb_excerpt":"O Comercial foi rebaixado para a S\u00e9rie A3, ap\u00f3s perder a partida contra o Juventus por 2 a 1, na noite desta quinta-feira (7), pela...","jetpack-related-posts":[{"id":41399,"url":"https:\/\/ismaelcolosi.com.br\/index.php\/2024\/03\/07\/comercial-perde-para-o-juventus-no-santa-cruz-e-esta-rebaixado-para-serie-a3\/","url_meta":{"origin":41395,"position":0},"title":"Comercial perde para o Juventus no Santa Cruz e est\u00e1 rebaixado para S\u00e9rie A3","author":"ismaelcolosi.com.br","date":"7 de March de 2024","format":false,"excerpt":"O Comercial est\u00e1 rebaixado para a S\u00e9rie A3 do Campeonato Paulista. O Le\u00e3o do Norte foi derrotado pelo Juventus com o placar de 2 a 1 na noite desta quinta-feira. Os gols da partida foram marcados por L\u00e9o Castro, duas vezes, para o Moleque Travesso, e Valdeir, para o Le\u00e3o\u2026","rel":"","context":"In &quot;Not\u00edcias de Ribeir\u00e3o Preto-SP e Regi\u00e3o&quot;","block_context":{"text":"Not\u00edcias de Ribeir\u00e3o Preto-SP e Regi\u00e3o","link":"https:\/\/ismaelcolosi.com.br\/index.php\/category\/noticias-de-ribeirao-preto-sp-e-regiao-ismael-colosi\/"},"img":{"alt_text":"","src":"https:\/\/i0.wp.com\/ismaelcolosi.com.br\/wp-content\/uploads\/2024\/03\/Comercial-scaled.jpeg?fit=968%2C645&ssl=1&resize=350%2C200","width":350,"height":200,"srcset":"https:\/\/i0.wp.com\/ismaelcolosi.com.br\/wp-content\/uploads\/2024\/03\/Comercial-scaled.jpeg?fit=968%2C645&ssl=1&resize=350%2C200 1x, https:\/\/i0.wp.com\/ismaelcolosi.com.br\/wp-content\/uploads\/2024\/03\/Comercial-scaled.jpeg?fit=968%2C645&ssl=1&resize=525%2C300 1.5x, https:\/\/i0.wp.com\/ismaelcolosi.com.br\/wp-content\/uploads\/2024\/03\/Comercial-scaled.jpeg?fit=968%2C645&ssl=1&resize=700%2C400 2x"},"classes":[]},{"id":41665,"url":"https:\/\/ismaelcolosi.com.br\/index.php\/2024\/03\/10\/ja-rebaixado-comercial-cumpre-tabela-diante-do-taubate\/","url_meta":{"origin":41395,"position":1},"title":"J\u00e1 rebaixado, Comercial cumpre tabela diante do Taubat\u00e9\u00a0\u00a0","author":"ismaelcolosi.com.br","date":"10 de March de 2024","format":false,"excerpt":"Rebaixado para a S\u00e9rie A3, o Comercial ainda precisa cumprir tabela nas \u00faltimas duas rodadas da competi\u00e7\u00e3o. Neste domingo o time de Ademir Fesan encara o Taubat\u00e9, fora de casa, as 11h10, no est\u00e1dio Joaquinz\u00e3o.\u00a0\u00a0Como o Le\u00e3o do Norte j\u00e1 caiu matematicamente, o t\u00e9cnico Ademir Fesan deve dar oportunidade para\u2026","rel":"","context":"In &quot;Not\u00edcias de Ribeir\u00e3o Preto-SP e Regi\u00e3o&quot;","block_context":{"text":"Not\u00edcias de Ribeir\u00e3o Preto-SP e Regi\u00e3o","link":"https:\/\/ismaelcolosi.com.br\/index.php\/category\/noticias-de-ribeirao-preto-sp-e-regiao-ismael-colosi\/"},"img":{"alt_text":"","src":"https:\/\/i0.wp.com\/ismaelcolosi.com.br\/wp-content\/uploads\/2024\/03\/Foto-1-4-scaled.jpg?fit=967%2C645&ssl=1&resize=350%2C200","width":350,"height":200,"srcset":"https:\/\/i0.wp.com\/ismaelcolosi.com.br\/wp-content\/uploads\/2024\/03\/Foto-1-4-scaled.jpg?fit=967%2C645&ssl=1&resize=350%2C200 1x, https:\/\/i0.wp.com\/ismaelcolosi.com.br\/wp-content\/uploads\/2024\/03\/Foto-1-4-scaled.jpg?fit=967%2C645&ssl=1&resize=525%2C300 1.5x, https:\/\/i0.wp.com\/ismaelcolosi.com.br\/wp-content\/uploads\/2024\/03\/Foto-1-4-scaled.jpg?fit=967%2C645&ssl=1&resize=700%2C400 2x"},"classes":[]},{"id":41685,"url":"https:\/\/ismaelcolosi.com.br\/index.php\/2024\/03\/10\/comercial-perde-mais-uma-pelo-campeonato-paulista-da-serie-a2\/","url_meta":{"origin":41395,"position":2},"title":"Comercial perde mais uma pelo Campeonato Paulista da S\u00e9rie A2","author":"ismaelcolosi.com.br","date":"10 de March de 2024","format":false,"excerpt":"J\u00e1 rebaixado, o Comercial foi derrotado pelo Taubat\u00e9 por 2 a 1 na manh\u00e3 deste domingo (10). A partida realizada no est\u00e1dio Joaquim de Morais Filho, no Vale do Para\u00edba, foi v\u00e1lida pela 14\u00aa rodada do Campeonato Paulista da S\u00e9rie A2. Os donos da casa abriram o placar com Yamada\u2026","rel":"","context":"In &quot;Not\u00edcias de Ribeir\u00e3o Preto-SP e Regi\u00e3o&quot;","block_context":{"text":"Not\u00edcias de Ribeir\u00e3o Preto-SP e Regi\u00e3o","link":"https:\/\/ismaelcolosi.com.br\/index.php\/category\/noticias-de-ribeirao-preto-sp-e-regiao-ismael-colosi\/"},"img":{"alt_text":"","src":"https:\/\/i0.wp.com\/ismaelcolosi.com.br\/wp-content\/uploads\/2024\/03\/AnyConv.com__taubate-comercial.webp.webp?fit=1200%2C800&ssl=1&resize=350%2C200","width":350,"height":200,"srcset":"https:\/\/i0.wp.com\/ismaelcolosi.com.br\/wp-content\/uploads\/2024\/03\/AnyConv.com__taubate-comercial.webp.webp?fit=1200%2C800&ssl=1&resize=350%2C200 1x, https:\/\/i0.wp.com\/ismaelcolosi.com.br\/wp-content\/uploads\/2024\/03\/AnyConv.com__taubate-comercial.webp.webp?fit=1200%2C800&ssl=1&resize=525%2C300 1.5x, https:\/\/i0.wp.com\/ismaelcolosi.com.br\/wp-content\/uploads\/2024\/03\/AnyConv.com__taubate-comercial.webp.webp?fit=1200%2C800&ssl=1&resize=700%2C400 2x, https:\/\/i0.wp.com\/ismaelcolosi.com.br\/wp-content\/uploads\/2024\/03\/AnyConv.com__taubate-comercial.webp.webp?fit=1200%2C800&ssl=1&resize=1050%2C600 3x"},"classes":[]},{"id":40414,"url":"https:\/\/ismaelcolosi.com.br\/index.php\/2024\/03\/03\/comercial-perde-de-goleada-e-segue-na-lanterna-da-a2-do-campeonato-paulista\/","url_meta":{"origin":41395,"position":3},"title":"Comercial perde de goleada e segue na lanterna da A2 do Campeonato Paulista","author":"ismaelcolosi.com.br","date":"3 de March de 2024","format":false,"excerpt":"O Comercial continua sem vencer uma partida na S\u00e9rie A2 do Campeonato Paulista. Em jogo realizado na manh\u00e3 deste domingo (3), no est\u00e1dio Palma Travassos em Ribeir\u00e3o Preto, o Le\u00e3o do Norte perdeu de 4 a 1 para o XV de Piracicaba. No primeiro tempo, o Bafo foi massacrado pelo\u2026","rel":"","context":"In &quot;Not\u00edcias de Ribeir\u00e3o Preto-SP e Regi\u00e3o&quot;","block_context":{"text":"Not\u00edcias de Ribeir\u00e3o Preto-SP e Regi\u00e3o","link":"https:\/\/ismaelcolosi.com.br\/index.php\/category\/noticias-de-ribeirao-preto-sp-e-regiao-ismael-colosi\/"},"img":{"alt_text":"","src":"https:\/\/i0.wp.com\/ismaelcolosi.com.br\/wp-content\/uploads\/2024\/03\/WhatsApp-Image-2024-03-03-at-12.30.20-1-scaled.jpeg?fit=1200%2C800&ssl=1&resize=350%2C200","width":350,"height":200,"srcset":"https:\/\/i0.wp.com\/ismaelcolosi.com.br\/wp-content\/uploads\/2024\/03\/WhatsApp-Image-2024-03-03-at-12.30.20-1-scaled.jpeg?fit=1200%2C800&ssl=1&resize=350%2C200 1x, https:\/\/i0.wp.com\/ismaelcolosi.com.br\/wp-content\/uploads\/2024\/03\/WhatsApp-Image-2024-03-03-at-12.30.20-1-scaled.jpeg?fit=1200%2C800&ssl=1&resize=525%2C300 1.5x, https:\/\/i0.wp.com\/ismaelcolosi.com.br\/wp-content\/uploads\/2024\/03\/WhatsApp-Image-2024-03-03-at-12.30.20-1-scaled.jpeg?fit=1200%2C800&ssl=1&resize=700%2C400 2x, https:\/\/i0.wp.com\/ismaelcolosi.com.br\/wp-content\/uploads\/2024\/03\/WhatsApp-Image-2024-03-03-at-12.30.20-1-scaled.jpeg?fit=1200%2C800&ssl=1&resize=1050%2C600 3x"},"classes":[]},{"id":41284,"url":"https:\/\/ismaelcolosi.com.br\/index.php\/2024\/03\/07\/comercial-recebe-o-juventus-tentando-sobrevivencia-na-serie-a2\/","url_meta":{"origin":41395,"position":4},"title":"Comercial recebe o Juventus tentando sobreviv\u00eancia na S\u00e9rie A2\u00a0\u00a0","author":"ismaelcolosi.com.br","date":"7 de March de 2024","format":false,"excerpt":"Em situa\u00e7\u00e3o bastante delicada na S\u00e9rie A2, o Comercial tem mais uma chance de se reerguer na competi\u00e7\u00e3o. O Le\u00e3o do Norte volta a campo nesta quinta-feira diante do Juventus. A partida come\u00e7a \u00e0s 20h e ser\u00e1 disputada no est\u00e1dio Santa Cruz, casa do arquirrival. A partida n\u00e3o acontece no\u2026","rel":"","context":"In &quot;Not\u00edcias de Ribeir\u00e3o Preto-SP e Regi\u00e3o&quot;","block_context":{"text":"Not\u00edcias de Ribeir\u00e3o Preto-SP e Regi\u00e3o","link":"https:\/\/ismaelcolosi.com.br\/index.php\/category\/noticias-de-ribeirao-preto-sp-e-regiao-ismael-colosi\/"},"img":{"alt_text":"","src":"https:\/\/i0.wp.com\/ismaelcolosi.com.br\/wp-content\/uploads\/2024\/03\/Comercial-11-scaled.jpg?fit=967%2C645&ssl=1&resize=350%2C200","width":350,"height":200,"srcset":"https:\/\/i0.wp.com\/ismaelcolosi.com.br\/wp-content\/uploads\/2024\/03\/Comercial-11-scaled.jpg?fit=967%2C645&ssl=1&resize=350%2C200 1x, https:\/\/i0.wp.com\/ismaelcolosi.com.br\/wp-content\/uploads\/2024\/03\/Comercial-11-scaled.jpg?fit=967%2C645&ssl=1&resize=525%2C300 1.5x, https:\/\/i0.wp.com\/ismaelcolosi.com.br\/wp-content\/uploads\/2024\/03\/Comercial-11-scaled.jpg?fit=967%2C645&ssl=1&resize=700%2C400 2x"},"classes":[]},{"id":33252,"url":"https:\/\/ismaelcolosi.com.br\/index.php\/2024\/01\/28\/comercial-fica-no-empate-em-casa\/","url_meta":{"origin":41395,"position":5},"title":"Comercial fica no empate em casa","author":"ismaelcolosi.com.br","date":"28 de January de 2024","format":false,"excerpt":"28 de janeiro de 2024 | 18:40 0N\u00e3o foi dessa vez que a torcida comercialina pode comemorar a primeira vit\u00f3ria no Campeonato Paulista da S\u00e9rie A2. Jogando em casa, no est\u00e1dio Palma Travassos, o Le\u00e3o do Norte recebeu a Ferrovi\u00e1ria e ficou no empate por 1 a 1. Essa foi\u2026","rel":"","context":"In &quot;Not\u00edcias de Ribeir\u00e3o Preto-SP e Regi\u00e3o&quot;","block_context":{"text":"Not\u00edcias de Ribeir\u00e3o Preto-SP e Regi\u00e3o","link":"https:\/\/ismaelcolosi.com.br\/index.php\/category\/noticias-de-ribeirao-preto-sp-e-regiao-ismael-colosi\/"},"img":{"alt_text":"","src":"https:\/\/i0.wp.com\/ismaelcolosi.com.br\/wp-content\/uploads\/2024\/01\/comercial-1-scaled.jpeg?fit=967%2C645&ssl=1&resize=350%2C200","width":350,"height":200,"srcset":"https:\/\/i0.wp.com\/ismaelcolosi.com.br\/wp-content\/uploads\/2024\/01\/comercial-1-scaled.jpeg?fit=967%2C645&ssl=1&resize=350%2C200 1x, https:\/\/i0.wp.com\/ismaelcolosi.com.br\/wp-content\/uploads\/2024\/01\/comercial-1-scaled.jpeg?fit=967%2C645&ssl=1&resize=525%2C300 1.5x, https:\/\/i0.wp.com\/ismaelcolosi.com.br\/wp-content\/uploads\/2024\/01\/comercial-1-scaled.jpeg?fit=967%2C645&ssl=1&resize=700%2C400 2x"},"classes":[]}],"jetpack_sharing_enabled":true,"jetpack_shortlink":"https:\/\/wp.me\/pfMlyK-aLF","_links":{"self":[{"href":"https:\/\/ismaelcolosi.com.br\/index.php\/wp-json\/wp\/v2\/posts\/41395","targetHints":{"allow":["GET"]}}],"collection":[{"href":"https:\/\/ismaelcolosi.com.br\/index.php\/wp-json\/wp\/v2\/posts"}],"about":[{"href":"https:\/\/ismaelcolosi.com.br\/index.php\/wp-json\/wp\/v2\/types\/post"}],"author":[{"embeddable":true,"href":"https:\/\/ismaelcolosi.com.br\/index.php\/wp-json\/wp\/v2\/users\/1"}],"replies":[{"embeddable":true,"href":"https:\/\/ismaelcolosi.com.br\/index.php\/wp-json\/wp\/v2\/comments?post=41395"}],"version-history":[{"count":0,"href":"https:\/\/ismaelcolosi.com.br\/index.php\/wp-json\/wp\/v2\/posts\/41395\/revisions"}],"wp:featuredmedia":[{"embeddable":true,"href":"https:\/\/ismaelcolosi.com.br\/index.php\/wp-json\/wp\/v2\/media\/41396"}],"wp:attachment":[{"href":"https:\/\/ismaelcolosi.com.br\/index.php\/wp-json\/wp\/v2\/media?parent=41395"}],"wp:term":[{"taxonomy":"category","embeddable":true,"href":"https:\/\/ismaelcolosi.com.br\/index.php\/wp-json\/wp\/v2\/categories?post=41395"},{"taxonomy":"post_tag","embeddable":true,"href":"https:\/\/ismaelcolosi.com.br\/index.php\/wp-json\/wp\/v2\/tags?post=41395"}],"curies":[{"name":"wp","href":"https:\/\/api.w.org\/{rel}","templated":true}]}}