{"id":41390,"date":"2024-03-07T22:01:17","date_gmt":"2024-03-08T01:01:17","guid":{"rendered":"https:\/\/ismaelcolosi.com.br\/index.php\/2024\/03\/07\/veja-quais-regioes-serao-afetadas-por-uma-nova-onda-de-calor-no-brasil\/"},"modified":"2024-03-07T22:01:17","modified_gmt":"2024-03-08T01:01:17","slug":"veja-quais-regioes-serao-afetadas-por-uma-nova-onda-de-calor-no-brasil","status":"publish","type":"post","link":"https:\/\/ismaelcolosi.com.br\/index.php\/2024\/03\/07\/veja-quais-regioes-serao-afetadas-por-uma-nova-onda-de-calor-no-brasil\/","title":{"rendered":"Veja quais regi\u00f5es ser\u00e3o afetadas por uma nova onda de calor no Brasil"},"content":{"rendered":"<p> <br \/>\n<\/p>\n<div>\n<p>Uma <strong>nova onda de calor<\/strong> deve atingir diversas <strong>regi\u00f5es do pa\u00eds<\/strong> nessa reta final do ver\u00e3o, segundo a plataforma <strong><a href=\"https:\/\/www.climatempo.com.br\/noticia\/2024\/03\/07\/calor-intenso-marca-os-ultimos-dias-donverao-4383\" target=\"_blank\" rel=\"noreferrer noopener\">Climatempo<\/a><\/strong>.<\/p>\n<p>De acordo com a meteorologia, essa ocorr\u00eancia clim\u00e1tica deve trazer a perspectiva de um <strong>aumento significativo nas temperaturas<\/strong>. <mark style=\"background-color:#fcb900\" class=\"has-inline-color\">Em alguns locais, a previs\u00e3o \u00e9 <strong>5\u00baC acima da m\u00e9dia registrada<\/strong>.<\/mark><\/p>\n<figure class=\"wp-block-pullquote\">\n<blockquote>\n<p>A expectativa \u00e9 de que os term\u00f4metros se elevem, dando in\u00edcio a uma sequ\u00eancia de dias escaldantes que afetar\u00e3o n\u00e3o apenas o Clima, mas tamb\u00e9m as atividades di\u00e1rias dos brasileiros<\/p>\n<p><cite>Climatempo<\/cite><\/p><\/blockquote>\n<\/figure>\n<h2 class=\"wp-block-heading\"><strong>Quais ser\u00e3o as regi\u00f5es afetadas?<\/strong><\/h2>\n<p>O <strong>ar quente<\/strong> ganha for\u00e7a na regi\u00e3o do <strong>Chaco Paraguaio<\/strong> e <strong>norte da Argentina<\/strong> ao longo desta semana. Com isso, uma \u00e1rea de alta press\u00e3o nos n\u00edveis m\u00e9dios da atmosfera <strong>favorece a manuten\u00e7\u00e3o do ar quente<\/strong> sobre a regi\u00e3o.<\/p>\n<p>Esse sistema vai desfavorecer a forma\u00e7\u00e3o de nuvens carregadas, mantendo o <strong>ar seco<\/strong> e em <strong>gradual aquecimento<\/strong>. A <strong>nova onda de calor<\/strong> deve acontecer entre <strong>segunda (11)<\/strong> e <strong>sexta-feira (15)<\/strong>. <\/p>\n<p>Segundo a <strong>Climatempo<\/strong>, esse ar quente e seco <strong><mark style=\"background-color:#fcb900\" class=\"has-inline-color\">vai se expandir para a regi\u00e3o Sul do pa\u00eds, Mato Grosso do Sul, Sul do Mato Grosso, Tri\u00e2ngulo Mineiro e interior de S\u00e3o Paulo<\/mark><\/strong>, regi\u00f5es que ter\u00e3o calor intenso.<\/p>\n<p>As <strong><mark style=\"background-color:#fcb900\" class=\"has-inline-color\">maiores temperaturas<\/mark><\/strong> dever\u00e3o ocorrer no <strong>Oeste da regi\u00e3o Sul<\/strong>, no <strong>Sudoeste do Mato Grosso do Sul<\/strong> e no <strong>Oeste de S\u00e3o Paulo<\/strong>.<\/p>\n<h2 class=\"wp-block-heading\"><strong>Como fica o clima em Ribeir\u00e3o Preto?<\/strong><\/h2>\n<p>A<strong> Organiza\u00e7\u00e3o Meteorol\u00f3gica Mundial<\/strong> considera uma <strong>onda de calor<\/strong> quando as <strong>temperaturas permanecem 5\u202f\u00b0C acima da m\u00e9dia durante 5 dias consecutivos<\/strong>. <mark style=\"background-color:#fcb900\" class=\"has-inline-color\">Por\u00e9m, <strong>Ribeir\u00e3o Preto<\/strong> n\u00e3o deve registrar esse aumento.<\/mark><\/p>\n<p>A partir de <strong>segunda-feira (11)<\/strong>, a temperatura na cidade deve ficar <strong><em><mark style=\"background-color:#fcb900\" class=\"has-inline-color\">entre 3\u202f\u00b0C e 5\u202f\u00b0C acima da m\u00e9dia<\/mark><\/em><\/strong>, exibindo <strong>caracter\u00edsticas de uma onda de calor<\/strong>, mas <strong>sem atingir os crit\u00e9rios definidos<\/strong> para ser considerada como tal, segundo explica\u00e7\u00e3o da <strong>Climatempo<\/strong>.<\/p>\n<h2 class=\"wp-block-heading\"><strong>Previs\u00e3o do tempo em Ribeir\u00e3o Preto para 10 dias<\/strong><\/h2>\n<ul>\n<li><strong>Sexta-feira (8)<\/strong> \u2013 Sol e aumento de nuvens com previs\u00e3o de pancadas de chuva \u00e0 tarde \u00e0 noite. M\u00ednima de 22\u00baC e m\u00e1xima de 31\u00baC;<\/li>\n<\/ul>\n<ul>\n<li><strong>S\u00e1bado (9)<\/strong> \u2013 Sol e aumento de nuvens com previs\u00e3o de pancadas de chuva \u00e0 tarde \u00e0 noite. M\u00ednima de 23\u00baC e m\u00e1xima de 32\u00baC;<\/li>\n<\/ul>\n<ul>\n<li><strong>Domingo (10)<\/strong> \u2013 Sol e aumento de nuvens com previs\u00e3o de pancadas de chuva \u00e0 tarde \u00e0 noite. M\u00ednima de 23\u00baC e m\u00e1xima de 31\u00baC;<\/li>\n<\/ul>\n<ul>\n<li><strong>Segunda-feira (11)<\/strong> \u2013 Sol e aumento de nuvens com previs\u00e3o de pancadas de chuva \u00e0 tarde \u00e0 noite. M\u00ednima de 23\u00baC e m\u00e1xima de 32\u00baC;<\/li>\n<\/ul>\n<ul>\n<li><strong>Ter\u00e7a-feira (12)<\/strong> \u2013 Sol e aumento de nuvens com previs\u00e3o de pancadas de chuva \u00e0 tarde \u00e0 noite. M\u00ednima de 21\u00baC e m\u00e1xima de 34\u00baC;<\/li>\n<\/ul>\n<ul>\n<li><strong>Quarta-feira (13)<\/strong> \u2013 Sol com nuvens. N\u00e3o chove. M\u00ednima de 23\u00baC e m\u00e1xima de 33\u00baC;<\/li>\n<\/ul>\n<ul>\n<li><strong>Quinta-feira (14)<\/strong> \u2013 Sol e aumento de nuvens com previs\u00e3o de pancadas de chuva \u00e0 tarde \u00e0 noite. M\u00ednima de 22\u00baC e m\u00e1xima de 38\u00baC;<\/li>\n<\/ul>\n<ul>\n<li><strong>Sexta-feira (15)<\/strong> \u2013 Sol com nuvens. N\u00e3o chove. M\u00ednima de 22\u00baC e m\u00e1xima de 37\u00baC;<\/li>\n<\/ul>\n<ul>\n<li><strong>S\u00e1bado (16)<\/strong> \u2013 Sol com nuvens. N\u00e3o chove. M\u00ednima de 21\u00baC e m\u00e1xima de 36\u00baC;<\/li>\n<\/ul>\n<ul>\n<li><strong>Domingo (17)<\/strong> \u2013 Sol com nuvens. N\u00e3o chove. M\u00ednima de 21\u00baC e m\u00e1xima de 36\u00baC.<\/li>\n<\/ul>\n<hr class=\"wp-block-separator has-alpha-channel-opacity\"\/>\n<h4 class=\"wp-block-heading\">SAIBA MAIS<\/h4>\n<p>GCM recupera caminhonete de luxo em \u00e1rea rural de Ribeir\u00e3o Preto<\/p>\n<h3 class=\"wp-block-heading\"><strong><mark style=\"background-color:#fcb900\" class=\"has-inline-color\">FIQUE ON<\/mark><\/strong><\/h3>\n<p>Fique ligado em tudo que acontece em Ribeir\u00e3o Preto e regi\u00e3o. Siga os perfis do\u00a0<strong>acidade on\u00a0<\/strong>no<a href=\"https:\/\/www.instagram.com\/acidadeonribeirao\" target=\"_blank\" rel=\"noreferrer noopener\">\u00a0Instagram<\/a>\u00a0e no<a href=\"https:\/\/www.facebook.com\/acidadeonribeirao\" target=\"_blank\" rel=\"noreferrer noopener\">\u00a0Facebook<\/a>.<\/p>\n<p>Receba not\u00edcias do\u00a0<strong>acidade on\u00a0<\/strong>no WhatsApp.\u00a0<a href=\"https:\/\/chat.whatsapp.com\/Bnv2w66ZT4VDyZW3oiZ69n\" target=\"_blank\" rel=\"noreferrer noopener\">Para entrar no grupo, basta clicar aqui.<\/a><\/p>\n<p>Fa\u00e7a uma den\u00fancia ou sugira uma reportagem sobre Ribeir\u00e3o Preto e regi\u00e3o pelo WhatsApp: 16 99117 7802.<\/p>\n<h4 class=\"wp-block-heading\">VEJA TAMB\u00c9M<\/h4>\n<p>TikTok libera a fun\u00e7\u00e3o Adicionar a App de M\u00fasica para o Brasil<\/p>\n<p><!-- AI CONTENT END 1 -->\n<\/div>\n<p><script async src=\"\/\/www.instagram.com\/embed.js\"><\/script><br \/>\n<br \/><br \/>\n<br \/><a href=\"https:\/\/www.acidadeon.com\/ribeiraopreto\/cotidiano\/veja-quais-regioes-serao-afetadas-por-uma-nova-onda-de-calor-no-brasil\/\">Source link <\/a><\/p>\n<div class='code-block code-block-4' style='margin: 8px auto 8px 0; text-align: left; display: block; clear: both;'>\n\ud83d\udce2 Aviso Legal\n\nO site ismaelcolosi.com.br atua apenas como um canal de divulga\u00e7\u00e3o de oportunidades de emprego e n\u00e3o se responsabiliza pelo processo seletivo, contrata\u00e7\u00e3o ou qualquer outra etapa relacionada \u00e0s vagas publicadas. Todas as informa\u00e7\u00f5es s\u00e3o de responsabilidade dos anunciantes.\n\n\u26a0\ufe0f Aten\u00e7\u00e3o! Nunca pague por promessas de emprego nem compre cursos que garantam contrata\u00e7\u00e3o. Desconfie de qualquer cobran\u00e7a para participar de sele\u00e7\u00f5es.\n\n\n\n<\/div>\n<!-- CONTENT END 1 -->\n","protected":false},"excerpt":{"rendered":"<p>Uma nova onda de calor deve atingir diversas regi\u00f5es do pa\u00eds nessa reta final do ver\u00e3o, segundo a plataforma Climatempo. De acordo com a meteorologia,&#8230;<\/p>\n","protected":false},"author":1,"featured_media":41391,"comment_status":"open","ping_status":"open","sticky":false,"template":"","format":"standard","meta":{"_uag_custom_page_level_css":"","advanced_seo_description":"","jetpack_seo_html_title":"","jetpack_seo_noindex":false,"jetpack_post_was_ever_published":false,"_jetpack_newsletter_access":"","_jetpack_dont_email_post_to_subs":false,"_jetpack_newsletter_tier_id":0,"_jetpack_memberships_contains_paywalled_content":false,"_jetpack_memberships_contains_paid_content":false,"footnotes":"","jetpack_publicize_message":"","jetpack_publicize_feature_enabled":true,"jetpack_social_post_already_shared":true,"jetpack_social_options":{"image_generator_settings":{"template":"highway","default_image_id":0,"font":"","enabled":false},"version":2}},"categories":[11],"tags":[],"class_list":["post-41390","post","type-post","status-publish","format-standard","has-post-thumbnail","hentry","category-noticias-de-ribeirao-preto-sp-e-regiao-ismael-colosi"],"jetpack_publicize_connections":[],"jetpack_featured_media_url":"https:\/\/i0.wp.com\/ismaelcolosi.com.br\/wp-content\/uploads\/2024\/03\/ribeirao_preto_1024x576_13032021005744.jpg?fit=1024%2C576&ssl=1","uagb_featured_image_src":{"full":["https:\/\/i0.wp.com\/ismaelcolosi.com.br\/wp-content\/uploads\/2024\/03\/ribeirao_preto_1024x576_13032021005744.jpg?fit=1024%2C576&ssl=1",1024,576,false],"thumbnail":["https:\/\/i0.wp.com\/ismaelcolosi.com.br\/wp-content\/uploads\/2024\/03\/ribeirao_preto_1024x576_13032021005744.jpg?resize=150%2C150&ssl=1",150,150,true],"medium":["https:\/\/i0.wp.com\/ismaelcolosi.com.br\/wp-content\/uploads\/2024\/03\/ribeirao_preto_1024x576_13032021005744.jpg?fit=300%2C169&ssl=1",300,169,true],"medium_large":["https:\/\/i0.wp.com\/ismaelcolosi.com.br\/wp-content\/uploads\/2024\/03\/ribeirao_preto_1024x576_13032021005744.jpg?fit=768%2C432&ssl=1",768,432,true],"large":["https:\/\/i0.wp.com\/ismaelcolosi.com.br\/wp-content\/uploads\/2024\/03\/ribeirao_preto_1024x576_13032021005744.jpg?fit=1024%2C576&ssl=1",1024,576,true],"1536x1536":["https:\/\/i0.wp.com\/ismaelcolosi.com.br\/wp-content\/uploads\/2024\/03\/ribeirao_preto_1024x576_13032021005744.jpg?fit=1024%2C576&ssl=1",1024,576,true],"2048x2048":["https:\/\/i0.wp.com\/ismaelcolosi.com.br\/wp-content\/uploads\/2024\/03\/ribeirao_preto_1024x576_13032021005744.jpg?fit=1024%2C576&ssl=1",1024,576,true],"really-simple-thumb":["https:\/\/i0.wp.com\/ismaelcolosi.com.br\/wp-content\/uploads\/2024\/03\/ribeirao_preto_1024x576_13032021005744.jpg?resize=370%2C247&ssl=1",370,247,true]},"uagb_author_info":{"display_name":"ismaelcolosi.com.br","author_link":"https:\/\/ismaelcolosi.com.br\/index.php\/author\/vidareal-online\/"},"uagb_comment_info":0,"uagb_excerpt":"Uma nova onda de calor deve atingir diversas regi\u00f5es do pa\u00eds nessa reta final do ver\u00e3o, segundo a plataforma Climatempo. De acordo com a meteorologia,...","jetpack-related-posts":[{"id":62861,"url":"https:\/\/ismaelcolosi.com.br\/index.php\/2024\/08\/29\/alerta-para-onda-de-calor-e-emitido-no-interior-de-sp-veja-regioes-afetadas\/","url_meta":{"origin":41390,"position":0},"title":"Alerta para onda de calor \u00e9 emitido no interior de SP; Veja regi\u00f5es afetadas","author":"ismaelcolosi.com.br","date":"29 de August de 2024","format":false,"excerpt":"Uma nova onda de calor est\u00e1 prevista para atingir o interior de S\u00e3o Paulo a partir de segunda-feira (2), de acordo com o meteorologista. Conforme a Climatempo, uma massa de ar quente e seco vai se estabelecer sobre o Brasil no decorrer da primeira semana de setembro e ser\u00e1 respons\u00e1vel\u2026","rel":"","context":"In &quot;Not\u00edcias de Ribeir\u00e3o Preto-SP e Regi\u00e3o&quot;","block_context":{"text":"Not\u00edcias de Ribeir\u00e3o Preto-SP e Regi\u00e3o","link":"https:\/\/ismaelcolosi.com.br\/index.php\/category\/noticias-de-ribeirao-preto-sp-e-regiao-ismael-colosi\/"},"img":{"alt_text":"","src":"https:\/\/i0.wp.com\/ismaelcolosi.com.br\/wp-content\/uploads\/2024\/08\/1724957615_ribeirao_preto_1024x576_13032021005744.jpg?fit=1024%2C576&ssl=1&resize=350%2C200","width":350,"height":200,"srcset":"https:\/\/i0.wp.com\/ismaelcolosi.com.br\/wp-content\/uploads\/2024\/08\/1724957615_ribeirao_preto_1024x576_13032021005744.jpg?fit=1024%2C576&ssl=1&resize=350%2C200 1x, https:\/\/i0.wp.com\/ismaelcolosi.com.br\/wp-content\/uploads\/2024\/08\/1724957615_ribeirao_preto_1024x576_13032021005744.jpg?fit=1024%2C576&ssl=1&resize=525%2C300 1.5x, https:\/\/i0.wp.com\/ismaelcolosi.com.br\/wp-content\/uploads\/2024\/08\/1724957615_ribeirao_preto_1024x576_13032021005744.jpg?fit=1024%2C576&ssl=1&resize=700%2C400 2x"},"classes":[]},{"id":63563,"url":"https:\/\/ismaelcolosi.com.br\/index.php\/2024\/09\/02\/interior-de-sp-tem-dois-novos-alertas-de-perigo-potencial-veja-regioes-afetadas\/","url_meta":{"origin":41390,"position":1},"title":"Interior de SP tem dois novos alertas de perigo potencial; Veja regi\u00f5es afetadas","author":"ismaelcolosi.com.br","date":"2 de September de 2024","format":false,"excerpt":"O Instituto Nacional de Meteorologia (Inmet) emitiu dois novos alertas de perigo potencial para o interior de S\u00e3o Paulo, nesta segunda-feira (2). Um \u00e9 para onda de calor e o outro para baixa umidade do ar. De acordo com a Climatempo, o tempo seco e com temperaturas acima da m\u00e9dia\u2026","rel":"","context":"In &quot;Not\u00edcias de Ribeir\u00e3o Preto-SP e Regi\u00e3o&quot;","block_context":{"text":"Not\u00edcias de Ribeir\u00e3o Preto-SP e Regi\u00e3o","link":"https:\/\/ismaelcolosi.com.br\/index.php\/category\/noticias-de-ribeirao-preto-sp-e-regiao-ismael-colosi\/"},"img":{"alt_text":"","src":"https:\/\/i0.wp.com\/ismaelcolosi.com.br\/wp-content\/uploads\/2024\/09\/mulher-mais-velha-lutando-com-alta-temperatura-scaled.jpg?fit=1200%2C800&ssl=1&resize=350%2C200","width":350,"height":200,"srcset":"https:\/\/i0.wp.com\/ismaelcolosi.com.br\/wp-content\/uploads\/2024\/09\/mulher-mais-velha-lutando-com-alta-temperatura-scaled.jpg?fit=1200%2C800&ssl=1&resize=350%2C200 1x, https:\/\/i0.wp.com\/ismaelcolosi.com.br\/wp-content\/uploads\/2024\/09\/mulher-mais-velha-lutando-com-alta-temperatura-scaled.jpg?fit=1200%2C800&ssl=1&resize=525%2C300 1.5x, https:\/\/i0.wp.com\/ismaelcolosi.com.br\/wp-content\/uploads\/2024\/09\/mulher-mais-velha-lutando-com-alta-temperatura-scaled.jpg?fit=1200%2C800&ssl=1&resize=700%2C400 2x, https:\/\/i0.wp.com\/ismaelcolosi.com.br\/wp-content\/uploads\/2024\/09\/mulher-mais-velha-lutando-com-alta-temperatura-scaled.jpg?fit=1200%2C800&ssl=1&resize=1050%2C600 3x"},"classes":[]},{"id":48107,"url":"https:\/\/ismaelcolosi.com.br\/index.php\/2024\/04\/30\/mais-cidades-sao-incluidas-no-alerta-para-ondas-de-calor-no-interior-de-sp-veja-regioes-afetadas\/","url_meta":{"origin":41390,"position":2},"title":"Mais cidades s\u00e3o inclu\u00eddas no alerta para ondas de calor no interior de SP; Veja regi\u00f5es afetadas","author":"ismaelcolosi.com.br","date":"30 de April de 2024","format":false,"excerpt":"O calor\u00e3o que atinge o estado de S\u00e3o Paulo e outras regi\u00f5es do Brasil n\u00e3o deve ir embora at\u00e9 pelo menos o dia 10 de maio, de acordo com a Climatempo. Essa onda de calor afeta o estado desde o dia 22 de abril. Nesta ter\u00e7a-feira (30), o Instituto Nacional\u2026","rel":"","context":"In &quot;Not\u00edcias de Ribeir\u00e3o Preto-SP e Regi\u00e3o&quot;","block_context":{"text":"Not\u00edcias de Ribeir\u00e3o Preto-SP e Regi\u00e3o","link":"https:\/\/ismaelcolosi.com.br\/index.php\/category\/noticias-de-ribeirao-preto-sp-e-regiao-ismael-colosi\/"},"img":{"alt_text":"","src":"https:\/\/i0.wp.com\/ismaelcolosi.com.br\/wp-content\/uploads\/2024\/04\/20230824_153104-1.jpg?fit=1200%2C823&ssl=1&resize=350%2C200","width":350,"height":200,"srcset":"https:\/\/i0.wp.com\/ismaelcolosi.com.br\/wp-content\/uploads\/2024\/04\/20230824_153104-1.jpg?fit=1200%2C823&ssl=1&resize=350%2C200 1x, https:\/\/i0.wp.com\/ismaelcolosi.com.br\/wp-content\/uploads\/2024\/04\/20230824_153104-1.jpg?fit=1200%2C823&ssl=1&resize=525%2C300 1.5x, https:\/\/i0.wp.com\/ismaelcolosi.com.br\/wp-content\/uploads\/2024\/04\/20230824_153104-1.jpg?fit=1200%2C823&ssl=1&resize=700%2C400 2x, https:\/\/i0.wp.com\/ismaelcolosi.com.br\/wp-content\/uploads\/2024\/04\/20230824_153104-1.jpg?fit=1200%2C823&ssl=1&resize=1050%2C600 3x"},"classes":[]},{"id":47945,"url":"https:\/\/ismaelcolosi.com.br\/index.php\/2024\/04\/29\/alerta-de-temperaturas-acima-da-media-e-emitido-para-o-interior-de-sp-veja-regioes-afetadas\/","url_meta":{"origin":41390,"position":3},"title":"Alerta de temperaturas acima da m\u00e9dia \u00e9 emitido para o interior de SP; Veja regi\u00f5es afetadas","author":"ismaelcolosi.com.br","date":"29 de April de 2024","format":false,"excerpt":"O Instituto Nacional de Meteorologia (Inmet) emitiu um alerta laranja para temperaturas acima da m\u00e9dia no interior do estado de S\u00e3o Paulo nos pr\u00f3ximos dias. Uma nova onda de calor afeta o estado desde a \u00faltima segunda-feira (22). Segundo a Climatempo, um sistema de alta press\u00e3o em m\u00e9dios n\u00edveis da\u2026","rel":"","context":"In &quot;Not\u00edcias de Ribeir\u00e3o Preto-SP e Regi\u00e3o&quot;","block_context":{"text":"Not\u00edcias de Ribeir\u00e3o Preto-SP e Regi\u00e3o","link":"https:\/\/ismaelcolosi.com.br\/index.php\/category\/noticias-de-ribeirao-preto-sp-e-regiao-ismael-colosi\/"},"img":{"alt_text":"","src":"https:\/\/i0.wp.com\/ismaelcolosi.com.br\/wp-content\/uploads\/2024\/04\/trbr5837.png?fit=1170%2C700&ssl=1&resize=350%2C200","width":350,"height":200,"srcset":"https:\/\/i0.wp.com\/ismaelcolosi.com.br\/wp-content\/uploads\/2024\/04\/trbr5837.png?fit=1170%2C700&ssl=1&resize=350%2C200 1x, https:\/\/i0.wp.com\/ismaelcolosi.com.br\/wp-content\/uploads\/2024\/04\/trbr5837.png?fit=1170%2C700&ssl=1&resize=525%2C300 1.5x, https:\/\/i0.wp.com\/ismaelcolosi.com.br\/wp-content\/uploads\/2024\/04\/trbr5837.png?fit=1170%2C700&ssl=1&resize=700%2C400 2x, https:\/\/i0.wp.com\/ismaelcolosi.com.br\/wp-content\/uploads\/2024\/04\/trbr5837.png?fit=1170%2C700&ssl=1&resize=1050%2C600 3x"},"classes":[]},{"id":67849,"url":"https:\/\/ismaelcolosi.com.br\/index.php\/2024\/09\/25\/alerta-de-grande-perigo-e-emitido-para-o-interior-de-sp-veja-regioes-afetadas\/","url_meta":{"origin":41390,"position":4},"title":"Alerta de grande perigo \u00e9 emitido para o interior de SP; Veja regi\u00f5es afetadas","author":"ismaelcolosi.com.br","date":"25 de September de 2024","format":false,"excerpt":"Com a aproxima\u00e7\u00e3o de uma nova frente fria, a onda de calor que afeta o interior de S\u00e3o Paulo ficar\u00e1 cada vez mais intensa devido \u00e0 condi\u00e7\u00e3o pr\u00e9-frontal. Com isso, o Instituto Nacional de Meteorologia (Inmet) emitiu um alerta vermelho de \u2018grande perigo\u2019 para diversas regi\u00f5es do estado \u2013 veja\u2026","rel":"","context":"In &quot;Not\u00edcias de Ribeir\u00e3o Preto-SP e Regi\u00e3o&quot;","block_context":{"text":"Not\u00edcias de Ribeir\u00e3o Preto-SP e Regi\u00e3o","link":"https:\/\/ismaelcolosi.com.br\/index.php\/category\/noticias-de-ribeirao-preto-sp-e-regiao-ismael-colosi\/"},"img":{"alt_text":"","src":"https:\/\/i0.wp.com\/ismaelcolosi.com.br\/wp-content\/uploads\/2024\/07\/WhatsApp-Image-2024-07-03-at-07.08.43_2024-07-03_10-10-21_jpeg_2024-07-03_10-10-21.webp.webp?fit=1200%2C1001&ssl=1&resize=350%2C200","width":350,"height":200,"srcset":"https:\/\/i0.wp.com\/ismaelcolosi.com.br\/wp-content\/uploads\/2024\/07\/WhatsApp-Image-2024-07-03-at-07.08.43_2024-07-03_10-10-21_jpeg_2024-07-03_10-10-21.webp.webp?fit=1200%2C1001&ssl=1&resize=350%2C200 1x, https:\/\/i0.wp.com\/ismaelcolosi.com.br\/wp-content\/uploads\/2024\/07\/WhatsApp-Image-2024-07-03-at-07.08.43_2024-07-03_10-10-21_jpeg_2024-07-03_10-10-21.webp.webp?fit=1200%2C1001&ssl=1&resize=525%2C300 1.5x, https:\/\/i0.wp.com\/ismaelcolosi.com.br\/wp-content\/uploads\/2024\/07\/WhatsApp-Image-2024-07-03-at-07.08.43_2024-07-03_10-10-21_jpeg_2024-07-03_10-10-21.webp.webp?fit=1200%2C1001&ssl=1&resize=700%2C400 2x, https:\/\/i0.wp.com\/ismaelcolosi.com.br\/wp-content\/uploads\/2024\/07\/WhatsApp-Image-2024-07-03-at-07.08.43_2024-07-03_10-10-21_jpeg_2024-07-03_10-10-21.webp.webp?fit=1200%2C1001&ssl=1&resize=1050%2C600 3x"},"classes":[]},{"id":68401,"url":"https:\/\/ismaelcolosi.com.br\/index.php\/2024\/09\/29\/interior-de-sp-tem-alerta-para-nova-onda-de-calor-veja-previsao\/","url_meta":{"origin":41390,"position":5},"title":"Interior de SP tem alerta para nova onda de calor; Veja previs\u00e3o","author":"ismaelcolosi.com.br","date":"29 de September de 2024","format":false,"excerpt":"O ar quente e seco volta a ganhar for\u00e7a no interior de S\u00e3o Paulo a partir deste domingo (29), dando in\u00edcio a oitava onda de calor na regi\u00e3o, de acordo com a Climatempo. Conforme a previs\u00e3o do servi\u00e7o de meteorologia, nos pr\u00f3ximos dias podemos esperar qualidade do ar comprometida, potencial\u2026","rel":"","context":"In &quot;Not\u00edcias de Ribeir\u00e3o Preto-SP e Regi\u00e3o&quot;","block_context":{"text":"Not\u00edcias de Ribeir\u00e3o Preto-SP e Regi\u00e3o","link":"https:\/\/ismaelcolosi.com.br\/index.php\/category\/noticias-de-ribeirao-preto-sp-e-regiao-ismael-colosi\/"},"img":{"alt_text":"","src":"https:\/\/i0.wp.com\/ismaelcolosi.com.br\/wp-content\/uploads\/2024\/09\/20230916_171444.jpg?fit=1200%2C716&ssl=1&resize=350%2C200","width":350,"height":200,"srcset":"https:\/\/i0.wp.com\/ismaelcolosi.com.br\/wp-content\/uploads\/2024\/09\/20230916_171444.jpg?fit=1200%2C716&ssl=1&resize=350%2C200 1x, https:\/\/i0.wp.com\/ismaelcolosi.com.br\/wp-content\/uploads\/2024\/09\/20230916_171444.jpg?fit=1200%2C716&ssl=1&resize=525%2C300 1.5x, https:\/\/i0.wp.com\/ismaelcolosi.com.br\/wp-content\/uploads\/2024\/09\/20230916_171444.jpg?fit=1200%2C716&ssl=1&resize=700%2C400 2x, https:\/\/i0.wp.com\/ismaelcolosi.com.br\/wp-content\/uploads\/2024\/09\/20230916_171444.jpg?fit=1200%2C716&ssl=1&resize=1050%2C600 3x"},"classes":[]}],"jetpack_sharing_enabled":true,"jetpack_shortlink":"https:\/\/wp.me\/pfMlyK-aLA","_links":{"self":[{"href":"https:\/\/ismaelcolosi.com.br\/index.php\/wp-json\/wp\/v2\/posts\/41390","targetHints":{"allow":["GET"]}}],"collection":[{"href":"https:\/\/ismaelcolosi.com.br\/index.php\/wp-json\/wp\/v2\/posts"}],"about":[{"href":"https:\/\/ismaelcolosi.com.br\/index.php\/wp-json\/wp\/v2\/types\/post"}],"author":[{"embeddable":true,"href":"https:\/\/ismaelcolosi.com.br\/index.php\/wp-json\/wp\/v2\/users\/1"}],"replies":[{"embeddable":true,"href":"https:\/\/ismaelcolosi.com.br\/index.php\/wp-json\/wp\/v2\/comments?post=41390"}],"version-history":[{"count":0,"href":"https:\/\/ismaelcolosi.com.br\/index.php\/wp-json\/wp\/v2\/posts\/41390\/revisions"}],"wp:featuredmedia":[{"embeddable":true,"href":"https:\/\/ismaelcolosi.com.br\/index.php\/wp-json\/wp\/v2\/media\/41391"}],"wp:attachment":[{"href":"https:\/\/ismaelcolosi.com.br\/index.php\/wp-json\/wp\/v2\/media?parent=41390"}],"wp:term":[{"taxonomy":"category","embeddable":true,"href":"https:\/\/ismaelcolosi.com.br\/index.php\/wp-json\/wp\/v2\/categories?post=41390"},{"taxonomy":"post_tag","embeddable":true,"href":"https:\/\/ismaelcolosi.com.br\/index.php\/wp-json\/wp\/v2\/tags?post=41390"}],"curies":[{"name":"wp","href":"https:\/\/api.w.org\/{rel}","templated":true}]}}