{"id":4138,"date":"2023-11-20T22:21:57","date_gmt":"2023-11-21T01:21:57","guid":{"rendered":"https:\/\/ismaelcolosi.com.br\/index.php\/2023\/11\/20\/ludmilla-faz-denuncia-ataques-racistas-nas-redes-sociais-no-dia-da-consciencia-negra-nao-vao-me-parar\/"},"modified":"2023-11-20T22:21:57","modified_gmt":"2023-11-21T01:21:57","slug":"ludmilla-faz-denuncia-ataques-racistas-nas-redes-sociais-no-dia-da-consciencia-negra-nao-vao-me-parar","status":"publish","type":"post","link":"https:\/\/ismaelcolosi.com.br\/index.php\/2023\/11\/20\/ludmilla-faz-denuncia-ataques-racistas-nas-redes-sociais-no-dia-da-consciencia-negra-nao-vao-me-parar\/","title":{"rendered":"Ludmilla faz denuncia ataques racistas nas redes sociais no dia da consci\u00eancia negra: &#8216;N\u00e3o v\u00e3o me parar&#8217;"},"content":{"rendered":"<p> <br \/>\n<\/p>\n<div itemprop=\"text\">\n<p>No dia 20 de novembro a data no calend\u00e1rio brasileiro \u00e9 marcada como o Dia da Consci\u00eancia Negra. Foi concebido em 1971 e oficialmente formalizado em 2003, sendo institu\u00eddo em 2011.<\/p>\n<p>A data \u00e9 em homenagem a Zumbi dos Palmares. O l\u00edder do Quilombo dos Palmares, morto nesta data, ele era e \u00e9 at\u00e9 os dias atuais s\u00edmbolo de resist\u00eancia contra a escravid\u00e3o no Brasil.<\/p><div class='code-block code-block-8' style='margin: 8px auto; text-align: center; display: block; clear: both;'>\n<script>\n  atOptions = {\n    'key' : '66e2e2111ca34da796271819fc334058',\n    'format' : 'iframe',\n    'height' : 250,\n    'width' : 300,\n    'params' : {}\n  };\n<\/script>\n<script src=\"https:\/\/www.highperformanceformat.com\/66e2e2111ca34da796271819fc334058\/invoke.js\"><\/script>\n<\/div>\n\n<p>A cantora Ludmilla postou em suas redes sociais sobre a data de hoje, mas n\u00e3o s\u00f3 em mem\u00f3ria da import\u00e2ncia da data. Ela vem sofrendo ataques racistas nos \u00faltimos dias.<\/p>\n<p><strong>\u201cMais um dia da Consci\u00eancia Negra no Brasil, mais um ano em que, na teoria, o m\u00eas de novembro faz com que o mundo nos olhe e ou\u00e7a mais. Acontece que, na pr\u00e1tica, veio \u00e0 tona, nos \u00faltimos dias, um recorte do racismo que sofro em minha rotina, principalmente depois que me tornei artista\u201d<\/strong>, diz um trecho.<\/p>\n<blockquote class=\"instagram-media\" style=\"background: #FFF; border: 0; border-radius: 3px; box-shadow: 0 0 1px 0 rgba(0,0,0,0.5),0 1px 10px 0 rgba(0,0,0,0.15); margin: 1px; max-width: 540px; min-width: 326px; padding: 0; width: calc(100% - 2px);\" data-instgrm-permalink=\"https:\/\/www.instagram.com\/p\/Cz4VB98x2HP\/?utm_source=ig_embed&amp;utm_campaign=loading\" data-instgrm-version=\"14\">\n<p>\u00a0<\/p>\n<p>Ver essa foto no Instagram<\/p>\n<p>\u00a0<\/p>\n<p style=\"color: #c9c8cd; font-family: Arial,sans-serif; font-size: 14px; line-height: 17px; margin-bottom: 0; margin-top: 8px; overflow: hidden; padding: 8px 0 7px; text-align: center; text-overflow: ellipsis; white-space: nowrap;\"><a style=\"color: #c9c8cd; font-family: Arial,sans-serif; font-size: 14px; font-style: normal; font-weight: normal; line-height: 17px; text-decoration: none;\" href=\"https:\/\/www.instagram.com\/p\/Cz4VB98x2HP\/?utm_source=ig_embed&amp;utm_campaign=loading\" target=\"_blank\" rel=\"noopener\">Uma publica\u00e7\u00e3o compartilhada por LUDMILLA (@ludmilla)<\/a><\/p>\n<\/blockquote>\n<p>Ela come\u00e7ou a ser v\u00edtima do crime ap\u00f3s ela e a cantora mexicana K\u00eania Os pararem de se seguir nas redes sociais e os ataques seriam supostamente dos f\u00e3s da cantora.<\/p>\n<p>Ela revelou que n\u00e3o ir\u00e1 se calar diante dos fatos e levar\u00e1 a situa\u00e7\u00e3o para a justi\u00e7a. Ela j\u00e1 acionou a equipe jur\u00eddica que est\u00e1 trabalhando na identifica\u00e7\u00e3o dos criminosos.<\/p>\n<p>Por fim, ela disse que se sente cansada dessa situa\u00e7\u00e3o, mas que isso n\u00e3o \u00e9 motivo para que ela recue. Com a ocasi\u00e3o, ela relembra que n\u00e3o h\u00e1 o que comemorar neste dia.<\/p>\n<\/div>\n<p><script async src=\"\/\/www.instagram.com\/embed.js\"><\/script><br \/>\n<br \/><br \/>\n<br \/><a href=\"https:\/\/fnmais.com\/ludmilla-faz-denuncia-ataques-racistas-nas-redes-sociais-no-dia-consciencia-negra-nao-vao-me-parar\/\">Source link <\/a><\/p>\n<div class='code-block code-block-4' style='margin: 8px auto 8px 0; text-align: left; display: block; clear: both;'>\n\ud83d\udce2 Aviso Legal\n\nO site ismaelcolosi.com.br atua apenas como um canal de divulga\u00e7\u00e3o de oportunidades de emprego e n\u00e3o se responsabiliza pelo processo seletivo, contrata\u00e7\u00e3o ou qualquer outra etapa relacionada \u00e0s vagas publicadas. Todas as informa\u00e7\u00f5es s\u00e3o de responsabilidade dos anunciantes.\n\n\u26a0\ufe0f Aten\u00e7\u00e3o! Nunca pague por promessas de emprego nem compre cursos que garantam contrata\u00e7\u00e3o. Desconfie de qualquer cobran\u00e7a para participar de sele\u00e7\u00f5es.\n\n\n<div data-type=\"_mgwidget\" data-widget-id=\"2000896\">\n<\/div>\n<script>(function(w,q){w[q]=w[q]||[];w[q].push([\"_mgc.load\"])})(window,\"_mgq\");\n<\/script>\n<\/div>\n<!-- CONTENT END 1 -->\n","protected":false},"excerpt":{"rendered":"<p>No dia 20 de novembro a data no calend\u00e1rio brasileiro \u00e9 marcada como o Dia da Consci\u00eancia Negra. Foi concebido em 1971 e oficialmente formalizado&#8230;<\/p>\n","protected":false},"author":1,"featured_media":4139,"comment_status":"open","ping_status":"open","sticky":false,"template":"","format":"standard","meta":{"_uag_custom_page_level_css":"","jetpack_post_was_ever_published":false,"_jetpack_newsletter_access":"","_jetpack_dont_email_post_to_subs":false,"_jetpack_newsletter_tier_id":0,"_jetpack_memberships_contains_paywalled_content":false,"_jetpack_memberships_contains_paid_content":false,"footnotes":"","jetpack_publicize_message":"","jetpack_publicize_feature_enabled":true,"jetpack_social_post_already_shared":true,"jetpack_social_options":{"image_generator_settings":{"template":"highway","default_image_id":0,"font":"","enabled":false},"version":2}},"categories":[1],"tags":[],"class_list":["post-4138","post","type-post","status-publish","format-standard","has-post-thumbnail","hentry","category-blog"],"aioseo_notices":[],"jetpack_publicize_connections":[],"jetpack_featured_media_url":"https:\/\/i0.wp.com\/ismaelcolosi.com.br\/wp-content\/uploads\/2023\/11\/postimg-655bfc6fc8aec9609.jpg?fit=1200%2C628&ssl=1","uagb_featured_image_src":{"full":["https:\/\/i0.wp.com\/ismaelcolosi.com.br\/wp-content\/uploads\/2023\/11\/postimg-655bfc6fc8aec9609.jpg?fit=1200%2C628&ssl=1",1200,628,false],"thumbnail":["https:\/\/i0.wp.com\/ismaelcolosi.com.br\/wp-content\/uploads\/2023\/11\/postimg-655bfc6fc8aec9609.jpg?resize=150%2C150&ssl=1",150,150,true],"medium":["https:\/\/i0.wp.com\/ismaelcolosi.com.br\/wp-content\/uploads\/2023\/11\/postimg-655bfc6fc8aec9609.jpg?fit=300%2C157&ssl=1",300,157,true],"medium_large":["https:\/\/i0.wp.com\/ismaelcolosi.com.br\/wp-content\/uploads\/2023\/11\/postimg-655bfc6fc8aec9609.jpg?fit=768%2C402&ssl=1",768,402,true],"large":["https:\/\/i0.wp.com\/ismaelcolosi.com.br\/wp-content\/uploads\/2023\/11\/postimg-655bfc6fc8aec9609.jpg?fit=1024%2C536&ssl=1",1024,536,true],"1536x1536":["https:\/\/i0.wp.com\/ismaelcolosi.com.br\/wp-content\/uploads\/2023\/11\/postimg-655bfc6fc8aec9609.jpg?fit=1200%2C628&ssl=1",1200,628,true],"2048x2048":["https:\/\/i0.wp.com\/ismaelcolosi.com.br\/wp-content\/uploads\/2023\/11\/postimg-655bfc6fc8aec9609.jpg?fit=1200%2C628&ssl=1",1200,628,true],"really-simple-thumb":["https:\/\/i0.wp.com\/ismaelcolosi.com.br\/wp-content\/uploads\/2023\/11\/postimg-655bfc6fc8aec9609.jpg?resize=370%2C247&ssl=1",370,247,true]},"uagb_author_info":{"display_name":"ismaelcolosi.com.br","author_link":"https:\/\/ismaelcolosi.com.br\/index.php\/author\/vidareal-online\/"},"uagb_comment_info":0,"uagb_excerpt":"No dia 20 de novembro a data no calend\u00e1rio brasileiro \u00e9 marcada como o Dia da Consci\u00eancia Negra. Foi concebido em 1971 e oficialmente formalizado...","jetpack-related-posts":[{"id":4558,"url":"https:\/\/ismaelcolosi.com.br\/index.php\/2023\/11\/21\/silvana-oliveira-mae-de-ludmilla-manda-recado-para-luana-piovani-apos-criticas-a-cantora\/","url_meta":{"origin":4138,"position":0},"title":"Silvana Oliveira, m\u00e3e de Ludmilla, manda recado para Luana Piovani ap\u00f3s cr\u00edticas \u00e0 cantora","author":"ismaelcolosi.com.br","date":"21 de November de 2023","format":false,"excerpt":"Mam\u00e3e le\u00e3o, Silvana Oliveira, m\u00e3e da cantora Ludmilla, ela est\u00e1 sempre se posicionando a favor da filha para defender a cantora das pol\u00eamicas envolvendo seu nome.Recentemente, no dia da consci\u00eancia negra, a cantora postou em suas redes sociais falando sobre os ataques racistas que vem recebendo de alguns perfis nas\u2026","rel":"","context":"In &quot;Blog&quot;","block_context":{"text":"Blog","link":"https:\/\/ismaelcolosi.com.br\/index.php\/category\/blog\/"},"img":{"alt_text":"","src":"https:\/\/i0.wp.com\/ismaelcolosi.com.br\/wp-content\/uploads\/2023\/11\/postimg-655d0a23a94d98118.jpg?fit=1200%2C658&ssl=1&resize=350%2C200","width":350,"height":200,"srcset":"https:\/\/i0.wp.com\/ismaelcolosi.com.br\/wp-content\/uploads\/2023\/11\/postimg-655d0a23a94d98118.jpg?fit=1200%2C658&ssl=1&resize=350%2C200 1x, https:\/\/i0.wp.com\/ismaelcolosi.com.br\/wp-content\/uploads\/2023\/11\/postimg-655d0a23a94d98118.jpg?fit=1200%2C658&ssl=1&resize=525%2C300 1.5x, https:\/\/i0.wp.com\/ismaelcolosi.com.br\/wp-content\/uploads\/2023\/11\/postimg-655d0a23a94d98118.jpg?fit=1200%2C658&ssl=1&resize=700%2C400 2x, https:\/\/i0.wp.com\/ismaelcolosi.com.br\/wp-content\/uploads\/2023\/11\/postimg-655d0a23a94d98118.jpg?fit=1200%2C658&ssl=1&resize=1050%2C600 3x"},"classes":[]},{"id":20104,"url":"https:\/\/ismaelcolosi.com.br\/index.php\/2023\/12\/24\/agora-e-oficial-brasil-tera-mais-um-feriado-nacional-em-2024\/","url_meta":{"origin":4138,"position":1},"title":"Agora \u00e9 oficial! Brasil ter\u00e1 mais um feriado nacional em 2024","author":"ismaelcolosi.com.br","date":"24 de December de 2023","format":false,"excerpt":"O Brasil pode ganhar mais um feriado nacional. O presidente Luiz In\u00e1cio Lula da Silva sancionou nesta quinta-feira, 21, o projeto de lei que declara o Dia Nacional de Zumbi e da Consci\u00eancia Negra, no dia 20 de novembro, como feriado em todo o pa\u00eds. O texto havia sido aprovado\u2026","rel":"","context":"In &quot;Variedades&quot;","block_context":{"text":"Variedades","link":"https:\/\/ismaelcolosi.com.br\/index.php\/category\/variedades\/"},"img":{"alt_text":"","src":"https:\/\/i0.wp.com\/ismaelcolosi.com.br\/wp-content\/uploads\/2023\/12\/1703416338_feriado-nacional-20-de-novembro.jpg?fit=1200%2C638&ssl=1&resize=350%2C200","width":350,"height":200,"srcset":"https:\/\/i0.wp.com\/ismaelcolosi.com.br\/wp-content\/uploads\/2023\/12\/1703416338_feriado-nacional-20-de-novembro.jpg?fit=1200%2C638&ssl=1&resize=350%2C200 1x, https:\/\/i0.wp.com\/ismaelcolosi.com.br\/wp-content\/uploads\/2023\/12\/1703416338_feriado-nacional-20-de-novembro.jpg?fit=1200%2C638&ssl=1&resize=525%2C300 1.5x, https:\/\/i0.wp.com\/ismaelcolosi.com.br\/wp-content\/uploads\/2023\/12\/1703416338_feriado-nacional-20-de-novembro.jpg?fit=1200%2C638&ssl=1&resize=700%2C400 2x, https:\/\/i0.wp.com\/ismaelcolosi.com.br\/wp-content\/uploads\/2023\/12\/1703416338_feriado-nacional-20-de-novembro.jpg?fit=1200%2C638&ssl=1&resize=1050%2C600 3x"},"classes":[]},{"id":9310,"url":"https:\/\/ismaelcolosi.com.br\/index.php\/2023\/12\/01\/brasil-deve-ganhar-mais-um-feriado-nacional-em-2024\/","url_meta":{"origin":4138,"position":2},"title":"Brasil deve ganhar mais um feriado nacional em 2024","author":"ismaelcolosi.com.br","date":"1 de December de 2023","format":false,"excerpt":"A partir de 2024, o Brasil pode ganhar mais um feriado nacional. \u00c9 que na \u00faltima quarta-feira, 29, a C\u00e2mara dos Deputados aprovou o Projeto de Lei (PL 3268\/21), que instituiu o 20 de novembro como feriado em celebra\u00e7\u00e3o ao Dia Nacional de Zumbi e da Consci\u00eancia Negra em todo\u2026","rel":"","context":"In &quot;Variedades&quot;","block_context":{"text":"Variedades","link":"https:\/\/ismaelcolosi.com.br\/index.php\/category\/variedades\/"},"img":{"alt_text":"","src":"https:\/\/i0.wp.com\/ismaelcolosi.com.br\/wp-content\/uploads\/2023\/12\/feriado-nacional-20-de-novembro.jpg?fit=1200%2C638&ssl=1&resize=350%2C200","width":350,"height":200,"srcset":"https:\/\/i0.wp.com\/ismaelcolosi.com.br\/wp-content\/uploads\/2023\/12\/feriado-nacional-20-de-novembro.jpg?fit=1200%2C638&ssl=1&resize=350%2C200 1x, https:\/\/i0.wp.com\/ismaelcolosi.com.br\/wp-content\/uploads\/2023\/12\/feriado-nacional-20-de-novembro.jpg?fit=1200%2C638&ssl=1&resize=525%2C300 1.5x, https:\/\/i0.wp.com\/ismaelcolosi.com.br\/wp-content\/uploads\/2023\/12\/feriado-nacional-20-de-novembro.jpg?fit=1200%2C638&ssl=1&resize=700%2C400 2x, https:\/\/i0.wp.com\/ismaelcolosi.com.br\/wp-content\/uploads\/2023\/12\/feriado-nacional-20-de-novembro.jpg?fit=1200%2C638&ssl=1&resize=1050%2C600 3x"},"classes":[]},{"id":6169,"url":"https:\/\/ismaelcolosi.com.br\/index.php\/2023\/11\/25\/a-aguia-o-cisne-e-o-racismo\/","url_meta":{"origin":4138,"position":3},"title":"A \u00c1guia, o Cisne e o racismo\u00a0","author":"ismaelcolosi.com.br","date":"25 de November de 2023","format":false,"excerpt":"25 de novembro de 2023 | 8:1024 de novembro de 2023 | 18:10 0Andr\u00e9 Luiz da Silva *\u00a0[email\u00a0protected]\u00a0\u00a0Fundado em 11 de abril de 1923, no bairro de Oswaldo Cruz, zona norte da cidade do Rio de Janeiro, o Gr\u00eamio Recreativo Escola de Samba Portela \u00e9 a \u00fanica agremia\u00e7\u00e3o que participou\u2026","rel":"","context":"In &quot;Not\u00edcias de Ribeir\u00e3o Preto-SP e Regi\u00e3o&quot;","block_context":{"text":"Not\u00edcias de Ribeir\u00e3o Preto-SP e Regi\u00e3o","link":"https:\/\/ismaelcolosi.com.br\/index.php\/category\/noticias-de-ribeirao-preto-sp-e-regiao-ismael-colosi\/"},"img":{"alt_text":"","src":"https:\/\/i0.wp.com\/ismaelcolosi.com.br\/wp-content\/uploads\/2023\/11\/1700910849_Andre-Luiz-da-Silva.jpg?fit=700%2C450&ssl=1&resize=350%2C200","width":350,"height":200,"srcset":"https:\/\/i0.wp.com\/ismaelcolosi.com.br\/wp-content\/uploads\/2023\/11\/1700910849_Andre-Luiz-da-Silva.jpg?fit=700%2C450&ssl=1&resize=350%2C200 1x, https:\/\/i0.wp.com\/ismaelcolosi.com.br\/wp-content\/uploads\/2023\/11\/1700910849_Andre-Luiz-da-Silva.jpg?fit=700%2C450&ssl=1&resize=525%2C300 1.5x, https:\/\/i0.wp.com\/ismaelcolosi.com.br\/wp-content\/uploads\/2023\/11\/1700910849_Andre-Luiz-da-Silva.jpg?fit=700%2C450&ssl=1&resize=700%2C400 2x"},"classes":[]},{"id":76610,"url":"https:\/\/ismaelcolosi.com.br\/index.php\/2024\/11\/14\/mes-da-consciencia-negra-tem-varias-atividades-culturais-em-rp\/","url_meta":{"origin":4138,"position":4},"title":"M\u00eas da Consci\u00eancia Negra tem v\u00e1rias atividades culturais em RP","author":"ismaelcolosi.com.br","date":"14 de November de 2024","format":false,"excerpt":"Apresenta\u00e7\u00f5es culturais, exposi\u00e7\u00f5es, espet\u00e1culos, oficinas, m\u00fasica e dan\u00e7a fazem parte da programa\u00e7\u00e3o deste ano do tradicional Festival da Consci\u00eancia Negra. Todas as atividades fazem alus\u00e3o ao M\u00eas da Consci\u00eancia Negra. At\u00e9 o pr\u00f3ximo dia 30 de novembro, todos os projetos ter\u00e3o como protagonistas artistas e expositores negros. Tudo com entrada\u2026","rel":"","context":"In &quot;Not\u00edcias de Ribeir\u00e3o Preto-SP e Regi\u00e3o&quot;","block_context":{"text":"Not\u00edcias de Ribeir\u00e3o Preto-SP e Regi\u00e3o","link":"https:\/\/ismaelcolosi.com.br\/index.php\/category\/noticias-de-ribeirao-preto-sp-e-regiao-ismael-colosi\/"},"img":{"alt_text":"","src":"https:\/\/i0.wp.com\/ismaelcolosi.com.br\/wp-content\/uploads\/2024\/11\/CONTACAO-DE-HISTORIA-DANDARA-DE-PALMARES.png?fit=602%2C400&ssl=1&resize=350%2C200","width":350,"height":200,"srcset":"https:\/\/i0.wp.com\/ismaelcolosi.com.br\/wp-content\/uploads\/2024\/11\/CONTACAO-DE-HISTORIA-DANDARA-DE-PALMARES.png?fit=602%2C400&ssl=1&resize=350%2C200 1x, https:\/\/i0.wp.com\/ismaelcolosi.com.br\/wp-content\/uploads\/2024\/11\/CONTACAO-DE-HISTORIA-DANDARA-DE-PALMARES.png?fit=602%2C400&ssl=1&resize=525%2C300 1.5x"},"classes":[]},{"id":21824,"url":"https:\/\/ismaelcolosi.com.br\/index.php\/2023\/12\/28\/veja-a-lista-de-feriados-nacionais-e-pontos-facultativos-em-2024\/","url_meta":{"origin":4138,"position":5},"title":"Veja a lista de feriados nacionais e pontos facultativos em 2024","author":"ismaelcolosi.com.br","date":"28 de December de 2023","format":false,"excerpt":"O governo federal publicou, nesta quinta-feira (28), no Di\u00e1rio Oficial da Uni\u00e3o, os dias de feriados nacionais. Tamb\u00e9m foram estabelecidos os dias de ponto facultativo, para o ano de 2024. De acordo com o Minist\u00e9rio da Gest\u00e3o e da Inova\u00e7\u00e3o em Servi\u00e7os P\u00fablicos, entre as 18 datas comemorativas, oito s\u00e3o\u2026","rel":"","context":"In &quot;Not\u00edcias de Ribeir\u00e3o Preto-SP e Regi\u00e3o&quot;","block_context":{"text":"Not\u00edcias de Ribeir\u00e3o Preto-SP e Regi\u00e3o","link":"https:\/\/ismaelcolosi.com.br\/index.php\/category\/noticias-de-ribeirao-preto-sp-e-regiao-ismael-colosi\/"},"img":{"alt_text":"","src":"https:\/\/i0.wp.com\/ismaelcolosi.com.br\/wp-content\/uploads\/2023\/12\/calendar-gad829f90c_1920.jpg?fit=1200%2C900&ssl=1&resize=350%2C200","width":350,"height":200,"srcset":"https:\/\/i0.wp.com\/ismaelcolosi.com.br\/wp-content\/uploads\/2023\/12\/calendar-gad829f90c_1920.jpg?fit=1200%2C900&ssl=1&resize=350%2C200 1x, https:\/\/i0.wp.com\/ismaelcolosi.com.br\/wp-content\/uploads\/2023\/12\/calendar-gad829f90c_1920.jpg?fit=1200%2C900&ssl=1&resize=525%2C300 1.5x, https:\/\/i0.wp.com\/ismaelcolosi.com.br\/wp-content\/uploads\/2023\/12\/calendar-gad829f90c_1920.jpg?fit=1200%2C900&ssl=1&resize=700%2C400 2x, https:\/\/i0.wp.com\/ismaelcolosi.com.br\/wp-content\/uploads\/2023\/12\/calendar-gad829f90c_1920.jpg?fit=1200%2C900&ssl=1&resize=1050%2C600 3x"},"classes":[]}],"jetpack_sharing_enabled":true,"jetpack_shortlink":"https:\/\/wp.me\/pfMlyK-14K","_links":{"self":[{"href":"https:\/\/ismaelcolosi.com.br\/index.php\/wp-json\/wp\/v2\/posts\/4138","targetHints":{"allow":["GET"]}}],"collection":[{"href":"https:\/\/ismaelcolosi.com.br\/index.php\/wp-json\/wp\/v2\/posts"}],"about":[{"href":"https:\/\/ismaelcolosi.com.br\/index.php\/wp-json\/wp\/v2\/types\/post"}],"author":[{"embeddable":true,"href":"https:\/\/ismaelcolosi.com.br\/index.php\/wp-json\/wp\/v2\/users\/1"}],"replies":[{"embeddable":true,"href":"https:\/\/ismaelcolosi.com.br\/index.php\/wp-json\/wp\/v2\/comments?post=4138"}],"version-history":[{"count":0,"href":"https:\/\/ismaelcolosi.com.br\/index.php\/wp-json\/wp\/v2\/posts\/4138\/revisions"}],"wp:featuredmedia":[{"embeddable":true,"href":"https:\/\/ismaelcolosi.com.br\/index.php\/wp-json\/wp\/v2\/media\/4139"}],"wp:attachment":[{"href":"https:\/\/ismaelcolosi.com.br\/index.php\/wp-json\/wp\/v2\/media?parent=4138"}],"wp:term":[{"taxonomy":"category","embeddable":true,"href":"https:\/\/ismaelcolosi.com.br\/index.php\/wp-json\/wp\/v2\/categories?post=4138"},{"taxonomy":"post_tag","embeddable":true,"href":"https:\/\/ismaelcolosi.com.br\/index.php\/wp-json\/wp\/v2\/tags?post=4138"}],"curies":[{"name":"wp","href":"https:\/\/api.w.org\/{rel}","templated":true}]}}