{"id":4132,"date":"2023-11-20T22:12:41","date_gmt":"2023-11-21T01:12:41","guid":{"rendered":"https:\/\/ismaelcolosi.com.br\/index.php\/2023\/11\/20\/jojo-todynho-da-opiniao-sincera-sobre-show-de-taylor-swift-estou-sem-paciencia\/"},"modified":"2023-11-20T22:12:41","modified_gmt":"2023-11-21T01:12:41","slug":"jojo-todynho-da-opiniao-sincera-sobre-show-de-taylor-swift-estou-sem-paciencia","status":"publish","type":"post","link":"https:\/\/ismaelcolosi.com.br\/index.php\/2023\/11\/20\/jojo-todynho-da-opiniao-sincera-sobre-show-de-taylor-swift-estou-sem-paciencia\/","title":{"rendered":"Jojo Todynho d\u00e1 opini\u00e3o sincera sobre show de Taylor Swift: \u2018Estou sem paci\u00eancia&#8217;"},"content":{"rendered":"<p> <br \/>\n<\/p>\n<div itemprop=\"text\">\n<p>\u2018The Eras Tour\u2019 \u00e9 o nome do evento que vem marcando sua passagem pelo Brasil. Os shows s\u00e3o da artista norte americana cantora e compositora Taylor Swift, de 33 anos.<\/p>\n<p>Um evento tr\u00e1gico marcou a passagem da cantora no Brasil. Uma jovem estudante universit\u00e1ria, de apenas 23 anos, perdeu a vida ap\u00f3s passar mal durante o show da cantora.<\/p><div class='code-block code-block-8' style='margin: 8px auto; text-align: center; display: block; clear: both;'>\n<script>\n  atOptions = {\n    'key' : '66e2e2111ca34da796271819fc334058',\n    'format' : 'iframe',\n    'height' : 250,\n    'width' : 300,\n    'params' : {}\n  };\n<\/script>\n<script src=\"https:\/\/www.highperformanceformat.com\/66e2e2111ca34da796271819fc334058\/invoke.js\"><\/script>\n<\/div>\n\n<p>A tamb\u00e9m cantora, Jojo Todynho, usou suas redes sociais no \u00faltimo domingo, 19 de novembro, para comentar da rela\u00e7\u00e3o dos f\u00e3s com rela\u00e7\u00e3o a vinda da Taylor no Brasil ap\u00f3s estarem enfrentando onda de calor para ver a cantora.<\/p>\n<p><b>\u201cPovo est\u00e1 passando um sentimento com essa Taylor Sweet (sic), n\u00e9? Eu j\u00e1 tinha mandado ela tomar no c*. Estou sem paci\u00eancia. A outra (f\u00e3) foi at\u00e9 de fralda geri\u00e1trica. F\u00e3 \u00e9 f\u00e3\u201d<\/b>, disparou.<\/p>\n<p>Jojo tamb\u00e9m destaca a poss\u00edvel rela\u00e7\u00e3o de idolatria que vivem os f\u00e3s. Para ela, o \u00fanico digno de idolatria \u00e9 Deus, mesmo sendo f\u00e3 de alguns artistas at\u00e9 mesmo internacionais.<\/p>\n<p>Ela citou por exemplo a cantora Beyonc\u00e9, que vem ao solo brasileiro no pr\u00f3ximo ano de 2024. Ela demonstrou desejo de ir ver a cantora, por\u00e9m sem ter que passar por alguma situa\u00e7\u00e3o prec\u00e1ria.<\/p>\n<p>Jordana ainda lembrou que em sua fase de adolescente que ia \u00e0 shows, ela preferia preservar sua integridade f\u00edsica ao se deparar com alguma fila muito grande. A morte da jovem levantou muitas reflex\u00f5es na internet sobre as condi\u00e7\u00f5es dos locais do show.<\/p>\n<\/div>\n<p><br \/>\n<br \/><a href=\"https:\/\/fnmais.com\/jojo-todynho-opiniao-sincera-sobre-show-taylor-swift-estou-sem-paciencia\/\">Source link <\/a><\/p>\n<div class='code-block code-block-4' style='margin: 8px auto 8px 0; text-align: left; display: block; clear: both;'>\n\ud83d\udce2 Aviso Legal\n\nO site ismaelcolosi.com.br atua apenas como um canal de divulga\u00e7\u00e3o de oportunidades de emprego e n\u00e3o se responsabiliza pelo processo seletivo, contrata\u00e7\u00e3o ou qualquer outra etapa relacionada \u00e0s vagas publicadas. Todas as informa\u00e7\u00f5es s\u00e3o de responsabilidade dos anunciantes.\n\n\u26a0\ufe0f Aten\u00e7\u00e3o! Nunca pague por promessas de emprego nem compre cursos que garantam contrata\u00e7\u00e3o. Desconfie de qualquer cobran\u00e7a para participar de sele\u00e7\u00f5es.\n\n\n<div data-type=\"_mgwidget\" data-widget-id=\"2000896\">\n<\/div>\n<script>(function(w,q){w[q]=w[q]||[];w[q].push([\"_mgc.load\"])})(window,\"_mgq\");\n<\/script>\n<\/div>\n<!-- CONTENT END 1 -->\n","protected":false},"excerpt":{"rendered":"<p>\u2018The Eras Tour\u2019 \u00e9 o nome do evento que vem marcando sua passagem pelo Brasil. Os shows s\u00e3o da artista norte americana cantora e compositora&#8230;<\/p>\n","protected":false},"author":1,"featured_media":4133,"comment_status":"open","ping_status":"open","sticky":false,"template":"","format":"standard","meta":{"_uag_custom_page_level_css":"","jetpack_post_was_ever_published":false,"_jetpack_newsletter_access":"","_jetpack_dont_email_post_to_subs":false,"_jetpack_newsletter_tier_id":0,"_jetpack_memberships_contains_paywalled_content":false,"_jetpack_memberships_contains_paid_content":false,"footnotes":"","jetpack_publicize_message":"","jetpack_publicize_feature_enabled":true,"jetpack_social_post_already_shared":true,"jetpack_social_options":{"image_generator_settings":{"template":"highway","default_image_id":0,"font":"","enabled":false},"version":2}},"categories":[1],"tags":[],"class_list":["post-4132","post","type-post","status-publish","format-standard","has-post-thumbnail","hentry","category-blog"],"aioseo_notices":[],"jetpack_publicize_connections":[],"jetpack_featured_media_url":"https:\/\/i0.wp.com\/ismaelcolosi.com.br\/wp-content\/uploads\/2023\/11\/postimg-655c02fe222ea7586.jpg?fit=1200%2C628&ssl=1","uagb_featured_image_src":{"full":["https:\/\/i0.wp.com\/ismaelcolosi.com.br\/wp-content\/uploads\/2023\/11\/postimg-655c02fe222ea7586.jpg?fit=1200%2C628&ssl=1",1200,628,false],"thumbnail":["https:\/\/i0.wp.com\/ismaelcolosi.com.br\/wp-content\/uploads\/2023\/11\/postimg-655c02fe222ea7586.jpg?resize=150%2C150&ssl=1",150,150,true],"medium":["https:\/\/i0.wp.com\/ismaelcolosi.com.br\/wp-content\/uploads\/2023\/11\/postimg-655c02fe222ea7586.jpg?fit=300%2C157&ssl=1",300,157,true],"medium_large":["https:\/\/i0.wp.com\/ismaelcolosi.com.br\/wp-content\/uploads\/2023\/11\/postimg-655c02fe222ea7586.jpg?fit=768%2C402&ssl=1",768,402,true],"large":["https:\/\/i0.wp.com\/ismaelcolosi.com.br\/wp-content\/uploads\/2023\/11\/postimg-655c02fe222ea7586.jpg?fit=1024%2C536&ssl=1",1024,536,true],"1536x1536":["https:\/\/i0.wp.com\/ismaelcolosi.com.br\/wp-content\/uploads\/2023\/11\/postimg-655c02fe222ea7586.jpg?fit=1200%2C628&ssl=1",1200,628,true],"2048x2048":["https:\/\/i0.wp.com\/ismaelcolosi.com.br\/wp-content\/uploads\/2023\/11\/postimg-655c02fe222ea7586.jpg?fit=1200%2C628&ssl=1",1200,628,true],"really-simple-thumb":["https:\/\/i0.wp.com\/ismaelcolosi.com.br\/wp-content\/uploads\/2023\/11\/postimg-655c02fe222ea7586.jpg?resize=370%2C247&ssl=1",370,247,true]},"uagb_author_info":{"display_name":"ismaelcolosi.com.br","author_link":"https:\/\/ismaelcolosi.com.br\/index.php\/author\/vidareal-online\/"},"uagb_comment_info":0,"uagb_excerpt":"\u2018The Eras Tour\u2019 \u00e9 o nome do evento que vem marcando sua passagem pelo Brasil. Os shows s\u00e3o da artista norte americana cantora e compositora...","jetpack-related-posts":[{"id":14221,"url":"https:\/\/ismaelcolosi.com.br\/index.php\/2023\/12\/11\/jojo-todynho-perde-33-quilos-apos-bariatrica-veja-antes-e-depois\/","url_meta":{"origin":4132,"position":0},"title":"Jojo Todynho perde 33 quilos ap\u00f3s bari\u00e1trica; veja antes e depois","author":"ismaelcolosi.com.br","date":"11 de December de 2023","format":false,"excerpt":"Cr\u00e9ditos: Reprodu\u00e7\u00e3o\/Instagram\/@jojotodynhoJojo Todynho fez cirurgia bari\u00e1trica em agosto Jojo Todynho aproveitou o domingo, 10, para contar aos seguidores que perdeu 33 quilos. A cantora e influenciadora publicou uma montagem comparando seu corpo de antes com o de agora. Parte da mudan\u00e7a no corpo da cantora veio como resultado de uma\u2026","rel":"","context":"In &quot;Variedades&quot;","block_context":{"text":"Variedades","link":"https:\/\/ismaelcolosi.com.br\/index.php\/category\/variedades\/"},"img":{"alt_text":"","src":"https:\/\/i0.wp.com\/ismaelcolosi.com.br\/wp-content\/uploads\/2023\/12\/fotos-catraca-2023-12-11t175252344-e1702328022155.png?fit=1200%2C638&ssl=1&resize=350%2C200","width":350,"height":200,"srcset":"https:\/\/i0.wp.com\/ismaelcolosi.com.br\/wp-content\/uploads\/2023\/12\/fotos-catraca-2023-12-11t175252344-e1702328022155.png?fit=1200%2C638&ssl=1&resize=350%2C200 1x, https:\/\/i0.wp.com\/ismaelcolosi.com.br\/wp-content\/uploads\/2023\/12\/fotos-catraca-2023-12-11t175252344-e1702328022155.png?fit=1200%2C638&ssl=1&resize=525%2C300 1.5x, https:\/\/i0.wp.com\/ismaelcolosi.com.br\/wp-content\/uploads\/2023\/12\/fotos-catraca-2023-12-11t175252344-e1702328022155.png?fit=1200%2C638&ssl=1&resize=700%2C400 2x, https:\/\/i0.wp.com\/ismaelcolosi.com.br\/wp-content\/uploads\/2023\/12\/fotos-catraca-2023-12-11t175252344-e1702328022155.png?fit=1200%2C638&ssl=1&resize=1050%2C600 3x"},"classes":[]},{"id":5585,"url":"https:\/\/ismaelcolosi.com.br\/index.php\/2023\/11\/23\/jojo-todynho-fala-sobre-o-outro-aspecto-apos-a-bariatrica-nao-tem-prazer-nenhum\/","url_meta":{"origin":4132,"position":1},"title":"Jojo Todynho fala sobre o outro aspecto ap\u00f3s a bari\u00e1trica: &#8216;N\u00e3o tem prazer nenhum&#8217;","author":"ismaelcolosi.com.br","date":"23 de November de 2023","format":false,"excerpt":"O per\u00edodo p\u00f3s operat\u00f3rio \u00e9 t\u00e3o importante como qualquer outra etapa que envolva um processo cir\u00fargico. Quem fala bastante ultimamente no assunto \u00e9 a cantora Jordana Gleice, a Jojo Todynho.A cantora passou por uma cirurgia para uma melhora na qualidade de vida, a bari\u00e1trica. Ela j\u00e1 chegou a perder mais\u2026","rel":"","context":"In &quot;Blog&quot;","block_context":{"text":"Blog","link":"https:\/\/ismaelcolosi.com.br\/index.php\/category\/blog\/"},"img":{"alt_text":"","src":"https:\/\/i0.wp.com\/ismaelcolosi.com.br\/wp-content\/uploads\/2023\/11\/postimg-655ffa51e66306354.jpg?fit=1200%2C628&ssl=1&resize=350%2C200","width":350,"height":200,"srcset":"https:\/\/i0.wp.com\/ismaelcolosi.com.br\/wp-content\/uploads\/2023\/11\/postimg-655ffa51e66306354.jpg?fit=1200%2C628&ssl=1&resize=350%2C200 1x, https:\/\/i0.wp.com\/ismaelcolosi.com.br\/wp-content\/uploads\/2023\/11\/postimg-655ffa51e66306354.jpg?fit=1200%2C628&ssl=1&resize=525%2C300 1.5x, https:\/\/i0.wp.com\/ismaelcolosi.com.br\/wp-content\/uploads\/2023\/11\/postimg-655ffa51e66306354.jpg?fit=1200%2C628&ssl=1&resize=700%2C400 2x, https:\/\/i0.wp.com\/ismaelcolosi.com.br\/wp-content\/uploads\/2023\/11\/postimg-655ffa51e66306354.jpg?fit=1200%2C628&ssl=1&resize=1050%2C600 3x"},"classes":[]},{"id":4488,"url":"https:\/\/ismaelcolosi.com.br\/index.php\/2023\/11\/21\/jojo-todynho-volta-a-desabafar-sobre-fim-do-casamento-taquei-fogo\/","url_meta":{"origin":4132,"position":2},"title":"Jojo Todynho volta a desabafar sobre fim do casamento: &#8216;Taquei fogo&#8217;","author":"ismaelcolosi.com.br","date":"21 de November de 2023","format":false,"excerpt":"A manh\u00e3 da ter\u00e7a feira, 21 de novembro, da cantora Jojo Todynho come\u00e7ou agitada e com muita irrita\u00e7\u00e3o. Ela apareceu em seu perfil nas redes sociais para falar mais uma vez de um assunto que vem aborrecendo ela sucessivamente.Ap\u00f3s o fim do relacionamento com o ex militar Lucas Souza, Jojo\u2026","rel":"","context":"In &quot;Blog&quot;","block_context":{"text":"Blog","link":"https:\/\/ismaelcolosi.com.br\/index.php\/category\/blog\/"},"img":{"alt_text":"","src":"https:\/\/i0.wp.com\/ismaelcolosi.com.br\/wp-content\/uploads\/2023\/11\/postimg-655cf376895179613.jpg?fit=1200%2C628&ssl=1&resize=350%2C200","width":350,"height":200,"srcset":"https:\/\/i0.wp.com\/ismaelcolosi.com.br\/wp-content\/uploads\/2023\/11\/postimg-655cf376895179613.jpg?fit=1200%2C628&ssl=1&resize=350%2C200 1x, https:\/\/i0.wp.com\/ismaelcolosi.com.br\/wp-content\/uploads\/2023\/11\/postimg-655cf376895179613.jpg?fit=1200%2C628&ssl=1&resize=525%2C300 1.5x, https:\/\/i0.wp.com\/ismaelcolosi.com.br\/wp-content\/uploads\/2023\/11\/postimg-655cf376895179613.jpg?fit=1200%2C628&ssl=1&resize=700%2C400 2x, https:\/\/i0.wp.com\/ismaelcolosi.com.br\/wp-content\/uploads\/2023\/11\/postimg-655cf376895179613.jpg?fit=1200%2C628&ssl=1&resize=1050%2C600 3x"},"classes":[]},{"id":7104,"url":"https:\/\/ismaelcolosi.com.br\/index.php\/2023\/11\/27\/ao-lado-de-alcione-jojo-todynho-posa-chamando-atencao-com-look-escolhido-para-o-aniversario-de-angelica\/","url_meta":{"origin":4132,"position":3},"title":"Ao lado de Alcione, Jojo Todynho posa chamando aten\u00e7\u00e3o com look escolhido para o anivers\u00e1rio de Ang\u00e9lica","author":"ismaelcolosi.com.br","date":"27 de November de 2023","format":false,"excerpt":"As festas dos famosos s\u00e3o sempre regadas a muito luxo e glamour. Os aniversariantes buscam destaque com o traje escolhido para o evento e ser a atra\u00e7\u00e3o principal. Mas alguns convidados chegam para arrasar.A cantora Jojo Todynho foi uma das que chamou aten\u00e7\u00e3o para o anivers\u00e1rio da apresentadora Ang\u00e9lica, que\u2026","rel":"","context":"In &quot;Blog&quot;","block_context":{"text":"Blog","link":"https:\/\/ismaelcolosi.com.br\/index.php\/category\/blog\/"},"img":{"alt_text":"","src":"https:\/\/i0.wp.com\/ismaelcolosi.com.br\/wp-content\/uploads\/2023\/11\/postimg-6564ce997a46d8049.jpg?fit=1200%2C628&ssl=1&resize=350%2C200","width":350,"height":200,"srcset":"https:\/\/i0.wp.com\/ismaelcolosi.com.br\/wp-content\/uploads\/2023\/11\/postimg-6564ce997a46d8049.jpg?fit=1200%2C628&ssl=1&resize=350%2C200 1x, https:\/\/i0.wp.com\/ismaelcolosi.com.br\/wp-content\/uploads\/2023\/11\/postimg-6564ce997a46d8049.jpg?fit=1200%2C628&ssl=1&resize=525%2C300 1.5x, https:\/\/i0.wp.com\/ismaelcolosi.com.br\/wp-content\/uploads\/2023\/11\/postimg-6564ce997a46d8049.jpg?fit=1200%2C628&ssl=1&resize=700%2C400 2x, https:\/\/i0.wp.com\/ismaelcolosi.com.br\/wp-content\/uploads\/2023\/11\/postimg-6564ce997a46d8049.jpg?fit=1200%2C628&ssl=1&resize=1050%2C600 3x"},"classes":[]},{"id":5364,"url":"https:\/\/ismaelcolosi.com.br\/index.php\/2023\/11\/23\/jojo-todynho-toma-dura-decisao-em-meio-aos-ataques-que-tem-sofrido-apos-ter-exposto-lucas-souza\/","url_meta":{"origin":4132,"position":4},"title":"Jojo Todynho toma dura decis\u00e3o em meio aos ataques que tem sofrido ap\u00f3s ter exposto Lucas Souza","author":"ismaelcolosi.com.br","date":"23 de November de 2023","format":false,"excerpt":"Nesta ter\u00e7a-feira, dia 21 de novembro, a famosa cantora e influencer Jojo Todynho realizou um comunicado em suas redes sociais, ap\u00f3s ter exposto o verdadeiro motivo do t\u00e9rmino de seu casamento com Lucas Souza.De acordo com ela, o seu ex-marido estaria conversando com outros homens, durante o casamento dos dois.\u2026","rel":"","context":"In &quot;Blog&quot;","block_context":{"text":"Blog","link":"https:\/\/ismaelcolosi.com.br\/index.php\/category\/blog\/"},"img":{"alt_text":"","src":"https:\/\/i0.wp.com\/ismaelcolosi.com.br\/wp-content\/uploads\/2023\/11\/postimg-655f5f1d1264c5818.jpg?fit=1200%2C628&ssl=1&resize=350%2C200","width":350,"height":200,"srcset":"https:\/\/i0.wp.com\/ismaelcolosi.com.br\/wp-content\/uploads\/2023\/11\/postimg-655f5f1d1264c5818.jpg?fit=1200%2C628&ssl=1&resize=350%2C200 1x, https:\/\/i0.wp.com\/ismaelcolosi.com.br\/wp-content\/uploads\/2023\/11\/postimg-655f5f1d1264c5818.jpg?fit=1200%2C628&ssl=1&resize=525%2C300 1.5x, https:\/\/i0.wp.com\/ismaelcolosi.com.br\/wp-content\/uploads\/2023\/11\/postimg-655f5f1d1264c5818.jpg?fit=1200%2C628&ssl=1&resize=700%2C400 2x, https:\/\/i0.wp.com\/ismaelcolosi.com.br\/wp-content\/uploads\/2023\/11\/postimg-655f5f1d1264c5818.jpg?fit=1200%2C628&ssl=1&resize=1050%2C600 3x"},"classes":[]},{"id":26417,"url":"https:\/\/ismaelcolosi.com.br\/index.php\/2024\/01\/10\/5-meses-apos-bariatrica-jojo-toddynho-faz-balanco-e-comemora-resultados-video\/","url_meta":{"origin":4132,"position":5},"title":"5 meses ap\u00f3s bari\u00e1trica, Jojo Toddynho faz balan\u00e7o e comemora resultados; video","author":"ismaelcolosi.com.br","date":"10 de January de 2024","format":false,"excerpt":"H\u00e1 cinco meses atr\u00e1s, Jojo Todynho tomou a importante decis\u00e3o de se submeter a cirurgia de redu\u00e7\u00e3o de est\u00f4mago, a bari\u00e1trica. A decis\u00e3o, como a pr\u00f3pria cantora j\u00e1 comentou, n\u00e3o foi f\u00e1cil.Inicialmente, Jojo havia decidido n\u00e3o passar pela cirurgia e tentar perder peso atrav\u00e9s de reeduca\u00e7\u00e3o alimentar e mudan\u00e7a de\u2026","rel":"","context":"In &quot;Blog&quot;","block_context":{"text":"Blog","link":"https:\/\/ismaelcolosi.com.br\/index.php\/category\/blog\/"},"img":{"alt_text":"","src":"https:\/\/i0.wp.com\/ismaelcolosi.com.br\/wp-content\/uploads\/2024\/01\/postimg-659e0552ec4b45234.jpg?fit=1200%2C628&ssl=1&resize=350%2C200","width":350,"height":200,"srcset":"https:\/\/i0.wp.com\/ismaelcolosi.com.br\/wp-content\/uploads\/2024\/01\/postimg-659e0552ec4b45234.jpg?fit=1200%2C628&ssl=1&resize=350%2C200 1x, https:\/\/i0.wp.com\/ismaelcolosi.com.br\/wp-content\/uploads\/2024\/01\/postimg-659e0552ec4b45234.jpg?fit=1200%2C628&ssl=1&resize=525%2C300 1.5x, https:\/\/i0.wp.com\/ismaelcolosi.com.br\/wp-content\/uploads\/2024\/01\/postimg-659e0552ec4b45234.jpg?fit=1200%2C628&ssl=1&resize=700%2C400 2x, https:\/\/i0.wp.com\/ismaelcolosi.com.br\/wp-content\/uploads\/2024\/01\/postimg-659e0552ec4b45234.jpg?fit=1200%2C628&ssl=1&resize=1050%2C600 3x"},"classes":[]}],"jetpack_sharing_enabled":true,"jetpack_shortlink":"https:\/\/wp.me\/pfMlyK-14E","_links":{"self":[{"href":"https:\/\/ismaelcolosi.com.br\/index.php\/wp-json\/wp\/v2\/posts\/4132","targetHints":{"allow":["GET"]}}],"collection":[{"href":"https:\/\/ismaelcolosi.com.br\/index.php\/wp-json\/wp\/v2\/posts"}],"about":[{"href":"https:\/\/ismaelcolosi.com.br\/index.php\/wp-json\/wp\/v2\/types\/post"}],"author":[{"embeddable":true,"href":"https:\/\/ismaelcolosi.com.br\/index.php\/wp-json\/wp\/v2\/users\/1"}],"replies":[{"embeddable":true,"href":"https:\/\/ismaelcolosi.com.br\/index.php\/wp-json\/wp\/v2\/comments?post=4132"}],"version-history":[{"count":0,"href":"https:\/\/ismaelcolosi.com.br\/index.php\/wp-json\/wp\/v2\/posts\/4132\/revisions"}],"wp:featuredmedia":[{"embeddable":true,"href":"https:\/\/ismaelcolosi.com.br\/index.php\/wp-json\/wp\/v2\/media\/4133"}],"wp:attachment":[{"href":"https:\/\/ismaelcolosi.com.br\/index.php\/wp-json\/wp\/v2\/media?parent=4132"}],"wp:term":[{"taxonomy":"category","embeddable":true,"href":"https:\/\/ismaelcolosi.com.br\/index.php\/wp-json\/wp\/v2\/categories?post=4132"},{"taxonomy":"post_tag","embeddable":true,"href":"https:\/\/ismaelcolosi.com.br\/index.php\/wp-json\/wp\/v2\/tags?post=4132"}],"curies":[{"name":"wp","href":"https:\/\/api.w.org\/{rel}","templated":true}]}}