{"id":4130,"date":"2023-11-20T22:08:58","date_gmt":"2023-11-21T01:08:58","guid":{"rendered":"https:\/\/ismaelcolosi.com.br\/index.php\/2023\/11\/20\/cogumelo-magico-ajuda-no-tratamento-de-anorexia-indica-estudo\/"},"modified":"2023-11-20T22:08:58","modified_gmt":"2023-11-21T01:08:58","slug":"cogumelo-magico-ajuda-no-tratamento-de-anorexia-indica-estudo","status":"publish","type":"post","link":"https:\/\/ismaelcolosi.com.br\/index.php\/2023\/11\/20\/cogumelo-magico-ajuda-no-tratamento-de-anorexia-indica-estudo\/","title":{"rendered":"&#8216;Cogumelo m\u00e1gico&#8217; ajuda no tratamento de anorexia, indica estudo"},"content":{"rendered":"<p> <br \/>\n<\/p>\n<div>\n<div id=\"attachment_2312573\" class=\"wp-caption alignnone\">\n<div class=\"d-flex justify-content-center\" data-attachment-id=\"2312573\">\n<div class=\"position-relative d-inline-block\"><img data-recalc-dims=\"1\" data-portal-copyright=\"Getty Images\/iStockphoto\" decoding=\"async\" fetchpriority=\"high\" class=\"wp-image-2312573 size-full\" src=\"https:\/\/i0.wp.com\/catracalivre.com.br\/wp-content\/uploads\/2023\/11\/istock-1029308000.jpg?resize=1254%2C836&#038;ssl=1\" alt=\"Subst\u00e2ncia presente no cogumelo surpreende especialistas ao indicar efic\u00e1cia em tratamento contra a anorexia \u2013 iStock\/Getty Images\" width=\"1254\" height=\"836\" srcset=\"https:\/\/catracalivre.com.br\/wp-content\/uploads\/2023\/11\/istock-1029308000.jpg 1254w, https:\/\/catracalivre.com.br\/wp-content\/uploads\/2023\/11\/istock-1029308000-450x300.jpg 450w, https:\/\/catracalivre.com.br\/wp-content\/uploads\/2023\/11\/istock-1029308000-768x512.jpg 768w\" sizes=\"(max-width: 1254px) 100vw, 1254px\"\/><\/p>\n<p>Cr\u00e9ditos: Getty Images\/iStockphoto<\/p>\n<\/div>\n<\/div>\n<p><span class=\"post-imagem__legenda\">Subst\u00e2ncia presente no cogumelo surpreende especialistas ao indicar efic\u00e1cia em tratamento contra a anorexia \u2013 iStock\/Getty Images<\/span><\/p>\n<\/div>\n<p>Uma subst\u00e2ncia alucin\u00f3gena presente nos \u2018cogumelos m\u00e1gicos\u2019, conhecida como\u00a0psilocibina, pode representar um grande avan\u00e7o no tratamento da anorexia nervosa, considerada um dist\u00farbio alimentar complexo. A descoberta foi anunciada por pesquisadores da <strong><a href=\"https:\/\/www.universityofcalifornia.edu\/\" target=\"_blank\" rel=\"noopener\">Universidade da Calif\u00f3rnia<\/a><\/strong>.<\/p>\n<h2>P\u00edlula de cogumelo ajuda no tratamento de anorexia<\/h2>\n<p>Para entender os efeitos da subst\u00e2ncia, os pesquisadores utilizaram uma vers\u00e3o sint\u00e9tica dessa subst\u00e2ncia, encapsulada em 25 miligramas. O tratamento foi levado a 10 pacientes com anorexia em remiss\u00e3o, e os resultados se apresentaram promissores.<\/p>\n<h2>Qual a efic\u00e1cia do cogumelo?<\/h2>\n<p>A efic\u00e1cia desse tratamento decorre da capacidade da psilocibina em atuar de maneira significativa na reconfigura\u00e7\u00e3o dos processos de pensamento relacionados aos impulsos comportamentais das pessoas com anorexia, explica a psic\u00f3loga cl\u00ednica Stephanie Knatz Peck, uma das autoras do estudo publicado na Nature Medicine.<\/p>\n<p>Outro ponto interessante observado no estudo foi que os pacientes, al\u00e9m da not\u00e1vel melhora em seu quadro de ansiedade, tamb\u00e9m puderam observar mudan\u00e7as significativas a n\u00edvel comportamental nos 3 meses subsequentes ao in\u00edcio do tratamento com a psilocibina.<\/p>\n<h2>O que a descoberta reserva para o futuro do tratamento da anorexia ?<\/h2>\n<p>Com os resultados obtidos, os pesquisadores pretendem realizar estudos com um maior n\u00famero de pacientes para estabelecer uma base cient\u00edfica s\u00f3lida que comprove a efetividade desse tratamento.<\/p>\n<p>Al\u00e9m disso, outra pesquisa que explora o uso da psilocibina no tratamento da anorexia nervosa est\u00e1 atualmente em andamento e envolve 80 pacientes e centros nos EUA, na Irlanda e na Inglaterra.\u00a0Neste estudo, os participantes podem receber a dosagem inicial de 25 mg do medicamento ou a dosagem alternativa de 1 mg.<\/p>\n<h2>Anorexia no Brasil<\/h2>\n<p>Dados da Associa\u00e7\u00e3o Brasileira de Psiquiatria revelam que algum tipo de transtorno alimentar, incluindo anorexia, bulimia, compuls\u00e3o alimentar, entre outros, atinge cerca de 70 milh\u00f5es de pessoas em todo o mundo.<\/p>\n<p>A gravidade desses dist\u00farbios \u00e9 enfatizada ao considerarmos a taxa de mortalidade associada \u00e0 anorexia, que \u00e9 superior a 5%, tornando-se maior do que a de qualquer outra condi\u00e7\u00e3o psiqui\u00e1trica.<\/p>\n<\/div>\n<p><script>\n\t\t! function(f, b, e, v, n, t, s) {\n\t\t\tif (f.fbq) return;\n\t\t\tn = f.fbq = function() {\n\t\t\t\tn.callMethod ?\n\t\t\t\t\tn.callMethod.apply(n, arguments) : n.queue.push(arguments)\n\t\t\t};\n\t\t\tif (!f._fbq) f._fbq = n;\n\t\t\tn.push = n;\n\t\t\tn.loaded = !0;\n\t\t\tn.version = '2.0';\n\t\t\tn.queue = [];\n\t\t\tt = b.createElement(e);\n\t\t\tt.async = !0;\n\t\t\tt.src = v;\n\t\t\ts = b.getElementsByTagName(e)[0];\n\t\t\ts.parentNode.insertBefore(t, s)\n\t\t}(window, document, 'script',\n\t\t\t'https:\/\/connect.facebook.net\/en_US\/fbevents.js');\n\t\tfbq('init', '338315473262380');\n\t\tfbq('track', 'PageView');\n\t<\/script><br \/>\n<br \/><br \/>\n<br \/><a href=\"https:\/\/catracalivre.com.br\/saude-bem-estar\/cogumelo-magico-ajuda-no-tratamento-de-anorexia-indica-estudo\/\">Source link <\/a><\/p>\n<div class='code-block code-block-4' style='margin: 8px auto 8px 0; text-align: left; display: block; clear: both;'>\n\ud83d\udce2 Aviso Legal\n\nO site ismaelcolosi.com.br atua apenas como um canal de divulga\u00e7\u00e3o de oportunidades de emprego e n\u00e3o se responsabiliza pelo processo seletivo, contrata\u00e7\u00e3o ou qualquer outra etapa relacionada \u00e0s vagas publicadas. Todas as informa\u00e7\u00f5es s\u00e3o de responsabilidade dos anunciantes.\n\n\u26a0\ufe0f Aten\u00e7\u00e3o! Nunca pague por promessas de emprego nem compre cursos que garantam contrata\u00e7\u00e3o. Desconfie de qualquer cobran\u00e7a para participar de sele\u00e7\u00f5es.\n\n\n\n<\/div>\n<!-- CONTENT END 1 -->\n","protected":false},"excerpt":{"rendered":"<p>Cr\u00e9ditos: Getty Images\/iStockphoto Subst\u00e2ncia presente no cogumelo surpreende especialistas ao indicar efic\u00e1cia em tratamento contra a anorexia \u2013 iStock\/Getty Images Uma subst\u00e2ncia alucin\u00f3gena presente nos&#8230;<\/p>\n","protected":false},"author":1,"featured_media":4131,"comment_status":"open","ping_status":"open","sticky":false,"template":"","format":"standard","meta":{"_uag_custom_page_level_css":"","advanced_seo_description":"","jetpack_seo_html_title":"","jetpack_seo_noindex":false,"jetpack_post_was_ever_published":false,"_jetpack_newsletter_access":"","_jetpack_dont_email_post_to_subs":false,"_jetpack_newsletter_tier_id":0,"_jetpack_memberships_contains_paywalled_content":false,"_jetpack_memberships_contains_paid_content":false,"footnotes":"","jetpack_publicize_message":"","jetpack_publicize_feature_enabled":true,"jetpack_social_post_already_shared":true,"jetpack_social_options":{"image_generator_settings":{"template":"highway","default_image_id":0,"font":"","enabled":false},"version":2}},"categories":[19],"tags":[],"class_list":["post-4130","post","type-post","status-publish","format-standard","has-post-thumbnail","hentry","category-variedades"],"jetpack_publicize_connections":[],"jetpack_featured_media_url":"https:\/\/i0.wp.com\/ismaelcolosi.com.br\/wp-content\/uploads\/2023\/11\/istock-1029308000.jpg?fit=1200%2C638&ssl=1","uagb_featured_image_src":{"full":["https:\/\/i0.wp.com\/ismaelcolosi.com.br\/wp-content\/uploads\/2023\/11\/istock-1029308000.jpg?fit=1200%2C638&ssl=1",1200,638,false],"thumbnail":["https:\/\/i0.wp.com\/ismaelcolosi.com.br\/wp-content\/uploads\/2023\/11\/istock-1029308000.jpg?resize=150%2C150&ssl=1",150,150,true],"medium":["https:\/\/i0.wp.com\/ismaelcolosi.com.br\/wp-content\/uploads\/2023\/11\/istock-1029308000.jpg?fit=300%2C160&ssl=1",300,160,true],"medium_large":["https:\/\/i0.wp.com\/ismaelcolosi.com.br\/wp-content\/uploads\/2023\/11\/istock-1029308000.jpg?fit=768%2C408&ssl=1",768,408,true],"large":["https:\/\/i0.wp.com\/ismaelcolosi.com.br\/wp-content\/uploads\/2023\/11\/istock-1029308000.jpg?fit=1024%2C544&ssl=1",1024,544,true],"1536x1536":["https:\/\/i0.wp.com\/ismaelcolosi.com.br\/wp-content\/uploads\/2023\/11\/istock-1029308000.jpg?fit=1200%2C638&ssl=1",1200,638,true],"2048x2048":["https:\/\/i0.wp.com\/ismaelcolosi.com.br\/wp-content\/uploads\/2023\/11\/istock-1029308000.jpg?fit=1200%2C638&ssl=1",1200,638,true],"really-simple-thumb":["https:\/\/i0.wp.com\/ismaelcolosi.com.br\/wp-content\/uploads\/2023\/11\/istock-1029308000.jpg?resize=370%2C247&ssl=1",370,247,true]},"uagb_author_info":{"display_name":"ismaelcolosi.com.br","author_link":"https:\/\/ismaelcolosi.com.br\/index.php\/author\/vidareal-online\/"},"uagb_comment_info":0,"uagb_excerpt":"Cr\u00e9ditos: Getty Images\/iStockphoto Subst\u00e2ncia presente no cogumelo surpreende especialistas ao indicar efic\u00e1cia em tratamento contra a anorexia \u2013 iStock\/Getty Images Uma subst\u00e2ncia alucin\u00f3gena presente nos...","jetpack-related-posts":[{"id":16163,"url":"https:\/\/ismaelcolosi.com.br\/index.php\/2023\/12\/15\/indice-de-precos-sobe-159-em-novembro\/","url_meta":{"origin":4130,"position":0},"title":"\u00cdndice de pre\u00e7os sobe 1,59% em novembro \u00a0","author":"ismaelcolosi.com.br","date":"15 de December de 2023","format":false,"excerpt":"O \u00edndice de pre\u00e7os Ceagesp encerrou novembro com alta de 1,59% em rela\u00e7\u00e3o a outubro. O recuo de 1,05% nos pre\u00e7os do setor de legumes segurou o desempenho do indicador no m\u00eas. Os pre\u00e7os no setor de frutas subiram 0,27% em novembro. As principais altas ocorreram nos pre\u00e7os de maracuj\u00e1\u2026","rel":"","context":"In &quot;Not\u00edcias de Ribeir\u00e3o Preto-SP e Regi\u00e3o&quot;","block_context":{"text":"Not\u00edcias de Ribeir\u00e3o Preto-SP e Regi\u00e3o","link":"https:\/\/ismaelcolosi.com.br\/index.php\/category\/noticias-de-ribeirao-preto-sp-e-regiao-ismael-colosi\/"},"img":{"alt_text":"","src":"https:\/\/i0.wp.com\/ismaelcolosi.com.br\/wp-content\/uploads\/2023\/12\/ceagesp-scaled.jpg?fit=1000%2C570&ssl=1&resize=350%2C200","width":350,"height":200,"srcset":"https:\/\/i0.wp.com\/ismaelcolosi.com.br\/wp-content\/uploads\/2023\/12\/ceagesp-scaled.jpg?fit=1000%2C570&ssl=1&resize=350%2C200 1x, https:\/\/i0.wp.com\/ismaelcolosi.com.br\/wp-content\/uploads\/2023\/12\/ceagesp-scaled.jpg?fit=1000%2C570&ssl=1&resize=525%2C300 1.5x, https:\/\/i0.wp.com\/ismaelcolosi.com.br\/wp-content\/uploads\/2023\/12\/ceagesp-scaled.jpg?fit=1000%2C570&ssl=1&resize=700%2C400 2x"},"classes":[]},{"id":39262,"url":"https:\/\/ismaelcolosi.com.br\/index.php\/2024\/02\/24\/a-politica-pode-ser-etica\/","url_meta":{"origin":4130,"position":1},"title":"A pol\u00edtica pode ser \u00e9tica?\u00a0","author":"ismaelcolosi.com.br","date":"24 de February de 2024","format":false,"excerpt":"24 de fevereiro de 2024 | 8:2023 de fevereiro de 2024 | 17:21 0Renato Nalini *\u00a0[email\u00a0protected]\u00a0\u00a0No Brasil, diversos fatores influenciam o desinteresse da juventude pelo exerc\u00edcio pol\u00edtico partid\u00e1rio. O universo da pol\u00edtica profissional decepciona quem se proponha a procurar o bem comum, objetivo esquecido por aqueles que confundem o interesse\u2026","rel":"","context":"In &quot;Not\u00edcias de Ribeir\u00e3o Preto-SP e Regi\u00e3o&quot;","block_context":{"text":"Not\u00edcias de Ribeir\u00e3o Preto-SP e Regi\u00e3o","link":"https:\/\/ismaelcolosi.com.br\/index.php\/category\/noticias-de-ribeirao-preto-sp-e-regiao-ismael-colosi\/"},"img":{"alt_text":"","src":"https:\/\/i0.wp.com\/ismaelcolosi.com.br\/wp-content\/uploads\/2024\/02\/renatonalini.jpg?fit=700%2C450&ssl=1&resize=350%2C200","width":350,"height":200,"srcset":"https:\/\/i0.wp.com\/ismaelcolosi.com.br\/wp-content\/uploads\/2024\/02\/renatonalini.jpg?fit=700%2C450&ssl=1&resize=350%2C200 1x, https:\/\/i0.wp.com\/ismaelcolosi.com.br\/wp-content\/uploads\/2024\/02\/renatonalini.jpg?fit=700%2C450&ssl=1&resize=525%2C300 1.5x, https:\/\/i0.wp.com\/ismaelcolosi.com.br\/wp-content\/uploads\/2024\/02\/renatonalini.jpg?fit=700%2C450&ssl=1&resize=700%2C400 2x"},"classes":[]},{"id":5482,"url":"https:\/\/ismaelcolosi.com.br\/index.php\/2023\/11\/23\/black-friday-no-vale-encantado-thermas-park-tem-descontos-de-ate-40-no-mes-inteiro\/","url_meta":{"origin":4130,"position":2},"title":"Black Friday no Vale Encantado Thermas Park tem descontos de at\u00e9 40% no m\u00eas inteiro","author":"ismaelcolosi.com.br","date":"23 de November de 2023","format":false,"excerpt":"A Black Friday do Vale Encantado, localizado em Biritiba-Mirim, \u00e0 1h da cidade de S\u00e3o Paulo, j\u00e1 come\u00e7ou! At\u00e9 30 de novembro, \u00e9 poss\u00edvel aproveitar ofertas em ingressos com descontos de at\u00e9 40% para o parque e hospedagem. Os ingressos com lotes limitados para o parque devem ser adquiridos antecipadamente\u2026","rel":"","context":"In &quot;Variedades&quot;","block_context":{"text":"Variedades","link":"https:\/\/ismaelcolosi.com.br\/index.php\/category\/variedades\/"},"img":{"alt_text":"","src":"https:\/\/i0.wp.com\/ismaelcolosi.com.br\/wp-content\/uploads\/2023\/11\/mg-1352-2.jpg?fit=1200%2C638&ssl=1&resize=350%2C200","width":350,"height":200,"srcset":"https:\/\/i0.wp.com\/ismaelcolosi.com.br\/wp-content\/uploads\/2023\/11\/mg-1352-2.jpg?fit=1200%2C638&ssl=1&resize=350%2C200 1x, https:\/\/i0.wp.com\/ismaelcolosi.com.br\/wp-content\/uploads\/2023\/11\/mg-1352-2.jpg?fit=1200%2C638&ssl=1&resize=525%2C300 1.5x, https:\/\/i0.wp.com\/ismaelcolosi.com.br\/wp-content\/uploads\/2023\/11\/mg-1352-2.jpg?fit=1200%2C638&ssl=1&resize=700%2C400 2x, https:\/\/i0.wp.com\/ismaelcolosi.com.br\/wp-content\/uploads\/2023\/11\/mg-1352-2.jpg?fit=1200%2C638&ssl=1&resize=1050%2C600 3x"},"classes":[]},{"id":73395,"url":"https:\/\/ismaelcolosi.com.br\/index.php\/2024\/10\/26\/estudo-revela-ineficiencias-no-tratamento-tradicional-contra-drogas\/","url_meta":{"origin":4130,"position":3},"title":"Estudo Revela Inefici\u00eancias no Tratamento Tradicional contra Drogas","author":"ismaelcolosi.com.br","date":"26 de October de 2024","format":false,"excerpt":"Um estudo recente divulgado por especialistas em sa\u00fade mental e depend\u00eancia qu\u00edmica trouxe \u00e0 tona falhas significativas nas abordagens tradicionais de tratamento contra o uso de drogas. A pesquisa, que envolveu institui\u00e7\u00f5es brasileiras e internacionais, aponta que os m\u00e9todos convencionais de tratamento, como terapias de abstin\u00eancia e programas de reabilita\u00e7\u00e3o\u2026","rel":"","context":"In &quot;Not\u00edcias de Ribeir\u00e3o Preto-SP e Regi\u00e3o&quot;","block_context":{"text":"Not\u00edcias de Ribeir\u00e3o Preto-SP e Regi\u00e3o","link":"https:\/\/ismaelcolosi.com.br\/index.php\/category\/noticias-de-ribeirao-preto-sp-e-regiao-ismael-colosi\/"},"img":{"alt_text":"","src":"https:\/\/i0.wp.com\/ismaelcolosi.com.br\/wp-content\/uploads\/2024\/10\/12.webp.webp?fit=1170%2C700&ssl=1&resize=350%2C200","width":350,"height":200,"srcset":"https:\/\/i0.wp.com\/ismaelcolosi.com.br\/wp-content\/uploads\/2024\/10\/12.webp.webp?fit=1170%2C700&ssl=1&resize=350%2C200 1x, https:\/\/i0.wp.com\/ismaelcolosi.com.br\/wp-content\/uploads\/2024\/10\/12.webp.webp?fit=1170%2C700&ssl=1&resize=525%2C300 1.5x, https:\/\/i0.wp.com\/ismaelcolosi.com.br\/wp-content\/uploads\/2024\/10\/12.webp.webp?fit=1170%2C700&ssl=1&resize=700%2C400 2x, https:\/\/i0.wp.com\/ismaelcolosi.com.br\/wp-content\/uploads\/2024\/10\/12.webp.webp?fit=1170%2C700&ssl=1&resize=1050%2C600 3x"},"classes":[]},{"id":16992,"url":"https:\/\/ismaelcolosi.com.br\/index.php\/2023\/12\/17\/desafios-na-cobertura-de-tratamento-para-autistas-e-as-negativas-de-plano-de-saude\/","url_meta":{"origin":4130,"position":4},"title":"Desafios na cobertura de tratamento para autistas e as negativas de plano de sa\u00fade\u00a0","author":"ismaelcolosi.com.br","date":"17 de December de 2023","format":false,"excerpt":"17 de dezembro de 2023 | 8:2016 de dezembro de 2023 | 13:43 0Jos\u00e9 dos Santos Santana J\u00fanior*\u00a0\u00c9 crescente a preocupa\u00e7\u00e3o em rela\u00e7\u00e3o as negativas de tratamento para indiv\u00edduos autistas por parte dos planos de sa\u00fade. Essa problem\u00e1tica levanta quest\u00f5es essenciais sobre a equidade no acesso aos cuidados de sa\u00fade\u2026","rel":"","context":"In &quot;Not\u00edcias de Ribeir\u00e3o Preto-SP e Regi\u00e3o&quot;","block_context":{"text":"Not\u00edcias de Ribeir\u00e3o Preto-SP e Regi\u00e3o","link":"https:\/\/ismaelcolosi.com.br\/index.php\/category\/noticias-de-ribeirao-preto-sp-e-regiao-ismael-colosi\/"},"img":{"alt_text":"","src":"https:\/\/i0.wp.com\/ismaelcolosi.com.br\/wp-content\/uploads\/2023\/12\/Jose-dos-Santos-Santana-Junior-scaled.jpg?fit=444%2C645&ssl=1&resize=350%2C200","width":350,"height":200},"classes":[]},{"id":6309,"url":"https:\/\/ismaelcolosi.com.br\/index.php\/2023\/11\/25\/o-que-e-sintomas-e-tratamento-da-doenca-que-internou-o-jornalista-evaristo-costa\/","url_meta":{"origin":4130,"position":5},"title":"o que \u00e9, sintomas e tratamento da doen\u00e7a que internou o jornalista Evaristo Costa","author":"ismaelcolosi.com.br","date":"25 de November de 2023","format":false,"excerpt":"De forma recente, o jornalista Evaristo Costa abriu o jogo com os seus seguidores e confessou que est\u00e1 enfrentando uma doen\u00e7a complicada. Ele recebeu o diagn\u00f3stico de celulite e erisipele em sua perna esquerda.Por conta do problema de sa\u00fade, o comunicador precisou ser internado, e com isso, buscou atualizar os\u2026","rel":"","context":"In &quot;Blog&quot;","block_context":{"text":"Blog","link":"https:\/\/ismaelcolosi.com.br\/index.php\/category\/blog\/"},"img":{"alt_text":"","src":"https:\/\/i0.wp.com\/ismaelcolosi.com.br\/wp-content\/uploads\/2023\/11\/postimg-656226bb2c4211548.jpg?fit=1200%2C628&ssl=1&resize=350%2C200","width":350,"height":200,"srcset":"https:\/\/i0.wp.com\/ismaelcolosi.com.br\/wp-content\/uploads\/2023\/11\/postimg-656226bb2c4211548.jpg?fit=1200%2C628&ssl=1&resize=350%2C200 1x, https:\/\/i0.wp.com\/ismaelcolosi.com.br\/wp-content\/uploads\/2023\/11\/postimg-656226bb2c4211548.jpg?fit=1200%2C628&ssl=1&resize=525%2C300 1.5x, https:\/\/i0.wp.com\/ismaelcolosi.com.br\/wp-content\/uploads\/2023\/11\/postimg-656226bb2c4211548.jpg?fit=1200%2C628&ssl=1&resize=700%2C400 2x, https:\/\/i0.wp.com\/ismaelcolosi.com.br\/wp-content\/uploads\/2023\/11\/postimg-656226bb2c4211548.jpg?fit=1200%2C628&ssl=1&resize=1050%2C600 3x"},"classes":[]}],"jetpack_sharing_enabled":true,"jetpack_shortlink":"https:\/\/wp.me\/pfMlyK-14C","_links":{"self":[{"href":"https:\/\/ismaelcolosi.com.br\/index.php\/wp-json\/wp\/v2\/posts\/4130","targetHints":{"allow":["GET"]}}],"collection":[{"href":"https:\/\/ismaelcolosi.com.br\/index.php\/wp-json\/wp\/v2\/posts"}],"about":[{"href":"https:\/\/ismaelcolosi.com.br\/index.php\/wp-json\/wp\/v2\/types\/post"}],"author":[{"embeddable":true,"href":"https:\/\/ismaelcolosi.com.br\/index.php\/wp-json\/wp\/v2\/users\/1"}],"replies":[{"embeddable":true,"href":"https:\/\/ismaelcolosi.com.br\/index.php\/wp-json\/wp\/v2\/comments?post=4130"}],"version-history":[{"count":0,"href":"https:\/\/ismaelcolosi.com.br\/index.php\/wp-json\/wp\/v2\/posts\/4130\/revisions"}],"wp:featuredmedia":[{"embeddable":true,"href":"https:\/\/ismaelcolosi.com.br\/index.php\/wp-json\/wp\/v2\/media\/4131"}],"wp:attachment":[{"href":"https:\/\/ismaelcolosi.com.br\/index.php\/wp-json\/wp\/v2\/media?parent=4130"}],"wp:term":[{"taxonomy":"category","embeddable":true,"href":"https:\/\/ismaelcolosi.com.br\/index.php\/wp-json\/wp\/v2\/categories?post=4130"},{"taxonomy":"post_tag","embeddable":true,"href":"https:\/\/ismaelcolosi.com.br\/index.php\/wp-json\/wp\/v2\/tags?post=4130"}],"curies":[{"name":"wp","href":"https:\/\/api.w.org\/{rel}","templated":true}]}}