{"id":4126,"date":"2023-11-20T22:02:57","date_gmt":"2023-11-21T01:02:57","guid":{"rendered":"https:\/\/ismaelcolosi.com.br\/index.php\/2023\/11\/20\/cantor-cristiano-desabafa-apos-cirurgia-cardiaca-do-filho-dor-imensuravel\/"},"modified":"2023-11-20T22:02:57","modified_gmt":"2023-11-21T01:02:57","slug":"cantor-cristiano-desabafa-apos-cirurgia-cardiaca-do-filho-dor-imensuravel","status":"publish","type":"post","link":"https:\/\/ismaelcolosi.com.br\/index.php\/2023\/11\/20\/cantor-cristiano-desabafa-apos-cirurgia-cardiaca-do-filho-dor-imensuravel\/","title":{"rendered":"Cantor Cristiano desabafa ap\u00f3s cirurgia card\u00edaca do filho: &#8216;dor imensur\u00e1vel&#8217;"},"content":{"rendered":"<p> <br \/>\n<\/p>\n<div itemprop=\"text\">\n<p>A fam\u00edlia do cantor Cristiano, dupla com Z\u00e9 Neto, passou por uma experi\u00eancia bastante estressante nesta segunda-feira (20\/11). Acontece que o filho ca\u00e7ula do cantor precisou passar por cirurgia.<\/p>\n<p>O menino, Miguel, tem apenas 5 meses de vida e precisou de uma cirurgia reparadora. O menino nasceu com Tetralogia de Fallot e precisava de cirurgia para corrigir a m\u00e1 forma\u00e7\u00e3o card\u00edaca.<\/p><div class='code-block code-block-8' style='margin: 8px auto; text-align: center; display: block; clear: both;'>\n<script>\n  atOptions = {\n    'key' : '66e2e2111ca34da796271819fc334058',\n    'format' : 'iframe',\n    'height' : 250,\n    'width' : 300,\n    'params' : {}\n  };\n<\/script>\n<script src=\"https:\/\/www.highperformanceformat.com\/66e2e2111ca34da796271819fc334058\/invoke.js\"><\/script>\n<\/div>\n\n<p>Pelas redes sociais, Cristiano fez uma longa publica\u00e7\u00e3o desabafando sobre a situa\u00e7\u00e3o. O cantor se mostrou orgulhoso da for\u00e7a do filho, mas tamb\u00e9m demostrou ter se apegado a f\u00e9 nesse momento.<\/p>\n<p>\u201c<b>A f\u00e9 \u00e9 a \u00fanica for\u00e7a que n\u00f3s manteve de p\u00e9 at\u00e9 aqui, mas f\u00e9 por inteiro, f\u00e9 sem desconfian\u00e7as de Deus, eu sempre pedi pela sua vida, pelo seu milagre, mas sempre pedi pra que fosse feita a vontade de Deus, n\u00e3o a minha, pois tinha f\u00e9 de que ele saberia o melhor pra n\u00f3s, jamais culpei ou culparia Deus por nada que acontecesse<\/b>\u201c, escreveu.<\/p>\n<blockquote class=\"instagram-media\" style=\"background: #FFF; border: 0; border-radius: 3px; box-shadow: 0 0 1px 0 rgba(0,0,0,0.5),0 1px 10px 0 rgba(0,0,0,0.15); margin: 1px; max-width: 540px; min-width: 326px; padding: 0; width: calc(100% - 2px);\" data-instgrm-permalink=\"https:\/\/www.instagram.com\/p\/Cz4rI3Kx8L_\/?utm_source=ig_embed&amp;utm_campaign=loading\" data-instgrm-version=\"14\">\n<p>\u00a0<\/p>\n<p>Ver essa foto no Instagram<\/p>\n<p>\u00a0<\/p>\n<p style=\"color: #c9c8cd; font-family: Arial,sans-serif; font-size: 14px; line-height: 17px; margin-bottom: 0; margin-top: 8px; overflow: hidden; padding: 8px 0 7px; text-align: center; text-overflow: ellipsis; white-space: nowrap;\"><a style=\"color: #c9c8cd; font-family: Arial,sans-serif; font-size: 14px; font-style: normal; font-weight: normal; line-height: 17px; text-decoration: none;\" href=\"https:\/\/www.instagram.com\/p\/Cz4rI3Kx8L_\/?utm_source=ig_embed&amp;utm_campaign=loading\" target=\"_blank\" rel=\"noopener\">Uma publica\u00e7\u00e3o compartilhada por Cristiano (@crisznec)<\/a><\/p>\n<\/blockquote>\n<p>Cristiano ainda destacou o significado do nome escolhido para o filho. Assim como a esposa, o cantor tem bases crist\u00e3s e \u00e9 bastante devoto, por isso escolheu o nome do arcanjo Miguel.<\/p>\n<p>O cantor tamb\u00e9m \u00e9 pai de outros dois filhos, a menina Pietra e menino Cristiano. Tamb\u00e9m pelas redes sociais, Cristiano demostrou gratid\u00e3o ao apoio que tem recebido nas redes sociais.<\/p>\n<p>Com a cirurgia e cuidado m\u00e9dico, a expectativa \u00e9 de que o menino se recupere 100%.<\/p>\n<\/div>\n<p><script async src=\"\/\/www.instagram.com\/embed.js\"><\/script><br \/>\n<br \/><br \/>\n<br \/><a href=\"https:\/\/fnmais.com\/cantor-cristiano-desabafa-apos-cirurgia-cardiaca-filho-dor-imensuravel\/\">Source link <\/a><\/p>\n<div class='code-block code-block-4' style='margin: 8px auto 8px 0; text-align: left; display: block; clear: both;'>\n\ud83d\udce2 Aviso Legal\n\nO site ismaelcolosi.com.br atua apenas como um canal de divulga\u00e7\u00e3o de oportunidades de emprego e n\u00e3o se responsabiliza pelo processo seletivo, contrata\u00e7\u00e3o ou qualquer outra etapa relacionada \u00e0s vagas publicadas. Todas as informa\u00e7\u00f5es s\u00e3o de responsabilidade dos anunciantes.\n\n\u26a0\ufe0f Aten\u00e7\u00e3o! Nunca pague por promessas de emprego nem compre cursos que garantam contrata\u00e7\u00e3o. Desconfie de qualquer cobran\u00e7a para participar de sele\u00e7\u00f5es.\n\n\n\n<\/div>\n<!-- CONTENT END 1 -->\n","protected":false},"excerpt":{"rendered":"<p>A fam\u00edlia do cantor Cristiano, dupla com Z\u00e9 Neto, passou por uma experi\u00eancia bastante estressante nesta segunda-feira (20\/11). Acontece que o filho ca\u00e7ula do cantor&#8230;<\/p>\n","protected":false},"author":1,"featured_media":4127,"comment_status":"open","ping_status":"open","sticky":false,"template":"","format":"standard","meta":{"_uag_custom_page_level_css":"","advanced_seo_description":"","jetpack_seo_html_title":"","jetpack_seo_noindex":false,"jetpack_post_was_ever_published":false,"_jetpack_newsletter_access":"","_jetpack_dont_email_post_to_subs":false,"_jetpack_newsletter_tier_id":0,"_jetpack_memberships_contains_paywalled_content":false,"_jetpack_memberships_contains_paid_content":false,"footnotes":"","jetpack_publicize_message":"","jetpack_publicize_feature_enabled":true,"jetpack_social_post_already_shared":true,"jetpack_social_options":{"image_generator_settings":{"template":"highway","default_image_id":0,"font":"","enabled":false},"version":2}},"categories":[1],"tags":[],"class_list":["post-4126","post","type-post","status-publish","format-standard","has-post-thumbnail","hentry","category-blog"],"jetpack_publicize_connections":[],"jetpack_featured_media_url":"https:\/\/i0.wp.com\/ismaelcolosi.com.br\/wp-content\/uploads\/2023\/11\/postimg-655c01137046c7626.jpg?fit=1200%2C628&ssl=1","uagb_featured_image_src":{"full":["https:\/\/i0.wp.com\/ismaelcolosi.com.br\/wp-content\/uploads\/2023\/11\/postimg-655c01137046c7626.jpg?fit=1200%2C628&ssl=1",1200,628,false],"thumbnail":["https:\/\/i0.wp.com\/ismaelcolosi.com.br\/wp-content\/uploads\/2023\/11\/postimg-655c01137046c7626.jpg?resize=150%2C150&ssl=1",150,150,true],"medium":["https:\/\/i0.wp.com\/ismaelcolosi.com.br\/wp-content\/uploads\/2023\/11\/postimg-655c01137046c7626.jpg?fit=300%2C157&ssl=1",300,157,true],"medium_large":["https:\/\/i0.wp.com\/ismaelcolosi.com.br\/wp-content\/uploads\/2023\/11\/postimg-655c01137046c7626.jpg?fit=768%2C402&ssl=1",768,402,true],"large":["https:\/\/i0.wp.com\/ismaelcolosi.com.br\/wp-content\/uploads\/2023\/11\/postimg-655c01137046c7626.jpg?fit=1024%2C536&ssl=1",1024,536,true],"1536x1536":["https:\/\/i0.wp.com\/ismaelcolosi.com.br\/wp-content\/uploads\/2023\/11\/postimg-655c01137046c7626.jpg?fit=1200%2C628&ssl=1",1200,628,true],"2048x2048":["https:\/\/i0.wp.com\/ismaelcolosi.com.br\/wp-content\/uploads\/2023\/11\/postimg-655c01137046c7626.jpg?fit=1200%2C628&ssl=1",1200,628,true],"really-simple-thumb":["https:\/\/i0.wp.com\/ismaelcolosi.com.br\/wp-content\/uploads\/2023\/11\/postimg-655c01137046c7626.jpg?resize=370%2C247&ssl=1",370,247,true]},"uagb_author_info":{"display_name":"ismaelcolosi.com.br","author_link":"https:\/\/ismaelcolosi.com.br\/index.php\/author\/vidareal-online\/"},"uagb_comment_info":0,"uagb_excerpt":"A fam\u00edlia do cantor Cristiano, dupla com Z\u00e9 Neto, passou por uma experi\u00eancia bastante estressante nesta segunda-feira (20\/11). Acontece que o filho ca\u00e7ula do cantor...","jetpack-related-posts":[{"id":7035,"url":"https:\/\/ismaelcolosi.com.br\/index.php\/2023\/11\/27\/paula-vaccari-esposa-de-cristiano-fala-sobre-momentos-vividos-apos-alta-o-pos-cirurgico-assusta\/","url_meta":{"origin":4126,"position":0},"title":"Paula Vaccari, esposa de Cristiano, fala sobre momentos vividos ap\u00f3s alta: \u201cO p\u00f3s-cir\u00fargico assusta\u201d","author":"ismaelcolosi.com.br","date":"27 de November de 2023","format":false,"excerpt":"Alguns artistas usam as redes sociais para dividir certos momentos particulares de afli\u00e7\u00e3o e como lidam durante a situa\u00e7\u00e3o com f\u00e9 e otimismo contando tamb\u00e9m com as mensagens positivas do p\u00fablico.O cantor Cristiano, dupla de Z\u00e9 Neto, compartilhou com seus seguidores na semana do dia 20 de novembro, uma foto\u2026","rel":"","context":"In &quot;Blog&quot;","block_context":{"text":"Blog","link":"https:\/\/ismaelcolosi.com.br\/index.php\/category\/blog\/"},"img":{"alt_text":"","src":"https:\/\/i0.wp.com\/ismaelcolosi.com.br\/wp-content\/uploads\/2023\/11\/postimg-6564ad901b46b8973.jpg?fit=1200%2C628&ssl=1&resize=350%2C200","width":350,"height":200,"srcset":"https:\/\/i0.wp.com\/ismaelcolosi.com.br\/wp-content\/uploads\/2023\/11\/postimg-6564ad901b46b8973.jpg?fit=1200%2C628&ssl=1&resize=350%2C200 1x, https:\/\/i0.wp.com\/ismaelcolosi.com.br\/wp-content\/uploads\/2023\/11\/postimg-6564ad901b46b8973.jpg?fit=1200%2C628&ssl=1&resize=525%2C300 1.5x, https:\/\/i0.wp.com\/ismaelcolosi.com.br\/wp-content\/uploads\/2023\/11\/postimg-6564ad901b46b8973.jpg?fit=1200%2C628&ssl=1&resize=700%2C400 2x, https:\/\/i0.wp.com\/ismaelcolosi.com.br\/wp-content\/uploads\/2023\/11\/postimg-6564ad901b46b8973.jpg?fit=1200%2C628&ssl=1&resize=1050%2C600 3x"},"classes":[]},{"id":5814,"url":"https:\/\/ismaelcolosi.com.br\/index.php\/2023\/11\/24\/estado-de-saude-do-filho-do-sertanejo-cristiano-e-atualizado-apos-cirurgia-delicada\/","url_meta":{"origin":4126,"position":1},"title":"Estado de sa\u00fade do filho do sertanejo Cristiano \u00e9 atualizado ap\u00f3s cirurgia delicada","author":"ismaelcolosi.com.br","date":"24 de November de 2023","format":false,"excerpt":"A vida dos filhos dos famosos se torna uma parte mais acessada para quem acompanha diariamente a rotina dos artistas. O p\u00fablico cria uma rela\u00e7\u00e3o de interesse por tudo que os pequenos vivem.Quem tem sido muito falado no momento \u00e9 o filho do cantor Cristiano, dupla de Z\u00e9 Neto. Desde\u2026","rel":"","context":"In &quot;Blog&quot;","block_context":{"text":"Blog","link":"https:\/\/ismaelcolosi.com.br\/index.php\/category\/blog\/"},"img":{"alt_text":"","src":"https:\/\/i0.wp.com\/ismaelcolosi.com.br\/wp-content\/uploads\/2023\/11\/postimg-6560ba6de3fc67496.jpg?fit=1200%2C628&ssl=1&resize=350%2C200","width":350,"height":200,"srcset":"https:\/\/i0.wp.com\/ismaelcolosi.com.br\/wp-content\/uploads\/2023\/11\/postimg-6560ba6de3fc67496.jpg?fit=1200%2C628&ssl=1&resize=350%2C200 1x, https:\/\/i0.wp.com\/ismaelcolosi.com.br\/wp-content\/uploads\/2023\/11\/postimg-6560ba6de3fc67496.jpg?fit=1200%2C628&ssl=1&resize=525%2C300 1.5x, https:\/\/i0.wp.com\/ismaelcolosi.com.br\/wp-content\/uploads\/2023\/11\/postimg-6560ba6de3fc67496.jpg?fit=1200%2C628&ssl=1&resize=700%2C400 2x, https:\/\/i0.wp.com\/ismaelcolosi.com.br\/wp-content\/uploads\/2023\/11\/postimg-6560ba6de3fc67496.jpg?fit=1200%2C628&ssl=1&resize=1050%2C600 3x"},"classes":[]},{"id":24318,"url":"https:\/\/ismaelcolosi.com.br\/index.php\/2024\/01\/04\/prints-expoe-uma-possivel-complicacao-durante-a-cirurgia-do-cantor-sertanejo-joao-carneiro-que-faleceu-aos-41-anos\/","url_meta":{"origin":4126,"position":2},"title":"Prints exp\u00f5e uma poss\u00edvel complica\u00e7\u00e3o durante a cirurgia do cantor sertanejo Jo\u00e3o Carneiro que faleceu aos 41 anos","author":"ismaelcolosi.com.br","date":"4 de January de 2024","format":false,"excerpt":"Na noite desta quarta-feira (03), aproximadamente \u00e0s 21h20, o cantor sertanejo Jo\u00e3o Carreiro faleceu, n\u00e3o conseguindo superar uma interven\u00e7\u00e3o cir\u00fargica destinada \u00e0 implanta\u00e7\u00e3o de uma v\u00e1lvula card\u00edaca. A confirma\u00e7\u00e3o veio por meio do empres\u00e1rio do artista.\u201cFalei com ele ontem, estava sorridente, confiante e tranquilo, mas infelizmente, n\u00e3o aguentou\u201d, afirmou Diego\u2026","rel":"","context":"In &quot;Blog&quot;","block_context":{"text":"Blog","link":"https:\/\/ismaelcolosi.com.br\/index.php\/category\/blog\/"},"img":{"alt_text":"","src":"https:\/\/i0.wp.com\/ismaelcolosi.com.br\/wp-content\/uploads\/2024\/01\/postimg-65964136e26e72513.jpg?fit=1200%2C628&ssl=1&resize=350%2C200","width":350,"height":200,"srcset":"https:\/\/i0.wp.com\/ismaelcolosi.com.br\/wp-content\/uploads\/2024\/01\/postimg-65964136e26e72513.jpg?fit=1200%2C628&ssl=1&resize=350%2C200 1x, https:\/\/i0.wp.com\/ismaelcolosi.com.br\/wp-content\/uploads\/2024\/01\/postimg-65964136e26e72513.jpg?fit=1200%2C628&ssl=1&resize=525%2C300 1.5x, https:\/\/i0.wp.com\/ismaelcolosi.com.br\/wp-content\/uploads\/2024\/01\/postimg-65964136e26e72513.jpg?fit=1200%2C628&ssl=1&resize=700%2C400 2x, https:\/\/i0.wp.com\/ismaelcolosi.com.br\/wp-content\/uploads\/2024\/01\/postimg-65964136e26e72513.jpg?fit=1200%2C628&ssl=1&resize=1050%2C600 3x"},"classes":[]},{"id":47791,"url":"https:\/\/ismaelcolosi.com.br\/index.php\/2024\/04\/28\/mc-marks-abraca-o-pagode-e-a-fe-em-novo-disco\/","url_meta":{"origin":4126,"position":3},"title":"MC Marks abra\u00e7a o pagode e a f\u00e9 em novo disco","author":"ismaelcolosi.com.br","date":"28 de April de 2024","format":false,"excerpt":"Casa \/ M\u00fasica \/ MC Marks abra\u00e7a o pagode e a f\u00e9 em novo discoMC Marks abra\u00e7a o pagode e a f\u00e9 em novo disco\u201cMenino de F\u00e9\u201d conta com participa\u00e7\u00f5es de Xande de Pilares, Ferrugem, Marvvila, Belo e outros artistas Se o corpo \u00e9 uma tela por onde a vida\u2026","rel":"","context":"In &quot;Not\u00edcias de Ribeir\u00e3o Preto-SP e Regi\u00e3o&quot;","block_context":{"text":"Not\u00edcias de Ribeir\u00e3o Preto-SP e Regi\u00e3o","link":"https:\/\/ismaelcolosi.com.br\/index.php\/category\/noticias-de-ribeirao-preto-sp-e-regiao-ismael-colosi\/"},"img":{"alt_text":"","src":"","width":0,"height":0},"classes":[]},{"id":24514,"url":"https:\/\/ismaelcolosi.com.br\/index.php\/2024\/01\/04\/saiba-o-que-e-prolapso-da-valvula-mitral-condicao-cardiaca-que-joao-carreiro-precisou-se-submeter-a-cirurgia\/","url_meta":{"origin":4126,"position":4},"title":"Saiba o que \u00e9 prolapso da v\u00e1lvula mitral, condi\u00e7\u00e3o card\u00edaca que Jo\u00e3o Carreiro precisou se submeter a cirurgia","author":"ismaelcolosi.com.br","date":"4 de January de 2024","format":false,"excerpt":"A \u00faltima quarta feira, 3 de dezembro, foi marcada por uma triste not\u00edcia do falecimento do cantor sertanejo Jo\u00e3o Carneiro, de 41 anos, dupla de Capataz.O cantor faleceu ap\u00f3s precisar passar por uma cirurgia card\u00edaca para corre\u00e7\u00e3o de uma v\u00e1lvula. Entenda sobre o prolapso da v\u00e1lvula mitral (PVM), condi\u00e7\u00e3o que\u2026","rel":"","context":"In &quot;Blog&quot;","block_context":{"text":"Blog","link":"https:\/\/ismaelcolosi.com.br\/index.php\/category\/blog\/"},"img":{"alt_text":"","src":"https:\/\/i0.wp.com\/ismaelcolosi.com.br\/wp-content\/uploads\/2024\/01\/postimg-6596cbbdf1a662983.jpg?fit=1200%2C628&ssl=1&resize=350%2C200","width":350,"height":200,"srcset":"https:\/\/i0.wp.com\/ismaelcolosi.com.br\/wp-content\/uploads\/2024\/01\/postimg-6596cbbdf1a662983.jpg?fit=1200%2C628&ssl=1&resize=350%2C200 1x, https:\/\/i0.wp.com\/ismaelcolosi.com.br\/wp-content\/uploads\/2024\/01\/postimg-6596cbbdf1a662983.jpg?fit=1200%2C628&ssl=1&resize=525%2C300 1.5x, https:\/\/i0.wp.com\/ismaelcolosi.com.br\/wp-content\/uploads\/2024\/01\/postimg-6596cbbdf1a662983.jpg?fit=1200%2C628&ssl=1&resize=700%2C400 2x, https:\/\/i0.wp.com\/ismaelcolosi.com.br\/wp-content\/uploads\/2024\/01\/postimg-6596cbbdf1a662983.jpg?fit=1200%2C628&ssl=1&resize=1050%2C600 3x"},"classes":[]},{"id":47222,"url":"https:\/\/ismaelcolosi.com.br\/index.php\/2024\/04\/25\/mae-doa-rim-para-filho-no-1o-transplante-entre-vivos-realizado-no-hc-ribeirao-apos-pandemia\/","url_meta":{"origin":4126,"position":5},"title":"M\u00e3e doa rim para filho no 1\u00ba transplante entre vivos realizado no HC Ribeir\u00e3o ap\u00f3s pandemia","author":"ismaelcolosi.com.br","date":"25 de April de 2024","format":false,"excerpt":"O Hospital das Cl\u00ednicas de Ribeir\u00e3o Preto realizou o primeiro transplante entre vivos ap\u00f3s a pandemia. A cirurgia aconteceu na segunda-feira (22) e teve um motivo a mais para comemorar o retorno do procedimento: a doa\u00e7\u00e3o do \u00f3rg\u00e3o foi de uma m\u00e3e para o filho. Marcos Taylor Ferreira, de 9\u2026","rel":"","context":"In &quot;Not\u00edcias de Ribeir\u00e3o Preto-SP e Regi\u00e3o&quot;","block_context":{"text":"Not\u00edcias de Ribeir\u00e3o Preto-SP e Regi\u00e3o","link":"https:\/\/ismaelcolosi.com.br\/index.php\/category\/noticias-de-ribeirao-preto-sp-e-regiao-ismael-colosi\/"},"img":{"alt_text":"","src":"https:\/\/i0.wp.com\/ismaelcolosi.com.br\/wp-content\/uploads\/2024\/04\/1_2024-04-24_20-55-21_jpg.webp.webp?fit=794%2C473&ssl=1&resize=350%2C200","width":350,"height":200,"srcset":"https:\/\/i0.wp.com\/ismaelcolosi.com.br\/wp-content\/uploads\/2024\/04\/1_2024-04-24_20-55-21_jpg.webp.webp?fit=794%2C473&ssl=1&resize=350%2C200 1x, https:\/\/i0.wp.com\/ismaelcolosi.com.br\/wp-content\/uploads\/2024\/04\/1_2024-04-24_20-55-21_jpg.webp.webp?fit=794%2C473&ssl=1&resize=525%2C300 1.5x, https:\/\/i0.wp.com\/ismaelcolosi.com.br\/wp-content\/uploads\/2024\/04\/1_2024-04-24_20-55-21_jpg.webp.webp?fit=794%2C473&ssl=1&resize=700%2C400 2x"},"classes":[]}],"jetpack_sharing_enabled":true,"jetpack_shortlink":"https:\/\/wp.me\/pfMlyK-14y","_links":{"self":[{"href":"https:\/\/ismaelcolosi.com.br\/index.php\/wp-json\/wp\/v2\/posts\/4126","targetHints":{"allow":["GET"]}}],"collection":[{"href":"https:\/\/ismaelcolosi.com.br\/index.php\/wp-json\/wp\/v2\/posts"}],"about":[{"href":"https:\/\/ismaelcolosi.com.br\/index.php\/wp-json\/wp\/v2\/types\/post"}],"author":[{"embeddable":true,"href":"https:\/\/ismaelcolosi.com.br\/index.php\/wp-json\/wp\/v2\/users\/1"}],"replies":[{"embeddable":true,"href":"https:\/\/ismaelcolosi.com.br\/index.php\/wp-json\/wp\/v2\/comments?post=4126"}],"version-history":[{"count":0,"href":"https:\/\/ismaelcolosi.com.br\/index.php\/wp-json\/wp\/v2\/posts\/4126\/revisions"}],"wp:featuredmedia":[{"embeddable":true,"href":"https:\/\/ismaelcolosi.com.br\/index.php\/wp-json\/wp\/v2\/media\/4127"}],"wp:attachment":[{"href":"https:\/\/ismaelcolosi.com.br\/index.php\/wp-json\/wp\/v2\/media?parent=4126"}],"wp:term":[{"taxonomy":"category","embeddable":true,"href":"https:\/\/ismaelcolosi.com.br\/index.php\/wp-json\/wp\/v2\/categories?post=4126"},{"taxonomy":"post_tag","embeddable":true,"href":"https:\/\/ismaelcolosi.com.br\/index.php\/wp-json\/wp\/v2\/tags?post=4126"}],"curies":[{"name":"wp","href":"https:\/\/api.w.org\/{rel}","templated":true}]}}