{"id":41254,"date":"2024-03-07T10:37:30","date_gmt":"2024-03-07T13:37:30","guid":{"rendered":"https:\/\/ismaelcolosi.com.br\/index.php\/2024\/03\/07\/mulher-com-alzheimer-desaparece-na-cidade\/"},"modified":"2024-03-07T10:37:30","modified_gmt":"2024-03-07T13:37:30","slug":"mulher-com-alzheimer-desaparece-na-cidade","status":"publish","type":"post","link":"https:\/\/ismaelcolosi.com.br\/index.php\/2024\/03\/07\/mulher-com-alzheimer-desaparece-na-cidade\/","title":{"rendered":"Mulher com Alzheimer desaparece na cidade\u00a0"},"content":{"rendered":"<p> <br \/>\n<\/p>\n<div id=\"post-376506\">\n<header class=\"entry-header penci-entry-header penci-title-center\">\n<p> <span class=\"entry-meta-item penci-posted-on\"><i class=\"fa fa-clock-o\"\/><time class=\"entry-date published\" datetime=\"2024-03-07T10:30:42-03:00\">7 de mar\u00e7o de 2024 | 10:30<\/time><time class=\"updated\" datetime=\"2024-03-07T10:02:10-03:00\">7 de mar\u00e7o de 2024 | 10:02<\/time><\/span><\/p>\n<p> <span class=\"penci-social-buttons penci-social-share-footer\"><a href=\"#\" class=\"penci-post-like penci_post-meta_item  single-like-button penci-social-item like\" data-post_id=\"376506\" title=\"Like\" data-like=\"Like\" data-unlike=\"Unlike\"><i class=\"fa fa-thumbs-o-up\"\/><span class=\"penci-share-number\">0<\/span><\/a><i class=\"fa fa-facebook\"\/><a class=\"penci-social-item twitter\" target=\"_blank\" rel=\"noopener\" title=\"\" href=\"https:\/\/twitter.com\/intent\/tweet?text=Mulher%20com%20Alzheimer%20desaparece%20na%20cidade\u00a0%20-%20https:\/\/www.tribunaribeirao.com.br\/site\/mulher-com-alzheimer-desaparece-na-cidade\/\"><i class=\"fa fa-twitter\"\/><\/a><i class=\"fa fa-whatsapp\"\/><\/span><\/header>\n<div class=\"penci-entry-content entry-content\">\n<p><span data-contrast=\"none\">Ana de Jesus Barbosa, de 79 anos, est\u00e1 desaparecida h\u00e1 dez dias. Segundo a fam\u00edlia, apanhou um \u00f4nibus no Complexo Ribeir\u00e3o Verde, Zona Leste da cidade, com destino ao Centro.\u00a0 Teria descido no Terminal Rodovi\u00e1rio e foi vista, pela \u00faltima vez, na Vila Tib\u00e9rio, regi\u00e3o Oeste. <\/span><\/p>\n<p><span data-contrast=\"none\">Ana de Jesus Barbosa tem diagn\u00f3stico de Alzheimer. Qualquer informa\u00e7\u00e3o que leve ao seu paradeiro pode ser passada pelos telefones (16) 98864-5197 ou (16) 99183-7583.<\/span><\/p>\n<p><span data-ccp-props=\"{&quot;134245418&quot;:true,&quot;134245529&quot;:true,&quot;201341983&quot;:0,&quot;335559739&quot;:0,&quot;335559740&quot;:240}\">\u00a0<\/span><\/p>\n<\/div>\n<footer class=\"penci-entry-footer\"\/><\/div>\n<p><script async src=\"\/\/platform.twitter.com\/widgets.js\" charset=\"utf-8\"><\/script><br \/>\n<br \/><br \/>\n<br \/><a href=\"https:\/\/www.tribunaribeirao.com.br\/site\/mulher-com-alzheimer-desaparece-na-cidade\/\">Source link <\/a><\/p>\n<div class='code-block code-block-4' style='margin: 8px auto 8px 0; text-align: left; display: block; clear: both;'>\n\ud83d\udce2 Aviso Legal\n\nO site ismaelcolosi.com.br atua apenas como um canal de divulga\u00e7\u00e3o de oportunidades de emprego e n\u00e3o se responsabiliza pelo processo seletivo, contrata\u00e7\u00e3o ou qualquer outra etapa relacionada \u00e0s vagas publicadas. Todas as informa\u00e7\u00f5es s\u00e3o de responsabilidade dos anunciantes.\n\n\u26a0\ufe0f Aten\u00e7\u00e3o! Nunca pague por promessas de emprego nem compre cursos que garantam contrata\u00e7\u00e3o. Desconfie de qualquer cobran\u00e7a para participar de sele\u00e7\u00f5es.\n\n\n\n<\/div>\n<!-- CONTENT END 1 -->\n","protected":false},"excerpt":{"rendered":"<p>7 de mar\u00e7o de 2024 | 10:307 de mar\u00e7o de 2024 | 10:02 0 Ana de Jesus Barbosa, de 79 anos, est\u00e1 desaparecida h\u00e1 dez&#8230;<\/p>\n","protected":false},"author":1,"featured_media":41255,"comment_status":"open","ping_status":"open","sticky":false,"template":"","format":"standard","meta":{"_uag_custom_page_level_css":"","advanced_seo_description":"","jetpack_seo_html_title":"","jetpack_seo_noindex":false,"jetpack_post_was_ever_published":false,"_jetpack_newsletter_access":"","_jetpack_dont_email_post_to_subs":false,"_jetpack_newsletter_tier_id":0,"_jetpack_memberships_contains_paywalled_content":false,"_jetpack_memberships_contains_paid_content":false,"footnotes":"","jetpack_publicize_message":"","jetpack_publicize_feature_enabled":true,"jetpack_social_post_already_shared":true,"jetpack_social_options":{"image_generator_settings":{"template":"highway","default_image_id":0,"font":"","enabled":false},"version":2}},"categories":[11],"tags":[4820,273,393,325],"class_list":["post-41254","post","type-post","status-publish","format-standard","has-post-thumbnail","hentry","category-noticias-de-ribeirao-preto-sp-e-regiao-ismael-colosi","tag-alzheimer","tag-cidade","tag-desaparece","tag-mulher"],"jetpack_publicize_connections":[],"jetpack_featured_media_url":"https:\/\/i0.wp.com\/ismaelcolosi.com.br\/wp-content\/uploads\/2024\/03\/Sumida-Arquivo-familiar.jpg?fit=474%2C645&ssl=1","uagb_featured_image_src":{"full":["https:\/\/i0.wp.com\/ismaelcolosi.com.br\/wp-content\/uploads\/2024\/03\/Sumida-Arquivo-familiar.jpg?fit=474%2C645&ssl=1",474,645,false],"thumbnail":["https:\/\/i0.wp.com\/ismaelcolosi.com.br\/wp-content\/uploads\/2024\/03\/Sumida-Arquivo-familiar.jpg?resize=150%2C150&ssl=1",150,150,true],"medium":["https:\/\/i0.wp.com\/ismaelcolosi.com.br\/wp-content\/uploads\/2024\/03\/Sumida-Arquivo-familiar.jpg?fit=220%2C300&ssl=1",220,300,true],"medium_large":["https:\/\/i0.wp.com\/ismaelcolosi.com.br\/wp-content\/uploads\/2024\/03\/Sumida-Arquivo-familiar.jpg?fit=474%2C645&ssl=1",474,645,true],"large":["https:\/\/i0.wp.com\/ismaelcolosi.com.br\/wp-content\/uploads\/2024\/03\/Sumida-Arquivo-familiar.jpg?fit=474%2C645&ssl=1",474,645,true],"1536x1536":["https:\/\/i0.wp.com\/ismaelcolosi.com.br\/wp-content\/uploads\/2024\/03\/Sumida-Arquivo-familiar.jpg?fit=474%2C645&ssl=1",474,645,true],"2048x2048":["https:\/\/i0.wp.com\/ismaelcolosi.com.br\/wp-content\/uploads\/2024\/03\/Sumida-Arquivo-familiar.jpg?fit=474%2C645&ssl=1",474,645,true],"really-simple-thumb":["https:\/\/i0.wp.com\/ismaelcolosi.com.br\/wp-content\/uploads\/2024\/03\/Sumida-Arquivo-familiar.jpg?resize=370%2C247&ssl=1",370,247,true]},"uagb_author_info":{"display_name":"ismaelcolosi.com.br","author_link":"https:\/\/ismaelcolosi.com.br\/index.php\/author\/vidareal-online\/"},"uagb_comment_info":0,"uagb_excerpt":"7 de mar\u00e7o de 2024 | 10:307 de mar\u00e7o de 2024 | 10:02 0 Ana de Jesus Barbosa, de 79 anos, est\u00e1 desaparecida h\u00e1 dez...","jetpack-related-posts":[{"id":48835,"url":"https:\/\/ismaelcolosi.com.br\/index.php\/2024\/05\/07\/mulher-desaparece-apos-incendio-em-residencia-onde-morava-na-regiao-de-ribeirao-preto\/","url_meta":{"origin":41254,"position":0},"title":"Mulher desaparece ap\u00f3s inc\u00eandio em resid\u00eancia onde morava na regi\u00e3o de Ribeir\u00e3o Preto","author":"ismaelcolosi.com.br","date":"7 de May de 2024","format":false,"excerpt":"Uma fam\u00edlia de Cristais Paulista, cidade na regi\u00e3o de Ribeir\u00e3o Preto, procura por Rosinai Cardoso, de 43 anos, que est\u00e1 desaparecida desde a madrugada de s\u00e1bado (4), ap\u00f3s um inc\u00eandio atingir a casa onde ela vivia na zona rural do munic\u00edpio. De acordo com o boletim de ocorr\u00eancia (BO), o\u2026","rel":"","context":"In &quot;Not\u00edcias de Ribeir\u00e3o Preto-SP e Regi\u00e3o&quot;","block_context":{"text":"Not\u00edcias de Ribeir\u00e3o Preto-SP e Regi\u00e3o","link":"https:\/\/ismaelcolosi.com.br\/index.php\/category\/noticias-de-ribeirao-preto-sp-e-regiao-ismael-colosi\/"},"img":{"alt_text":"","src":"https:\/\/i0.wp.com\/ismaelcolosi.com.br\/wp-content\/uploads\/2024\/05\/AnyConv.com__Copia-de-Copia-de-TAMANHO-EXATO-PARA-FOTOS-NO-SISTEMA-NOVO-27_2024-05-07_00-30-16.webp.webp?fit=1200%2C675&ssl=1&resize=350%2C200","width":350,"height":200,"srcset":"https:\/\/i0.wp.com\/ismaelcolosi.com.br\/wp-content\/uploads\/2024\/05\/AnyConv.com__Copia-de-Copia-de-TAMANHO-EXATO-PARA-FOTOS-NO-SISTEMA-NOVO-27_2024-05-07_00-30-16.webp.webp?fit=1200%2C675&ssl=1&resize=350%2C200 1x, https:\/\/i0.wp.com\/ismaelcolosi.com.br\/wp-content\/uploads\/2024\/05\/AnyConv.com__Copia-de-Copia-de-TAMANHO-EXATO-PARA-FOTOS-NO-SISTEMA-NOVO-27_2024-05-07_00-30-16.webp.webp?fit=1200%2C675&ssl=1&resize=525%2C300 1.5x, https:\/\/i0.wp.com\/ismaelcolosi.com.br\/wp-content\/uploads\/2024\/05\/AnyConv.com__Copia-de-Copia-de-TAMANHO-EXATO-PARA-FOTOS-NO-SISTEMA-NOVO-27_2024-05-07_00-30-16.webp.webp?fit=1200%2C675&ssl=1&resize=700%2C400 2x, https:\/\/i0.wp.com\/ismaelcolosi.com.br\/wp-content\/uploads\/2024\/05\/AnyConv.com__Copia-de-Copia-de-TAMANHO-EXATO-PARA-FOTOS-NO-SISTEMA-NOVO-27_2024-05-07_00-30-16.webp.webp?fit=1200%2C675&ssl=1&resize=1050%2C600 3x"},"classes":[]},{"id":68396,"url":"https:\/\/ismaelcolosi.com.br\/index.php\/2024\/09\/29\/moradora-da-regiao-de-ribeirao-desaparece-apos-embarcacao-virar-no-rio-grande\/","url_meta":{"origin":41254,"position":1},"title":"Moradora da regi\u00e3o de Ribeir\u00e3o desaparece ap\u00f3s embarca\u00e7\u00e3o virar no rio Grande","author":"ismaelcolosi.com.br","date":"29 de September de 2024","format":false,"excerpt":"Uma moradora de Franca, cidade na regi\u00e3o de Ribeir\u00e3o Preto, desapareceu ap\u00f3s a embarca\u00e7\u00e3o em que ela estava virar no rio Grande, entre os munic\u00edpios de Claraval e Ibiraci, em Minas Gerais, na tarde deste s\u00e1bado (28). De acordo com as informa\u00e7\u00f5es do Corpo de Bombeiros de Sacramento-MG, a mulher\u2026","rel":"","context":"In &quot;Not\u00edcias de Ribeir\u00e3o Preto-SP e Regi\u00e3o&quot;","block_context":{"text":"Not\u00edcias de Ribeir\u00e3o Preto-SP e Regi\u00e3o","link":"https:\/\/ismaelcolosi.com.br\/index.php\/category\/noticias-de-ribeirao-preto-sp-e-regiao-ismael-colosi\/"},"img":{"alt_text":"","src":"https:\/\/i0.wp.com\/ismaelcolosi.com.br\/wp-content\/uploads\/2024\/09\/Copia-de-Copia-de-Copia-de-TAMANHO-EXATO-PARA-FOTOS-NO-SISTEMA-NOVO-81_2024-09-29_20-50-40_png_2024-09-29_20-50-41.webp.webp?fit=1200%2C675&ssl=1&resize=350%2C200","width":350,"height":200,"srcset":"https:\/\/i0.wp.com\/ismaelcolosi.com.br\/wp-content\/uploads\/2024\/09\/Copia-de-Copia-de-Copia-de-TAMANHO-EXATO-PARA-FOTOS-NO-SISTEMA-NOVO-81_2024-09-29_20-50-40_png_2024-09-29_20-50-41.webp.webp?fit=1200%2C675&ssl=1&resize=350%2C200 1x, https:\/\/i0.wp.com\/ismaelcolosi.com.br\/wp-content\/uploads\/2024\/09\/Copia-de-Copia-de-Copia-de-TAMANHO-EXATO-PARA-FOTOS-NO-SISTEMA-NOVO-81_2024-09-29_20-50-40_png_2024-09-29_20-50-41.webp.webp?fit=1200%2C675&ssl=1&resize=525%2C300 1.5x, https:\/\/i0.wp.com\/ismaelcolosi.com.br\/wp-content\/uploads\/2024\/09\/Copia-de-Copia-de-Copia-de-TAMANHO-EXATO-PARA-FOTOS-NO-SISTEMA-NOVO-81_2024-09-29_20-50-40_png_2024-09-29_20-50-41.webp.webp?fit=1200%2C675&ssl=1&resize=700%2C400 2x, https:\/\/i0.wp.com\/ismaelcolosi.com.br\/wp-content\/uploads\/2024\/09\/Copia-de-Copia-de-Copia-de-TAMANHO-EXATO-PARA-FOTOS-NO-SISTEMA-NOVO-81_2024-09-29_20-50-40_png_2024-09-29_20-50-41.webp.webp?fit=1200%2C675&ssl=1&resize=1050%2C600 3x"},"classes":[]},{"id":3711,"url":"https:\/\/ismaelcolosi.com.br\/index.php\/2023\/11\/19\/utm_sourcerssutm_mediumrssutm_campaignmulher-desaparece-apos-sair-de-moto-com-ex-ficante-na-zona-norte-de-ribeirao-preto\/","url_meta":{"origin":41254,"position":2},"title":"Mulher desaparece ap\u00f3s sair de moto com ex-ficante na zona Norte de Ribeir\u00e3o Preto \u2013 X Tudo Ribeir\u00e3o","author":"ismaelcolosi.com.br","date":"19 de November de 2023","format":false,"excerpt":"Os Policiais Civis da 3\u00aa Delegacia de Homic\u00eddios \/ DEIC do Deinter 3 investigam o desaparecimento de uma mulher de 57 anos, que ocorreu na \u00faltima quinta-feira (16\/11), na zona Norte de Ribeir\u00e3o Preto.\u00a0 Segundo informa\u00e7\u00f5es passadas para Pol\u00edcia Civil, a \u00faltima vez que Maristela Monteiro Barbosa, ocorreu antes da\u2026","rel":"","context":"In &quot;Not\u00edcias de Ribeir\u00e3o Preto-SP e Regi\u00e3o&quot;","block_context":{"text":"Not\u00edcias de Ribeir\u00e3o Preto-SP e Regi\u00e3o","link":"https:\/\/ismaelcolosi.com.br\/index.php\/category\/noticias-de-ribeirao-preto-sp-e-regiao-ismael-colosi\/"},"img":{"alt_text":"","src":"https:\/\/i0.wp.com\/ismaelcolosi.com.br\/wp-content\/uploads\/2023\/11\/WhatsApp-Image-2023-11-19-at-22.26.36.jpeg?fit=757%2C755&ssl=1&resize=350%2C200","width":350,"height":200,"srcset":"https:\/\/i0.wp.com\/ismaelcolosi.com.br\/wp-content\/uploads\/2023\/11\/WhatsApp-Image-2023-11-19-at-22.26.36.jpeg?fit=757%2C755&ssl=1&resize=350%2C200 1x, https:\/\/i0.wp.com\/ismaelcolosi.com.br\/wp-content\/uploads\/2023\/11\/WhatsApp-Image-2023-11-19-at-22.26.36.jpeg?fit=757%2C755&ssl=1&resize=525%2C300 1.5x, https:\/\/i0.wp.com\/ismaelcolosi.com.br\/wp-content\/uploads\/2023\/11\/WhatsApp-Image-2023-11-19-at-22.26.36.jpeg?fit=757%2C755&ssl=1&resize=700%2C400 2x"},"classes":[]},{"id":44217,"url":"https:\/\/ismaelcolosi.com.br\/index.php\/2024\/03\/26\/desaparecimento-de-idosa-com-alzheimer-completa-um-mes-em-ribeirao-preto\/","url_meta":{"origin":41254,"position":3},"title":"Desaparecimento de idosa com Alzheimer completa um m\u00eas em Ribeir\u00e3o Preto","author":"ismaelcolosi.com.br","date":"26 de March de 2024","format":false,"excerpt":"Completou nesta ter\u00e7a-feira (26), um m\u00eas que a idosa Ana de Jesus Novais, de 79 anos, est\u00e1 desaparecida em Ribeir\u00e3o Preto. A fam\u00edlia registrou boletim de ocorr\u00eancia sobre o caso, mas at\u00e9 o momento diz n\u00e3o ter informa\u00e7\u00e3o sobre o paradeiro da mulher. Ao portal acidade on Ribeir\u00e3o, a neta\u2026","rel":"","context":"In &quot;Not\u00edcias de Ribeir\u00e3o Preto-SP e Regi\u00e3o&quot;","block_context":{"text":"Not\u00edcias de Ribeir\u00e3o Preto-SP e Regi\u00e3o","link":"https:\/\/ismaelcolosi.com.br\/index.php\/category\/noticias-de-ribeirao-preto-sp-e-regiao-ismael-colosi\/"},"img":{"alt_text":"","src":"https:\/\/i0.wp.com\/ismaelcolosi.com.br\/wp-content\/uploads\/2024\/03\/1711478892_Copia-de-Copia-de-TAMANHO-EXATO-PARA-FOTOS-NO-SISTEMA-NOVO-38.jpg?fit=1200%2C675&ssl=1&resize=350%2C200","width":350,"height":200,"srcset":"https:\/\/i0.wp.com\/ismaelcolosi.com.br\/wp-content\/uploads\/2024\/03\/1711478892_Copia-de-Copia-de-TAMANHO-EXATO-PARA-FOTOS-NO-SISTEMA-NOVO-38.jpg?fit=1200%2C675&ssl=1&resize=350%2C200 1x, https:\/\/i0.wp.com\/ismaelcolosi.com.br\/wp-content\/uploads\/2024\/03\/1711478892_Copia-de-Copia-de-TAMANHO-EXATO-PARA-FOTOS-NO-SISTEMA-NOVO-38.jpg?fit=1200%2C675&ssl=1&resize=525%2C300 1.5x, https:\/\/i0.wp.com\/ismaelcolosi.com.br\/wp-content\/uploads\/2024\/03\/1711478892_Copia-de-Copia-de-TAMANHO-EXATO-PARA-FOTOS-NO-SISTEMA-NOVO-38.jpg?fit=1200%2C675&ssl=1&resize=700%2C400 2x, https:\/\/i0.wp.com\/ismaelcolosi.com.br\/wp-content\/uploads\/2024\/03\/1711478892_Copia-de-Copia-de-TAMANHO-EXATO-PARA-FOTOS-NO-SISTEMA-NOVO-38.jpg?fit=1200%2C675&ssl=1&resize=1050%2C600 3x"},"classes":[]},{"id":8778,"url":"https:\/\/ismaelcolosi.com.br\/index.php\/2023\/11\/30\/adolescente-desaparece-em-rio-de-cidade-na-regiao-de-ribeirao-preto\/","url_meta":{"origin":41254,"position":4},"title":"Adolescente desaparece em rio de cidade na regi\u00e3o de Ribeir\u00e3o Preto","author":"ismaelcolosi.com.br","date":"30 de November de 2023","format":false,"excerpt":"Um adolescente de 14 anos desapareceu no rio Mogi Gua\u00e7u, em Barrinha, cidade da regi\u00e3o de Ribeir\u00e3o Preto, na tarde desta quinta-feira (30). De acordo com as primeiras informa\u00e7\u00f5es, o jovem estaria nadando quando desapareceu no rio. Viaturas do Corpo de Bombeiros, Defesa Civil e Pol\u00edcia Militar est\u00e3o no local\u2026","rel":"","context":"In &quot;Not\u00edcias de Ribeir\u00e3o Preto-SP e Regi\u00e3o&quot;","block_context":{"text":"Not\u00edcias de Ribeir\u00e3o Preto-SP e Regi\u00e3o","link":"https:\/\/ismaelcolosi.com.br\/index.php\/category\/noticias-de-ribeirao-preto-sp-e-regiao-ismael-colosi\/"},"img":{"alt_text":"","src":"https:\/\/i0.wp.com\/ismaelcolosi.com.br\/wp-content\/uploads\/2023\/11\/Copia-de-Copia-de-TAMANHO-EXATO-PARA-FOTOS-NO-SISTEMA-NOVO-5.png?fit=1200%2C675&ssl=1&resize=350%2C200","width":350,"height":200,"srcset":"https:\/\/i0.wp.com\/ismaelcolosi.com.br\/wp-content\/uploads\/2023\/11\/Copia-de-Copia-de-TAMANHO-EXATO-PARA-FOTOS-NO-SISTEMA-NOVO-5.png?fit=1200%2C675&ssl=1&resize=350%2C200 1x, https:\/\/i0.wp.com\/ismaelcolosi.com.br\/wp-content\/uploads\/2023\/11\/Copia-de-Copia-de-TAMANHO-EXATO-PARA-FOTOS-NO-SISTEMA-NOVO-5.png?fit=1200%2C675&ssl=1&resize=525%2C300 1.5x, https:\/\/i0.wp.com\/ismaelcolosi.com.br\/wp-content\/uploads\/2023\/11\/Copia-de-Copia-de-TAMANHO-EXATO-PARA-FOTOS-NO-SISTEMA-NOVO-5.png?fit=1200%2C675&ssl=1&resize=700%2C400 2x, https:\/\/i0.wp.com\/ismaelcolosi.com.br\/wp-content\/uploads\/2023\/11\/Copia-de-Copia-de-TAMANHO-EXATO-PARA-FOTOS-NO-SISTEMA-NOVO-5.png?fit=1200%2C675&ssl=1&resize=1050%2C600 3x"},"classes":[]},{"id":15813,"url":"https:\/\/ismaelcolosi.com.br\/index.php\/2023\/12\/14\/habito-comum-e-feito-as-escondidas-aumenta-risco-de-alzheimer\/","url_meta":{"origin":41254,"position":5},"title":"H\u00e1bito comum e feito \u00e0s escondidas aumenta risco de Alzheimer","author":"ismaelcolosi.com.br","date":"14 de December de 2023","format":false,"excerpt":"Cr\u00e9ditos: iStock\/digicomphotoLimpar nariz com o dedo pode aumentar chances de Alzheimer Os cientistas v\u00eam argumentando ultimamente que um h\u00e1bito bastante comum, mas feito \u00e0s escondidas, pode aumentar o risco de desenvolver Alzheimer. Segundo uma pesquisa realizada com camundongos, a a\u00e7\u00e3o de cutucar o nariz para tirar \u201cmeleca\u201d pode impulsionar o\u2026","rel":"","context":"In &quot;Variedades&quot;","block_context":{"text":"Variedades","link":"https:\/\/ismaelcolosi.com.br\/index.php\/category\/variedades\/"},"img":{"alt_text":"","src":"https:\/\/i0.wp.com\/ismaelcolosi.com.br\/wp-content\/uploads\/2023\/12\/istock-1125084447.jpg?fit=1200%2C638&ssl=1&resize=350%2C200","width":350,"height":200,"srcset":"https:\/\/i0.wp.com\/ismaelcolosi.com.br\/wp-content\/uploads\/2023\/12\/istock-1125084447.jpg?fit=1200%2C638&ssl=1&resize=350%2C200 1x, https:\/\/i0.wp.com\/ismaelcolosi.com.br\/wp-content\/uploads\/2023\/12\/istock-1125084447.jpg?fit=1200%2C638&ssl=1&resize=525%2C300 1.5x, https:\/\/i0.wp.com\/ismaelcolosi.com.br\/wp-content\/uploads\/2023\/12\/istock-1125084447.jpg?fit=1200%2C638&ssl=1&resize=700%2C400 2x, https:\/\/i0.wp.com\/ismaelcolosi.com.br\/wp-content\/uploads\/2023\/12\/istock-1125084447.jpg?fit=1200%2C638&ssl=1&resize=1050%2C600 3x"},"classes":[]}],"jetpack_sharing_enabled":true,"jetpack_shortlink":"https:\/\/wp.me\/pfMlyK-aJo","_links":{"self":[{"href":"https:\/\/ismaelcolosi.com.br\/index.php\/wp-json\/wp\/v2\/posts\/41254","targetHints":{"allow":["GET"]}}],"collection":[{"href":"https:\/\/ismaelcolosi.com.br\/index.php\/wp-json\/wp\/v2\/posts"}],"about":[{"href":"https:\/\/ismaelcolosi.com.br\/index.php\/wp-json\/wp\/v2\/types\/post"}],"author":[{"embeddable":true,"href":"https:\/\/ismaelcolosi.com.br\/index.php\/wp-json\/wp\/v2\/users\/1"}],"replies":[{"embeddable":true,"href":"https:\/\/ismaelcolosi.com.br\/index.php\/wp-json\/wp\/v2\/comments?post=41254"}],"version-history":[{"count":0,"href":"https:\/\/ismaelcolosi.com.br\/index.php\/wp-json\/wp\/v2\/posts\/41254\/revisions"}],"wp:featuredmedia":[{"embeddable":true,"href":"https:\/\/ismaelcolosi.com.br\/index.php\/wp-json\/wp\/v2\/media\/41255"}],"wp:attachment":[{"href":"https:\/\/ismaelcolosi.com.br\/index.php\/wp-json\/wp\/v2\/media?parent=41254"}],"wp:term":[{"taxonomy":"category","embeddable":true,"href":"https:\/\/ismaelcolosi.com.br\/index.php\/wp-json\/wp\/v2\/categories?post=41254"},{"taxonomy":"post_tag","embeddable":true,"href":"https:\/\/ismaelcolosi.com.br\/index.php\/wp-json\/wp\/v2\/tags?post=41254"}],"curies":[{"name":"wp","href":"https:\/\/api.w.org\/{rel}","templated":true}]}}