{"id":41204,"date":"2024-03-06T20:27:33","date_gmt":"2024-03-06T23:27:33","guid":{"rendered":"https:\/\/ismaelcolosi.com.br\/index.php\/2024\/03\/06\/namorada-que-esfaqueou-corretor-de-imoveis-em-ribeirao-preto-alega-legitima-defesa\/"},"modified":"2024-03-06T20:27:33","modified_gmt":"2024-03-06T23:27:33","slug":"namorada-que-esfaqueou-corretor-de-imoveis-em-ribeirao-preto-alega-legitima-defesa","status":"publish","type":"post","link":"https:\/\/ismaelcolosi.com.br\/index.php\/2024\/03\/06\/namorada-que-esfaqueou-corretor-de-imoveis-em-ribeirao-preto-alega-legitima-defesa\/","title":{"rendered":"Namorada que esfaqueou corretor de im\u00f3veis em Ribeir\u00e3o Preto alega leg\u00edtima defesa"},"content":{"rendered":"<p> <br \/>\n<\/p>\n<div>\n<p>A suspeita de ter matado esfaqueado o corretor de im\u00f3veis Carlos Felipe Camargo da Silva, de 29 anos, no \u00faltimo domingo (3), confessou o crime na <strong>Delegacia de Investiga\u00e7\u00f5es Gerais (DIG)<\/strong> de <strong>Ribeir\u00e3o Preto,<\/strong> nesta quarta-feira (6), e disse <strong><mark style=\"background-color:#fcb900\" class=\"has-inline-color\">que agiu em leg\u00edtima defesa.<\/mark><\/strong><\/p>\n<p>Ap\u00f3s prestar depoimento \u00e0 pol\u00edcia, a vendedora <strong>Brenda Caroline Pereira Xavier<\/strong>, de 29 anos, at\u00e9 ent\u00e3o namorada da v\u00edtima, conversou com a imprensa sobre o ocorrido e afirmou que era <strong>constantemente agredida no relacionamento.<\/strong><\/p>\n<figure class=\"wp-block-pullquote\">\n<blockquote>\n<p>Eu jamais tiraria a vida dele, mas isso teve que ser feito para salvar a minha. N\u00e3o foi a primeira agress\u00e3o que eu sofri, j\u00e1 teve outras e eu tenho provas disso tamb\u00e9m. Eu n\u00e3o tenho muito que falar. Voc\u00eas est\u00e3o aqui e est\u00e3o vendo. Tudo vai ser provado pela defesa minha<\/p>\n<p><cite>Brenda Caroline Pereira Xavier<\/cite><\/p><\/blockquote>\n<\/figure>\n<figure class=\"wp-block-gallery has-nested-images columns-default is-cropped wp-block-gallery-1 is-layout-flex\">\n<figure class=\"wp-block-image size-large\"><img data-recalc-dims=\"1\" loading=\"lazy\" decoding=\"async\" width=\"1005\" height=\"616\" data-id=\"72479\" src=\"https:\/\/i0.wp.com\/www.acidadeon.com\/ribeiraopreto\/wp-content\/uploads\/sites\/3\/2024\/03\/WhatsApp-Image-2024-03-06-at-20.15.10.jpeg?resize=1005%2C616&#038;ssl=1\" alt=\"\" class=\"wp-image-72479\" srcset=\"https:\/\/www.acidadeon.com\/ribeiraopreto\/wp-content\/uploads\/sites\/3\/2024\/03\/WhatsApp-Image-2024-03-06-at-20.15.10.jpeg 1005w, https:\/\/www.acidadeon.com\/ribeiraopreto\/wp-content\/uploads\/sites\/3\/2024\/03\/WhatsApp-Image-2024-03-06-at-20.15.10-300x184.jpeg 300w, https:\/\/www.acidadeon.com\/ribeiraopreto\/wp-content\/uploads\/sites\/3\/2024\/03\/WhatsApp-Image-2024-03-06-at-20.15.10-768x471.jpeg 768w, https:\/\/www.acidadeon.com\/ribeiraopreto\/wp-content\/uploads\/sites\/3\/2024\/03\/WhatsApp-Image-2024-03-06-at-20.15.10-696x427.jpeg 696w\" sizes=\"auto, (max-width: 1005px) 100vw, 1005px\"\/><figcaption class=\"wp-element-caption\">Fotos antigas ser\u00e3o investigadas pela pol\u00edcia. (Foto: Reprodu\u00e7\u00e3o\/ EPTV)<\/figcaption><\/figure>\n<\/figure>\n<p>Em entrevista a <em>EPTV<\/em>, o irm\u00e3o da v\u00edtima, Bruno Camargo Fel\u00edcio, disse que <strong>n\u00e3o concorda com o que foi dito a pol\u00edcia<\/strong> e informou que Brenda <strong>era uma pessoa possessiva dentro do relacionamento<\/strong>.<\/p>\n<figure class=\"wp-block-pullquote\">\n<blockquote>\n<p>Ele esteve no s\u00e1bado (2) l\u00e1 em casa e disse que n\u00e3o queria mais ficar com ela. Ela mesma confessou para mim que era agressiva. Ela falou que era agressiva, mas que iria melhorar, pois ele era uma pessoa muito boa<\/p>\n<p><cite>Bruno Camargo Fel\u00edcio<\/cite><\/p><\/blockquote>\n<\/figure>\n<h4 class=\"wp-block-heading\"><strong>Como fica agora?<\/strong><\/h4>\n<p>De acordo com o delegado <strong>Rodolfo Latif Sebba<\/strong>, respons\u00e1vel pela investiga\u00e7\u00e3o, agora a pol\u00edcia far\u00e1 a <strong>an\u00e1lise fotos antigas<\/strong> que demonstram as agress\u00f5es mencionadas pela mulher e de todo o depoimento da suspeita.<\/p>\n<figure class=\"wp-block-pullquote\">\n<blockquote>\n<p>Tudo o que ela falou vai ser apurado para que ao final a gente consiga entender o que aconteceu e encaminhar, para a Justi\u00e7a, um procedimento completo. A\u00ed sim a Justi\u00e7a vai deliberar sobre a pris\u00e3o preventiva ou n\u00e3o<\/p>\n<p><cite> Rodolfo Latif Sebba<\/cite><\/p><\/blockquote>\n<\/figure>\n<p><mark style=\"background-color:#fcb900\" class=\"has-inline-color\"><strong>Vale ressaltar que no primeiro momento das investiga\u00e7\u00f5es, Brenda Caroline Pereira Xavier n\u00e3o est\u00e1 presa.<\/strong><\/mark><\/p>\n<h4 class=\"wp-block-heading\"><strong>Relembre o caso<\/strong><\/h4>\n<p>Segundo o<strong>\u00a0B.O. (boletim de ocorr\u00eancia)<\/strong>, um irm\u00e3o da v\u00edtima disse que a fam\u00edlia foi informada pela sogra do homem que ele havia sofrido um acidente e falecido. <strong>O irm\u00e3o foi at\u00e9 a UPA Norte, no bairro Adelino Simioni, e descobriu que o homem havia sido esfaqueado.<\/strong><\/p>\n<p>Carlos Felipe foi levado para UPA por Brenda e uma vizinha. A companheira teria ligado para a m\u00e3e dela, dizendo que a v\u00edtima estava ensanguentada e que n\u00e3o sabia o motivo.<\/p>\n<p>\u00c0 pol\u00edcia, o irm\u00e3o disse que a v\u00edtima reclamava que a companheira era uma pessoa possessiva e agressiva. O irm\u00e3o tamb\u00e9m disse \u00e0 pol\u00edcia que a v\u00edtima havia retornado para a casa da fam\u00edlia, mas que pegou seus pertences e decidiu voltar para a resid\u00eancia onde morava com a mulher, no <strong>Ribeir\u00e3o Verde.<\/strong><\/p>\n<p>Uma equipe da <strong>Pol\u00edcia Civil<\/strong> foi at\u00e9 a casa, na zona Leste, e afirmou ter encontrado marcas de sangue na cal\u00e7ada e no interior da resid\u00eancia. Em um dos quartos, a pol\u00edcia disse que havia um m\u00f3vel quebrado e o espa\u00e7o estava revirado. Ainda consta que <strong>a casa estava molhada<\/strong>, o que indicaria <strong>tentativa de mascarar os fatos.<\/strong><\/p>\n<p><em>*Com informa\u00e7\u00f5es da EPTV<\/em><\/p>\n<hr class=\"wp-block-separator has-alpha-channel-opacity\"\/>\n<p>SAIBA MAIS<\/p>\n<p>O que sabe sobre a morte do corretor esfaqueado pela namorada em Ribeir\u00e3o<\/p>\n<h4 class=\"wp-block-heading\"><strong><mark style=\"background-color:#fcb900\" class=\"has-inline-color\">FIQUE ON<\/mark><\/strong><\/h4>\n<p>Fique ligado em tudo que acontece em Ribeir\u00e3o Preto e regi\u00e3o. Siga os perfis do\u00a0<strong>acidade on\u00a0<\/strong>no<a href=\"https:\/\/www.instagram.com\/acidadeonribeirao\" target=\"_blank\" rel=\"noreferrer noopener\">\u00a0Instagram<\/a>\u00a0e no<a href=\"https:\/\/www.facebook.com\/acidadeonribeirao\" target=\"_blank\" rel=\"noreferrer noopener\">\u00a0Facebook<\/a>.<\/p>\n<p>Receba not\u00edcias do\u00a0<strong>acidade on\u00a0<\/strong>no WhatsApp.\u00a0<a href=\"https:\/\/chat.whatsapp.com\/Bnv2w66ZT4VDyZW3oiZ69n\" target=\"_blank\" rel=\"noreferrer noopener\">Para entrar no grupo, basta clicar aqui.<\/a><\/p>\n<p>Fa\u00e7a uma den\u00fancia ou sugira uma reportagem sobre Ribeir\u00e3o Preto e regi\u00e3o pelo WhatsApp: 16 99117 7802.<\/p>\n<p>VEJA TAMB\u00c9M<\/p>\n<p>BBB 24: por que a esposa de Lucas foi hospitalizada?<\/p>\n<p><!-- AI CONTENT END 1 -->\n<\/div>\n<p><script async src=\"\/\/www.instagram.com\/embed.js\"><\/script><br \/>\n<br \/><br \/>\n<br \/><a href=\"https:\/\/www.acidadeon.com\/ribeiraopreto\/cotidiano\/namorada-que-esfaqueou-corretor-de-imoveis-em-ribeirao-preto-alega-legitima-defesa\/\">Source link <\/a><\/p>\n<div class='code-block code-block-4' style='margin: 8px auto 8px 0; text-align: left; display: block; clear: both;'>\n\ud83d\udce2 Aviso Legal\n\nO site ismaelcolosi.com.br atua apenas como um canal de divulga\u00e7\u00e3o de oportunidades de emprego e n\u00e3o se responsabiliza pelo processo seletivo, contrata\u00e7\u00e3o ou qualquer outra etapa relacionada \u00e0s vagas publicadas. Todas as informa\u00e7\u00f5es s\u00e3o de responsabilidade dos anunciantes.\n\n\u26a0\ufe0f Aten\u00e7\u00e3o! Nunca pague por promessas de emprego nem compre cursos que garantam contrata\u00e7\u00e3o. Desconfie de qualquer cobran\u00e7a para participar de sele\u00e7\u00f5es.\n\n\n\n<\/div>\n<!-- CONTENT END 1 -->\n","protected":false},"excerpt":{"rendered":"<p>A suspeita de ter matado esfaqueado o corretor de im\u00f3veis Carlos Felipe Camargo da Silva, de 29 anos, no \u00faltimo domingo (3), confessou o crime&#8230;<\/p>\n","protected":false},"author":1,"featured_media":41205,"comment_status":"open","ping_status":"open","sticky":false,"template":"","format":"standard","meta":{"_uag_custom_page_level_css":"","advanced_seo_description":"","jetpack_seo_html_title":"","jetpack_seo_noindex":false,"jetpack_post_was_ever_published":false,"_jetpack_newsletter_access":"","_jetpack_dont_email_post_to_subs":false,"_jetpack_newsletter_tier_id":0,"_jetpack_memberships_contains_paywalled_content":false,"_jetpack_memberships_contains_paid_content":false,"footnotes":"","jetpack_publicize_message":"","jetpack_publicize_feature_enabled":true,"jetpack_social_post_already_shared":true,"jetpack_social_options":{"image_generator_settings":{"template":"highway","default_image_id":0,"font":"","enabled":false},"version":2}},"categories":[11],"tags":[],"class_list":["post-41204","post","type-post","status-publish","format-standard","has-post-thumbnail","hentry","category-noticias-de-ribeirao-preto-sp-e-regiao-ismael-colosi"],"jetpack_publicize_connections":[],"jetpack_featured_media_url":"https:\/\/i0.wp.com\/ismaelcolosi.com.br\/wp-content\/uploads\/2024\/03\/AnyConv.com__Copia-de-Copia-de-TAMANHO-EXATO-PARA-FOTOS-NO-SISTEMA-NOVO-66.webp.webp?fit=1200%2C675&ssl=1","uagb_featured_image_src":{"full":["https:\/\/i0.wp.com\/ismaelcolosi.com.br\/wp-content\/uploads\/2024\/03\/AnyConv.com__Copia-de-Copia-de-TAMANHO-EXATO-PARA-FOTOS-NO-SISTEMA-NOVO-66.webp.webp?fit=1200%2C675&ssl=1",1200,675,false],"thumbnail":["https:\/\/i0.wp.com\/ismaelcolosi.com.br\/wp-content\/uploads\/2024\/03\/AnyConv.com__Copia-de-Copia-de-TAMANHO-EXATO-PARA-FOTOS-NO-SISTEMA-NOVO-66.webp.webp?resize=150%2C150&ssl=1",150,150,true],"medium":["https:\/\/i0.wp.com\/ismaelcolosi.com.br\/wp-content\/uploads\/2024\/03\/AnyConv.com__Copia-de-Copia-de-TAMANHO-EXATO-PARA-FOTOS-NO-SISTEMA-NOVO-66.webp.webp?fit=300%2C169&ssl=1",300,169,true],"medium_large":["https:\/\/i0.wp.com\/ismaelcolosi.com.br\/wp-content\/uploads\/2024\/03\/AnyConv.com__Copia-de-Copia-de-TAMANHO-EXATO-PARA-FOTOS-NO-SISTEMA-NOVO-66.webp.webp?fit=768%2C432&ssl=1",768,432,true],"large":["https:\/\/i0.wp.com\/ismaelcolosi.com.br\/wp-content\/uploads\/2024\/03\/AnyConv.com__Copia-de-Copia-de-TAMANHO-EXATO-PARA-FOTOS-NO-SISTEMA-NOVO-66.webp.webp?fit=1024%2C576&ssl=1",1024,576,true],"1536x1536":["https:\/\/i0.wp.com\/ismaelcolosi.com.br\/wp-content\/uploads\/2024\/03\/AnyConv.com__Copia-de-Copia-de-TAMANHO-EXATO-PARA-FOTOS-NO-SISTEMA-NOVO-66.webp.webp?fit=1200%2C675&ssl=1",1200,675,true],"2048x2048":["https:\/\/i0.wp.com\/ismaelcolosi.com.br\/wp-content\/uploads\/2024\/03\/AnyConv.com__Copia-de-Copia-de-TAMANHO-EXATO-PARA-FOTOS-NO-SISTEMA-NOVO-66.webp.webp?fit=1200%2C675&ssl=1",1200,675,true],"really-simple-thumb":["https:\/\/i0.wp.com\/ismaelcolosi.com.br\/wp-content\/uploads\/2024\/03\/AnyConv.com__Copia-de-Copia-de-TAMANHO-EXATO-PARA-FOTOS-NO-SISTEMA-NOVO-66.webp.webp?resize=370%2C247&ssl=1",370,247,true]},"uagb_author_info":{"display_name":"ismaelcolosi.com.br","author_link":"https:\/\/ismaelcolosi.com.br\/index.php\/author\/vidareal-online\/"},"uagb_comment_info":0,"uagb_excerpt":"A suspeita de ter matado esfaqueado o corretor de im\u00f3veis Carlos Felipe Camargo da Silva, de 29 anos, no \u00faltimo domingo (3), confessou o crime...","jetpack-related-posts":[{"id":41491,"url":"https:\/\/ismaelcolosi.com.br\/index.php\/2024\/03\/08\/o-que-falta-saber-sobre-o-caso-do-corretor-morto-pela-namorada-em-ribeirao\/","url_meta":{"origin":41204,"position":0},"title":"O que falta saber sobre o caso do corretor morto pela namorada em Ribeir\u00e3o","author":"ismaelcolosi.com.br","date":"8 de March de 2024","format":false,"excerpt":"A Pol\u00edcia Civil vai investigar se Brenda Caroline Pereira Xavier, que confessou ter matado o corretor de im\u00f3veis Carlos Felipe Camargo da Silva, era v\u00edtima de viol\u00eancia dom\u00e9stica. O crime aconteceu no \u00faltimo domingo (3), no Ribeir\u00e3o Verde, na zona Leste de Ribeir\u00e3o Preto. Em depoimento para pol\u00edcia, na \u00faltima\u2026","rel":"","context":"In &quot;Not\u00edcias de Ribeir\u00e3o Preto-SP e Regi\u00e3o&quot;","block_context":{"text":"Not\u00edcias de Ribeir\u00e3o Preto-SP e Regi\u00e3o","link":"https:\/\/ismaelcolosi.com.br\/index.php\/category\/noticias-de-ribeirao-preto-sp-e-regiao-ismael-colosi\/"},"img":{"alt_text":"","src":"https:\/\/i0.wp.com\/ismaelcolosi.com.br\/wp-content\/uploads\/2024\/03\/brenda-carlos-felipe.webp.webp?fit=1068%2C601&ssl=1&resize=350%2C200","width":350,"height":200,"srcset":"https:\/\/i0.wp.com\/ismaelcolosi.com.br\/wp-content\/uploads\/2024\/03\/brenda-carlos-felipe.webp.webp?fit=1068%2C601&ssl=1&resize=350%2C200 1x, https:\/\/i0.wp.com\/ismaelcolosi.com.br\/wp-content\/uploads\/2024\/03\/brenda-carlos-felipe.webp.webp?fit=1068%2C601&ssl=1&resize=525%2C300 1.5x, https:\/\/i0.wp.com\/ismaelcolosi.com.br\/wp-content\/uploads\/2024\/03\/brenda-carlos-felipe.webp.webp?fit=1068%2C601&ssl=1&resize=700%2C400 2x, https:\/\/i0.wp.com\/ismaelcolosi.com.br\/wp-content\/uploads\/2024\/03\/brenda-carlos-felipe.webp.webp?fit=1068%2C601&ssl=1&resize=1050%2C600 3x"},"classes":[]},{"id":45337,"url":"https:\/\/ismaelcolosi.com.br\/index.php\/2024\/04\/03\/justica-manda-prender-acusada-de-matar-corretor-em-ribeirao-preto\/","url_meta":{"origin":41204,"position":1},"title":"Justi\u00e7a manda prender acusada de matar corretor em Ribeir\u00e3o Preto","author":"ismaelcolosi.com.br","date":"3 de April de 2024","format":false,"excerpt":"A Justi\u00e7a mandou prender na tarde desta quarta-feira (3) Brenda Caroline Pereira Xavier, acusada de matar o namorado e corretor de im\u00f3veis Carlos Felipe Camargo. A decis\u00e3o saiu um dia ap\u00f3s a Pol\u00edcia Civil concluir o inqu\u00e9rito do caso e pedir a pris\u00e3o preventiva da acusada. Segundo consta na decis\u00e3o\u2026","rel":"","context":"In &quot;Not\u00edcias de Ribeir\u00e3o Preto-SP e Regi\u00e3o&quot;","block_context":{"text":"Not\u00edcias de Ribeir\u00e3o Preto-SP e Regi\u00e3o","link":"https:\/\/ismaelcolosi.com.br\/index.php\/category\/noticias-de-ribeirao-preto-sp-e-regiao-ismael-colosi\/"},"img":{"alt_text":"","src":"https:\/\/i0.wp.com\/ismaelcolosi.com.br\/wp-content\/uploads\/2024\/03\/brenda-carlos-felipe.webp.webp?fit=1068%2C601&ssl=1&resize=350%2C200","width":350,"height":200,"srcset":"https:\/\/i0.wp.com\/ismaelcolosi.com.br\/wp-content\/uploads\/2024\/03\/brenda-carlos-felipe.webp.webp?fit=1068%2C601&ssl=1&resize=350%2C200 1x, https:\/\/i0.wp.com\/ismaelcolosi.com.br\/wp-content\/uploads\/2024\/03\/brenda-carlos-felipe.webp.webp?fit=1068%2C601&ssl=1&resize=525%2C300 1.5x, https:\/\/i0.wp.com\/ismaelcolosi.com.br\/wp-content\/uploads\/2024\/03\/brenda-carlos-felipe.webp.webp?fit=1068%2C601&ssl=1&resize=700%2C400 2x, https:\/\/i0.wp.com\/ismaelcolosi.com.br\/wp-content\/uploads\/2024\/03\/brenda-carlos-felipe.webp.webp?fit=1068%2C601&ssl=1&resize=1050%2C600 3x"},"classes":[]},{"id":41244,"url":"https:\/\/ismaelcolosi.com.br\/index.php\/2024\/03\/07\/passional-mulher-admite-ter-matado-namorado\/","url_meta":{"origin":41204,"position":2},"title":"Passional: Mulher admite ter matado namorado","author":"ismaelcolosi.com.br","date":"7 de March de 2024","format":false,"excerpt":"Brenda Caroline Pereira Xavier, de 29 anos, confessou ter matado o namorado, o corretor de im\u00f3veis Carlos Felipe Camargo da Silva, da mesma idade, mas diz que agiu em leg\u00edtima defesa 7 de mar\u00e7o de 2024 | 10:00 2Acompanhada do advogado Alexandre Durante, a vendedora Brenda Caroline Pereira Xavier, de\u2026","rel":"","context":"In &quot;Not\u00edcias de Ribeir\u00e3o Preto-SP e Regi\u00e3o&quot;","block_context":{"text":"Not\u00edcias de Ribeir\u00e3o Preto-SP e Regi\u00e3o","link":"https:\/\/ismaelcolosi.com.br\/index.php\/category\/noticias-de-ribeirao-preto-sp-e-regiao-ismael-colosi\/"},"img":{"alt_text":"","src":"https:\/\/i0.wp.com\/ismaelcolosi.com.br\/wp-content\/uploads\/2024\/03\/00-07-mar-2024-re-confessa-corretor-01-foto-risk-junior-e-redes-sociais-scaled.jpg?fit=967%2C645&ssl=1&resize=350%2C200","width":350,"height":200,"srcset":"https:\/\/i0.wp.com\/ismaelcolosi.com.br\/wp-content\/uploads\/2024\/03\/00-07-mar-2024-re-confessa-corretor-01-foto-risk-junior-e-redes-sociais-scaled.jpg?fit=967%2C645&ssl=1&resize=350%2C200 1x, https:\/\/i0.wp.com\/ismaelcolosi.com.br\/wp-content\/uploads\/2024\/03\/00-07-mar-2024-re-confessa-corretor-01-foto-risk-junior-e-redes-sociais-scaled.jpg?fit=967%2C645&ssl=1&resize=525%2C300 1.5x, https:\/\/i0.wp.com\/ismaelcolosi.com.br\/wp-content\/uploads\/2024\/03\/00-07-mar-2024-re-confessa-corretor-01-foto-risk-junior-e-redes-sociais-scaled.jpg?fit=967%2C645&ssl=1&resize=700%2C400 2x"},"classes":[]},{"id":45086,"url":"https:\/\/ismaelcolosi.com.br\/index.php\/2024\/04\/02\/policia-conclui-inquerito-e-pede-prisao-de-acusada-de-matar-corretor-em-ribeirao\/","url_meta":{"origin":41204,"position":3},"title":"Pol\u00edcia conclui inqu\u00e9rito e pede pris\u00e3o de acusada de matar corretor em Ribeir\u00e3o","author":"ismaelcolosi.com.br","date":"2 de April de 2024","format":false,"excerpt":"A Pol\u00edcia Civil concluiu o inqu\u00e9rito do caso do corretor Carlos Felipe Camargo da Silva, que foi morto pela namorada Brenda Caroline Pereira Xavier, no dia 3 de mar\u00e7o, em Ribeir\u00e3o Preto. O delegado Rodolfo Latif Sebba, respons\u00e1vel pelo caso, pediu a pris\u00e3o preventiva da mulher. O pedido ainda precisa\u2026","rel":"","context":"In &quot;Not\u00edcias de Ribeir\u00e3o Preto-SP e Regi\u00e3o&quot;","block_context":{"text":"Not\u00edcias de Ribeir\u00e3o Preto-SP e Regi\u00e3o","link":"https:\/\/ismaelcolosi.com.br\/index.php\/category\/noticias-de-ribeirao-preto-sp-e-regiao-ismael-colosi\/"},"img":{"alt_text":"","src":"https:\/\/i0.wp.com\/ismaelcolosi.com.br\/wp-content\/uploads\/2024\/03\/brenda-carlos-felipe.webp.webp?fit=1068%2C601&ssl=1&resize=350%2C200","width":350,"height":200,"srcset":"https:\/\/i0.wp.com\/ismaelcolosi.com.br\/wp-content\/uploads\/2024\/03\/brenda-carlos-felipe.webp.webp?fit=1068%2C601&ssl=1&resize=350%2C200 1x, https:\/\/i0.wp.com\/ismaelcolosi.com.br\/wp-content\/uploads\/2024\/03\/brenda-carlos-felipe.webp.webp?fit=1068%2C601&ssl=1&resize=525%2C300 1.5x, https:\/\/i0.wp.com\/ismaelcolosi.com.br\/wp-content\/uploads\/2024\/03\/brenda-carlos-felipe.webp.webp?fit=1068%2C601&ssl=1&resize=700%2C400 2x, https:\/\/i0.wp.com\/ismaelcolosi.com.br\/wp-content\/uploads\/2024\/03\/brenda-carlos-felipe.webp.webp?fit=1068%2C601&ssl=1&resize=1050%2C600 3x"},"classes":[]},{"id":66547,"url":"https:\/\/ismaelcolosi.com.br\/index.php\/2024\/09\/18\/namorada-acusada-de-matar-corretor-em-ribeirao-vai-a-juri-popular\/","url_meta":{"origin":41204,"position":4},"title":"Namorada acusada de matar corretor em Ribeir\u00e3o vai a j\u00fari popular","author":"ismaelcolosi.com.br","date":"18 de September de 2024","format":false,"excerpt":"A Justi\u00e7a definiu que Brenda Caroline Pereira Xavier, acusada de matar a facadas o namorado e corretor de im\u00f3veis, Carlos Felipe Camargo, ser\u00e1 levada a j\u00fari popular. A data do julgamento, por\u00e9m, ainda n\u00e3o foi marcada. Brenda se tornou r\u00e9 no processo, ap\u00f3s ser denunciada pelo MP-SP (Minist\u00e9rio P\u00fablico de\u2026","rel":"","context":"In &quot;Not\u00edcias de Ribeir\u00e3o Preto-SP e Regi\u00e3o&quot;","block_context":{"text":"Not\u00edcias de Ribeir\u00e3o Preto-SP e Regi\u00e3o","link":"https:\/\/ismaelcolosi.com.br\/index.php\/category\/noticias-de-ribeirao-preto-sp-e-regiao-ismael-colosi\/"},"img":{"alt_text":"","src":"https:\/\/i0.wp.com\/ismaelcolosi.com.br\/wp-content\/uploads\/2024\/04\/BRENDA.webp.webp?fit=1200%2C679&ssl=1&resize=350%2C200","width":350,"height":200,"srcset":"https:\/\/i0.wp.com\/ismaelcolosi.com.br\/wp-content\/uploads\/2024\/04\/BRENDA.webp.webp?fit=1200%2C679&ssl=1&resize=350%2C200 1x, https:\/\/i0.wp.com\/ismaelcolosi.com.br\/wp-content\/uploads\/2024\/04\/BRENDA.webp.webp?fit=1200%2C679&ssl=1&resize=525%2C300 1.5x, https:\/\/i0.wp.com\/ismaelcolosi.com.br\/wp-content\/uploads\/2024\/04\/BRENDA.webp.webp?fit=1200%2C679&ssl=1&resize=700%2C400 2x, https:\/\/i0.wp.com\/ismaelcolosi.com.br\/wp-content\/uploads\/2024\/04\/BRENDA.webp.webp?fit=1200%2C679&ssl=1&resize=1050%2C600 3x"},"classes":[]},{"id":43210,"url":"https:\/\/ismaelcolosi.com.br\/index.php\/2024\/03\/19\/policia-ouve-ex-sogro-da-acusada-de-matar-corretor-de-imoveis-em-ribeirao-preto\/","url_meta":{"origin":41204,"position":5},"title":"Pol\u00edcia ouve ex-sogro da acusada de matar corretor de im\u00f3veis em Ribeir\u00e3o Preto","author":"ismaelcolosi.com.br","date":"19 de March de 2024","format":false,"excerpt":"A Pol\u00edcia Civil ouviu o ex-sogro da fot\u00f3grafa Brenda Caroline Pereira Xavier, acusada de matar o corretor de im\u00f3veis Carlos Felipe Camargo da Silva, de 29 anos, no in\u00edcio de mar\u00e7o, em Ribeir\u00e3o Preto. No depoimento, o homem acusa Brenda de ser uma pessoa extremamente agressiva. Ele conta que o\u2026","rel":"","context":"In &quot;Not\u00edcias de Ribeir\u00e3o Preto-SP e Regi\u00e3o&quot;","block_context":{"text":"Not\u00edcias de Ribeir\u00e3o Preto-SP e Regi\u00e3o","link":"https:\/\/ismaelcolosi.com.br\/index.php\/category\/noticias-de-ribeirao-preto-sp-e-regiao-ismael-colosi\/"},"img":{"alt_text":"","src":"https:\/\/i0.wp.com\/ismaelcolosi.com.br\/wp-content\/uploads\/2024\/03\/brenda-carlos-felipe.webp.webp?fit=1068%2C601&ssl=1&resize=350%2C200","width":350,"height":200,"srcset":"https:\/\/i0.wp.com\/ismaelcolosi.com.br\/wp-content\/uploads\/2024\/03\/brenda-carlos-felipe.webp.webp?fit=1068%2C601&ssl=1&resize=350%2C200 1x, https:\/\/i0.wp.com\/ismaelcolosi.com.br\/wp-content\/uploads\/2024\/03\/brenda-carlos-felipe.webp.webp?fit=1068%2C601&ssl=1&resize=525%2C300 1.5x, https:\/\/i0.wp.com\/ismaelcolosi.com.br\/wp-content\/uploads\/2024\/03\/brenda-carlos-felipe.webp.webp?fit=1068%2C601&ssl=1&resize=700%2C400 2x, https:\/\/i0.wp.com\/ismaelcolosi.com.br\/wp-content\/uploads\/2024\/03\/brenda-carlos-felipe.webp.webp?fit=1068%2C601&ssl=1&resize=1050%2C600 3x"},"classes":[]}],"jetpack_sharing_enabled":true,"jetpack_shortlink":"https:\/\/wp.me\/pfMlyK-aIA","_links":{"self":[{"href":"https:\/\/ismaelcolosi.com.br\/index.php\/wp-json\/wp\/v2\/posts\/41204","targetHints":{"allow":["GET"]}}],"collection":[{"href":"https:\/\/ismaelcolosi.com.br\/index.php\/wp-json\/wp\/v2\/posts"}],"about":[{"href":"https:\/\/ismaelcolosi.com.br\/index.php\/wp-json\/wp\/v2\/types\/post"}],"author":[{"embeddable":true,"href":"https:\/\/ismaelcolosi.com.br\/index.php\/wp-json\/wp\/v2\/users\/1"}],"replies":[{"embeddable":true,"href":"https:\/\/ismaelcolosi.com.br\/index.php\/wp-json\/wp\/v2\/comments?post=41204"}],"version-history":[{"count":0,"href":"https:\/\/ismaelcolosi.com.br\/index.php\/wp-json\/wp\/v2\/posts\/41204\/revisions"}],"wp:featuredmedia":[{"embeddable":true,"href":"https:\/\/ismaelcolosi.com.br\/index.php\/wp-json\/wp\/v2\/media\/41205"}],"wp:attachment":[{"href":"https:\/\/ismaelcolosi.com.br\/index.php\/wp-json\/wp\/v2\/media?parent=41204"}],"wp:term":[{"taxonomy":"category","embeddable":true,"href":"https:\/\/ismaelcolosi.com.br\/index.php\/wp-json\/wp\/v2\/categories?post=41204"},{"taxonomy":"post_tag","embeddable":true,"href":"https:\/\/ismaelcolosi.com.br\/index.php\/wp-json\/wp\/v2\/tags?post=41204"}],"curies":[{"name":"wp","href":"https:\/\/api.w.org\/{rel}","templated":true}]}}