{"id":41199,"date":"2024-03-06T20:10:32","date_gmt":"2024-03-06T23:10:32","guid":{"rendered":"https:\/\/ismaelcolosi.com.br\/index.php\/2024\/03\/06\/stf-reabre-julgamento-sobre-descriminalizacao-do-porte-de-drogas\/"},"modified":"2024-03-06T20:10:32","modified_gmt":"2024-03-06T23:10:32","slug":"stf-reabre-julgamento-sobre-descriminalizacao-do-porte-de-drogas","status":"publish","type":"post","link":"https:\/\/ismaelcolosi.com.br\/index.php\/2024\/03\/06\/stf-reabre-julgamento-sobre-descriminalizacao-do-porte-de-drogas\/","title":{"rendered":"STF reabre julgamento sobre descriminaliza\u00e7\u00e3o do porte de drogas"},"content":{"rendered":"<p> <br \/>\n<\/p>\n<div id=\"\">\n<p> <span class=\"entry-meta-item penci-posted-on\"><i class=\"fa fa-clock-o\"\/><time class=\"entry-date published\" datetime=\"2024-03-06T16:30:23-03:00\">6 de mar\u00e7o de 2024 | 16:30<\/time><time class=\"updated\" datetime=\"2024-03-06T15:19:15-03:00\">6 de mar\u00e7o de 2024 | 15:19<\/time><\/span><\/p>\n<p> <span class=\"penci-social-buttons penci-social-share-footer\"><a href=\"#\" class=\"penci-post-like penci_post-meta_item  single-like-button penci-social-item like\" data-post_id=\"376409\" title=\"Like\" data-like=\"Like\" data-unlike=\"Unlike\"><i class=\"fa fa-thumbs-o-up\"\/><span class=\"penci-share-number\">0<\/span><\/a><i class=\"fa fa-facebook\"\/><a class=\"penci-social-item twitter\" target=\"_blank\" rel=\"noopener\" title=\"\" href=\"https:\/\/twitter.com\/intent\/tweet?text=STF%20reabre%20julgamento%20sobre%20descriminaliza\u00e7\u00e3o%20do%20porte%20de%20drogas%20-%20https:\/\/www.tribunaribeirao.com.br\/site\/stf-reabre-julgamento-sobre-descriminalizacao-do-porte-de-drogas\/\"><i class=\"fa fa-twitter\"\/><\/a><i class=\"fa fa-whatsapp\"\/><\/span><\/div>\n<div>\n<p>O Supremo Tribunal Federal (STF) retomou o julgamento sobre a descriminaliza\u00e7\u00e3o do porte de drogas para consumo pessoal.<noscript><img data-recalc-dims=\"1\" decoding=\"async\" src=\"https:\/\/i0.wp.com\/agenciabrasil.ebc.com.br\/ebc.png?ssl=1\"\/><\/noscript><img data-recalc-dims=\"1\" decoding=\"async\" src=\"https:\/\/i0.wp.com\/agenciabrasil.ebc.com.br\/ebc.gif?ssl=1\" class=\"lazyload\"\/><noscript><img data-recalc-dims=\"1\" decoding=\"async\" src=\"https:\/\/i0.wp.com\/agenciabrasil.ebc.com.br\/ebc.gif?ssl=1\"\/><\/noscript> O julgamento estava paralisado desde agosto do ano passado, quando o ministro Andr\u00e9 Mendon\u00e7a pediu vista do processo e interrompeu o julgamento. Neste momento, Mendon\u00e7a profere seu voto sobre a quest\u00e3o.<\/p>\n<p>O\u00a0placar do julgamento est\u00e1 5 votos a 1 para a descriminaliza\u00e7\u00e3o somente do porte de maconha para uso pessoal.<\/p>\n<p>Em 2015, quando o julgamento come\u00e7ou, os ministros come\u00e7aram a analisar a possibilidade de descriminaliza\u00e7\u00e3o do porte de qualquer tipo de droga para uso pessoal. No entanto, ap\u00f3s os votos proferidos, a Corte caminha para restringir somente para a maconha.<\/p>\n<p>Votaram nesse sentido os ministros Gilmar Mendes, Edson Fachin, Lu\u00eds Roberto Barroso, Alexandre de Moraes e Rosa Weber (aposentada). Cristiano Zanin votou contra a descriminaliza\u00e7\u00e3o, mas defendeu a fixa\u00e7\u00e3o de uma quantidade m\u00e1xima de maconha para separar criminalmente usu\u00e1rios e traficantes.<\/p>\n<p><strong>Entenda<\/strong> \u2013 O Supremo julga a constitucionalidade do Artigo 28 da Lei das Drogas (Lei 11.343\/2006), que cria a figura do usu\u00e1rio, diferenciado do traficante, que \u00e9 alvo de penas mais brandas. Para diferenciar usu\u00e1rios e traficantes, a norma prev\u00ea penas alternativas de presta\u00e7\u00e3o de servi\u00e7os \u00e0 comunidade, advert\u00eancia sobre os efeitos das drogas e comparecimento obrigat\u00f3rio a curso educativo para quem adquirir, transportar ou portar drogas para consumo pessoal.<\/p>\n<p>A lei deixou de prever a pena de pris\u00e3o, mas manteve a criminaliza\u00e7\u00e3o. Dessa forma, usu\u00e1rios de drogas ainda s\u00e3o alvos de inqu\u00e9rito policial e processos judiciais que buscam o cumprimento das penas alternativas.<\/p>\n<p>No caso concreto que motivou o julgamento, a defesa de um condenado pede que o porte de maconha para uso pr\u00f3prio deixe de ser considerado crime. \u00a0O acusado foi detido com tr\u00eas gramas de maconha.<\/p>\n<\/div>\n<p><script async src=\"\/\/platform.twitter.com\/widgets.js\" charset=\"utf-8\"><\/script><br \/>\n<br \/><br \/>\n<br \/><a href=\"https:\/\/www.tribunaribeirao.com.br\/site\/stf-reabre-julgamento-sobre-descriminalizacao-do-porte-de-drogas\/\">Source link <\/a><\/p>\n<div class='code-block code-block-4' style='margin: 8px auto 8px 0; text-align: left; display: block; clear: both;'>\n\ud83d\udce2 Aviso Legal\n\nO site ismaelcolosi.com.br atua apenas como um canal de divulga\u00e7\u00e3o de oportunidades de emprego e n\u00e3o se responsabiliza pelo processo seletivo, contrata\u00e7\u00e3o ou qualquer outra etapa relacionada \u00e0s vagas publicadas. Todas as informa\u00e7\u00f5es s\u00e3o de responsabilidade dos anunciantes.\n\n\u26a0\ufe0f Aten\u00e7\u00e3o! Nunca pague por promessas de emprego nem compre cursos que garantam contrata\u00e7\u00e3o. Desconfie de qualquer cobran\u00e7a para participar de sele\u00e7\u00f5es.\n\n\n\n<\/div>\n<!-- CONTENT END 1 -->\n","protected":false},"excerpt":{"rendered":"<p>6 de mar\u00e7o de 2024 | 16:306 de mar\u00e7o de 2024 | 15:19 0 O Supremo Tribunal Federal (STF) retomou o julgamento sobre a descriminaliza\u00e7\u00e3o&#8230;<\/p>\n","protected":false},"author":1,"featured_media":41200,"comment_status":"open","ping_status":"open","sticky":false,"template":"","format":"standard","meta":{"_uag_custom_page_level_css":"","advanced_seo_description":"","jetpack_seo_html_title":"","jetpack_seo_noindex":false,"jetpack_post_was_ever_published":false,"_jetpack_newsletter_access":"","_jetpack_dont_email_post_to_subs":false,"_jetpack_newsletter_tier_id":0,"_jetpack_memberships_contains_paywalled_content":false,"_jetpack_memberships_contains_paid_content":false,"footnotes":"","jetpack_publicize_message":"","jetpack_publicize_feature_enabled":true,"jetpack_social_post_already_shared":true,"jetpack_social_options":{"image_generator_settings":{"template":"highway","default_image_id":0,"font":"","enabled":false},"version":2}},"categories":[11],"tags":[1414,1050,2082,1474,1818,468,892],"class_list":["post-41199","post","type-post","status-publish","format-standard","has-post-thumbnail","hentry","category-noticias-de-ribeirao-preto-sp-e-regiao-ismael-colosi","tag-descriminalizacao","tag-drogas","tag-julgamento","tag-porte","tag-reabre","tag-sobre","tag-stf"],"jetpack_publicize_connections":[],"jetpack_featured_media_url":"https:\/\/i0.wp.com\/ismaelcolosi.com.br\/wp-content\/uploads\/2024\/03\/287d56a5-e49f-479b-bff2-084343452160-scaled.jpg?fit=971%2C645&ssl=1","uagb_featured_image_src":{"full":["https:\/\/i0.wp.com\/ismaelcolosi.com.br\/wp-content\/uploads\/2024\/03\/287d56a5-e49f-479b-bff2-084343452160-scaled.jpg?fit=971%2C645&ssl=1",971,645,false],"thumbnail":["https:\/\/i0.wp.com\/ismaelcolosi.com.br\/wp-content\/uploads\/2024\/03\/287d56a5-e49f-479b-bff2-084343452160-scaled.jpg?resize=150%2C150&ssl=1",150,150,true],"medium":["https:\/\/i0.wp.com\/ismaelcolosi.com.br\/wp-content\/uploads\/2024\/03\/287d56a5-e49f-479b-bff2-084343452160-scaled.jpg?fit=300%2C199&ssl=1",300,199,true],"medium_large":["https:\/\/i0.wp.com\/ismaelcolosi.com.br\/wp-content\/uploads\/2024\/03\/287d56a5-e49f-479b-bff2-084343452160-scaled.jpg?fit=768%2C510&ssl=1",768,510,true],"large":["https:\/\/i0.wp.com\/ismaelcolosi.com.br\/wp-content\/uploads\/2024\/03\/287d56a5-e49f-479b-bff2-084343452160-scaled.jpg?fit=971%2C645&ssl=1",971,645,true],"1536x1536":["https:\/\/i0.wp.com\/ismaelcolosi.com.br\/wp-content\/uploads\/2024\/03\/287d56a5-e49f-479b-bff2-084343452160-scaled.jpg?fit=971%2C645&ssl=1",971,645,true],"2048x2048":["https:\/\/i0.wp.com\/ismaelcolosi.com.br\/wp-content\/uploads\/2024\/03\/287d56a5-e49f-479b-bff2-084343452160-scaled.jpg?fit=971%2C645&ssl=1",971,645,true],"really-simple-thumb":["https:\/\/i0.wp.com\/ismaelcolosi.com.br\/wp-content\/uploads\/2024\/03\/287d56a5-e49f-479b-bff2-084343452160-scaled.jpg?resize=370%2C247&ssl=1",370,247,true]},"uagb_author_info":{"display_name":"ismaelcolosi.com.br","author_link":"https:\/\/ismaelcolosi.com.br\/index.php\/author\/vidareal-online\/"},"uagb_comment_info":0,"uagb_excerpt":"6 de mar\u00e7o de 2024 | 16:306 de mar\u00e7o de 2024 | 15:19 0 O Supremo Tribunal Federal (STF) retomou o julgamento sobre a descriminaliza\u00e7\u00e3o...","jetpack-related-posts":[{"id":53973,"url":"https:\/\/ismaelcolosi.com.br\/index.php\/2024\/06\/20\/stf-retoma-julgamento-sobre-o-porte-de-maconha-moraes-citou-ribeirao-preto-em-voto\/","url_meta":{"origin":41199,"position":0},"title":"STF retoma julgamento sobre o porte de maconha; Moraes citou Ribeir\u00e3o Preto em voto","author":"ismaelcolosi.com.br","date":"20 de June de 2024","format":false,"excerpt":"O STF (Supremo Tribunal Federal), em Bras\u00edlia, retomou no in\u00edcio da tarde desta quinta-feira (20) o julgamento sobre a descriminaliza\u00e7\u00e3o do porte de maconha para uso pessoal. No ano passado, Ribeir\u00e3o Preto foi citada pelo ministro Alexandre de Moraes no voto pela descriminaliza\u00e7\u00e3o do porte de maconha para consumo pessoal.\u2026","rel":"","context":"In &quot;Not\u00edcias de Ribeir\u00e3o Preto-SP e Regi\u00e3o&quot;","block_context":{"text":"Not\u00edcias de Ribeir\u00e3o Preto-SP e Regi\u00e3o","link":"https:\/\/ismaelcolosi.com.br\/index.php\/category\/noticias-de-ribeirao-preto-sp-e-regiao-ismael-colosi\/"},"img":{"alt_text":"","src":"https:\/\/i0.wp.com\/ismaelcolosi.com.br\/wp-content\/uploads\/2024\/03\/AnyConv.com__alexandre-de-moraes-3.webp.webp?fit=1200%2C800&ssl=1&resize=350%2C200","width":350,"height":200,"srcset":"https:\/\/i0.wp.com\/ismaelcolosi.com.br\/wp-content\/uploads\/2024\/03\/AnyConv.com__alexandre-de-moraes-3.webp.webp?fit=1200%2C800&ssl=1&resize=350%2C200 1x, https:\/\/i0.wp.com\/ismaelcolosi.com.br\/wp-content\/uploads\/2024\/03\/AnyConv.com__alexandre-de-moraes-3.webp.webp?fit=1200%2C800&ssl=1&resize=525%2C300 1.5x, https:\/\/i0.wp.com\/ismaelcolosi.com.br\/wp-content\/uploads\/2024\/03\/AnyConv.com__alexandre-de-moraes-3.webp.webp?fit=1200%2C800&ssl=1&resize=700%2C400 2x, https:\/\/i0.wp.com\/ismaelcolosi.com.br\/wp-content\/uploads\/2024\/03\/AnyConv.com__alexandre-de-moraes-3.webp.webp?fit=1200%2C800&ssl=1&resize=1050%2C600 3x"},"classes":[]},{"id":41256,"url":"https:\/\/ismaelcolosi.com.br\/index.php\/2024\/03\/07\/stf-suspende-julgamento-sobre-descriminalizacao-do-porte-de-drogas\/","url_meta":{"origin":41199,"position":1},"title":"STF suspende julgamento sobre descriminaliza\u00e7\u00e3o do porte de drogas","author":"ismaelcolosi.com.br","date":"7 de March de 2024","format":false,"excerpt":"O Supremo Tribunal Federal (STF) suspendeu nesta quarta-feira (6) o julgamento sobre a descriminaliza\u00e7\u00e3o do porte de drogas. A data para retomada do julgamento n\u00e3o foi definida. A an\u00e1lise do caso foi interrompida por um pedido de vista feito pelo ministro Dias Toffoli. Antes da interrup\u00e7\u00e3o, o julgamento est\u00e1 5\u2026","rel":"","context":"In &quot;Not\u00edcias de Ribeir\u00e3o Preto-SP e Regi\u00e3o&quot;","block_context":{"text":"Not\u00edcias de Ribeir\u00e3o Preto-SP e Regi\u00e3o","link":"https:\/\/ismaelcolosi.com.br\/index.php\/category\/noticias-de-ribeirao-preto-sp-e-regiao-ismael-colosi\/"},"img":{"alt_text":"","src":"https:\/\/i0.wp.com\/ismaelcolosi.com.br\/wp-content\/uploads\/2024\/03\/cannabis-5003423.webp.webp?fit=1170%2C700&ssl=1&resize=350%2C200","width":350,"height":200,"srcset":"https:\/\/i0.wp.com\/ismaelcolosi.com.br\/wp-content\/uploads\/2024\/03\/cannabis-5003423.webp.webp?fit=1170%2C700&ssl=1&resize=350%2C200 1x, https:\/\/i0.wp.com\/ismaelcolosi.com.br\/wp-content\/uploads\/2024\/03\/cannabis-5003423.webp.webp?fit=1170%2C700&ssl=1&resize=525%2C300 1.5x, https:\/\/i0.wp.com\/ismaelcolosi.com.br\/wp-content\/uploads\/2024\/03\/cannabis-5003423.webp.webp?fit=1170%2C700&ssl=1&resize=700%2C400 2x, https:\/\/i0.wp.com\/ismaelcolosi.com.br\/wp-content\/uploads\/2024\/03\/cannabis-5003423.webp.webp?fit=1170%2C700&ssl=1&resize=1050%2C600 3x"},"classes":[]},{"id":10684,"url":"https:\/\/ismaelcolosi.com.br\/index.php\/2023\/12\/04\/stf-deve-julgar-descriminalizacao-do-porte-de-drogas-no-ano-que-vem\/","url_meta":{"origin":41199,"position":2},"title":"STF deve julgar descriminaliza\u00e7\u00e3o do porte de drogas no ano que vem","author":"ismaelcolosi.com.br","date":"4 de December de 2023","format":false,"excerpt":"4 de dezembro de 2023 | 15:004 de dezembro de 2023 | 12:29 0O plen\u00e1rio do Supremo Tribunal Federal (STF) deve julgar no in\u00edcio de 2024 a possibilidade de descriminaliza\u00e7\u00e3o do porte de drogas. A informa\u00e7\u00e3o foi confirmada pela assessoria da Corte ap\u00f3s a devolu\u00e7\u00e3o autom\u00e1tica de uma vista do\u2026","rel":"","context":"In &quot;Not\u00edcias de Ribeir\u00e3o Preto-SP e Regi\u00e3o&quot;","block_context":{"text":"Not\u00edcias de Ribeir\u00e3o Preto-SP e Regi\u00e3o","link":"https:\/\/ismaelcolosi.com.br\/index.php\/category\/noticias-de-ribeirao-preto-sp-e-regiao-ismael-colosi\/"},"img":{"alt_text":"","src":"https:\/\/i0.wp.com\/ismaelcolosi.com.br\/wp-content\/uploads\/2023\/12\/stf_1908200973-scaled.jpg?fit=1000%2C598&ssl=1&resize=350%2C200","width":350,"height":200,"srcset":"https:\/\/i0.wp.com\/ismaelcolosi.com.br\/wp-content\/uploads\/2023\/12\/stf_1908200973-scaled.jpg?fit=1000%2C598&ssl=1&resize=350%2C200 1x, https:\/\/i0.wp.com\/ismaelcolosi.com.br\/wp-content\/uploads\/2023\/12\/stf_1908200973-scaled.jpg?fit=1000%2C598&ssl=1&resize=525%2C300 1.5x, https:\/\/i0.wp.com\/ismaelcolosi.com.br\/wp-content\/uploads\/2023\/12\/stf_1908200973-scaled.jpg?fit=1000%2C598&ssl=1&resize=700%2C400 2x"},"classes":[]},{"id":54399,"url":"https:\/\/ismaelcolosi.com.br\/index.php\/2024\/06\/25\/stf-retoma-julgamento-sobre-descriminalizacao-de-maconha-ribeirao-preto-foi-citada-em-voto\/","url_meta":{"origin":41199,"position":3},"title":"STF retoma julgamento sobre descriminaliza\u00e7\u00e3o de maconha; Ribeir\u00e3o Preto foi citada em voto","author":"ismaelcolosi.com.br","date":"25 de June de 2024","format":false,"excerpt":"O Supremo Tribunal Federal (STF) retoma nesta ter\u00e7a-feira (25) o julgamento sobre a descriminaliza\u00e7\u00e3o do porte de maconha para uso pessoal. A sess\u00e3o est\u00e1 prevista para come\u00e7ar \u00e0s 14h. At\u00e9 o momento, a Corte tem placar de 5 votos a 4 a favor da descriminaliza\u00e7\u00e3o. Em 2023,\u00a0Ribeir\u00e3o Preto\u00a0foi citada pelo\u2026","rel":"","context":"In &quot;Not\u00edcias de Ribeir\u00e3o Preto-SP e Regi\u00e3o&quot;","block_context":{"text":"Not\u00edcias de Ribeir\u00e3o Preto-SP e Regi\u00e3o","link":"https:\/\/ismaelcolosi.com.br\/index.php\/category\/noticias-de-ribeirao-preto-sp-e-regiao-ismael-colosi\/"},"img":{"alt_text":"","src":"https:\/\/i0.wp.com\/ismaelcolosi.com.br\/wp-content\/uploads\/2024\/06\/cxpia_de_tamanho_exato_para_fotos_no_sistema_novo_x14x.png?fit=1200%2C675&ssl=1&resize=350%2C200","width":350,"height":200,"srcset":"https:\/\/i0.wp.com\/ismaelcolosi.com.br\/wp-content\/uploads\/2024\/06\/cxpia_de_tamanho_exato_para_fotos_no_sistema_novo_x14x.png?fit=1200%2C675&ssl=1&resize=350%2C200 1x, https:\/\/i0.wp.com\/ismaelcolosi.com.br\/wp-content\/uploads\/2024\/06\/cxpia_de_tamanho_exato_para_fotos_no_sistema_novo_x14x.png?fit=1200%2C675&ssl=1&resize=525%2C300 1.5x, https:\/\/i0.wp.com\/ismaelcolosi.com.br\/wp-content\/uploads\/2024\/06\/cxpia_de_tamanho_exato_para_fotos_no_sistema_novo_x14x.png?fit=1200%2C675&ssl=1&resize=700%2C400 2x, https:\/\/i0.wp.com\/ismaelcolosi.com.br\/wp-content\/uploads\/2024\/06\/cxpia_de_tamanho_exato_para_fotos_no_sistema_novo_x14x.png?fit=1200%2C675&ssl=1&resize=1050%2C600 3x"},"classes":[]},{"id":10458,"url":"https:\/\/ismaelcolosi.com.br\/index.php\/2023\/12\/04\/stf-julga-descriminalizacao-das-drogas-em-2024-ribeirao-foi-citada-em-voto-de-moraes\/","url_meta":{"origin":41199,"position":4},"title":"STF julga descriminaliza\u00e7\u00e3o das drogas em 2024; Ribeir\u00e3o foi citada em voto de Moraes","author":"ismaelcolosi.com.br","date":"4 de December de 2023","format":false,"excerpt":"O plen\u00e1rio do STF (Supremo Tribunal Federal) deve julgar no in\u00edcio de 2024 a possibilidade de descriminaliza\u00e7\u00e3o do porte de drogas. A informa\u00e7\u00e3o foi confirmada pela assessoria da Corte ap\u00f3s a devolu\u00e7\u00e3o autom\u00e1tica de uma vista do processo. Nesta segunda-feira (4), o recurso que trata do assunto foi automaticamente devolvido\u2026","rel":"","context":"In &quot;Not\u00edcias de Ribeir\u00e3o Preto-SP e Regi\u00e3o&quot;","block_context":{"text":"Not\u00edcias de Ribeir\u00e3o Preto-SP e Regi\u00e3o","link":"https:\/\/ismaelcolosi.com.br\/index.php\/category\/noticias-de-ribeirao-preto-sp-e-regiao-ismael-colosi\/"},"img":{"alt_text":"","src":"https:\/\/i0.wp.com\/ismaelcolosi.com.br\/wp-content\/uploads\/2023\/12\/alexandre-de-moraes-2.jpg?fit=1200%2C800&ssl=1&resize=350%2C200","width":350,"height":200,"srcset":"https:\/\/i0.wp.com\/ismaelcolosi.com.br\/wp-content\/uploads\/2023\/12\/alexandre-de-moraes-2.jpg?fit=1200%2C800&ssl=1&resize=350%2C200 1x, https:\/\/i0.wp.com\/ismaelcolosi.com.br\/wp-content\/uploads\/2023\/12\/alexandre-de-moraes-2.jpg?fit=1200%2C800&ssl=1&resize=525%2C300 1.5x, https:\/\/i0.wp.com\/ismaelcolosi.com.br\/wp-content\/uploads\/2023\/12\/alexandre-de-moraes-2.jpg?fit=1200%2C800&ssl=1&resize=700%2C400 2x, https:\/\/i0.wp.com\/ismaelcolosi.com.br\/wp-content\/uploads\/2023\/12\/alexandre-de-moraes-2.jpg?fit=1200%2C800&ssl=1&resize=1050%2C600 3x"},"classes":[]},{"id":40290,"url":"https:\/\/ismaelcolosi.com.br\/index.php\/2024\/03\/02\/barroso-marca-julgamento-sobre-porte-de-drogas-para-proxima-semana\/","url_meta":{"origin":41199,"position":5},"title":"Barroso marca julgamento sobre porte de drogas para pr\u00f3xima semana","author":"ismaelcolosi.com.br","date":"2 de March de 2024","format":false,"excerpt":"O presidente do Supremo Tribunal Federal (STF), ministro Lu\u00eds Roberto Barroso, marcou para a pr\u00f3xima quarta-feira (6) a retomada do julgamento sobre a poss\u00edvel descriminaliza\u00e7\u00e3o do porte de drogas para consumo pessoal.Desde 2015, o processo sobre o tema j\u00e1 foi diversas vezes a plen\u00e1rio, sendo alvo de sucessivos pedidos de\u2026","rel":"","context":"In &quot;Not\u00edcias de Ribeir\u00e3o Preto-SP e Regi\u00e3o&quot;","block_context":{"text":"Not\u00edcias de Ribeir\u00e3o Preto-SP e Regi\u00e3o","link":"https:\/\/ismaelcolosi.com.br\/index.php\/category\/noticias-de-ribeirao-preto-sp-e-regiao-ismael-colosi\/"},"img":{"alt_text":"","src":"https:\/\/i0.wp.com\/ismaelcolosi.com.br\/wp-content\/uploads\/2024\/03\/4bfd7c4b-c32f-4c05-806b-3a32d57706c5-scaled.jpg?fit=1000%2C598&ssl=1&resize=350%2C200","width":350,"height":200,"srcset":"https:\/\/i0.wp.com\/ismaelcolosi.com.br\/wp-content\/uploads\/2024\/03\/4bfd7c4b-c32f-4c05-806b-3a32d57706c5-scaled.jpg?fit=1000%2C598&ssl=1&resize=350%2C200 1x, https:\/\/i0.wp.com\/ismaelcolosi.com.br\/wp-content\/uploads\/2024\/03\/4bfd7c4b-c32f-4c05-806b-3a32d57706c5-scaled.jpg?fit=1000%2C598&ssl=1&resize=525%2C300 1.5x, https:\/\/i0.wp.com\/ismaelcolosi.com.br\/wp-content\/uploads\/2024\/03\/4bfd7c4b-c32f-4c05-806b-3a32d57706c5-scaled.jpg?fit=1000%2C598&ssl=1&resize=700%2C400 2x"},"classes":[]}],"jetpack_sharing_enabled":true,"jetpack_shortlink":"https:\/\/wp.me\/pfMlyK-aIv","_links":{"self":[{"href":"https:\/\/ismaelcolosi.com.br\/index.php\/wp-json\/wp\/v2\/posts\/41199","targetHints":{"allow":["GET"]}}],"collection":[{"href":"https:\/\/ismaelcolosi.com.br\/index.php\/wp-json\/wp\/v2\/posts"}],"about":[{"href":"https:\/\/ismaelcolosi.com.br\/index.php\/wp-json\/wp\/v2\/types\/post"}],"author":[{"embeddable":true,"href":"https:\/\/ismaelcolosi.com.br\/index.php\/wp-json\/wp\/v2\/users\/1"}],"replies":[{"embeddable":true,"href":"https:\/\/ismaelcolosi.com.br\/index.php\/wp-json\/wp\/v2\/comments?post=41199"}],"version-history":[{"count":0,"href":"https:\/\/ismaelcolosi.com.br\/index.php\/wp-json\/wp\/v2\/posts\/41199\/revisions"}],"wp:featuredmedia":[{"embeddable":true,"href":"https:\/\/ismaelcolosi.com.br\/index.php\/wp-json\/wp\/v2\/media\/41200"}],"wp:attachment":[{"href":"https:\/\/ismaelcolosi.com.br\/index.php\/wp-json\/wp\/v2\/media?parent=41199"}],"wp:term":[{"taxonomy":"category","embeddable":true,"href":"https:\/\/ismaelcolosi.com.br\/index.php\/wp-json\/wp\/v2\/categories?post=41199"},{"taxonomy":"post_tag","embeddable":true,"href":"https:\/\/ismaelcolosi.com.br\/index.php\/wp-json\/wp\/v2\/tags?post=41199"}],"curies":[{"name":"wp","href":"https:\/\/api.w.org\/{rel}","templated":true}]}}